{"id":101331,"date":"2024-02-15T19:01:45","date_gmt":"2024-02-15T22:01:45","guid":{"rendered":"https:\/\/regiaonews.net.br\/2022\/?p=101331"},"modified":"2024-02-15T19:02:55","modified_gmt":"2024-02-15T22:02:55","slug":"prefeitura-de-barretos-recebe-feirao-de-empregos-com-mais-de-120-vagas-no-proximo-dia-20","status":"publish","type":"post","link":"https:\/\/regiaonews.net.br\/2022\/2024\/02\/15\/prefeitura-de-barretos-recebe-feirao-de-empregos-com-mais-de-120-vagas-no-proximo-dia-20\/","title":{"rendered":"Prefeitura de Barretos recebe Feir\u00e3o de Empregos com mais de 120 vagas, no pr\u00f3ximo dia 20"},"content":{"rendered":"<p>Oportunidades s\u00e3o para dez cargos oferecidos pela empresa Andrade Transportes; interessados devem se apresentar entre as 8h e \u00e0s 16h<\/p>\n<p>O Complexo Administrativo M\u00e9lek Zaiden Geraige recebe na pr\u00f3xima ter\u00e7a-feira, dia 20 de fevereiro, um Feir\u00e3o de Empregos com 123 vagas oferecidas pela Andrade Transportes, para atua\u00e7\u00e3o na Usina Mandu, em Gua\u00edra\/SP. O feir\u00e3o tem apoio da Prefeitura da Est\u00e2ncia Tur\u00edstica de Barretos, por meio da Secretaria Municipal de Desenvolvimento Econ\u00f4mico &amp; Inova\u00e7\u00e3o.<br \/>\nDe acordo com o secret\u00e1rio Thyago Abra\u00e3o, a gera\u00e7\u00e3o de emprego e renda s\u00e3o pilares desta administra\u00e7\u00e3o e o apoio \u00e0s empresas na busca de m\u00e3o de obra \u00e9 fundamental. \u201cA prefeitura est\u00e1 trabalhando muito para o desenvolvimento econ\u00f4mico da nossa cidade, por isso, apoiar as empresas que buscam profissionais de Barretos \u00e9 fundamental nesta miss\u00e3o\u201d, comentou.<br \/>\nAs oportunidades s\u00e3o para os cargos de motorista carreteiro (60), l\u00edder de p\u00e1tio (12), l\u00edder de campo (12), instrutor de frota (3), assistente de monitoramento (4), borracheiro (8), eletricista (6), mec\u00e2nico frota pesada (10), lavador (4) e lubrificador (4).<br \/>\nO Feir\u00e3o de Empregos ocorre das 8h \u00e0s 16h, no Complexo Administrativo que fica na Rua 30, n\u00b0 564, entre as avenidas 33 e 35, no Centro.<\/p>\n<p>Servi\u00e7o:<br \/>\nFeir\u00e3o de Empregos \u201cAndrade Transportes\u201d<br \/>\nData: 20\/2<br \/>\nHor\u00e1rio: 8h \u00e0s 16h<br \/>\nLocal: Complexo Administrativo M\u00e9lek Zaiden Geraige \u2013 Rua 30, n\u00b0564 (33&#215;35) \u2013 Centro.<\/p>\n<p>Vagas:<br \/>\nMotorista Carreteiro &#8211; 60 vagas<br \/>\nL\u00edder de P\u00e1tio &#8211; 12 vagas<br \/>\nL\u00edder de Campo &#8211; 12 vagas<br \/>\nInstrutor de Frota &#8211; 03 vagas<br \/>\nAssist. Monitoramento &#8211; 04 vagas<br \/>\nBorracheiro &#8211; 08 vagas<br \/>\nEletricista &#8211; 06 vagas<br \/>\nMec\u00e2nico Frota Pesada &#8211; 10 vagas<br \/>\nLavador &#8211; 04 vagas<br \/>\nLubrificador &#8211; 04 vagas<\/p>\n","protected":false},"excerpt":{"rendered":"<p>Oportunidades s\u00e3o para dez cargos oferecidos pela empresa Andrade Transportes;<\/p>\n","protected":false},"author":2,"featured_media":101332,"comment_status":"open","ping_status":"open","sticky":false,"template":"","format":"standard","meta":{"footnotes":""},"categories":[14,64],"tags":[],"class_list":["post-101331","post","type-post","status-publish","format-standard","has-post-thumbnail","hentry","category-barretos","category-emprego"],"yoast_head":"<!-- This site is optimized with the Yoast SEO plugin v27.4 - https:\/\/yoast.com\/product\/yoast-seo-wordpress\/ -->\n<title>Prefeitura de Barretos recebe Feir\u00e3o de Empregos com mais de 120 vagas, no pr\u00f3ximo dia 20 - Regi\u00e3o News<\/title>\n<meta name=\"robots\" content=\"index, follow, max-snippet:-1, max-image-preview:large, max-video-preview:-1\" \/>\n<link rel=\"canonical\" href=\"https:\/\/regiaonews.net.br\/2022\/2024\/02\/15\/prefeitura-de-barretos-recebe-feirao-de-empregos-com-mais-de-120-vagas-no-proximo-dia-20\/\" \/>\n<meta property=\"og:locale\" content=\"pt_BR\" \/>\n<meta property=\"og:type\" content=\"article\" \/>\n<meta property=\"og:title\" content=\"Prefeitura de Barretos recebe Feir\u00e3o de Empregos com mais de 120 vagas, no pr\u00f3ximo dia 20 - Regi\u00e3o News\" \/>\n<meta property=\"og:description\" content=\"Oportunidades s\u00e3o para dez cargos oferecidos pela empresa Andrade Transportes;\" \/>\n<meta property=\"og:url\" content=\"https:\/\/regiaonews.net.br\/2022\/2024\/02\/15\/prefeitura-de-barretos-recebe-feirao-de-empregos-com-mais-de-120-vagas-no-proximo-dia-20\/\" \/>\n<meta property=\"og:site_name\" content=\"Regi\u00e3o News\" \/>\n<meta property=\"article:published_time\" content=\"2024-02-15T22:01:45+00:00\" \/>\n<meta property=\"article:modified_time\" content=\"2024-02-15T22:02:55+00:00\" \/>\n<meta property=\"og:image\" content=\"https:\/\/regiaonews.net.br\/2022\/wp-content\/uploads\/2024\/02\/WhatsApp-Image-2024-02-15-at-16.44.54.jpeg\" \/>\n\t<meta property=\"og:image:width\" content=\"1024\" \/>\n\t<meta property=\"og:image:height\" content=\"766\" \/>\n\t<meta property=\"og:image:type\" content=\"image\/jpeg\" \/>\n<meta name=\"author\" content=\"Roberto\" \/>\n<meta name=\"twitter:card\" content=\"summary_large_image\" \/>\n<meta name=\"twitter:label1\" content=\"Escrito por\" \/>\n\t<meta name=\"twitter:data1\" content=\"Roberto\" \/>\n\t<meta name=\"twitter:label2\" content=\"Est. tempo de leitura\" \/>\n\t<meta name=\"twitter:data2\" content=\"2 minutos\" \/>\n<script type=\"application\/ld+json\" class=\"yoast-schema-graph\">{\"@context\":\"https:\\\/\\\/schema.org\",\"@graph\":[{\"@type\":\"Article\",\"@id\":\"https:\\\/\\\/regiaonews.net.br\\\/2022\\\/2024\\\/02\\\/15\\\/prefeitura-de-barretos-recebe-feirao-de-empregos-com-mais-de-120-vagas-no-proximo-dia-20\\\/#article\",\"isPartOf\":{\"@id\":\"https:\\\/\\\/regiaonews.net.br\\\/2022\\\/2024\\\/02\\\/15\\\/prefeitura-de-barretos-recebe-feirao-de-empregos-com-mais-de-120-vagas-no-proximo-dia-20\\\/\"},\"author\":{\"name\":\"Roberto\",\"@id\":\"https:\\\/\\\/regiaonews.net.br\\\/2022\\\/#\\\/schema\\\/person\\\/2d205a608a5aa97ac279d7a5e6d89ad8\"},\"headline\":\"Prefeitura de Barretos recebe Feir\u00e3o de Empregos com mais de 120 vagas, no pr\u00f3ximo dia 20\",\"datePublished\":\"2024-02-15T22:01:45+00:00\",\"dateModified\":\"2024-02-15T22:02:55+00:00\",\"mainEntityOfPage\":{\"@id\":\"https:\\\/\\\/regiaonews.net.br\\\/2022\\\/2024\\\/02\\\/15\\\/prefeitura-de-barretos-recebe-feirao-de-empregos-com-mais-de-120-vagas-no-proximo-dia-20\\\/\"},\"wordCount\":291,\"commentCount\":0,\"publisher\":{\"@id\":\"https:\\\/\\\/regiaonews.net.br\\\/2022\\\/#organization\"},\"image\":{\"@id\":\"https:\\\/\\\/regiaonews.net.br\\\/2022\\\/2024\\\/02\\\/15\\\/prefeitura-de-barretos-recebe-feirao-de-empregos-com-mais-de-120-vagas-no-proximo-dia-20\\\/#primaryimage\"},\"thumbnailUrl\":\"https:\\\/\\\/regiaonews.net.br\\\/2022\\\/wp-content\\\/uploads\\\/2024\\\/02\\\/WhatsApp-Image-2024-02-15-at-16.44.54.jpeg\",\"articleSection\":[\"Barretos\",\"Emprego\"],\"inLanguage\":\"pt-BR\",\"potentialAction\":[{\"@type\":\"CommentAction\",\"name\":\"Comment\",\"target\":[\"https:\\\/\\\/regiaonews.net.br\\\/2022\\\/2024\\\/02\\\/15\\\/prefeitura-de-barretos-recebe-feirao-de-empregos-com-mais-de-120-vagas-no-proximo-dia-20\\\/#respond\"]}]},{\"@type\":\"WebPage\",\"@id\":\"https:\\\/\\\/regiaonews.net.br\\\/2022\\\/2024\\\/02\\\/15\\\/prefeitura-de-barretos-recebe-feirao-de-empregos-com-mais-de-120-vagas-no-proximo-dia-20\\\/\",\"url\":\"https:\\\/\\\/regiaonews.net.br\\\/2022\\\/2024\\\/02\\\/15\\\/prefeitura-de-barretos-recebe-feirao-de-empregos-com-mais-de-120-vagas-no-proximo-dia-20\\\/\",\"name\":\"Prefeitura de Barretos recebe Feir\u00e3o de Empregos com mais de 120 vagas, no pr\u00f3ximo dia 20 - Regi\u00e3o News\",\"isPartOf\":{\"@id\":\"https:\\\/\\\/regiaonews.net.br\\\/2022\\\/#website\"},\"primaryImageOfPage\":{\"@id\":\"https:\\\/\\\/regiaonews.net.br\\\/2022\\\/2024\\\/02\\\/15\\\/prefeitura-de-barretos-recebe-feirao-de-empregos-com-mais-de-120-vagas-no-proximo-dia-20\\\/#primaryimage\"},\"image\":{\"@id\":\"https:\\\/\\\/regiaonews.net.br\\\/2022\\\/2024\\\/02\\\/15\\\/prefeitura-de-barretos-recebe-feirao-de-empregos-com-mais-de-120-vagas-no-proximo-dia-20\\\/#primaryimage\"},\"thumbnailUrl\":\"https:\\\/\\\/regiaonews.net.br\\\/2022\\\/wp-content\\\/uploads\\\/2024\\\/02\\\/WhatsApp-Image-2024-02-15-at-16.44.54.jpeg\",\"datePublished\":\"2024-02-15T22:01:45+00:00\",\"dateModified\":\"2024-02-15T22:02:55+00:00\",\"breadcrumb\":{\"@id\":\"https:\\\/\\\/regiaonews.net.br\\\/2022\\\/2024\\\/02\\\/15\\\/prefeitura-de-barretos-recebe-feirao-de-empregos-com-mais-de-120-vagas-no-proximo-dia-20\\\/#breadcrumb\"},\"inLanguage\":\"pt-BR\",\"potentialAction\":[{\"@type\":\"ReadAction\",\"target\":[\"https:\\\/\\\/regiaonews.net.br\\\/2022\\\/2024\\\/02\\\/15\\\/prefeitura-de-barretos-recebe-feirao-de-empregos-com-mais-de-120-vagas-no-proximo-dia-20\\\/\"]}]},{\"@type\":\"ImageObject\",\"inLanguage\":\"pt-BR\",\"@id\":\"https:\\\/\\\/regiaonews.net.br\\\/2022\\\/2024\\\/02\\\/15\\\/prefeitura-de-barretos-recebe-feirao-de-empregos-com-mais-de-120-vagas-no-proximo-dia-20\\\/#primaryimage\",\"url\":\"https:\\\/\\\/regiaonews.net.br\\\/2022\\\/wp-content\\\/uploads\\\/2024\\\/02\\\/WhatsApp-Image-2024-02-15-at-16.44.54.jpeg\",\"contentUrl\":\"https:\\\/\\\/regiaonews.net.br\\\/2022\\\/wp-content\\\/uploads\\\/2024\\\/02\\\/WhatsApp-Image-2024-02-15-at-16.44.54.jpeg\",\"width\":1024,\"height\":766},{\"@type\":\"BreadcrumbList\",\"@id\":\"https:\\\/\\\/regiaonews.net.br\\\/2022\\\/2024\\\/02\\\/15\\\/prefeitura-de-barretos-recebe-feirao-de-empregos-com-mais-de-120-vagas-no-proximo-dia-20\\\/#breadcrumb\",\"itemListElement\":[{\"@type\":\"ListItem\",\"position\":1,\"name\":\"In\u00edcio\",\"item\":\"https:\\\/\\\/regiaonews.net.br\\\/2022\\\/\"},{\"@type\":\"ListItem\",\"position\":2,\"name\":\"Prefeitura de Barretos recebe Feir\u00e3o de Empregos com mais de 120 vagas, no pr\u00f3ximo dia 20\"}]},{\"@type\":\"WebSite\",\"@id\":\"https:\\\/\\\/regiaonews.net.br\\\/2022\\\/#website\",\"url\":\"https:\\\/\\\/regiaonews.net.br\\\/2022\\\/\",\"name\":\"Regi\u00e3o News\",\"description\":\"Site de Not\u00edcias de Barretos e regi\u00e3o\",\"publisher\":{\"@id\":\"https:\\\/\\\/regiaonews.net.br\\\/2022\\\/#organization\"},\"potentialAction\":[{\"@type\":\"SearchAction\",\"target\":{\"@type\":\"EntryPoint\",\"urlTemplate\":\"https:\\\/\\\/regiaonews.net.br\\\/2022\\\/?s={search_term_string}\"},\"query-input\":{\"@type\":\"PropertyValueSpecification\",\"valueRequired\":true,\"valueName\":\"search_term_string\"}}],\"inLanguage\":\"pt-BR\"},{\"@type\":\"Organization\",\"@id\":\"https:\\\/\\\/regiaonews.net.br\\\/2022\\\/#organization\",\"name\":\"Regi\u00e3o News\",\"url\":\"https:\\\/\\\/regiaonews.net.br\\\/2022\\\/\",\"logo\":{\"@type\":\"ImageObject\",\"inLanguage\":\"pt-BR\",\"@id\":\"https:\\\/\\\/regiaonews.net.br\\\/2022\\\/#\\\/schema\\\/logo\\\/image\\\/\",\"url\":\"https:\\\/\\\/regiaonews.net.br\\\/2022\\\/wp-content\\\/uploads\\\/2026\\\/03\\\/regiao-13-anos-scaled.jpg\",\"contentUrl\":\"https:\\\/\\\/regiaonews.net.br\\\/2022\\\/wp-content\\\/uploads\\\/2026\\\/03\\\/regiao-13-anos-scaled.jpg\",\"width\":2560,\"height\":635,\"caption\":\"Regi\u00e3o News\"},\"image\":{\"@id\":\"https:\\\/\\\/regiaonews.net.br\\\/2022\\\/#\\\/schema\\\/logo\\\/image\\\/\"}},{\"@type\":\"Person\",\"@id\":\"https:\\\/\\\/regiaonews.net.br\\\/2022\\\/#\\\/schema\\\/person\\\/2d205a608a5aa97ac279d7a5e6d89ad8\",\"name\":\"Roberto\",\"image\":{\"@type\":\"ImageObject\",\"inLanguage\":\"pt-BR\",\"@id\":\"https:\\\/\\\/secure.gravatar.com\\\/avatar\\\/42749d8b712ff9d59ca93dc150494e5b55a44134482993f5baeb97e61b7ecc89?s=96&d=mm&r=g\",\"url\":\"https:\\\/\\\/secure.gravatar.com\\\/avatar\\\/42749d8b712ff9d59ca93dc150494e5b55a44134482993f5baeb97e61b7ecc89?s=96&d=mm&r=g\",\"contentUrl\":\"https:\\\/\\\/secure.gravatar.com\\\/avatar\\\/42749d8b712ff9d59ca93dc150494e5b55a44134482993f5baeb97e61b7ecc89?s=96&d=mm&r=g\",\"caption\":\"Roberto\"},\"url\":\"https:\\\/\\\/regiaonews.net.br\\\/2022\\\/author\\\/roberto\\\/\"}]}<\/script>\n<!-- \/ Yoast SEO plugin. -->","yoast_head_json":{"title":"Prefeitura de Barretos recebe Feir\u00e3o de Empregos com mais de 120 vagas, no pr\u00f3ximo dia 20 - Regi\u00e3o News","robots":{"index":"index","follow":"follow","max-snippet":"max-snippet:-1","max-image-preview":"max-image-preview:large","max-video-preview":"max-video-preview:-1"},"canonical":"https:\/\/regiaonews.net.br\/2022\/2024\/02\/15\/prefeitura-de-barretos-recebe-feirao-de-empregos-com-mais-de-120-vagas-no-proximo-dia-20\/","og_locale":"pt_BR","og_type":"article","og_title":"Prefeitura de Barretos recebe Feir\u00e3o de Empregos com mais de 120 vagas, no pr\u00f3ximo dia 20 - Regi\u00e3o News","og_description":"Oportunidades s\u00e3o para dez cargos oferecidos pela empresa Andrade Transportes;","og_url":"https:\/\/regiaonews.net.br\/2022\/2024\/02\/15\/prefeitura-de-barretos-recebe-feirao-de-empregos-com-mais-de-120-vagas-no-proximo-dia-20\/","og_site_name":"Regi\u00e3o News","article_published_time":"2024-02-15T22:01:45+00:00","article_modified_time":"2024-02-15T22:02:55+00:00","og_image":[{"width":1024,"height":766,"url":"https:\/\/regiaonews.net.br\/2022\/wp-content\/uploads\/2024\/02\/WhatsApp-Image-2024-02-15-at-16.44.54.jpeg","type":"image\/jpeg"}],"author":"Roberto","twitter_card":"summary_large_image","twitter_misc":{"Escrito por":"Roberto","Est. tempo de leitura":"2 minutos"},"schema":{"@context":"https:\/\/schema.org","@graph":[{"@type":"Article","@id":"https:\/\/regiaonews.net.br\/2022\/2024\/02\/15\/prefeitura-de-barretos-recebe-feirao-de-empregos-com-mais-de-120-vagas-no-proximo-dia-20\/#article","isPartOf":{"@id":"https:\/\/regiaonews.net.br\/2022\/2024\/02\/15\/prefeitura-de-barretos-recebe-feirao-de-empregos-com-mais-de-120-vagas-no-proximo-dia-20\/"},"author":{"name":"Roberto","@id":"https:\/\/regiaonews.net.br\/2022\/#\/schema\/person\/2d205a608a5aa97ac279d7a5e6d89ad8"},"headline":"Prefeitura de Barretos recebe Feir\u00e3o de Empregos com mais de 120 vagas, no pr\u00f3ximo dia 20","datePublished":"2024-02-15T22:01:45+00:00","dateModified":"2024-02-15T22:02:55+00:00","mainEntityOfPage":{"@id":"https:\/\/regiaonews.net.br\/2022\/2024\/02\/15\/prefeitura-de-barretos-recebe-feirao-de-empregos-com-mais-de-120-vagas-no-proximo-dia-20\/"},"wordCount":291,"commentCount":0,"publisher":{"@id":"https:\/\/regiaonews.net.br\/2022\/#organization"},"image":{"@id":"https:\/\/regiaonews.net.br\/2022\/2024\/02\/15\/prefeitura-de-barretos-recebe-feirao-de-empregos-com-mais-de-120-vagas-no-proximo-dia-20\/#primaryimage"},"thumbnailUrl":"https:\/\/regiaonews.net.br\/2022\/wp-content\/uploads\/2024\/02\/WhatsApp-Image-2024-02-15-at-16.44.54.jpeg","articleSection":["Barretos","Emprego"],"inLanguage":"pt-BR","potentialAction":[{"@type":"CommentAction","name":"Comment","target":["https:\/\/regiaonews.net.br\/2022\/2024\/02\/15\/prefeitura-de-barretos-recebe-feirao-de-empregos-com-mais-de-120-vagas-no-proximo-dia-20\/#respond"]}]},{"@type":"WebPage","@id":"https:\/\/regiaonews.net.br\/2022\/2024\/02\/15\/prefeitura-de-barretos-recebe-feirao-de-empregos-com-mais-de-120-vagas-no-proximo-dia-20\/","url":"https:\/\/regiaonews.net.br\/2022\/2024\/02\/15\/prefeitura-de-barretos-recebe-feirao-de-empregos-com-mais-de-120-vagas-no-proximo-dia-20\/","name":"Prefeitura de Barretos recebe Feir\u00e3o de Empregos com mais de 120 vagas, no pr\u00f3ximo dia 20 - Regi\u00e3o News","isPartOf":{"@id":"https:\/\/regiaonews.net.br\/2022\/#website"},"primaryImageOfPage":{"@id":"https:\/\/regiaonews.net.br\/2022\/2024\/02\/15\/prefeitura-de-barretos-recebe-feirao-de-empregos-com-mais-de-120-vagas-no-proximo-dia-20\/#primaryimage"},"image":{"@id":"https:\/\/regiaonews.net.br\/2022\/2024\/02\/15\/prefeitura-de-barretos-recebe-feirao-de-empregos-com-mais-de-120-vagas-no-proximo-dia-20\/#primaryimage"},"thumbnailUrl":"https:\/\/regiaonews.net.br\/2022\/wp-content\/uploads\/2024\/02\/WhatsApp-Image-2024-02-15-at-16.44.54.jpeg","datePublished":"2024-02-15T22:01:45+00:00","dateModified":"2024-02-15T22:02:55+00:00","breadcrumb":{"@id":"https:\/\/regiaonews.net.br\/2022\/2024\/02\/15\/prefeitura-de-barretos-recebe-feirao-de-empregos-com-mais-de-120-vagas-no-proximo-dia-20\/#breadcrumb"},"inLanguage":"pt-BR","potentialAction":[{"@type":"ReadAction","target":["https:\/\/regiaonews.net.br\/2022\/2024\/02\/15\/prefeitura-de-barretos-recebe-feirao-de-empregos-com-mais-de-120-vagas-no-proximo-dia-20\/"]}]},{"@type":"ImageObject","inLanguage":"pt-BR","@id":"https:\/\/regiaonews.net.br\/2022\/2024\/02\/15\/prefeitura-de-barretos-recebe-feirao-de-empregos-com-mais-de-120-vagas-no-proximo-dia-20\/#primaryimage","url":"https:\/\/regiaonews.net.br\/2022\/wp-content\/uploads\/2024\/02\/WhatsApp-Image-2024-02-15-at-16.44.54.jpeg","contentUrl":"https:\/\/regiaonews.net.br\/2022\/wp-content\/uploads\/2024\/02\/WhatsApp-Image-2024-02-15-at-16.44.54.jpeg","width":1024,"height":766},{"@type":"BreadcrumbList","@id":"https:\/\/regiaonews.net.br\/2022\/2024\/02\/15\/prefeitura-de-barretos-recebe-feirao-de-empregos-com-mais-de-120-vagas-no-proximo-dia-20\/#breadcrumb","itemListElement":[{"@type":"ListItem","position":1,"name":"In\u00edcio","item":"https:\/\/regiaonews.net.br\/2022\/"},{"@type":"ListItem","position":2,"name":"Prefeitura de Barretos recebe Feir\u00e3o de Empregos com mais de 120 vagas, no pr\u00f3ximo dia 20"}]},{"@type":"WebSite","@id":"https:\/\/regiaonews.net.br\/2022\/#website","url":"https:\/\/regiaonews.net.br\/2022\/","name":"Regi\u00e3o News","description":"Site de Not\u00edcias de Barretos e regi\u00e3o","publisher":{"@id":"https:\/\/regiaonews.net.br\/2022\/#organization"},"potentialAction":[{"@type":"SearchAction","target":{"@type":"EntryPoint","urlTemplate":"https:\/\/regiaonews.net.br\/2022\/?s={search_term_string}"},"query-input":{"@type":"PropertyValueSpecification","valueRequired":true,"valueName":"search_term_string"}}],"inLanguage":"pt-BR"},{"@type":"Organization","@id":"https:\/\/regiaonews.net.br\/2022\/#organization","name":"Regi\u00e3o News","url":"https:\/\/regiaonews.net.br\/2022\/","logo":{"@type":"ImageObject","inLanguage":"pt-BR","@id":"https:\/\/regiaonews.net.br\/2022\/#\/schema\/logo\/image\/","url":"https:\/\/regiaonews.net.br\/2022\/wp-content\/uploads\/2026\/03\/regiao-13-anos-scaled.jpg","contentUrl":"https:\/\/regiaonews.net.br\/2022\/wp-content\/uploads\/2026\/03\/regiao-13-anos-scaled.jpg","width":2560,"height":635,"caption":"Regi\u00e3o News"},"image":{"@id":"https:\/\/regiaonews.net.br\/2022\/#\/schema\/logo\/image\/"}},{"@type":"Person","@id":"https:\/\/regiaonews.net.br\/2022\/#\/schema\/person\/2d205a608a5aa97ac279d7a5e6d89ad8","name":"Roberto","image":{"@type":"ImageObject","inLanguage":"pt-BR","@id":"https:\/\/secure.gravatar.com\/avatar\/42749d8b712ff9d59ca93dc150494e5b55a44134482993f5baeb97e61b7ecc89?s=96&d=mm&r=g","url":"https:\/\/secure.gravatar.com\/avatar\/42749d8b712ff9d59ca93dc150494e5b55a44134482993f5baeb97e61b7ecc89?s=96&d=mm&r=g","contentUrl":"https:\/\/secure.gravatar.com\/avatar\/42749d8b712ff9d59ca93dc150494e5b55a44134482993f5baeb97e61b7ecc89?s=96&d=mm&r=g","caption":"Roberto"},"url":"https:\/\/regiaonews.net.br\/2022\/author\/roberto\/"}]}},"publishpress_future_action":{"enabled":false,"date":"2026-05-04 02:03:18","action":"change-status","newStatus":"draft","terms":[],"taxonomy":"category","extraData":[]},"publishpress_future_workflow_manual_trigger":{"enabledWorkflows":[]},"_links":{"self":[{"href":"https:\/\/regiaonews.net.br\/2022\/wp-json\/wp\/v2\/posts\/101331","targetHints":{"allow":["GET"]}}],"collection":[{"href":"https:\/\/regiaonews.net.br\/2022\/wp-json\/wp\/v2\/posts"}],"about":[{"href":"https:\/\/regiaonews.net.br\/2022\/wp-json\/wp\/v2\/types\/post"}],"author":[{"embeddable":true,"href":"https:\/\/regiaonews.net.br\/2022\/wp-json\/wp\/v2\/users\/2"}],"replies":[{"embeddable":true,"href":"https:\/\/regiaonews.net.br\/2022\/wp-json\/wp\/v2\/comments?post=101331"}],"version-history":[{"count":1,"href":"https:\/\/regiaonews.net.br\/2022\/wp-json\/wp\/v2\/posts\/101331\/revisions"}],"predecessor-version":[{"id":101333,"href":"https:\/\/regiaonews.net.br\/2022\/wp-json\/wp\/v2\/posts\/101331\/revisions\/101333"}],"wp:featuredmedia":[{"embeddable":true,"href":"https:\/\/regiaonews.net.br\/2022\/wp-json\/wp\/v2\/media\/101332"}],"wp:attachment":[{"href":"https:\/\/regiaonews.net.br\/2022\/wp-json\/wp\/v2\/media?parent=101331"}],"wp:term":[{"taxonomy":"category","embeddable":true,"href":"https:\/\/regiaonews.net.br\/2022\/wp-json\/wp\/v2\/categories?post=101331"},{"taxonomy":"post_tag","embeddable":true,"href":"https:\/\/regiaonews.net.br\/2022\/wp-json\/wp\/v2\/tags?post=101331"}],"curies":[{"name":"wp","href":"https:\/\/api.w.org\/{rel}","templated":true}]}}