{"id":101310,"date":"2024-02-15T13:52:11","date_gmt":"2024-02-15T16:52:11","guid":{"rendered":"https:\/\/regiaonews.net.br\/2022\/?p=101310"},"modified":"2024-02-15T13:52:11","modified_gmt":"2024-02-15T16:52:11","slug":"equipe-da-vigilancia-sanitaria-de-barretos-investiga-suposto-caso-de-intoxicacao","status":"publish","type":"post","link":"https:\/\/regiaonews.net.br\/2022\/2024\/02\/15\/equipe-da-vigilancia-sanitaria-de-barretos-investiga-suposto-caso-de-intoxicacao\/","title":{"rendered":"Equipe da Vigil\u00e2ncia Sanit\u00e1ria de Barretos investiga suposto caso de intoxica\u00e7\u00e3o"},"content":{"rendered":"<p>Uma informa\u00e7\u00e3o circulou no feriado do Carnaval, inclusive pelas redes sociais, apontou que crian\u00e7as que estavam em um resort da cidade, tiveram problemas de intoxica\u00e7\u00e3o e foram parar em servi\u00e7os de Pronto Atendimento de hospitais da cidade. Procurada, a Vigil\u00e2ncia Sanit\u00e1ria da Secretaria de Sa\u00fade informou que est\u00e1 investigando o caso, mesmo sem ter uma comunica\u00e7\u00e3o oficial com a pasta.<br \/>\nSegundo o coordenador da Vigil\u00e2ncia Sanit\u00e1ria, Fl\u00e1vio J\u00falio do Nascimento, para se chegar a uma conclus\u00e3o final sobre o ocorrido, ser\u00e1 necess\u00e1rio verificar uma s\u00e9rie de fatores, entre eles, o percurso das viagens dessas pessoas, alimenta\u00e7\u00e3o em rodovias, temperatura com sol e chuva. \u201cTudo favorece a estes fatores, inclusive \u00e1gua e alimenta\u00e7\u00e3o \u00e9 outra quest\u00e3o que precisa ser apurada. Em breve teremos informa\u00e7\u00f5es mais precisas\u201d, afirmou.<br \/>\nSegundo ele, a Vigil\u00e2ncia Epidemiol\u00f3gica tamb\u00e9m j\u00e1 esteve coletando as informa\u00e7\u00f5es juntos aos hospitais, unidades de Sa\u00fade e UPA, para realizar um mapeamento completo.<br \/>\n\u201cTodos os po\u00e7os s\u00e3o cadastrados e monitorados pelo Sistema Sisagua\/Pro \u00c1gua, da Anvisa e possuem controles e respons\u00e1vel t\u00e9cnico e legal\u201d, explicou Fl\u00e1vio. Hoje tamb\u00e9m ser\u00e1 divulgado um relat\u00f3rio das a\u00e7\u00f5es realizadas pela Vigil\u00e2ncia Sanit\u00e1ria durante o Carnaval.<br \/>\nA assessoria de imprensa do resort foi procurada e enviou nota e esclareceu que toma todas as medidas necess\u00e1rias. \u201cInformamos que todas as opera\u00e7\u00f5es do Barretos Country Park &amp; Resort s\u00e3o estritamente reguladas e est\u00e3o em conformidade com as normas e regulamentos estabelecidos pelos \u00f3rg\u00e3os competentes. Desde o armazenamento de ingredientes at\u00e9 a manipula\u00e7\u00e3o e o transporte de alimentos, seguimos protocolos rigorosos para garantir a integridade e a seguran\u00e7a de cada refei\u00e7\u00e3o, al\u00e9m de nossas instala\u00e7\u00f5es serem regularmente inspecionadas e auditadas por autoridades sanit\u00e1rias. Diariamente, a \u00e1gua de nossas piscinas s\u00e3o tratadas, conforme normas sanit\u00e1rias vigentes. Durante o processo, as \u00e1guas s\u00e3o renovadas com cloragem e monitoramento de qualidade. Nosso compromisso com a transpar\u00eancia e a responsabilidade \u00e9 fundamental para garantir a confian\u00e7a de todos os nossos clientes\u201d, finalizou\u00a0a\u00a0nota.<\/p>\n","protected":false},"excerpt":{"rendered":"<p>Uma informa\u00e7\u00e3o circulou no feriado do Carnaval, inclusive pelas redes<\/p>\n","protected":false},"author":2,"featured_media":101311,"comment_status":"open","ping_status":"open","sticky":false,"template":"","format":"standard","meta":{"footnotes":""},"categories":[14,3],"tags":[],"class_list":["post-101310","post","type-post","status-publish","format-standard","has-post-thumbnail","hentry","category-barretos","category-geral"],"yoast_head":"<!-- This site is optimized with the Yoast SEO plugin v27.4 - https:\/\/yoast.com\/product\/yoast-seo-wordpress\/ -->\n<title>Equipe da Vigil\u00e2ncia Sanit\u00e1ria de Barretos investiga suposto caso de intoxica\u00e7\u00e3o - Regi\u00e3o News<\/title>\n<meta name=\"robots\" content=\"index, follow, max-snippet:-1, max-image-preview:large, max-video-preview:-1\" \/>\n<link rel=\"canonical\" href=\"https:\/\/regiaonews.net.br\/2022\/2024\/02\/15\/equipe-da-vigilancia-sanitaria-de-barretos-investiga-suposto-caso-de-intoxicacao\/\" \/>\n<meta property=\"og:locale\" content=\"pt_BR\" \/>\n<meta property=\"og:type\" content=\"article\" \/>\n<meta property=\"og:title\" content=\"Equipe da Vigil\u00e2ncia Sanit\u00e1ria de Barretos investiga suposto caso de intoxica\u00e7\u00e3o - Regi\u00e3o News\" \/>\n<meta property=\"og:description\" content=\"Uma informa\u00e7\u00e3o circulou no feriado do Carnaval, inclusive pelas redes\" \/>\n<meta property=\"og:url\" content=\"https:\/\/regiaonews.net.br\/2022\/2024\/02\/15\/equipe-da-vigilancia-sanitaria-de-barretos-investiga-suposto-caso-de-intoxicacao\/\" \/>\n<meta property=\"og:site_name\" content=\"Regi\u00e3o News\" \/>\n<meta property=\"article:published_time\" content=\"2024-02-15T16:52:11+00:00\" \/>\n<meta property=\"og:image\" content=\"https:\/\/regiaonews.net.br\/2022\/wp-content\/uploads\/2024\/02\/Imagem-do-WhatsApp-de-2024-02-15-as-10.50.00_560f34a5.jpg\" \/>\n\t<meta property=\"og:image:width\" content=\"1280\" \/>\n\t<meta property=\"og:image:height\" content=\"854\" \/>\n\t<meta property=\"og:image:type\" content=\"image\/jpeg\" \/>\n<meta name=\"author\" content=\"Roberto\" \/>\n<meta name=\"twitter:card\" content=\"summary_large_image\" \/>\n<meta name=\"twitter:label1\" content=\"Escrito por\" \/>\n\t<meta name=\"twitter:data1\" content=\"Roberto\" \/>\n\t<meta name=\"twitter:label2\" content=\"Est. tempo de leitura\" \/>\n\t<meta name=\"twitter:data2\" content=\"2 minutos\" \/>\n<script type=\"application\/ld+json\" class=\"yoast-schema-graph\">{\"@context\":\"https:\\\/\\\/schema.org\",\"@graph\":[{\"@type\":\"Article\",\"@id\":\"https:\\\/\\\/regiaonews.net.br\\\/2022\\\/2024\\\/02\\\/15\\\/equipe-da-vigilancia-sanitaria-de-barretos-investiga-suposto-caso-de-intoxicacao\\\/#article\",\"isPartOf\":{\"@id\":\"https:\\\/\\\/regiaonews.net.br\\\/2022\\\/2024\\\/02\\\/15\\\/equipe-da-vigilancia-sanitaria-de-barretos-investiga-suposto-caso-de-intoxicacao\\\/\"},\"author\":{\"name\":\"Roberto\",\"@id\":\"https:\\\/\\\/regiaonews.net.br\\\/2022\\\/#\\\/schema\\\/person\\\/2d205a608a5aa97ac279d7a5e6d89ad8\"},\"headline\":\"Equipe da Vigil\u00e2ncia Sanit\u00e1ria de Barretos investiga suposto caso de intoxica\u00e7\u00e3o\",\"datePublished\":\"2024-02-15T16:52:11+00:00\",\"mainEntityOfPage\":{\"@id\":\"https:\\\/\\\/regiaonews.net.br\\\/2022\\\/2024\\\/02\\\/15\\\/equipe-da-vigilancia-sanitaria-de-barretos-investiga-suposto-caso-de-intoxicacao\\\/\"},\"wordCount\":382,\"commentCount\":0,\"publisher\":{\"@id\":\"https:\\\/\\\/regiaonews.net.br\\\/2022\\\/#organization\"},\"image\":{\"@id\":\"https:\\\/\\\/regiaonews.net.br\\\/2022\\\/2024\\\/02\\\/15\\\/equipe-da-vigilancia-sanitaria-de-barretos-investiga-suposto-caso-de-intoxicacao\\\/#primaryimage\"},\"thumbnailUrl\":\"https:\\\/\\\/regiaonews.net.br\\\/2022\\\/wp-content\\\/uploads\\\/2024\\\/02\\\/Imagem-do-WhatsApp-de-2024-02-15-as-10.50.00_560f34a5.jpg\",\"articleSection\":[\"Barretos\",\"Geral\"],\"inLanguage\":\"pt-BR\",\"potentialAction\":[{\"@type\":\"CommentAction\",\"name\":\"Comment\",\"target\":[\"https:\\\/\\\/regiaonews.net.br\\\/2022\\\/2024\\\/02\\\/15\\\/equipe-da-vigilancia-sanitaria-de-barretos-investiga-suposto-caso-de-intoxicacao\\\/#respond\"]}]},{\"@type\":\"WebPage\",\"@id\":\"https:\\\/\\\/regiaonews.net.br\\\/2022\\\/2024\\\/02\\\/15\\\/equipe-da-vigilancia-sanitaria-de-barretos-investiga-suposto-caso-de-intoxicacao\\\/\",\"url\":\"https:\\\/\\\/regiaonews.net.br\\\/2022\\\/2024\\\/02\\\/15\\\/equipe-da-vigilancia-sanitaria-de-barretos-investiga-suposto-caso-de-intoxicacao\\\/\",\"name\":\"Equipe da Vigil\u00e2ncia Sanit\u00e1ria de Barretos investiga suposto caso de intoxica\u00e7\u00e3o - Regi\u00e3o News\",\"isPartOf\":{\"@id\":\"https:\\\/\\\/regiaonews.net.br\\\/2022\\\/#website\"},\"primaryImageOfPage\":{\"@id\":\"https:\\\/\\\/regiaonews.net.br\\\/2022\\\/2024\\\/02\\\/15\\\/equipe-da-vigilancia-sanitaria-de-barretos-investiga-suposto-caso-de-intoxicacao\\\/#primaryimage\"},\"image\":{\"@id\":\"https:\\\/\\\/regiaonews.net.br\\\/2022\\\/2024\\\/02\\\/15\\\/equipe-da-vigilancia-sanitaria-de-barretos-investiga-suposto-caso-de-intoxicacao\\\/#primaryimage\"},\"thumbnailUrl\":\"https:\\\/\\\/regiaonews.net.br\\\/2022\\\/wp-content\\\/uploads\\\/2024\\\/02\\\/Imagem-do-WhatsApp-de-2024-02-15-as-10.50.00_560f34a5.jpg\",\"datePublished\":\"2024-02-15T16:52:11+00:00\",\"breadcrumb\":{\"@id\":\"https:\\\/\\\/regiaonews.net.br\\\/2022\\\/2024\\\/02\\\/15\\\/equipe-da-vigilancia-sanitaria-de-barretos-investiga-suposto-caso-de-intoxicacao\\\/#breadcrumb\"},\"inLanguage\":\"pt-BR\",\"potentialAction\":[{\"@type\":\"ReadAction\",\"target\":[\"https:\\\/\\\/regiaonews.net.br\\\/2022\\\/2024\\\/02\\\/15\\\/equipe-da-vigilancia-sanitaria-de-barretos-investiga-suposto-caso-de-intoxicacao\\\/\"]}]},{\"@type\":\"ImageObject\",\"inLanguage\":\"pt-BR\",\"@id\":\"https:\\\/\\\/regiaonews.net.br\\\/2022\\\/2024\\\/02\\\/15\\\/equipe-da-vigilancia-sanitaria-de-barretos-investiga-suposto-caso-de-intoxicacao\\\/#primaryimage\",\"url\":\"https:\\\/\\\/regiaonews.net.br\\\/2022\\\/wp-content\\\/uploads\\\/2024\\\/02\\\/Imagem-do-WhatsApp-de-2024-02-15-as-10.50.00_560f34a5.jpg\",\"contentUrl\":\"https:\\\/\\\/regiaonews.net.br\\\/2022\\\/wp-content\\\/uploads\\\/2024\\\/02\\\/Imagem-do-WhatsApp-de-2024-02-15-as-10.50.00_560f34a5.jpg\",\"width\":1280,\"height\":854},{\"@type\":\"BreadcrumbList\",\"@id\":\"https:\\\/\\\/regiaonews.net.br\\\/2022\\\/2024\\\/02\\\/15\\\/equipe-da-vigilancia-sanitaria-de-barretos-investiga-suposto-caso-de-intoxicacao\\\/#breadcrumb\",\"itemListElement\":[{\"@type\":\"ListItem\",\"position\":1,\"name\":\"In\u00edcio\",\"item\":\"https:\\\/\\\/regiaonews.net.br\\\/2022\\\/\"},{\"@type\":\"ListItem\",\"position\":2,\"name\":\"Equipe da Vigil\u00e2ncia Sanit\u00e1ria de Barretos investiga suposto caso de intoxica\u00e7\u00e3o\"}]},{\"@type\":\"WebSite\",\"@id\":\"https:\\\/\\\/regiaonews.net.br\\\/2022\\\/#website\",\"url\":\"https:\\\/\\\/regiaonews.net.br\\\/2022\\\/\",\"name\":\"Regi\u00e3o News\",\"description\":\"Site de Not\u00edcias de Barretos e regi\u00e3o\",\"publisher\":{\"@id\":\"https:\\\/\\\/regiaonews.net.br\\\/2022\\\/#organization\"},\"potentialAction\":[{\"@type\":\"SearchAction\",\"target\":{\"@type\":\"EntryPoint\",\"urlTemplate\":\"https:\\\/\\\/regiaonews.net.br\\\/2022\\\/?s={search_term_string}\"},\"query-input\":{\"@type\":\"PropertyValueSpecification\",\"valueRequired\":true,\"valueName\":\"search_term_string\"}}],\"inLanguage\":\"pt-BR\"},{\"@type\":\"Organization\",\"@id\":\"https:\\\/\\\/regiaonews.net.br\\\/2022\\\/#organization\",\"name\":\"Regi\u00e3o News\",\"url\":\"https:\\\/\\\/regiaonews.net.br\\\/2022\\\/\",\"logo\":{\"@type\":\"ImageObject\",\"inLanguage\":\"pt-BR\",\"@id\":\"https:\\\/\\\/regiaonews.net.br\\\/2022\\\/#\\\/schema\\\/logo\\\/image\\\/\",\"url\":\"https:\\\/\\\/regiaonews.net.br\\\/2022\\\/wp-content\\\/uploads\\\/2026\\\/03\\\/regiao-13-anos-scaled.jpg\",\"contentUrl\":\"https:\\\/\\\/regiaonews.net.br\\\/2022\\\/wp-content\\\/uploads\\\/2026\\\/03\\\/regiao-13-anos-scaled.jpg\",\"width\":2560,\"height\":635,\"caption\":\"Regi\u00e3o News\"},\"image\":{\"@id\":\"https:\\\/\\\/regiaonews.net.br\\\/2022\\\/#\\\/schema\\\/logo\\\/image\\\/\"}},{\"@type\":\"Person\",\"@id\":\"https:\\\/\\\/regiaonews.net.br\\\/2022\\\/#\\\/schema\\\/person\\\/2d205a608a5aa97ac279d7a5e6d89ad8\",\"name\":\"Roberto\",\"image\":{\"@type\":\"ImageObject\",\"inLanguage\":\"pt-BR\",\"@id\":\"https:\\\/\\\/secure.gravatar.com\\\/avatar\\\/42749d8b712ff9d59ca93dc150494e5b55a44134482993f5baeb97e61b7ecc89?s=96&d=mm&r=g\",\"url\":\"https:\\\/\\\/secure.gravatar.com\\\/avatar\\\/42749d8b712ff9d59ca93dc150494e5b55a44134482993f5baeb97e61b7ecc89?s=96&d=mm&r=g\",\"contentUrl\":\"https:\\\/\\\/secure.gravatar.com\\\/avatar\\\/42749d8b712ff9d59ca93dc150494e5b55a44134482993f5baeb97e61b7ecc89?s=96&d=mm&r=g\",\"caption\":\"Roberto\"},\"url\":\"https:\\\/\\\/regiaonews.net.br\\\/2022\\\/author\\\/roberto\\\/\"}]}<\/script>\n<!-- \/ Yoast SEO plugin. -->","yoast_head_json":{"title":"Equipe da Vigil\u00e2ncia Sanit\u00e1ria de Barretos investiga suposto caso de intoxica\u00e7\u00e3o - Regi\u00e3o News","robots":{"index":"index","follow":"follow","max-snippet":"max-snippet:-1","max-image-preview":"max-image-preview:large","max-video-preview":"max-video-preview:-1"},"canonical":"https:\/\/regiaonews.net.br\/2022\/2024\/02\/15\/equipe-da-vigilancia-sanitaria-de-barretos-investiga-suposto-caso-de-intoxicacao\/","og_locale":"pt_BR","og_type":"article","og_title":"Equipe da Vigil\u00e2ncia Sanit\u00e1ria de Barretos investiga suposto caso de intoxica\u00e7\u00e3o - Regi\u00e3o News","og_description":"Uma informa\u00e7\u00e3o circulou no feriado do Carnaval, inclusive pelas redes","og_url":"https:\/\/regiaonews.net.br\/2022\/2024\/02\/15\/equipe-da-vigilancia-sanitaria-de-barretos-investiga-suposto-caso-de-intoxicacao\/","og_site_name":"Regi\u00e3o News","article_published_time":"2024-02-15T16:52:11+00:00","og_image":[{"width":1280,"height":854,"url":"https:\/\/regiaonews.net.br\/2022\/wp-content\/uploads\/2024\/02\/Imagem-do-WhatsApp-de-2024-02-15-as-10.50.00_560f34a5.jpg","type":"image\/jpeg"}],"author":"Roberto","twitter_card":"summary_large_image","twitter_misc":{"Escrito por":"Roberto","Est. tempo de leitura":"2 minutos"},"schema":{"@context":"https:\/\/schema.org","@graph":[{"@type":"Article","@id":"https:\/\/regiaonews.net.br\/2022\/2024\/02\/15\/equipe-da-vigilancia-sanitaria-de-barretos-investiga-suposto-caso-de-intoxicacao\/#article","isPartOf":{"@id":"https:\/\/regiaonews.net.br\/2022\/2024\/02\/15\/equipe-da-vigilancia-sanitaria-de-barretos-investiga-suposto-caso-de-intoxicacao\/"},"author":{"name":"Roberto","@id":"https:\/\/regiaonews.net.br\/2022\/#\/schema\/person\/2d205a608a5aa97ac279d7a5e6d89ad8"},"headline":"Equipe da Vigil\u00e2ncia Sanit\u00e1ria de Barretos investiga suposto caso de intoxica\u00e7\u00e3o","datePublished":"2024-02-15T16:52:11+00:00","mainEntityOfPage":{"@id":"https:\/\/regiaonews.net.br\/2022\/2024\/02\/15\/equipe-da-vigilancia-sanitaria-de-barretos-investiga-suposto-caso-de-intoxicacao\/"},"wordCount":382,"commentCount":0,"publisher":{"@id":"https:\/\/regiaonews.net.br\/2022\/#organization"},"image":{"@id":"https:\/\/regiaonews.net.br\/2022\/2024\/02\/15\/equipe-da-vigilancia-sanitaria-de-barretos-investiga-suposto-caso-de-intoxicacao\/#primaryimage"},"thumbnailUrl":"https:\/\/regiaonews.net.br\/2022\/wp-content\/uploads\/2024\/02\/Imagem-do-WhatsApp-de-2024-02-15-as-10.50.00_560f34a5.jpg","articleSection":["Barretos","Geral"],"inLanguage":"pt-BR","potentialAction":[{"@type":"CommentAction","name":"Comment","target":["https:\/\/regiaonews.net.br\/2022\/2024\/02\/15\/equipe-da-vigilancia-sanitaria-de-barretos-investiga-suposto-caso-de-intoxicacao\/#respond"]}]},{"@type":"WebPage","@id":"https:\/\/regiaonews.net.br\/2022\/2024\/02\/15\/equipe-da-vigilancia-sanitaria-de-barretos-investiga-suposto-caso-de-intoxicacao\/","url":"https:\/\/regiaonews.net.br\/2022\/2024\/02\/15\/equipe-da-vigilancia-sanitaria-de-barretos-investiga-suposto-caso-de-intoxicacao\/","name":"Equipe da Vigil\u00e2ncia Sanit\u00e1ria de Barretos investiga suposto caso de intoxica\u00e7\u00e3o - Regi\u00e3o News","isPartOf":{"@id":"https:\/\/regiaonews.net.br\/2022\/#website"},"primaryImageOfPage":{"@id":"https:\/\/regiaonews.net.br\/2022\/2024\/02\/15\/equipe-da-vigilancia-sanitaria-de-barretos-investiga-suposto-caso-de-intoxicacao\/#primaryimage"},"image":{"@id":"https:\/\/regiaonews.net.br\/2022\/2024\/02\/15\/equipe-da-vigilancia-sanitaria-de-barretos-investiga-suposto-caso-de-intoxicacao\/#primaryimage"},"thumbnailUrl":"https:\/\/regiaonews.net.br\/2022\/wp-content\/uploads\/2024\/02\/Imagem-do-WhatsApp-de-2024-02-15-as-10.50.00_560f34a5.jpg","datePublished":"2024-02-15T16:52:11+00:00","breadcrumb":{"@id":"https:\/\/regiaonews.net.br\/2022\/2024\/02\/15\/equipe-da-vigilancia-sanitaria-de-barretos-investiga-suposto-caso-de-intoxicacao\/#breadcrumb"},"inLanguage":"pt-BR","potentialAction":[{"@type":"ReadAction","target":["https:\/\/regiaonews.net.br\/2022\/2024\/02\/15\/equipe-da-vigilancia-sanitaria-de-barretos-investiga-suposto-caso-de-intoxicacao\/"]}]},{"@type":"ImageObject","inLanguage":"pt-BR","@id":"https:\/\/regiaonews.net.br\/2022\/2024\/02\/15\/equipe-da-vigilancia-sanitaria-de-barretos-investiga-suposto-caso-de-intoxicacao\/#primaryimage","url":"https:\/\/regiaonews.net.br\/2022\/wp-content\/uploads\/2024\/02\/Imagem-do-WhatsApp-de-2024-02-15-as-10.50.00_560f34a5.jpg","contentUrl":"https:\/\/regiaonews.net.br\/2022\/wp-content\/uploads\/2024\/02\/Imagem-do-WhatsApp-de-2024-02-15-as-10.50.00_560f34a5.jpg","width":1280,"height":854},{"@type":"BreadcrumbList","@id":"https:\/\/regiaonews.net.br\/2022\/2024\/02\/15\/equipe-da-vigilancia-sanitaria-de-barretos-investiga-suposto-caso-de-intoxicacao\/#breadcrumb","itemListElement":[{"@type":"ListItem","position":1,"name":"In\u00edcio","item":"https:\/\/regiaonews.net.br\/2022\/"},{"@type":"ListItem","position":2,"name":"Equipe da Vigil\u00e2ncia Sanit\u00e1ria de Barretos investiga suposto caso de intoxica\u00e7\u00e3o"}]},{"@type":"WebSite","@id":"https:\/\/regiaonews.net.br\/2022\/#website","url":"https:\/\/regiaonews.net.br\/2022\/","name":"Regi\u00e3o News","description":"Site de Not\u00edcias de Barretos e regi\u00e3o","publisher":{"@id":"https:\/\/regiaonews.net.br\/2022\/#organization"},"potentialAction":[{"@type":"SearchAction","target":{"@type":"EntryPoint","urlTemplate":"https:\/\/regiaonews.net.br\/2022\/?s={search_term_string}"},"query-input":{"@type":"PropertyValueSpecification","valueRequired":true,"valueName":"search_term_string"}}],"inLanguage":"pt-BR"},{"@type":"Organization","@id":"https:\/\/regiaonews.net.br\/2022\/#organization","name":"Regi\u00e3o News","url":"https:\/\/regiaonews.net.br\/2022\/","logo":{"@type":"ImageObject","inLanguage":"pt-BR","@id":"https:\/\/regiaonews.net.br\/2022\/#\/schema\/logo\/image\/","url":"https:\/\/regiaonews.net.br\/2022\/wp-content\/uploads\/2026\/03\/regiao-13-anos-scaled.jpg","contentUrl":"https:\/\/regiaonews.net.br\/2022\/wp-content\/uploads\/2026\/03\/regiao-13-anos-scaled.jpg","width":2560,"height":635,"caption":"Regi\u00e3o News"},"image":{"@id":"https:\/\/regiaonews.net.br\/2022\/#\/schema\/logo\/image\/"}},{"@type":"Person","@id":"https:\/\/regiaonews.net.br\/2022\/#\/schema\/person\/2d205a608a5aa97ac279d7a5e6d89ad8","name":"Roberto","image":{"@type":"ImageObject","inLanguage":"pt-BR","@id":"https:\/\/secure.gravatar.com\/avatar\/42749d8b712ff9d59ca93dc150494e5b55a44134482993f5baeb97e61b7ecc89?s=96&d=mm&r=g","url":"https:\/\/secure.gravatar.com\/avatar\/42749d8b712ff9d59ca93dc150494e5b55a44134482993f5baeb97e61b7ecc89?s=96&d=mm&r=g","contentUrl":"https:\/\/secure.gravatar.com\/avatar\/42749d8b712ff9d59ca93dc150494e5b55a44134482993f5baeb97e61b7ecc89?s=96&d=mm&r=g","caption":"Roberto"},"url":"https:\/\/regiaonews.net.br\/2022\/author\/roberto\/"}]}},"publishpress_future_action":{"enabled":false,"date":"2026-05-04 02:04:26","action":"change-status","newStatus":"draft","terms":[],"taxonomy":"category","extraData":[]},"publishpress_future_workflow_manual_trigger":{"enabledWorkflows":[]},"_links":{"self":[{"href":"https:\/\/regiaonews.net.br\/2022\/wp-json\/wp\/v2\/posts\/101310","targetHints":{"allow":["GET"]}}],"collection":[{"href":"https:\/\/regiaonews.net.br\/2022\/wp-json\/wp\/v2\/posts"}],"about":[{"href":"https:\/\/regiaonews.net.br\/2022\/wp-json\/wp\/v2\/types\/post"}],"author":[{"embeddable":true,"href":"https:\/\/regiaonews.net.br\/2022\/wp-json\/wp\/v2\/users\/2"}],"replies":[{"embeddable":true,"href":"https:\/\/regiaonews.net.br\/2022\/wp-json\/wp\/v2\/comments?post=101310"}],"version-history":[{"count":1,"href":"https:\/\/regiaonews.net.br\/2022\/wp-json\/wp\/v2\/posts\/101310\/revisions"}],"predecessor-version":[{"id":101312,"href":"https:\/\/regiaonews.net.br\/2022\/wp-json\/wp\/v2\/posts\/101310\/revisions\/101312"}],"wp:featuredmedia":[{"embeddable":true,"href":"https:\/\/regiaonews.net.br\/2022\/wp-json\/wp\/v2\/media\/101311"}],"wp:attachment":[{"href":"https:\/\/regiaonews.net.br\/2022\/wp-json\/wp\/v2\/media?parent=101310"}],"wp:term":[{"taxonomy":"category","embeddable":true,"href":"https:\/\/regiaonews.net.br\/2022\/wp-json\/wp\/v2\/categories?post=101310"},{"taxonomy":"post_tag","embeddable":true,"href":"https:\/\/regiaonews.net.br\/2022\/wp-json\/wp\/v2\/tags?post=101310"}],"curies":[{"name":"wp","href":"https:\/\/api.w.org\/{rel}","templated":true}]}}