{"id":101261,"date":"2024-02-13T18:45:50","date_gmt":"2024-02-13T21:45:50","guid":{"rendered":"https:\/\/regiaonews.net.br\/2022\/?p=101261"},"modified":"2024-02-14T10:39:16","modified_gmt":"2024-02-14T13:39:16","slug":"mocidade-alegre-e-bicampea-do-carnaval-de-sp","status":"publish","type":"post","link":"https:\/\/regiaonews.net.br\/2022\/2024\/02\/13\/mocidade-alegre-e-bicampea-do-carnaval-de-sp\/","title":{"rendered":"Mocidade Alegre \u00e9 bicampe\u00e3 do Carnaval de SP"},"content":{"rendered":"<div id=\"chunk-6lock\">\n<div class=\"mc-column content-text active-extra-styles \" data-block-type=\"unstyled\" data-block-weight=\"41\" data-block-id=\"3\">\n<p data-track-category=\"Link no Texto\" data-track-links=\"\">Desfile da Mocidade Alegre no Carnaval de SP em 2024<br \/>\n(Felipe Ara\u00fajo\/Liga-SP)<\/p>\n<p class=\" content-text__container \" data-track-category=\"Link no Texto\" data-track-links=\"\">A\u00a0 <a class=\"\" href=\"https:\/\/g1.globo.com\/carnaval\/escola-de-samba\/mocidade-alegre\/\">Mocidade Alegre<\/a>\u00a0\u00e9 bicampe\u00e3 do carnaval de S\u00e3o Paulo. Ap\u00f3s a apura\u00e7\u00e3o das notas do Grupo Especial de S\u00e3o Paulo nesta ter\u00e7a-feira (13), a\u00a0<a class=\"\" href=\"https:\/\/g1.globo.com\/carnaval\/escola-de-samba\/dragoes-da-real\/\">Drag\u00f5es da Real<\/a>\u00a0ficou na segunda coloca\u00e7\u00e3o, e a\u00a0<a class=\"\" href=\"https:\/\/g1.globo.com\/carnaval\/escola-de-samba\/academicos-do-tatuape\/\">Acad\u00eamicos do Tatuap\u00e9<\/a>, em terceiro lugar.<\/p>\n<\/div>\n<\/div>\n<div class=\"wall protected-content\">\n<div id=\"chunk-3img5\">\n<div class=\"mc-column content-text active-extra-styles \" data-block-type=\"unstyled\" data-block-weight=\"30\" data-block-id=\"4\">\n<p class=\" content-text__container \" data-track-category=\"Link no Texto\" data-track-links=\"\">A agremia\u00e7\u00e3o conquistou seu 12\u00ba t\u00edtulo e, se tornou, isoladamente, a segunda escola com mais vit\u00f3rias ao longo da hist\u00f3ria do carnaval paulista, atr\u00e1s apenas da\u00a0<a class=\"\" href=\"https:\/\/g1.globo.com\/carnaval\/escola-de-samba\/vai-vai\/\">Vai-Vai<\/a>, com 15 t\u00edtulos.<\/p>\n<\/div>\n<\/div>\n<div id=\"chunk-j6su\">\n<div class=\"mc-column content-text active-extra-styles \" data-block-type=\"unstyled\" data-block-weight=\"54\" data-block-id=\"6\">\n<p class=\" content-text__container \" data-track-category=\"Link no Texto\" data-track-links=\"\">A escola do bairro do Lim\u00e3o, na Zona Norte de S\u00e3o Paulo, levou para avenida o enredo &#8220;Brasil\u00e9ia Desvairada &#8211; A busca de M\u00e1rio de Andrade por um pa\u00eds&#8221;. A Mocidade mostrou a viagem do escritor modernista pelos rinc\u00f5es do pa\u00eds em busca de entender o esp\u00edrito e o que move o Brasil.<\/p>\n<\/div>\n<\/div>\n<div id=\"chunk-84v23\">\n<div class=\"mc-column content-text active-extra-styles \" data-block-type=\"unstyled\" data-block-weight=\"31\" data-block-id=\"7\"><\/div>\n<\/div>\n<div id=\"chunk-a74oj\">\n<div class=\"bs-video-block mc-column glb-content-block--no-side-padding content-media content-video\" data-block-type=\"backstage-video\" data-block-id=\"11\">\n<div class=\"content-media__container\">\n<div class=\"content-video__bigger-player-description-fixer\">\n<article class=\"content-video\" data-ts-view=\"1707860503091\">\n<section class=\"content-video__video-container\">\n<div class=\"content-video__video\">\n<div id=\"wp3-player-1\" class=\"clappr-player clappr-detach--is-detached clappr-detach--is-detached__visible video-rec-after-end--enabled\" tabindex=\"9999\" data-player=\"\">\n<div class=\"media-control mobile touch media-control--panels-hide media-control--no-background h720 w360 vod\">\n<div class=\"media-control-panel\">\n<div class=\"media-control-panel__between\">Fonte G1<\/div>\n<div class=\"media-control-panel__lower\" data-controls=\"\">\n<div class=\"opposites-container\">\n<div class=\"media-control-position__right\">\n<div class=\"drawer-container volume-hide media-control-element\" data-volume=\"\">\n<div class=\"bar-container\" data-volume=\"\">\n<div class=\"bar-background\" data-volume=\"\">\n<div class=\"bar-fill-1\" data-volume=\"\"><\/div>\n<div class=\"bar-hover\" data-volume=\"\"><\/div>\n<\/div>\n<div class=\"bar-scrubber\" data-volume=\"\">\n<div class=\"bar-scrubber-icon\" data-volume=\"\"><\/div>\n<\/div>\n<\/div>\n<\/div>\n<p>&nbsp;<\/p>\n<\/div>\n<\/div>\n<\/div>\n<div class=\"media-control-panel__front-layer\">\n<div class=\"media-control-position__left\"><\/div>\n<div class=\"media-control-position__center\"><\/div>\n<div class=\"media-control-position__right\"><\/div>\n<\/div>\n<div class=\"media-control-panel__modal\">\n<div class=\"unmute-modal\">\n<div class=\"unmute-modal__button-box unmute-modal__button-box--no-label\"><\/div>\n<\/div>\n<\/div>\n<\/div>\n<\/div>\n<\/div>\n<div class=\"clappr-detach clappr-detach--visible\"><\/div>\n<\/div>\n<\/section>\n<\/article>\n<\/div>\n<\/div>\n<\/div>\n<\/div>\n<\/div>\n","protected":false},"excerpt":{"rendered":"<p>Desfile da Mocidade Alegre no Carnaval de SP em 2024<\/p>\n","protected":false},"author":2,"featured_media":101269,"comment_status":"open","ping_status":"open","sticky":false,"template":"","format":"standard","meta":{"footnotes":""},"categories":[68,29],"tags":[],"class_list":["post-101261","post","type-post","status-publish","format-standard","has-post-thumbnail","hentry","category-carnaval","category-sao-paulo"],"yoast_head":"<!-- This site is optimized with the Yoast SEO plugin v27.4 - https:\/\/yoast.com\/product\/yoast-seo-wordpress\/ -->\n<title>Mocidade Alegre \u00e9 bicampe\u00e3 do Carnaval de SP - Regi\u00e3o News<\/title>\n<meta name=\"robots\" content=\"index, follow, max-snippet:-1, max-image-preview:large, max-video-preview:-1\" \/>\n<link rel=\"canonical\" href=\"https:\/\/regiaonews.net.br\/2022\/2024\/02\/13\/mocidade-alegre-e-bicampea-do-carnaval-de-sp\/\" \/>\n<meta property=\"og:locale\" content=\"pt_BR\" \/>\n<meta property=\"og:type\" content=\"article\" \/>\n<meta property=\"og:title\" content=\"Mocidade Alegre \u00e9 bicampe\u00e3 do Carnaval de SP - Regi\u00e3o News\" \/>\n<meta property=\"og:description\" content=\"Desfile da Mocidade Alegre no Carnaval de SP em 2024\" \/>\n<meta property=\"og:url\" content=\"https:\/\/regiaonews.net.br\/2022\/2024\/02\/13\/mocidade-alegre-e-bicampea-do-carnaval-de-sp\/\" \/>\n<meta property=\"og:site_name\" content=\"Regi\u00e3o News\" \/>\n<meta property=\"article:published_time\" content=\"2024-02-13T21:45:50+00:00\" \/>\n<meta property=\"article:modified_time\" content=\"2024-02-14T13:39:16+00:00\" \/>\n<meta property=\"og:image\" content=\"https:\/\/regiaonews.net.br\/2022\/wp-content\/uploads\/2024\/02\/Foto-Liga.jpg\" \/>\n\t<meta property=\"og:image:width\" content=\"812\" \/>\n\t<meta property=\"og:image:height\" content=\"516\" \/>\n\t<meta property=\"og:image:type\" content=\"image\/jpeg\" \/>\n<meta name=\"author\" content=\"Roberto\" \/>\n<meta name=\"twitter:card\" content=\"summary_large_image\" \/>\n<meta name=\"twitter:label1\" content=\"Escrito por\" \/>\n\t<meta name=\"twitter:data1\" content=\"Roberto\" \/>\n\t<meta name=\"twitter:label2\" content=\"Est. tempo de leitura\" \/>\n\t<meta name=\"twitter:data2\" content=\"1 minuto\" \/>\n<script type=\"application\/ld+json\" class=\"yoast-schema-graph\">{\"@context\":\"https:\\\/\\\/schema.org\",\"@graph\":[{\"@type\":\"Article\",\"@id\":\"https:\\\/\\\/regiaonews.net.br\\\/2022\\\/2024\\\/02\\\/13\\\/mocidade-alegre-e-bicampea-do-carnaval-de-sp\\\/#article\",\"isPartOf\":{\"@id\":\"https:\\\/\\\/regiaonews.net.br\\\/2022\\\/2024\\\/02\\\/13\\\/mocidade-alegre-e-bicampea-do-carnaval-de-sp\\\/\"},\"author\":{\"name\":\"Roberto\",\"@id\":\"https:\\\/\\\/regiaonews.net.br\\\/2022\\\/#\\\/schema\\\/person\\\/2d205a608a5aa97ac279d7a5e6d89ad8\"},\"headline\":\"Mocidade Alegre \u00e9 bicampe\u00e3 do Carnaval de SP\",\"datePublished\":\"2024-02-13T21:45:50+00:00\",\"dateModified\":\"2024-02-14T13:39:16+00:00\",\"mainEntityOfPage\":{\"@id\":\"https:\\\/\\\/regiaonews.net.br\\\/2022\\\/2024\\\/02\\\/13\\\/mocidade-alegre-e-bicampea-do-carnaval-de-sp\\\/\"},\"wordCount\":164,\"commentCount\":0,\"publisher\":{\"@id\":\"https:\\\/\\\/regiaonews.net.br\\\/2022\\\/#organization\"},\"image\":{\"@id\":\"https:\\\/\\\/regiaonews.net.br\\\/2022\\\/2024\\\/02\\\/13\\\/mocidade-alegre-e-bicampea-do-carnaval-de-sp\\\/#primaryimage\"},\"thumbnailUrl\":\"https:\\\/\\\/regiaonews.net.br\\\/2022\\\/wp-content\\\/uploads\\\/2024\\\/02\\\/Foto-Liga.jpg\",\"articleSection\":[\"Carnaval\",\"S\u00e3o Paulo\"],\"inLanguage\":\"pt-BR\",\"potentialAction\":[{\"@type\":\"CommentAction\",\"name\":\"Comment\",\"target\":[\"https:\\\/\\\/regiaonews.net.br\\\/2022\\\/2024\\\/02\\\/13\\\/mocidade-alegre-e-bicampea-do-carnaval-de-sp\\\/#respond\"]}]},{\"@type\":\"WebPage\",\"@id\":\"https:\\\/\\\/regiaonews.net.br\\\/2022\\\/2024\\\/02\\\/13\\\/mocidade-alegre-e-bicampea-do-carnaval-de-sp\\\/\",\"url\":\"https:\\\/\\\/regiaonews.net.br\\\/2022\\\/2024\\\/02\\\/13\\\/mocidade-alegre-e-bicampea-do-carnaval-de-sp\\\/\",\"name\":\"Mocidade Alegre \u00e9 bicampe\u00e3 do Carnaval de SP - Regi\u00e3o News\",\"isPartOf\":{\"@id\":\"https:\\\/\\\/regiaonews.net.br\\\/2022\\\/#website\"},\"primaryImageOfPage\":{\"@id\":\"https:\\\/\\\/regiaonews.net.br\\\/2022\\\/2024\\\/02\\\/13\\\/mocidade-alegre-e-bicampea-do-carnaval-de-sp\\\/#primaryimage\"},\"image\":{\"@id\":\"https:\\\/\\\/regiaonews.net.br\\\/2022\\\/2024\\\/02\\\/13\\\/mocidade-alegre-e-bicampea-do-carnaval-de-sp\\\/#primaryimage\"},\"thumbnailUrl\":\"https:\\\/\\\/regiaonews.net.br\\\/2022\\\/wp-content\\\/uploads\\\/2024\\\/02\\\/Foto-Liga.jpg\",\"datePublished\":\"2024-02-13T21:45:50+00:00\",\"dateModified\":\"2024-02-14T13:39:16+00:00\",\"breadcrumb\":{\"@id\":\"https:\\\/\\\/regiaonews.net.br\\\/2022\\\/2024\\\/02\\\/13\\\/mocidade-alegre-e-bicampea-do-carnaval-de-sp\\\/#breadcrumb\"},\"inLanguage\":\"pt-BR\",\"potentialAction\":[{\"@type\":\"ReadAction\",\"target\":[\"https:\\\/\\\/regiaonews.net.br\\\/2022\\\/2024\\\/02\\\/13\\\/mocidade-alegre-e-bicampea-do-carnaval-de-sp\\\/\"]}]},{\"@type\":\"ImageObject\",\"inLanguage\":\"pt-BR\",\"@id\":\"https:\\\/\\\/regiaonews.net.br\\\/2022\\\/2024\\\/02\\\/13\\\/mocidade-alegre-e-bicampea-do-carnaval-de-sp\\\/#primaryimage\",\"url\":\"https:\\\/\\\/regiaonews.net.br\\\/2022\\\/wp-content\\\/uploads\\\/2024\\\/02\\\/Foto-Liga.jpg\",\"contentUrl\":\"https:\\\/\\\/regiaonews.net.br\\\/2022\\\/wp-content\\\/uploads\\\/2024\\\/02\\\/Foto-Liga.jpg\",\"width\":812,\"height\":516},{\"@type\":\"BreadcrumbList\",\"@id\":\"https:\\\/\\\/regiaonews.net.br\\\/2022\\\/2024\\\/02\\\/13\\\/mocidade-alegre-e-bicampea-do-carnaval-de-sp\\\/#breadcrumb\",\"itemListElement\":[{\"@type\":\"ListItem\",\"position\":1,\"name\":\"In\u00edcio\",\"item\":\"https:\\\/\\\/regiaonews.net.br\\\/2022\\\/\"},{\"@type\":\"ListItem\",\"position\":2,\"name\":\"Mocidade Alegre \u00e9 bicampe\u00e3 do Carnaval de SP\"}]},{\"@type\":\"WebSite\",\"@id\":\"https:\\\/\\\/regiaonews.net.br\\\/2022\\\/#website\",\"url\":\"https:\\\/\\\/regiaonews.net.br\\\/2022\\\/\",\"name\":\"Regi\u00e3o News\",\"description\":\"Site de Not\u00edcias de Barretos e regi\u00e3o\",\"publisher\":{\"@id\":\"https:\\\/\\\/regiaonews.net.br\\\/2022\\\/#organization\"},\"potentialAction\":[{\"@type\":\"SearchAction\",\"target\":{\"@type\":\"EntryPoint\",\"urlTemplate\":\"https:\\\/\\\/regiaonews.net.br\\\/2022\\\/?s={search_term_string}\"},\"query-input\":{\"@type\":\"PropertyValueSpecification\",\"valueRequired\":true,\"valueName\":\"search_term_string\"}}],\"inLanguage\":\"pt-BR\"},{\"@type\":\"Organization\",\"@id\":\"https:\\\/\\\/regiaonews.net.br\\\/2022\\\/#organization\",\"name\":\"Regi\u00e3o News\",\"url\":\"https:\\\/\\\/regiaonews.net.br\\\/2022\\\/\",\"logo\":{\"@type\":\"ImageObject\",\"inLanguage\":\"pt-BR\",\"@id\":\"https:\\\/\\\/regiaonews.net.br\\\/2022\\\/#\\\/schema\\\/logo\\\/image\\\/\",\"url\":\"https:\\\/\\\/regiaonews.net.br\\\/2022\\\/wp-content\\\/uploads\\\/2026\\\/03\\\/regiao-13-anos-scaled.jpg\",\"contentUrl\":\"https:\\\/\\\/regiaonews.net.br\\\/2022\\\/wp-content\\\/uploads\\\/2026\\\/03\\\/regiao-13-anos-scaled.jpg\",\"width\":2560,\"height\":635,\"caption\":\"Regi\u00e3o News\"},\"image\":{\"@id\":\"https:\\\/\\\/regiaonews.net.br\\\/2022\\\/#\\\/schema\\\/logo\\\/image\\\/\"}},{\"@type\":\"Person\",\"@id\":\"https:\\\/\\\/regiaonews.net.br\\\/2022\\\/#\\\/schema\\\/person\\\/2d205a608a5aa97ac279d7a5e6d89ad8\",\"name\":\"Roberto\",\"image\":{\"@type\":\"ImageObject\",\"inLanguage\":\"pt-BR\",\"@id\":\"https:\\\/\\\/secure.gravatar.com\\\/avatar\\\/42749d8b712ff9d59ca93dc150494e5b55a44134482993f5baeb97e61b7ecc89?s=96&d=mm&r=g\",\"url\":\"https:\\\/\\\/secure.gravatar.com\\\/avatar\\\/42749d8b712ff9d59ca93dc150494e5b55a44134482993f5baeb97e61b7ecc89?s=96&d=mm&r=g\",\"contentUrl\":\"https:\\\/\\\/secure.gravatar.com\\\/avatar\\\/42749d8b712ff9d59ca93dc150494e5b55a44134482993f5baeb97e61b7ecc89?s=96&d=mm&r=g\",\"caption\":\"Roberto\"},\"url\":\"https:\\\/\\\/regiaonews.net.br\\\/2022\\\/author\\\/roberto\\\/\"}]}<\/script>\n<!-- \/ Yoast SEO plugin. -->","yoast_head_json":{"title":"Mocidade Alegre \u00e9 bicampe\u00e3 do Carnaval de SP - Regi\u00e3o News","robots":{"index":"index","follow":"follow","max-snippet":"max-snippet:-1","max-image-preview":"max-image-preview:large","max-video-preview":"max-video-preview:-1"},"canonical":"https:\/\/regiaonews.net.br\/2022\/2024\/02\/13\/mocidade-alegre-e-bicampea-do-carnaval-de-sp\/","og_locale":"pt_BR","og_type":"article","og_title":"Mocidade Alegre \u00e9 bicampe\u00e3 do Carnaval de SP - Regi\u00e3o News","og_description":"Desfile da Mocidade Alegre no Carnaval de SP em 2024","og_url":"https:\/\/regiaonews.net.br\/2022\/2024\/02\/13\/mocidade-alegre-e-bicampea-do-carnaval-de-sp\/","og_site_name":"Regi\u00e3o News","article_published_time":"2024-02-13T21:45:50+00:00","article_modified_time":"2024-02-14T13:39:16+00:00","og_image":[{"width":812,"height":516,"url":"https:\/\/regiaonews.net.br\/2022\/wp-content\/uploads\/2024\/02\/Foto-Liga.jpg","type":"image\/jpeg"}],"author":"Roberto","twitter_card":"summary_large_image","twitter_misc":{"Escrito por":"Roberto","Est. tempo de leitura":"1 minuto"},"schema":{"@context":"https:\/\/schema.org","@graph":[{"@type":"Article","@id":"https:\/\/regiaonews.net.br\/2022\/2024\/02\/13\/mocidade-alegre-e-bicampea-do-carnaval-de-sp\/#article","isPartOf":{"@id":"https:\/\/regiaonews.net.br\/2022\/2024\/02\/13\/mocidade-alegre-e-bicampea-do-carnaval-de-sp\/"},"author":{"name":"Roberto","@id":"https:\/\/regiaonews.net.br\/2022\/#\/schema\/person\/2d205a608a5aa97ac279d7a5e6d89ad8"},"headline":"Mocidade Alegre \u00e9 bicampe\u00e3 do Carnaval de SP","datePublished":"2024-02-13T21:45:50+00:00","dateModified":"2024-02-14T13:39:16+00:00","mainEntityOfPage":{"@id":"https:\/\/regiaonews.net.br\/2022\/2024\/02\/13\/mocidade-alegre-e-bicampea-do-carnaval-de-sp\/"},"wordCount":164,"commentCount":0,"publisher":{"@id":"https:\/\/regiaonews.net.br\/2022\/#organization"},"image":{"@id":"https:\/\/regiaonews.net.br\/2022\/2024\/02\/13\/mocidade-alegre-e-bicampea-do-carnaval-de-sp\/#primaryimage"},"thumbnailUrl":"https:\/\/regiaonews.net.br\/2022\/wp-content\/uploads\/2024\/02\/Foto-Liga.jpg","articleSection":["Carnaval","S\u00e3o Paulo"],"inLanguage":"pt-BR","potentialAction":[{"@type":"CommentAction","name":"Comment","target":["https:\/\/regiaonews.net.br\/2022\/2024\/02\/13\/mocidade-alegre-e-bicampea-do-carnaval-de-sp\/#respond"]}]},{"@type":"WebPage","@id":"https:\/\/regiaonews.net.br\/2022\/2024\/02\/13\/mocidade-alegre-e-bicampea-do-carnaval-de-sp\/","url":"https:\/\/regiaonews.net.br\/2022\/2024\/02\/13\/mocidade-alegre-e-bicampea-do-carnaval-de-sp\/","name":"Mocidade Alegre \u00e9 bicampe\u00e3 do Carnaval de SP - Regi\u00e3o News","isPartOf":{"@id":"https:\/\/regiaonews.net.br\/2022\/#website"},"primaryImageOfPage":{"@id":"https:\/\/regiaonews.net.br\/2022\/2024\/02\/13\/mocidade-alegre-e-bicampea-do-carnaval-de-sp\/#primaryimage"},"image":{"@id":"https:\/\/regiaonews.net.br\/2022\/2024\/02\/13\/mocidade-alegre-e-bicampea-do-carnaval-de-sp\/#primaryimage"},"thumbnailUrl":"https:\/\/regiaonews.net.br\/2022\/wp-content\/uploads\/2024\/02\/Foto-Liga.jpg","datePublished":"2024-02-13T21:45:50+00:00","dateModified":"2024-02-14T13:39:16+00:00","breadcrumb":{"@id":"https:\/\/regiaonews.net.br\/2022\/2024\/02\/13\/mocidade-alegre-e-bicampea-do-carnaval-de-sp\/#breadcrumb"},"inLanguage":"pt-BR","potentialAction":[{"@type":"ReadAction","target":["https:\/\/regiaonews.net.br\/2022\/2024\/02\/13\/mocidade-alegre-e-bicampea-do-carnaval-de-sp\/"]}]},{"@type":"ImageObject","inLanguage":"pt-BR","@id":"https:\/\/regiaonews.net.br\/2022\/2024\/02\/13\/mocidade-alegre-e-bicampea-do-carnaval-de-sp\/#primaryimage","url":"https:\/\/regiaonews.net.br\/2022\/wp-content\/uploads\/2024\/02\/Foto-Liga.jpg","contentUrl":"https:\/\/regiaonews.net.br\/2022\/wp-content\/uploads\/2024\/02\/Foto-Liga.jpg","width":812,"height":516},{"@type":"BreadcrumbList","@id":"https:\/\/regiaonews.net.br\/2022\/2024\/02\/13\/mocidade-alegre-e-bicampea-do-carnaval-de-sp\/#breadcrumb","itemListElement":[{"@type":"ListItem","position":1,"name":"In\u00edcio","item":"https:\/\/regiaonews.net.br\/2022\/"},{"@type":"ListItem","position":2,"name":"Mocidade Alegre \u00e9 bicampe\u00e3 do Carnaval de SP"}]},{"@type":"WebSite","@id":"https:\/\/regiaonews.net.br\/2022\/#website","url":"https:\/\/regiaonews.net.br\/2022\/","name":"Regi\u00e3o News","description":"Site de Not\u00edcias de Barretos e regi\u00e3o","publisher":{"@id":"https:\/\/regiaonews.net.br\/2022\/#organization"},"potentialAction":[{"@type":"SearchAction","target":{"@type":"EntryPoint","urlTemplate":"https:\/\/regiaonews.net.br\/2022\/?s={search_term_string}"},"query-input":{"@type":"PropertyValueSpecification","valueRequired":true,"valueName":"search_term_string"}}],"inLanguage":"pt-BR"},{"@type":"Organization","@id":"https:\/\/regiaonews.net.br\/2022\/#organization","name":"Regi\u00e3o News","url":"https:\/\/regiaonews.net.br\/2022\/","logo":{"@type":"ImageObject","inLanguage":"pt-BR","@id":"https:\/\/regiaonews.net.br\/2022\/#\/schema\/logo\/image\/","url":"https:\/\/regiaonews.net.br\/2022\/wp-content\/uploads\/2026\/03\/regiao-13-anos-scaled.jpg","contentUrl":"https:\/\/regiaonews.net.br\/2022\/wp-content\/uploads\/2026\/03\/regiao-13-anos-scaled.jpg","width":2560,"height":635,"caption":"Regi\u00e3o News"},"image":{"@id":"https:\/\/regiaonews.net.br\/2022\/#\/schema\/logo\/image\/"}},{"@type":"Person","@id":"https:\/\/regiaonews.net.br\/2022\/#\/schema\/person\/2d205a608a5aa97ac279d7a5e6d89ad8","name":"Roberto","image":{"@type":"ImageObject","inLanguage":"pt-BR","@id":"https:\/\/secure.gravatar.com\/avatar\/42749d8b712ff9d59ca93dc150494e5b55a44134482993f5baeb97e61b7ecc89?s=96&d=mm&r=g","url":"https:\/\/secure.gravatar.com\/avatar\/42749d8b712ff9d59ca93dc150494e5b55a44134482993f5baeb97e61b7ecc89?s=96&d=mm&r=g","contentUrl":"https:\/\/secure.gravatar.com\/avatar\/42749d8b712ff9d59ca93dc150494e5b55a44134482993f5baeb97e61b7ecc89?s=96&d=mm&r=g","caption":"Roberto"},"url":"https:\/\/regiaonews.net.br\/2022\/author\/roberto\/"}]}},"publishpress_future_action":{"enabled":false,"date":"2026-05-04 01:46:27","action":"change-status","newStatus":"draft","terms":[],"taxonomy":"category","extraData":[]},"publishpress_future_workflow_manual_trigger":{"enabledWorkflows":[]},"_links":{"self":[{"href":"https:\/\/regiaonews.net.br\/2022\/wp-json\/wp\/v2\/posts\/101261","targetHints":{"allow":["GET"]}}],"collection":[{"href":"https:\/\/regiaonews.net.br\/2022\/wp-json\/wp\/v2\/posts"}],"about":[{"href":"https:\/\/regiaonews.net.br\/2022\/wp-json\/wp\/v2\/types\/post"}],"author":[{"embeddable":true,"href":"https:\/\/regiaonews.net.br\/2022\/wp-json\/wp\/v2\/users\/2"}],"replies":[{"embeddable":true,"href":"https:\/\/regiaonews.net.br\/2022\/wp-json\/wp\/v2\/comments?post=101261"}],"version-history":[{"count":5,"href":"https:\/\/regiaonews.net.br\/2022\/wp-json\/wp\/v2\/posts\/101261\/revisions"}],"predecessor-version":[{"id":101270,"href":"https:\/\/regiaonews.net.br\/2022\/wp-json\/wp\/v2\/posts\/101261\/revisions\/101270"}],"wp:featuredmedia":[{"embeddable":true,"href":"https:\/\/regiaonews.net.br\/2022\/wp-json\/wp\/v2\/media\/101269"}],"wp:attachment":[{"href":"https:\/\/regiaonews.net.br\/2022\/wp-json\/wp\/v2\/media?parent=101261"}],"wp:term":[{"taxonomy":"category","embeddable":true,"href":"https:\/\/regiaonews.net.br\/2022\/wp-json\/wp\/v2\/categories?post=101261"},{"taxonomy":"post_tag","embeddable":true,"href":"https:\/\/regiaonews.net.br\/2022\/wp-json\/wp\/v2\/tags?post=101261"}],"curies":[{"name":"wp","href":"https:\/\/api.w.org\/{rel}","templated":true}]}}