{"id":101255,"date":"2024-02-13T16:41:42","date_gmt":"2024-02-13T19:41:42","guid":{"rendered":"https:\/\/regiaonews.net.br\/2022\/?p=101255"},"modified":"2024-02-13T16:57:52","modified_gmt":"2024-02-13T19:57:52","slug":"numero-de-mortos-na-baixada-santista-sobe-para-20-informa-ssp","status":"publish","type":"post","link":"https:\/\/regiaonews.net.br\/2022\/2024\/02\/13\/numero-de-mortos-na-baixada-santista-sobe-para-20-informa-ssp\/","title":{"rendered":"N\u00famero de mortos na Baixada Santista sobe para 20, informa SSP"},"content":{"rendered":"<div class=\"col-lg-12 mb-3\">\n<div class=\"row\">\n<p class=\"col-10 offset-1 animated fadeInDown dealy-750 display-6 display-md-4 display-lg-5 font-weight-bold alt-font text-center my-1\">Fonte- Ag\u00eancia Brasil<\/p>\n<\/div>\n<\/div>\n<div class=\"col-xl-7 offset-xl-1 col-lg-8 offset-lg-0 col-md-10 offset-md-1 mb-3\">\n<div class=\"post-item alt-font\">\n<div class=\"post-item-wrap\">\n<p>A Pol\u00edcia Militar de S\u00e3o Paulo matou mais duas pessoas na Baixada Santista, litoral do estado, neste final de semana. Ao todo, foram 20 mortos na regi\u00e3o em supostos confrontos contra a pol\u00edcia desde o dia 2 de fevereiro, quando o\u00a0<a href=\"https:\/\/agenciabrasil.ebc.com.br\/geral\/noticia\/2024-02\/suspeitos-sao-baleados-e-mortos-pela-policia-no-litoral-paulista\" target=\"_blank\" rel=\"noopener\">policial militar Samuel Wesley Cosmo foi morto em Santos<\/a>, durante patrulhamento. Na ocasi\u00e3o, a Secretaria de Seguran\u00e7a P\u00fablica (SSP) informou que as pol\u00edcias civil e militar se mobilizaram para localizar e prender os envolvidos no crime contra Cosmo.<img decoding=\"async\" src=\"https:\/\/agenciabrasil.ebc.com.br\/ebc.png?id=1580897&amp;o=node\" \/><img decoding=\"async\" src=\"https:\/\/agenciabrasil.ebc.com.br\/ebc.gif?id=1580897&amp;o=node\" \/><\/p>\n<p>De acordo com a SSP, policiais militares da Rondas Ostensivas Tobias de Aguiar (Rota) faziam ronda em Santos, no domingo (11), quando suspeitaram de um homem que andava de bicicleta. O homem foi atingido por disparos de arma de fogo, ap\u00f3s um suposto confronto, e socorrido na Unidade de Pronto Atendimento (UPA) da zona noroeste, onde morreu. A Pol\u00edcia Civil solicitou per\u00edcia no local e investiga o caso.<\/p>\n<p>Tamb\u00e9m em Santos, um homem que teria resistido \u00e0 ordem de parada dos policiais militares foi morto por volta das 17h30 do s\u00e1bado (10). A SSP afirmou que os agentes averiguavam uma den\u00fancia de transporte de armas e que o rapaz tinha passagens por tentativa de homic\u00eddio e associa\u00e7\u00e3o criminosa. \u201cA per\u00edcia foi acionada e todas as circunst\u00e2ncias dos fatos ser\u00e3o apurada\u201d, informou a SSP em nota.<\/p>\n<p>No domingo,\u00a0<a href=\"https:\/\/agenciabrasil.ebc.com.br\/direitos-humanos\/noticia\/2024-02\/moradores-da-baixada-santista-denunciam-execucoes-na-operacao-escudo\" target=\"_blank\" rel=\"noopener\">moradores de bairros da periferia da Baixada Santista denunciaram a pr\u00e1tica de execu\u00e7\u00f5es<\/a>, tortura e abordagens violentas por policiais militares contra a popula\u00e7\u00e3o local e egressos do sistema prisional. Os relatos foram colhidos por uma comitiva formada pela Ouvidoria da Pol\u00edcia de S\u00e3o Paulo, Defensoria P\u00fablica, e parlamentares, como os deputados estaduais de S\u00e3o Paulo Eduardo Suplicy (PT) e M\u00f4nica Seixas (PSOL).<\/p>\n<p>De acordo com os relatos, os policiais falam abertamente em amea\u00e7as aos jovens usu\u00e1rios de drogas, aos avi\u00f5ezinhos, e que a pol\u00edcia vai vingar o policial morto. \u201cA sociedade e os territ\u00f3rios perif\u00e9ricos est\u00e3o muito assustados, relatando abordagens truculentas, violentas e aleat\u00f3rias, busca de egressos do sistema prisional, torturas e execu\u00e7\u00f5es. O que a gente est\u00e1 vendo aqui \u00e9 um estado de exce\u00e7\u00e3o. O Estado autorizando a sua for\u00e7a policial a executar pessoas sem o devido processo legal, sem mandado judicial, sem chance \u00e0 ampla defesa\u201d, denunciou a deputada M\u00f4nica Seixas \u00e0\u00a0<strong>Ag\u00eancia Brasil<\/strong>, na ocasi\u00e3o.<\/p>\n<p>A SSP informou que todos os casos est\u00e3o sendo apurados e que, desde o in\u00edcio do ano, foram registradas seis mortes de policiais em todo o estado, sendo quatro PMs ativos e um inativo, e um policial civil em servi\u00e7o. Desse total, tr\u00eas foram na Baixada Santista, em 26 de janeiro, um PM; um policial da Rota, em 2 de fevereiro; e outro PM no dia 7.<\/p>\n<p>&nbsp;<\/p>\n<\/div>\n<\/div>\n<\/div>\n","protected":false},"excerpt":{"rendered":"<p>Fonte- Ag\u00eancia Brasil A Pol\u00edcia Militar de S\u00e3o Paulo matou<\/p>\n","protected":false},"author":2,"featured_media":101256,"comment_status":"open","ping_status":"open","sticky":false,"template":"","format":"standard","meta":{"footnotes":""},"categories":[23,192],"tags":[],"class_list":["post-101255","post","type-post","status-publish","format-standard","has-post-thumbnail","hentry","category-policia","category-santos"],"yoast_head":"<!-- This site is optimized with the Yoast SEO plugin v27.4 - https:\/\/yoast.com\/product\/yoast-seo-wordpress\/ -->\n<title>N\u00famero de mortos na Baixada Santista sobe para 20, informa SSP - Regi\u00e3o News<\/title>\n<meta name=\"robots\" content=\"index, follow, max-snippet:-1, max-image-preview:large, max-video-preview:-1\" \/>\n<link rel=\"canonical\" href=\"https:\/\/regiaonews.net.br\/2022\/2024\/02\/13\/numero-de-mortos-na-baixada-santista-sobe-para-20-informa-ssp\/\" \/>\n<meta property=\"og:locale\" content=\"pt_BR\" \/>\n<meta property=\"og:type\" content=\"article\" \/>\n<meta property=\"og:title\" content=\"N\u00famero de mortos na Baixada Santista sobe para 20, informa SSP - Regi\u00e3o News\" \/>\n<meta property=\"og:description\" content=\"Fonte- Ag\u00eancia Brasil A Pol\u00edcia Militar de S\u00e3o Paulo matou\" \/>\n<meta property=\"og:url\" content=\"https:\/\/regiaonews.net.br\/2022\/2024\/02\/13\/numero-de-mortos-na-baixada-santista-sobe-para-20-informa-ssp\/\" \/>\n<meta property=\"og:site_name\" content=\"Regi\u00e3o News\" \/>\n<meta property=\"article:published_time\" content=\"2024-02-13T19:41:42+00:00\" \/>\n<meta property=\"article:modified_time\" content=\"2024-02-13T19:57:52+00:00\" \/>\n<meta property=\"og:image\" content=\"https:\/\/regiaonews.net.br\/2022\/wp-content\/uploads\/2024\/02\/1017822-06052016dsc_9206-.webp\" \/>\n\t<meta property=\"og:image:width\" content=\"1170\" \/>\n\t<meta property=\"og:image:height\" content=\"700\" \/>\n\t<meta property=\"og:image:type\" content=\"image\/webp\" \/>\n<meta name=\"author\" content=\"Roberto\" \/>\n<meta name=\"twitter:card\" content=\"summary_large_image\" \/>\n<meta name=\"twitter:label1\" content=\"Escrito por\" \/>\n\t<meta name=\"twitter:data1\" content=\"Roberto\" \/>\n\t<meta name=\"twitter:label2\" content=\"Est. tempo de leitura\" \/>\n\t<meta name=\"twitter:data2\" content=\"4 minutos\" \/>\n<script type=\"application\/ld+json\" class=\"yoast-schema-graph\">{\"@context\":\"https:\\\/\\\/schema.org\",\"@graph\":[{\"@type\":\"Article\",\"@id\":\"https:\\\/\\\/regiaonews.net.br\\\/2022\\\/2024\\\/02\\\/13\\\/numero-de-mortos-na-baixada-santista-sobe-para-20-informa-ssp\\\/#article\",\"isPartOf\":{\"@id\":\"https:\\\/\\\/regiaonews.net.br\\\/2022\\\/2024\\\/02\\\/13\\\/numero-de-mortos-na-baixada-santista-sobe-para-20-informa-ssp\\\/\"},\"author\":{\"name\":\"Roberto\",\"@id\":\"https:\\\/\\\/regiaonews.net.br\\\/2022\\\/#\\\/schema\\\/person\\\/2d205a608a5aa97ac279d7a5e6d89ad8\"},\"headline\":\"N\u00famero de mortos na Baixada Santista sobe para 20, informa SSP\",\"datePublished\":\"2024-02-13T19:41:42+00:00\",\"dateModified\":\"2024-02-13T19:57:52+00:00\",\"mainEntityOfPage\":{\"@id\":\"https:\\\/\\\/regiaonews.net.br\\\/2022\\\/2024\\\/02\\\/13\\\/numero-de-mortos-na-baixada-santista-sobe-para-20-informa-ssp\\\/\"},\"wordCount\":491,\"commentCount\":0,\"publisher\":{\"@id\":\"https:\\\/\\\/regiaonews.net.br\\\/2022\\\/#organization\"},\"image\":{\"@id\":\"https:\\\/\\\/regiaonews.net.br\\\/2022\\\/2024\\\/02\\\/13\\\/numero-de-mortos-na-baixada-santista-sobe-para-20-informa-ssp\\\/#primaryimage\"},\"thumbnailUrl\":\"https:\\\/\\\/regiaonews.net.br\\\/2022\\\/wp-content\\\/uploads\\\/2024\\\/02\\\/1017822-06052016dsc_9206-.webp\",\"articleSection\":[\"Policia\",\"Santos\"],\"inLanguage\":\"pt-BR\",\"potentialAction\":[{\"@type\":\"CommentAction\",\"name\":\"Comment\",\"target\":[\"https:\\\/\\\/regiaonews.net.br\\\/2022\\\/2024\\\/02\\\/13\\\/numero-de-mortos-na-baixada-santista-sobe-para-20-informa-ssp\\\/#respond\"]}]},{\"@type\":\"WebPage\",\"@id\":\"https:\\\/\\\/regiaonews.net.br\\\/2022\\\/2024\\\/02\\\/13\\\/numero-de-mortos-na-baixada-santista-sobe-para-20-informa-ssp\\\/\",\"url\":\"https:\\\/\\\/regiaonews.net.br\\\/2022\\\/2024\\\/02\\\/13\\\/numero-de-mortos-na-baixada-santista-sobe-para-20-informa-ssp\\\/\",\"name\":\"N\u00famero de mortos na Baixada Santista sobe para 20, informa SSP - Regi\u00e3o News\",\"isPartOf\":{\"@id\":\"https:\\\/\\\/regiaonews.net.br\\\/2022\\\/#website\"},\"primaryImageOfPage\":{\"@id\":\"https:\\\/\\\/regiaonews.net.br\\\/2022\\\/2024\\\/02\\\/13\\\/numero-de-mortos-na-baixada-santista-sobe-para-20-informa-ssp\\\/#primaryimage\"},\"image\":{\"@id\":\"https:\\\/\\\/regiaonews.net.br\\\/2022\\\/2024\\\/02\\\/13\\\/numero-de-mortos-na-baixada-santista-sobe-para-20-informa-ssp\\\/#primaryimage\"},\"thumbnailUrl\":\"https:\\\/\\\/regiaonews.net.br\\\/2022\\\/wp-content\\\/uploads\\\/2024\\\/02\\\/1017822-06052016dsc_9206-.webp\",\"datePublished\":\"2024-02-13T19:41:42+00:00\",\"dateModified\":\"2024-02-13T19:57:52+00:00\",\"breadcrumb\":{\"@id\":\"https:\\\/\\\/regiaonews.net.br\\\/2022\\\/2024\\\/02\\\/13\\\/numero-de-mortos-na-baixada-santista-sobe-para-20-informa-ssp\\\/#breadcrumb\"},\"inLanguage\":\"pt-BR\",\"potentialAction\":[{\"@type\":\"ReadAction\",\"target\":[\"https:\\\/\\\/regiaonews.net.br\\\/2022\\\/2024\\\/02\\\/13\\\/numero-de-mortos-na-baixada-santista-sobe-para-20-informa-ssp\\\/\"]}]},{\"@type\":\"ImageObject\",\"inLanguage\":\"pt-BR\",\"@id\":\"https:\\\/\\\/regiaonews.net.br\\\/2022\\\/2024\\\/02\\\/13\\\/numero-de-mortos-na-baixada-santista-sobe-para-20-informa-ssp\\\/#primaryimage\",\"url\":\"https:\\\/\\\/regiaonews.net.br\\\/2022\\\/wp-content\\\/uploads\\\/2024\\\/02\\\/1017822-06052016dsc_9206-.webp\",\"contentUrl\":\"https:\\\/\\\/regiaonews.net.br\\\/2022\\\/wp-content\\\/uploads\\\/2024\\\/02\\\/1017822-06052016dsc_9206-.webp\",\"width\":1170,\"height\":700},{\"@type\":\"BreadcrumbList\",\"@id\":\"https:\\\/\\\/regiaonews.net.br\\\/2022\\\/2024\\\/02\\\/13\\\/numero-de-mortos-na-baixada-santista-sobe-para-20-informa-ssp\\\/#breadcrumb\",\"itemListElement\":[{\"@type\":\"ListItem\",\"position\":1,\"name\":\"In\u00edcio\",\"item\":\"https:\\\/\\\/regiaonews.net.br\\\/2022\\\/\"},{\"@type\":\"ListItem\",\"position\":2,\"name\":\"N\u00famero de mortos na Baixada Santista sobe para 20, informa SSP\"}]},{\"@type\":\"WebSite\",\"@id\":\"https:\\\/\\\/regiaonews.net.br\\\/2022\\\/#website\",\"url\":\"https:\\\/\\\/regiaonews.net.br\\\/2022\\\/\",\"name\":\"Regi\u00e3o News\",\"description\":\"Site de Not\u00edcias de Barretos e regi\u00e3o\",\"publisher\":{\"@id\":\"https:\\\/\\\/regiaonews.net.br\\\/2022\\\/#organization\"},\"potentialAction\":[{\"@type\":\"SearchAction\",\"target\":{\"@type\":\"EntryPoint\",\"urlTemplate\":\"https:\\\/\\\/regiaonews.net.br\\\/2022\\\/?s={search_term_string}\"},\"query-input\":{\"@type\":\"PropertyValueSpecification\",\"valueRequired\":true,\"valueName\":\"search_term_string\"}}],\"inLanguage\":\"pt-BR\"},{\"@type\":\"Organization\",\"@id\":\"https:\\\/\\\/regiaonews.net.br\\\/2022\\\/#organization\",\"name\":\"Regi\u00e3o News\",\"url\":\"https:\\\/\\\/regiaonews.net.br\\\/2022\\\/\",\"logo\":{\"@type\":\"ImageObject\",\"inLanguage\":\"pt-BR\",\"@id\":\"https:\\\/\\\/regiaonews.net.br\\\/2022\\\/#\\\/schema\\\/logo\\\/image\\\/\",\"url\":\"https:\\\/\\\/regiaonews.net.br\\\/2022\\\/wp-content\\\/uploads\\\/2026\\\/03\\\/regiao-13-anos-scaled.jpg\",\"contentUrl\":\"https:\\\/\\\/regiaonews.net.br\\\/2022\\\/wp-content\\\/uploads\\\/2026\\\/03\\\/regiao-13-anos-scaled.jpg\",\"width\":2560,\"height\":635,\"caption\":\"Regi\u00e3o News\"},\"image\":{\"@id\":\"https:\\\/\\\/regiaonews.net.br\\\/2022\\\/#\\\/schema\\\/logo\\\/image\\\/\"}},{\"@type\":\"Person\",\"@id\":\"https:\\\/\\\/regiaonews.net.br\\\/2022\\\/#\\\/schema\\\/person\\\/2d205a608a5aa97ac279d7a5e6d89ad8\",\"name\":\"Roberto\",\"image\":{\"@type\":\"ImageObject\",\"inLanguage\":\"pt-BR\",\"@id\":\"https:\\\/\\\/secure.gravatar.com\\\/avatar\\\/42749d8b712ff9d59ca93dc150494e5b55a44134482993f5baeb97e61b7ecc89?s=96&d=mm&r=g\",\"url\":\"https:\\\/\\\/secure.gravatar.com\\\/avatar\\\/42749d8b712ff9d59ca93dc150494e5b55a44134482993f5baeb97e61b7ecc89?s=96&d=mm&r=g\",\"contentUrl\":\"https:\\\/\\\/secure.gravatar.com\\\/avatar\\\/42749d8b712ff9d59ca93dc150494e5b55a44134482993f5baeb97e61b7ecc89?s=96&d=mm&r=g\",\"caption\":\"Roberto\"},\"url\":\"https:\\\/\\\/regiaonews.net.br\\\/2022\\\/author\\\/roberto\\\/\"}]}<\/script>\n<!-- \/ Yoast SEO plugin. -->","yoast_head_json":{"title":"N\u00famero de mortos na Baixada Santista sobe para 20, informa SSP - Regi\u00e3o News","robots":{"index":"index","follow":"follow","max-snippet":"max-snippet:-1","max-image-preview":"max-image-preview:large","max-video-preview":"max-video-preview:-1"},"canonical":"https:\/\/regiaonews.net.br\/2022\/2024\/02\/13\/numero-de-mortos-na-baixada-santista-sobe-para-20-informa-ssp\/","og_locale":"pt_BR","og_type":"article","og_title":"N\u00famero de mortos na Baixada Santista sobe para 20, informa SSP - Regi\u00e3o News","og_description":"Fonte- Ag\u00eancia Brasil A Pol\u00edcia Militar de S\u00e3o Paulo matou","og_url":"https:\/\/regiaonews.net.br\/2022\/2024\/02\/13\/numero-de-mortos-na-baixada-santista-sobe-para-20-informa-ssp\/","og_site_name":"Regi\u00e3o News","article_published_time":"2024-02-13T19:41:42+00:00","article_modified_time":"2024-02-13T19:57:52+00:00","og_image":[{"width":1170,"height":700,"url":"https:\/\/regiaonews.net.br\/2022\/wp-content\/uploads\/2024\/02\/1017822-06052016dsc_9206-.webp","type":"image\/webp"}],"author":"Roberto","twitter_card":"summary_large_image","twitter_misc":{"Escrito por":"Roberto","Est. tempo de leitura":"4 minutos"},"schema":{"@context":"https:\/\/schema.org","@graph":[{"@type":"Article","@id":"https:\/\/regiaonews.net.br\/2022\/2024\/02\/13\/numero-de-mortos-na-baixada-santista-sobe-para-20-informa-ssp\/#article","isPartOf":{"@id":"https:\/\/regiaonews.net.br\/2022\/2024\/02\/13\/numero-de-mortos-na-baixada-santista-sobe-para-20-informa-ssp\/"},"author":{"name":"Roberto","@id":"https:\/\/regiaonews.net.br\/2022\/#\/schema\/person\/2d205a608a5aa97ac279d7a5e6d89ad8"},"headline":"N\u00famero de mortos na Baixada Santista sobe para 20, informa SSP","datePublished":"2024-02-13T19:41:42+00:00","dateModified":"2024-02-13T19:57:52+00:00","mainEntityOfPage":{"@id":"https:\/\/regiaonews.net.br\/2022\/2024\/02\/13\/numero-de-mortos-na-baixada-santista-sobe-para-20-informa-ssp\/"},"wordCount":491,"commentCount":0,"publisher":{"@id":"https:\/\/regiaonews.net.br\/2022\/#organization"},"image":{"@id":"https:\/\/regiaonews.net.br\/2022\/2024\/02\/13\/numero-de-mortos-na-baixada-santista-sobe-para-20-informa-ssp\/#primaryimage"},"thumbnailUrl":"https:\/\/regiaonews.net.br\/2022\/wp-content\/uploads\/2024\/02\/1017822-06052016dsc_9206-.webp","articleSection":["Policia","Santos"],"inLanguage":"pt-BR","potentialAction":[{"@type":"CommentAction","name":"Comment","target":["https:\/\/regiaonews.net.br\/2022\/2024\/02\/13\/numero-de-mortos-na-baixada-santista-sobe-para-20-informa-ssp\/#respond"]}]},{"@type":"WebPage","@id":"https:\/\/regiaonews.net.br\/2022\/2024\/02\/13\/numero-de-mortos-na-baixada-santista-sobe-para-20-informa-ssp\/","url":"https:\/\/regiaonews.net.br\/2022\/2024\/02\/13\/numero-de-mortos-na-baixada-santista-sobe-para-20-informa-ssp\/","name":"N\u00famero de mortos na Baixada Santista sobe para 20, informa SSP - Regi\u00e3o News","isPartOf":{"@id":"https:\/\/regiaonews.net.br\/2022\/#website"},"primaryImageOfPage":{"@id":"https:\/\/regiaonews.net.br\/2022\/2024\/02\/13\/numero-de-mortos-na-baixada-santista-sobe-para-20-informa-ssp\/#primaryimage"},"image":{"@id":"https:\/\/regiaonews.net.br\/2022\/2024\/02\/13\/numero-de-mortos-na-baixada-santista-sobe-para-20-informa-ssp\/#primaryimage"},"thumbnailUrl":"https:\/\/regiaonews.net.br\/2022\/wp-content\/uploads\/2024\/02\/1017822-06052016dsc_9206-.webp","datePublished":"2024-02-13T19:41:42+00:00","dateModified":"2024-02-13T19:57:52+00:00","breadcrumb":{"@id":"https:\/\/regiaonews.net.br\/2022\/2024\/02\/13\/numero-de-mortos-na-baixada-santista-sobe-para-20-informa-ssp\/#breadcrumb"},"inLanguage":"pt-BR","potentialAction":[{"@type":"ReadAction","target":["https:\/\/regiaonews.net.br\/2022\/2024\/02\/13\/numero-de-mortos-na-baixada-santista-sobe-para-20-informa-ssp\/"]}]},{"@type":"ImageObject","inLanguage":"pt-BR","@id":"https:\/\/regiaonews.net.br\/2022\/2024\/02\/13\/numero-de-mortos-na-baixada-santista-sobe-para-20-informa-ssp\/#primaryimage","url":"https:\/\/regiaonews.net.br\/2022\/wp-content\/uploads\/2024\/02\/1017822-06052016dsc_9206-.webp","contentUrl":"https:\/\/regiaonews.net.br\/2022\/wp-content\/uploads\/2024\/02\/1017822-06052016dsc_9206-.webp","width":1170,"height":700},{"@type":"BreadcrumbList","@id":"https:\/\/regiaonews.net.br\/2022\/2024\/02\/13\/numero-de-mortos-na-baixada-santista-sobe-para-20-informa-ssp\/#breadcrumb","itemListElement":[{"@type":"ListItem","position":1,"name":"In\u00edcio","item":"https:\/\/regiaonews.net.br\/2022\/"},{"@type":"ListItem","position":2,"name":"N\u00famero de mortos na Baixada Santista sobe para 20, informa SSP"}]},{"@type":"WebSite","@id":"https:\/\/regiaonews.net.br\/2022\/#website","url":"https:\/\/regiaonews.net.br\/2022\/","name":"Regi\u00e3o News","description":"Site de Not\u00edcias de Barretos e regi\u00e3o","publisher":{"@id":"https:\/\/regiaonews.net.br\/2022\/#organization"},"potentialAction":[{"@type":"SearchAction","target":{"@type":"EntryPoint","urlTemplate":"https:\/\/regiaonews.net.br\/2022\/?s={search_term_string}"},"query-input":{"@type":"PropertyValueSpecification","valueRequired":true,"valueName":"search_term_string"}}],"inLanguage":"pt-BR"},{"@type":"Organization","@id":"https:\/\/regiaonews.net.br\/2022\/#organization","name":"Regi\u00e3o News","url":"https:\/\/regiaonews.net.br\/2022\/","logo":{"@type":"ImageObject","inLanguage":"pt-BR","@id":"https:\/\/regiaonews.net.br\/2022\/#\/schema\/logo\/image\/","url":"https:\/\/regiaonews.net.br\/2022\/wp-content\/uploads\/2026\/03\/regiao-13-anos-scaled.jpg","contentUrl":"https:\/\/regiaonews.net.br\/2022\/wp-content\/uploads\/2026\/03\/regiao-13-anos-scaled.jpg","width":2560,"height":635,"caption":"Regi\u00e3o News"},"image":{"@id":"https:\/\/regiaonews.net.br\/2022\/#\/schema\/logo\/image\/"}},{"@type":"Person","@id":"https:\/\/regiaonews.net.br\/2022\/#\/schema\/person\/2d205a608a5aa97ac279d7a5e6d89ad8","name":"Roberto","image":{"@type":"ImageObject","inLanguage":"pt-BR","@id":"https:\/\/secure.gravatar.com\/avatar\/42749d8b712ff9d59ca93dc150494e5b55a44134482993f5baeb97e61b7ecc89?s=96&d=mm&r=g","url":"https:\/\/secure.gravatar.com\/avatar\/42749d8b712ff9d59ca93dc150494e5b55a44134482993f5baeb97e61b7ecc89?s=96&d=mm&r=g","contentUrl":"https:\/\/secure.gravatar.com\/avatar\/42749d8b712ff9d59ca93dc150494e5b55a44134482993f5baeb97e61b7ecc89?s=96&d=mm&r=g","caption":"Roberto"},"url":"https:\/\/regiaonews.net.br\/2022\/author\/roberto\/"}]}},"publishpress_future_action":{"enabled":false,"date":"2026-05-03 22:39:55","action":"change-status","newStatus":"draft","terms":[],"taxonomy":"category","extraData":[]},"publishpress_future_workflow_manual_trigger":{"enabledWorkflows":[]},"_links":{"self":[{"href":"https:\/\/regiaonews.net.br\/2022\/wp-json\/wp\/v2\/posts\/101255","targetHints":{"allow":["GET"]}}],"collection":[{"href":"https:\/\/regiaonews.net.br\/2022\/wp-json\/wp\/v2\/posts"}],"about":[{"href":"https:\/\/regiaonews.net.br\/2022\/wp-json\/wp\/v2\/types\/post"}],"author":[{"embeddable":true,"href":"https:\/\/regiaonews.net.br\/2022\/wp-json\/wp\/v2\/users\/2"}],"replies":[{"embeddable":true,"href":"https:\/\/regiaonews.net.br\/2022\/wp-json\/wp\/v2\/comments?post=101255"}],"version-history":[{"count":1,"href":"https:\/\/regiaonews.net.br\/2022\/wp-json\/wp\/v2\/posts\/101255\/revisions"}],"predecessor-version":[{"id":101257,"href":"https:\/\/regiaonews.net.br\/2022\/wp-json\/wp\/v2\/posts\/101255\/revisions\/101257"}],"wp:featuredmedia":[{"embeddable":true,"href":"https:\/\/regiaonews.net.br\/2022\/wp-json\/wp\/v2\/media\/101256"}],"wp:attachment":[{"href":"https:\/\/regiaonews.net.br\/2022\/wp-json\/wp\/v2\/media?parent=101255"}],"wp:term":[{"taxonomy":"category","embeddable":true,"href":"https:\/\/regiaonews.net.br\/2022\/wp-json\/wp\/v2\/categories?post=101255"},{"taxonomy":"post_tag","embeddable":true,"href":"https:\/\/regiaonews.net.br\/2022\/wp-json\/wp\/v2\/tags?post=101255"}],"curies":[{"name":"wp","href":"https:\/\/api.w.org\/{rel}","templated":true}]}}