{"id":101247,"date":"2024-02-13T10:32:11","date_gmt":"2024-02-13T13:32:11","guid":{"rendered":"https:\/\/regiaonews.net.br\/2022\/?p=101247"},"modified":"2024-02-13T10:34:41","modified_gmt":"2024-02-13T13:34:41","slug":"dom-milton-divulga-mensagem-e-video-da-campanha-da-fraternidade-2024","status":"publish","type":"post","link":"https:\/\/regiaonews.net.br\/2022\/2024\/02\/13\/dom-milton-divulga-mensagem-e-video-da-campanha-da-fraternidade-2024\/","title":{"rendered":"Dom Milton divulga mensagem e v\u00eddeo sobre a  Campanha da Fraternidade 2024"},"content":{"rendered":"<p>&nbsp;<\/p>\n<p>\u201cV\u00f3s sois todos irm\u00e3os e irm\u00e3s\u201d (Mt 23,8)<\/p>\n<p>Neste ano ao celebrar o tempo da Quaresma, a Igreja nos prop\u00f5e como uma realidade que nos convida a empenharmos nossas for\u00e7as para que a nossa convers\u00e3o possa refletir na nossa vida comunit\u00e1ria e social o tema da \u201camizade social\u201d.<br \/>\nEsta realidade se inspira na Carta Enc\u00edclica do Papa Francisco \u201cFratelli Tutti\u201d (Todos Irm\u00e3os) no qual ele prop\u00f5e um projeto de fraternidade baseado na amizade social e no amor pol\u00edtico, tendo o di\u00e1logo como caminho necess\u00e1rio para a cultura do encontro.<br \/>\nEntre as muitas defini\u00e7\u00f5es que pode se dar \u00e0 amizade social, podemos dizer que se trata do amor presente em todas as rela\u00e7\u00f5es; trata-se da nossa voca\u00e7\u00e3o para formar uma comunidade feita de irm\u00e3os que se acolhem mutuamente e cuidam uns dos outros.<br \/>\nO Papa Francisco afirma que amizade social \u00e9 \u201co amor como base da rela\u00e7\u00e3o entre as pessoas e os povos, \u00e9 o amor feito cultura\u201d (FT 95).<br \/>\nA proposta da amizade social \u00e9 um chamado \u00e0 verdadeira convers\u00e3o quando consideramos que hoje n\u00e3o nos sentimos mais respons\u00e1veis uns pelos outros, como tamb\u00e9m temos tanta dificuldade em aceitar as pessoas que pensam e agem diferentemente de n\u00f3s. As diferen\u00e7as tornaram-se inimizades e ainda mais grave, o diferente tornou-se amea\u00e7a e \u00e9 tratado como inimigo.<br \/>\nA contradi\u00e7\u00e3o do nosso tempo est\u00e1 no fato de que vivemos fisicamente pr\u00f3ximos, mas existencialmente distantes. N\u00e3o buscamos o encontro com o outro; trocamos o relacionamento humano, por um outro tipo de relacionamento qualquer, desumano e desunamizador, possessivo, utilit\u00e1rio que n\u00e3o ao outro o direito de ser ele mesmo. Tornamo-nos incapazes de nos colocar no lugar do outro, incapazes do que Jesus chama no Evangelho de compaix\u00e3o, de padecer o sofrimento alheio.<br \/>\nO texto b\u00edblico que inspira a convers\u00e3o para a amizade social \u00e9 do Evangelho de Mateus, cap\u00edtulo 23. Jesus censura os fariseus e doutores da Lei que se serviam da religi\u00e3o judaica para assegurar os seus pr\u00f3prios interesses. Haviam transformado a pratica da Lei de Mois\u00e9s no cumprimento de uma infinidade de preceitos, descuidando do que \u00e9 o mais querido por Deus: a justi\u00e7a, a fidelidade e a miseric\u00f3rdia.<br \/>\nAos que se consideravam superiores aos outros por causa de sua religiosidade, Jesus declara: \u201cV\u00f3s sois todos irm\u00e3os e irm\u00e3s&#8230;\u201d (cf. Mt 23,8). Ao considerar nossa pratica quaresmal como esfor\u00e7o de converter-nos, as palavras de Jesus tornam-se inspiradoras. Nossa convers\u00e3o ser\u00e1 autentica se partir da compreens\u00e3o se chamados a Deus como Pai, declaramos que somos todos irm\u00e3os. Afinal, n\u00e3o se trata do \u201cmeu\u201d Pai, mas do \u201cPai nosso\u201d.<br \/>\nS\u00e3o muitas as atitudes que decorrem da proposta da Campanha da Fraternidade cujo tema \u00e9 \u201cFraternidade e Amizade social\u201d. O Evangelho nos revela a cada p\u00e1gina, nas atitudes e palavras de Jesus que o \u201camor\u201d est\u00e1 no centro do an\u00fancio do Evangelho. Quando interrogado por um mestre da lei qual \u00e9 o primeiro de todos os mandamentos, Jesus responde que se trata de amar a Deus e amar ao pr\u00f3ximo. O doutor da Lei conclui dizendo que cumprir este mandamento \u201cvale mais do que todos os holocaustos e todos os sacrif\u00edcios\u201d (Mc 12, 33), e Jesus declara \u201cTu n\u00e3o est\u00e1s longe do Reino de Deus\u201d (Mc 12,34).<br \/>\nQuando interrogado por outro mestre da Lei \u201cquem \u00e9 o meu pr\u00f3ximo?\u201d (Lc 10,29); Jesus responde com a par\u00e1bola do bom samaritano, levando o mestre a Lei a compreens\u00e3o de que pr\u00f3ximo \u00e9 aquele que usa de miseric\u00f3rdia para com os outros, Jesus concluiu dizendo: \u201cVai, e tamb\u00e9m tu, faze o mesmo\u201d ( Lc 10,37).<br \/>\nO apelo que a Campanha da Fraternidade nos faz neste ano quando prop\u00f5e a amizade social como tema da Campanha \u00e9 \u201cfazer-nos pr\u00f3ximos\u201d, n\u00e3o nos deixarmos enganar pelos discursos e propagandas de \u00f3dio, de discrimina\u00e7\u00e3o, de preconceitos e exclus\u00e3o, muitas vezes sob o manto da religi\u00e3o.<br \/>\nDeixemos que as palavras de Jesus ressoem fortemente ao nosso cora\u00e7\u00e3o neste tempo quaresmal: \u201cV\u00f3s sois todos irm\u00e3os e irm\u00e3s\u201d!<\/p>\n<p>Dom Milton Kenan J\u00fanior<br \/>\nBispo de Barretos<\/p>\n<p>&nbsp;<\/p>\n<p>&nbsp;<\/p>\n<p>&nbsp;<\/p>\n<p>&nbsp;<\/p>\n<p>&nbsp;<\/p>\n<p>&nbsp;<\/p>\n<p><iframe loading=\"lazy\" title=\"CF 2024 - Fraternidade e Amizade Social\" width=\"640\" height=\"360\" src=\"https:\/\/www.youtube.com\/embed\/AfyTBbTPqzc?feature=oembed\" frameborder=\"0\" allow=\"accelerometer; autoplay; clipboard-write; encrypted-media; gyroscope; picture-in-picture; web-share\" referrerpolicy=\"strict-origin-when-cross-origin\" allowfullscreen><\/iframe><\/p>\n","protected":false},"excerpt":{"rendered":"<p>&nbsp; \u201cV\u00f3s sois todos irm\u00e3os e irm\u00e3s\u201d (Mt 23,8) Neste<\/p>\n","protected":false},"author":2,"featured_media":101248,"comment_status":"open","ping_status":"open","sticky":false,"template":"","format":"standard","meta":{"footnotes":""},"categories":[14,25],"tags":[],"class_list":["post-101247","post","type-post","status-publish","format-standard","has-post-thumbnail","hentry","category-barretos","category-cidades"],"yoast_head":"<!-- This site is optimized with the Yoast SEO plugin v27.4 - https:\/\/yoast.com\/product\/yoast-seo-wordpress\/ -->\n<title>Dom Milton divulga mensagem e v\u00eddeo sobre a Campanha da Fraternidade 2024 - Regi\u00e3o News<\/title>\n<meta name=\"robots\" content=\"index, follow, max-snippet:-1, max-image-preview:large, max-video-preview:-1\" \/>\n<link rel=\"canonical\" href=\"https:\/\/regiaonews.net.br\/2022\/2024\/02\/13\/dom-milton-divulga-mensagem-e-video-da-campanha-da-fraternidade-2024\/\" \/>\n<meta property=\"og:locale\" content=\"pt_BR\" \/>\n<meta property=\"og:type\" content=\"article\" \/>\n<meta property=\"og:title\" content=\"Dom Milton divulga mensagem e v\u00eddeo sobre a Campanha da Fraternidade 2024 - Regi\u00e3o News\" \/>\n<meta property=\"og:description\" content=\"&nbsp; \u201cV\u00f3s sois todos irm\u00e3os e irm\u00e3s\u201d (Mt 23,8) Neste\" \/>\n<meta property=\"og:url\" content=\"https:\/\/regiaonews.net.br\/2022\/2024\/02\/13\/dom-milton-divulga-mensagem-e-video-da-campanha-da-fraternidade-2024\/\" \/>\n<meta property=\"og:site_name\" content=\"Regi\u00e3o News\" \/>\n<meta property=\"article:published_time\" content=\"2024-02-13T13:32:11+00:00\" \/>\n<meta property=\"article:modified_time\" content=\"2024-02-13T13:34:41+00:00\" \/>\n<meta property=\"og:image\" content=\"https:\/\/regiaonews.net.br\/2022\/wp-content\/uploads\/2024\/02\/Screenshot_20240213-102556_YouTube.jpg\" \/>\n\t<meta property=\"og:image:width\" content=\"1076\" \/>\n\t<meta property=\"og:image:height\" content=\"612\" \/>\n\t<meta property=\"og:image:type\" content=\"image\/jpeg\" \/>\n<meta name=\"author\" content=\"Roberto\" \/>\n<meta name=\"twitter:card\" content=\"summary_large_image\" \/>\n<meta name=\"twitter:label1\" content=\"Escrito por\" \/>\n\t<meta name=\"twitter:data1\" content=\"Roberto\" \/>\n\t<meta name=\"twitter:label2\" content=\"Est. tempo de leitura\" \/>\n\t<meta name=\"twitter:data2\" content=\"4 minutos\" \/>\n<script type=\"application\/ld+json\" class=\"yoast-schema-graph\">{\"@context\":\"https:\\\/\\\/schema.org\",\"@graph\":[{\"@type\":\"Article\",\"@id\":\"https:\\\/\\\/regiaonews.net.br\\\/2022\\\/2024\\\/02\\\/13\\\/dom-milton-divulga-mensagem-e-video-da-campanha-da-fraternidade-2024\\\/#article\",\"isPartOf\":{\"@id\":\"https:\\\/\\\/regiaonews.net.br\\\/2022\\\/2024\\\/02\\\/13\\\/dom-milton-divulga-mensagem-e-video-da-campanha-da-fraternidade-2024\\\/\"},\"author\":{\"name\":\"Roberto\",\"@id\":\"https:\\\/\\\/regiaonews.net.br\\\/2022\\\/#\\\/schema\\\/person\\\/2d205a608a5aa97ac279d7a5e6d89ad8\"},\"headline\":\"Dom Milton divulga mensagem e v\u00eddeo sobre a Campanha da Fraternidade 2024\",\"datePublished\":\"2024-02-13T13:32:11+00:00\",\"dateModified\":\"2024-02-13T13:34:41+00:00\",\"mainEntityOfPage\":{\"@id\":\"https:\\\/\\\/regiaonews.net.br\\\/2022\\\/2024\\\/02\\\/13\\\/dom-milton-divulga-mensagem-e-video-da-campanha-da-fraternidade-2024\\\/\"},\"wordCount\":733,\"commentCount\":0,\"publisher\":{\"@id\":\"https:\\\/\\\/regiaonews.net.br\\\/2022\\\/#organization\"},\"image\":{\"@id\":\"https:\\\/\\\/regiaonews.net.br\\\/2022\\\/2024\\\/02\\\/13\\\/dom-milton-divulga-mensagem-e-video-da-campanha-da-fraternidade-2024\\\/#primaryimage\"},\"thumbnailUrl\":\"https:\\\/\\\/regiaonews.net.br\\\/2022\\\/wp-content\\\/uploads\\\/2024\\\/02\\\/Screenshot_20240213-102556_YouTube.jpg\",\"articleSection\":[\"Barretos\",\"Cidades\"],\"inLanguage\":\"pt-BR\",\"potentialAction\":[{\"@type\":\"CommentAction\",\"name\":\"Comment\",\"target\":[\"https:\\\/\\\/regiaonews.net.br\\\/2022\\\/2024\\\/02\\\/13\\\/dom-milton-divulga-mensagem-e-video-da-campanha-da-fraternidade-2024\\\/#respond\"]}]},{\"@type\":\"WebPage\",\"@id\":\"https:\\\/\\\/regiaonews.net.br\\\/2022\\\/2024\\\/02\\\/13\\\/dom-milton-divulga-mensagem-e-video-da-campanha-da-fraternidade-2024\\\/\",\"url\":\"https:\\\/\\\/regiaonews.net.br\\\/2022\\\/2024\\\/02\\\/13\\\/dom-milton-divulga-mensagem-e-video-da-campanha-da-fraternidade-2024\\\/\",\"name\":\"Dom Milton divulga mensagem e v\u00eddeo sobre a Campanha da Fraternidade 2024 - Regi\u00e3o News\",\"isPartOf\":{\"@id\":\"https:\\\/\\\/regiaonews.net.br\\\/2022\\\/#website\"},\"primaryImageOfPage\":{\"@id\":\"https:\\\/\\\/regiaonews.net.br\\\/2022\\\/2024\\\/02\\\/13\\\/dom-milton-divulga-mensagem-e-video-da-campanha-da-fraternidade-2024\\\/#primaryimage\"},\"image\":{\"@id\":\"https:\\\/\\\/regiaonews.net.br\\\/2022\\\/2024\\\/02\\\/13\\\/dom-milton-divulga-mensagem-e-video-da-campanha-da-fraternidade-2024\\\/#primaryimage\"},\"thumbnailUrl\":\"https:\\\/\\\/regiaonews.net.br\\\/2022\\\/wp-content\\\/uploads\\\/2024\\\/02\\\/Screenshot_20240213-102556_YouTube.jpg\",\"datePublished\":\"2024-02-13T13:32:11+00:00\",\"dateModified\":\"2024-02-13T13:34:41+00:00\",\"breadcrumb\":{\"@id\":\"https:\\\/\\\/regiaonews.net.br\\\/2022\\\/2024\\\/02\\\/13\\\/dom-milton-divulga-mensagem-e-video-da-campanha-da-fraternidade-2024\\\/#breadcrumb\"},\"inLanguage\":\"pt-BR\",\"potentialAction\":[{\"@type\":\"ReadAction\",\"target\":[\"https:\\\/\\\/regiaonews.net.br\\\/2022\\\/2024\\\/02\\\/13\\\/dom-milton-divulga-mensagem-e-video-da-campanha-da-fraternidade-2024\\\/\"]}]},{\"@type\":\"ImageObject\",\"inLanguage\":\"pt-BR\",\"@id\":\"https:\\\/\\\/regiaonews.net.br\\\/2022\\\/2024\\\/02\\\/13\\\/dom-milton-divulga-mensagem-e-video-da-campanha-da-fraternidade-2024\\\/#primaryimage\",\"url\":\"https:\\\/\\\/regiaonews.net.br\\\/2022\\\/wp-content\\\/uploads\\\/2024\\\/02\\\/Screenshot_20240213-102556_YouTube.jpg\",\"contentUrl\":\"https:\\\/\\\/regiaonews.net.br\\\/2022\\\/wp-content\\\/uploads\\\/2024\\\/02\\\/Screenshot_20240213-102556_YouTube.jpg\",\"width\":1076,\"height\":612},{\"@type\":\"BreadcrumbList\",\"@id\":\"https:\\\/\\\/regiaonews.net.br\\\/2022\\\/2024\\\/02\\\/13\\\/dom-milton-divulga-mensagem-e-video-da-campanha-da-fraternidade-2024\\\/#breadcrumb\",\"itemListElement\":[{\"@type\":\"ListItem\",\"position\":1,\"name\":\"In\u00edcio\",\"item\":\"https:\\\/\\\/regiaonews.net.br\\\/2022\\\/\"},{\"@type\":\"ListItem\",\"position\":2,\"name\":\"Dom Milton divulga mensagem e v\u00eddeo sobre a Campanha da Fraternidade 2024\"}]},{\"@type\":\"WebSite\",\"@id\":\"https:\\\/\\\/regiaonews.net.br\\\/2022\\\/#website\",\"url\":\"https:\\\/\\\/regiaonews.net.br\\\/2022\\\/\",\"name\":\"Regi\u00e3o News\",\"description\":\"Site de Not\u00edcias de Barretos e regi\u00e3o\",\"publisher\":{\"@id\":\"https:\\\/\\\/regiaonews.net.br\\\/2022\\\/#organization\"},\"potentialAction\":[{\"@type\":\"SearchAction\",\"target\":{\"@type\":\"EntryPoint\",\"urlTemplate\":\"https:\\\/\\\/regiaonews.net.br\\\/2022\\\/?s={search_term_string}\"},\"query-input\":{\"@type\":\"PropertyValueSpecification\",\"valueRequired\":true,\"valueName\":\"search_term_string\"}}],\"inLanguage\":\"pt-BR\"},{\"@type\":\"Organization\",\"@id\":\"https:\\\/\\\/regiaonews.net.br\\\/2022\\\/#organization\",\"name\":\"Regi\u00e3o News\",\"url\":\"https:\\\/\\\/regiaonews.net.br\\\/2022\\\/\",\"logo\":{\"@type\":\"ImageObject\",\"inLanguage\":\"pt-BR\",\"@id\":\"https:\\\/\\\/regiaonews.net.br\\\/2022\\\/#\\\/schema\\\/logo\\\/image\\\/\",\"url\":\"https:\\\/\\\/regiaonews.net.br\\\/2022\\\/wp-content\\\/uploads\\\/2026\\\/03\\\/regiao-13-anos-scaled.jpg\",\"contentUrl\":\"https:\\\/\\\/regiaonews.net.br\\\/2022\\\/wp-content\\\/uploads\\\/2026\\\/03\\\/regiao-13-anos-scaled.jpg\",\"width\":2560,\"height\":635,\"caption\":\"Regi\u00e3o News\"},\"image\":{\"@id\":\"https:\\\/\\\/regiaonews.net.br\\\/2022\\\/#\\\/schema\\\/logo\\\/image\\\/\"}},{\"@type\":\"Person\",\"@id\":\"https:\\\/\\\/regiaonews.net.br\\\/2022\\\/#\\\/schema\\\/person\\\/2d205a608a5aa97ac279d7a5e6d89ad8\",\"name\":\"Roberto\",\"image\":{\"@type\":\"ImageObject\",\"inLanguage\":\"pt-BR\",\"@id\":\"https:\\\/\\\/secure.gravatar.com\\\/avatar\\\/42749d8b712ff9d59ca93dc150494e5b55a44134482993f5baeb97e61b7ecc89?s=96&d=mm&r=g\",\"url\":\"https:\\\/\\\/secure.gravatar.com\\\/avatar\\\/42749d8b712ff9d59ca93dc150494e5b55a44134482993f5baeb97e61b7ecc89?s=96&d=mm&r=g\",\"contentUrl\":\"https:\\\/\\\/secure.gravatar.com\\\/avatar\\\/42749d8b712ff9d59ca93dc150494e5b55a44134482993f5baeb97e61b7ecc89?s=96&d=mm&r=g\",\"caption\":\"Roberto\"},\"url\":\"https:\\\/\\\/regiaonews.net.br\\\/2022\\\/author\\\/roberto\\\/\"}]}<\/script>\n<!-- \/ Yoast SEO plugin. -->","yoast_head_json":{"title":"Dom Milton divulga mensagem e v\u00eddeo sobre a Campanha da Fraternidade 2024 - Regi\u00e3o News","robots":{"index":"index","follow":"follow","max-snippet":"max-snippet:-1","max-image-preview":"max-image-preview:large","max-video-preview":"max-video-preview:-1"},"canonical":"https:\/\/regiaonews.net.br\/2022\/2024\/02\/13\/dom-milton-divulga-mensagem-e-video-da-campanha-da-fraternidade-2024\/","og_locale":"pt_BR","og_type":"article","og_title":"Dom Milton divulga mensagem e v\u00eddeo sobre a Campanha da Fraternidade 2024 - Regi\u00e3o News","og_description":"&nbsp; \u201cV\u00f3s sois todos irm\u00e3os e irm\u00e3s\u201d (Mt 23,8) Neste","og_url":"https:\/\/regiaonews.net.br\/2022\/2024\/02\/13\/dom-milton-divulga-mensagem-e-video-da-campanha-da-fraternidade-2024\/","og_site_name":"Regi\u00e3o News","article_published_time":"2024-02-13T13:32:11+00:00","article_modified_time":"2024-02-13T13:34:41+00:00","og_image":[{"width":1076,"height":612,"url":"https:\/\/regiaonews.net.br\/2022\/wp-content\/uploads\/2024\/02\/Screenshot_20240213-102556_YouTube.jpg","type":"image\/jpeg"}],"author":"Roberto","twitter_card":"summary_large_image","twitter_misc":{"Escrito por":"Roberto","Est. tempo de leitura":"4 minutos"},"schema":{"@context":"https:\/\/schema.org","@graph":[{"@type":"Article","@id":"https:\/\/regiaonews.net.br\/2022\/2024\/02\/13\/dom-milton-divulga-mensagem-e-video-da-campanha-da-fraternidade-2024\/#article","isPartOf":{"@id":"https:\/\/regiaonews.net.br\/2022\/2024\/02\/13\/dom-milton-divulga-mensagem-e-video-da-campanha-da-fraternidade-2024\/"},"author":{"name":"Roberto","@id":"https:\/\/regiaonews.net.br\/2022\/#\/schema\/person\/2d205a608a5aa97ac279d7a5e6d89ad8"},"headline":"Dom Milton divulga mensagem e v\u00eddeo sobre a Campanha da Fraternidade 2024","datePublished":"2024-02-13T13:32:11+00:00","dateModified":"2024-02-13T13:34:41+00:00","mainEntityOfPage":{"@id":"https:\/\/regiaonews.net.br\/2022\/2024\/02\/13\/dom-milton-divulga-mensagem-e-video-da-campanha-da-fraternidade-2024\/"},"wordCount":733,"commentCount":0,"publisher":{"@id":"https:\/\/regiaonews.net.br\/2022\/#organization"},"image":{"@id":"https:\/\/regiaonews.net.br\/2022\/2024\/02\/13\/dom-milton-divulga-mensagem-e-video-da-campanha-da-fraternidade-2024\/#primaryimage"},"thumbnailUrl":"https:\/\/regiaonews.net.br\/2022\/wp-content\/uploads\/2024\/02\/Screenshot_20240213-102556_YouTube.jpg","articleSection":["Barretos","Cidades"],"inLanguage":"pt-BR","potentialAction":[{"@type":"CommentAction","name":"Comment","target":["https:\/\/regiaonews.net.br\/2022\/2024\/02\/13\/dom-milton-divulga-mensagem-e-video-da-campanha-da-fraternidade-2024\/#respond"]}]},{"@type":"WebPage","@id":"https:\/\/regiaonews.net.br\/2022\/2024\/02\/13\/dom-milton-divulga-mensagem-e-video-da-campanha-da-fraternidade-2024\/","url":"https:\/\/regiaonews.net.br\/2022\/2024\/02\/13\/dom-milton-divulga-mensagem-e-video-da-campanha-da-fraternidade-2024\/","name":"Dom Milton divulga mensagem e v\u00eddeo sobre a Campanha da Fraternidade 2024 - Regi\u00e3o News","isPartOf":{"@id":"https:\/\/regiaonews.net.br\/2022\/#website"},"primaryImageOfPage":{"@id":"https:\/\/regiaonews.net.br\/2022\/2024\/02\/13\/dom-milton-divulga-mensagem-e-video-da-campanha-da-fraternidade-2024\/#primaryimage"},"image":{"@id":"https:\/\/regiaonews.net.br\/2022\/2024\/02\/13\/dom-milton-divulga-mensagem-e-video-da-campanha-da-fraternidade-2024\/#primaryimage"},"thumbnailUrl":"https:\/\/regiaonews.net.br\/2022\/wp-content\/uploads\/2024\/02\/Screenshot_20240213-102556_YouTube.jpg","datePublished":"2024-02-13T13:32:11+00:00","dateModified":"2024-02-13T13:34:41+00:00","breadcrumb":{"@id":"https:\/\/regiaonews.net.br\/2022\/2024\/02\/13\/dom-milton-divulga-mensagem-e-video-da-campanha-da-fraternidade-2024\/#breadcrumb"},"inLanguage":"pt-BR","potentialAction":[{"@type":"ReadAction","target":["https:\/\/regiaonews.net.br\/2022\/2024\/02\/13\/dom-milton-divulga-mensagem-e-video-da-campanha-da-fraternidade-2024\/"]}]},{"@type":"ImageObject","inLanguage":"pt-BR","@id":"https:\/\/regiaonews.net.br\/2022\/2024\/02\/13\/dom-milton-divulga-mensagem-e-video-da-campanha-da-fraternidade-2024\/#primaryimage","url":"https:\/\/regiaonews.net.br\/2022\/wp-content\/uploads\/2024\/02\/Screenshot_20240213-102556_YouTube.jpg","contentUrl":"https:\/\/regiaonews.net.br\/2022\/wp-content\/uploads\/2024\/02\/Screenshot_20240213-102556_YouTube.jpg","width":1076,"height":612},{"@type":"BreadcrumbList","@id":"https:\/\/regiaonews.net.br\/2022\/2024\/02\/13\/dom-milton-divulga-mensagem-e-video-da-campanha-da-fraternidade-2024\/#breadcrumb","itemListElement":[{"@type":"ListItem","position":1,"name":"In\u00edcio","item":"https:\/\/regiaonews.net.br\/2022\/"},{"@type":"ListItem","position":2,"name":"Dom Milton divulga mensagem e v\u00eddeo sobre a Campanha da Fraternidade 2024"}]},{"@type":"WebSite","@id":"https:\/\/regiaonews.net.br\/2022\/#website","url":"https:\/\/regiaonews.net.br\/2022\/","name":"Regi\u00e3o News","description":"Site de Not\u00edcias de Barretos e regi\u00e3o","publisher":{"@id":"https:\/\/regiaonews.net.br\/2022\/#organization"},"potentialAction":[{"@type":"SearchAction","target":{"@type":"EntryPoint","urlTemplate":"https:\/\/regiaonews.net.br\/2022\/?s={search_term_string}"},"query-input":{"@type":"PropertyValueSpecification","valueRequired":true,"valueName":"search_term_string"}}],"inLanguage":"pt-BR"},{"@type":"Organization","@id":"https:\/\/regiaonews.net.br\/2022\/#organization","name":"Regi\u00e3o News","url":"https:\/\/regiaonews.net.br\/2022\/","logo":{"@type":"ImageObject","inLanguage":"pt-BR","@id":"https:\/\/regiaonews.net.br\/2022\/#\/schema\/logo\/image\/","url":"https:\/\/regiaonews.net.br\/2022\/wp-content\/uploads\/2026\/03\/regiao-13-anos-scaled.jpg","contentUrl":"https:\/\/regiaonews.net.br\/2022\/wp-content\/uploads\/2026\/03\/regiao-13-anos-scaled.jpg","width":2560,"height":635,"caption":"Regi\u00e3o News"},"image":{"@id":"https:\/\/regiaonews.net.br\/2022\/#\/schema\/logo\/image\/"}},{"@type":"Person","@id":"https:\/\/regiaonews.net.br\/2022\/#\/schema\/person\/2d205a608a5aa97ac279d7a5e6d89ad8","name":"Roberto","image":{"@type":"ImageObject","inLanguage":"pt-BR","@id":"https:\/\/secure.gravatar.com\/avatar\/42749d8b712ff9d59ca93dc150494e5b55a44134482993f5baeb97e61b7ecc89?s=96&d=mm&r=g","url":"https:\/\/secure.gravatar.com\/avatar\/42749d8b712ff9d59ca93dc150494e5b55a44134482993f5baeb97e61b7ecc89?s=96&d=mm&r=g","contentUrl":"https:\/\/secure.gravatar.com\/avatar\/42749d8b712ff9d59ca93dc150494e5b55a44134482993f5baeb97e61b7ecc89?s=96&d=mm&r=g","caption":"Roberto"},"url":"https:\/\/regiaonews.net.br\/2022\/author\/roberto\/"}]}},"publishpress_future_action":{"enabled":false,"date":"2026-05-04 00:18:00","action":"change-status","newStatus":"draft","terms":[],"taxonomy":"category","extraData":[]},"publishpress_future_workflow_manual_trigger":{"enabledWorkflows":[]},"_links":{"self":[{"href":"https:\/\/regiaonews.net.br\/2022\/wp-json\/wp\/v2\/posts\/101247","targetHints":{"allow":["GET"]}}],"collection":[{"href":"https:\/\/regiaonews.net.br\/2022\/wp-json\/wp\/v2\/posts"}],"about":[{"href":"https:\/\/regiaonews.net.br\/2022\/wp-json\/wp\/v2\/types\/post"}],"author":[{"embeddable":true,"href":"https:\/\/regiaonews.net.br\/2022\/wp-json\/wp\/v2\/users\/2"}],"replies":[{"embeddable":true,"href":"https:\/\/regiaonews.net.br\/2022\/wp-json\/wp\/v2\/comments?post=101247"}],"version-history":[{"count":2,"href":"https:\/\/regiaonews.net.br\/2022\/wp-json\/wp\/v2\/posts\/101247\/revisions"}],"predecessor-version":[{"id":101250,"href":"https:\/\/regiaonews.net.br\/2022\/wp-json\/wp\/v2\/posts\/101247\/revisions\/101250"}],"wp:featuredmedia":[{"embeddable":true,"href":"https:\/\/regiaonews.net.br\/2022\/wp-json\/wp\/v2\/media\/101248"}],"wp:attachment":[{"href":"https:\/\/regiaonews.net.br\/2022\/wp-json\/wp\/v2\/media?parent=101247"}],"wp:term":[{"taxonomy":"category","embeddable":true,"href":"https:\/\/regiaonews.net.br\/2022\/wp-json\/wp\/v2\/categories?post=101247"},{"taxonomy":"post_tag","embeddable":true,"href":"https:\/\/regiaonews.net.br\/2022\/wp-json\/wp\/v2\/tags?post=101247"}],"curies":[{"name":"wp","href":"https:\/\/api.w.org\/{rel}","templated":true}]}}