{"id":101231,"date":"2024-02-12T18:08:14","date_gmt":"2024-02-12T21:08:14","guid":{"rendered":"https:\/\/regiaonews.net.br\/2022\/?p=101231"},"modified":"2024-02-12T18:08:14","modified_gmt":"2024-02-12T21:08:14","slug":"carnaval-seguro-iniciativa-da-pm-ajuda-na-localizacao-de-criancas-perdidas","status":"publish","type":"post","link":"https:\/\/regiaonews.net.br\/2022\/2024\/02\/12\/carnaval-seguro-iniciativa-da-pm-ajuda-na-localizacao-de-criancas-perdidas\/","title":{"rendered":"Carnaval seguro: iniciativa da PM ajuda na localiza\u00e7\u00e3o de crian\u00e7as perdidas"},"content":{"rendered":"<div class=\"col-lg-12 mt-4 justify\">\n<h3 class=\"justify\"><\/h3>\n<\/div>\n<div class=\"col-lg-12 justify\">\n<p>&nbsp;<\/p>\n<\/div>\n<div class=\"col-lg-12 mt-2 justify\">\n<h5 class=\"justify\">Policiais distribu\u00edram pulseiras de identifica\u00e7\u00e3o nos blocos carnavalescos na capital paulista<\/h5>\n<\/div>\n<div class=\"col-lg-12 mt-3 justify\">\n<div>\n<div>A Pol\u00edcia Militar (PM) adotou uma iniciativa neste Carnaval para auxiliar os pais durante os blocos carnavalescos voltados ao p\u00fablico infantil. Os policiais est\u00e3o distribuindo pulseiras coloridas com identifica\u00e7\u00e3o para ajudar caso algum menor se perca durante a folia.<\/div>\n<div><\/div>\n<div>Desse modo, caso alguma crian\u00e7a se distancie dos pais ou dos respons\u00e1veis, \u00e9 poss\u00edvel localiz\u00e1-la com mais facilidade. Na pulseira distribu\u00edda pela PM, h\u00e1 espa\u00e7o para preenchimento com as informa\u00e7\u00f5es de contato da crian\u00e7a, como nome e telefone.<\/div>\n<div><\/div>\n<div>Na regi\u00e3o do Ibirapuera, cerca de 200 pulseiras foram disponibilizadas para identificar as crian\u00e7as. \u201cA ideia surgiu de uma experi\u00eancia que tivemos anteriormente\u201d, explicou o coronel Renato Lopes, do Comando de Policiamento de \u00c1rea Metropolitana 2.<\/div>\n<div><\/div>\n<div>De acordo com ele, no fim de semana de Carnaval, houve casos de pais que precisaram de ajuda da PM para localizar os filhos em meio aos foli\u00f5es. \u201cNo momento de desespero, o pai n\u00e3o consegue encontrar a crian\u00e7a, ent\u00e3o, com a ajuda do policial, que est\u00e1 mais tranquilo e preparado para a situa\u00e7\u00e3o, \u00e9 poss\u00edvel achar a crian\u00e7a rapidamente\u201d, disse. No s\u00e1bado e domingo, apesar das v\u00e1rias solicita\u00e7\u00f5es na regi\u00e3o do Ibirapuera para ajudar na localiza\u00e7\u00e3o das crian\u00e7as, nenhuma gerou ocorr\u00eancia de desaparecimento, pois todas foram encontradas.<\/div>\n<div><\/div>\n<div>Nesta segunda-feira (12), os policiais que est\u00e3o nas bases da PM, localizadas estrategicamente nos pontos de acesso \u00e0 festa, fizeram a distribui\u00e7\u00e3o das pulseiras. \u201cNo momento do preenchimento dos dados, o respons\u00e1vel tamb\u00e9m \u00e9 orientado pelos policiais de como proceder para evitar que a crian\u00e7a se distancie dele\u201d, explicou o coronel. Na entrada do evento, as fam\u00edlias que chegaram com crian\u00e7as sem identifica\u00e7\u00e3o foram orientadas e tiveram as pulseiras de identifica\u00e7\u00e3o oferecidas pelos policiais.<\/div>\n<\/div>\n<\/div>\n","protected":false},"excerpt":{"rendered":"<p>&nbsp; Policiais distribu\u00edram pulseiras de identifica\u00e7\u00e3o nos blocos carnavalescos na<\/p>\n","protected":false},"author":2,"featured_media":101232,"comment_status":"open","ping_status":"open","sticky":false,"template":"","format":"standard","meta":{"footnotes":""},"categories":[23,29],"tags":[],"class_list":["post-101231","post","type-post","status-publish","format-standard","has-post-thumbnail","hentry","category-policia","category-sao-paulo"],"yoast_head":"<!-- This site is optimized with the Yoast SEO plugin v27.4 - https:\/\/yoast.com\/product\/yoast-seo-wordpress\/ -->\n<title>Carnaval seguro: iniciativa da PM ajuda na localiza\u00e7\u00e3o de crian\u00e7as perdidas - Regi\u00e3o News<\/title>\n<meta name=\"robots\" content=\"index, follow, max-snippet:-1, max-image-preview:large, max-video-preview:-1\" \/>\n<link rel=\"canonical\" href=\"https:\/\/regiaonews.net.br\/2022\/2024\/02\/12\/carnaval-seguro-iniciativa-da-pm-ajuda-na-localizacao-de-criancas-perdidas\/\" \/>\n<meta property=\"og:locale\" content=\"pt_BR\" \/>\n<meta property=\"og:type\" content=\"article\" \/>\n<meta property=\"og:title\" content=\"Carnaval seguro: iniciativa da PM ajuda na localiza\u00e7\u00e3o de crian\u00e7as perdidas - Regi\u00e3o News\" \/>\n<meta property=\"og:description\" content=\"&nbsp; Policiais distribu\u00edram pulseiras de identifica\u00e7\u00e3o nos blocos carnavalescos na\" \/>\n<meta property=\"og:url\" content=\"https:\/\/regiaonews.net.br\/2022\/2024\/02\/12\/carnaval-seguro-iniciativa-da-pm-ajuda-na-localizacao-de-criancas-perdidas\/\" \/>\n<meta property=\"og:site_name\" content=\"Regi\u00e3o News\" \/>\n<meta property=\"article:published_time\" content=\"2024-02-12T21:08:14+00:00\" \/>\n<meta property=\"og:image\" content=\"https:\/\/regiaonews.net.br\/2022\/wp-content\/uploads\/2024\/02\/00053117.jpg\" \/>\n\t<meta property=\"og:image:width\" content=\"960\" \/>\n\t<meta property=\"og:image:height\" content=\"1280\" \/>\n\t<meta property=\"og:image:type\" content=\"image\/jpeg\" \/>\n<meta name=\"author\" content=\"Roberto\" \/>\n<meta name=\"twitter:card\" content=\"summary_large_image\" \/>\n<meta name=\"twitter:label1\" content=\"Escrito por\" \/>\n\t<meta name=\"twitter:data1\" content=\"Roberto\" \/>\n\t<meta name=\"twitter:label2\" content=\"Est. tempo de leitura\" \/>\n\t<meta name=\"twitter:data2\" content=\"2 minutos\" \/>\n<script type=\"application\/ld+json\" class=\"yoast-schema-graph\">{\"@context\":\"https:\\\/\\\/schema.org\",\"@graph\":[{\"@type\":\"Article\",\"@id\":\"https:\\\/\\\/regiaonews.net.br\\\/2022\\\/2024\\\/02\\\/12\\\/carnaval-seguro-iniciativa-da-pm-ajuda-na-localizacao-de-criancas-perdidas\\\/#article\",\"isPartOf\":{\"@id\":\"https:\\\/\\\/regiaonews.net.br\\\/2022\\\/2024\\\/02\\\/12\\\/carnaval-seguro-iniciativa-da-pm-ajuda-na-localizacao-de-criancas-perdidas\\\/\"},\"author\":{\"name\":\"Roberto\",\"@id\":\"https:\\\/\\\/regiaonews.net.br\\\/2022\\\/#\\\/schema\\\/person\\\/2d205a608a5aa97ac279d7a5e6d89ad8\"},\"headline\":\"Carnaval seguro: iniciativa da PM ajuda na localiza\u00e7\u00e3o de crian\u00e7as perdidas\",\"datePublished\":\"2024-02-12T21:08:14+00:00\",\"mainEntityOfPage\":{\"@id\":\"https:\\\/\\\/regiaonews.net.br\\\/2022\\\/2024\\\/02\\\/12\\\/carnaval-seguro-iniciativa-da-pm-ajuda-na-localizacao-de-criancas-perdidas\\\/\"},\"wordCount\":333,\"commentCount\":0,\"publisher\":{\"@id\":\"https:\\\/\\\/regiaonews.net.br\\\/2022\\\/#organization\"},\"image\":{\"@id\":\"https:\\\/\\\/regiaonews.net.br\\\/2022\\\/2024\\\/02\\\/12\\\/carnaval-seguro-iniciativa-da-pm-ajuda-na-localizacao-de-criancas-perdidas\\\/#primaryimage\"},\"thumbnailUrl\":\"https:\\\/\\\/regiaonews.net.br\\\/2022\\\/wp-content\\\/uploads\\\/2024\\\/02\\\/00053117.jpg\",\"articleSection\":[\"Policia\",\"S\u00e3o Paulo\"],\"inLanguage\":\"pt-BR\",\"potentialAction\":[{\"@type\":\"CommentAction\",\"name\":\"Comment\",\"target\":[\"https:\\\/\\\/regiaonews.net.br\\\/2022\\\/2024\\\/02\\\/12\\\/carnaval-seguro-iniciativa-da-pm-ajuda-na-localizacao-de-criancas-perdidas\\\/#respond\"]}]},{\"@type\":\"WebPage\",\"@id\":\"https:\\\/\\\/regiaonews.net.br\\\/2022\\\/2024\\\/02\\\/12\\\/carnaval-seguro-iniciativa-da-pm-ajuda-na-localizacao-de-criancas-perdidas\\\/\",\"url\":\"https:\\\/\\\/regiaonews.net.br\\\/2022\\\/2024\\\/02\\\/12\\\/carnaval-seguro-iniciativa-da-pm-ajuda-na-localizacao-de-criancas-perdidas\\\/\",\"name\":\"Carnaval seguro: iniciativa da PM ajuda na localiza\u00e7\u00e3o de crian\u00e7as perdidas - Regi\u00e3o News\",\"isPartOf\":{\"@id\":\"https:\\\/\\\/regiaonews.net.br\\\/2022\\\/#website\"},\"primaryImageOfPage\":{\"@id\":\"https:\\\/\\\/regiaonews.net.br\\\/2022\\\/2024\\\/02\\\/12\\\/carnaval-seguro-iniciativa-da-pm-ajuda-na-localizacao-de-criancas-perdidas\\\/#primaryimage\"},\"image\":{\"@id\":\"https:\\\/\\\/regiaonews.net.br\\\/2022\\\/2024\\\/02\\\/12\\\/carnaval-seguro-iniciativa-da-pm-ajuda-na-localizacao-de-criancas-perdidas\\\/#primaryimage\"},\"thumbnailUrl\":\"https:\\\/\\\/regiaonews.net.br\\\/2022\\\/wp-content\\\/uploads\\\/2024\\\/02\\\/00053117.jpg\",\"datePublished\":\"2024-02-12T21:08:14+00:00\",\"breadcrumb\":{\"@id\":\"https:\\\/\\\/regiaonews.net.br\\\/2022\\\/2024\\\/02\\\/12\\\/carnaval-seguro-iniciativa-da-pm-ajuda-na-localizacao-de-criancas-perdidas\\\/#breadcrumb\"},\"inLanguage\":\"pt-BR\",\"potentialAction\":[{\"@type\":\"ReadAction\",\"target\":[\"https:\\\/\\\/regiaonews.net.br\\\/2022\\\/2024\\\/02\\\/12\\\/carnaval-seguro-iniciativa-da-pm-ajuda-na-localizacao-de-criancas-perdidas\\\/\"]}]},{\"@type\":\"ImageObject\",\"inLanguage\":\"pt-BR\",\"@id\":\"https:\\\/\\\/regiaonews.net.br\\\/2022\\\/2024\\\/02\\\/12\\\/carnaval-seguro-iniciativa-da-pm-ajuda-na-localizacao-de-criancas-perdidas\\\/#primaryimage\",\"url\":\"https:\\\/\\\/regiaonews.net.br\\\/2022\\\/wp-content\\\/uploads\\\/2024\\\/02\\\/00053117.jpg\",\"contentUrl\":\"https:\\\/\\\/regiaonews.net.br\\\/2022\\\/wp-content\\\/uploads\\\/2024\\\/02\\\/00053117.jpg\",\"width\":960,\"height\":1280},{\"@type\":\"BreadcrumbList\",\"@id\":\"https:\\\/\\\/regiaonews.net.br\\\/2022\\\/2024\\\/02\\\/12\\\/carnaval-seguro-iniciativa-da-pm-ajuda-na-localizacao-de-criancas-perdidas\\\/#breadcrumb\",\"itemListElement\":[{\"@type\":\"ListItem\",\"position\":1,\"name\":\"In\u00edcio\",\"item\":\"https:\\\/\\\/regiaonews.net.br\\\/2022\\\/\"},{\"@type\":\"ListItem\",\"position\":2,\"name\":\"Carnaval seguro: iniciativa da PM ajuda na localiza\u00e7\u00e3o de crian\u00e7as perdidas\"}]},{\"@type\":\"WebSite\",\"@id\":\"https:\\\/\\\/regiaonews.net.br\\\/2022\\\/#website\",\"url\":\"https:\\\/\\\/regiaonews.net.br\\\/2022\\\/\",\"name\":\"Regi\u00e3o News\",\"description\":\"Site de Not\u00edcias de Barretos e regi\u00e3o\",\"publisher\":{\"@id\":\"https:\\\/\\\/regiaonews.net.br\\\/2022\\\/#organization\"},\"potentialAction\":[{\"@type\":\"SearchAction\",\"target\":{\"@type\":\"EntryPoint\",\"urlTemplate\":\"https:\\\/\\\/regiaonews.net.br\\\/2022\\\/?s={search_term_string}\"},\"query-input\":{\"@type\":\"PropertyValueSpecification\",\"valueRequired\":true,\"valueName\":\"search_term_string\"}}],\"inLanguage\":\"pt-BR\"},{\"@type\":\"Organization\",\"@id\":\"https:\\\/\\\/regiaonews.net.br\\\/2022\\\/#organization\",\"name\":\"Regi\u00e3o News\",\"url\":\"https:\\\/\\\/regiaonews.net.br\\\/2022\\\/\",\"logo\":{\"@type\":\"ImageObject\",\"inLanguage\":\"pt-BR\",\"@id\":\"https:\\\/\\\/regiaonews.net.br\\\/2022\\\/#\\\/schema\\\/logo\\\/image\\\/\",\"url\":\"https:\\\/\\\/regiaonews.net.br\\\/2022\\\/wp-content\\\/uploads\\\/2026\\\/03\\\/regiao-13-anos-scaled.jpg\",\"contentUrl\":\"https:\\\/\\\/regiaonews.net.br\\\/2022\\\/wp-content\\\/uploads\\\/2026\\\/03\\\/regiao-13-anos-scaled.jpg\",\"width\":2560,\"height\":635,\"caption\":\"Regi\u00e3o News\"},\"image\":{\"@id\":\"https:\\\/\\\/regiaonews.net.br\\\/2022\\\/#\\\/schema\\\/logo\\\/image\\\/\"}},{\"@type\":\"Person\",\"@id\":\"https:\\\/\\\/regiaonews.net.br\\\/2022\\\/#\\\/schema\\\/person\\\/2d205a608a5aa97ac279d7a5e6d89ad8\",\"name\":\"Roberto\",\"image\":{\"@type\":\"ImageObject\",\"inLanguage\":\"pt-BR\",\"@id\":\"https:\\\/\\\/secure.gravatar.com\\\/avatar\\\/42749d8b712ff9d59ca93dc150494e5b55a44134482993f5baeb97e61b7ecc89?s=96&d=mm&r=g\",\"url\":\"https:\\\/\\\/secure.gravatar.com\\\/avatar\\\/42749d8b712ff9d59ca93dc150494e5b55a44134482993f5baeb97e61b7ecc89?s=96&d=mm&r=g\",\"contentUrl\":\"https:\\\/\\\/secure.gravatar.com\\\/avatar\\\/42749d8b712ff9d59ca93dc150494e5b55a44134482993f5baeb97e61b7ecc89?s=96&d=mm&r=g\",\"caption\":\"Roberto\"},\"url\":\"https:\\\/\\\/regiaonews.net.br\\\/2022\\\/author\\\/roberto\\\/\"}]}<\/script>\n<!-- \/ Yoast SEO plugin. -->","yoast_head_json":{"title":"Carnaval seguro: iniciativa da PM ajuda na localiza\u00e7\u00e3o de crian\u00e7as perdidas - Regi\u00e3o News","robots":{"index":"index","follow":"follow","max-snippet":"max-snippet:-1","max-image-preview":"max-image-preview:large","max-video-preview":"max-video-preview:-1"},"canonical":"https:\/\/regiaonews.net.br\/2022\/2024\/02\/12\/carnaval-seguro-iniciativa-da-pm-ajuda-na-localizacao-de-criancas-perdidas\/","og_locale":"pt_BR","og_type":"article","og_title":"Carnaval seguro: iniciativa da PM ajuda na localiza\u00e7\u00e3o de crian\u00e7as perdidas - Regi\u00e3o News","og_description":"&nbsp; Policiais distribu\u00edram pulseiras de identifica\u00e7\u00e3o nos blocos carnavalescos na","og_url":"https:\/\/regiaonews.net.br\/2022\/2024\/02\/12\/carnaval-seguro-iniciativa-da-pm-ajuda-na-localizacao-de-criancas-perdidas\/","og_site_name":"Regi\u00e3o News","article_published_time":"2024-02-12T21:08:14+00:00","og_image":[{"width":960,"height":1280,"url":"https:\/\/regiaonews.net.br\/2022\/wp-content\/uploads\/2024\/02\/00053117.jpg","type":"image\/jpeg"}],"author":"Roberto","twitter_card":"summary_large_image","twitter_misc":{"Escrito por":"Roberto","Est. tempo de leitura":"2 minutos"},"schema":{"@context":"https:\/\/schema.org","@graph":[{"@type":"Article","@id":"https:\/\/regiaonews.net.br\/2022\/2024\/02\/12\/carnaval-seguro-iniciativa-da-pm-ajuda-na-localizacao-de-criancas-perdidas\/#article","isPartOf":{"@id":"https:\/\/regiaonews.net.br\/2022\/2024\/02\/12\/carnaval-seguro-iniciativa-da-pm-ajuda-na-localizacao-de-criancas-perdidas\/"},"author":{"name":"Roberto","@id":"https:\/\/regiaonews.net.br\/2022\/#\/schema\/person\/2d205a608a5aa97ac279d7a5e6d89ad8"},"headline":"Carnaval seguro: iniciativa da PM ajuda na localiza\u00e7\u00e3o de crian\u00e7as perdidas","datePublished":"2024-02-12T21:08:14+00:00","mainEntityOfPage":{"@id":"https:\/\/regiaonews.net.br\/2022\/2024\/02\/12\/carnaval-seguro-iniciativa-da-pm-ajuda-na-localizacao-de-criancas-perdidas\/"},"wordCount":333,"commentCount":0,"publisher":{"@id":"https:\/\/regiaonews.net.br\/2022\/#organization"},"image":{"@id":"https:\/\/regiaonews.net.br\/2022\/2024\/02\/12\/carnaval-seguro-iniciativa-da-pm-ajuda-na-localizacao-de-criancas-perdidas\/#primaryimage"},"thumbnailUrl":"https:\/\/regiaonews.net.br\/2022\/wp-content\/uploads\/2024\/02\/00053117.jpg","articleSection":["Policia","S\u00e3o Paulo"],"inLanguage":"pt-BR","potentialAction":[{"@type":"CommentAction","name":"Comment","target":["https:\/\/regiaonews.net.br\/2022\/2024\/02\/12\/carnaval-seguro-iniciativa-da-pm-ajuda-na-localizacao-de-criancas-perdidas\/#respond"]}]},{"@type":"WebPage","@id":"https:\/\/regiaonews.net.br\/2022\/2024\/02\/12\/carnaval-seguro-iniciativa-da-pm-ajuda-na-localizacao-de-criancas-perdidas\/","url":"https:\/\/regiaonews.net.br\/2022\/2024\/02\/12\/carnaval-seguro-iniciativa-da-pm-ajuda-na-localizacao-de-criancas-perdidas\/","name":"Carnaval seguro: iniciativa da PM ajuda na localiza\u00e7\u00e3o de crian\u00e7as perdidas - Regi\u00e3o News","isPartOf":{"@id":"https:\/\/regiaonews.net.br\/2022\/#website"},"primaryImageOfPage":{"@id":"https:\/\/regiaonews.net.br\/2022\/2024\/02\/12\/carnaval-seguro-iniciativa-da-pm-ajuda-na-localizacao-de-criancas-perdidas\/#primaryimage"},"image":{"@id":"https:\/\/regiaonews.net.br\/2022\/2024\/02\/12\/carnaval-seguro-iniciativa-da-pm-ajuda-na-localizacao-de-criancas-perdidas\/#primaryimage"},"thumbnailUrl":"https:\/\/regiaonews.net.br\/2022\/wp-content\/uploads\/2024\/02\/00053117.jpg","datePublished":"2024-02-12T21:08:14+00:00","breadcrumb":{"@id":"https:\/\/regiaonews.net.br\/2022\/2024\/02\/12\/carnaval-seguro-iniciativa-da-pm-ajuda-na-localizacao-de-criancas-perdidas\/#breadcrumb"},"inLanguage":"pt-BR","potentialAction":[{"@type":"ReadAction","target":["https:\/\/regiaonews.net.br\/2022\/2024\/02\/12\/carnaval-seguro-iniciativa-da-pm-ajuda-na-localizacao-de-criancas-perdidas\/"]}]},{"@type":"ImageObject","inLanguage":"pt-BR","@id":"https:\/\/regiaonews.net.br\/2022\/2024\/02\/12\/carnaval-seguro-iniciativa-da-pm-ajuda-na-localizacao-de-criancas-perdidas\/#primaryimage","url":"https:\/\/regiaonews.net.br\/2022\/wp-content\/uploads\/2024\/02\/00053117.jpg","contentUrl":"https:\/\/regiaonews.net.br\/2022\/wp-content\/uploads\/2024\/02\/00053117.jpg","width":960,"height":1280},{"@type":"BreadcrumbList","@id":"https:\/\/regiaonews.net.br\/2022\/2024\/02\/12\/carnaval-seguro-iniciativa-da-pm-ajuda-na-localizacao-de-criancas-perdidas\/#breadcrumb","itemListElement":[{"@type":"ListItem","position":1,"name":"In\u00edcio","item":"https:\/\/regiaonews.net.br\/2022\/"},{"@type":"ListItem","position":2,"name":"Carnaval seguro: iniciativa da PM ajuda na localiza\u00e7\u00e3o de crian\u00e7as perdidas"}]},{"@type":"WebSite","@id":"https:\/\/regiaonews.net.br\/2022\/#website","url":"https:\/\/regiaonews.net.br\/2022\/","name":"Regi\u00e3o News","description":"Site de Not\u00edcias de Barretos e regi\u00e3o","publisher":{"@id":"https:\/\/regiaonews.net.br\/2022\/#organization"},"potentialAction":[{"@type":"SearchAction","target":{"@type":"EntryPoint","urlTemplate":"https:\/\/regiaonews.net.br\/2022\/?s={search_term_string}"},"query-input":{"@type":"PropertyValueSpecification","valueRequired":true,"valueName":"search_term_string"}}],"inLanguage":"pt-BR"},{"@type":"Organization","@id":"https:\/\/regiaonews.net.br\/2022\/#organization","name":"Regi\u00e3o News","url":"https:\/\/regiaonews.net.br\/2022\/","logo":{"@type":"ImageObject","inLanguage":"pt-BR","@id":"https:\/\/regiaonews.net.br\/2022\/#\/schema\/logo\/image\/","url":"https:\/\/regiaonews.net.br\/2022\/wp-content\/uploads\/2026\/03\/regiao-13-anos-scaled.jpg","contentUrl":"https:\/\/regiaonews.net.br\/2022\/wp-content\/uploads\/2026\/03\/regiao-13-anos-scaled.jpg","width":2560,"height":635,"caption":"Regi\u00e3o News"},"image":{"@id":"https:\/\/regiaonews.net.br\/2022\/#\/schema\/logo\/image\/"}},{"@type":"Person","@id":"https:\/\/regiaonews.net.br\/2022\/#\/schema\/person\/2d205a608a5aa97ac279d7a5e6d89ad8","name":"Roberto","image":{"@type":"ImageObject","inLanguage":"pt-BR","@id":"https:\/\/secure.gravatar.com\/avatar\/42749d8b712ff9d59ca93dc150494e5b55a44134482993f5baeb97e61b7ecc89?s=96&d=mm&r=g","url":"https:\/\/secure.gravatar.com\/avatar\/42749d8b712ff9d59ca93dc150494e5b55a44134482993f5baeb97e61b7ecc89?s=96&d=mm&r=g","contentUrl":"https:\/\/secure.gravatar.com\/avatar\/42749d8b712ff9d59ca93dc150494e5b55a44134482993f5baeb97e61b7ecc89?s=96&d=mm&r=g","caption":"Roberto"},"url":"https:\/\/regiaonews.net.br\/2022\/author\/roberto\/"}]}},"publishpress_future_action":{"enabled":false,"date":"2026-05-03 22:38:43","action":"change-status","newStatus":"draft","terms":[],"taxonomy":"category","extraData":[]},"publishpress_future_workflow_manual_trigger":{"enabledWorkflows":[]},"_links":{"self":[{"href":"https:\/\/regiaonews.net.br\/2022\/wp-json\/wp\/v2\/posts\/101231","targetHints":{"allow":["GET"]}}],"collection":[{"href":"https:\/\/regiaonews.net.br\/2022\/wp-json\/wp\/v2\/posts"}],"about":[{"href":"https:\/\/regiaonews.net.br\/2022\/wp-json\/wp\/v2\/types\/post"}],"author":[{"embeddable":true,"href":"https:\/\/regiaonews.net.br\/2022\/wp-json\/wp\/v2\/users\/2"}],"replies":[{"embeddable":true,"href":"https:\/\/regiaonews.net.br\/2022\/wp-json\/wp\/v2\/comments?post=101231"}],"version-history":[{"count":1,"href":"https:\/\/regiaonews.net.br\/2022\/wp-json\/wp\/v2\/posts\/101231\/revisions"}],"predecessor-version":[{"id":101233,"href":"https:\/\/regiaonews.net.br\/2022\/wp-json\/wp\/v2\/posts\/101231\/revisions\/101233"}],"wp:featuredmedia":[{"embeddable":true,"href":"https:\/\/regiaonews.net.br\/2022\/wp-json\/wp\/v2\/media\/101232"}],"wp:attachment":[{"href":"https:\/\/regiaonews.net.br\/2022\/wp-json\/wp\/v2\/media?parent=101231"}],"wp:term":[{"taxonomy":"category","embeddable":true,"href":"https:\/\/regiaonews.net.br\/2022\/wp-json\/wp\/v2\/categories?post=101231"},{"taxonomy":"post_tag","embeddable":true,"href":"https:\/\/regiaonews.net.br\/2022\/wp-json\/wp\/v2\/tags?post=101231"}],"curies":[{"name":"wp","href":"https:\/\/api.w.org\/{rel}","templated":true}]}}