{"id":101205,"date":"2024-02-12T10:59:31","date_gmt":"2024-02-12T13:59:31","guid":{"rendered":"https:\/\/regiaonews.net.br\/2022\/?p=101205"},"modified":"2024-02-12T10:59:31","modified_gmt":"2024-02-12T13:59:31","slug":"programa-municipal-orienta-sobre-doencas-sexualmente-transmissiveis","status":"publish","type":"post","link":"https:\/\/regiaonews.net.br\/2022\/2024\/02\/12\/programa-municipal-orienta-sobre-doencas-sexualmente-transmissiveis\/","title":{"rendered":"Programa Municipal orienta sobre Doen\u00e7as Sexualmente Transmiss\u00edveis"},"content":{"rendered":"<p>Durante do per\u00edodo de carnaval em Barretos que acontece entre os dias 9 de 13 de fevereiro, as equipes do Programa Municipal IST\/HIV\/AIDS realiza a\u00e7\u00f5es com os foli\u00f5es que est\u00e3o curtindo o carnaval, para ressaltar a import\u00e2ncia da preven\u00e7\u00e3o.<br \/>\nSegundo a Secretaria de Sa\u00fade, as equipes estar\u00e3o levando conscientiza\u00e7\u00e3o e realizando a entrega de preservativos femininos e masculinos e de gel lubrificante, dentro do CarnaBarretos na Regi\u00e3o dos Lagos, no Bloquim no Parque do Pe\u00e3o e no Rio das Pedras. \u201cO Carnaval \u00e9 um momento de descontra\u00e7\u00e3o em que muita gente quer aproveitar a festa, mas \u00e9 sempre importante ter consci\u00eancia dos riscos de contamina\u00e7\u00e3o por infec\u00e7\u00f5es sexualmente transmiss\u00edveis e que o uso do preservativo \u00e9 a melhor forma de preven\u00e7\u00e3o\u201d, afirma a coordenadora do Programa IST\/HIV\/AIDS, Cec\u00edlia Marques dos Reis. Ela lembra que o uso do preservativo funciona tamb\u00e9m para evitar a gravidez indesejada.<br \/>\nOutro trabalho que ser\u00e1 desenvolvido, \u00e9 pelo Conselho Municipal dos Direitos da Mulher tamb\u00e9m estar\u00e1 em a\u00e7\u00e3o para combater o ass\u00e9dio sexual<br \/>\nEm casos de viol\u00eancia, ass\u00e9dio, abuso ou importuna\u00e7\u00e3o, as mulheres devem acionar a rede de prote\u00e7\u00e3o a qualquer momento, ligando gratuitamente para a Pol\u00edcia Militar 190, SAMU 192, Disque Den\u00fancia 181 ou para a Central de Atendimento \u00e0 Mulher da Ouvidoria Nacional de Direitos\u00a0Humanos\u00a0180.<\/p>\n","protected":false},"excerpt":{"rendered":"<p>Durante do per\u00edodo de carnaval em Barretos que acontece entre<\/p>\n","protected":false},"author":2,"featured_media":101206,"comment_status":"open","ping_status":"open","sticky":false,"template":"","format":"standard","meta":{"footnotes":""},"categories":[14,3],"tags":[],"class_list":["post-101205","post","type-post","status-publish","format-standard","has-post-thumbnail","hentry","category-barretos","category-geral"],"yoast_head":"<!-- This site is optimized with the Yoast SEO plugin v27.4 - https:\/\/yoast.com\/product\/yoast-seo-wordpress\/ -->\n<title>Programa Municipal orienta sobre Doen\u00e7as Sexualmente Transmiss\u00edveis - Regi\u00e3o News<\/title>\n<meta name=\"robots\" content=\"index, follow, max-snippet:-1, max-image-preview:large, max-video-preview:-1\" \/>\n<link rel=\"canonical\" href=\"https:\/\/regiaonews.net.br\/2022\/2024\/02\/12\/programa-municipal-orienta-sobre-doencas-sexualmente-transmissiveis\/\" \/>\n<meta property=\"og:locale\" content=\"pt_BR\" \/>\n<meta property=\"og:type\" content=\"article\" \/>\n<meta property=\"og:title\" content=\"Programa Municipal orienta sobre Doen\u00e7as Sexualmente Transmiss\u00edveis - Regi\u00e3o News\" \/>\n<meta property=\"og:description\" content=\"Durante do per\u00edodo de carnaval em Barretos que acontece entre\" \/>\n<meta property=\"og:url\" content=\"https:\/\/regiaonews.net.br\/2022\/2024\/02\/12\/programa-municipal-orienta-sobre-doencas-sexualmente-transmissiveis\/\" \/>\n<meta property=\"og:site_name\" content=\"Regi\u00e3o News\" \/>\n<meta property=\"article:published_time\" content=\"2024-02-12T13:59:31+00:00\" \/>\n<meta property=\"og:image\" content=\"https:\/\/regiaonews.net.br\/2022\/wp-content\/uploads\/2024\/02\/Imagem-do-WhatsApp-de-2024-02-12-as-09.33.42_f414080e.jpg\" \/>\n\t<meta property=\"og:image:width\" content=\"768\" \/>\n\t<meta property=\"og:image:height\" content=\"354\" \/>\n\t<meta property=\"og:image:type\" content=\"image\/jpeg\" \/>\n<meta name=\"author\" content=\"Roberto\" \/>\n<meta name=\"twitter:card\" content=\"summary_large_image\" \/>\n<meta name=\"twitter:label1\" content=\"Escrito por\" \/>\n\t<meta name=\"twitter:data1\" content=\"Roberto\" \/>\n\t<meta name=\"twitter:label2\" content=\"Est. tempo de leitura\" \/>\n\t<meta name=\"twitter:data2\" content=\"2 minutos\" \/>\n<script type=\"application\/ld+json\" class=\"yoast-schema-graph\">{\"@context\":\"https:\\\/\\\/schema.org\",\"@graph\":[{\"@type\":\"Article\",\"@id\":\"https:\\\/\\\/regiaonews.net.br\\\/2022\\\/2024\\\/02\\\/12\\\/programa-municipal-orienta-sobre-doencas-sexualmente-transmissiveis\\\/#article\",\"isPartOf\":{\"@id\":\"https:\\\/\\\/regiaonews.net.br\\\/2022\\\/2024\\\/02\\\/12\\\/programa-municipal-orienta-sobre-doencas-sexualmente-transmissiveis\\\/\"},\"author\":{\"name\":\"Roberto\",\"@id\":\"https:\\\/\\\/regiaonews.net.br\\\/2022\\\/#\\\/schema\\\/person\\\/2d205a608a5aa97ac279d7a5e6d89ad8\"},\"headline\":\"Programa Municipal orienta sobre Doen\u00e7as Sexualmente Transmiss\u00edveis\",\"datePublished\":\"2024-02-12T13:59:31+00:00\",\"mainEntityOfPage\":{\"@id\":\"https:\\\/\\\/regiaonews.net.br\\\/2022\\\/2024\\\/02\\\/12\\\/programa-municipal-orienta-sobre-doencas-sexualmente-transmissiveis\\\/\"},\"wordCount\":243,\"commentCount\":0,\"publisher\":{\"@id\":\"https:\\\/\\\/regiaonews.net.br\\\/2022\\\/#organization\"},\"image\":{\"@id\":\"https:\\\/\\\/regiaonews.net.br\\\/2022\\\/2024\\\/02\\\/12\\\/programa-municipal-orienta-sobre-doencas-sexualmente-transmissiveis\\\/#primaryimage\"},\"thumbnailUrl\":\"https:\\\/\\\/regiaonews.net.br\\\/2022\\\/wp-content\\\/uploads\\\/2024\\\/02\\\/Imagem-do-WhatsApp-de-2024-02-12-as-09.33.42_f414080e.jpg\",\"articleSection\":[\"Barretos\",\"Geral\"],\"inLanguage\":\"pt-BR\",\"potentialAction\":[{\"@type\":\"CommentAction\",\"name\":\"Comment\",\"target\":[\"https:\\\/\\\/regiaonews.net.br\\\/2022\\\/2024\\\/02\\\/12\\\/programa-municipal-orienta-sobre-doencas-sexualmente-transmissiveis\\\/#respond\"]}]},{\"@type\":\"WebPage\",\"@id\":\"https:\\\/\\\/regiaonews.net.br\\\/2022\\\/2024\\\/02\\\/12\\\/programa-municipal-orienta-sobre-doencas-sexualmente-transmissiveis\\\/\",\"url\":\"https:\\\/\\\/regiaonews.net.br\\\/2022\\\/2024\\\/02\\\/12\\\/programa-municipal-orienta-sobre-doencas-sexualmente-transmissiveis\\\/\",\"name\":\"Programa Municipal orienta sobre Doen\u00e7as Sexualmente Transmiss\u00edveis - Regi\u00e3o News\",\"isPartOf\":{\"@id\":\"https:\\\/\\\/regiaonews.net.br\\\/2022\\\/#website\"},\"primaryImageOfPage\":{\"@id\":\"https:\\\/\\\/regiaonews.net.br\\\/2022\\\/2024\\\/02\\\/12\\\/programa-municipal-orienta-sobre-doencas-sexualmente-transmissiveis\\\/#primaryimage\"},\"image\":{\"@id\":\"https:\\\/\\\/regiaonews.net.br\\\/2022\\\/2024\\\/02\\\/12\\\/programa-municipal-orienta-sobre-doencas-sexualmente-transmissiveis\\\/#primaryimage\"},\"thumbnailUrl\":\"https:\\\/\\\/regiaonews.net.br\\\/2022\\\/wp-content\\\/uploads\\\/2024\\\/02\\\/Imagem-do-WhatsApp-de-2024-02-12-as-09.33.42_f414080e.jpg\",\"datePublished\":\"2024-02-12T13:59:31+00:00\",\"breadcrumb\":{\"@id\":\"https:\\\/\\\/regiaonews.net.br\\\/2022\\\/2024\\\/02\\\/12\\\/programa-municipal-orienta-sobre-doencas-sexualmente-transmissiveis\\\/#breadcrumb\"},\"inLanguage\":\"pt-BR\",\"potentialAction\":[{\"@type\":\"ReadAction\",\"target\":[\"https:\\\/\\\/regiaonews.net.br\\\/2022\\\/2024\\\/02\\\/12\\\/programa-municipal-orienta-sobre-doencas-sexualmente-transmissiveis\\\/\"]}]},{\"@type\":\"ImageObject\",\"inLanguage\":\"pt-BR\",\"@id\":\"https:\\\/\\\/regiaonews.net.br\\\/2022\\\/2024\\\/02\\\/12\\\/programa-municipal-orienta-sobre-doencas-sexualmente-transmissiveis\\\/#primaryimage\",\"url\":\"https:\\\/\\\/regiaonews.net.br\\\/2022\\\/wp-content\\\/uploads\\\/2024\\\/02\\\/Imagem-do-WhatsApp-de-2024-02-12-as-09.33.42_f414080e.jpg\",\"contentUrl\":\"https:\\\/\\\/regiaonews.net.br\\\/2022\\\/wp-content\\\/uploads\\\/2024\\\/02\\\/Imagem-do-WhatsApp-de-2024-02-12-as-09.33.42_f414080e.jpg\",\"width\":768,\"height\":354},{\"@type\":\"BreadcrumbList\",\"@id\":\"https:\\\/\\\/regiaonews.net.br\\\/2022\\\/2024\\\/02\\\/12\\\/programa-municipal-orienta-sobre-doencas-sexualmente-transmissiveis\\\/#breadcrumb\",\"itemListElement\":[{\"@type\":\"ListItem\",\"position\":1,\"name\":\"In\u00edcio\",\"item\":\"https:\\\/\\\/regiaonews.net.br\\\/2022\\\/\"},{\"@type\":\"ListItem\",\"position\":2,\"name\":\"Programa Municipal orienta sobre Doen\u00e7as Sexualmente Transmiss\u00edveis\"}]},{\"@type\":\"WebSite\",\"@id\":\"https:\\\/\\\/regiaonews.net.br\\\/2022\\\/#website\",\"url\":\"https:\\\/\\\/regiaonews.net.br\\\/2022\\\/\",\"name\":\"Regi\u00e3o News\",\"description\":\"Site de Not\u00edcias de Barretos e regi\u00e3o\",\"publisher\":{\"@id\":\"https:\\\/\\\/regiaonews.net.br\\\/2022\\\/#organization\"},\"potentialAction\":[{\"@type\":\"SearchAction\",\"target\":{\"@type\":\"EntryPoint\",\"urlTemplate\":\"https:\\\/\\\/regiaonews.net.br\\\/2022\\\/?s={search_term_string}\"},\"query-input\":{\"@type\":\"PropertyValueSpecification\",\"valueRequired\":true,\"valueName\":\"search_term_string\"}}],\"inLanguage\":\"pt-BR\"},{\"@type\":\"Organization\",\"@id\":\"https:\\\/\\\/regiaonews.net.br\\\/2022\\\/#organization\",\"name\":\"Regi\u00e3o News\",\"url\":\"https:\\\/\\\/regiaonews.net.br\\\/2022\\\/\",\"logo\":{\"@type\":\"ImageObject\",\"inLanguage\":\"pt-BR\",\"@id\":\"https:\\\/\\\/regiaonews.net.br\\\/2022\\\/#\\\/schema\\\/logo\\\/image\\\/\",\"url\":\"https:\\\/\\\/regiaonews.net.br\\\/2022\\\/wp-content\\\/uploads\\\/2026\\\/03\\\/regiao-13-anos-scaled.jpg\",\"contentUrl\":\"https:\\\/\\\/regiaonews.net.br\\\/2022\\\/wp-content\\\/uploads\\\/2026\\\/03\\\/regiao-13-anos-scaled.jpg\",\"width\":2560,\"height\":635,\"caption\":\"Regi\u00e3o News\"},\"image\":{\"@id\":\"https:\\\/\\\/regiaonews.net.br\\\/2022\\\/#\\\/schema\\\/logo\\\/image\\\/\"}},{\"@type\":\"Person\",\"@id\":\"https:\\\/\\\/regiaonews.net.br\\\/2022\\\/#\\\/schema\\\/person\\\/2d205a608a5aa97ac279d7a5e6d89ad8\",\"name\":\"Roberto\",\"image\":{\"@type\":\"ImageObject\",\"inLanguage\":\"pt-BR\",\"@id\":\"https:\\\/\\\/secure.gravatar.com\\\/avatar\\\/42749d8b712ff9d59ca93dc150494e5b55a44134482993f5baeb97e61b7ecc89?s=96&d=mm&r=g\",\"url\":\"https:\\\/\\\/secure.gravatar.com\\\/avatar\\\/42749d8b712ff9d59ca93dc150494e5b55a44134482993f5baeb97e61b7ecc89?s=96&d=mm&r=g\",\"contentUrl\":\"https:\\\/\\\/secure.gravatar.com\\\/avatar\\\/42749d8b712ff9d59ca93dc150494e5b55a44134482993f5baeb97e61b7ecc89?s=96&d=mm&r=g\",\"caption\":\"Roberto\"},\"url\":\"https:\\\/\\\/regiaonews.net.br\\\/2022\\\/author\\\/roberto\\\/\"}]}<\/script>\n<!-- \/ Yoast SEO plugin. -->","yoast_head_json":{"title":"Programa Municipal orienta sobre Doen\u00e7as Sexualmente Transmiss\u00edveis - Regi\u00e3o News","robots":{"index":"index","follow":"follow","max-snippet":"max-snippet:-1","max-image-preview":"max-image-preview:large","max-video-preview":"max-video-preview:-1"},"canonical":"https:\/\/regiaonews.net.br\/2022\/2024\/02\/12\/programa-municipal-orienta-sobre-doencas-sexualmente-transmissiveis\/","og_locale":"pt_BR","og_type":"article","og_title":"Programa Municipal orienta sobre Doen\u00e7as Sexualmente Transmiss\u00edveis - Regi\u00e3o News","og_description":"Durante do per\u00edodo de carnaval em Barretos que acontece entre","og_url":"https:\/\/regiaonews.net.br\/2022\/2024\/02\/12\/programa-municipal-orienta-sobre-doencas-sexualmente-transmissiveis\/","og_site_name":"Regi\u00e3o News","article_published_time":"2024-02-12T13:59:31+00:00","og_image":[{"width":768,"height":354,"url":"https:\/\/regiaonews.net.br\/2022\/wp-content\/uploads\/2024\/02\/Imagem-do-WhatsApp-de-2024-02-12-as-09.33.42_f414080e.jpg","type":"image\/jpeg"}],"author":"Roberto","twitter_card":"summary_large_image","twitter_misc":{"Escrito por":"Roberto","Est. tempo de leitura":"2 minutos"},"schema":{"@context":"https:\/\/schema.org","@graph":[{"@type":"Article","@id":"https:\/\/regiaonews.net.br\/2022\/2024\/02\/12\/programa-municipal-orienta-sobre-doencas-sexualmente-transmissiveis\/#article","isPartOf":{"@id":"https:\/\/regiaonews.net.br\/2022\/2024\/02\/12\/programa-municipal-orienta-sobre-doencas-sexualmente-transmissiveis\/"},"author":{"name":"Roberto","@id":"https:\/\/regiaonews.net.br\/2022\/#\/schema\/person\/2d205a608a5aa97ac279d7a5e6d89ad8"},"headline":"Programa Municipal orienta sobre Doen\u00e7as Sexualmente Transmiss\u00edveis","datePublished":"2024-02-12T13:59:31+00:00","mainEntityOfPage":{"@id":"https:\/\/regiaonews.net.br\/2022\/2024\/02\/12\/programa-municipal-orienta-sobre-doencas-sexualmente-transmissiveis\/"},"wordCount":243,"commentCount":0,"publisher":{"@id":"https:\/\/regiaonews.net.br\/2022\/#organization"},"image":{"@id":"https:\/\/regiaonews.net.br\/2022\/2024\/02\/12\/programa-municipal-orienta-sobre-doencas-sexualmente-transmissiveis\/#primaryimage"},"thumbnailUrl":"https:\/\/regiaonews.net.br\/2022\/wp-content\/uploads\/2024\/02\/Imagem-do-WhatsApp-de-2024-02-12-as-09.33.42_f414080e.jpg","articleSection":["Barretos","Geral"],"inLanguage":"pt-BR","potentialAction":[{"@type":"CommentAction","name":"Comment","target":["https:\/\/regiaonews.net.br\/2022\/2024\/02\/12\/programa-municipal-orienta-sobre-doencas-sexualmente-transmissiveis\/#respond"]}]},{"@type":"WebPage","@id":"https:\/\/regiaonews.net.br\/2022\/2024\/02\/12\/programa-municipal-orienta-sobre-doencas-sexualmente-transmissiveis\/","url":"https:\/\/regiaonews.net.br\/2022\/2024\/02\/12\/programa-municipal-orienta-sobre-doencas-sexualmente-transmissiveis\/","name":"Programa Municipal orienta sobre Doen\u00e7as Sexualmente Transmiss\u00edveis - Regi\u00e3o News","isPartOf":{"@id":"https:\/\/regiaonews.net.br\/2022\/#website"},"primaryImageOfPage":{"@id":"https:\/\/regiaonews.net.br\/2022\/2024\/02\/12\/programa-municipal-orienta-sobre-doencas-sexualmente-transmissiveis\/#primaryimage"},"image":{"@id":"https:\/\/regiaonews.net.br\/2022\/2024\/02\/12\/programa-municipal-orienta-sobre-doencas-sexualmente-transmissiveis\/#primaryimage"},"thumbnailUrl":"https:\/\/regiaonews.net.br\/2022\/wp-content\/uploads\/2024\/02\/Imagem-do-WhatsApp-de-2024-02-12-as-09.33.42_f414080e.jpg","datePublished":"2024-02-12T13:59:31+00:00","breadcrumb":{"@id":"https:\/\/regiaonews.net.br\/2022\/2024\/02\/12\/programa-municipal-orienta-sobre-doencas-sexualmente-transmissiveis\/#breadcrumb"},"inLanguage":"pt-BR","potentialAction":[{"@type":"ReadAction","target":["https:\/\/regiaonews.net.br\/2022\/2024\/02\/12\/programa-municipal-orienta-sobre-doencas-sexualmente-transmissiveis\/"]}]},{"@type":"ImageObject","inLanguage":"pt-BR","@id":"https:\/\/regiaonews.net.br\/2022\/2024\/02\/12\/programa-municipal-orienta-sobre-doencas-sexualmente-transmissiveis\/#primaryimage","url":"https:\/\/regiaonews.net.br\/2022\/wp-content\/uploads\/2024\/02\/Imagem-do-WhatsApp-de-2024-02-12-as-09.33.42_f414080e.jpg","contentUrl":"https:\/\/regiaonews.net.br\/2022\/wp-content\/uploads\/2024\/02\/Imagem-do-WhatsApp-de-2024-02-12-as-09.33.42_f414080e.jpg","width":768,"height":354},{"@type":"BreadcrumbList","@id":"https:\/\/regiaonews.net.br\/2022\/2024\/02\/12\/programa-municipal-orienta-sobre-doencas-sexualmente-transmissiveis\/#breadcrumb","itemListElement":[{"@type":"ListItem","position":1,"name":"In\u00edcio","item":"https:\/\/regiaonews.net.br\/2022\/"},{"@type":"ListItem","position":2,"name":"Programa Municipal orienta sobre Doen\u00e7as Sexualmente Transmiss\u00edveis"}]},{"@type":"WebSite","@id":"https:\/\/regiaonews.net.br\/2022\/#website","url":"https:\/\/regiaonews.net.br\/2022\/","name":"Regi\u00e3o News","description":"Site de Not\u00edcias de Barretos e regi\u00e3o","publisher":{"@id":"https:\/\/regiaonews.net.br\/2022\/#organization"},"potentialAction":[{"@type":"SearchAction","target":{"@type":"EntryPoint","urlTemplate":"https:\/\/regiaonews.net.br\/2022\/?s={search_term_string}"},"query-input":{"@type":"PropertyValueSpecification","valueRequired":true,"valueName":"search_term_string"}}],"inLanguage":"pt-BR"},{"@type":"Organization","@id":"https:\/\/regiaonews.net.br\/2022\/#organization","name":"Regi\u00e3o News","url":"https:\/\/regiaonews.net.br\/2022\/","logo":{"@type":"ImageObject","inLanguage":"pt-BR","@id":"https:\/\/regiaonews.net.br\/2022\/#\/schema\/logo\/image\/","url":"https:\/\/regiaonews.net.br\/2022\/wp-content\/uploads\/2026\/03\/regiao-13-anos-scaled.jpg","contentUrl":"https:\/\/regiaonews.net.br\/2022\/wp-content\/uploads\/2026\/03\/regiao-13-anos-scaled.jpg","width":2560,"height":635,"caption":"Regi\u00e3o News"},"image":{"@id":"https:\/\/regiaonews.net.br\/2022\/#\/schema\/logo\/image\/"}},{"@type":"Person","@id":"https:\/\/regiaonews.net.br\/2022\/#\/schema\/person\/2d205a608a5aa97ac279d7a5e6d89ad8","name":"Roberto","image":{"@type":"ImageObject","inLanguage":"pt-BR","@id":"https:\/\/secure.gravatar.com\/avatar\/42749d8b712ff9d59ca93dc150494e5b55a44134482993f5baeb97e61b7ecc89?s=96&d=mm&r=g","url":"https:\/\/secure.gravatar.com\/avatar\/42749d8b712ff9d59ca93dc150494e5b55a44134482993f5baeb97e61b7ecc89?s=96&d=mm&r=g","contentUrl":"https:\/\/secure.gravatar.com\/avatar\/42749d8b712ff9d59ca93dc150494e5b55a44134482993f5baeb97e61b7ecc89?s=96&d=mm&r=g","caption":"Roberto"},"url":"https:\/\/regiaonews.net.br\/2022\/author\/roberto\/"}]}},"publishpress_future_action":{"enabled":false,"date":"2026-05-04 06:05:13","action":"change-status","newStatus":"draft","terms":[],"taxonomy":"category","extraData":[]},"publishpress_future_workflow_manual_trigger":{"enabledWorkflows":[]},"_links":{"self":[{"href":"https:\/\/regiaonews.net.br\/2022\/wp-json\/wp\/v2\/posts\/101205","targetHints":{"allow":["GET"]}}],"collection":[{"href":"https:\/\/regiaonews.net.br\/2022\/wp-json\/wp\/v2\/posts"}],"about":[{"href":"https:\/\/regiaonews.net.br\/2022\/wp-json\/wp\/v2\/types\/post"}],"author":[{"embeddable":true,"href":"https:\/\/regiaonews.net.br\/2022\/wp-json\/wp\/v2\/users\/2"}],"replies":[{"embeddable":true,"href":"https:\/\/regiaonews.net.br\/2022\/wp-json\/wp\/v2\/comments?post=101205"}],"version-history":[{"count":1,"href":"https:\/\/regiaonews.net.br\/2022\/wp-json\/wp\/v2\/posts\/101205\/revisions"}],"predecessor-version":[{"id":101207,"href":"https:\/\/regiaonews.net.br\/2022\/wp-json\/wp\/v2\/posts\/101205\/revisions\/101207"}],"wp:featuredmedia":[{"embeddable":true,"href":"https:\/\/regiaonews.net.br\/2022\/wp-json\/wp\/v2\/media\/101206"}],"wp:attachment":[{"href":"https:\/\/regiaonews.net.br\/2022\/wp-json\/wp\/v2\/media?parent=101205"}],"wp:term":[{"taxonomy":"category","embeddable":true,"href":"https:\/\/regiaonews.net.br\/2022\/wp-json\/wp\/v2\/categories?post=101205"},{"taxonomy":"post_tag","embeddable":true,"href":"https:\/\/regiaonews.net.br\/2022\/wp-json\/wp\/v2\/tags?post=101205"}],"curies":[{"name":"wp","href":"https:\/\/api.w.org\/{rel}","templated":true}]}}