{"id":101167,"date":"2024-02-10T15:59:45","date_gmt":"2024-02-10T18:59:45","guid":{"rendered":"https:\/\/regiaonews.net.br\/2022\/?p=101167"},"modified":"2024-02-10T15:59:45","modified_gmt":"2024-02-10T18:59:45","slug":"batom-na-cueca-agita-o-primeiro-dia-do-guaraxe-e-reune-8-mil-pessoas-na-praca-da-matriz","status":"publish","type":"post","link":"https:\/\/regiaonews.net.br\/2022\/2024\/02\/10\/batom-na-cueca-agita-o-primeiro-dia-do-guaraxe-e-reune-8-mil-pessoas-na-praca-da-matriz\/","title":{"rendered":"Batom Na Cueca agita o primeiro dia do Guarax\u00e9 e re\u00fane 8 mil pessoas na Pra\u00e7a da Matriz"},"content":{"rendered":"<p><a href=\"https:\/\/regiaonews.net.br\/2022\/wp-content\/uploads\/2024\/02\/IMG-20240210-WA0270.jpg\"><img loading=\"lazy\" decoding=\"async\" class=\"alignnone size-medium wp-image-101168\" src=\"https:\/\/regiaonews.net.br\/2022\/wp-content\/uploads\/2024\/02\/IMG-20240210-WA0270-300x169.jpg\" alt=\"\" width=\"300\" height=\"169\" srcset=\"https:\/\/regiaonews.net.br\/2022\/wp-content\/uploads\/2024\/02\/IMG-20240210-WA0270-300x169.jpg 300w, https:\/\/regiaonews.net.br\/2022\/wp-content\/uploads\/2024\/02\/IMG-20240210-WA0270-1024x576.jpg 1024w, https:\/\/regiaonews.net.br\/2022\/wp-content\/uploads\/2024\/02\/IMG-20240210-WA0270-768x432.jpg 768w, https:\/\/regiaonews.net.br\/2022\/wp-content\/uploads\/2024\/02\/IMG-20240210-WA0270-1536x864.jpg 1536w, https:\/\/regiaonews.net.br\/2022\/wp-content\/uploads\/2024\/02\/IMG-20240210-WA0270-250x141.jpg 250w, https:\/\/regiaonews.net.br\/2022\/wp-content\/uploads\/2024\/02\/IMG-20240210-WA0270.jpg 1600w\" sizes=\"auto, (max-width: 300px) 100vw, 300px\" \/><\/a><\/p>\n<p>A primeira noite do Guarax\u00e9 foi marcada pela presen\u00e7a em massa de moradores e turistas de toda a regi\u00e3o que somaram mais de 8 mil pessoas na Pra\u00e7a da Matriz, no centro da cidade.<br \/>\nCom a lista de atra\u00e7\u00f5es iniciando com as tradicionais marchinhas com o cantor Curica, natural da cidade, o p\u00fablico se manteve fiel a folia e aproveitou as mais de 6 horas de festa que a Prefeitura de Guaraci proporcionou de forma gratuita.<\/p>\n<p>DJ Naiara comandou a pista antes do Batom Na Cueca e colocou todo mundo pra dan\u00e7ar com os ax\u00e9s mais animados do momento.<br \/>\nPontualmente \u00e0s 23h30, o Batom Na Cueca subiu ao palco e fez toda a galera sair do ch\u00e3o. A banda, que teve sua primeira presen\u00e7a em Guaraci em 2009 em uma apresenta\u00e7\u00e3o memor\u00e1vel marcada pela chuva e pela alegria contagiante j\u00e1 que ningu\u00e9m foi embora mesmo embaixo de uma grande quantidade de chuva, voltou em 2024 trazendo o melhor do Ax\u00e9.<br \/>\nO trio Sonox tamb\u00e9m comandou a pista com a m\u00fasica irreverente que eles fazem misturando eletr\u00f4nico, sax e batidas de percuss\u00e3o.<\/p>\n<p>O s\u00e1bado de carnaval do Guarax\u00e9, em Guaraci\/SP, tem hor\u00e1rio de in\u00edcio programado pras 21h30 com a seguinte programa\u00e7\u00e3o:<br \/>\n21h30 \u2013 Curica com as tradicionais marchinhas<br \/>\n22h30 \u2013 DJ Naiara<br \/>\n23h \u2013 Patr\u00edcia Secchis<br \/>\n01h \u2013 Sonoxx<br \/>\n02h \u2013 Homem de Lata<\/p>\n<p>&nbsp;<\/p>\n","protected":false},"excerpt":{"rendered":"<p>A primeira noite do Guarax\u00e9 foi marcada pela presen\u00e7a em<\/p>\n","protected":false},"author":2,"featured_media":101169,"comment_status":"open","ping_status":"open","sticky":false,"template":"","format":"standard","meta":{"footnotes":""},"categories":[68,9],"tags":[],"class_list":["post-101167","post","type-post","status-publish","format-standard","has-post-thumbnail","hentry","category-carnaval","category-guaraci"],"yoast_head":"<!-- This site is optimized with the Yoast SEO plugin v27.4 - https:\/\/yoast.com\/product\/yoast-seo-wordpress\/ -->\n<title>Batom Na Cueca agita o primeiro dia do Guarax\u00e9 e re\u00fane 8 mil pessoas na Pra\u00e7a da Matriz - Regi\u00e3o News<\/title>\n<meta name=\"robots\" content=\"index, follow, max-snippet:-1, max-image-preview:large, max-video-preview:-1\" \/>\n<link rel=\"canonical\" href=\"https:\/\/regiaonews.net.br\/2022\/2024\/02\/10\/batom-na-cueca-agita-o-primeiro-dia-do-guaraxe-e-reune-8-mil-pessoas-na-praca-da-matriz\/\" \/>\n<meta property=\"og:locale\" content=\"pt_BR\" \/>\n<meta property=\"og:type\" content=\"article\" \/>\n<meta property=\"og:title\" content=\"Batom Na Cueca agita o primeiro dia do Guarax\u00e9 e re\u00fane 8 mil pessoas na Pra\u00e7a da Matriz - Regi\u00e3o News\" \/>\n<meta property=\"og:description\" content=\"A primeira noite do Guarax\u00e9 foi marcada pela presen\u00e7a em\" \/>\n<meta property=\"og:url\" content=\"https:\/\/regiaonews.net.br\/2022\/2024\/02\/10\/batom-na-cueca-agita-o-primeiro-dia-do-guaraxe-e-reune-8-mil-pessoas-na-praca-da-matriz\/\" \/>\n<meta property=\"og:site_name\" content=\"Regi\u00e3o News\" \/>\n<meta property=\"article:published_time\" content=\"2024-02-10T18:59:45+00:00\" \/>\n<meta property=\"og:image\" content=\"https:\/\/regiaonews.net.br\/2022\/wp-content\/uploads\/2024\/02\/IMG-20240210-WA0266.jpg\" \/>\n\t<meta property=\"og:image:width\" content=\"1600\" \/>\n\t<meta property=\"og:image:height\" content=\"900\" \/>\n\t<meta property=\"og:image:type\" content=\"image\/jpeg\" \/>\n<meta name=\"author\" content=\"Roberto\" \/>\n<meta name=\"twitter:card\" content=\"summary_large_image\" \/>\n<meta name=\"twitter:label1\" content=\"Escrito por\" \/>\n\t<meta name=\"twitter:data1\" content=\"Roberto\" \/>\n\t<meta name=\"twitter:label2\" content=\"Est. tempo de leitura\" \/>\n\t<meta name=\"twitter:data2\" content=\"2 minutos\" \/>\n<script type=\"application\/ld+json\" class=\"yoast-schema-graph\">{\"@context\":\"https:\\\/\\\/schema.org\",\"@graph\":[{\"@type\":\"Article\",\"@id\":\"https:\\\/\\\/regiaonews.net.br\\\/2022\\\/2024\\\/02\\\/10\\\/batom-na-cueca-agita-o-primeiro-dia-do-guaraxe-e-reune-8-mil-pessoas-na-praca-da-matriz\\\/#article\",\"isPartOf\":{\"@id\":\"https:\\\/\\\/regiaonews.net.br\\\/2022\\\/2024\\\/02\\\/10\\\/batom-na-cueca-agita-o-primeiro-dia-do-guaraxe-e-reune-8-mil-pessoas-na-praca-da-matriz\\\/\"},\"author\":{\"name\":\"Roberto\",\"@id\":\"https:\\\/\\\/regiaonews.net.br\\\/2022\\\/#\\\/schema\\\/person\\\/2d205a608a5aa97ac279d7a5e6d89ad8\"},\"headline\":\"Batom Na Cueca agita o primeiro dia do Guarax\u00e9 e re\u00fane 8 mil pessoas na Pra\u00e7a da Matriz\",\"datePublished\":\"2024-02-10T18:59:45+00:00\",\"mainEntityOfPage\":{\"@id\":\"https:\\\/\\\/regiaonews.net.br\\\/2022\\\/2024\\\/02\\\/10\\\/batom-na-cueca-agita-o-primeiro-dia-do-guaraxe-e-reune-8-mil-pessoas-na-praca-da-matriz\\\/\"},\"wordCount\":256,\"commentCount\":0,\"publisher\":{\"@id\":\"https:\\\/\\\/regiaonews.net.br\\\/2022\\\/#organization\"},\"image\":{\"@id\":\"https:\\\/\\\/regiaonews.net.br\\\/2022\\\/2024\\\/02\\\/10\\\/batom-na-cueca-agita-o-primeiro-dia-do-guaraxe-e-reune-8-mil-pessoas-na-praca-da-matriz\\\/#primaryimage\"},\"thumbnailUrl\":\"https:\\\/\\\/regiaonews.net.br\\\/2022\\\/wp-content\\\/uploads\\\/2024\\\/02\\\/IMG-20240210-WA0266.jpg\",\"articleSection\":[\"Carnaval\",\"Guaraci\"],\"inLanguage\":\"pt-BR\",\"potentialAction\":[{\"@type\":\"CommentAction\",\"name\":\"Comment\",\"target\":[\"https:\\\/\\\/regiaonews.net.br\\\/2022\\\/2024\\\/02\\\/10\\\/batom-na-cueca-agita-o-primeiro-dia-do-guaraxe-e-reune-8-mil-pessoas-na-praca-da-matriz\\\/#respond\"]}]},{\"@type\":\"WebPage\",\"@id\":\"https:\\\/\\\/regiaonews.net.br\\\/2022\\\/2024\\\/02\\\/10\\\/batom-na-cueca-agita-o-primeiro-dia-do-guaraxe-e-reune-8-mil-pessoas-na-praca-da-matriz\\\/\",\"url\":\"https:\\\/\\\/regiaonews.net.br\\\/2022\\\/2024\\\/02\\\/10\\\/batom-na-cueca-agita-o-primeiro-dia-do-guaraxe-e-reune-8-mil-pessoas-na-praca-da-matriz\\\/\",\"name\":\"Batom Na Cueca agita o primeiro dia do Guarax\u00e9 e re\u00fane 8 mil pessoas na Pra\u00e7a da Matriz - Regi\u00e3o News\",\"isPartOf\":{\"@id\":\"https:\\\/\\\/regiaonews.net.br\\\/2022\\\/#website\"},\"primaryImageOfPage\":{\"@id\":\"https:\\\/\\\/regiaonews.net.br\\\/2022\\\/2024\\\/02\\\/10\\\/batom-na-cueca-agita-o-primeiro-dia-do-guaraxe-e-reune-8-mil-pessoas-na-praca-da-matriz\\\/#primaryimage\"},\"image\":{\"@id\":\"https:\\\/\\\/regiaonews.net.br\\\/2022\\\/2024\\\/02\\\/10\\\/batom-na-cueca-agita-o-primeiro-dia-do-guaraxe-e-reune-8-mil-pessoas-na-praca-da-matriz\\\/#primaryimage\"},\"thumbnailUrl\":\"https:\\\/\\\/regiaonews.net.br\\\/2022\\\/wp-content\\\/uploads\\\/2024\\\/02\\\/IMG-20240210-WA0266.jpg\",\"datePublished\":\"2024-02-10T18:59:45+00:00\",\"breadcrumb\":{\"@id\":\"https:\\\/\\\/regiaonews.net.br\\\/2022\\\/2024\\\/02\\\/10\\\/batom-na-cueca-agita-o-primeiro-dia-do-guaraxe-e-reune-8-mil-pessoas-na-praca-da-matriz\\\/#breadcrumb\"},\"inLanguage\":\"pt-BR\",\"potentialAction\":[{\"@type\":\"ReadAction\",\"target\":[\"https:\\\/\\\/regiaonews.net.br\\\/2022\\\/2024\\\/02\\\/10\\\/batom-na-cueca-agita-o-primeiro-dia-do-guaraxe-e-reune-8-mil-pessoas-na-praca-da-matriz\\\/\"]}]},{\"@type\":\"ImageObject\",\"inLanguage\":\"pt-BR\",\"@id\":\"https:\\\/\\\/regiaonews.net.br\\\/2022\\\/2024\\\/02\\\/10\\\/batom-na-cueca-agita-o-primeiro-dia-do-guaraxe-e-reune-8-mil-pessoas-na-praca-da-matriz\\\/#primaryimage\",\"url\":\"https:\\\/\\\/regiaonews.net.br\\\/2022\\\/wp-content\\\/uploads\\\/2024\\\/02\\\/IMG-20240210-WA0266.jpg\",\"contentUrl\":\"https:\\\/\\\/regiaonews.net.br\\\/2022\\\/wp-content\\\/uploads\\\/2024\\\/02\\\/IMG-20240210-WA0266.jpg\",\"width\":1600,\"height\":900},{\"@type\":\"BreadcrumbList\",\"@id\":\"https:\\\/\\\/regiaonews.net.br\\\/2022\\\/2024\\\/02\\\/10\\\/batom-na-cueca-agita-o-primeiro-dia-do-guaraxe-e-reune-8-mil-pessoas-na-praca-da-matriz\\\/#breadcrumb\",\"itemListElement\":[{\"@type\":\"ListItem\",\"position\":1,\"name\":\"In\u00edcio\",\"item\":\"https:\\\/\\\/regiaonews.net.br\\\/2022\\\/\"},{\"@type\":\"ListItem\",\"position\":2,\"name\":\"Batom Na Cueca agita o primeiro dia do Guarax\u00e9 e re\u00fane 8 mil pessoas na Pra\u00e7a da Matriz\"}]},{\"@type\":\"WebSite\",\"@id\":\"https:\\\/\\\/regiaonews.net.br\\\/2022\\\/#website\",\"url\":\"https:\\\/\\\/regiaonews.net.br\\\/2022\\\/\",\"name\":\"Regi\u00e3o News\",\"description\":\"Site de Not\u00edcias de Barretos e regi\u00e3o\",\"publisher\":{\"@id\":\"https:\\\/\\\/regiaonews.net.br\\\/2022\\\/#organization\"},\"potentialAction\":[{\"@type\":\"SearchAction\",\"target\":{\"@type\":\"EntryPoint\",\"urlTemplate\":\"https:\\\/\\\/regiaonews.net.br\\\/2022\\\/?s={search_term_string}\"},\"query-input\":{\"@type\":\"PropertyValueSpecification\",\"valueRequired\":true,\"valueName\":\"search_term_string\"}}],\"inLanguage\":\"pt-BR\"},{\"@type\":\"Organization\",\"@id\":\"https:\\\/\\\/regiaonews.net.br\\\/2022\\\/#organization\",\"name\":\"Regi\u00e3o News\",\"url\":\"https:\\\/\\\/regiaonews.net.br\\\/2022\\\/\",\"logo\":{\"@type\":\"ImageObject\",\"inLanguage\":\"pt-BR\",\"@id\":\"https:\\\/\\\/regiaonews.net.br\\\/2022\\\/#\\\/schema\\\/logo\\\/image\\\/\",\"url\":\"https:\\\/\\\/regiaonews.net.br\\\/2022\\\/wp-content\\\/uploads\\\/2026\\\/03\\\/regiao-13-anos-scaled.jpg\",\"contentUrl\":\"https:\\\/\\\/regiaonews.net.br\\\/2022\\\/wp-content\\\/uploads\\\/2026\\\/03\\\/regiao-13-anos-scaled.jpg\",\"width\":2560,\"height\":635,\"caption\":\"Regi\u00e3o News\"},\"image\":{\"@id\":\"https:\\\/\\\/regiaonews.net.br\\\/2022\\\/#\\\/schema\\\/logo\\\/image\\\/\"}},{\"@type\":\"Person\",\"@id\":\"https:\\\/\\\/regiaonews.net.br\\\/2022\\\/#\\\/schema\\\/person\\\/2d205a608a5aa97ac279d7a5e6d89ad8\",\"name\":\"Roberto\",\"image\":{\"@type\":\"ImageObject\",\"inLanguage\":\"pt-BR\",\"@id\":\"https:\\\/\\\/secure.gravatar.com\\\/avatar\\\/42749d8b712ff9d59ca93dc150494e5b55a44134482993f5baeb97e61b7ecc89?s=96&d=mm&r=g\",\"url\":\"https:\\\/\\\/secure.gravatar.com\\\/avatar\\\/42749d8b712ff9d59ca93dc150494e5b55a44134482993f5baeb97e61b7ecc89?s=96&d=mm&r=g\",\"contentUrl\":\"https:\\\/\\\/secure.gravatar.com\\\/avatar\\\/42749d8b712ff9d59ca93dc150494e5b55a44134482993f5baeb97e61b7ecc89?s=96&d=mm&r=g\",\"caption\":\"Roberto\"},\"url\":\"https:\\\/\\\/regiaonews.net.br\\\/2022\\\/author\\\/roberto\\\/\"}]}<\/script>\n<!-- \/ Yoast SEO plugin. -->","yoast_head_json":{"title":"Batom Na Cueca agita o primeiro dia do Guarax\u00e9 e re\u00fane 8 mil pessoas na Pra\u00e7a da Matriz - Regi\u00e3o News","robots":{"index":"index","follow":"follow","max-snippet":"max-snippet:-1","max-image-preview":"max-image-preview:large","max-video-preview":"max-video-preview:-1"},"canonical":"https:\/\/regiaonews.net.br\/2022\/2024\/02\/10\/batom-na-cueca-agita-o-primeiro-dia-do-guaraxe-e-reune-8-mil-pessoas-na-praca-da-matriz\/","og_locale":"pt_BR","og_type":"article","og_title":"Batom Na Cueca agita o primeiro dia do Guarax\u00e9 e re\u00fane 8 mil pessoas na Pra\u00e7a da Matriz - Regi\u00e3o News","og_description":"A primeira noite do Guarax\u00e9 foi marcada pela presen\u00e7a em","og_url":"https:\/\/regiaonews.net.br\/2022\/2024\/02\/10\/batom-na-cueca-agita-o-primeiro-dia-do-guaraxe-e-reune-8-mil-pessoas-na-praca-da-matriz\/","og_site_name":"Regi\u00e3o News","article_published_time":"2024-02-10T18:59:45+00:00","og_image":[{"width":1600,"height":900,"url":"https:\/\/regiaonews.net.br\/2022\/wp-content\/uploads\/2024\/02\/IMG-20240210-WA0266.jpg","type":"image\/jpeg"}],"author":"Roberto","twitter_card":"summary_large_image","twitter_misc":{"Escrito por":"Roberto","Est. tempo de leitura":"2 minutos"},"schema":{"@context":"https:\/\/schema.org","@graph":[{"@type":"Article","@id":"https:\/\/regiaonews.net.br\/2022\/2024\/02\/10\/batom-na-cueca-agita-o-primeiro-dia-do-guaraxe-e-reune-8-mil-pessoas-na-praca-da-matriz\/#article","isPartOf":{"@id":"https:\/\/regiaonews.net.br\/2022\/2024\/02\/10\/batom-na-cueca-agita-o-primeiro-dia-do-guaraxe-e-reune-8-mil-pessoas-na-praca-da-matriz\/"},"author":{"name":"Roberto","@id":"https:\/\/regiaonews.net.br\/2022\/#\/schema\/person\/2d205a608a5aa97ac279d7a5e6d89ad8"},"headline":"Batom Na Cueca agita o primeiro dia do Guarax\u00e9 e re\u00fane 8 mil pessoas na Pra\u00e7a da Matriz","datePublished":"2024-02-10T18:59:45+00:00","mainEntityOfPage":{"@id":"https:\/\/regiaonews.net.br\/2022\/2024\/02\/10\/batom-na-cueca-agita-o-primeiro-dia-do-guaraxe-e-reune-8-mil-pessoas-na-praca-da-matriz\/"},"wordCount":256,"commentCount":0,"publisher":{"@id":"https:\/\/regiaonews.net.br\/2022\/#organization"},"image":{"@id":"https:\/\/regiaonews.net.br\/2022\/2024\/02\/10\/batom-na-cueca-agita-o-primeiro-dia-do-guaraxe-e-reune-8-mil-pessoas-na-praca-da-matriz\/#primaryimage"},"thumbnailUrl":"https:\/\/regiaonews.net.br\/2022\/wp-content\/uploads\/2024\/02\/IMG-20240210-WA0266.jpg","articleSection":["Carnaval","Guaraci"],"inLanguage":"pt-BR","potentialAction":[{"@type":"CommentAction","name":"Comment","target":["https:\/\/regiaonews.net.br\/2022\/2024\/02\/10\/batom-na-cueca-agita-o-primeiro-dia-do-guaraxe-e-reune-8-mil-pessoas-na-praca-da-matriz\/#respond"]}]},{"@type":"WebPage","@id":"https:\/\/regiaonews.net.br\/2022\/2024\/02\/10\/batom-na-cueca-agita-o-primeiro-dia-do-guaraxe-e-reune-8-mil-pessoas-na-praca-da-matriz\/","url":"https:\/\/regiaonews.net.br\/2022\/2024\/02\/10\/batom-na-cueca-agita-o-primeiro-dia-do-guaraxe-e-reune-8-mil-pessoas-na-praca-da-matriz\/","name":"Batom Na Cueca agita o primeiro dia do Guarax\u00e9 e re\u00fane 8 mil pessoas na Pra\u00e7a da Matriz - Regi\u00e3o News","isPartOf":{"@id":"https:\/\/regiaonews.net.br\/2022\/#website"},"primaryImageOfPage":{"@id":"https:\/\/regiaonews.net.br\/2022\/2024\/02\/10\/batom-na-cueca-agita-o-primeiro-dia-do-guaraxe-e-reune-8-mil-pessoas-na-praca-da-matriz\/#primaryimage"},"image":{"@id":"https:\/\/regiaonews.net.br\/2022\/2024\/02\/10\/batom-na-cueca-agita-o-primeiro-dia-do-guaraxe-e-reune-8-mil-pessoas-na-praca-da-matriz\/#primaryimage"},"thumbnailUrl":"https:\/\/regiaonews.net.br\/2022\/wp-content\/uploads\/2024\/02\/IMG-20240210-WA0266.jpg","datePublished":"2024-02-10T18:59:45+00:00","breadcrumb":{"@id":"https:\/\/regiaonews.net.br\/2022\/2024\/02\/10\/batom-na-cueca-agita-o-primeiro-dia-do-guaraxe-e-reune-8-mil-pessoas-na-praca-da-matriz\/#breadcrumb"},"inLanguage":"pt-BR","potentialAction":[{"@type":"ReadAction","target":["https:\/\/regiaonews.net.br\/2022\/2024\/02\/10\/batom-na-cueca-agita-o-primeiro-dia-do-guaraxe-e-reune-8-mil-pessoas-na-praca-da-matriz\/"]}]},{"@type":"ImageObject","inLanguage":"pt-BR","@id":"https:\/\/regiaonews.net.br\/2022\/2024\/02\/10\/batom-na-cueca-agita-o-primeiro-dia-do-guaraxe-e-reune-8-mil-pessoas-na-praca-da-matriz\/#primaryimage","url":"https:\/\/regiaonews.net.br\/2022\/wp-content\/uploads\/2024\/02\/IMG-20240210-WA0266.jpg","contentUrl":"https:\/\/regiaonews.net.br\/2022\/wp-content\/uploads\/2024\/02\/IMG-20240210-WA0266.jpg","width":1600,"height":900},{"@type":"BreadcrumbList","@id":"https:\/\/regiaonews.net.br\/2022\/2024\/02\/10\/batom-na-cueca-agita-o-primeiro-dia-do-guaraxe-e-reune-8-mil-pessoas-na-praca-da-matriz\/#breadcrumb","itemListElement":[{"@type":"ListItem","position":1,"name":"In\u00edcio","item":"https:\/\/regiaonews.net.br\/2022\/"},{"@type":"ListItem","position":2,"name":"Batom Na Cueca agita o primeiro dia do Guarax\u00e9 e re\u00fane 8 mil pessoas na Pra\u00e7a da Matriz"}]},{"@type":"WebSite","@id":"https:\/\/regiaonews.net.br\/2022\/#website","url":"https:\/\/regiaonews.net.br\/2022\/","name":"Regi\u00e3o News","description":"Site de Not\u00edcias de Barretos e regi\u00e3o","publisher":{"@id":"https:\/\/regiaonews.net.br\/2022\/#organization"},"potentialAction":[{"@type":"SearchAction","target":{"@type":"EntryPoint","urlTemplate":"https:\/\/regiaonews.net.br\/2022\/?s={search_term_string}"},"query-input":{"@type":"PropertyValueSpecification","valueRequired":true,"valueName":"search_term_string"}}],"inLanguage":"pt-BR"},{"@type":"Organization","@id":"https:\/\/regiaonews.net.br\/2022\/#organization","name":"Regi\u00e3o News","url":"https:\/\/regiaonews.net.br\/2022\/","logo":{"@type":"ImageObject","inLanguage":"pt-BR","@id":"https:\/\/regiaonews.net.br\/2022\/#\/schema\/logo\/image\/","url":"https:\/\/regiaonews.net.br\/2022\/wp-content\/uploads\/2026\/03\/regiao-13-anos-scaled.jpg","contentUrl":"https:\/\/regiaonews.net.br\/2022\/wp-content\/uploads\/2026\/03\/regiao-13-anos-scaled.jpg","width":2560,"height":635,"caption":"Regi\u00e3o News"},"image":{"@id":"https:\/\/regiaonews.net.br\/2022\/#\/schema\/logo\/image\/"}},{"@type":"Person","@id":"https:\/\/regiaonews.net.br\/2022\/#\/schema\/person\/2d205a608a5aa97ac279d7a5e6d89ad8","name":"Roberto","image":{"@type":"ImageObject","inLanguage":"pt-BR","@id":"https:\/\/secure.gravatar.com\/avatar\/42749d8b712ff9d59ca93dc150494e5b55a44134482993f5baeb97e61b7ecc89?s=96&d=mm&r=g","url":"https:\/\/secure.gravatar.com\/avatar\/42749d8b712ff9d59ca93dc150494e5b55a44134482993f5baeb97e61b7ecc89?s=96&d=mm&r=g","contentUrl":"https:\/\/secure.gravatar.com\/avatar\/42749d8b712ff9d59ca93dc150494e5b55a44134482993f5baeb97e61b7ecc89?s=96&d=mm&r=g","caption":"Roberto"},"url":"https:\/\/regiaonews.net.br\/2022\/author\/roberto\/"}]}},"publishpress_future_action":{"enabled":false,"date":"2026-05-03 22:28:43","action":"change-status","newStatus":"draft","terms":[],"taxonomy":"category","extraData":[]},"publishpress_future_workflow_manual_trigger":{"enabledWorkflows":[]},"_links":{"self":[{"href":"https:\/\/regiaonews.net.br\/2022\/wp-json\/wp\/v2\/posts\/101167","targetHints":{"allow":["GET"]}}],"collection":[{"href":"https:\/\/regiaonews.net.br\/2022\/wp-json\/wp\/v2\/posts"}],"about":[{"href":"https:\/\/regiaonews.net.br\/2022\/wp-json\/wp\/v2\/types\/post"}],"author":[{"embeddable":true,"href":"https:\/\/regiaonews.net.br\/2022\/wp-json\/wp\/v2\/users\/2"}],"replies":[{"embeddable":true,"href":"https:\/\/regiaonews.net.br\/2022\/wp-json\/wp\/v2\/comments?post=101167"}],"version-history":[{"count":1,"href":"https:\/\/regiaonews.net.br\/2022\/wp-json\/wp\/v2\/posts\/101167\/revisions"}],"predecessor-version":[{"id":101170,"href":"https:\/\/regiaonews.net.br\/2022\/wp-json\/wp\/v2\/posts\/101167\/revisions\/101170"}],"wp:featuredmedia":[{"embeddable":true,"href":"https:\/\/regiaonews.net.br\/2022\/wp-json\/wp\/v2\/media\/101169"}],"wp:attachment":[{"href":"https:\/\/regiaonews.net.br\/2022\/wp-json\/wp\/v2\/media?parent=101167"}],"wp:term":[{"taxonomy":"category","embeddable":true,"href":"https:\/\/regiaonews.net.br\/2022\/wp-json\/wp\/v2\/categories?post=101167"},{"taxonomy":"post_tag","embeddable":true,"href":"https:\/\/regiaonews.net.br\/2022\/wp-json\/wp\/v2\/tags?post=101167"}],"curies":[{"name":"wp","href":"https:\/\/api.w.org\/{rel}","templated":true}]}}