{"id":101151,"date":"2024-02-10T10:02:19","date_gmt":"2024-02-10T13:02:19","guid":{"rendered":"https:\/\/regiaonews.net.br\/2022\/?p=101151"},"modified":"2024-02-10T10:02:19","modified_gmt":"2024-02-10T13:02:19","slug":"carnabarretos-acontece-hoje-com-mais-de-12-horas-de-programacao","status":"publish","type":"post","link":"https:\/\/regiaonews.net.br\/2022\/2024\/02\/10\/carnabarretos-acontece-hoje-com-mais-de-12-horas-de-programacao\/","title":{"rendered":"CarnaBarretos acontece hoje com mais de 12 horas de programa\u00e7\u00e3o"},"content":{"rendered":"<p>&nbsp;<\/p>\n<p>O \u201cCarnaBarretos 2024\u201d acontece hoje (10), na Regi\u00e3o dos Lagos, com uma programa\u00e7\u00e3o de mais de 12 horas. As atra\u00e7\u00f5es ter\u00e3o in\u00edcio \u00e0s 9h30, com o Bloco da Crian\u00e7ada com uma matin\u00ea no Playground da Regi\u00e3o dos Lagos, at\u00e9 as 13h.<br \/>\nEm seguida acontece o \u201cBloco da Marchinha\u201d, com banda e trio el\u00e9trico. O cortejo ser\u00e1 pelas ruas da Regi\u00e3o dos Lagos acontece entre as 15h e as 17h.<br \/>\nEm seguida, est\u00e1 agendado o \u201cBloco do Samba\u201d, onde as escolas de samba da cidade unidas ir\u00e3o se apresentar, divididas por alas, ao som dos enredos das agremia\u00e7\u00f5es de Barretos, S\u00e3o Paulo e Rio de Janeiro, das 18h \u00e0s 20h.<br \/>\nE fechando a programa\u00e7\u00e3o, acontece o \u201cEletrofolia\u201d, onde DJs comandar\u00e3o a festa no \u201cBloco do Ax\u00e9\u201d, com muita m\u00fasica e participa\u00e7\u00e3o de dan\u00e7arinos que far\u00e3o a popula\u00e7\u00e3o entrar na dan\u00e7a, das 20h \u00e0s 22h.<\/p>\n","protected":false},"excerpt":{"rendered":"<p>&nbsp; O \u201cCarnaBarretos 2024\u201d acontece hoje (10), na Regi\u00e3o dos<\/p>\n","protected":false},"author":2,"featured_media":100583,"comment_status":"open","ping_status":"open","sticky":false,"template":"","format":"standard","meta":{"footnotes":""},"categories":[14,25],"tags":[],"class_list":["post-101151","post","type-post","status-publish","format-standard","has-post-thumbnail","hentry","category-barretos","category-cidades"],"yoast_head":"<!-- This site is optimized with the Yoast SEO plugin v27.4 - https:\/\/yoast.com\/product\/yoast-seo-wordpress\/ -->\n<title>CarnaBarretos acontece hoje com mais de 12 horas de programa\u00e7\u00e3o - Regi\u00e3o News<\/title>\n<meta name=\"robots\" content=\"index, follow, max-snippet:-1, max-image-preview:large, max-video-preview:-1\" \/>\n<link rel=\"canonical\" href=\"https:\/\/regiaonews.net.br\/2022\/2024\/02\/10\/carnabarretos-acontece-hoje-com-mais-de-12-horas-de-programacao\/\" \/>\n<meta property=\"og:locale\" content=\"pt_BR\" \/>\n<meta property=\"og:type\" content=\"article\" \/>\n<meta property=\"og:title\" content=\"CarnaBarretos acontece hoje com mais de 12 horas de programa\u00e7\u00e3o - Regi\u00e3o News\" \/>\n<meta property=\"og:description\" content=\"&nbsp; O \u201cCarnaBarretos 2024\u201d acontece hoje (10), na Regi\u00e3o dos\" \/>\n<meta property=\"og:url\" content=\"https:\/\/regiaonews.net.br\/2022\/2024\/02\/10\/carnabarretos-acontece-hoje-com-mais-de-12-horas-de-programacao\/\" \/>\n<meta property=\"og:site_name\" content=\"Regi\u00e3o News\" \/>\n<meta property=\"article:published_time\" content=\"2024-02-10T13:02:19+00:00\" \/>\n<meta property=\"og:image\" content=\"https:\/\/regiaonews.net.br\/2022\/wp-content\/uploads\/2024\/01\/REGIAO-NEWS-PROGRAMACAO-Banner-pequeno-\u2022-300x300px-\u2022-Barretos-\u2022-Carna-Barretos-2024.jpg\" \/>\n\t<meta property=\"og:image:width\" content=\"300\" \/>\n\t<meta property=\"og:image:height\" content=\"300\" \/>\n\t<meta property=\"og:image:type\" content=\"image\/jpeg\" \/>\n<meta name=\"author\" content=\"Roberto\" \/>\n<meta name=\"twitter:card\" content=\"summary_large_image\" \/>\n<meta name=\"twitter:label1\" content=\"Escrito por\" \/>\n\t<meta name=\"twitter:data1\" content=\"Roberto\" \/>\n\t<meta name=\"twitter:label2\" content=\"Est. tempo de leitura\" \/>\n\t<meta name=\"twitter:data2\" content=\"1 minuto\" \/>\n<script type=\"application\/ld+json\" class=\"yoast-schema-graph\">{\"@context\":\"https:\\\/\\\/schema.org\",\"@graph\":[{\"@type\":\"Article\",\"@id\":\"https:\\\/\\\/regiaonews.net.br\\\/2022\\\/2024\\\/02\\\/10\\\/carnabarretos-acontece-hoje-com-mais-de-12-horas-de-programacao\\\/#article\",\"isPartOf\":{\"@id\":\"https:\\\/\\\/regiaonews.net.br\\\/2022\\\/2024\\\/02\\\/10\\\/carnabarretos-acontece-hoje-com-mais-de-12-horas-de-programacao\\\/\"},\"author\":{\"name\":\"Roberto\",\"@id\":\"https:\\\/\\\/regiaonews.net.br\\\/2022\\\/#\\\/schema\\\/person\\\/2d205a608a5aa97ac279d7a5e6d89ad8\"},\"headline\":\"CarnaBarretos acontece hoje com mais de 12 horas de programa\u00e7\u00e3o\",\"datePublished\":\"2024-02-10T13:02:19+00:00\",\"mainEntityOfPage\":{\"@id\":\"https:\\\/\\\/regiaonews.net.br\\\/2022\\\/2024\\\/02\\\/10\\\/carnabarretos-acontece-hoje-com-mais-de-12-horas-de-programacao\\\/\"},\"wordCount\":171,\"commentCount\":0,\"publisher\":{\"@id\":\"https:\\\/\\\/regiaonews.net.br\\\/2022\\\/#organization\"},\"image\":{\"@id\":\"https:\\\/\\\/regiaonews.net.br\\\/2022\\\/2024\\\/02\\\/10\\\/carnabarretos-acontece-hoje-com-mais-de-12-horas-de-programacao\\\/#primaryimage\"},\"thumbnailUrl\":\"https:\\\/\\\/regiaonews.net.br\\\/2022\\\/wp-content\\\/uploads\\\/2024\\\/01\\\/REGIAO-NEWS-PROGRAMACAO-Banner-pequeno-\u2022-300x300px-\u2022-Barretos-\u2022-Carna-Barretos-2024.jpg\",\"articleSection\":[\"Barretos\",\"Cidades\"],\"inLanguage\":\"pt-BR\",\"potentialAction\":[{\"@type\":\"CommentAction\",\"name\":\"Comment\",\"target\":[\"https:\\\/\\\/regiaonews.net.br\\\/2022\\\/2024\\\/02\\\/10\\\/carnabarretos-acontece-hoje-com-mais-de-12-horas-de-programacao\\\/#respond\"]}]},{\"@type\":\"WebPage\",\"@id\":\"https:\\\/\\\/regiaonews.net.br\\\/2022\\\/2024\\\/02\\\/10\\\/carnabarretos-acontece-hoje-com-mais-de-12-horas-de-programacao\\\/\",\"url\":\"https:\\\/\\\/regiaonews.net.br\\\/2022\\\/2024\\\/02\\\/10\\\/carnabarretos-acontece-hoje-com-mais-de-12-horas-de-programacao\\\/\",\"name\":\"CarnaBarretos acontece hoje com mais de 12 horas de programa\u00e7\u00e3o - Regi\u00e3o News\",\"isPartOf\":{\"@id\":\"https:\\\/\\\/regiaonews.net.br\\\/2022\\\/#website\"},\"primaryImageOfPage\":{\"@id\":\"https:\\\/\\\/regiaonews.net.br\\\/2022\\\/2024\\\/02\\\/10\\\/carnabarretos-acontece-hoje-com-mais-de-12-horas-de-programacao\\\/#primaryimage\"},\"image\":{\"@id\":\"https:\\\/\\\/regiaonews.net.br\\\/2022\\\/2024\\\/02\\\/10\\\/carnabarretos-acontece-hoje-com-mais-de-12-horas-de-programacao\\\/#primaryimage\"},\"thumbnailUrl\":\"https:\\\/\\\/regiaonews.net.br\\\/2022\\\/wp-content\\\/uploads\\\/2024\\\/01\\\/REGIAO-NEWS-PROGRAMACAO-Banner-pequeno-\u2022-300x300px-\u2022-Barretos-\u2022-Carna-Barretos-2024.jpg\",\"datePublished\":\"2024-02-10T13:02:19+00:00\",\"breadcrumb\":{\"@id\":\"https:\\\/\\\/regiaonews.net.br\\\/2022\\\/2024\\\/02\\\/10\\\/carnabarretos-acontece-hoje-com-mais-de-12-horas-de-programacao\\\/#breadcrumb\"},\"inLanguage\":\"pt-BR\",\"potentialAction\":[{\"@type\":\"ReadAction\",\"target\":[\"https:\\\/\\\/regiaonews.net.br\\\/2022\\\/2024\\\/02\\\/10\\\/carnabarretos-acontece-hoje-com-mais-de-12-horas-de-programacao\\\/\"]}]},{\"@type\":\"ImageObject\",\"inLanguage\":\"pt-BR\",\"@id\":\"https:\\\/\\\/regiaonews.net.br\\\/2022\\\/2024\\\/02\\\/10\\\/carnabarretos-acontece-hoje-com-mais-de-12-horas-de-programacao\\\/#primaryimage\",\"url\":\"https:\\\/\\\/regiaonews.net.br\\\/2022\\\/wp-content\\\/uploads\\\/2024\\\/01\\\/REGIAO-NEWS-PROGRAMACAO-Banner-pequeno-\u2022-300x300px-\u2022-Barretos-\u2022-Carna-Barretos-2024.jpg\",\"contentUrl\":\"https:\\\/\\\/regiaonews.net.br\\\/2022\\\/wp-content\\\/uploads\\\/2024\\\/01\\\/REGIAO-NEWS-PROGRAMACAO-Banner-pequeno-\u2022-300x300px-\u2022-Barretos-\u2022-Carna-Barretos-2024.jpg\",\"width\":300,\"height\":300},{\"@type\":\"BreadcrumbList\",\"@id\":\"https:\\\/\\\/regiaonews.net.br\\\/2022\\\/2024\\\/02\\\/10\\\/carnabarretos-acontece-hoje-com-mais-de-12-horas-de-programacao\\\/#breadcrumb\",\"itemListElement\":[{\"@type\":\"ListItem\",\"position\":1,\"name\":\"In\u00edcio\",\"item\":\"https:\\\/\\\/regiaonews.net.br\\\/2022\\\/\"},{\"@type\":\"ListItem\",\"position\":2,\"name\":\"CarnaBarretos acontece hoje com mais de 12 horas de programa\u00e7\u00e3o\"}]},{\"@type\":\"WebSite\",\"@id\":\"https:\\\/\\\/regiaonews.net.br\\\/2022\\\/#website\",\"url\":\"https:\\\/\\\/regiaonews.net.br\\\/2022\\\/\",\"name\":\"Regi\u00e3o News\",\"description\":\"Site de Not\u00edcias de Barretos e regi\u00e3o\",\"publisher\":{\"@id\":\"https:\\\/\\\/regiaonews.net.br\\\/2022\\\/#organization\"},\"potentialAction\":[{\"@type\":\"SearchAction\",\"target\":{\"@type\":\"EntryPoint\",\"urlTemplate\":\"https:\\\/\\\/regiaonews.net.br\\\/2022\\\/?s={search_term_string}\"},\"query-input\":{\"@type\":\"PropertyValueSpecification\",\"valueRequired\":true,\"valueName\":\"search_term_string\"}}],\"inLanguage\":\"pt-BR\"},{\"@type\":\"Organization\",\"@id\":\"https:\\\/\\\/regiaonews.net.br\\\/2022\\\/#organization\",\"name\":\"Regi\u00e3o News\",\"url\":\"https:\\\/\\\/regiaonews.net.br\\\/2022\\\/\",\"logo\":{\"@type\":\"ImageObject\",\"inLanguage\":\"pt-BR\",\"@id\":\"https:\\\/\\\/regiaonews.net.br\\\/2022\\\/#\\\/schema\\\/logo\\\/image\\\/\",\"url\":\"https:\\\/\\\/regiaonews.net.br\\\/2022\\\/wp-content\\\/uploads\\\/2026\\\/03\\\/regiao-13-anos-scaled.jpg\",\"contentUrl\":\"https:\\\/\\\/regiaonews.net.br\\\/2022\\\/wp-content\\\/uploads\\\/2026\\\/03\\\/regiao-13-anos-scaled.jpg\",\"width\":2560,\"height\":635,\"caption\":\"Regi\u00e3o News\"},\"image\":{\"@id\":\"https:\\\/\\\/regiaonews.net.br\\\/2022\\\/#\\\/schema\\\/logo\\\/image\\\/\"}},{\"@type\":\"Person\",\"@id\":\"https:\\\/\\\/regiaonews.net.br\\\/2022\\\/#\\\/schema\\\/person\\\/2d205a608a5aa97ac279d7a5e6d89ad8\",\"name\":\"Roberto\",\"image\":{\"@type\":\"ImageObject\",\"inLanguage\":\"pt-BR\",\"@id\":\"https:\\\/\\\/secure.gravatar.com\\\/avatar\\\/42749d8b712ff9d59ca93dc150494e5b55a44134482993f5baeb97e61b7ecc89?s=96&d=mm&r=g\",\"url\":\"https:\\\/\\\/secure.gravatar.com\\\/avatar\\\/42749d8b712ff9d59ca93dc150494e5b55a44134482993f5baeb97e61b7ecc89?s=96&d=mm&r=g\",\"contentUrl\":\"https:\\\/\\\/secure.gravatar.com\\\/avatar\\\/42749d8b712ff9d59ca93dc150494e5b55a44134482993f5baeb97e61b7ecc89?s=96&d=mm&r=g\",\"caption\":\"Roberto\"},\"url\":\"https:\\\/\\\/regiaonews.net.br\\\/2022\\\/author\\\/roberto\\\/\"}]}<\/script>\n<!-- \/ Yoast SEO plugin. -->","yoast_head_json":{"title":"CarnaBarretos acontece hoje com mais de 12 horas de programa\u00e7\u00e3o - Regi\u00e3o News","robots":{"index":"index","follow":"follow","max-snippet":"max-snippet:-1","max-image-preview":"max-image-preview:large","max-video-preview":"max-video-preview:-1"},"canonical":"https:\/\/regiaonews.net.br\/2022\/2024\/02\/10\/carnabarretos-acontece-hoje-com-mais-de-12-horas-de-programacao\/","og_locale":"pt_BR","og_type":"article","og_title":"CarnaBarretos acontece hoje com mais de 12 horas de programa\u00e7\u00e3o - Regi\u00e3o News","og_description":"&nbsp; O \u201cCarnaBarretos 2024\u201d acontece hoje (10), na Regi\u00e3o dos","og_url":"https:\/\/regiaonews.net.br\/2022\/2024\/02\/10\/carnabarretos-acontece-hoje-com-mais-de-12-horas-de-programacao\/","og_site_name":"Regi\u00e3o News","article_published_time":"2024-02-10T13:02:19+00:00","og_image":[{"width":300,"height":300,"url":"https:\/\/regiaonews.net.br\/2022\/wp-content\/uploads\/2024\/01\/REGIAO-NEWS-PROGRAMACAO-Banner-pequeno-\u2022-300x300px-\u2022-Barretos-\u2022-Carna-Barretos-2024.jpg","type":"image\/jpeg"}],"author":"Roberto","twitter_card":"summary_large_image","twitter_misc":{"Escrito por":"Roberto","Est. tempo de leitura":"1 minuto"},"schema":{"@context":"https:\/\/schema.org","@graph":[{"@type":"Article","@id":"https:\/\/regiaonews.net.br\/2022\/2024\/02\/10\/carnabarretos-acontece-hoje-com-mais-de-12-horas-de-programacao\/#article","isPartOf":{"@id":"https:\/\/regiaonews.net.br\/2022\/2024\/02\/10\/carnabarretos-acontece-hoje-com-mais-de-12-horas-de-programacao\/"},"author":{"name":"Roberto","@id":"https:\/\/regiaonews.net.br\/2022\/#\/schema\/person\/2d205a608a5aa97ac279d7a5e6d89ad8"},"headline":"CarnaBarretos acontece hoje com mais de 12 horas de programa\u00e7\u00e3o","datePublished":"2024-02-10T13:02:19+00:00","mainEntityOfPage":{"@id":"https:\/\/regiaonews.net.br\/2022\/2024\/02\/10\/carnabarretos-acontece-hoje-com-mais-de-12-horas-de-programacao\/"},"wordCount":171,"commentCount":0,"publisher":{"@id":"https:\/\/regiaonews.net.br\/2022\/#organization"},"image":{"@id":"https:\/\/regiaonews.net.br\/2022\/2024\/02\/10\/carnabarretos-acontece-hoje-com-mais-de-12-horas-de-programacao\/#primaryimage"},"thumbnailUrl":"https:\/\/regiaonews.net.br\/2022\/wp-content\/uploads\/2024\/01\/REGIAO-NEWS-PROGRAMACAO-Banner-pequeno-\u2022-300x300px-\u2022-Barretos-\u2022-Carna-Barretos-2024.jpg","articleSection":["Barretos","Cidades"],"inLanguage":"pt-BR","potentialAction":[{"@type":"CommentAction","name":"Comment","target":["https:\/\/regiaonews.net.br\/2022\/2024\/02\/10\/carnabarretos-acontece-hoje-com-mais-de-12-horas-de-programacao\/#respond"]}]},{"@type":"WebPage","@id":"https:\/\/regiaonews.net.br\/2022\/2024\/02\/10\/carnabarretos-acontece-hoje-com-mais-de-12-horas-de-programacao\/","url":"https:\/\/regiaonews.net.br\/2022\/2024\/02\/10\/carnabarretos-acontece-hoje-com-mais-de-12-horas-de-programacao\/","name":"CarnaBarretos acontece hoje com mais de 12 horas de programa\u00e7\u00e3o - Regi\u00e3o News","isPartOf":{"@id":"https:\/\/regiaonews.net.br\/2022\/#website"},"primaryImageOfPage":{"@id":"https:\/\/regiaonews.net.br\/2022\/2024\/02\/10\/carnabarretos-acontece-hoje-com-mais-de-12-horas-de-programacao\/#primaryimage"},"image":{"@id":"https:\/\/regiaonews.net.br\/2022\/2024\/02\/10\/carnabarretos-acontece-hoje-com-mais-de-12-horas-de-programacao\/#primaryimage"},"thumbnailUrl":"https:\/\/regiaonews.net.br\/2022\/wp-content\/uploads\/2024\/01\/REGIAO-NEWS-PROGRAMACAO-Banner-pequeno-\u2022-300x300px-\u2022-Barretos-\u2022-Carna-Barretos-2024.jpg","datePublished":"2024-02-10T13:02:19+00:00","breadcrumb":{"@id":"https:\/\/regiaonews.net.br\/2022\/2024\/02\/10\/carnabarretos-acontece-hoje-com-mais-de-12-horas-de-programacao\/#breadcrumb"},"inLanguage":"pt-BR","potentialAction":[{"@type":"ReadAction","target":["https:\/\/regiaonews.net.br\/2022\/2024\/02\/10\/carnabarretos-acontece-hoje-com-mais-de-12-horas-de-programacao\/"]}]},{"@type":"ImageObject","inLanguage":"pt-BR","@id":"https:\/\/regiaonews.net.br\/2022\/2024\/02\/10\/carnabarretos-acontece-hoje-com-mais-de-12-horas-de-programacao\/#primaryimage","url":"https:\/\/regiaonews.net.br\/2022\/wp-content\/uploads\/2024\/01\/REGIAO-NEWS-PROGRAMACAO-Banner-pequeno-\u2022-300x300px-\u2022-Barretos-\u2022-Carna-Barretos-2024.jpg","contentUrl":"https:\/\/regiaonews.net.br\/2022\/wp-content\/uploads\/2024\/01\/REGIAO-NEWS-PROGRAMACAO-Banner-pequeno-\u2022-300x300px-\u2022-Barretos-\u2022-Carna-Barretos-2024.jpg","width":300,"height":300},{"@type":"BreadcrumbList","@id":"https:\/\/regiaonews.net.br\/2022\/2024\/02\/10\/carnabarretos-acontece-hoje-com-mais-de-12-horas-de-programacao\/#breadcrumb","itemListElement":[{"@type":"ListItem","position":1,"name":"In\u00edcio","item":"https:\/\/regiaonews.net.br\/2022\/"},{"@type":"ListItem","position":2,"name":"CarnaBarretos acontece hoje com mais de 12 horas de programa\u00e7\u00e3o"}]},{"@type":"WebSite","@id":"https:\/\/regiaonews.net.br\/2022\/#website","url":"https:\/\/regiaonews.net.br\/2022\/","name":"Regi\u00e3o News","description":"Site de Not\u00edcias de Barretos e regi\u00e3o","publisher":{"@id":"https:\/\/regiaonews.net.br\/2022\/#organization"},"potentialAction":[{"@type":"SearchAction","target":{"@type":"EntryPoint","urlTemplate":"https:\/\/regiaonews.net.br\/2022\/?s={search_term_string}"},"query-input":{"@type":"PropertyValueSpecification","valueRequired":true,"valueName":"search_term_string"}}],"inLanguage":"pt-BR"},{"@type":"Organization","@id":"https:\/\/regiaonews.net.br\/2022\/#organization","name":"Regi\u00e3o News","url":"https:\/\/regiaonews.net.br\/2022\/","logo":{"@type":"ImageObject","inLanguage":"pt-BR","@id":"https:\/\/regiaonews.net.br\/2022\/#\/schema\/logo\/image\/","url":"https:\/\/regiaonews.net.br\/2022\/wp-content\/uploads\/2026\/03\/regiao-13-anos-scaled.jpg","contentUrl":"https:\/\/regiaonews.net.br\/2022\/wp-content\/uploads\/2026\/03\/regiao-13-anos-scaled.jpg","width":2560,"height":635,"caption":"Regi\u00e3o News"},"image":{"@id":"https:\/\/regiaonews.net.br\/2022\/#\/schema\/logo\/image\/"}},{"@type":"Person","@id":"https:\/\/regiaonews.net.br\/2022\/#\/schema\/person\/2d205a608a5aa97ac279d7a5e6d89ad8","name":"Roberto","image":{"@type":"ImageObject","inLanguage":"pt-BR","@id":"https:\/\/secure.gravatar.com\/avatar\/42749d8b712ff9d59ca93dc150494e5b55a44134482993f5baeb97e61b7ecc89?s=96&d=mm&r=g","url":"https:\/\/secure.gravatar.com\/avatar\/42749d8b712ff9d59ca93dc150494e5b55a44134482993f5baeb97e61b7ecc89?s=96&d=mm&r=g","contentUrl":"https:\/\/secure.gravatar.com\/avatar\/42749d8b712ff9d59ca93dc150494e5b55a44134482993f5baeb97e61b7ecc89?s=96&d=mm&r=g","caption":"Roberto"},"url":"https:\/\/regiaonews.net.br\/2022\/author\/roberto\/"}]}},"publishpress_future_action":{"enabled":false,"date":"2026-05-03 22:38:42","action":"change-status","newStatus":"draft","terms":[],"taxonomy":"category","extraData":[]},"publishpress_future_workflow_manual_trigger":{"enabledWorkflows":[]},"_links":{"self":[{"href":"https:\/\/regiaonews.net.br\/2022\/wp-json\/wp\/v2\/posts\/101151","targetHints":{"allow":["GET"]}}],"collection":[{"href":"https:\/\/regiaonews.net.br\/2022\/wp-json\/wp\/v2\/posts"}],"about":[{"href":"https:\/\/regiaonews.net.br\/2022\/wp-json\/wp\/v2\/types\/post"}],"author":[{"embeddable":true,"href":"https:\/\/regiaonews.net.br\/2022\/wp-json\/wp\/v2\/users\/2"}],"replies":[{"embeddable":true,"href":"https:\/\/regiaonews.net.br\/2022\/wp-json\/wp\/v2\/comments?post=101151"}],"version-history":[{"count":1,"href":"https:\/\/regiaonews.net.br\/2022\/wp-json\/wp\/v2\/posts\/101151\/revisions"}],"predecessor-version":[{"id":101152,"href":"https:\/\/regiaonews.net.br\/2022\/wp-json\/wp\/v2\/posts\/101151\/revisions\/101152"}],"wp:featuredmedia":[{"embeddable":true,"href":"https:\/\/regiaonews.net.br\/2022\/wp-json\/wp\/v2\/media\/100583"}],"wp:attachment":[{"href":"https:\/\/regiaonews.net.br\/2022\/wp-json\/wp\/v2\/media?parent=101151"}],"wp:term":[{"taxonomy":"category","embeddable":true,"href":"https:\/\/regiaonews.net.br\/2022\/wp-json\/wp\/v2\/categories?post=101151"},{"taxonomy":"post_tag","embeddable":true,"href":"https:\/\/regiaonews.net.br\/2022\/wp-json\/wp\/v2\/tags?post=101151"}],"curies":[{"name":"wp","href":"https:\/\/api.w.org\/{rel}","templated":true}]}}