{"id":101112,"date":"2024-02-09T19:07:33","date_gmt":"2024-02-09T22:07:33","guid":{"rendered":"https:\/\/regiaonews.net.br\/2022\/?p=101112"},"modified":"2024-02-10T06:48:06","modified_gmt":"2024-02-10T09:48:06","slug":"o-comandante-da-1a-companhia-do-3-batalhao-de-policia-rodoviaria-capitao-pm-flora-tras-um-recado-importante-sobre-a-operacao-carnaval-2024","status":"publish","type":"post","link":"https:\/\/regiaonews.net.br\/2022\/2024\/02\/09\/o-comandante-da-1a-companhia-do-3-batalhao-de-policia-rodoviaria-capitao-pm-flora-tras-um-recado-importante-sobre-a-operacao-carnaval-2024\/","title":{"rendered":"Comandante da Pol\u00edcia Rodovi\u00e1ria orienta sobre a Opera\u00e7\u00e3o Carnaval 2024"},"content":{"rendered":"<p>&nbsp;<\/p>\n<p>Estamos com o efetivo refor\u00e7ado, realizando a\u00e7\u00f5es de educa\u00e7\u00e3o para o tr\u00e2nsito e fiscaliza\u00e7\u00e3o, para que a popula\u00e7\u00e3o possa desfrutar do feriado prolongado em seguran\u00e7a.<\/p>\n<p>Assista o v\u00eddeo, compartilhe e conte sempre com o Policiamento Rodovi\u00e1rio!<\/p>\n<p>Pol\u00edcia Militar: Rumo aos 200 anos. Vamos todos juntos. Ningu\u00e9m fica para tr\u00e1s.<\/p>\n<div style=\"width: 640px;\" class=\"wp-video\"><video class=\"wp-video-shortcode\" id=\"video-101112-1\" width=\"640\" height=\"1138\" preload=\"metadata\" controls=\"controls\"><source type=\"video\/mp4\" src=\"https:\/\/regiaonews.net.br\/2022\/wp-content\/uploads\/2024\/02\/Operacao-Carnaval-2024-3\u00b0-BPRv-.mp4?_=1\" \/><a href=\"https:\/\/regiaonews.net.br\/2022\/wp-content\/uploads\/2024\/02\/Operacao-Carnaval-2024-3\u00b0-BPRv-.mp4\">https:\/\/regiaonews.net.br\/2022\/wp-content\/uploads\/2024\/02\/Operacao-Carnaval-2024-3\u00b0-BPRv-.mp4<\/a><\/video><\/div>\n","protected":false},"excerpt":{"rendered":"<p>&nbsp; Estamos com o efetivo refor\u00e7ado, realizando a\u00e7\u00f5es de educa\u00e7\u00e3o<\/p>\n","protected":false},"author":2,"featured_media":86327,"comment_status":"open","ping_status":"open","sticky":false,"template":"","format":"standard","meta":{"footnotes":""},"categories":[7,23],"tags":[],"class_list":["post-101112","post","type-post","status-publish","format-standard","has-post-thumbnail","hentry","category-estado-de-sao-paulo","category-policia"],"yoast_head":"<!-- This site is optimized with the Yoast SEO plugin v27.4 - https:\/\/yoast.com\/product\/yoast-seo-wordpress\/ -->\n<title>Comandante da Pol\u00edcia Rodovi\u00e1ria orienta sobre a Opera\u00e7\u00e3o Carnaval 2024 - Regi\u00e3o News<\/title>\n<meta name=\"robots\" content=\"index, follow, max-snippet:-1, max-image-preview:large, max-video-preview:-1\" \/>\n<link rel=\"canonical\" href=\"https:\/\/regiaonews.net.br\/2022\/2024\/02\/09\/o-comandante-da-1a-companhia-do-3-batalhao-de-policia-rodoviaria-capitao-pm-flora-tras-um-recado-importante-sobre-a-operacao-carnaval-2024\/\" \/>\n<meta property=\"og:locale\" content=\"pt_BR\" \/>\n<meta property=\"og:type\" content=\"article\" \/>\n<meta property=\"og:title\" content=\"Comandante da Pol\u00edcia Rodovi\u00e1ria orienta sobre a Opera\u00e7\u00e3o Carnaval 2024 - Regi\u00e3o News\" \/>\n<meta property=\"og:description\" content=\"&nbsp; Estamos com o efetivo refor\u00e7ado, realizando a\u00e7\u00f5es de educa\u00e7\u00e3o\" \/>\n<meta property=\"og:url\" content=\"https:\/\/regiaonews.net.br\/2022\/2024\/02\/09\/o-comandante-da-1a-companhia-do-3-batalhao-de-policia-rodoviaria-capitao-pm-flora-tras-um-recado-importante-sobre-a-operacao-carnaval-2024\/\" \/>\n<meta property=\"og:site_name\" content=\"Regi\u00e3o News\" \/>\n<meta property=\"article:published_time\" content=\"2024-02-09T22:07:33+00:00\" \/>\n<meta property=\"article:modified_time\" content=\"2024-02-10T09:48:06+00:00\" \/>\n<meta property=\"og:image\" content=\"https:\/\/regiaonews.net.br\/2022\/wp-content\/uploads\/2023\/04\/Policia-Rodoviaria.jpeg\" \/>\n\t<meta property=\"og:image:width\" content=\"1600\" \/>\n\t<meta property=\"og:image:height\" content=\"1200\" \/>\n\t<meta property=\"og:image:type\" content=\"image\/jpeg\" \/>\n<meta name=\"author\" content=\"Roberto\" \/>\n<meta name=\"twitter:card\" content=\"summary_large_image\" \/>\n<meta name=\"twitter:label1\" content=\"Escrito por\" \/>\n\t<meta name=\"twitter:data1\" content=\"Roberto\" \/>\n\t<meta name=\"twitter:label2\" content=\"Est. tempo de leitura\" \/>\n\t<meta name=\"twitter:data2\" content=\"1 minuto\" \/>\n<script type=\"application\/ld+json\" class=\"yoast-schema-graph\">{\"@context\":\"https:\\\/\\\/schema.org\",\"@graph\":[{\"@type\":\"Article\",\"@id\":\"https:\\\/\\\/regiaonews.net.br\\\/2022\\\/2024\\\/02\\\/09\\\/o-comandante-da-1a-companhia-do-3-batalhao-de-policia-rodoviaria-capitao-pm-flora-tras-um-recado-importante-sobre-a-operacao-carnaval-2024\\\/#article\",\"isPartOf\":{\"@id\":\"https:\\\/\\\/regiaonews.net.br\\\/2022\\\/2024\\\/02\\\/09\\\/o-comandante-da-1a-companhia-do-3-batalhao-de-policia-rodoviaria-capitao-pm-flora-tras-um-recado-importante-sobre-a-operacao-carnaval-2024\\\/\"},\"author\":{\"name\":\"Roberto\",\"@id\":\"https:\\\/\\\/regiaonews.net.br\\\/2022\\\/#\\\/schema\\\/person\\\/2d205a608a5aa97ac279d7a5e6d89ad8\"},\"headline\":\"Comandante da Pol\u00edcia Rodovi\u00e1ria orienta sobre a Opera\u00e7\u00e3o Carnaval 2024\",\"datePublished\":\"2024-02-09T22:07:33+00:00\",\"dateModified\":\"2024-02-10T09:48:06+00:00\",\"mainEntityOfPage\":{\"@id\":\"https:\\\/\\\/regiaonews.net.br\\\/2022\\\/2024\\\/02\\\/09\\\/o-comandante-da-1a-companhia-do-3-batalhao-de-policia-rodoviaria-capitao-pm-flora-tras-um-recado-importante-sobre-a-operacao-carnaval-2024\\\/\"},\"wordCount\":88,\"commentCount\":0,\"publisher\":{\"@id\":\"https:\\\/\\\/regiaonews.net.br\\\/2022\\\/#organization\"},\"image\":{\"@id\":\"https:\\\/\\\/regiaonews.net.br\\\/2022\\\/2024\\\/02\\\/09\\\/o-comandante-da-1a-companhia-do-3-batalhao-de-policia-rodoviaria-capitao-pm-flora-tras-um-recado-importante-sobre-a-operacao-carnaval-2024\\\/#primaryimage\"},\"thumbnailUrl\":\"https:\\\/\\\/regiaonews.net.br\\\/2022\\\/wp-content\\\/uploads\\\/2023\\\/04\\\/Policia-Rodoviaria.jpeg\",\"articleSection\":[\"Estado de S\u00e3o Paulo\",\"Policia\"],\"inLanguage\":\"pt-BR\",\"potentialAction\":[{\"@type\":\"CommentAction\",\"name\":\"Comment\",\"target\":[\"https:\\\/\\\/regiaonews.net.br\\\/2022\\\/2024\\\/02\\\/09\\\/o-comandante-da-1a-companhia-do-3-batalhao-de-policia-rodoviaria-capitao-pm-flora-tras-um-recado-importante-sobre-a-operacao-carnaval-2024\\\/#respond\"]}]},{\"@type\":\"WebPage\",\"@id\":\"https:\\\/\\\/regiaonews.net.br\\\/2022\\\/2024\\\/02\\\/09\\\/o-comandante-da-1a-companhia-do-3-batalhao-de-policia-rodoviaria-capitao-pm-flora-tras-um-recado-importante-sobre-a-operacao-carnaval-2024\\\/\",\"url\":\"https:\\\/\\\/regiaonews.net.br\\\/2022\\\/2024\\\/02\\\/09\\\/o-comandante-da-1a-companhia-do-3-batalhao-de-policia-rodoviaria-capitao-pm-flora-tras-um-recado-importante-sobre-a-operacao-carnaval-2024\\\/\",\"name\":\"Comandante da Pol\u00edcia Rodovi\u00e1ria orienta sobre a Opera\u00e7\u00e3o Carnaval 2024 - Regi\u00e3o News\",\"isPartOf\":{\"@id\":\"https:\\\/\\\/regiaonews.net.br\\\/2022\\\/#website\"},\"primaryImageOfPage\":{\"@id\":\"https:\\\/\\\/regiaonews.net.br\\\/2022\\\/2024\\\/02\\\/09\\\/o-comandante-da-1a-companhia-do-3-batalhao-de-policia-rodoviaria-capitao-pm-flora-tras-um-recado-importante-sobre-a-operacao-carnaval-2024\\\/#primaryimage\"},\"image\":{\"@id\":\"https:\\\/\\\/regiaonews.net.br\\\/2022\\\/2024\\\/02\\\/09\\\/o-comandante-da-1a-companhia-do-3-batalhao-de-policia-rodoviaria-capitao-pm-flora-tras-um-recado-importante-sobre-a-operacao-carnaval-2024\\\/#primaryimage\"},\"thumbnailUrl\":\"https:\\\/\\\/regiaonews.net.br\\\/2022\\\/wp-content\\\/uploads\\\/2023\\\/04\\\/Policia-Rodoviaria.jpeg\",\"datePublished\":\"2024-02-09T22:07:33+00:00\",\"dateModified\":\"2024-02-10T09:48:06+00:00\",\"breadcrumb\":{\"@id\":\"https:\\\/\\\/regiaonews.net.br\\\/2022\\\/2024\\\/02\\\/09\\\/o-comandante-da-1a-companhia-do-3-batalhao-de-policia-rodoviaria-capitao-pm-flora-tras-um-recado-importante-sobre-a-operacao-carnaval-2024\\\/#breadcrumb\"},\"inLanguage\":\"pt-BR\",\"potentialAction\":[{\"@type\":\"ReadAction\",\"target\":[\"https:\\\/\\\/regiaonews.net.br\\\/2022\\\/2024\\\/02\\\/09\\\/o-comandante-da-1a-companhia-do-3-batalhao-de-policia-rodoviaria-capitao-pm-flora-tras-um-recado-importante-sobre-a-operacao-carnaval-2024\\\/\"]}]},{\"@type\":\"ImageObject\",\"inLanguage\":\"pt-BR\",\"@id\":\"https:\\\/\\\/regiaonews.net.br\\\/2022\\\/2024\\\/02\\\/09\\\/o-comandante-da-1a-companhia-do-3-batalhao-de-policia-rodoviaria-capitao-pm-flora-tras-um-recado-importante-sobre-a-operacao-carnaval-2024\\\/#primaryimage\",\"url\":\"https:\\\/\\\/regiaonews.net.br\\\/2022\\\/wp-content\\\/uploads\\\/2023\\\/04\\\/Policia-Rodoviaria.jpeg\",\"contentUrl\":\"https:\\\/\\\/regiaonews.net.br\\\/2022\\\/wp-content\\\/uploads\\\/2023\\\/04\\\/Policia-Rodoviaria.jpeg\",\"width\":1600,\"height\":1200},{\"@type\":\"BreadcrumbList\",\"@id\":\"https:\\\/\\\/regiaonews.net.br\\\/2022\\\/2024\\\/02\\\/09\\\/o-comandante-da-1a-companhia-do-3-batalhao-de-policia-rodoviaria-capitao-pm-flora-tras-um-recado-importante-sobre-a-operacao-carnaval-2024\\\/#breadcrumb\",\"itemListElement\":[{\"@type\":\"ListItem\",\"position\":1,\"name\":\"In\u00edcio\",\"item\":\"https:\\\/\\\/regiaonews.net.br\\\/2022\\\/\"},{\"@type\":\"ListItem\",\"position\":2,\"name\":\"Comandante da Pol\u00edcia Rodovi\u00e1ria orienta sobre a Opera\u00e7\u00e3o Carnaval 2024\"}]},{\"@type\":\"WebSite\",\"@id\":\"https:\\\/\\\/regiaonews.net.br\\\/2022\\\/#website\",\"url\":\"https:\\\/\\\/regiaonews.net.br\\\/2022\\\/\",\"name\":\"Regi\u00e3o News\",\"description\":\"Site de Not\u00edcias de Barretos e regi\u00e3o\",\"publisher\":{\"@id\":\"https:\\\/\\\/regiaonews.net.br\\\/2022\\\/#organization\"},\"potentialAction\":[{\"@type\":\"SearchAction\",\"target\":{\"@type\":\"EntryPoint\",\"urlTemplate\":\"https:\\\/\\\/regiaonews.net.br\\\/2022\\\/?s={search_term_string}\"},\"query-input\":{\"@type\":\"PropertyValueSpecification\",\"valueRequired\":true,\"valueName\":\"search_term_string\"}}],\"inLanguage\":\"pt-BR\"},{\"@type\":\"Organization\",\"@id\":\"https:\\\/\\\/regiaonews.net.br\\\/2022\\\/#organization\",\"name\":\"Regi\u00e3o News\",\"url\":\"https:\\\/\\\/regiaonews.net.br\\\/2022\\\/\",\"logo\":{\"@type\":\"ImageObject\",\"inLanguage\":\"pt-BR\",\"@id\":\"https:\\\/\\\/regiaonews.net.br\\\/2022\\\/#\\\/schema\\\/logo\\\/image\\\/\",\"url\":\"https:\\\/\\\/regiaonews.net.br\\\/2022\\\/wp-content\\\/uploads\\\/2026\\\/03\\\/regiao-13-anos-scaled.jpg\",\"contentUrl\":\"https:\\\/\\\/regiaonews.net.br\\\/2022\\\/wp-content\\\/uploads\\\/2026\\\/03\\\/regiao-13-anos-scaled.jpg\",\"width\":2560,\"height\":635,\"caption\":\"Regi\u00e3o News\"},\"image\":{\"@id\":\"https:\\\/\\\/regiaonews.net.br\\\/2022\\\/#\\\/schema\\\/logo\\\/image\\\/\"}},{\"@type\":\"Person\",\"@id\":\"https:\\\/\\\/regiaonews.net.br\\\/2022\\\/#\\\/schema\\\/person\\\/2d205a608a5aa97ac279d7a5e6d89ad8\",\"name\":\"Roberto\",\"image\":{\"@type\":\"ImageObject\",\"inLanguage\":\"pt-BR\",\"@id\":\"https:\\\/\\\/secure.gravatar.com\\\/avatar\\\/42749d8b712ff9d59ca93dc150494e5b55a44134482993f5baeb97e61b7ecc89?s=96&d=mm&r=g\",\"url\":\"https:\\\/\\\/secure.gravatar.com\\\/avatar\\\/42749d8b712ff9d59ca93dc150494e5b55a44134482993f5baeb97e61b7ecc89?s=96&d=mm&r=g\",\"contentUrl\":\"https:\\\/\\\/secure.gravatar.com\\\/avatar\\\/42749d8b712ff9d59ca93dc150494e5b55a44134482993f5baeb97e61b7ecc89?s=96&d=mm&r=g\",\"caption\":\"Roberto\"},\"url\":\"https:\\\/\\\/regiaonews.net.br\\\/2022\\\/author\\\/roberto\\\/\"}]}<\/script>\n<!-- \/ Yoast SEO plugin. -->","yoast_head_json":{"title":"Comandante da Pol\u00edcia Rodovi\u00e1ria orienta sobre a Opera\u00e7\u00e3o Carnaval 2024 - Regi\u00e3o News","robots":{"index":"index","follow":"follow","max-snippet":"max-snippet:-1","max-image-preview":"max-image-preview:large","max-video-preview":"max-video-preview:-1"},"canonical":"https:\/\/regiaonews.net.br\/2022\/2024\/02\/09\/o-comandante-da-1a-companhia-do-3-batalhao-de-policia-rodoviaria-capitao-pm-flora-tras-um-recado-importante-sobre-a-operacao-carnaval-2024\/","og_locale":"pt_BR","og_type":"article","og_title":"Comandante da Pol\u00edcia Rodovi\u00e1ria orienta sobre a Opera\u00e7\u00e3o Carnaval 2024 - Regi\u00e3o News","og_description":"&nbsp; Estamos com o efetivo refor\u00e7ado, realizando a\u00e7\u00f5es de educa\u00e7\u00e3o","og_url":"https:\/\/regiaonews.net.br\/2022\/2024\/02\/09\/o-comandante-da-1a-companhia-do-3-batalhao-de-policia-rodoviaria-capitao-pm-flora-tras-um-recado-importante-sobre-a-operacao-carnaval-2024\/","og_site_name":"Regi\u00e3o News","article_published_time":"2024-02-09T22:07:33+00:00","article_modified_time":"2024-02-10T09:48:06+00:00","og_image":[{"width":1600,"height":1200,"url":"https:\/\/regiaonews.net.br\/2022\/wp-content\/uploads\/2023\/04\/Policia-Rodoviaria.jpeg","type":"image\/jpeg"}],"author":"Roberto","twitter_card":"summary_large_image","twitter_misc":{"Escrito por":"Roberto","Est. tempo de leitura":"1 minuto"},"schema":{"@context":"https:\/\/schema.org","@graph":[{"@type":"Article","@id":"https:\/\/regiaonews.net.br\/2022\/2024\/02\/09\/o-comandante-da-1a-companhia-do-3-batalhao-de-policia-rodoviaria-capitao-pm-flora-tras-um-recado-importante-sobre-a-operacao-carnaval-2024\/#article","isPartOf":{"@id":"https:\/\/regiaonews.net.br\/2022\/2024\/02\/09\/o-comandante-da-1a-companhia-do-3-batalhao-de-policia-rodoviaria-capitao-pm-flora-tras-um-recado-importante-sobre-a-operacao-carnaval-2024\/"},"author":{"name":"Roberto","@id":"https:\/\/regiaonews.net.br\/2022\/#\/schema\/person\/2d205a608a5aa97ac279d7a5e6d89ad8"},"headline":"Comandante da Pol\u00edcia Rodovi\u00e1ria orienta sobre a Opera\u00e7\u00e3o Carnaval 2024","datePublished":"2024-02-09T22:07:33+00:00","dateModified":"2024-02-10T09:48:06+00:00","mainEntityOfPage":{"@id":"https:\/\/regiaonews.net.br\/2022\/2024\/02\/09\/o-comandante-da-1a-companhia-do-3-batalhao-de-policia-rodoviaria-capitao-pm-flora-tras-um-recado-importante-sobre-a-operacao-carnaval-2024\/"},"wordCount":88,"commentCount":0,"publisher":{"@id":"https:\/\/regiaonews.net.br\/2022\/#organization"},"image":{"@id":"https:\/\/regiaonews.net.br\/2022\/2024\/02\/09\/o-comandante-da-1a-companhia-do-3-batalhao-de-policia-rodoviaria-capitao-pm-flora-tras-um-recado-importante-sobre-a-operacao-carnaval-2024\/#primaryimage"},"thumbnailUrl":"https:\/\/regiaonews.net.br\/2022\/wp-content\/uploads\/2023\/04\/Policia-Rodoviaria.jpeg","articleSection":["Estado de S\u00e3o Paulo","Policia"],"inLanguage":"pt-BR","potentialAction":[{"@type":"CommentAction","name":"Comment","target":["https:\/\/regiaonews.net.br\/2022\/2024\/02\/09\/o-comandante-da-1a-companhia-do-3-batalhao-de-policia-rodoviaria-capitao-pm-flora-tras-um-recado-importante-sobre-a-operacao-carnaval-2024\/#respond"]}]},{"@type":"WebPage","@id":"https:\/\/regiaonews.net.br\/2022\/2024\/02\/09\/o-comandante-da-1a-companhia-do-3-batalhao-de-policia-rodoviaria-capitao-pm-flora-tras-um-recado-importante-sobre-a-operacao-carnaval-2024\/","url":"https:\/\/regiaonews.net.br\/2022\/2024\/02\/09\/o-comandante-da-1a-companhia-do-3-batalhao-de-policia-rodoviaria-capitao-pm-flora-tras-um-recado-importante-sobre-a-operacao-carnaval-2024\/","name":"Comandante da Pol\u00edcia Rodovi\u00e1ria orienta sobre a Opera\u00e7\u00e3o Carnaval 2024 - Regi\u00e3o News","isPartOf":{"@id":"https:\/\/regiaonews.net.br\/2022\/#website"},"primaryImageOfPage":{"@id":"https:\/\/regiaonews.net.br\/2022\/2024\/02\/09\/o-comandante-da-1a-companhia-do-3-batalhao-de-policia-rodoviaria-capitao-pm-flora-tras-um-recado-importante-sobre-a-operacao-carnaval-2024\/#primaryimage"},"image":{"@id":"https:\/\/regiaonews.net.br\/2022\/2024\/02\/09\/o-comandante-da-1a-companhia-do-3-batalhao-de-policia-rodoviaria-capitao-pm-flora-tras-um-recado-importante-sobre-a-operacao-carnaval-2024\/#primaryimage"},"thumbnailUrl":"https:\/\/regiaonews.net.br\/2022\/wp-content\/uploads\/2023\/04\/Policia-Rodoviaria.jpeg","datePublished":"2024-02-09T22:07:33+00:00","dateModified":"2024-02-10T09:48:06+00:00","breadcrumb":{"@id":"https:\/\/regiaonews.net.br\/2022\/2024\/02\/09\/o-comandante-da-1a-companhia-do-3-batalhao-de-policia-rodoviaria-capitao-pm-flora-tras-um-recado-importante-sobre-a-operacao-carnaval-2024\/#breadcrumb"},"inLanguage":"pt-BR","potentialAction":[{"@type":"ReadAction","target":["https:\/\/regiaonews.net.br\/2022\/2024\/02\/09\/o-comandante-da-1a-companhia-do-3-batalhao-de-policia-rodoviaria-capitao-pm-flora-tras-um-recado-importante-sobre-a-operacao-carnaval-2024\/"]}]},{"@type":"ImageObject","inLanguage":"pt-BR","@id":"https:\/\/regiaonews.net.br\/2022\/2024\/02\/09\/o-comandante-da-1a-companhia-do-3-batalhao-de-policia-rodoviaria-capitao-pm-flora-tras-um-recado-importante-sobre-a-operacao-carnaval-2024\/#primaryimage","url":"https:\/\/regiaonews.net.br\/2022\/wp-content\/uploads\/2023\/04\/Policia-Rodoviaria.jpeg","contentUrl":"https:\/\/regiaonews.net.br\/2022\/wp-content\/uploads\/2023\/04\/Policia-Rodoviaria.jpeg","width":1600,"height":1200},{"@type":"BreadcrumbList","@id":"https:\/\/regiaonews.net.br\/2022\/2024\/02\/09\/o-comandante-da-1a-companhia-do-3-batalhao-de-policia-rodoviaria-capitao-pm-flora-tras-um-recado-importante-sobre-a-operacao-carnaval-2024\/#breadcrumb","itemListElement":[{"@type":"ListItem","position":1,"name":"In\u00edcio","item":"https:\/\/regiaonews.net.br\/2022\/"},{"@type":"ListItem","position":2,"name":"Comandante da Pol\u00edcia Rodovi\u00e1ria orienta sobre a Opera\u00e7\u00e3o Carnaval 2024"}]},{"@type":"WebSite","@id":"https:\/\/regiaonews.net.br\/2022\/#website","url":"https:\/\/regiaonews.net.br\/2022\/","name":"Regi\u00e3o News","description":"Site de Not\u00edcias de Barretos e regi\u00e3o","publisher":{"@id":"https:\/\/regiaonews.net.br\/2022\/#organization"},"potentialAction":[{"@type":"SearchAction","target":{"@type":"EntryPoint","urlTemplate":"https:\/\/regiaonews.net.br\/2022\/?s={search_term_string}"},"query-input":{"@type":"PropertyValueSpecification","valueRequired":true,"valueName":"search_term_string"}}],"inLanguage":"pt-BR"},{"@type":"Organization","@id":"https:\/\/regiaonews.net.br\/2022\/#organization","name":"Regi\u00e3o News","url":"https:\/\/regiaonews.net.br\/2022\/","logo":{"@type":"ImageObject","inLanguage":"pt-BR","@id":"https:\/\/regiaonews.net.br\/2022\/#\/schema\/logo\/image\/","url":"https:\/\/regiaonews.net.br\/2022\/wp-content\/uploads\/2026\/03\/regiao-13-anos-scaled.jpg","contentUrl":"https:\/\/regiaonews.net.br\/2022\/wp-content\/uploads\/2026\/03\/regiao-13-anos-scaled.jpg","width":2560,"height":635,"caption":"Regi\u00e3o News"},"image":{"@id":"https:\/\/regiaonews.net.br\/2022\/#\/schema\/logo\/image\/"}},{"@type":"Person","@id":"https:\/\/regiaonews.net.br\/2022\/#\/schema\/person\/2d205a608a5aa97ac279d7a5e6d89ad8","name":"Roberto","image":{"@type":"ImageObject","inLanguage":"pt-BR","@id":"https:\/\/secure.gravatar.com\/avatar\/42749d8b712ff9d59ca93dc150494e5b55a44134482993f5baeb97e61b7ecc89?s=96&d=mm&r=g","url":"https:\/\/secure.gravatar.com\/avatar\/42749d8b712ff9d59ca93dc150494e5b55a44134482993f5baeb97e61b7ecc89?s=96&d=mm&r=g","contentUrl":"https:\/\/secure.gravatar.com\/avatar\/42749d8b712ff9d59ca93dc150494e5b55a44134482993f5baeb97e61b7ecc89?s=96&d=mm&r=g","caption":"Roberto"},"url":"https:\/\/regiaonews.net.br\/2022\/author\/roberto\/"}]}},"publishpress_future_action":{"enabled":false,"date":"2026-05-03 03:03:45","action":"change-status","newStatus":"draft","terms":[],"taxonomy":"category","extraData":[]},"publishpress_future_workflow_manual_trigger":{"enabledWorkflows":[]},"_links":{"self":[{"href":"https:\/\/regiaonews.net.br\/2022\/wp-json\/wp\/v2\/posts\/101112","targetHints":{"allow":["GET"]}}],"collection":[{"href":"https:\/\/regiaonews.net.br\/2022\/wp-json\/wp\/v2\/posts"}],"about":[{"href":"https:\/\/regiaonews.net.br\/2022\/wp-json\/wp\/v2\/types\/post"}],"author":[{"embeddable":true,"href":"https:\/\/regiaonews.net.br\/2022\/wp-json\/wp\/v2\/users\/2"}],"replies":[{"embeddable":true,"href":"https:\/\/regiaonews.net.br\/2022\/wp-json\/wp\/v2\/comments?post=101112"}],"version-history":[{"count":5,"href":"https:\/\/regiaonews.net.br\/2022\/wp-json\/wp\/v2\/posts\/101112\/revisions"}],"predecessor-version":[{"id":101144,"href":"https:\/\/regiaonews.net.br\/2022\/wp-json\/wp\/v2\/posts\/101112\/revisions\/101144"}],"wp:featuredmedia":[{"embeddable":true,"href":"https:\/\/regiaonews.net.br\/2022\/wp-json\/wp\/v2\/media\/86327"}],"wp:attachment":[{"href":"https:\/\/regiaonews.net.br\/2022\/wp-json\/wp\/v2\/media?parent=101112"}],"wp:term":[{"taxonomy":"category","embeddable":true,"href":"https:\/\/regiaonews.net.br\/2022\/wp-json\/wp\/v2\/categories?post=101112"},{"taxonomy":"post_tag","embeddable":true,"href":"https:\/\/regiaonews.net.br\/2022\/wp-json\/wp\/v2\/tags?post=101112"}],"curies":[{"name":"wp","href":"https:\/\/api.w.org\/{rel}","templated":true}]}}