{"id":101103,"date":"2024-02-09T18:52:19","date_gmt":"2024-02-09T21:52:19","guid":{"rendered":"https:\/\/regiaonews.net.br\/2022\/?p=101103"},"modified":"2024-02-09T18:52:19","modified_gmt":"2024-02-09T21:52:19","slug":"prefeitura-faz-conscientizacao-e-entrega-de-preservativos-femininos-e-masculinos-no-carnabarretos-2024-e-em-eventos-particulares","status":"publish","type":"post","link":"https:\/\/regiaonews.net.br\/2022\/2024\/02\/09\/prefeitura-faz-conscientizacao-e-entrega-de-preservativos-femininos-e-masculinos-no-carnabarretos-2024-e-em-eventos-particulares\/","title":{"rendered":"Prefeitura faz conscientiza\u00e7\u00e3o e entrega de preservativos femininos e masculinos no \u201cCarnaBarretos\u201d 2024 e em eventos particulares"},"content":{"rendered":"<p>&nbsp;<\/p>\n<p>A equipe do Programa Municipal IST\/HIV\/AIDS realizar\u00e1 a\u00e7\u00f5es entre os foli\u00f5es de sexta-feira, 9, at\u00e9 a ter\u00e7a-feira de Carnaval, dia 13. O Conselho Municipal dos Direitos da Mulher tamb\u00e9m estar\u00e1 em a\u00e7\u00e3o para combater o ass\u00e9dio sexual<\/p>\n<p>Os foli\u00f5es que passam o Carnaval na Est\u00e2ncia Tur\u00edstica de Barretos contam com as a\u00e7\u00f5es da equipe do Programa Municipal IST\/HIV\/AIDS para que se lembrem da import\u00e2ncia da preven\u00e7\u00e3o. Como j\u00e1 \u00e9 tradicional na cidade, entre esta sexta-feira, dia 9, e a ter\u00e7a-feira de Carnaval, dia 14, mais de dez servidores da Secretaria Municipal de Barretos estar\u00e3o todas as noites entre as pessoas que estiverem curtindo o Carnaval levando conscientiza\u00e7\u00e3o e realizando a entrega de preservativos femininos e masculinos e de gel lubrificante.<br \/>\nAs a\u00e7\u00f5es da equipe do Programa Municipal IST\/HIV\/AIDS seguem o seguinte cronograma:<br \/>\nCarnaBarretos 2024 \u2013 na Regi\u00e3o dos Lagos: 10\/2 &#8211; s\u00e1bado, das 18 \u00e0s 20h;<br \/>\nBloquim &#8211; Parque do Pe\u00e3o: 9 a 13\/2 &#8211; sexta a ter\u00e7a-feira a partir das 20h;<br \/>\nRio das Pedras: 11 e 13\/2 &#8211; domingo e ter\u00e7a-feira, das 18 \u00e0s 20h.<br \/>\n\u201cO Carnaval \u00e9 um momento de descontra\u00e7\u00e3o em que muita gente quer aproveitar a festa, mas \u00e9 sempre importante ter consci\u00eancia dos riscos de contamina\u00e7\u00e3o por infec\u00e7\u00f5es sexualmente transmiss\u00edveis e que o uso do preservativo \u00e9 a melhor forma de preven\u00e7\u00e3o\u201d, afirma a coordenadora do Programa IST\/HIV\/AIDS, Cec\u00edlia Marques dos Reis. Ela lembra que o uso do preservativo funciona tamb\u00e9m para evitar a gravidez indesejada.<\/p>\n<p>Atendimento 24h em caso de p\u00f3s-exposi\u00e7\u00e3o<br \/>\nA Secretaria Municipal de Sa\u00fade recomenda a atitude preventiva. Entretanto, ocorrendo alguma eventualidade em que o preservativo tenha estourado ou em caso de rela\u00e7\u00e3o de risco sem preservativo, \u00e9 mantido em finais de semana e feriado o atendimento ininterrupto na UPA e Santa Casa para se iniciar a profilaxia p\u00f3s-exposi\u00e7\u00e3o, que \u00e9 indicada para at\u00e9 72h ap\u00f3s o ocorrido; sendo inidicado procurar a unidade o quanto antes.<br \/>\na gente lembra que UPA e a Santa Casa atendem o tempo todo e podem ser procuradas em at\u00e9 72 horas para se iniciar a medica\u00e7\u00e3o, sendo o quanto antes melhor.<\/p>\n<p>Ass\u00e9dio sexual n\u00e3o \u00e9 brincadeira de Carnaval<br \/>\nIntegrantes do Conselho Municipal dos Direitos da Mulher (COMDIM) e do Centro de Refer\u00eancia em Atendimento \u00e0 Mulher (CRAM) estar\u00e3o presentes ao longo do evento CarnaBarretos2024 prestando apoio a mulheres caso passem por alguma situa\u00e7\u00e3o de abuso ou importuna\u00e7\u00e3o sexual. Para melhor identifica\u00e7\u00e3o, elas estar\u00e3o com a camiseta branca do COMDIM.<br \/>\nA secret\u00e1ria Municipal de Assist\u00eancia Social e Desenvolvimento Humano, Vit\u00f3ria Saretta, ressalta a expectativa para que o respeito prevale\u00e7a. \u201cO CarnaBarretos2024 \u00e9 um evento para toda a fam\u00edlia se divertir de forma saud\u00e1vel. \u00c9 esse o sentimento que vamos levar e esperamos de todos na Regi\u00e3o dos Lagos neste s\u00e1bado, dia 10. Sempre lembrando que \u2018n\u00e3o \u00e9 n\u00e3o\u2019. De qualquer modo, o Conselho tamb\u00e9m estar\u00e1 presente para prestar apoio a mulheres em caso de viol\u00eancia e ass\u00e9dio\u201d, ressaltou.<br \/>\nEm casos de viol\u00eancia, ass\u00e9dio, abuso ou importuna\u00e7\u00e3o, as mulheres devem acionar a rede de prote\u00e7\u00e3o a qualquer momento, ligando gratuitamente para a Pol\u00edcia Militar 190, SAMU 192, Disque Den\u00fancia 181 ou para a Central de Atendimento \u00e0 Mulher da Ouvidoria Nacional de Direitos Humanos 180.<\/p>\n","protected":false},"excerpt":{"rendered":"<p>&nbsp; A equipe do Programa Municipal IST\/HIV\/AIDS realizar\u00e1 a\u00e7\u00f5es entre<\/p>\n","protected":false},"author":2,"featured_media":101104,"comment_status":"open","ping_status":"open","sticky":false,"template":"","format":"standard","meta":{"footnotes":""},"categories":[14,25],"tags":[],"class_list":["post-101103","post","type-post","status-publish","format-standard","has-post-thumbnail","hentry","category-barretos","category-cidades"],"yoast_head":"<!-- This site is optimized with the Yoast SEO plugin v27.4 - https:\/\/yoast.com\/product\/yoast-seo-wordpress\/ -->\n<title>Prefeitura faz conscientiza\u00e7\u00e3o e entrega de preservativos femininos e masculinos no \u201cCarnaBarretos\u201d 2024 e em eventos particulares - Regi\u00e3o News<\/title>\n<meta name=\"robots\" content=\"index, follow, max-snippet:-1, max-image-preview:large, max-video-preview:-1\" \/>\n<link rel=\"canonical\" href=\"https:\/\/regiaonews.net.br\/2022\/2024\/02\/09\/prefeitura-faz-conscientizacao-e-entrega-de-preservativos-femininos-e-masculinos-no-carnabarretos-2024-e-em-eventos-particulares\/\" \/>\n<meta property=\"og:locale\" content=\"pt_BR\" \/>\n<meta property=\"og:type\" content=\"article\" \/>\n<meta property=\"og:title\" content=\"Prefeitura faz conscientiza\u00e7\u00e3o e entrega de preservativos femininos e masculinos no \u201cCarnaBarretos\u201d 2024 e em eventos particulares - Regi\u00e3o News\" \/>\n<meta property=\"og:description\" content=\"&nbsp; A equipe do Programa Municipal IST\/HIV\/AIDS realizar\u00e1 a\u00e7\u00f5es entre\" \/>\n<meta property=\"og:url\" content=\"https:\/\/regiaonews.net.br\/2022\/2024\/02\/09\/prefeitura-faz-conscientizacao-e-entrega-de-preservativos-femininos-e-masculinos-no-carnabarretos-2024-e-em-eventos-particulares\/\" \/>\n<meta property=\"og:site_name\" content=\"Regi\u00e3o News\" \/>\n<meta property=\"article:published_time\" content=\"2024-02-09T21:52:19+00:00\" \/>\n<meta property=\"og:image\" content=\"https:\/\/regiaonews.net.br\/2022\/wp-content\/uploads\/2024\/02\/WhatsApp-Image-2024-02-09-at-17.00.02.jpeg\" \/>\n\t<meta property=\"og:image:width\" content=\"1080\" \/>\n\t<meta property=\"og:image:height\" content=\"1080\" \/>\n\t<meta property=\"og:image:type\" content=\"image\/jpeg\" \/>\n<meta name=\"author\" content=\"Roberto\" \/>\n<meta name=\"twitter:card\" content=\"summary_large_image\" \/>\n<meta name=\"twitter:label1\" content=\"Escrito por\" \/>\n\t<meta name=\"twitter:data1\" content=\"Roberto\" \/>\n\t<meta name=\"twitter:label2\" content=\"Est. tempo de leitura\" \/>\n\t<meta name=\"twitter:data2\" content=\"4 minutos\" \/>\n<script type=\"application\/ld+json\" class=\"yoast-schema-graph\">{\"@context\":\"https:\\\/\\\/schema.org\",\"@graph\":[{\"@type\":\"Article\",\"@id\":\"https:\\\/\\\/regiaonews.net.br\\\/2022\\\/2024\\\/02\\\/09\\\/prefeitura-faz-conscientizacao-e-entrega-de-preservativos-femininos-e-masculinos-no-carnabarretos-2024-e-em-eventos-particulares\\\/#article\",\"isPartOf\":{\"@id\":\"https:\\\/\\\/regiaonews.net.br\\\/2022\\\/2024\\\/02\\\/09\\\/prefeitura-faz-conscientizacao-e-entrega-de-preservativos-femininos-e-masculinos-no-carnabarretos-2024-e-em-eventos-particulares\\\/\"},\"author\":{\"name\":\"Roberto\",\"@id\":\"https:\\\/\\\/regiaonews.net.br\\\/2022\\\/#\\\/schema\\\/person\\\/2d205a608a5aa97ac279d7a5e6d89ad8\"},\"headline\":\"Prefeitura faz conscientiza\u00e7\u00e3o e entrega de preservativos femininos e masculinos no \u201cCarnaBarretos\u201d 2024 e em eventos particulares\",\"datePublished\":\"2024-02-09T21:52:19+00:00\",\"mainEntityOfPage\":{\"@id\":\"https:\\\/\\\/regiaonews.net.br\\\/2022\\\/2024\\\/02\\\/09\\\/prefeitura-faz-conscientizacao-e-entrega-de-preservativos-femininos-e-masculinos-no-carnabarretos-2024-e-em-eventos-particulares\\\/\"},\"wordCount\":586,\"commentCount\":0,\"publisher\":{\"@id\":\"https:\\\/\\\/regiaonews.net.br\\\/2022\\\/#organization\"},\"image\":{\"@id\":\"https:\\\/\\\/regiaonews.net.br\\\/2022\\\/2024\\\/02\\\/09\\\/prefeitura-faz-conscientizacao-e-entrega-de-preservativos-femininos-e-masculinos-no-carnabarretos-2024-e-em-eventos-particulares\\\/#primaryimage\"},\"thumbnailUrl\":\"https:\\\/\\\/regiaonews.net.br\\\/2022\\\/wp-content\\\/uploads\\\/2024\\\/02\\\/WhatsApp-Image-2024-02-09-at-17.00.02.jpeg\",\"articleSection\":[\"Barretos\",\"Cidades\"],\"inLanguage\":\"pt-BR\",\"potentialAction\":[{\"@type\":\"CommentAction\",\"name\":\"Comment\",\"target\":[\"https:\\\/\\\/regiaonews.net.br\\\/2022\\\/2024\\\/02\\\/09\\\/prefeitura-faz-conscientizacao-e-entrega-de-preservativos-femininos-e-masculinos-no-carnabarretos-2024-e-em-eventos-particulares\\\/#respond\"]}]},{\"@type\":\"WebPage\",\"@id\":\"https:\\\/\\\/regiaonews.net.br\\\/2022\\\/2024\\\/02\\\/09\\\/prefeitura-faz-conscientizacao-e-entrega-de-preservativos-femininos-e-masculinos-no-carnabarretos-2024-e-em-eventos-particulares\\\/\",\"url\":\"https:\\\/\\\/regiaonews.net.br\\\/2022\\\/2024\\\/02\\\/09\\\/prefeitura-faz-conscientizacao-e-entrega-de-preservativos-femininos-e-masculinos-no-carnabarretos-2024-e-em-eventos-particulares\\\/\",\"name\":\"Prefeitura faz conscientiza\u00e7\u00e3o e entrega de preservativos femininos e masculinos no \u201cCarnaBarretos\u201d 2024 e em eventos particulares - Regi\u00e3o News\",\"isPartOf\":{\"@id\":\"https:\\\/\\\/regiaonews.net.br\\\/2022\\\/#website\"},\"primaryImageOfPage\":{\"@id\":\"https:\\\/\\\/regiaonews.net.br\\\/2022\\\/2024\\\/02\\\/09\\\/prefeitura-faz-conscientizacao-e-entrega-de-preservativos-femininos-e-masculinos-no-carnabarretos-2024-e-em-eventos-particulares\\\/#primaryimage\"},\"image\":{\"@id\":\"https:\\\/\\\/regiaonews.net.br\\\/2022\\\/2024\\\/02\\\/09\\\/prefeitura-faz-conscientizacao-e-entrega-de-preservativos-femininos-e-masculinos-no-carnabarretos-2024-e-em-eventos-particulares\\\/#primaryimage\"},\"thumbnailUrl\":\"https:\\\/\\\/regiaonews.net.br\\\/2022\\\/wp-content\\\/uploads\\\/2024\\\/02\\\/WhatsApp-Image-2024-02-09-at-17.00.02.jpeg\",\"datePublished\":\"2024-02-09T21:52:19+00:00\",\"breadcrumb\":{\"@id\":\"https:\\\/\\\/regiaonews.net.br\\\/2022\\\/2024\\\/02\\\/09\\\/prefeitura-faz-conscientizacao-e-entrega-de-preservativos-femininos-e-masculinos-no-carnabarretos-2024-e-em-eventos-particulares\\\/#breadcrumb\"},\"inLanguage\":\"pt-BR\",\"potentialAction\":[{\"@type\":\"ReadAction\",\"target\":[\"https:\\\/\\\/regiaonews.net.br\\\/2022\\\/2024\\\/02\\\/09\\\/prefeitura-faz-conscientizacao-e-entrega-de-preservativos-femininos-e-masculinos-no-carnabarretos-2024-e-em-eventos-particulares\\\/\"]}]},{\"@type\":\"ImageObject\",\"inLanguage\":\"pt-BR\",\"@id\":\"https:\\\/\\\/regiaonews.net.br\\\/2022\\\/2024\\\/02\\\/09\\\/prefeitura-faz-conscientizacao-e-entrega-de-preservativos-femininos-e-masculinos-no-carnabarretos-2024-e-em-eventos-particulares\\\/#primaryimage\",\"url\":\"https:\\\/\\\/regiaonews.net.br\\\/2022\\\/wp-content\\\/uploads\\\/2024\\\/02\\\/WhatsApp-Image-2024-02-09-at-17.00.02.jpeg\",\"contentUrl\":\"https:\\\/\\\/regiaonews.net.br\\\/2022\\\/wp-content\\\/uploads\\\/2024\\\/02\\\/WhatsApp-Image-2024-02-09-at-17.00.02.jpeg\",\"width\":1080,\"height\":1080},{\"@type\":\"BreadcrumbList\",\"@id\":\"https:\\\/\\\/regiaonews.net.br\\\/2022\\\/2024\\\/02\\\/09\\\/prefeitura-faz-conscientizacao-e-entrega-de-preservativos-femininos-e-masculinos-no-carnabarretos-2024-e-em-eventos-particulares\\\/#breadcrumb\",\"itemListElement\":[{\"@type\":\"ListItem\",\"position\":1,\"name\":\"In\u00edcio\",\"item\":\"https:\\\/\\\/regiaonews.net.br\\\/2022\\\/\"},{\"@type\":\"ListItem\",\"position\":2,\"name\":\"Prefeitura faz conscientiza\u00e7\u00e3o e entrega de preservativos femininos e masculinos no \u201cCarnaBarretos\u201d 2024 e em eventos particulares\"}]},{\"@type\":\"WebSite\",\"@id\":\"https:\\\/\\\/regiaonews.net.br\\\/2022\\\/#website\",\"url\":\"https:\\\/\\\/regiaonews.net.br\\\/2022\\\/\",\"name\":\"Regi\u00e3o News\",\"description\":\"Site de Not\u00edcias de Barretos e regi\u00e3o\",\"publisher\":{\"@id\":\"https:\\\/\\\/regiaonews.net.br\\\/2022\\\/#organization\"},\"potentialAction\":[{\"@type\":\"SearchAction\",\"target\":{\"@type\":\"EntryPoint\",\"urlTemplate\":\"https:\\\/\\\/regiaonews.net.br\\\/2022\\\/?s={search_term_string}\"},\"query-input\":{\"@type\":\"PropertyValueSpecification\",\"valueRequired\":true,\"valueName\":\"search_term_string\"}}],\"inLanguage\":\"pt-BR\"},{\"@type\":\"Organization\",\"@id\":\"https:\\\/\\\/regiaonews.net.br\\\/2022\\\/#organization\",\"name\":\"Regi\u00e3o News\",\"url\":\"https:\\\/\\\/regiaonews.net.br\\\/2022\\\/\",\"logo\":{\"@type\":\"ImageObject\",\"inLanguage\":\"pt-BR\",\"@id\":\"https:\\\/\\\/regiaonews.net.br\\\/2022\\\/#\\\/schema\\\/logo\\\/image\\\/\",\"url\":\"https:\\\/\\\/regiaonews.net.br\\\/2022\\\/wp-content\\\/uploads\\\/2026\\\/03\\\/regiao-13-anos-scaled.jpg\",\"contentUrl\":\"https:\\\/\\\/regiaonews.net.br\\\/2022\\\/wp-content\\\/uploads\\\/2026\\\/03\\\/regiao-13-anos-scaled.jpg\",\"width\":2560,\"height\":635,\"caption\":\"Regi\u00e3o News\"},\"image\":{\"@id\":\"https:\\\/\\\/regiaonews.net.br\\\/2022\\\/#\\\/schema\\\/logo\\\/image\\\/\"}},{\"@type\":\"Person\",\"@id\":\"https:\\\/\\\/regiaonews.net.br\\\/2022\\\/#\\\/schema\\\/person\\\/2d205a608a5aa97ac279d7a5e6d89ad8\",\"name\":\"Roberto\",\"image\":{\"@type\":\"ImageObject\",\"inLanguage\":\"pt-BR\",\"@id\":\"https:\\\/\\\/secure.gravatar.com\\\/avatar\\\/42749d8b712ff9d59ca93dc150494e5b55a44134482993f5baeb97e61b7ecc89?s=96&d=mm&r=g\",\"url\":\"https:\\\/\\\/secure.gravatar.com\\\/avatar\\\/42749d8b712ff9d59ca93dc150494e5b55a44134482993f5baeb97e61b7ecc89?s=96&d=mm&r=g\",\"contentUrl\":\"https:\\\/\\\/secure.gravatar.com\\\/avatar\\\/42749d8b712ff9d59ca93dc150494e5b55a44134482993f5baeb97e61b7ecc89?s=96&d=mm&r=g\",\"caption\":\"Roberto\"},\"url\":\"https:\\\/\\\/regiaonews.net.br\\\/2022\\\/author\\\/roberto\\\/\"}]}<\/script>\n<!-- \/ Yoast SEO plugin. -->","yoast_head_json":{"title":"Prefeitura faz conscientiza\u00e7\u00e3o e entrega de preservativos femininos e masculinos no \u201cCarnaBarretos\u201d 2024 e em eventos particulares - Regi\u00e3o News","robots":{"index":"index","follow":"follow","max-snippet":"max-snippet:-1","max-image-preview":"max-image-preview:large","max-video-preview":"max-video-preview:-1"},"canonical":"https:\/\/regiaonews.net.br\/2022\/2024\/02\/09\/prefeitura-faz-conscientizacao-e-entrega-de-preservativos-femininos-e-masculinos-no-carnabarretos-2024-e-em-eventos-particulares\/","og_locale":"pt_BR","og_type":"article","og_title":"Prefeitura faz conscientiza\u00e7\u00e3o e entrega de preservativos femininos e masculinos no \u201cCarnaBarretos\u201d 2024 e em eventos particulares - Regi\u00e3o News","og_description":"&nbsp; A equipe do Programa Municipal IST\/HIV\/AIDS realizar\u00e1 a\u00e7\u00f5es entre","og_url":"https:\/\/regiaonews.net.br\/2022\/2024\/02\/09\/prefeitura-faz-conscientizacao-e-entrega-de-preservativos-femininos-e-masculinos-no-carnabarretos-2024-e-em-eventos-particulares\/","og_site_name":"Regi\u00e3o News","article_published_time":"2024-02-09T21:52:19+00:00","og_image":[{"width":1080,"height":1080,"url":"https:\/\/regiaonews.net.br\/2022\/wp-content\/uploads\/2024\/02\/WhatsApp-Image-2024-02-09-at-17.00.02.jpeg","type":"image\/jpeg"}],"author":"Roberto","twitter_card":"summary_large_image","twitter_misc":{"Escrito por":"Roberto","Est. tempo de leitura":"4 minutos"},"schema":{"@context":"https:\/\/schema.org","@graph":[{"@type":"Article","@id":"https:\/\/regiaonews.net.br\/2022\/2024\/02\/09\/prefeitura-faz-conscientizacao-e-entrega-de-preservativos-femininos-e-masculinos-no-carnabarretos-2024-e-em-eventos-particulares\/#article","isPartOf":{"@id":"https:\/\/regiaonews.net.br\/2022\/2024\/02\/09\/prefeitura-faz-conscientizacao-e-entrega-de-preservativos-femininos-e-masculinos-no-carnabarretos-2024-e-em-eventos-particulares\/"},"author":{"name":"Roberto","@id":"https:\/\/regiaonews.net.br\/2022\/#\/schema\/person\/2d205a608a5aa97ac279d7a5e6d89ad8"},"headline":"Prefeitura faz conscientiza\u00e7\u00e3o e entrega de preservativos femininos e masculinos no \u201cCarnaBarretos\u201d 2024 e em eventos particulares","datePublished":"2024-02-09T21:52:19+00:00","mainEntityOfPage":{"@id":"https:\/\/regiaonews.net.br\/2022\/2024\/02\/09\/prefeitura-faz-conscientizacao-e-entrega-de-preservativos-femininos-e-masculinos-no-carnabarretos-2024-e-em-eventos-particulares\/"},"wordCount":586,"commentCount":0,"publisher":{"@id":"https:\/\/regiaonews.net.br\/2022\/#organization"},"image":{"@id":"https:\/\/regiaonews.net.br\/2022\/2024\/02\/09\/prefeitura-faz-conscientizacao-e-entrega-de-preservativos-femininos-e-masculinos-no-carnabarretos-2024-e-em-eventos-particulares\/#primaryimage"},"thumbnailUrl":"https:\/\/regiaonews.net.br\/2022\/wp-content\/uploads\/2024\/02\/WhatsApp-Image-2024-02-09-at-17.00.02.jpeg","articleSection":["Barretos","Cidades"],"inLanguage":"pt-BR","potentialAction":[{"@type":"CommentAction","name":"Comment","target":["https:\/\/regiaonews.net.br\/2022\/2024\/02\/09\/prefeitura-faz-conscientizacao-e-entrega-de-preservativos-femininos-e-masculinos-no-carnabarretos-2024-e-em-eventos-particulares\/#respond"]}]},{"@type":"WebPage","@id":"https:\/\/regiaonews.net.br\/2022\/2024\/02\/09\/prefeitura-faz-conscientizacao-e-entrega-de-preservativos-femininos-e-masculinos-no-carnabarretos-2024-e-em-eventos-particulares\/","url":"https:\/\/regiaonews.net.br\/2022\/2024\/02\/09\/prefeitura-faz-conscientizacao-e-entrega-de-preservativos-femininos-e-masculinos-no-carnabarretos-2024-e-em-eventos-particulares\/","name":"Prefeitura faz conscientiza\u00e7\u00e3o e entrega de preservativos femininos e masculinos no \u201cCarnaBarretos\u201d 2024 e em eventos particulares - Regi\u00e3o News","isPartOf":{"@id":"https:\/\/regiaonews.net.br\/2022\/#website"},"primaryImageOfPage":{"@id":"https:\/\/regiaonews.net.br\/2022\/2024\/02\/09\/prefeitura-faz-conscientizacao-e-entrega-de-preservativos-femininos-e-masculinos-no-carnabarretos-2024-e-em-eventos-particulares\/#primaryimage"},"image":{"@id":"https:\/\/regiaonews.net.br\/2022\/2024\/02\/09\/prefeitura-faz-conscientizacao-e-entrega-de-preservativos-femininos-e-masculinos-no-carnabarretos-2024-e-em-eventos-particulares\/#primaryimage"},"thumbnailUrl":"https:\/\/regiaonews.net.br\/2022\/wp-content\/uploads\/2024\/02\/WhatsApp-Image-2024-02-09-at-17.00.02.jpeg","datePublished":"2024-02-09T21:52:19+00:00","breadcrumb":{"@id":"https:\/\/regiaonews.net.br\/2022\/2024\/02\/09\/prefeitura-faz-conscientizacao-e-entrega-de-preservativos-femininos-e-masculinos-no-carnabarretos-2024-e-em-eventos-particulares\/#breadcrumb"},"inLanguage":"pt-BR","potentialAction":[{"@type":"ReadAction","target":["https:\/\/regiaonews.net.br\/2022\/2024\/02\/09\/prefeitura-faz-conscientizacao-e-entrega-de-preservativos-femininos-e-masculinos-no-carnabarretos-2024-e-em-eventos-particulares\/"]}]},{"@type":"ImageObject","inLanguage":"pt-BR","@id":"https:\/\/regiaonews.net.br\/2022\/2024\/02\/09\/prefeitura-faz-conscientizacao-e-entrega-de-preservativos-femininos-e-masculinos-no-carnabarretos-2024-e-em-eventos-particulares\/#primaryimage","url":"https:\/\/regiaonews.net.br\/2022\/wp-content\/uploads\/2024\/02\/WhatsApp-Image-2024-02-09-at-17.00.02.jpeg","contentUrl":"https:\/\/regiaonews.net.br\/2022\/wp-content\/uploads\/2024\/02\/WhatsApp-Image-2024-02-09-at-17.00.02.jpeg","width":1080,"height":1080},{"@type":"BreadcrumbList","@id":"https:\/\/regiaonews.net.br\/2022\/2024\/02\/09\/prefeitura-faz-conscientizacao-e-entrega-de-preservativos-femininos-e-masculinos-no-carnabarretos-2024-e-em-eventos-particulares\/#breadcrumb","itemListElement":[{"@type":"ListItem","position":1,"name":"In\u00edcio","item":"https:\/\/regiaonews.net.br\/2022\/"},{"@type":"ListItem","position":2,"name":"Prefeitura faz conscientiza\u00e7\u00e3o e entrega de preservativos femininos e masculinos no \u201cCarnaBarretos\u201d 2024 e em eventos particulares"}]},{"@type":"WebSite","@id":"https:\/\/regiaonews.net.br\/2022\/#website","url":"https:\/\/regiaonews.net.br\/2022\/","name":"Regi\u00e3o News","description":"Site de Not\u00edcias de Barretos e regi\u00e3o","publisher":{"@id":"https:\/\/regiaonews.net.br\/2022\/#organization"},"potentialAction":[{"@type":"SearchAction","target":{"@type":"EntryPoint","urlTemplate":"https:\/\/regiaonews.net.br\/2022\/?s={search_term_string}"},"query-input":{"@type":"PropertyValueSpecification","valueRequired":true,"valueName":"search_term_string"}}],"inLanguage":"pt-BR"},{"@type":"Organization","@id":"https:\/\/regiaonews.net.br\/2022\/#organization","name":"Regi\u00e3o News","url":"https:\/\/regiaonews.net.br\/2022\/","logo":{"@type":"ImageObject","inLanguage":"pt-BR","@id":"https:\/\/regiaonews.net.br\/2022\/#\/schema\/logo\/image\/","url":"https:\/\/regiaonews.net.br\/2022\/wp-content\/uploads\/2026\/03\/regiao-13-anos-scaled.jpg","contentUrl":"https:\/\/regiaonews.net.br\/2022\/wp-content\/uploads\/2026\/03\/regiao-13-anos-scaled.jpg","width":2560,"height":635,"caption":"Regi\u00e3o News"},"image":{"@id":"https:\/\/regiaonews.net.br\/2022\/#\/schema\/logo\/image\/"}},{"@type":"Person","@id":"https:\/\/regiaonews.net.br\/2022\/#\/schema\/person\/2d205a608a5aa97ac279d7a5e6d89ad8","name":"Roberto","image":{"@type":"ImageObject","inLanguage":"pt-BR","@id":"https:\/\/secure.gravatar.com\/avatar\/42749d8b712ff9d59ca93dc150494e5b55a44134482993f5baeb97e61b7ecc89?s=96&d=mm&r=g","url":"https:\/\/secure.gravatar.com\/avatar\/42749d8b712ff9d59ca93dc150494e5b55a44134482993f5baeb97e61b7ecc89?s=96&d=mm&r=g","contentUrl":"https:\/\/secure.gravatar.com\/avatar\/42749d8b712ff9d59ca93dc150494e5b55a44134482993f5baeb97e61b7ecc89?s=96&d=mm&r=g","caption":"Roberto"},"url":"https:\/\/regiaonews.net.br\/2022\/author\/roberto\/"}]}},"publishpress_future_action":{"enabled":false,"date":"2026-05-03 08:02:45","action":"change-status","newStatus":"draft","terms":[],"taxonomy":"category","extraData":[]},"publishpress_future_workflow_manual_trigger":{"enabledWorkflows":[]},"_links":{"self":[{"href":"https:\/\/regiaonews.net.br\/2022\/wp-json\/wp\/v2\/posts\/101103","targetHints":{"allow":["GET"]}}],"collection":[{"href":"https:\/\/regiaonews.net.br\/2022\/wp-json\/wp\/v2\/posts"}],"about":[{"href":"https:\/\/regiaonews.net.br\/2022\/wp-json\/wp\/v2\/types\/post"}],"author":[{"embeddable":true,"href":"https:\/\/regiaonews.net.br\/2022\/wp-json\/wp\/v2\/users\/2"}],"replies":[{"embeddable":true,"href":"https:\/\/regiaonews.net.br\/2022\/wp-json\/wp\/v2\/comments?post=101103"}],"version-history":[{"count":1,"href":"https:\/\/regiaonews.net.br\/2022\/wp-json\/wp\/v2\/posts\/101103\/revisions"}],"predecessor-version":[{"id":101105,"href":"https:\/\/regiaonews.net.br\/2022\/wp-json\/wp\/v2\/posts\/101103\/revisions\/101105"}],"wp:featuredmedia":[{"embeddable":true,"href":"https:\/\/regiaonews.net.br\/2022\/wp-json\/wp\/v2\/media\/101104"}],"wp:attachment":[{"href":"https:\/\/regiaonews.net.br\/2022\/wp-json\/wp\/v2\/media?parent=101103"}],"wp:term":[{"taxonomy":"category","embeddable":true,"href":"https:\/\/regiaonews.net.br\/2022\/wp-json\/wp\/v2\/categories?post=101103"},{"taxonomy":"post_tag","embeddable":true,"href":"https:\/\/regiaonews.net.br\/2022\/wp-json\/wp\/v2\/tags?post=101103"}],"curies":[{"name":"wp","href":"https:\/\/api.w.org\/{rel}","templated":true}]}}