{"id":101084,"date":"2024-02-09T11:52:09","date_gmt":"2024-02-09T14:52:09","guid":{"rendered":"https:\/\/regiaonews.net.br\/2022\/?p=101084"},"modified":"2024-02-09T11:52:09","modified_gmt":"2024-02-09T14:52:09","slug":"companhia-tercio-miranda-lanca-projeto-para-melhorar-genetica-de-touros-de-rodeio","status":"publish","type":"post","link":"https:\/\/regiaonews.net.br\/2022\/2024\/02\/09\/companhia-tercio-miranda-lanca-projeto-para-melhorar-genetica-de-touros-de-rodeio\/","title":{"rendered":"Companhia T\u00e9rcio Miranda lan\u00e7a projeto para melhorar gen\u00e9tica de touros de rodeio"},"content":{"rendered":"<h3 style=\"text-align: center;\">Piv\u00f4 do programa inovador \u00e9 o touro mais caro e famoso das arenas do Brasil, o Acesso Negado, avaliado em mais de R$ 2 milh\u00f5es<\/h3>\n<p>Propriet\u00e1rios da Companhia T\u00e9rcio Miranda, os empres\u00e1rios T\u00e9rcio e Rosana Miranda lan\u00e7aram, na noite de quarta-feira (7), um projeto de gen\u00e9tica bovina que promete \u201csacudir\u201d o mercado, o \u201cAcesso Negado Bucking Bull&#8221;.<\/p>\n<p>Com a presen\u00e7a de importantes nomes da agropecu\u00e1ria, o evento que marcou o in\u00edcio de uma nova fase na carreira profissional do casal foi realizado no Buffet Villa Conte, em S\u00e3o Jos\u00e9 do Rio Preto, interior de S\u00e3o Paulo.<\/p>\n<p>O piv\u00f4 do projeto inovador \u00e9 o touro mais valioso e famoso das arenas do Brasil, o Acesso Negado. No ano passado, a aquisi\u00e7\u00e3o feita por T\u00e9rcio e Rosana chamou aten\u00e7\u00e3o n\u00e3o apenas pelo valor significativo, superior a R$ 1 milh\u00e3o, mas pela singularidade de suas caracter\u00edsticas gen\u00e9ticas, que o elevaram \u00e0 condi\u00e7\u00e3o de futuro astro dos rodeios. Atualmente, o animal est\u00e1 avaliado em mais de R$ 2 milh\u00f5es. Inclusive, a Cia. T\u00e9rcio Miranda recebeu propostas para vend\u00ea-lo. No entanto, n\u00e3o aceitou.<\/p>\n<p>Considerado menor e mais leve, Acesso Negado possui mais for\u00e7a e agilidade que outros touros, caracter\u00edsticas desejadas, por exemplo, para os animais escolhidos para participar de competi\u00e7\u00f5es da Professional Bull Riders (PBR), empresa norte-americana que promove provas internacionais de montaria.<\/p>\n<p>\u201cCompramos o Acesso Negado por conta das caracter\u00edsticas do desenvolvimento do pulo. A mudan\u00e7a na gen\u00e9tica dos touros de rodeio vai ser o divisor de \u00e1guas nos pr\u00f3ximos anos no Brasil. Animais com rapidez, tamanho e agilidade ser\u00e3o os mais procurados\u201d, explica Rosana.<\/p>\n<p>De olho na mudan\u00e7a e evolu\u00e7\u00e3o do mercado, T\u00e9rcio e Rosana compraram uma fazenda em Votuporanga, instalaram uma estrutura pr\u00f3pria para trabalhar com gen\u00e9tica bovina e lan\u00e7aram o projeto Acesso Negado.<\/p>\n<p>\u201cO piv\u00f4 \u00e9 o Acesso Negado, o touro mais caro e famoso do Brasil. Com exclusividade, as pessoas poder\u00e3o adquirir bezerros ou embri\u00f5es j\u00e1 fecundados. Apesar do programa girar em torno do Acesso Negado, tamb\u00e9m trabalharemos com o material gen\u00e9tico do plantel campe\u00e3o da Cia T\u00e9rcio Miranda, vendendo bezerros, embri\u00f5es fecundados e s\u00eamen. Temos capacidade para mais de 500 matrizes\u201d, diz Rosana.<\/p>\n<p>Al\u00e9m de contar com a participa\u00e7\u00e3o de importantes nomes da agropecu\u00e1ria e do pr\u00f3prio Acesso Negado, o evento promovido pelos maiores investidores em touros de rodeio do Brasil teve transmiss\u00e3o ao vivo, lan\u00e7amento de um novo canal no Youtube e apresenta\u00e7\u00f5es musicais.<\/p>\n<p>\u201cO canal do Youtube tamb\u00e9m se chama Acesso Negado. O projeto visa fomentar os criadores de touros, com f\u00f3runs, produtos e v\u00eddeos. \u00c9 um nicho de amantes dos touros de pulo e profissionais de rodeio. O poss\u00edvel cliente pode acompanhar o desenvolvimento do animal atrav\u00e9s do canal, desde seu nascimento at\u00e9 se tornar um campe\u00e3o nas arenas. O objetivo \u00e9 criar relacionamentos, e n\u00e3o concorr\u00eancia. Queremos expandir os horizontes da cria\u00e7\u00e3o de touro de rodeio atrav\u00e9s da gen\u00e9tica\u201d, afirma Rosana.<\/p>\n<p>Cia. T\u00e9rcio Miranda<br \/>\nO envolvimento de T\u00e9rcio Miranda com o universo dos rodeios teve in\u00edcio na d\u00e9cada de 90, quando come\u00e7ou a formar seu primeiro grupo de touros de pulo. Em pouco tempo, o empres\u00e1rio possu\u00eda os animais mais temidos das arenas, incluindo o Touro Bandido.<\/p>\n<p>Logo ap\u00f3s, T\u00e9rcio vendeu todo seu plantel para cuidar dos neg\u00f3cios da fam\u00edlia ao lado do pai, o agricultor Lucio Miranda, um dos pioneiros do plantio direto. No entanto, nunca abandonou sua paix\u00e3o pelos rodeios, sentimento que o fez retornar \u00e0s arenas cerca de uma d\u00e9cada depois.<\/p>\n<p>Durante a nova fase, a Cia. T\u00e9rcio Miranda voltou rapidamente ao centro das aten\u00e7\u00f5es, com uma boiada que acumulou in\u00fameros t\u00edtulos e fivelas nos rodeios mais disputados do Brasil.<\/p>\n<p>Em 2019, T\u00e9rcio fez um leil\u00e3o para vender seu plantel novamente. Contudo, desta vez, n\u00e3o se manteve totalmente distante das arenas, investindo pesado no melhoramento gen\u00e9tico dos touros.<\/p>\n<p>J\u00e1 em 2022 e 2023, a Companhia T\u00e9rcio Miranda voltou a fazer diversas aquisi\u00e7\u00f5es que \u201csacudiram\u201d o mercado. Durante a 68\u00aa Festa do Pe\u00e3o de Boiadeiro de Barretos, os touros Rei do Norte e Gatilho terminaram empatados como os melhores da competi\u00e7\u00e3o, conquista que chamou aten\u00e7\u00e3o, pois foi a primeira vez que dois animais da mesma companhia conseguiram tamanha fa\u00e7anha.<\/p>\n<p>\u201cNossa boiada tamb\u00e9m foi considerada a melhor da festa. Ainda apresentamos o Acesso Negado e vimos o Briga de Galo participar do Desafio do Bem. Foi um evento realmente muito especial para n\u00f3s\u201d, conta T\u00e9rcio.<\/p>\n<p>Bons tratos<br \/>\nManejo, planejamento e bons tratos com os animais s\u00e3o pilares que sustentam a Cia. T\u00e9rcio Miranda. Os touros do plantel recebem alimenta\u00e7\u00e3o balanceada e tratamento veterin\u00e1rio de ponta, incluindo acupuntura e ozonioterapia.<\/p>\n<p>\u201cRespeitar os animais que fazem parte da boiada \u00e9 nossa prioridade. N\u00e3o importa qual seja. A integridade f\u00edsica e os bons tratos sempre v\u00e3o prevalecer\u201d, conta T\u00e9rcio.<\/p>\n<p>Para que os touros de rodeio mantenham a performance e recebam os cuidados necess\u00e1rios, a Cia. T\u00e9rcio Miranda desembolsa um valor consider\u00e1vel por m\u00eas com cada animal.<\/p>\n<p>\u201cAinda \u00e9 preciso evitar que os bois machuquem um ao outro na fazenda, porque \u00e9 comum brigarem. A gente acaba sendo uma esp\u00e9cie de psic\u00f3logo para saber qual deles est\u00e1 melhor para pular no dia e quem precisa de cuidados especiais&#8221;,\u00a0explica.<\/p>\n","protected":false},"excerpt":{"rendered":"<p>Piv\u00f4 do programa inovador \u00e9 o touro mais caro e<\/p>\n","protected":false},"author":2,"featured_media":101085,"comment_status":"open","ping_status":"open","sticky":false,"template":"","format":"standard","meta":{"footnotes":""},"categories":[3,38],"tags":[],"class_list":["post-101084","post","type-post","status-publish","format-standard","has-post-thumbnail","hentry","category-geral","category-sao-jose-do-rio-preto"],"yoast_head":"<!-- This site is optimized with the Yoast SEO plugin v27.4 - https:\/\/yoast.com\/product\/yoast-seo-wordpress\/ -->\n<title>Companhia T\u00e9rcio Miranda lan\u00e7a projeto para melhorar gen\u00e9tica de touros de rodeio - Regi\u00e3o News<\/title>\n<meta name=\"robots\" content=\"index, follow, max-snippet:-1, max-image-preview:large, max-video-preview:-1\" \/>\n<link rel=\"canonical\" href=\"https:\/\/regiaonews.net.br\/2022\/2024\/02\/09\/companhia-tercio-miranda-lanca-projeto-para-melhorar-genetica-de-touros-de-rodeio\/\" \/>\n<meta property=\"og:locale\" content=\"pt_BR\" \/>\n<meta property=\"og:type\" content=\"article\" \/>\n<meta property=\"og:title\" content=\"Companhia T\u00e9rcio Miranda lan\u00e7a projeto para melhorar gen\u00e9tica de touros de rodeio - Regi\u00e3o News\" \/>\n<meta property=\"og:description\" content=\"Piv\u00f4 do programa inovador \u00e9 o touro mais caro e\" \/>\n<meta property=\"og:url\" content=\"https:\/\/regiaonews.net.br\/2022\/2024\/02\/09\/companhia-tercio-miranda-lanca-projeto-para-melhorar-genetica-de-touros-de-rodeio\/\" \/>\n<meta property=\"og:site_name\" content=\"Regi\u00e3o News\" \/>\n<meta property=\"article:published_time\" content=\"2024-02-09T14:52:09+00:00\" \/>\n<meta property=\"og:image\" content=\"https:\/\/regiaonews.net.br\/2022\/wp-content\/uploads\/2024\/02\/Imagem-do-WhatsApp-de-2024-02-09-as-11.13.09_5641bf27.jpg\" \/>\n\t<meta property=\"og:image:width\" content=\"1600\" \/>\n\t<meta property=\"og:image:height\" content=\"1066\" \/>\n\t<meta property=\"og:image:type\" content=\"image\/jpeg\" \/>\n<meta name=\"author\" content=\"Roberto\" \/>\n<meta name=\"twitter:card\" content=\"summary_large_image\" \/>\n<meta name=\"twitter:label1\" content=\"Escrito por\" \/>\n\t<meta name=\"twitter:data1\" content=\"Roberto\" \/>\n\t<meta name=\"twitter:label2\" content=\"Est. tempo de leitura\" \/>\n\t<meta name=\"twitter:data2\" content=\"5 minutos\" \/>\n<script type=\"application\/ld+json\" class=\"yoast-schema-graph\">{\"@context\":\"https:\\\/\\\/schema.org\",\"@graph\":[{\"@type\":\"Article\",\"@id\":\"https:\\\/\\\/regiaonews.net.br\\\/2022\\\/2024\\\/02\\\/09\\\/companhia-tercio-miranda-lanca-projeto-para-melhorar-genetica-de-touros-de-rodeio\\\/#article\",\"isPartOf\":{\"@id\":\"https:\\\/\\\/regiaonews.net.br\\\/2022\\\/2024\\\/02\\\/09\\\/companhia-tercio-miranda-lanca-projeto-para-melhorar-genetica-de-touros-de-rodeio\\\/\"},\"author\":{\"name\":\"Roberto\",\"@id\":\"https:\\\/\\\/regiaonews.net.br\\\/2022\\\/#\\\/schema\\\/person\\\/2d205a608a5aa97ac279d7a5e6d89ad8\"},\"headline\":\"Companhia T\u00e9rcio Miranda lan\u00e7a projeto para melhorar gen\u00e9tica de touros de rodeio\",\"datePublished\":\"2024-02-09T14:52:09+00:00\",\"mainEntityOfPage\":{\"@id\":\"https:\\\/\\\/regiaonews.net.br\\\/2022\\\/2024\\\/02\\\/09\\\/companhia-tercio-miranda-lanca-projeto-para-melhorar-genetica-de-touros-de-rodeio\\\/\"},\"wordCount\":955,\"commentCount\":0,\"publisher\":{\"@id\":\"https:\\\/\\\/regiaonews.net.br\\\/2022\\\/#organization\"},\"image\":{\"@id\":\"https:\\\/\\\/regiaonews.net.br\\\/2022\\\/2024\\\/02\\\/09\\\/companhia-tercio-miranda-lanca-projeto-para-melhorar-genetica-de-touros-de-rodeio\\\/#primaryimage\"},\"thumbnailUrl\":\"https:\\\/\\\/regiaonews.net.br\\\/2022\\\/wp-content\\\/uploads\\\/2024\\\/02\\\/Imagem-do-WhatsApp-de-2024-02-09-as-11.13.09_5641bf27.jpg\",\"articleSection\":[\"Geral\",\"S\u00e3o Jos\u00e9 do RIo Preto\"],\"inLanguage\":\"pt-BR\",\"potentialAction\":[{\"@type\":\"CommentAction\",\"name\":\"Comment\",\"target\":[\"https:\\\/\\\/regiaonews.net.br\\\/2022\\\/2024\\\/02\\\/09\\\/companhia-tercio-miranda-lanca-projeto-para-melhorar-genetica-de-touros-de-rodeio\\\/#respond\"]}]},{\"@type\":\"WebPage\",\"@id\":\"https:\\\/\\\/regiaonews.net.br\\\/2022\\\/2024\\\/02\\\/09\\\/companhia-tercio-miranda-lanca-projeto-para-melhorar-genetica-de-touros-de-rodeio\\\/\",\"url\":\"https:\\\/\\\/regiaonews.net.br\\\/2022\\\/2024\\\/02\\\/09\\\/companhia-tercio-miranda-lanca-projeto-para-melhorar-genetica-de-touros-de-rodeio\\\/\",\"name\":\"Companhia T\u00e9rcio Miranda lan\u00e7a projeto para melhorar gen\u00e9tica de touros de rodeio - Regi\u00e3o News\",\"isPartOf\":{\"@id\":\"https:\\\/\\\/regiaonews.net.br\\\/2022\\\/#website\"},\"primaryImageOfPage\":{\"@id\":\"https:\\\/\\\/regiaonews.net.br\\\/2022\\\/2024\\\/02\\\/09\\\/companhia-tercio-miranda-lanca-projeto-para-melhorar-genetica-de-touros-de-rodeio\\\/#primaryimage\"},\"image\":{\"@id\":\"https:\\\/\\\/regiaonews.net.br\\\/2022\\\/2024\\\/02\\\/09\\\/companhia-tercio-miranda-lanca-projeto-para-melhorar-genetica-de-touros-de-rodeio\\\/#primaryimage\"},\"thumbnailUrl\":\"https:\\\/\\\/regiaonews.net.br\\\/2022\\\/wp-content\\\/uploads\\\/2024\\\/02\\\/Imagem-do-WhatsApp-de-2024-02-09-as-11.13.09_5641bf27.jpg\",\"datePublished\":\"2024-02-09T14:52:09+00:00\",\"breadcrumb\":{\"@id\":\"https:\\\/\\\/regiaonews.net.br\\\/2022\\\/2024\\\/02\\\/09\\\/companhia-tercio-miranda-lanca-projeto-para-melhorar-genetica-de-touros-de-rodeio\\\/#breadcrumb\"},\"inLanguage\":\"pt-BR\",\"potentialAction\":[{\"@type\":\"ReadAction\",\"target\":[\"https:\\\/\\\/regiaonews.net.br\\\/2022\\\/2024\\\/02\\\/09\\\/companhia-tercio-miranda-lanca-projeto-para-melhorar-genetica-de-touros-de-rodeio\\\/\"]}]},{\"@type\":\"ImageObject\",\"inLanguage\":\"pt-BR\",\"@id\":\"https:\\\/\\\/regiaonews.net.br\\\/2022\\\/2024\\\/02\\\/09\\\/companhia-tercio-miranda-lanca-projeto-para-melhorar-genetica-de-touros-de-rodeio\\\/#primaryimage\",\"url\":\"https:\\\/\\\/regiaonews.net.br\\\/2022\\\/wp-content\\\/uploads\\\/2024\\\/02\\\/Imagem-do-WhatsApp-de-2024-02-09-as-11.13.09_5641bf27.jpg\",\"contentUrl\":\"https:\\\/\\\/regiaonews.net.br\\\/2022\\\/wp-content\\\/uploads\\\/2024\\\/02\\\/Imagem-do-WhatsApp-de-2024-02-09-as-11.13.09_5641bf27.jpg\",\"width\":1600,\"height\":1066},{\"@type\":\"BreadcrumbList\",\"@id\":\"https:\\\/\\\/regiaonews.net.br\\\/2022\\\/2024\\\/02\\\/09\\\/companhia-tercio-miranda-lanca-projeto-para-melhorar-genetica-de-touros-de-rodeio\\\/#breadcrumb\",\"itemListElement\":[{\"@type\":\"ListItem\",\"position\":1,\"name\":\"In\u00edcio\",\"item\":\"https:\\\/\\\/regiaonews.net.br\\\/2022\\\/\"},{\"@type\":\"ListItem\",\"position\":2,\"name\":\"Companhia T\u00e9rcio Miranda lan\u00e7a projeto para melhorar gen\u00e9tica de touros de rodeio\"}]},{\"@type\":\"WebSite\",\"@id\":\"https:\\\/\\\/regiaonews.net.br\\\/2022\\\/#website\",\"url\":\"https:\\\/\\\/regiaonews.net.br\\\/2022\\\/\",\"name\":\"Regi\u00e3o News\",\"description\":\"Site de Not\u00edcias de Barretos e regi\u00e3o\",\"publisher\":{\"@id\":\"https:\\\/\\\/regiaonews.net.br\\\/2022\\\/#organization\"},\"potentialAction\":[{\"@type\":\"SearchAction\",\"target\":{\"@type\":\"EntryPoint\",\"urlTemplate\":\"https:\\\/\\\/regiaonews.net.br\\\/2022\\\/?s={search_term_string}\"},\"query-input\":{\"@type\":\"PropertyValueSpecification\",\"valueRequired\":true,\"valueName\":\"search_term_string\"}}],\"inLanguage\":\"pt-BR\"},{\"@type\":\"Organization\",\"@id\":\"https:\\\/\\\/regiaonews.net.br\\\/2022\\\/#organization\",\"name\":\"Regi\u00e3o News\",\"url\":\"https:\\\/\\\/regiaonews.net.br\\\/2022\\\/\",\"logo\":{\"@type\":\"ImageObject\",\"inLanguage\":\"pt-BR\",\"@id\":\"https:\\\/\\\/regiaonews.net.br\\\/2022\\\/#\\\/schema\\\/logo\\\/image\\\/\",\"url\":\"https:\\\/\\\/regiaonews.net.br\\\/2022\\\/wp-content\\\/uploads\\\/2026\\\/03\\\/regiao-13-anos-scaled.jpg\",\"contentUrl\":\"https:\\\/\\\/regiaonews.net.br\\\/2022\\\/wp-content\\\/uploads\\\/2026\\\/03\\\/regiao-13-anos-scaled.jpg\",\"width\":2560,\"height\":635,\"caption\":\"Regi\u00e3o News\"},\"image\":{\"@id\":\"https:\\\/\\\/regiaonews.net.br\\\/2022\\\/#\\\/schema\\\/logo\\\/image\\\/\"}},{\"@type\":\"Person\",\"@id\":\"https:\\\/\\\/regiaonews.net.br\\\/2022\\\/#\\\/schema\\\/person\\\/2d205a608a5aa97ac279d7a5e6d89ad8\",\"name\":\"Roberto\",\"image\":{\"@type\":\"ImageObject\",\"inLanguage\":\"pt-BR\",\"@id\":\"https:\\\/\\\/secure.gravatar.com\\\/avatar\\\/42749d8b712ff9d59ca93dc150494e5b55a44134482993f5baeb97e61b7ecc89?s=96&d=mm&r=g\",\"url\":\"https:\\\/\\\/secure.gravatar.com\\\/avatar\\\/42749d8b712ff9d59ca93dc150494e5b55a44134482993f5baeb97e61b7ecc89?s=96&d=mm&r=g\",\"contentUrl\":\"https:\\\/\\\/secure.gravatar.com\\\/avatar\\\/42749d8b712ff9d59ca93dc150494e5b55a44134482993f5baeb97e61b7ecc89?s=96&d=mm&r=g\",\"caption\":\"Roberto\"},\"url\":\"https:\\\/\\\/regiaonews.net.br\\\/2022\\\/author\\\/roberto\\\/\"}]}<\/script>\n<!-- \/ Yoast SEO plugin. -->","yoast_head_json":{"title":"Companhia T\u00e9rcio Miranda lan\u00e7a projeto para melhorar gen\u00e9tica de touros de rodeio - Regi\u00e3o News","robots":{"index":"index","follow":"follow","max-snippet":"max-snippet:-1","max-image-preview":"max-image-preview:large","max-video-preview":"max-video-preview:-1"},"canonical":"https:\/\/regiaonews.net.br\/2022\/2024\/02\/09\/companhia-tercio-miranda-lanca-projeto-para-melhorar-genetica-de-touros-de-rodeio\/","og_locale":"pt_BR","og_type":"article","og_title":"Companhia T\u00e9rcio Miranda lan\u00e7a projeto para melhorar gen\u00e9tica de touros de rodeio - Regi\u00e3o News","og_description":"Piv\u00f4 do programa inovador \u00e9 o touro mais caro e","og_url":"https:\/\/regiaonews.net.br\/2022\/2024\/02\/09\/companhia-tercio-miranda-lanca-projeto-para-melhorar-genetica-de-touros-de-rodeio\/","og_site_name":"Regi\u00e3o News","article_published_time":"2024-02-09T14:52:09+00:00","og_image":[{"width":1600,"height":1066,"url":"https:\/\/regiaonews.net.br\/2022\/wp-content\/uploads\/2024\/02\/Imagem-do-WhatsApp-de-2024-02-09-as-11.13.09_5641bf27.jpg","type":"image\/jpeg"}],"author":"Roberto","twitter_card":"summary_large_image","twitter_misc":{"Escrito por":"Roberto","Est. tempo de leitura":"5 minutos"},"schema":{"@context":"https:\/\/schema.org","@graph":[{"@type":"Article","@id":"https:\/\/regiaonews.net.br\/2022\/2024\/02\/09\/companhia-tercio-miranda-lanca-projeto-para-melhorar-genetica-de-touros-de-rodeio\/#article","isPartOf":{"@id":"https:\/\/regiaonews.net.br\/2022\/2024\/02\/09\/companhia-tercio-miranda-lanca-projeto-para-melhorar-genetica-de-touros-de-rodeio\/"},"author":{"name":"Roberto","@id":"https:\/\/regiaonews.net.br\/2022\/#\/schema\/person\/2d205a608a5aa97ac279d7a5e6d89ad8"},"headline":"Companhia T\u00e9rcio Miranda lan\u00e7a projeto para melhorar gen\u00e9tica de touros de rodeio","datePublished":"2024-02-09T14:52:09+00:00","mainEntityOfPage":{"@id":"https:\/\/regiaonews.net.br\/2022\/2024\/02\/09\/companhia-tercio-miranda-lanca-projeto-para-melhorar-genetica-de-touros-de-rodeio\/"},"wordCount":955,"commentCount":0,"publisher":{"@id":"https:\/\/regiaonews.net.br\/2022\/#organization"},"image":{"@id":"https:\/\/regiaonews.net.br\/2022\/2024\/02\/09\/companhia-tercio-miranda-lanca-projeto-para-melhorar-genetica-de-touros-de-rodeio\/#primaryimage"},"thumbnailUrl":"https:\/\/regiaonews.net.br\/2022\/wp-content\/uploads\/2024\/02\/Imagem-do-WhatsApp-de-2024-02-09-as-11.13.09_5641bf27.jpg","articleSection":["Geral","S\u00e3o Jos\u00e9 do RIo Preto"],"inLanguage":"pt-BR","potentialAction":[{"@type":"CommentAction","name":"Comment","target":["https:\/\/regiaonews.net.br\/2022\/2024\/02\/09\/companhia-tercio-miranda-lanca-projeto-para-melhorar-genetica-de-touros-de-rodeio\/#respond"]}]},{"@type":"WebPage","@id":"https:\/\/regiaonews.net.br\/2022\/2024\/02\/09\/companhia-tercio-miranda-lanca-projeto-para-melhorar-genetica-de-touros-de-rodeio\/","url":"https:\/\/regiaonews.net.br\/2022\/2024\/02\/09\/companhia-tercio-miranda-lanca-projeto-para-melhorar-genetica-de-touros-de-rodeio\/","name":"Companhia T\u00e9rcio Miranda lan\u00e7a projeto para melhorar gen\u00e9tica de touros de rodeio - Regi\u00e3o News","isPartOf":{"@id":"https:\/\/regiaonews.net.br\/2022\/#website"},"primaryImageOfPage":{"@id":"https:\/\/regiaonews.net.br\/2022\/2024\/02\/09\/companhia-tercio-miranda-lanca-projeto-para-melhorar-genetica-de-touros-de-rodeio\/#primaryimage"},"image":{"@id":"https:\/\/regiaonews.net.br\/2022\/2024\/02\/09\/companhia-tercio-miranda-lanca-projeto-para-melhorar-genetica-de-touros-de-rodeio\/#primaryimage"},"thumbnailUrl":"https:\/\/regiaonews.net.br\/2022\/wp-content\/uploads\/2024\/02\/Imagem-do-WhatsApp-de-2024-02-09-as-11.13.09_5641bf27.jpg","datePublished":"2024-02-09T14:52:09+00:00","breadcrumb":{"@id":"https:\/\/regiaonews.net.br\/2022\/2024\/02\/09\/companhia-tercio-miranda-lanca-projeto-para-melhorar-genetica-de-touros-de-rodeio\/#breadcrumb"},"inLanguage":"pt-BR","potentialAction":[{"@type":"ReadAction","target":["https:\/\/regiaonews.net.br\/2022\/2024\/02\/09\/companhia-tercio-miranda-lanca-projeto-para-melhorar-genetica-de-touros-de-rodeio\/"]}]},{"@type":"ImageObject","inLanguage":"pt-BR","@id":"https:\/\/regiaonews.net.br\/2022\/2024\/02\/09\/companhia-tercio-miranda-lanca-projeto-para-melhorar-genetica-de-touros-de-rodeio\/#primaryimage","url":"https:\/\/regiaonews.net.br\/2022\/wp-content\/uploads\/2024\/02\/Imagem-do-WhatsApp-de-2024-02-09-as-11.13.09_5641bf27.jpg","contentUrl":"https:\/\/regiaonews.net.br\/2022\/wp-content\/uploads\/2024\/02\/Imagem-do-WhatsApp-de-2024-02-09-as-11.13.09_5641bf27.jpg","width":1600,"height":1066},{"@type":"BreadcrumbList","@id":"https:\/\/regiaonews.net.br\/2022\/2024\/02\/09\/companhia-tercio-miranda-lanca-projeto-para-melhorar-genetica-de-touros-de-rodeio\/#breadcrumb","itemListElement":[{"@type":"ListItem","position":1,"name":"In\u00edcio","item":"https:\/\/regiaonews.net.br\/2022\/"},{"@type":"ListItem","position":2,"name":"Companhia T\u00e9rcio Miranda lan\u00e7a projeto para melhorar gen\u00e9tica de touros de rodeio"}]},{"@type":"WebSite","@id":"https:\/\/regiaonews.net.br\/2022\/#website","url":"https:\/\/regiaonews.net.br\/2022\/","name":"Regi\u00e3o News","description":"Site de Not\u00edcias de Barretos e regi\u00e3o","publisher":{"@id":"https:\/\/regiaonews.net.br\/2022\/#organization"},"potentialAction":[{"@type":"SearchAction","target":{"@type":"EntryPoint","urlTemplate":"https:\/\/regiaonews.net.br\/2022\/?s={search_term_string}"},"query-input":{"@type":"PropertyValueSpecification","valueRequired":true,"valueName":"search_term_string"}}],"inLanguage":"pt-BR"},{"@type":"Organization","@id":"https:\/\/regiaonews.net.br\/2022\/#organization","name":"Regi\u00e3o News","url":"https:\/\/regiaonews.net.br\/2022\/","logo":{"@type":"ImageObject","inLanguage":"pt-BR","@id":"https:\/\/regiaonews.net.br\/2022\/#\/schema\/logo\/image\/","url":"https:\/\/regiaonews.net.br\/2022\/wp-content\/uploads\/2026\/03\/regiao-13-anos-scaled.jpg","contentUrl":"https:\/\/regiaonews.net.br\/2022\/wp-content\/uploads\/2026\/03\/regiao-13-anos-scaled.jpg","width":2560,"height":635,"caption":"Regi\u00e3o News"},"image":{"@id":"https:\/\/regiaonews.net.br\/2022\/#\/schema\/logo\/image\/"}},{"@type":"Person","@id":"https:\/\/regiaonews.net.br\/2022\/#\/schema\/person\/2d205a608a5aa97ac279d7a5e6d89ad8","name":"Roberto","image":{"@type":"ImageObject","inLanguage":"pt-BR","@id":"https:\/\/secure.gravatar.com\/avatar\/42749d8b712ff9d59ca93dc150494e5b55a44134482993f5baeb97e61b7ecc89?s=96&d=mm&r=g","url":"https:\/\/secure.gravatar.com\/avatar\/42749d8b712ff9d59ca93dc150494e5b55a44134482993f5baeb97e61b7ecc89?s=96&d=mm&r=g","contentUrl":"https:\/\/secure.gravatar.com\/avatar\/42749d8b712ff9d59ca93dc150494e5b55a44134482993f5baeb97e61b7ecc89?s=96&d=mm&r=g","caption":"Roberto"},"url":"https:\/\/regiaonews.net.br\/2022\/author\/roberto\/"}]}},"publishpress_future_action":{"enabled":false,"date":"2026-05-03 14:20:04","action":"change-status","newStatus":"draft","terms":[],"taxonomy":"category","extraData":[]},"publishpress_future_workflow_manual_trigger":{"enabledWorkflows":[]},"_links":{"self":[{"href":"https:\/\/regiaonews.net.br\/2022\/wp-json\/wp\/v2\/posts\/101084","targetHints":{"allow":["GET"]}}],"collection":[{"href":"https:\/\/regiaonews.net.br\/2022\/wp-json\/wp\/v2\/posts"}],"about":[{"href":"https:\/\/regiaonews.net.br\/2022\/wp-json\/wp\/v2\/types\/post"}],"author":[{"embeddable":true,"href":"https:\/\/regiaonews.net.br\/2022\/wp-json\/wp\/v2\/users\/2"}],"replies":[{"embeddable":true,"href":"https:\/\/regiaonews.net.br\/2022\/wp-json\/wp\/v2\/comments?post=101084"}],"version-history":[{"count":1,"href":"https:\/\/regiaonews.net.br\/2022\/wp-json\/wp\/v2\/posts\/101084\/revisions"}],"predecessor-version":[{"id":101086,"href":"https:\/\/regiaonews.net.br\/2022\/wp-json\/wp\/v2\/posts\/101084\/revisions\/101086"}],"wp:featuredmedia":[{"embeddable":true,"href":"https:\/\/regiaonews.net.br\/2022\/wp-json\/wp\/v2\/media\/101085"}],"wp:attachment":[{"href":"https:\/\/regiaonews.net.br\/2022\/wp-json\/wp\/v2\/media?parent=101084"}],"wp:term":[{"taxonomy":"category","embeddable":true,"href":"https:\/\/regiaonews.net.br\/2022\/wp-json\/wp\/v2\/categories?post=101084"},{"taxonomy":"post_tag","embeddable":true,"href":"https:\/\/regiaonews.net.br\/2022\/wp-json\/wp\/v2\/tags?post=101084"}],"curies":[{"name":"wp","href":"https:\/\/api.w.org\/{rel}","templated":true}]}}