{"id":101049,"date":"2024-02-08T17:19:39","date_gmt":"2024-02-08T20:19:39","guid":{"rendered":"https:\/\/regiaonews.net.br\/2022\/?p=101049"},"modified":"2024-02-08T17:19:39","modified_gmt":"2024-02-08T20:19:39","slug":"com-mais-de-12-horas-de-folia-carnabarretos-2024-e-neste-sabado-10-de-fevereiro","status":"publish","type":"post","link":"https:\/\/regiaonews.net.br\/2022\/2024\/02\/08\/com-mais-de-12-horas-de-folia-carnabarretos-2024-e-neste-sabado-10-de-fevereiro\/","title":{"rendered":"Com mais de 12 horas de folia, \u201cCarnaBarretos 2024\u201d \u00e9 neste s\u00e1bado, 10 de fevereiro"},"content":{"rendered":"<h3 style=\"text-align: center;\">Evento ser\u00e1 na Regi\u00e3o dos Lagos, com apresenta\u00e7\u00f5es de escolas de samba, matin\u00ea e trio el\u00e9trico<\/h3>\n<p>A Prefeitura da Est\u00e2ncia Tur\u00edstica de Barretos promove neste dia 10 de fevereiro, s\u00e1bado de carnaval, a partir das 9h30, o \u201cCarnaBarretos 2024\u201d na Regi\u00e3o dos Lagos. Ser\u00e3o quatro blocos de atra\u00e7\u00f5es, com mais de 12 horas de folia e apresenta\u00e7\u00f5es de escolas de samba, matin\u00ea e trio el\u00e9trico, gratuitamente para a popula\u00e7\u00e3o.<br \/>\nO secret\u00e1rio municipal de Cultura, Rog\u00e9rio Teod\u00f3sio, falou das suas expectativas para o evento. \u201cAs expectativas s\u00e3o as melhores poss\u00edveis. Depois de 10 anos sem carnaval p\u00fablico no munic\u00edpio de Barretos, estaremos trazendo de volta e com esse novo formato, um formato que a popula\u00e7\u00e3o solicitou e n\u00f3s estamos acatando. Lembrando que todos os eventos devem come\u00e7ar de uma forma mais intimista, ent\u00e3o esse ano \u00e9 um carnaval 100% para a fam\u00edlia e no passar dos anos n\u00f3s vamos melhorando a elabora\u00e7\u00e3o e contemplando um n\u00famero ainda maior de pessoas\u201d, disse.<br \/>\nJoval Roberto dos Santos, presidente da Liga Independente das Escolas de Samba (Liesb) revelou a esperan\u00e7a de que o CarnaBarrretos 2024 possa reviver o carnaval de rua de Barretos. \u201cQuanto aos preparativos, est\u00e3o indo bem, gra\u00e7as a Deus. Embora corrido, pelo curto espa\u00e7o de tempo que n\u00f3s temos. Hoje n\u00f3s estamos preparando a terra, jogando a semente para que amanh\u00e3 a gente possa colher bons frutos. Tudo isso est\u00e1 sendo feito com um trabalho de formiguinha, com uni\u00e3o. Juntos a gente consegue, sim, reavivar esse carnaval de rua que Barretos sempre teve\u201d, contou. \u201cA expectativa \u00e9 grande. A Liesb acredita nas escolas de samba, por isso que a gente est\u00e1 fazendo esse trabalho, porque s\u00e3o elas que fazem o espet\u00e1culo, s\u00e3o elas que d\u00e3o o show. A Liesb s\u00f3 d\u00e1 o aparato, a condi\u00e7\u00e3o para isso, e eu tenho certeza que as escolas de samba v\u00e3o fazer isso. Na uni\u00e3o, na jun\u00e7\u00e3o que foi feita, cada um, dentro das suas possibilidades, n\u00e3o est\u00e1 medindo esfor\u00e7os para fazer um bom evento. E \u00e9 isso que n\u00f3s vamos fazer\u201d, completou.<\/p>\n<p>Ensaio T\u00e9cnico<br \/>\nNesta quinta-feira, dia 8, \u00e0s 19h, um ensaio t\u00e9cnico ser\u00e1 realizado em frente ao Playground Pedro Henrique de Souza, na Regi\u00e3o dos Lagos, para teste de som e \u00faltimos ajustes antes do evento. A popula\u00e7\u00e3o \u00e9 convidada a participar.<\/p>\n<p>Esquema de seguran\u00e7a<br \/>\nNo \u00faltimo dia 30 de janeiro, uma reuni\u00e3o entre a Pol\u00edcia Militar, Corpo de Bombeiros e as Secretarias Municipais de Cultura de Ordem P\u00fablica, definiu as estrat\u00e9gias de refor\u00e7o na seguran\u00e7a para que as fam\u00edlias aproveitem com tranquilidade o CarnaBarretos 2024.<\/p>\n<p>Programa\u00e7\u00e3o<br \/>\nO evento ser\u00e1 dividido em quatro eixos. No primeiro deles, o \u201cBloco da Crian\u00e7ada\u201d, levar\u00e1 muita m\u00fasica e anima\u00e7\u00e3o para a garotada, das 9h30 \u00e0s 13h, em uma matin\u00ea no Playground Pedro Henrique de Souza, na Regi\u00e3o dos Lagos, com gincanas, concurso de fantasias, brincadeiras e atividades l\u00fadicas.<br \/>\nEm seguida ser\u00e1 a vez do \u201cBloco da Marchinha\u201d, com banda e trio el\u00e9trico relembrando os sucessos que j\u00e1 embalaram os bailes de sal\u00e3o. O cortejo pelas ruas da Regi\u00e3o dos Lagos ocorre das 15h \u00e0s 17h.<br \/>\nJ\u00e1 no terceiro eixo, o \u201cBloco do Samba\u201d, das 18h \u00e0s 20h, as escolas de samba da cidade, unidas, ir\u00e3o se apresentar, divididas por alas, ao som dos enredos das agremia\u00e7\u00f5es de Barretos, S\u00e3o Paulo e Rio de Janeiro.<br \/>\nOs blocos da \u201cMarchinha\u201d e do \u201cSamba\u201d far\u00e3o o mesmo percurso, com sa\u00edda do Playground na Av. Centen\u00e1rio da Aboli\u00e7\u00e3o (altura do canteiro em frente ao Col\u00e9gio Plus), Rua 38, fazendo o retorno na rotat\u00f3ria e o t\u00e9rmino na Av. Centen\u00e1rio da aboli\u00e7\u00e3o (Playground).<br \/>\nA programa\u00e7\u00e3o de carnaval \u00e9 encerrada com o \u201cEletrofolia\u201d, onde DJs comandar\u00e3o a festa no \u201cBloco do Ax\u00e9\u201d, com muita m\u00fasica e participa\u00e7\u00e3o de dan\u00e7arinos que far\u00e3o a popula\u00e7\u00e3o entrar na dan\u00e7a, das 20h \u00e0s 22h.<\/p>\n<p>Servi\u00e7o:<br \/>\nCarnaBarretos 2024<br \/>\nData: 10 de fevereiro<br \/>\nLocal: Regi\u00e3o dos Lagos<br \/>\nHor\u00e1rio: das 9h30 \u00e0s 22h<\/p>\n","protected":false},"excerpt":{"rendered":"<p>Evento ser\u00e1 na Regi\u00e3o dos Lagos, com apresenta\u00e7\u00f5es de escolas<\/p>\n","protected":false},"author":2,"featured_media":101050,"comment_status":"open","ping_status":"open","sticky":false,"template":"","format":"standard","meta":{"footnotes":""},"categories":[14,3],"tags":[],"class_list":["post-101049","post","type-post","status-publish","format-standard","has-post-thumbnail","hentry","category-barretos","category-geral"],"yoast_head":"<!-- This site is optimized with the Yoast SEO plugin v27.4 - https:\/\/yoast.com\/product\/yoast-seo-wordpress\/ -->\n<title>Com mais de 12 horas de folia, \u201cCarnaBarretos 2024\u201d \u00e9 neste s\u00e1bado, 10 de fevereiro - Regi\u00e3o News<\/title>\n<meta name=\"robots\" content=\"index, follow, max-snippet:-1, max-image-preview:large, max-video-preview:-1\" \/>\n<link rel=\"canonical\" href=\"https:\/\/regiaonews.net.br\/2022\/2024\/02\/08\/com-mais-de-12-horas-de-folia-carnabarretos-2024-e-neste-sabado-10-de-fevereiro\/\" \/>\n<meta property=\"og:locale\" content=\"pt_BR\" \/>\n<meta property=\"og:type\" content=\"article\" \/>\n<meta property=\"og:title\" content=\"Com mais de 12 horas de folia, \u201cCarnaBarretos 2024\u201d \u00e9 neste s\u00e1bado, 10 de fevereiro - Regi\u00e3o News\" \/>\n<meta property=\"og:description\" content=\"Evento ser\u00e1 na Regi\u00e3o dos Lagos, com apresenta\u00e7\u00f5es de escolas\" \/>\n<meta property=\"og:url\" content=\"https:\/\/regiaonews.net.br\/2022\/2024\/02\/08\/com-mais-de-12-horas-de-folia-carnabarretos-2024-e-neste-sabado-10-de-fevereiro\/\" \/>\n<meta property=\"og:site_name\" content=\"Regi\u00e3o News\" \/>\n<meta property=\"article:published_time\" content=\"2024-02-08T20:19:39+00:00\" \/>\n<meta property=\"og:image\" content=\"https:\/\/regiaonews.net.br\/2022\/wp-content\/uploads\/2024\/02\/Imagem-do-WhatsApp-de-2024-02-08-as-16.45.32_1c21eb18.jpg\" \/>\n\t<meta property=\"og:image:width\" content=\"1600\" \/>\n\t<meta property=\"og:image:height\" content=\"1333\" \/>\n\t<meta property=\"og:image:type\" content=\"image\/jpeg\" \/>\n<meta name=\"author\" content=\"Roberto\" \/>\n<meta name=\"twitter:card\" content=\"summary_large_image\" \/>\n<meta name=\"twitter:label1\" content=\"Escrito por\" \/>\n\t<meta name=\"twitter:data1\" content=\"Roberto\" \/>\n\t<meta name=\"twitter:label2\" content=\"Est. tempo de leitura\" \/>\n\t<meta name=\"twitter:data2\" content=\"4 minutos\" \/>\n<script type=\"application\/ld+json\" class=\"yoast-schema-graph\">{\"@context\":\"https:\\\/\\\/schema.org\",\"@graph\":[{\"@type\":\"Article\",\"@id\":\"https:\\\/\\\/regiaonews.net.br\\\/2022\\\/2024\\\/02\\\/08\\\/com-mais-de-12-horas-de-folia-carnabarretos-2024-e-neste-sabado-10-de-fevereiro\\\/#article\",\"isPartOf\":{\"@id\":\"https:\\\/\\\/regiaonews.net.br\\\/2022\\\/2024\\\/02\\\/08\\\/com-mais-de-12-horas-de-folia-carnabarretos-2024-e-neste-sabado-10-de-fevereiro\\\/\"},\"author\":{\"name\":\"Roberto\",\"@id\":\"https:\\\/\\\/regiaonews.net.br\\\/2022\\\/#\\\/schema\\\/person\\\/2d205a608a5aa97ac279d7a5e6d89ad8\"},\"headline\":\"Com mais de 12 horas de folia, \u201cCarnaBarretos 2024\u201d \u00e9 neste s\u00e1bado, 10 de fevereiro\",\"datePublished\":\"2024-02-08T20:19:39+00:00\",\"mainEntityOfPage\":{\"@id\":\"https:\\\/\\\/regiaonews.net.br\\\/2022\\\/2024\\\/02\\\/08\\\/com-mais-de-12-horas-de-folia-carnabarretos-2024-e-neste-sabado-10-de-fevereiro\\\/\"},\"wordCount\":728,\"commentCount\":0,\"publisher\":{\"@id\":\"https:\\\/\\\/regiaonews.net.br\\\/2022\\\/#organization\"},\"image\":{\"@id\":\"https:\\\/\\\/regiaonews.net.br\\\/2022\\\/2024\\\/02\\\/08\\\/com-mais-de-12-horas-de-folia-carnabarretos-2024-e-neste-sabado-10-de-fevereiro\\\/#primaryimage\"},\"thumbnailUrl\":\"https:\\\/\\\/regiaonews.net.br\\\/2022\\\/wp-content\\\/uploads\\\/2024\\\/02\\\/Imagem-do-WhatsApp-de-2024-02-08-as-16.45.32_1c21eb18.jpg\",\"articleSection\":[\"Barretos\",\"Geral\"],\"inLanguage\":\"pt-BR\",\"potentialAction\":[{\"@type\":\"CommentAction\",\"name\":\"Comment\",\"target\":[\"https:\\\/\\\/regiaonews.net.br\\\/2022\\\/2024\\\/02\\\/08\\\/com-mais-de-12-horas-de-folia-carnabarretos-2024-e-neste-sabado-10-de-fevereiro\\\/#respond\"]}]},{\"@type\":\"WebPage\",\"@id\":\"https:\\\/\\\/regiaonews.net.br\\\/2022\\\/2024\\\/02\\\/08\\\/com-mais-de-12-horas-de-folia-carnabarretos-2024-e-neste-sabado-10-de-fevereiro\\\/\",\"url\":\"https:\\\/\\\/regiaonews.net.br\\\/2022\\\/2024\\\/02\\\/08\\\/com-mais-de-12-horas-de-folia-carnabarretos-2024-e-neste-sabado-10-de-fevereiro\\\/\",\"name\":\"Com mais de 12 horas de folia, \u201cCarnaBarretos 2024\u201d \u00e9 neste s\u00e1bado, 10 de fevereiro - Regi\u00e3o News\",\"isPartOf\":{\"@id\":\"https:\\\/\\\/regiaonews.net.br\\\/2022\\\/#website\"},\"primaryImageOfPage\":{\"@id\":\"https:\\\/\\\/regiaonews.net.br\\\/2022\\\/2024\\\/02\\\/08\\\/com-mais-de-12-horas-de-folia-carnabarretos-2024-e-neste-sabado-10-de-fevereiro\\\/#primaryimage\"},\"image\":{\"@id\":\"https:\\\/\\\/regiaonews.net.br\\\/2022\\\/2024\\\/02\\\/08\\\/com-mais-de-12-horas-de-folia-carnabarretos-2024-e-neste-sabado-10-de-fevereiro\\\/#primaryimage\"},\"thumbnailUrl\":\"https:\\\/\\\/regiaonews.net.br\\\/2022\\\/wp-content\\\/uploads\\\/2024\\\/02\\\/Imagem-do-WhatsApp-de-2024-02-08-as-16.45.32_1c21eb18.jpg\",\"datePublished\":\"2024-02-08T20:19:39+00:00\",\"breadcrumb\":{\"@id\":\"https:\\\/\\\/regiaonews.net.br\\\/2022\\\/2024\\\/02\\\/08\\\/com-mais-de-12-horas-de-folia-carnabarretos-2024-e-neste-sabado-10-de-fevereiro\\\/#breadcrumb\"},\"inLanguage\":\"pt-BR\",\"potentialAction\":[{\"@type\":\"ReadAction\",\"target\":[\"https:\\\/\\\/regiaonews.net.br\\\/2022\\\/2024\\\/02\\\/08\\\/com-mais-de-12-horas-de-folia-carnabarretos-2024-e-neste-sabado-10-de-fevereiro\\\/\"]}]},{\"@type\":\"ImageObject\",\"inLanguage\":\"pt-BR\",\"@id\":\"https:\\\/\\\/regiaonews.net.br\\\/2022\\\/2024\\\/02\\\/08\\\/com-mais-de-12-horas-de-folia-carnabarretos-2024-e-neste-sabado-10-de-fevereiro\\\/#primaryimage\",\"url\":\"https:\\\/\\\/regiaonews.net.br\\\/2022\\\/wp-content\\\/uploads\\\/2024\\\/02\\\/Imagem-do-WhatsApp-de-2024-02-08-as-16.45.32_1c21eb18.jpg\",\"contentUrl\":\"https:\\\/\\\/regiaonews.net.br\\\/2022\\\/wp-content\\\/uploads\\\/2024\\\/02\\\/Imagem-do-WhatsApp-de-2024-02-08-as-16.45.32_1c21eb18.jpg\",\"width\":1600,\"height\":1333},{\"@type\":\"BreadcrumbList\",\"@id\":\"https:\\\/\\\/regiaonews.net.br\\\/2022\\\/2024\\\/02\\\/08\\\/com-mais-de-12-horas-de-folia-carnabarretos-2024-e-neste-sabado-10-de-fevereiro\\\/#breadcrumb\",\"itemListElement\":[{\"@type\":\"ListItem\",\"position\":1,\"name\":\"In\u00edcio\",\"item\":\"https:\\\/\\\/regiaonews.net.br\\\/2022\\\/\"},{\"@type\":\"ListItem\",\"position\":2,\"name\":\"Com mais de 12 horas de folia, \u201cCarnaBarretos 2024\u201d \u00e9 neste s\u00e1bado, 10 de fevereiro\"}]},{\"@type\":\"WebSite\",\"@id\":\"https:\\\/\\\/regiaonews.net.br\\\/2022\\\/#website\",\"url\":\"https:\\\/\\\/regiaonews.net.br\\\/2022\\\/\",\"name\":\"Regi\u00e3o News\",\"description\":\"Site de Not\u00edcias de Barretos e regi\u00e3o\",\"publisher\":{\"@id\":\"https:\\\/\\\/regiaonews.net.br\\\/2022\\\/#organization\"},\"potentialAction\":[{\"@type\":\"SearchAction\",\"target\":{\"@type\":\"EntryPoint\",\"urlTemplate\":\"https:\\\/\\\/regiaonews.net.br\\\/2022\\\/?s={search_term_string}\"},\"query-input\":{\"@type\":\"PropertyValueSpecification\",\"valueRequired\":true,\"valueName\":\"search_term_string\"}}],\"inLanguage\":\"pt-BR\"},{\"@type\":\"Organization\",\"@id\":\"https:\\\/\\\/regiaonews.net.br\\\/2022\\\/#organization\",\"name\":\"Regi\u00e3o News\",\"url\":\"https:\\\/\\\/regiaonews.net.br\\\/2022\\\/\",\"logo\":{\"@type\":\"ImageObject\",\"inLanguage\":\"pt-BR\",\"@id\":\"https:\\\/\\\/regiaonews.net.br\\\/2022\\\/#\\\/schema\\\/logo\\\/image\\\/\",\"url\":\"https:\\\/\\\/regiaonews.net.br\\\/2022\\\/wp-content\\\/uploads\\\/2026\\\/03\\\/regiao-13-anos-scaled.jpg\",\"contentUrl\":\"https:\\\/\\\/regiaonews.net.br\\\/2022\\\/wp-content\\\/uploads\\\/2026\\\/03\\\/regiao-13-anos-scaled.jpg\",\"width\":2560,\"height\":635,\"caption\":\"Regi\u00e3o News\"},\"image\":{\"@id\":\"https:\\\/\\\/regiaonews.net.br\\\/2022\\\/#\\\/schema\\\/logo\\\/image\\\/\"}},{\"@type\":\"Person\",\"@id\":\"https:\\\/\\\/regiaonews.net.br\\\/2022\\\/#\\\/schema\\\/person\\\/2d205a608a5aa97ac279d7a5e6d89ad8\",\"name\":\"Roberto\",\"image\":{\"@type\":\"ImageObject\",\"inLanguage\":\"pt-BR\",\"@id\":\"https:\\\/\\\/secure.gravatar.com\\\/avatar\\\/42749d8b712ff9d59ca93dc150494e5b55a44134482993f5baeb97e61b7ecc89?s=96&d=mm&r=g\",\"url\":\"https:\\\/\\\/secure.gravatar.com\\\/avatar\\\/42749d8b712ff9d59ca93dc150494e5b55a44134482993f5baeb97e61b7ecc89?s=96&d=mm&r=g\",\"contentUrl\":\"https:\\\/\\\/secure.gravatar.com\\\/avatar\\\/42749d8b712ff9d59ca93dc150494e5b55a44134482993f5baeb97e61b7ecc89?s=96&d=mm&r=g\",\"caption\":\"Roberto\"},\"url\":\"https:\\\/\\\/regiaonews.net.br\\\/2022\\\/author\\\/roberto\\\/\"}]}<\/script>\n<!-- \/ Yoast SEO plugin. -->","yoast_head_json":{"title":"Com mais de 12 horas de folia, \u201cCarnaBarretos 2024\u201d \u00e9 neste s\u00e1bado, 10 de fevereiro - Regi\u00e3o News","robots":{"index":"index","follow":"follow","max-snippet":"max-snippet:-1","max-image-preview":"max-image-preview:large","max-video-preview":"max-video-preview:-1"},"canonical":"https:\/\/regiaonews.net.br\/2022\/2024\/02\/08\/com-mais-de-12-horas-de-folia-carnabarretos-2024-e-neste-sabado-10-de-fevereiro\/","og_locale":"pt_BR","og_type":"article","og_title":"Com mais de 12 horas de folia, \u201cCarnaBarretos 2024\u201d \u00e9 neste s\u00e1bado, 10 de fevereiro - Regi\u00e3o News","og_description":"Evento ser\u00e1 na Regi\u00e3o dos Lagos, com apresenta\u00e7\u00f5es de escolas","og_url":"https:\/\/regiaonews.net.br\/2022\/2024\/02\/08\/com-mais-de-12-horas-de-folia-carnabarretos-2024-e-neste-sabado-10-de-fevereiro\/","og_site_name":"Regi\u00e3o News","article_published_time":"2024-02-08T20:19:39+00:00","og_image":[{"width":1600,"height":1333,"url":"https:\/\/regiaonews.net.br\/2022\/wp-content\/uploads\/2024\/02\/Imagem-do-WhatsApp-de-2024-02-08-as-16.45.32_1c21eb18.jpg","type":"image\/jpeg"}],"author":"Roberto","twitter_card":"summary_large_image","twitter_misc":{"Escrito por":"Roberto","Est. tempo de leitura":"4 minutos"},"schema":{"@context":"https:\/\/schema.org","@graph":[{"@type":"Article","@id":"https:\/\/regiaonews.net.br\/2022\/2024\/02\/08\/com-mais-de-12-horas-de-folia-carnabarretos-2024-e-neste-sabado-10-de-fevereiro\/#article","isPartOf":{"@id":"https:\/\/regiaonews.net.br\/2022\/2024\/02\/08\/com-mais-de-12-horas-de-folia-carnabarretos-2024-e-neste-sabado-10-de-fevereiro\/"},"author":{"name":"Roberto","@id":"https:\/\/regiaonews.net.br\/2022\/#\/schema\/person\/2d205a608a5aa97ac279d7a5e6d89ad8"},"headline":"Com mais de 12 horas de folia, \u201cCarnaBarretos 2024\u201d \u00e9 neste s\u00e1bado, 10 de fevereiro","datePublished":"2024-02-08T20:19:39+00:00","mainEntityOfPage":{"@id":"https:\/\/regiaonews.net.br\/2022\/2024\/02\/08\/com-mais-de-12-horas-de-folia-carnabarretos-2024-e-neste-sabado-10-de-fevereiro\/"},"wordCount":728,"commentCount":0,"publisher":{"@id":"https:\/\/regiaonews.net.br\/2022\/#organization"},"image":{"@id":"https:\/\/regiaonews.net.br\/2022\/2024\/02\/08\/com-mais-de-12-horas-de-folia-carnabarretos-2024-e-neste-sabado-10-de-fevereiro\/#primaryimage"},"thumbnailUrl":"https:\/\/regiaonews.net.br\/2022\/wp-content\/uploads\/2024\/02\/Imagem-do-WhatsApp-de-2024-02-08-as-16.45.32_1c21eb18.jpg","articleSection":["Barretos","Geral"],"inLanguage":"pt-BR","potentialAction":[{"@type":"CommentAction","name":"Comment","target":["https:\/\/regiaonews.net.br\/2022\/2024\/02\/08\/com-mais-de-12-horas-de-folia-carnabarretos-2024-e-neste-sabado-10-de-fevereiro\/#respond"]}]},{"@type":"WebPage","@id":"https:\/\/regiaonews.net.br\/2022\/2024\/02\/08\/com-mais-de-12-horas-de-folia-carnabarretos-2024-e-neste-sabado-10-de-fevereiro\/","url":"https:\/\/regiaonews.net.br\/2022\/2024\/02\/08\/com-mais-de-12-horas-de-folia-carnabarretos-2024-e-neste-sabado-10-de-fevereiro\/","name":"Com mais de 12 horas de folia, \u201cCarnaBarretos 2024\u201d \u00e9 neste s\u00e1bado, 10 de fevereiro - Regi\u00e3o News","isPartOf":{"@id":"https:\/\/regiaonews.net.br\/2022\/#website"},"primaryImageOfPage":{"@id":"https:\/\/regiaonews.net.br\/2022\/2024\/02\/08\/com-mais-de-12-horas-de-folia-carnabarretos-2024-e-neste-sabado-10-de-fevereiro\/#primaryimage"},"image":{"@id":"https:\/\/regiaonews.net.br\/2022\/2024\/02\/08\/com-mais-de-12-horas-de-folia-carnabarretos-2024-e-neste-sabado-10-de-fevereiro\/#primaryimage"},"thumbnailUrl":"https:\/\/regiaonews.net.br\/2022\/wp-content\/uploads\/2024\/02\/Imagem-do-WhatsApp-de-2024-02-08-as-16.45.32_1c21eb18.jpg","datePublished":"2024-02-08T20:19:39+00:00","breadcrumb":{"@id":"https:\/\/regiaonews.net.br\/2022\/2024\/02\/08\/com-mais-de-12-horas-de-folia-carnabarretos-2024-e-neste-sabado-10-de-fevereiro\/#breadcrumb"},"inLanguage":"pt-BR","potentialAction":[{"@type":"ReadAction","target":["https:\/\/regiaonews.net.br\/2022\/2024\/02\/08\/com-mais-de-12-horas-de-folia-carnabarretos-2024-e-neste-sabado-10-de-fevereiro\/"]}]},{"@type":"ImageObject","inLanguage":"pt-BR","@id":"https:\/\/regiaonews.net.br\/2022\/2024\/02\/08\/com-mais-de-12-horas-de-folia-carnabarretos-2024-e-neste-sabado-10-de-fevereiro\/#primaryimage","url":"https:\/\/regiaonews.net.br\/2022\/wp-content\/uploads\/2024\/02\/Imagem-do-WhatsApp-de-2024-02-08-as-16.45.32_1c21eb18.jpg","contentUrl":"https:\/\/regiaonews.net.br\/2022\/wp-content\/uploads\/2024\/02\/Imagem-do-WhatsApp-de-2024-02-08-as-16.45.32_1c21eb18.jpg","width":1600,"height":1333},{"@type":"BreadcrumbList","@id":"https:\/\/regiaonews.net.br\/2022\/2024\/02\/08\/com-mais-de-12-horas-de-folia-carnabarretos-2024-e-neste-sabado-10-de-fevereiro\/#breadcrumb","itemListElement":[{"@type":"ListItem","position":1,"name":"In\u00edcio","item":"https:\/\/regiaonews.net.br\/2022\/"},{"@type":"ListItem","position":2,"name":"Com mais de 12 horas de folia, \u201cCarnaBarretos 2024\u201d \u00e9 neste s\u00e1bado, 10 de fevereiro"}]},{"@type":"WebSite","@id":"https:\/\/regiaonews.net.br\/2022\/#website","url":"https:\/\/regiaonews.net.br\/2022\/","name":"Regi\u00e3o News","description":"Site de Not\u00edcias de Barretos e regi\u00e3o","publisher":{"@id":"https:\/\/regiaonews.net.br\/2022\/#organization"},"potentialAction":[{"@type":"SearchAction","target":{"@type":"EntryPoint","urlTemplate":"https:\/\/regiaonews.net.br\/2022\/?s={search_term_string}"},"query-input":{"@type":"PropertyValueSpecification","valueRequired":true,"valueName":"search_term_string"}}],"inLanguage":"pt-BR"},{"@type":"Organization","@id":"https:\/\/regiaonews.net.br\/2022\/#organization","name":"Regi\u00e3o News","url":"https:\/\/regiaonews.net.br\/2022\/","logo":{"@type":"ImageObject","inLanguage":"pt-BR","@id":"https:\/\/regiaonews.net.br\/2022\/#\/schema\/logo\/image\/","url":"https:\/\/regiaonews.net.br\/2022\/wp-content\/uploads\/2026\/03\/regiao-13-anos-scaled.jpg","contentUrl":"https:\/\/regiaonews.net.br\/2022\/wp-content\/uploads\/2026\/03\/regiao-13-anos-scaled.jpg","width":2560,"height":635,"caption":"Regi\u00e3o News"},"image":{"@id":"https:\/\/regiaonews.net.br\/2022\/#\/schema\/logo\/image\/"}},{"@type":"Person","@id":"https:\/\/regiaonews.net.br\/2022\/#\/schema\/person\/2d205a608a5aa97ac279d7a5e6d89ad8","name":"Roberto","image":{"@type":"ImageObject","inLanguage":"pt-BR","@id":"https:\/\/secure.gravatar.com\/avatar\/42749d8b712ff9d59ca93dc150494e5b55a44134482993f5baeb97e61b7ecc89?s=96&d=mm&r=g","url":"https:\/\/secure.gravatar.com\/avatar\/42749d8b712ff9d59ca93dc150494e5b55a44134482993f5baeb97e61b7ecc89?s=96&d=mm&r=g","contentUrl":"https:\/\/secure.gravatar.com\/avatar\/42749d8b712ff9d59ca93dc150494e5b55a44134482993f5baeb97e61b7ecc89?s=96&d=mm&r=g","caption":"Roberto"},"url":"https:\/\/regiaonews.net.br\/2022\/author\/roberto\/"}]}},"publishpress_future_action":{"enabled":false,"date":"2026-05-04 06:51:57","action":"change-status","newStatus":"draft","terms":[],"taxonomy":"category","extraData":[]},"publishpress_future_workflow_manual_trigger":{"enabledWorkflows":[]},"_links":{"self":[{"href":"https:\/\/regiaonews.net.br\/2022\/wp-json\/wp\/v2\/posts\/101049","targetHints":{"allow":["GET"]}}],"collection":[{"href":"https:\/\/regiaonews.net.br\/2022\/wp-json\/wp\/v2\/posts"}],"about":[{"href":"https:\/\/regiaonews.net.br\/2022\/wp-json\/wp\/v2\/types\/post"}],"author":[{"embeddable":true,"href":"https:\/\/regiaonews.net.br\/2022\/wp-json\/wp\/v2\/users\/2"}],"replies":[{"embeddable":true,"href":"https:\/\/regiaonews.net.br\/2022\/wp-json\/wp\/v2\/comments?post=101049"}],"version-history":[{"count":1,"href":"https:\/\/regiaonews.net.br\/2022\/wp-json\/wp\/v2\/posts\/101049\/revisions"}],"predecessor-version":[{"id":101051,"href":"https:\/\/regiaonews.net.br\/2022\/wp-json\/wp\/v2\/posts\/101049\/revisions\/101051"}],"wp:featuredmedia":[{"embeddable":true,"href":"https:\/\/regiaonews.net.br\/2022\/wp-json\/wp\/v2\/media\/101050"}],"wp:attachment":[{"href":"https:\/\/regiaonews.net.br\/2022\/wp-json\/wp\/v2\/media?parent=101049"}],"wp:term":[{"taxonomy":"category","embeddable":true,"href":"https:\/\/regiaonews.net.br\/2022\/wp-json\/wp\/v2\/categories?post=101049"},{"taxonomy":"post_tag","embeddable":true,"href":"https:\/\/regiaonews.net.br\/2022\/wp-json\/wp\/v2\/tags?post=101049"}],"curies":[{"name":"wp","href":"https:\/\/api.w.org\/{rel}","templated":true}]}}