{"id":101013,"date":"2024-02-07T18:20:54","date_gmt":"2024-02-07T21:20:54","guid":{"rendered":"https:\/\/regiaonews.net.br\/2022\/?p=101013"},"modified":"2024-02-07T18:20:54","modified_gmt":"2024-02-07T21:20:54","slug":"prefeitura-entrega-academia-ao-ar-livre-no-bairro-fortaleza","status":"publish","type":"post","link":"https:\/\/regiaonews.net.br\/2022\/2024\/02\/07\/prefeitura-entrega-academia-ao-ar-livre-no-bairro-fortaleza\/","title":{"rendered":"Prefeitura entrega Academia ao Ar livre, no bairro Fortaleza"},"content":{"rendered":"<p>Espa\u00e7o, localizado pr\u00f3ximo ao Centro de Conviv\u00eancia do Idoso Idalina Jesus Anast\u00e1cio \u201cCCI Fepasa\u201d, contempla 11 equipamentos para pr\u00e1tica de esportes<\/p>\n<p>A Prefeita da Est\u00e2ncia Tur\u00edstica de Barretos, Paula Lemos, inaugurou na manh\u00e3 desta quarta-feira, 7 de fevereiro, a Academia ao Ar Livre \u201cAurelina Queiroz dos Santos\u201d, localizada na pra\u00e7a que leva o mesmo nome, na Avenida Aparecido Cruz, entre a Rua 12 e a Rotat\u00f3ria Edson Bampa, no bairro Fortaleza.<br \/>\nO espa\u00e7o, nas proximidades do Centro de Conviv\u00eancia do Idoso Idalina Jesus Anast\u00e1cio, o \u201cCCI Fepasa\u201d, conta com 11 equipamentos para pr\u00e1tica de atividades f\u00edsicas e \u00e9 mais um dispositivo p\u00fablico direcionado para uso da popula\u00e7\u00e3o. \u201cDona Aurelina foi um grande exemplo para toda a nossa Barretos. Ent\u00e3o \u00e9 muito gratificante estar aqui hoje fazendo esta homenagem para uma mulher que realmente \u00e9 digna de ser homenageada. Fico ainda mais feliz por este local ser pr\u00f3ximo do CCI, onde nossas pessoas idosas poder\u00e3o vir praticar suas atividades f\u00edsicas nestes aparelhos novinhos\u201d, disse a Chefe do Executivo.<br \/>\nA homenageada Aurelina Queiroz dos Santos, mais conhecida como Dona Aurea, matriarca da Fam\u00edlia Santos, nasceu em 16 de junho de 1922, em Salvador, teve nove filhos e era muito respeitada e admirada na Par\u00f3quia do Bom Jesus. Dona Aurea morreu em 6 de junho de 2012. \u201cEssa justa homenagem para ela \u00e9 muito prazerosa para n\u00f3s filhos, netos e bisnetos e a gente agradece\u201d, disse o filho Paulo C\u00e9sar dos Santos, representando todos os familiares.<br \/>\nAutor do Projeto de Lei que deu nome ao local, o vereador Paulo C\u00f4rrea falou da homenageada. \u201cEst\u00e1 a\u00ed, perpetuado o nome da dona Aurea, uma pessoa bondosa, uma pessoa que eu tive conviv\u00eancia quando eu era crian\u00e7a e eu sempre tinha na minha mente: ainda vou fazer uma homenagem para ela. E como a Paula fez a academia aqui, que \u00e9 importante para a terceira idade, eu falei, nada mais justo que dar o nome da dona Aurea aqui\u201d, disse.<br \/>\nO vereador Nestor Leonel destacou a import\u00e2ncia da atividade f\u00edsica para a sa\u00fade e parabenizou a fam\u00edlia de Dona Aurea. \u201cSa\u00fade \u00e9 tudo. Tendo sa\u00fade a gente \u00e9 feliz nessa vida! Ent\u00e3o, parab\u00e9ns a esta fam\u00edlia linda, uma fam\u00edlia de pessoas conhecidas, bela homenagem! Parab\u00e9ns Paula, mais uma obra importante para a nossa cidade\u201d, disse.<br \/>\nA Academia ao Ar Livre foi conquistada por meio de emenda parlamentar do ex-deputado federal Geninho Zuliani, com o apoio do vereador Nestor Leonel, que atende um pedido antigo do vereador e presidente da C\u00e2mara, Luis Paulo Vieira, o Lupa. Tamb\u00e9m participaram da solenidade os secret\u00e1rios municipais de Esportes e Lazer, Tony Carvalho, e de Assist\u00eancia Social e Desenvolvimento Humano, Vit\u00f3ria Saretta.<\/p>\n<p>Equipamentos instalados<\/p>\n<p>01 &#8211; Simulador de Caminhada Duplo e respectiva placa indicativa<br \/>\n01 &#8211; Simulador de Cavalgada Duplo e respectiva placa indicativa<br \/>\n01 &#8211; Leg Press Duplo e respectiva placa indicativa<br \/>\n01 &#8211; Roda Dupla e respectiva placa indicativa<br \/>\n01 &#8211; Roda de Ombro Dupla e respectiva placa indicativa<br \/>\n01 &#8211; Twist Lateral Duplo e respectiva placa indicativa<br \/>\n01 &#8211; Simulador de Remo e respectiva placa indicativa<br \/>\n01 &#8211; Esta\u00e7\u00e3o Multiuso e respectiva placa indicativa<br \/>\n01 &#8211; Barra Alta Girat\u00f3ria e respectiva placa indicativa<br \/>\n01 &#8211; Esqui Duplo e respectiva placa indicativa<br \/>\n01 &#8211; Placa Indicativa para a Academia ao Ar Livre<\/p>\n","protected":false},"excerpt":{"rendered":"<p>Espa\u00e7o, localizado pr\u00f3ximo ao Centro de Conviv\u00eancia do Idoso Idalina<\/p>\n","protected":false},"author":2,"featured_media":101014,"comment_status":"open","ping_status":"open","sticky":false,"template":"","format":"standard","meta":{"footnotes":""},"categories":[14,25],"tags":[],"class_list":["post-101013","post","type-post","status-publish","format-standard","has-post-thumbnail","hentry","category-barretos","category-cidades"],"yoast_head":"<!-- This site is optimized with the Yoast SEO plugin v27.4 - https:\/\/yoast.com\/product\/yoast-seo-wordpress\/ -->\n<title>Prefeitura entrega Academia ao Ar livre, no bairro Fortaleza - Regi\u00e3o News<\/title>\n<meta name=\"robots\" content=\"index, follow, max-snippet:-1, max-image-preview:large, max-video-preview:-1\" \/>\n<link rel=\"canonical\" href=\"https:\/\/regiaonews.net.br\/2022\/2024\/02\/07\/prefeitura-entrega-academia-ao-ar-livre-no-bairro-fortaleza\/\" \/>\n<meta property=\"og:locale\" content=\"pt_BR\" \/>\n<meta property=\"og:type\" content=\"article\" \/>\n<meta property=\"og:title\" content=\"Prefeitura entrega Academia ao Ar livre, no bairro Fortaleza - Regi\u00e3o News\" \/>\n<meta property=\"og:description\" content=\"Espa\u00e7o, localizado pr\u00f3ximo ao Centro de Conviv\u00eancia do Idoso Idalina\" \/>\n<meta property=\"og:url\" content=\"https:\/\/regiaonews.net.br\/2022\/2024\/02\/07\/prefeitura-entrega-academia-ao-ar-livre-no-bairro-fortaleza\/\" \/>\n<meta property=\"og:site_name\" content=\"Regi\u00e3o News\" \/>\n<meta property=\"article:published_time\" content=\"2024-02-07T21:20:54+00:00\" \/>\n<meta property=\"og:image\" content=\"https:\/\/regiaonews.net.br\/2022\/wp-content\/uploads\/2024\/02\/WhatsApp-Image-2024-02-07-at-16.05.27.jpeg\" \/>\n\t<meta property=\"og:image:width\" content=\"1600\" \/>\n\t<meta property=\"og:image:height\" content=\"1258\" \/>\n\t<meta property=\"og:image:type\" content=\"image\/jpeg\" \/>\n<meta name=\"author\" content=\"Roberto\" \/>\n<meta name=\"twitter:card\" content=\"summary_large_image\" \/>\n<meta name=\"twitter:label1\" content=\"Escrito por\" \/>\n\t<meta name=\"twitter:data1\" content=\"Roberto\" \/>\n\t<meta name=\"twitter:label2\" content=\"Est. tempo de leitura\" \/>\n\t<meta name=\"twitter:data2\" content=\"4 minutos\" \/>\n<script type=\"application\/ld+json\" class=\"yoast-schema-graph\">{\"@context\":\"https:\\\/\\\/schema.org\",\"@graph\":[{\"@type\":\"Article\",\"@id\":\"https:\\\/\\\/regiaonews.net.br\\\/2022\\\/2024\\\/02\\\/07\\\/prefeitura-entrega-academia-ao-ar-livre-no-bairro-fortaleza\\\/#article\",\"isPartOf\":{\"@id\":\"https:\\\/\\\/regiaonews.net.br\\\/2022\\\/2024\\\/02\\\/07\\\/prefeitura-entrega-academia-ao-ar-livre-no-bairro-fortaleza\\\/\"},\"author\":{\"name\":\"Roberto\",\"@id\":\"https:\\\/\\\/regiaonews.net.br\\\/2022\\\/#\\\/schema\\\/person\\\/2d205a608a5aa97ac279d7a5e6d89ad8\"},\"headline\":\"Prefeitura entrega Academia ao Ar livre, no bairro Fortaleza\",\"datePublished\":\"2024-02-07T21:20:54+00:00\",\"mainEntityOfPage\":{\"@id\":\"https:\\\/\\\/regiaonews.net.br\\\/2022\\\/2024\\\/02\\\/07\\\/prefeitura-entrega-academia-ao-ar-livre-no-bairro-fortaleza\\\/\"},\"wordCount\":571,\"commentCount\":0,\"publisher\":{\"@id\":\"https:\\\/\\\/regiaonews.net.br\\\/2022\\\/#organization\"},\"image\":{\"@id\":\"https:\\\/\\\/regiaonews.net.br\\\/2022\\\/2024\\\/02\\\/07\\\/prefeitura-entrega-academia-ao-ar-livre-no-bairro-fortaleza\\\/#primaryimage\"},\"thumbnailUrl\":\"https:\\\/\\\/regiaonews.net.br\\\/2022\\\/wp-content\\\/uploads\\\/2024\\\/02\\\/WhatsApp-Image-2024-02-07-at-16.05.27.jpeg\",\"articleSection\":[\"Barretos\",\"Cidades\"],\"inLanguage\":\"pt-BR\",\"potentialAction\":[{\"@type\":\"CommentAction\",\"name\":\"Comment\",\"target\":[\"https:\\\/\\\/regiaonews.net.br\\\/2022\\\/2024\\\/02\\\/07\\\/prefeitura-entrega-academia-ao-ar-livre-no-bairro-fortaleza\\\/#respond\"]}]},{\"@type\":\"WebPage\",\"@id\":\"https:\\\/\\\/regiaonews.net.br\\\/2022\\\/2024\\\/02\\\/07\\\/prefeitura-entrega-academia-ao-ar-livre-no-bairro-fortaleza\\\/\",\"url\":\"https:\\\/\\\/regiaonews.net.br\\\/2022\\\/2024\\\/02\\\/07\\\/prefeitura-entrega-academia-ao-ar-livre-no-bairro-fortaleza\\\/\",\"name\":\"Prefeitura entrega Academia ao Ar livre, no bairro Fortaleza - Regi\u00e3o News\",\"isPartOf\":{\"@id\":\"https:\\\/\\\/regiaonews.net.br\\\/2022\\\/#website\"},\"primaryImageOfPage\":{\"@id\":\"https:\\\/\\\/regiaonews.net.br\\\/2022\\\/2024\\\/02\\\/07\\\/prefeitura-entrega-academia-ao-ar-livre-no-bairro-fortaleza\\\/#primaryimage\"},\"image\":{\"@id\":\"https:\\\/\\\/regiaonews.net.br\\\/2022\\\/2024\\\/02\\\/07\\\/prefeitura-entrega-academia-ao-ar-livre-no-bairro-fortaleza\\\/#primaryimage\"},\"thumbnailUrl\":\"https:\\\/\\\/regiaonews.net.br\\\/2022\\\/wp-content\\\/uploads\\\/2024\\\/02\\\/WhatsApp-Image-2024-02-07-at-16.05.27.jpeg\",\"datePublished\":\"2024-02-07T21:20:54+00:00\",\"breadcrumb\":{\"@id\":\"https:\\\/\\\/regiaonews.net.br\\\/2022\\\/2024\\\/02\\\/07\\\/prefeitura-entrega-academia-ao-ar-livre-no-bairro-fortaleza\\\/#breadcrumb\"},\"inLanguage\":\"pt-BR\",\"potentialAction\":[{\"@type\":\"ReadAction\",\"target\":[\"https:\\\/\\\/regiaonews.net.br\\\/2022\\\/2024\\\/02\\\/07\\\/prefeitura-entrega-academia-ao-ar-livre-no-bairro-fortaleza\\\/\"]}]},{\"@type\":\"ImageObject\",\"inLanguage\":\"pt-BR\",\"@id\":\"https:\\\/\\\/regiaonews.net.br\\\/2022\\\/2024\\\/02\\\/07\\\/prefeitura-entrega-academia-ao-ar-livre-no-bairro-fortaleza\\\/#primaryimage\",\"url\":\"https:\\\/\\\/regiaonews.net.br\\\/2022\\\/wp-content\\\/uploads\\\/2024\\\/02\\\/WhatsApp-Image-2024-02-07-at-16.05.27.jpeg\",\"contentUrl\":\"https:\\\/\\\/regiaonews.net.br\\\/2022\\\/wp-content\\\/uploads\\\/2024\\\/02\\\/WhatsApp-Image-2024-02-07-at-16.05.27.jpeg\",\"width\":1600,\"height\":1258},{\"@type\":\"BreadcrumbList\",\"@id\":\"https:\\\/\\\/regiaonews.net.br\\\/2022\\\/2024\\\/02\\\/07\\\/prefeitura-entrega-academia-ao-ar-livre-no-bairro-fortaleza\\\/#breadcrumb\",\"itemListElement\":[{\"@type\":\"ListItem\",\"position\":1,\"name\":\"In\u00edcio\",\"item\":\"https:\\\/\\\/regiaonews.net.br\\\/2022\\\/\"},{\"@type\":\"ListItem\",\"position\":2,\"name\":\"Prefeitura entrega Academia ao Ar livre, no bairro Fortaleza\"}]},{\"@type\":\"WebSite\",\"@id\":\"https:\\\/\\\/regiaonews.net.br\\\/2022\\\/#website\",\"url\":\"https:\\\/\\\/regiaonews.net.br\\\/2022\\\/\",\"name\":\"Regi\u00e3o News\",\"description\":\"Site de Not\u00edcias de Barretos e regi\u00e3o\",\"publisher\":{\"@id\":\"https:\\\/\\\/regiaonews.net.br\\\/2022\\\/#organization\"},\"potentialAction\":[{\"@type\":\"SearchAction\",\"target\":{\"@type\":\"EntryPoint\",\"urlTemplate\":\"https:\\\/\\\/regiaonews.net.br\\\/2022\\\/?s={search_term_string}\"},\"query-input\":{\"@type\":\"PropertyValueSpecification\",\"valueRequired\":true,\"valueName\":\"search_term_string\"}}],\"inLanguage\":\"pt-BR\"},{\"@type\":\"Organization\",\"@id\":\"https:\\\/\\\/regiaonews.net.br\\\/2022\\\/#organization\",\"name\":\"Regi\u00e3o News\",\"url\":\"https:\\\/\\\/regiaonews.net.br\\\/2022\\\/\",\"logo\":{\"@type\":\"ImageObject\",\"inLanguage\":\"pt-BR\",\"@id\":\"https:\\\/\\\/regiaonews.net.br\\\/2022\\\/#\\\/schema\\\/logo\\\/image\\\/\",\"url\":\"https:\\\/\\\/regiaonews.net.br\\\/2022\\\/wp-content\\\/uploads\\\/2026\\\/03\\\/regiao-13-anos-scaled.jpg\",\"contentUrl\":\"https:\\\/\\\/regiaonews.net.br\\\/2022\\\/wp-content\\\/uploads\\\/2026\\\/03\\\/regiao-13-anos-scaled.jpg\",\"width\":2560,\"height\":635,\"caption\":\"Regi\u00e3o News\"},\"image\":{\"@id\":\"https:\\\/\\\/regiaonews.net.br\\\/2022\\\/#\\\/schema\\\/logo\\\/image\\\/\"}},{\"@type\":\"Person\",\"@id\":\"https:\\\/\\\/regiaonews.net.br\\\/2022\\\/#\\\/schema\\\/person\\\/2d205a608a5aa97ac279d7a5e6d89ad8\",\"name\":\"Roberto\",\"image\":{\"@type\":\"ImageObject\",\"inLanguage\":\"pt-BR\",\"@id\":\"https:\\\/\\\/secure.gravatar.com\\\/avatar\\\/42749d8b712ff9d59ca93dc150494e5b55a44134482993f5baeb97e61b7ecc89?s=96&d=mm&r=g\",\"url\":\"https:\\\/\\\/secure.gravatar.com\\\/avatar\\\/42749d8b712ff9d59ca93dc150494e5b55a44134482993f5baeb97e61b7ecc89?s=96&d=mm&r=g\",\"contentUrl\":\"https:\\\/\\\/secure.gravatar.com\\\/avatar\\\/42749d8b712ff9d59ca93dc150494e5b55a44134482993f5baeb97e61b7ecc89?s=96&d=mm&r=g\",\"caption\":\"Roberto\"},\"url\":\"https:\\\/\\\/regiaonews.net.br\\\/2022\\\/author\\\/roberto\\\/\"}]}<\/script>\n<!-- \/ Yoast SEO plugin. -->","yoast_head_json":{"title":"Prefeitura entrega Academia ao Ar livre, no bairro Fortaleza - Regi\u00e3o News","robots":{"index":"index","follow":"follow","max-snippet":"max-snippet:-1","max-image-preview":"max-image-preview:large","max-video-preview":"max-video-preview:-1"},"canonical":"https:\/\/regiaonews.net.br\/2022\/2024\/02\/07\/prefeitura-entrega-academia-ao-ar-livre-no-bairro-fortaleza\/","og_locale":"pt_BR","og_type":"article","og_title":"Prefeitura entrega Academia ao Ar livre, no bairro Fortaleza - Regi\u00e3o News","og_description":"Espa\u00e7o, localizado pr\u00f3ximo ao Centro de Conviv\u00eancia do Idoso Idalina","og_url":"https:\/\/regiaonews.net.br\/2022\/2024\/02\/07\/prefeitura-entrega-academia-ao-ar-livre-no-bairro-fortaleza\/","og_site_name":"Regi\u00e3o News","article_published_time":"2024-02-07T21:20:54+00:00","og_image":[{"width":1600,"height":1258,"url":"https:\/\/regiaonews.net.br\/2022\/wp-content\/uploads\/2024\/02\/WhatsApp-Image-2024-02-07-at-16.05.27.jpeg","type":"image\/jpeg"}],"author":"Roberto","twitter_card":"summary_large_image","twitter_misc":{"Escrito por":"Roberto","Est. tempo de leitura":"4 minutos"},"schema":{"@context":"https:\/\/schema.org","@graph":[{"@type":"Article","@id":"https:\/\/regiaonews.net.br\/2022\/2024\/02\/07\/prefeitura-entrega-academia-ao-ar-livre-no-bairro-fortaleza\/#article","isPartOf":{"@id":"https:\/\/regiaonews.net.br\/2022\/2024\/02\/07\/prefeitura-entrega-academia-ao-ar-livre-no-bairro-fortaleza\/"},"author":{"name":"Roberto","@id":"https:\/\/regiaonews.net.br\/2022\/#\/schema\/person\/2d205a608a5aa97ac279d7a5e6d89ad8"},"headline":"Prefeitura entrega Academia ao Ar livre, no bairro Fortaleza","datePublished":"2024-02-07T21:20:54+00:00","mainEntityOfPage":{"@id":"https:\/\/regiaonews.net.br\/2022\/2024\/02\/07\/prefeitura-entrega-academia-ao-ar-livre-no-bairro-fortaleza\/"},"wordCount":571,"commentCount":0,"publisher":{"@id":"https:\/\/regiaonews.net.br\/2022\/#organization"},"image":{"@id":"https:\/\/regiaonews.net.br\/2022\/2024\/02\/07\/prefeitura-entrega-academia-ao-ar-livre-no-bairro-fortaleza\/#primaryimage"},"thumbnailUrl":"https:\/\/regiaonews.net.br\/2022\/wp-content\/uploads\/2024\/02\/WhatsApp-Image-2024-02-07-at-16.05.27.jpeg","articleSection":["Barretos","Cidades"],"inLanguage":"pt-BR","potentialAction":[{"@type":"CommentAction","name":"Comment","target":["https:\/\/regiaonews.net.br\/2022\/2024\/02\/07\/prefeitura-entrega-academia-ao-ar-livre-no-bairro-fortaleza\/#respond"]}]},{"@type":"WebPage","@id":"https:\/\/regiaonews.net.br\/2022\/2024\/02\/07\/prefeitura-entrega-academia-ao-ar-livre-no-bairro-fortaleza\/","url":"https:\/\/regiaonews.net.br\/2022\/2024\/02\/07\/prefeitura-entrega-academia-ao-ar-livre-no-bairro-fortaleza\/","name":"Prefeitura entrega Academia ao Ar livre, no bairro Fortaleza - Regi\u00e3o News","isPartOf":{"@id":"https:\/\/regiaonews.net.br\/2022\/#website"},"primaryImageOfPage":{"@id":"https:\/\/regiaonews.net.br\/2022\/2024\/02\/07\/prefeitura-entrega-academia-ao-ar-livre-no-bairro-fortaleza\/#primaryimage"},"image":{"@id":"https:\/\/regiaonews.net.br\/2022\/2024\/02\/07\/prefeitura-entrega-academia-ao-ar-livre-no-bairro-fortaleza\/#primaryimage"},"thumbnailUrl":"https:\/\/regiaonews.net.br\/2022\/wp-content\/uploads\/2024\/02\/WhatsApp-Image-2024-02-07-at-16.05.27.jpeg","datePublished":"2024-02-07T21:20:54+00:00","breadcrumb":{"@id":"https:\/\/regiaonews.net.br\/2022\/2024\/02\/07\/prefeitura-entrega-academia-ao-ar-livre-no-bairro-fortaleza\/#breadcrumb"},"inLanguage":"pt-BR","potentialAction":[{"@type":"ReadAction","target":["https:\/\/regiaonews.net.br\/2022\/2024\/02\/07\/prefeitura-entrega-academia-ao-ar-livre-no-bairro-fortaleza\/"]}]},{"@type":"ImageObject","inLanguage":"pt-BR","@id":"https:\/\/regiaonews.net.br\/2022\/2024\/02\/07\/prefeitura-entrega-academia-ao-ar-livre-no-bairro-fortaleza\/#primaryimage","url":"https:\/\/regiaonews.net.br\/2022\/wp-content\/uploads\/2024\/02\/WhatsApp-Image-2024-02-07-at-16.05.27.jpeg","contentUrl":"https:\/\/regiaonews.net.br\/2022\/wp-content\/uploads\/2024\/02\/WhatsApp-Image-2024-02-07-at-16.05.27.jpeg","width":1600,"height":1258},{"@type":"BreadcrumbList","@id":"https:\/\/regiaonews.net.br\/2022\/2024\/02\/07\/prefeitura-entrega-academia-ao-ar-livre-no-bairro-fortaleza\/#breadcrumb","itemListElement":[{"@type":"ListItem","position":1,"name":"In\u00edcio","item":"https:\/\/regiaonews.net.br\/2022\/"},{"@type":"ListItem","position":2,"name":"Prefeitura entrega Academia ao Ar livre, no bairro Fortaleza"}]},{"@type":"WebSite","@id":"https:\/\/regiaonews.net.br\/2022\/#website","url":"https:\/\/regiaonews.net.br\/2022\/","name":"Regi\u00e3o News","description":"Site de Not\u00edcias de Barretos e regi\u00e3o","publisher":{"@id":"https:\/\/regiaonews.net.br\/2022\/#organization"},"potentialAction":[{"@type":"SearchAction","target":{"@type":"EntryPoint","urlTemplate":"https:\/\/regiaonews.net.br\/2022\/?s={search_term_string}"},"query-input":{"@type":"PropertyValueSpecification","valueRequired":true,"valueName":"search_term_string"}}],"inLanguage":"pt-BR"},{"@type":"Organization","@id":"https:\/\/regiaonews.net.br\/2022\/#organization","name":"Regi\u00e3o News","url":"https:\/\/regiaonews.net.br\/2022\/","logo":{"@type":"ImageObject","inLanguage":"pt-BR","@id":"https:\/\/regiaonews.net.br\/2022\/#\/schema\/logo\/image\/","url":"https:\/\/regiaonews.net.br\/2022\/wp-content\/uploads\/2026\/03\/regiao-13-anos-scaled.jpg","contentUrl":"https:\/\/regiaonews.net.br\/2022\/wp-content\/uploads\/2026\/03\/regiao-13-anos-scaled.jpg","width":2560,"height":635,"caption":"Regi\u00e3o News"},"image":{"@id":"https:\/\/regiaonews.net.br\/2022\/#\/schema\/logo\/image\/"}},{"@type":"Person","@id":"https:\/\/regiaonews.net.br\/2022\/#\/schema\/person\/2d205a608a5aa97ac279d7a5e6d89ad8","name":"Roberto","image":{"@type":"ImageObject","inLanguage":"pt-BR","@id":"https:\/\/secure.gravatar.com\/avatar\/42749d8b712ff9d59ca93dc150494e5b55a44134482993f5baeb97e61b7ecc89?s=96&d=mm&r=g","url":"https:\/\/secure.gravatar.com\/avatar\/42749d8b712ff9d59ca93dc150494e5b55a44134482993f5baeb97e61b7ecc89?s=96&d=mm&r=g","contentUrl":"https:\/\/secure.gravatar.com\/avatar\/42749d8b712ff9d59ca93dc150494e5b55a44134482993f5baeb97e61b7ecc89?s=96&d=mm&r=g","caption":"Roberto"},"url":"https:\/\/regiaonews.net.br\/2022\/author\/roberto\/"}]}},"publishpress_future_action":{"enabled":false,"date":"2026-05-04 03:28:15","action":"change-status","newStatus":"draft","terms":[],"taxonomy":"category","extraData":[]},"publishpress_future_workflow_manual_trigger":{"enabledWorkflows":[]},"_links":{"self":[{"href":"https:\/\/regiaonews.net.br\/2022\/wp-json\/wp\/v2\/posts\/101013","targetHints":{"allow":["GET"]}}],"collection":[{"href":"https:\/\/regiaonews.net.br\/2022\/wp-json\/wp\/v2\/posts"}],"about":[{"href":"https:\/\/regiaonews.net.br\/2022\/wp-json\/wp\/v2\/types\/post"}],"author":[{"embeddable":true,"href":"https:\/\/regiaonews.net.br\/2022\/wp-json\/wp\/v2\/users\/2"}],"replies":[{"embeddable":true,"href":"https:\/\/regiaonews.net.br\/2022\/wp-json\/wp\/v2\/comments?post=101013"}],"version-history":[{"count":1,"href":"https:\/\/regiaonews.net.br\/2022\/wp-json\/wp\/v2\/posts\/101013\/revisions"}],"predecessor-version":[{"id":101015,"href":"https:\/\/regiaonews.net.br\/2022\/wp-json\/wp\/v2\/posts\/101013\/revisions\/101015"}],"wp:featuredmedia":[{"embeddable":true,"href":"https:\/\/regiaonews.net.br\/2022\/wp-json\/wp\/v2\/media\/101014"}],"wp:attachment":[{"href":"https:\/\/regiaonews.net.br\/2022\/wp-json\/wp\/v2\/media?parent=101013"}],"wp:term":[{"taxonomy":"category","embeddable":true,"href":"https:\/\/regiaonews.net.br\/2022\/wp-json\/wp\/v2\/categories?post=101013"},{"taxonomy":"post_tag","embeddable":true,"href":"https:\/\/regiaonews.net.br\/2022\/wp-json\/wp\/v2\/tags?post=101013"}],"curies":[{"name":"wp","href":"https:\/\/api.w.org\/{rel}","templated":true}]}}