{"id":101010,"date":"2024-02-07T18:18:33","date_gmt":"2024-02-07T21:18:33","guid":{"rendered":"https:\/\/regiaonews.net.br\/2022\/?p=101010"},"modified":"2024-02-07T18:18:33","modified_gmt":"2024-02-07T21:18:33","slug":"secretaria-municipal-de-saude-alerta-populacao-sobre-protocolo-de-testagem-para-dengue","status":"publish","type":"post","link":"https:\/\/regiaonews.net.br\/2022\/2024\/02\/07\/secretaria-municipal-de-saude-alerta-populacao-sobre-protocolo-de-testagem-para-dengue\/","title":{"rendered":"Secretaria Municipal de Sa\u00fade alerta popula\u00e7\u00e3o sobre protocolo de testagem para dengue"},"content":{"rendered":"<p>&nbsp;<\/p>\n<p>Exame deve ser feito a partir do sexto dia de sintomas; identifica\u00e7\u00e3o de casos positivos contribui para a amplia\u00e7\u00e3o das a\u00e7\u00f5es de combate ao Aedes aegypti em regi\u00e3o com foco da doen\u00e7a<\/p>\n<p>A Secretaria Municipal de Sa\u00fade faz um alerta \u00e0 popula\u00e7\u00e3o sobre o protocolo para a realiza\u00e7\u00e3o do exame para diagn\u00f3stico de dengue, que deve ser feito a partir do sexto dia de sintomas. A orienta\u00e7\u00e3o \u00e9 que procurem a Rede Municipal de Atendimento para que ocorra uma avalia\u00e7\u00e3o m\u00e9dica e recebam o encaminhamento para a testagem. \u201cQuando o m\u00e9dico suspeita que o paciente est\u00e1 com dengue, ele segue o protocolo e marca o exame para a data a partir da qual o teste deve apresentar o resultado correto\u201d, explica a coordenadora da Vigil\u00e2ncia Epidemiol\u00f3gica do Munic\u00edpio, Manuela Theodoro Ribeiro.<\/p>\n<p>Exames de dengue em quatro unidades no per\u00edodo da manh\u00e3<br \/>\nO exame para identifica\u00e7\u00e3o da dengue pode ser colhido de segunda a sexta-feira no Post\u00e3o (ARE I) e nas UBSs dos bairros Am\u00e9rica, Mar\u00edlia e Barretos II. O paciente com encaminhamento m\u00e9dico deve procurar uma dessas unidades entre 7 e 9h, considerando a data estipulada. \u201cComo o teste s\u00f3 pode identificar o resultado positivo a partir do sexto dia, n\u00e3o adianta colher antes do prazo\u201d, explica Manuela.<br \/>\nGra\u00e7a Lemos, secret\u00e1ria municipal de Sa\u00fade, destaca que, ao seguir a instru\u00e7\u00e3o m\u00e9dica e procurar a unidade no devido momento para realizar o teste, o paciente pode passar, se necess\u00e1rio, por uma nova avalia\u00e7\u00e3o m\u00e9dica sobre como a doen\u00e7a est\u00e1 evoluindo nele. \u201cAl\u00e9m de contribuir para que a Vigil\u00e2ncia consiga mapear de forma precisa em que locais da cidade casos est\u00e3o sendo confirmados\u201d, ressalta.<\/p>\n<p>Colabora\u00e7\u00e3o da popula\u00e7\u00e3o para salvar vidas<br \/>\nDesde o momento em que um caso suspeito \u00e9 notificado, o Controle de Vetores de Barretos realiza nebuliza\u00e7\u00e3o e intensifica as varreduras em quintais nos im\u00f3veis dos quarteir\u00f5es pr\u00f3ximos. A confirma\u00e7\u00e3o de casos, a partir dos pacientes que seguem o encaminhamento e comparecem para realizar o exame, permite que a Vigil\u00e2ncia Epidemiol\u00f3gica fa\u00e7a o mapeamento da dengue na cidade e adote medidas direcionadas em busca de diminuir a contamina\u00e7\u00e3o pela doen\u00e7a e evitar mortes.<\/p>\n<p>Atendimento m\u00e9dico em todas as unidades<br \/>\nAo iniciar sintomas, a popula\u00e7\u00e3o pode procurar a UBS mais pr\u00f3xima ou, se necess\u00e1rio, a UPA, onde o atendimento \u00e9 24h.<br \/>\nTodas as UBSs do munic\u00edpio e a Unidade de Pronto Atendimento (UPA) prestam atendimento m\u00e9dico a pacientes com sintomas de dengue, chikungunya ou de doen\u00e7as diversas.<\/p>\n","protected":false},"excerpt":{"rendered":"<p>&nbsp; Exame deve ser feito a partir do sexto dia<\/p>\n","protected":false},"author":2,"featured_media":101011,"comment_status":"open","ping_status":"open","sticky":false,"template":"","format":"standard","meta":{"footnotes":""},"categories":[14,25],"tags":[],"class_list":["post-101010","post","type-post","status-publish","format-standard","has-post-thumbnail","hentry","category-barretos","category-cidades"],"yoast_head":"<!-- This site is optimized with the Yoast SEO plugin v27.4 - https:\/\/yoast.com\/product\/yoast-seo-wordpress\/ -->\n<title>Secretaria Municipal de Sa\u00fade alerta popula\u00e7\u00e3o sobre protocolo de testagem para dengue - Regi\u00e3o News<\/title>\n<meta name=\"robots\" content=\"index, follow, max-snippet:-1, max-image-preview:large, max-video-preview:-1\" \/>\n<link rel=\"canonical\" href=\"https:\/\/regiaonews.net.br\/2022\/2024\/02\/07\/secretaria-municipal-de-saude-alerta-populacao-sobre-protocolo-de-testagem-para-dengue\/\" \/>\n<meta property=\"og:locale\" content=\"pt_BR\" \/>\n<meta property=\"og:type\" content=\"article\" \/>\n<meta property=\"og:title\" content=\"Secretaria Municipal de Sa\u00fade alerta popula\u00e7\u00e3o sobre protocolo de testagem para dengue - Regi\u00e3o News\" \/>\n<meta property=\"og:description\" content=\"&nbsp; Exame deve ser feito a partir do sexto dia\" \/>\n<meta property=\"og:url\" content=\"https:\/\/regiaonews.net.br\/2022\/2024\/02\/07\/secretaria-municipal-de-saude-alerta-populacao-sobre-protocolo-de-testagem-para-dengue\/\" \/>\n<meta property=\"og:site_name\" content=\"Regi\u00e3o News\" \/>\n<meta property=\"article:published_time\" content=\"2024-02-07T21:18:33+00:00\" \/>\n<meta property=\"og:image\" content=\"https:\/\/regiaonews.net.br\/2022\/wp-content\/uploads\/2024\/02\/WhatsApp-Image-2024-02-07-at-16.27.24.jpeg\" \/>\n\t<meta property=\"og:image:width\" content=\"1600\" \/>\n\t<meta property=\"og:image:height\" content=\"1028\" \/>\n\t<meta property=\"og:image:type\" content=\"image\/jpeg\" \/>\n<meta name=\"author\" content=\"Roberto\" \/>\n<meta name=\"twitter:card\" content=\"summary_large_image\" \/>\n<meta name=\"twitter:label1\" content=\"Escrito por\" \/>\n\t<meta name=\"twitter:data1\" content=\"Roberto\" \/>\n\t<meta name=\"twitter:label2\" content=\"Est. tempo de leitura\" \/>\n\t<meta name=\"twitter:data2\" content=\"3 minutos\" \/>\n<script type=\"application\/ld+json\" class=\"yoast-schema-graph\">{\"@context\":\"https:\\\/\\\/schema.org\",\"@graph\":[{\"@type\":\"Article\",\"@id\":\"https:\\\/\\\/regiaonews.net.br\\\/2022\\\/2024\\\/02\\\/07\\\/secretaria-municipal-de-saude-alerta-populacao-sobre-protocolo-de-testagem-para-dengue\\\/#article\",\"isPartOf\":{\"@id\":\"https:\\\/\\\/regiaonews.net.br\\\/2022\\\/2024\\\/02\\\/07\\\/secretaria-municipal-de-saude-alerta-populacao-sobre-protocolo-de-testagem-para-dengue\\\/\"},\"author\":{\"name\":\"Roberto\",\"@id\":\"https:\\\/\\\/regiaonews.net.br\\\/2022\\\/#\\\/schema\\\/person\\\/2d205a608a5aa97ac279d7a5e6d89ad8\"},\"headline\":\"Secretaria Municipal de Sa\u00fade alerta popula\u00e7\u00e3o sobre protocolo de testagem para dengue\",\"datePublished\":\"2024-02-07T21:18:33+00:00\",\"mainEntityOfPage\":{\"@id\":\"https:\\\/\\\/regiaonews.net.br\\\/2022\\\/2024\\\/02\\\/07\\\/secretaria-municipal-de-saude-alerta-populacao-sobre-protocolo-de-testagem-para-dengue\\\/\"},\"wordCount\":469,\"commentCount\":0,\"publisher\":{\"@id\":\"https:\\\/\\\/regiaonews.net.br\\\/2022\\\/#organization\"},\"image\":{\"@id\":\"https:\\\/\\\/regiaonews.net.br\\\/2022\\\/2024\\\/02\\\/07\\\/secretaria-municipal-de-saude-alerta-populacao-sobre-protocolo-de-testagem-para-dengue\\\/#primaryimage\"},\"thumbnailUrl\":\"https:\\\/\\\/regiaonews.net.br\\\/2022\\\/wp-content\\\/uploads\\\/2024\\\/02\\\/WhatsApp-Image-2024-02-07-at-16.27.24.jpeg\",\"articleSection\":[\"Barretos\",\"Cidades\"],\"inLanguage\":\"pt-BR\",\"potentialAction\":[{\"@type\":\"CommentAction\",\"name\":\"Comment\",\"target\":[\"https:\\\/\\\/regiaonews.net.br\\\/2022\\\/2024\\\/02\\\/07\\\/secretaria-municipal-de-saude-alerta-populacao-sobre-protocolo-de-testagem-para-dengue\\\/#respond\"]}]},{\"@type\":\"WebPage\",\"@id\":\"https:\\\/\\\/regiaonews.net.br\\\/2022\\\/2024\\\/02\\\/07\\\/secretaria-municipal-de-saude-alerta-populacao-sobre-protocolo-de-testagem-para-dengue\\\/\",\"url\":\"https:\\\/\\\/regiaonews.net.br\\\/2022\\\/2024\\\/02\\\/07\\\/secretaria-municipal-de-saude-alerta-populacao-sobre-protocolo-de-testagem-para-dengue\\\/\",\"name\":\"Secretaria Municipal de Sa\u00fade alerta popula\u00e7\u00e3o sobre protocolo de testagem para dengue - Regi\u00e3o News\",\"isPartOf\":{\"@id\":\"https:\\\/\\\/regiaonews.net.br\\\/2022\\\/#website\"},\"primaryImageOfPage\":{\"@id\":\"https:\\\/\\\/regiaonews.net.br\\\/2022\\\/2024\\\/02\\\/07\\\/secretaria-municipal-de-saude-alerta-populacao-sobre-protocolo-de-testagem-para-dengue\\\/#primaryimage\"},\"image\":{\"@id\":\"https:\\\/\\\/regiaonews.net.br\\\/2022\\\/2024\\\/02\\\/07\\\/secretaria-municipal-de-saude-alerta-populacao-sobre-protocolo-de-testagem-para-dengue\\\/#primaryimage\"},\"thumbnailUrl\":\"https:\\\/\\\/regiaonews.net.br\\\/2022\\\/wp-content\\\/uploads\\\/2024\\\/02\\\/WhatsApp-Image-2024-02-07-at-16.27.24.jpeg\",\"datePublished\":\"2024-02-07T21:18:33+00:00\",\"breadcrumb\":{\"@id\":\"https:\\\/\\\/regiaonews.net.br\\\/2022\\\/2024\\\/02\\\/07\\\/secretaria-municipal-de-saude-alerta-populacao-sobre-protocolo-de-testagem-para-dengue\\\/#breadcrumb\"},\"inLanguage\":\"pt-BR\",\"potentialAction\":[{\"@type\":\"ReadAction\",\"target\":[\"https:\\\/\\\/regiaonews.net.br\\\/2022\\\/2024\\\/02\\\/07\\\/secretaria-municipal-de-saude-alerta-populacao-sobre-protocolo-de-testagem-para-dengue\\\/\"]}]},{\"@type\":\"ImageObject\",\"inLanguage\":\"pt-BR\",\"@id\":\"https:\\\/\\\/regiaonews.net.br\\\/2022\\\/2024\\\/02\\\/07\\\/secretaria-municipal-de-saude-alerta-populacao-sobre-protocolo-de-testagem-para-dengue\\\/#primaryimage\",\"url\":\"https:\\\/\\\/regiaonews.net.br\\\/2022\\\/wp-content\\\/uploads\\\/2024\\\/02\\\/WhatsApp-Image-2024-02-07-at-16.27.24.jpeg\",\"contentUrl\":\"https:\\\/\\\/regiaonews.net.br\\\/2022\\\/wp-content\\\/uploads\\\/2024\\\/02\\\/WhatsApp-Image-2024-02-07-at-16.27.24.jpeg\",\"width\":1600,\"height\":1028},{\"@type\":\"BreadcrumbList\",\"@id\":\"https:\\\/\\\/regiaonews.net.br\\\/2022\\\/2024\\\/02\\\/07\\\/secretaria-municipal-de-saude-alerta-populacao-sobre-protocolo-de-testagem-para-dengue\\\/#breadcrumb\",\"itemListElement\":[{\"@type\":\"ListItem\",\"position\":1,\"name\":\"In\u00edcio\",\"item\":\"https:\\\/\\\/regiaonews.net.br\\\/2022\\\/\"},{\"@type\":\"ListItem\",\"position\":2,\"name\":\"Secretaria Municipal de Sa\u00fade alerta popula\u00e7\u00e3o sobre protocolo de testagem para dengue\"}]},{\"@type\":\"WebSite\",\"@id\":\"https:\\\/\\\/regiaonews.net.br\\\/2022\\\/#website\",\"url\":\"https:\\\/\\\/regiaonews.net.br\\\/2022\\\/\",\"name\":\"Regi\u00e3o News\",\"description\":\"Site de Not\u00edcias de Barretos e regi\u00e3o\",\"publisher\":{\"@id\":\"https:\\\/\\\/regiaonews.net.br\\\/2022\\\/#organization\"},\"potentialAction\":[{\"@type\":\"SearchAction\",\"target\":{\"@type\":\"EntryPoint\",\"urlTemplate\":\"https:\\\/\\\/regiaonews.net.br\\\/2022\\\/?s={search_term_string}\"},\"query-input\":{\"@type\":\"PropertyValueSpecification\",\"valueRequired\":true,\"valueName\":\"search_term_string\"}}],\"inLanguage\":\"pt-BR\"},{\"@type\":\"Organization\",\"@id\":\"https:\\\/\\\/regiaonews.net.br\\\/2022\\\/#organization\",\"name\":\"Regi\u00e3o News\",\"url\":\"https:\\\/\\\/regiaonews.net.br\\\/2022\\\/\",\"logo\":{\"@type\":\"ImageObject\",\"inLanguage\":\"pt-BR\",\"@id\":\"https:\\\/\\\/regiaonews.net.br\\\/2022\\\/#\\\/schema\\\/logo\\\/image\\\/\",\"url\":\"https:\\\/\\\/regiaonews.net.br\\\/2022\\\/wp-content\\\/uploads\\\/2026\\\/03\\\/regiao-13-anos-scaled.jpg\",\"contentUrl\":\"https:\\\/\\\/regiaonews.net.br\\\/2022\\\/wp-content\\\/uploads\\\/2026\\\/03\\\/regiao-13-anos-scaled.jpg\",\"width\":2560,\"height\":635,\"caption\":\"Regi\u00e3o News\"},\"image\":{\"@id\":\"https:\\\/\\\/regiaonews.net.br\\\/2022\\\/#\\\/schema\\\/logo\\\/image\\\/\"}},{\"@type\":\"Person\",\"@id\":\"https:\\\/\\\/regiaonews.net.br\\\/2022\\\/#\\\/schema\\\/person\\\/2d205a608a5aa97ac279d7a5e6d89ad8\",\"name\":\"Roberto\",\"image\":{\"@type\":\"ImageObject\",\"inLanguage\":\"pt-BR\",\"@id\":\"https:\\\/\\\/secure.gravatar.com\\\/avatar\\\/42749d8b712ff9d59ca93dc150494e5b55a44134482993f5baeb97e61b7ecc89?s=96&d=mm&r=g\",\"url\":\"https:\\\/\\\/secure.gravatar.com\\\/avatar\\\/42749d8b712ff9d59ca93dc150494e5b55a44134482993f5baeb97e61b7ecc89?s=96&d=mm&r=g\",\"contentUrl\":\"https:\\\/\\\/secure.gravatar.com\\\/avatar\\\/42749d8b712ff9d59ca93dc150494e5b55a44134482993f5baeb97e61b7ecc89?s=96&d=mm&r=g\",\"caption\":\"Roberto\"},\"url\":\"https:\\\/\\\/regiaonews.net.br\\\/2022\\\/author\\\/roberto\\\/\"}]}<\/script>\n<!-- \/ Yoast SEO plugin. -->","yoast_head_json":{"title":"Secretaria Municipal de Sa\u00fade alerta popula\u00e7\u00e3o sobre protocolo de testagem para dengue - Regi\u00e3o News","robots":{"index":"index","follow":"follow","max-snippet":"max-snippet:-1","max-image-preview":"max-image-preview:large","max-video-preview":"max-video-preview:-1"},"canonical":"https:\/\/regiaonews.net.br\/2022\/2024\/02\/07\/secretaria-municipal-de-saude-alerta-populacao-sobre-protocolo-de-testagem-para-dengue\/","og_locale":"pt_BR","og_type":"article","og_title":"Secretaria Municipal de Sa\u00fade alerta popula\u00e7\u00e3o sobre protocolo de testagem para dengue - Regi\u00e3o News","og_description":"&nbsp; Exame deve ser feito a partir do sexto dia","og_url":"https:\/\/regiaonews.net.br\/2022\/2024\/02\/07\/secretaria-municipal-de-saude-alerta-populacao-sobre-protocolo-de-testagem-para-dengue\/","og_site_name":"Regi\u00e3o News","article_published_time":"2024-02-07T21:18:33+00:00","og_image":[{"width":1600,"height":1028,"url":"https:\/\/regiaonews.net.br\/2022\/wp-content\/uploads\/2024\/02\/WhatsApp-Image-2024-02-07-at-16.27.24.jpeg","type":"image\/jpeg"}],"author":"Roberto","twitter_card":"summary_large_image","twitter_misc":{"Escrito por":"Roberto","Est. tempo de leitura":"3 minutos"},"schema":{"@context":"https:\/\/schema.org","@graph":[{"@type":"Article","@id":"https:\/\/regiaonews.net.br\/2022\/2024\/02\/07\/secretaria-municipal-de-saude-alerta-populacao-sobre-protocolo-de-testagem-para-dengue\/#article","isPartOf":{"@id":"https:\/\/regiaonews.net.br\/2022\/2024\/02\/07\/secretaria-municipal-de-saude-alerta-populacao-sobre-protocolo-de-testagem-para-dengue\/"},"author":{"name":"Roberto","@id":"https:\/\/regiaonews.net.br\/2022\/#\/schema\/person\/2d205a608a5aa97ac279d7a5e6d89ad8"},"headline":"Secretaria Municipal de Sa\u00fade alerta popula\u00e7\u00e3o sobre protocolo de testagem para dengue","datePublished":"2024-02-07T21:18:33+00:00","mainEntityOfPage":{"@id":"https:\/\/regiaonews.net.br\/2022\/2024\/02\/07\/secretaria-municipal-de-saude-alerta-populacao-sobre-protocolo-de-testagem-para-dengue\/"},"wordCount":469,"commentCount":0,"publisher":{"@id":"https:\/\/regiaonews.net.br\/2022\/#organization"},"image":{"@id":"https:\/\/regiaonews.net.br\/2022\/2024\/02\/07\/secretaria-municipal-de-saude-alerta-populacao-sobre-protocolo-de-testagem-para-dengue\/#primaryimage"},"thumbnailUrl":"https:\/\/regiaonews.net.br\/2022\/wp-content\/uploads\/2024\/02\/WhatsApp-Image-2024-02-07-at-16.27.24.jpeg","articleSection":["Barretos","Cidades"],"inLanguage":"pt-BR","potentialAction":[{"@type":"CommentAction","name":"Comment","target":["https:\/\/regiaonews.net.br\/2022\/2024\/02\/07\/secretaria-municipal-de-saude-alerta-populacao-sobre-protocolo-de-testagem-para-dengue\/#respond"]}]},{"@type":"WebPage","@id":"https:\/\/regiaonews.net.br\/2022\/2024\/02\/07\/secretaria-municipal-de-saude-alerta-populacao-sobre-protocolo-de-testagem-para-dengue\/","url":"https:\/\/regiaonews.net.br\/2022\/2024\/02\/07\/secretaria-municipal-de-saude-alerta-populacao-sobre-protocolo-de-testagem-para-dengue\/","name":"Secretaria Municipal de Sa\u00fade alerta popula\u00e7\u00e3o sobre protocolo de testagem para dengue - Regi\u00e3o News","isPartOf":{"@id":"https:\/\/regiaonews.net.br\/2022\/#website"},"primaryImageOfPage":{"@id":"https:\/\/regiaonews.net.br\/2022\/2024\/02\/07\/secretaria-municipal-de-saude-alerta-populacao-sobre-protocolo-de-testagem-para-dengue\/#primaryimage"},"image":{"@id":"https:\/\/regiaonews.net.br\/2022\/2024\/02\/07\/secretaria-municipal-de-saude-alerta-populacao-sobre-protocolo-de-testagem-para-dengue\/#primaryimage"},"thumbnailUrl":"https:\/\/regiaonews.net.br\/2022\/wp-content\/uploads\/2024\/02\/WhatsApp-Image-2024-02-07-at-16.27.24.jpeg","datePublished":"2024-02-07T21:18:33+00:00","breadcrumb":{"@id":"https:\/\/regiaonews.net.br\/2022\/2024\/02\/07\/secretaria-municipal-de-saude-alerta-populacao-sobre-protocolo-de-testagem-para-dengue\/#breadcrumb"},"inLanguage":"pt-BR","potentialAction":[{"@type":"ReadAction","target":["https:\/\/regiaonews.net.br\/2022\/2024\/02\/07\/secretaria-municipal-de-saude-alerta-populacao-sobre-protocolo-de-testagem-para-dengue\/"]}]},{"@type":"ImageObject","inLanguage":"pt-BR","@id":"https:\/\/regiaonews.net.br\/2022\/2024\/02\/07\/secretaria-municipal-de-saude-alerta-populacao-sobre-protocolo-de-testagem-para-dengue\/#primaryimage","url":"https:\/\/regiaonews.net.br\/2022\/wp-content\/uploads\/2024\/02\/WhatsApp-Image-2024-02-07-at-16.27.24.jpeg","contentUrl":"https:\/\/regiaonews.net.br\/2022\/wp-content\/uploads\/2024\/02\/WhatsApp-Image-2024-02-07-at-16.27.24.jpeg","width":1600,"height":1028},{"@type":"BreadcrumbList","@id":"https:\/\/regiaonews.net.br\/2022\/2024\/02\/07\/secretaria-municipal-de-saude-alerta-populacao-sobre-protocolo-de-testagem-para-dengue\/#breadcrumb","itemListElement":[{"@type":"ListItem","position":1,"name":"In\u00edcio","item":"https:\/\/regiaonews.net.br\/2022\/"},{"@type":"ListItem","position":2,"name":"Secretaria Municipal de Sa\u00fade alerta popula\u00e7\u00e3o sobre protocolo de testagem para dengue"}]},{"@type":"WebSite","@id":"https:\/\/regiaonews.net.br\/2022\/#website","url":"https:\/\/regiaonews.net.br\/2022\/","name":"Regi\u00e3o News","description":"Site de Not\u00edcias de Barretos e regi\u00e3o","publisher":{"@id":"https:\/\/regiaonews.net.br\/2022\/#organization"},"potentialAction":[{"@type":"SearchAction","target":{"@type":"EntryPoint","urlTemplate":"https:\/\/regiaonews.net.br\/2022\/?s={search_term_string}"},"query-input":{"@type":"PropertyValueSpecification","valueRequired":true,"valueName":"search_term_string"}}],"inLanguage":"pt-BR"},{"@type":"Organization","@id":"https:\/\/regiaonews.net.br\/2022\/#organization","name":"Regi\u00e3o News","url":"https:\/\/regiaonews.net.br\/2022\/","logo":{"@type":"ImageObject","inLanguage":"pt-BR","@id":"https:\/\/regiaonews.net.br\/2022\/#\/schema\/logo\/image\/","url":"https:\/\/regiaonews.net.br\/2022\/wp-content\/uploads\/2026\/03\/regiao-13-anos-scaled.jpg","contentUrl":"https:\/\/regiaonews.net.br\/2022\/wp-content\/uploads\/2026\/03\/regiao-13-anos-scaled.jpg","width":2560,"height":635,"caption":"Regi\u00e3o News"},"image":{"@id":"https:\/\/regiaonews.net.br\/2022\/#\/schema\/logo\/image\/"}},{"@type":"Person","@id":"https:\/\/regiaonews.net.br\/2022\/#\/schema\/person\/2d205a608a5aa97ac279d7a5e6d89ad8","name":"Roberto","image":{"@type":"ImageObject","inLanguage":"pt-BR","@id":"https:\/\/secure.gravatar.com\/avatar\/42749d8b712ff9d59ca93dc150494e5b55a44134482993f5baeb97e61b7ecc89?s=96&d=mm&r=g","url":"https:\/\/secure.gravatar.com\/avatar\/42749d8b712ff9d59ca93dc150494e5b55a44134482993f5baeb97e61b7ecc89?s=96&d=mm&r=g","contentUrl":"https:\/\/secure.gravatar.com\/avatar\/42749d8b712ff9d59ca93dc150494e5b55a44134482993f5baeb97e61b7ecc89?s=96&d=mm&r=g","caption":"Roberto"},"url":"https:\/\/regiaonews.net.br\/2022\/author\/roberto\/"}]}},"publishpress_future_action":{"enabled":false,"date":"2026-05-04 01:55:56","action":"change-status","newStatus":"draft","terms":[],"taxonomy":"category","extraData":[]},"publishpress_future_workflow_manual_trigger":{"enabledWorkflows":[]},"_links":{"self":[{"href":"https:\/\/regiaonews.net.br\/2022\/wp-json\/wp\/v2\/posts\/101010","targetHints":{"allow":["GET"]}}],"collection":[{"href":"https:\/\/regiaonews.net.br\/2022\/wp-json\/wp\/v2\/posts"}],"about":[{"href":"https:\/\/regiaonews.net.br\/2022\/wp-json\/wp\/v2\/types\/post"}],"author":[{"embeddable":true,"href":"https:\/\/regiaonews.net.br\/2022\/wp-json\/wp\/v2\/users\/2"}],"replies":[{"embeddable":true,"href":"https:\/\/regiaonews.net.br\/2022\/wp-json\/wp\/v2\/comments?post=101010"}],"version-history":[{"count":1,"href":"https:\/\/regiaonews.net.br\/2022\/wp-json\/wp\/v2\/posts\/101010\/revisions"}],"predecessor-version":[{"id":101012,"href":"https:\/\/regiaonews.net.br\/2022\/wp-json\/wp\/v2\/posts\/101010\/revisions\/101012"}],"wp:featuredmedia":[{"embeddable":true,"href":"https:\/\/regiaonews.net.br\/2022\/wp-json\/wp\/v2\/media\/101011"}],"wp:attachment":[{"href":"https:\/\/regiaonews.net.br\/2022\/wp-json\/wp\/v2\/media?parent=101010"}],"wp:term":[{"taxonomy":"category","embeddable":true,"href":"https:\/\/regiaonews.net.br\/2022\/wp-json\/wp\/v2\/categories?post=101010"},{"taxonomy":"post_tag","embeddable":true,"href":"https:\/\/regiaonews.net.br\/2022\/wp-json\/wp\/v2\/tags?post=101010"}],"curies":[{"name":"wp","href":"https:\/\/api.w.org\/{rel}","templated":true}]}}