{"id":101001,"date":"2024-02-07T17:02:03","date_gmt":"2024-02-07T20:02:03","guid":{"rendered":"https:\/\/regiaonews.net.br\/2022\/?p=101001"},"modified":"2024-02-07T17:02:03","modified_gmt":"2024-02-07T20:02:03","slug":"prefeitura-envia-a-camara-projeto-de-lei-que-autoriza-repasse-de-complemento-do-piso-aos-profissionais-da-enfermagem","status":"publish","type":"post","link":"https:\/\/regiaonews.net.br\/2022\/2024\/02\/07\/prefeitura-envia-a-camara-projeto-de-lei-que-autoriza-repasse-de-complemento-do-piso-aos-profissionais-da-enfermagem\/","title":{"rendered":"Prefeitura envia \u00e0 C\u00e2mara Projeto de Lei que autoriza repasse de complemento do piso aos profissionais da enfermagem"},"content":{"rendered":"<h3 style=\"text-align: center;\">Recursos s\u00e3o referentes aos meses de dezembro de 2023 e janeiro de 2024 e ser\u00e3o destinados aos profissionais da Santa Casa, UPA, UBSs, Rede Municipal de Sa\u00fade e APAE<\/h3>\n<p>A Prefeitura da Est\u00e2ncia Tur\u00edstica de Barretos enviou nesta quarta-feira, 7 de fevereiro, \u00e0 C\u00e2mara Municipal o Projeto de Lei 42\/2024 que autoriza o Executivo a abrir cr\u00e9dito adicional especial no valor de R$1.015.938,46 para o cumprimento do piso salarial nacional de enfermeiros, t\u00e9cnicos de enfermagem e auxiliares de enfermagem.<\/p>\n<p>De acordo com o PL 42\/2024, o cr\u00e9dito ser\u00e1 coberto com recursos provenientes das Portarias GM\/MS n.\u00ba 2.634, de 21 de dezembro de 2023 e GM\/MS n.\u00ba 3.113, de 22 de janeiro de 2024, do Minist\u00e9rio da Sa\u00fade, que disp\u00f5em sobre os valores referentes \u00e0s parcelas de dezembro de 2023 e janeiro de 2024, relativos ao repasse da assist\u00eancia financeira complementar da Uni\u00e3o.<\/p>\n<p>O projeto ser\u00e1 discutido e votado na sess\u00e3o da C\u00e2mara dos Vereadores de amanh\u00e3 (dia 8) e, ap\u00f3s sua aprova\u00e7\u00e3o, a Prefeitura seguir\u00e1 com os tr\u00e2mites para repasse \u00e0 Santa Casa e APAE, que t\u00eam conv\u00eanio com o munic\u00edpio, bem como \u00e0 Funda\u00e7\u00e3o Pio XII, referente \u00e0 gest\u00e3o da Unidade de Pronto Atendimento (UPA) e cinco Unidades B\u00e1sicas de Sa\u00fade, nos termos da Lei Federal. Os profissionais da Rede Municipal de Sa\u00fade que est\u00e3o na rela\u00e7\u00e3o federal tamb\u00e9m ser\u00e3o contemplados.<\/p>\n<p>Reda\u00e7\u00e3o: Assessoria de Imprensa<\/p>\n","protected":false},"excerpt":{"rendered":"<p>Recursos s\u00e3o referentes aos meses de dezembro de 2023 e<\/p>\n","protected":false},"author":2,"featured_media":101002,"comment_status":"open","ping_status":"open","sticky":false,"template":"","format":"standard","meta":{"footnotes":""},"categories":[14,3],"tags":[],"class_list":["post-101001","post","type-post","status-publish","format-standard","has-post-thumbnail","hentry","category-barretos","category-geral"],"yoast_head":"<!-- This site is optimized with the Yoast SEO plugin v27.4 - https:\/\/yoast.com\/product\/yoast-seo-wordpress\/ -->\n<title>Prefeitura envia \u00e0 C\u00e2mara Projeto de Lei que autoriza repasse de complemento do piso aos profissionais da enfermagem - Regi\u00e3o News<\/title>\n<meta name=\"robots\" content=\"index, follow, max-snippet:-1, max-image-preview:large, max-video-preview:-1\" \/>\n<link rel=\"canonical\" href=\"https:\/\/regiaonews.net.br\/2022\/2024\/02\/07\/prefeitura-envia-a-camara-projeto-de-lei-que-autoriza-repasse-de-complemento-do-piso-aos-profissionais-da-enfermagem\/\" \/>\n<meta property=\"og:locale\" content=\"pt_BR\" \/>\n<meta property=\"og:type\" content=\"article\" \/>\n<meta property=\"og:title\" content=\"Prefeitura envia \u00e0 C\u00e2mara Projeto de Lei que autoriza repasse de complemento do piso aos profissionais da enfermagem - Regi\u00e3o News\" \/>\n<meta property=\"og:description\" content=\"Recursos s\u00e3o referentes aos meses de dezembro de 2023 e\" \/>\n<meta property=\"og:url\" content=\"https:\/\/regiaonews.net.br\/2022\/2024\/02\/07\/prefeitura-envia-a-camara-projeto-de-lei-que-autoriza-repasse-de-complemento-do-piso-aos-profissionais-da-enfermagem\/\" \/>\n<meta property=\"og:site_name\" content=\"Regi\u00e3o News\" \/>\n<meta property=\"article:published_time\" content=\"2024-02-07T20:02:03+00:00\" \/>\n<meta property=\"og:image\" content=\"https:\/\/regiaonews.net.br\/2022\/wp-content\/uploads\/2024\/02\/Imagem-do-WhatsApp-de-2024-02-07-as-14.09.55_b9bef112.jpg\" \/>\n\t<meta property=\"og:image:width\" content=\"1024\" \/>\n\t<meta property=\"og:image:height\" content=\"679\" \/>\n\t<meta property=\"og:image:type\" content=\"image\/jpeg\" \/>\n<meta name=\"author\" content=\"Roberto\" \/>\n<meta name=\"twitter:card\" content=\"summary_large_image\" \/>\n<meta name=\"twitter:label1\" content=\"Escrito por\" \/>\n\t<meta name=\"twitter:data1\" content=\"Roberto\" \/>\n\t<meta name=\"twitter:label2\" content=\"Est. tempo de leitura\" \/>\n\t<meta name=\"twitter:data2\" content=\"2 minutos\" \/>\n<script type=\"application\/ld+json\" class=\"yoast-schema-graph\">{\"@context\":\"https:\\\/\\\/schema.org\",\"@graph\":[{\"@type\":\"Article\",\"@id\":\"https:\\\/\\\/regiaonews.net.br\\\/2022\\\/2024\\\/02\\\/07\\\/prefeitura-envia-a-camara-projeto-de-lei-que-autoriza-repasse-de-complemento-do-piso-aos-profissionais-da-enfermagem\\\/#article\",\"isPartOf\":{\"@id\":\"https:\\\/\\\/regiaonews.net.br\\\/2022\\\/2024\\\/02\\\/07\\\/prefeitura-envia-a-camara-projeto-de-lei-que-autoriza-repasse-de-complemento-do-piso-aos-profissionais-da-enfermagem\\\/\"},\"author\":{\"name\":\"Roberto\",\"@id\":\"https:\\\/\\\/regiaonews.net.br\\\/2022\\\/#\\\/schema\\\/person\\\/2d205a608a5aa97ac279d7a5e6d89ad8\"},\"headline\":\"Prefeitura envia \u00e0 C\u00e2mara Projeto de Lei que autoriza repasse de complemento do piso aos profissionais da enfermagem\",\"datePublished\":\"2024-02-07T20:02:03+00:00\",\"mainEntityOfPage\":{\"@id\":\"https:\\\/\\\/regiaonews.net.br\\\/2022\\\/2024\\\/02\\\/07\\\/prefeitura-envia-a-camara-projeto-de-lei-que-autoriza-repasse-de-complemento-do-piso-aos-profissionais-da-enfermagem\\\/\"},\"wordCount\":260,\"commentCount\":0,\"publisher\":{\"@id\":\"https:\\\/\\\/regiaonews.net.br\\\/2022\\\/#organization\"},\"image\":{\"@id\":\"https:\\\/\\\/regiaonews.net.br\\\/2022\\\/2024\\\/02\\\/07\\\/prefeitura-envia-a-camara-projeto-de-lei-que-autoriza-repasse-de-complemento-do-piso-aos-profissionais-da-enfermagem\\\/#primaryimage\"},\"thumbnailUrl\":\"https:\\\/\\\/regiaonews.net.br\\\/2022\\\/wp-content\\\/uploads\\\/2024\\\/02\\\/Imagem-do-WhatsApp-de-2024-02-07-as-14.09.55_b9bef112.jpg\",\"articleSection\":[\"Barretos\",\"Geral\"],\"inLanguage\":\"pt-BR\",\"potentialAction\":[{\"@type\":\"CommentAction\",\"name\":\"Comment\",\"target\":[\"https:\\\/\\\/regiaonews.net.br\\\/2022\\\/2024\\\/02\\\/07\\\/prefeitura-envia-a-camara-projeto-de-lei-que-autoriza-repasse-de-complemento-do-piso-aos-profissionais-da-enfermagem\\\/#respond\"]}]},{\"@type\":\"WebPage\",\"@id\":\"https:\\\/\\\/regiaonews.net.br\\\/2022\\\/2024\\\/02\\\/07\\\/prefeitura-envia-a-camara-projeto-de-lei-que-autoriza-repasse-de-complemento-do-piso-aos-profissionais-da-enfermagem\\\/\",\"url\":\"https:\\\/\\\/regiaonews.net.br\\\/2022\\\/2024\\\/02\\\/07\\\/prefeitura-envia-a-camara-projeto-de-lei-que-autoriza-repasse-de-complemento-do-piso-aos-profissionais-da-enfermagem\\\/\",\"name\":\"Prefeitura envia \u00e0 C\u00e2mara Projeto de Lei que autoriza repasse de complemento do piso aos profissionais da enfermagem - Regi\u00e3o News\",\"isPartOf\":{\"@id\":\"https:\\\/\\\/regiaonews.net.br\\\/2022\\\/#website\"},\"primaryImageOfPage\":{\"@id\":\"https:\\\/\\\/regiaonews.net.br\\\/2022\\\/2024\\\/02\\\/07\\\/prefeitura-envia-a-camara-projeto-de-lei-que-autoriza-repasse-de-complemento-do-piso-aos-profissionais-da-enfermagem\\\/#primaryimage\"},\"image\":{\"@id\":\"https:\\\/\\\/regiaonews.net.br\\\/2022\\\/2024\\\/02\\\/07\\\/prefeitura-envia-a-camara-projeto-de-lei-que-autoriza-repasse-de-complemento-do-piso-aos-profissionais-da-enfermagem\\\/#primaryimage\"},\"thumbnailUrl\":\"https:\\\/\\\/regiaonews.net.br\\\/2022\\\/wp-content\\\/uploads\\\/2024\\\/02\\\/Imagem-do-WhatsApp-de-2024-02-07-as-14.09.55_b9bef112.jpg\",\"datePublished\":\"2024-02-07T20:02:03+00:00\",\"breadcrumb\":{\"@id\":\"https:\\\/\\\/regiaonews.net.br\\\/2022\\\/2024\\\/02\\\/07\\\/prefeitura-envia-a-camara-projeto-de-lei-que-autoriza-repasse-de-complemento-do-piso-aos-profissionais-da-enfermagem\\\/#breadcrumb\"},\"inLanguage\":\"pt-BR\",\"potentialAction\":[{\"@type\":\"ReadAction\",\"target\":[\"https:\\\/\\\/regiaonews.net.br\\\/2022\\\/2024\\\/02\\\/07\\\/prefeitura-envia-a-camara-projeto-de-lei-que-autoriza-repasse-de-complemento-do-piso-aos-profissionais-da-enfermagem\\\/\"]}]},{\"@type\":\"ImageObject\",\"inLanguage\":\"pt-BR\",\"@id\":\"https:\\\/\\\/regiaonews.net.br\\\/2022\\\/2024\\\/02\\\/07\\\/prefeitura-envia-a-camara-projeto-de-lei-que-autoriza-repasse-de-complemento-do-piso-aos-profissionais-da-enfermagem\\\/#primaryimage\",\"url\":\"https:\\\/\\\/regiaonews.net.br\\\/2022\\\/wp-content\\\/uploads\\\/2024\\\/02\\\/Imagem-do-WhatsApp-de-2024-02-07-as-14.09.55_b9bef112.jpg\",\"contentUrl\":\"https:\\\/\\\/regiaonews.net.br\\\/2022\\\/wp-content\\\/uploads\\\/2024\\\/02\\\/Imagem-do-WhatsApp-de-2024-02-07-as-14.09.55_b9bef112.jpg\",\"width\":1024,\"height\":679},{\"@type\":\"BreadcrumbList\",\"@id\":\"https:\\\/\\\/regiaonews.net.br\\\/2022\\\/2024\\\/02\\\/07\\\/prefeitura-envia-a-camara-projeto-de-lei-que-autoriza-repasse-de-complemento-do-piso-aos-profissionais-da-enfermagem\\\/#breadcrumb\",\"itemListElement\":[{\"@type\":\"ListItem\",\"position\":1,\"name\":\"In\u00edcio\",\"item\":\"https:\\\/\\\/regiaonews.net.br\\\/2022\\\/\"},{\"@type\":\"ListItem\",\"position\":2,\"name\":\"Prefeitura envia \u00e0 C\u00e2mara Projeto de Lei que autoriza repasse de complemento do piso aos profissionais da enfermagem\"}]},{\"@type\":\"WebSite\",\"@id\":\"https:\\\/\\\/regiaonews.net.br\\\/2022\\\/#website\",\"url\":\"https:\\\/\\\/regiaonews.net.br\\\/2022\\\/\",\"name\":\"Regi\u00e3o News\",\"description\":\"Site de Not\u00edcias de Barretos e regi\u00e3o\",\"publisher\":{\"@id\":\"https:\\\/\\\/regiaonews.net.br\\\/2022\\\/#organization\"},\"potentialAction\":[{\"@type\":\"SearchAction\",\"target\":{\"@type\":\"EntryPoint\",\"urlTemplate\":\"https:\\\/\\\/regiaonews.net.br\\\/2022\\\/?s={search_term_string}\"},\"query-input\":{\"@type\":\"PropertyValueSpecification\",\"valueRequired\":true,\"valueName\":\"search_term_string\"}}],\"inLanguage\":\"pt-BR\"},{\"@type\":\"Organization\",\"@id\":\"https:\\\/\\\/regiaonews.net.br\\\/2022\\\/#organization\",\"name\":\"Regi\u00e3o News\",\"url\":\"https:\\\/\\\/regiaonews.net.br\\\/2022\\\/\",\"logo\":{\"@type\":\"ImageObject\",\"inLanguage\":\"pt-BR\",\"@id\":\"https:\\\/\\\/regiaonews.net.br\\\/2022\\\/#\\\/schema\\\/logo\\\/image\\\/\",\"url\":\"https:\\\/\\\/regiaonews.net.br\\\/2022\\\/wp-content\\\/uploads\\\/2026\\\/03\\\/regiao-13-anos-scaled.jpg\",\"contentUrl\":\"https:\\\/\\\/regiaonews.net.br\\\/2022\\\/wp-content\\\/uploads\\\/2026\\\/03\\\/regiao-13-anos-scaled.jpg\",\"width\":2560,\"height\":635,\"caption\":\"Regi\u00e3o News\"},\"image\":{\"@id\":\"https:\\\/\\\/regiaonews.net.br\\\/2022\\\/#\\\/schema\\\/logo\\\/image\\\/\"}},{\"@type\":\"Person\",\"@id\":\"https:\\\/\\\/regiaonews.net.br\\\/2022\\\/#\\\/schema\\\/person\\\/2d205a608a5aa97ac279d7a5e6d89ad8\",\"name\":\"Roberto\",\"image\":{\"@type\":\"ImageObject\",\"inLanguage\":\"pt-BR\",\"@id\":\"https:\\\/\\\/secure.gravatar.com\\\/avatar\\\/42749d8b712ff9d59ca93dc150494e5b55a44134482993f5baeb97e61b7ecc89?s=96&d=mm&r=g\",\"url\":\"https:\\\/\\\/secure.gravatar.com\\\/avatar\\\/42749d8b712ff9d59ca93dc150494e5b55a44134482993f5baeb97e61b7ecc89?s=96&d=mm&r=g\",\"contentUrl\":\"https:\\\/\\\/secure.gravatar.com\\\/avatar\\\/42749d8b712ff9d59ca93dc150494e5b55a44134482993f5baeb97e61b7ecc89?s=96&d=mm&r=g\",\"caption\":\"Roberto\"},\"url\":\"https:\\\/\\\/regiaonews.net.br\\\/2022\\\/author\\\/roberto\\\/\"}]}<\/script>\n<!-- \/ Yoast SEO plugin. -->","yoast_head_json":{"title":"Prefeitura envia \u00e0 C\u00e2mara Projeto de Lei que autoriza repasse de complemento do piso aos profissionais da enfermagem - Regi\u00e3o News","robots":{"index":"index","follow":"follow","max-snippet":"max-snippet:-1","max-image-preview":"max-image-preview:large","max-video-preview":"max-video-preview:-1"},"canonical":"https:\/\/regiaonews.net.br\/2022\/2024\/02\/07\/prefeitura-envia-a-camara-projeto-de-lei-que-autoriza-repasse-de-complemento-do-piso-aos-profissionais-da-enfermagem\/","og_locale":"pt_BR","og_type":"article","og_title":"Prefeitura envia \u00e0 C\u00e2mara Projeto de Lei que autoriza repasse de complemento do piso aos profissionais da enfermagem - Regi\u00e3o News","og_description":"Recursos s\u00e3o referentes aos meses de dezembro de 2023 e","og_url":"https:\/\/regiaonews.net.br\/2022\/2024\/02\/07\/prefeitura-envia-a-camara-projeto-de-lei-que-autoriza-repasse-de-complemento-do-piso-aos-profissionais-da-enfermagem\/","og_site_name":"Regi\u00e3o News","article_published_time":"2024-02-07T20:02:03+00:00","og_image":[{"width":1024,"height":679,"url":"https:\/\/regiaonews.net.br\/2022\/wp-content\/uploads\/2024\/02\/Imagem-do-WhatsApp-de-2024-02-07-as-14.09.55_b9bef112.jpg","type":"image\/jpeg"}],"author":"Roberto","twitter_card":"summary_large_image","twitter_misc":{"Escrito por":"Roberto","Est. tempo de leitura":"2 minutos"},"schema":{"@context":"https:\/\/schema.org","@graph":[{"@type":"Article","@id":"https:\/\/regiaonews.net.br\/2022\/2024\/02\/07\/prefeitura-envia-a-camara-projeto-de-lei-que-autoriza-repasse-de-complemento-do-piso-aos-profissionais-da-enfermagem\/#article","isPartOf":{"@id":"https:\/\/regiaonews.net.br\/2022\/2024\/02\/07\/prefeitura-envia-a-camara-projeto-de-lei-que-autoriza-repasse-de-complemento-do-piso-aos-profissionais-da-enfermagem\/"},"author":{"name":"Roberto","@id":"https:\/\/regiaonews.net.br\/2022\/#\/schema\/person\/2d205a608a5aa97ac279d7a5e6d89ad8"},"headline":"Prefeitura envia \u00e0 C\u00e2mara Projeto de Lei que autoriza repasse de complemento do piso aos profissionais da enfermagem","datePublished":"2024-02-07T20:02:03+00:00","mainEntityOfPage":{"@id":"https:\/\/regiaonews.net.br\/2022\/2024\/02\/07\/prefeitura-envia-a-camara-projeto-de-lei-que-autoriza-repasse-de-complemento-do-piso-aos-profissionais-da-enfermagem\/"},"wordCount":260,"commentCount":0,"publisher":{"@id":"https:\/\/regiaonews.net.br\/2022\/#organization"},"image":{"@id":"https:\/\/regiaonews.net.br\/2022\/2024\/02\/07\/prefeitura-envia-a-camara-projeto-de-lei-que-autoriza-repasse-de-complemento-do-piso-aos-profissionais-da-enfermagem\/#primaryimage"},"thumbnailUrl":"https:\/\/regiaonews.net.br\/2022\/wp-content\/uploads\/2024\/02\/Imagem-do-WhatsApp-de-2024-02-07-as-14.09.55_b9bef112.jpg","articleSection":["Barretos","Geral"],"inLanguage":"pt-BR","potentialAction":[{"@type":"CommentAction","name":"Comment","target":["https:\/\/regiaonews.net.br\/2022\/2024\/02\/07\/prefeitura-envia-a-camara-projeto-de-lei-que-autoriza-repasse-de-complemento-do-piso-aos-profissionais-da-enfermagem\/#respond"]}]},{"@type":"WebPage","@id":"https:\/\/regiaonews.net.br\/2022\/2024\/02\/07\/prefeitura-envia-a-camara-projeto-de-lei-que-autoriza-repasse-de-complemento-do-piso-aos-profissionais-da-enfermagem\/","url":"https:\/\/regiaonews.net.br\/2022\/2024\/02\/07\/prefeitura-envia-a-camara-projeto-de-lei-que-autoriza-repasse-de-complemento-do-piso-aos-profissionais-da-enfermagem\/","name":"Prefeitura envia \u00e0 C\u00e2mara Projeto de Lei que autoriza repasse de complemento do piso aos profissionais da enfermagem - Regi\u00e3o News","isPartOf":{"@id":"https:\/\/regiaonews.net.br\/2022\/#website"},"primaryImageOfPage":{"@id":"https:\/\/regiaonews.net.br\/2022\/2024\/02\/07\/prefeitura-envia-a-camara-projeto-de-lei-que-autoriza-repasse-de-complemento-do-piso-aos-profissionais-da-enfermagem\/#primaryimage"},"image":{"@id":"https:\/\/regiaonews.net.br\/2022\/2024\/02\/07\/prefeitura-envia-a-camara-projeto-de-lei-que-autoriza-repasse-de-complemento-do-piso-aos-profissionais-da-enfermagem\/#primaryimage"},"thumbnailUrl":"https:\/\/regiaonews.net.br\/2022\/wp-content\/uploads\/2024\/02\/Imagem-do-WhatsApp-de-2024-02-07-as-14.09.55_b9bef112.jpg","datePublished":"2024-02-07T20:02:03+00:00","breadcrumb":{"@id":"https:\/\/regiaonews.net.br\/2022\/2024\/02\/07\/prefeitura-envia-a-camara-projeto-de-lei-que-autoriza-repasse-de-complemento-do-piso-aos-profissionais-da-enfermagem\/#breadcrumb"},"inLanguage":"pt-BR","potentialAction":[{"@type":"ReadAction","target":["https:\/\/regiaonews.net.br\/2022\/2024\/02\/07\/prefeitura-envia-a-camara-projeto-de-lei-que-autoriza-repasse-de-complemento-do-piso-aos-profissionais-da-enfermagem\/"]}]},{"@type":"ImageObject","inLanguage":"pt-BR","@id":"https:\/\/regiaonews.net.br\/2022\/2024\/02\/07\/prefeitura-envia-a-camara-projeto-de-lei-que-autoriza-repasse-de-complemento-do-piso-aos-profissionais-da-enfermagem\/#primaryimage","url":"https:\/\/regiaonews.net.br\/2022\/wp-content\/uploads\/2024\/02\/Imagem-do-WhatsApp-de-2024-02-07-as-14.09.55_b9bef112.jpg","contentUrl":"https:\/\/regiaonews.net.br\/2022\/wp-content\/uploads\/2024\/02\/Imagem-do-WhatsApp-de-2024-02-07-as-14.09.55_b9bef112.jpg","width":1024,"height":679},{"@type":"BreadcrumbList","@id":"https:\/\/regiaonews.net.br\/2022\/2024\/02\/07\/prefeitura-envia-a-camara-projeto-de-lei-que-autoriza-repasse-de-complemento-do-piso-aos-profissionais-da-enfermagem\/#breadcrumb","itemListElement":[{"@type":"ListItem","position":1,"name":"In\u00edcio","item":"https:\/\/regiaonews.net.br\/2022\/"},{"@type":"ListItem","position":2,"name":"Prefeitura envia \u00e0 C\u00e2mara Projeto de Lei que autoriza repasse de complemento do piso aos profissionais da enfermagem"}]},{"@type":"WebSite","@id":"https:\/\/regiaonews.net.br\/2022\/#website","url":"https:\/\/regiaonews.net.br\/2022\/","name":"Regi\u00e3o News","description":"Site de Not\u00edcias de Barretos e regi\u00e3o","publisher":{"@id":"https:\/\/regiaonews.net.br\/2022\/#organization"},"potentialAction":[{"@type":"SearchAction","target":{"@type":"EntryPoint","urlTemplate":"https:\/\/regiaonews.net.br\/2022\/?s={search_term_string}"},"query-input":{"@type":"PropertyValueSpecification","valueRequired":true,"valueName":"search_term_string"}}],"inLanguage":"pt-BR"},{"@type":"Organization","@id":"https:\/\/regiaonews.net.br\/2022\/#organization","name":"Regi\u00e3o News","url":"https:\/\/regiaonews.net.br\/2022\/","logo":{"@type":"ImageObject","inLanguage":"pt-BR","@id":"https:\/\/regiaonews.net.br\/2022\/#\/schema\/logo\/image\/","url":"https:\/\/regiaonews.net.br\/2022\/wp-content\/uploads\/2026\/03\/regiao-13-anos-scaled.jpg","contentUrl":"https:\/\/regiaonews.net.br\/2022\/wp-content\/uploads\/2026\/03\/regiao-13-anos-scaled.jpg","width":2560,"height":635,"caption":"Regi\u00e3o News"},"image":{"@id":"https:\/\/regiaonews.net.br\/2022\/#\/schema\/logo\/image\/"}},{"@type":"Person","@id":"https:\/\/regiaonews.net.br\/2022\/#\/schema\/person\/2d205a608a5aa97ac279d7a5e6d89ad8","name":"Roberto","image":{"@type":"ImageObject","inLanguage":"pt-BR","@id":"https:\/\/secure.gravatar.com\/avatar\/42749d8b712ff9d59ca93dc150494e5b55a44134482993f5baeb97e61b7ecc89?s=96&d=mm&r=g","url":"https:\/\/secure.gravatar.com\/avatar\/42749d8b712ff9d59ca93dc150494e5b55a44134482993f5baeb97e61b7ecc89?s=96&d=mm&r=g","contentUrl":"https:\/\/secure.gravatar.com\/avatar\/42749d8b712ff9d59ca93dc150494e5b55a44134482993f5baeb97e61b7ecc89?s=96&d=mm&r=g","caption":"Roberto"},"url":"https:\/\/regiaonews.net.br\/2022\/author\/roberto\/"}]}},"publishpress_future_action":{"enabled":false,"date":"2026-05-04 00:20:24","action":"change-status","newStatus":"draft","terms":[],"taxonomy":"category","extraData":[]},"publishpress_future_workflow_manual_trigger":{"enabledWorkflows":[]},"_links":{"self":[{"href":"https:\/\/regiaonews.net.br\/2022\/wp-json\/wp\/v2\/posts\/101001","targetHints":{"allow":["GET"]}}],"collection":[{"href":"https:\/\/regiaonews.net.br\/2022\/wp-json\/wp\/v2\/posts"}],"about":[{"href":"https:\/\/regiaonews.net.br\/2022\/wp-json\/wp\/v2\/types\/post"}],"author":[{"embeddable":true,"href":"https:\/\/regiaonews.net.br\/2022\/wp-json\/wp\/v2\/users\/2"}],"replies":[{"embeddable":true,"href":"https:\/\/regiaonews.net.br\/2022\/wp-json\/wp\/v2\/comments?post=101001"}],"version-history":[{"count":1,"href":"https:\/\/regiaonews.net.br\/2022\/wp-json\/wp\/v2\/posts\/101001\/revisions"}],"predecessor-version":[{"id":101003,"href":"https:\/\/regiaonews.net.br\/2022\/wp-json\/wp\/v2\/posts\/101001\/revisions\/101003"}],"wp:featuredmedia":[{"embeddable":true,"href":"https:\/\/regiaonews.net.br\/2022\/wp-json\/wp\/v2\/media\/101002"}],"wp:attachment":[{"href":"https:\/\/regiaonews.net.br\/2022\/wp-json\/wp\/v2\/media?parent=101001"}],"wp:term":[{"taxonomy":"category","embeddable":true,"href":"https:\/\/regiaonews.net.br\/2022\/wp-json\/wp\/v2\/categories?post=101001"},{"taxonomy":"post_tag","embeddable":true,"href":"https:\/\/regiaonews.net.br\/2022\/wp-json\/wp\/v2\/tags?post=101001"}],"curies":[{"name":"wp","href":"https:\/\/api.w.org\/{rel}","templated":true}]}}