{"id":100993,"date":"2024-02-07T14:00:16","date_gmt":"2024-02-07T17:00:16","guid":{"rendered":"https:\/\/regiaonews.net.br\/2022\/?p=100993"},"modified":"2024-02-07T14:00:16","modified_gmt":"2024-02-07T17:00:16","slug":"batalhao-prepara-operacao-carnaval-em-toda-a-regiao","status":"publish","type":"post","link":"https:\/\/regiaonews.net.br\/2022\/2024\/02\/07\/batalhao-prepara-operacao-carnaval-em-toda-a-regiao\/","title":{"rendered":"Batalh\u00e3o prepara Opera\u00e7\u00e3o Carnaval em toda a regi\u00e3o"},"content":{"rendered":"<p>O 33\u00ba Batalh\u00e3o da Pol\u00edcia Militar de Barretos informou que ter\u00e1 esquema de seguran\u00e7a no carnaval em 17 dos 19 munic\u00edpios que integram a \u00e1rea operacional da unidade militar. De acordo com o Major Alessandro Righetti, coordenador operacional do Batalh\u00e3o, a Opera\u00e7\u00e3o Carnaval \u00e9 uma das grandes opera\u00e7\u00f5es da Pol\u00edcia Militar e todo o efetivo ser\u00e1 empregado, entre eles, o efetivo administrativo, al\u00e9m do apoio do BAEP atrav\u00e9s da Cavalaria e Canil. \u201cS\u00e3o 17 cidades com eventos e cada localidade trabalha com o turno de servi\u00e7o do policial e ap\u00f3s ocorre o refor\u00e7o com policiais de folga, em parceria com as prefeituras, trabalhamos sempre para o bem estar do cidad\u00e3o e do foli\u00e3o\u201d, explicou o Major Righetti.<br \/>\nO militar orientou a popula\u00e7\u00e3o que for curtir o carnaval em toda a regi\u00e3o, para evitar principalmente de abusos de bebidas alc\u00f3olicas, evitando o uso de bebidas em garrafas de vidro e cooler que ir\u00e3o ser barrados na revista, al\u00e9m de opera\u00e7\u00f5es pontuais do baf\u00f4metro. \u201cSer\u00e3o opera\u00e7\u00f5es que estar\u00e3o inseridas no nosso policiamento, com opera\u00e7\u00f5es pontuais, que contribuem para salvar vidas\u201d, orientou o comandante.<br \/>\nNa regi\u00e3o, as cidades de Ol\u00edmpia e Guaraci, dever\u00e3o receber um grande p\u00fablico devido a programa\u00e7\u00e3o de carnaval, mas o efetivo tamb\u00e9m estar\u00e1 atento aos eventos em Barretos, Bebedouro e Gua\u00edra que s\u00e3o cidades de maior porte. \u201cA Pol\u00edcia Militar estar\u00e1 empenhada de forma massiva e a disposi\u00e7\u00e3o da popula\u00e7\u00e3o. Se precisar em caso de alguma intercorr\u00eancia, procure o policial militar ou disque 190 que estaremos a disposi\u00e7\u00e3o\u201d, finalizou\u00a0Righetti.<\/p>\n","protected":false},"excerpt":{"rendered":"<p>O 33\u00ba Batalh\u00e3o da Pol\u00edcia Militar de Barretos informou que<\/p>\n","protected":false},"author":2,"featured_media":8287,"comment_status":"open","ping_status":"open","sticky":false,"template":"","format":"standard","meta":{"footnotes":""},"categories":[14,23],"tags":[],"class_list":["post-100993","post","type-post","status-publish","format-standard","has-post-thumbnail","hentry","category-barretos","category-policia"],"yoast_head":"<!-- This site is optimized with the Yoast SEO plugin v27.4 - https:\/\/yoast.com\/product\/yoast-seo-wordpress\/ -->\n<title>Batalh\u00e3o prepara Opera\u00e7\u00e3o Carnaval em toda a regi\u00e3o - Regi\u00e3o News<\/title>\n<meta name=\"robots\" content=\"index, follow, max-snippet:-1, max-image-preview:large, max-video-preview:-1\" \/>\n<link rel=\"canonical\" href=\"https:\/\/regiaonews.net.br\/2022\/2024\/02\/07\/batalhao-prepara-operacao-carnaval-em-toda-a-regiao\/\" \/>\n<meta property=\"og:locale\" content=\"pt_BR\" \/>\n<meta property=\"og:type\" content=\"article\" \/>\n<meta property=\"og:title\" content=\"Batalh\u00e3o prepara Opera\u00e7\u00e3o Carnaval em toda a regi\u00e3o - Regi\u00e3o News\" \/>\n<meta property=\"og:description\" content=\"O 33\u00ba Batalh\u00e3o da Pol\u00edcia Militar de Barretos informou que\" \/>\n<meta property=\"og:url\" content=\"https:\/\/regiaonews.net.br\/2022\/2024\/02\/07\/batalhao-prepara-operacao-carnaval-em-toda-a-regiao\/\" \/>\n<meta property=\"og:site_name\" content=\"Regi\u00e3o News\" \/>\n<meta property=\"article:published_time\" content=\"2024-02-07T17:00:16+00:00\" \/>\n<meta property=\"og:image\" content=\"https:\/\/regiaonews.net.br\/2022\/wp-content\/uploads\/2017\/10\/Batalh\u00e3o-Barretos.jpg\" \/>\n\t<meta property=\"og:image:width\" content=\"2209\" \/>\n\t<meta property=\"og:image:height\" content=\"1467\" \/>\n\t<meta property=\"og:image:type\" content=\"image\/jpeg\" \/>\n<meta name=\"author\" content=\"Roberto\" \/>\n<meta name=\"twitter:card\" content=\"summary_large_image\" \/>\n<meta name=\"twitter:label1\" content=\"Escrito por\" \/>\n\t<meta name=\"twitter:data1\" content=\"Roberto\" \/>\n\t<meta name=\"twitter:label2\" content=\"Est. tempo de leitura\" \/>\n\t<meta name=\"twitter:data2\" content=\"2 minutos\" \/>\n<script type=\"application\/ld+json\" class=\"yoast-schema-graph\">{\"@context\":\"https:\\\/\\\/schema.org\",\"@graph\":[{\"@type\":\"Article\",\"@id\":\"https:\\\/\\\/regiaonews.net.br\\\/2022\\\/2024\\\/02\\\/07\\\/batalhao-prepara-operacao-carnaval-em-toda-a-regiao\\\/#article\",\"isPartOf\":{\"@id\":\"https:\\\/\\\/regiaonews.net.br\\\/2022\\\/2024\\\/02\\\/07\\\/batalhao-prepara-operacao-carnaval-em-toda-a-regiao\\\/\"},\"author\":{\"name\":\"Roberto\",\"@id\":\"https:\\\/\\\/regiaonews.net.br\\\/2022\\\/#\\\/schema\\\/person\\\/2d205a608a5aa97ac279d7a5e6d89ad8\"},\"headline\":\"Batalh\u00e3o prepara Opera\u00e7\u00e3o Carnaval em toda a regi\u00e3o\",\"datePublished\":\"2024-02-07T17:00:16+00:00\",\"mainEntityOfPage\":{\"@id\":\"https:\\\/\\\/regiaonews.net.br\\\/2022\\\/2024\\\/02\\\/07\\\/batalhao-prepara-operacao-carnaval-em-toda-a-regiao\\\/\"},\"wordCount\":296,\"commentCount\":0,\"publisher\":{\"@id\":\"https:\\\/\\\/regiaonews.net.br\\\/2022\\\/#organization\"},\"image\":{\"@id\":\"https:\\\/\\\/regiaonews.net.br\\\/2022\\\/2024\\\/02\\\/07\\\/batalhao-prepara-operacao-carnaval-em-toda-a-regiao\\\/#primaryimage\"},\"thumbnailUrl\":\"https:\\\/\\\/regiaonews.net.br\\\/2022\\\/wp-content\\\/uploads\\\/2017\\\/10\\\/Batalh\u00e3o-Barretos.jpg\",\"articleSection\":[\"Barretos\",\"Policia\"],\"inLanguage\":\"pt-BR\",\"potentialAction\":[{\"@type\":\"CommentAction\",\"name\":\"Comment\",\"target\":[\"https:\\\/\\\/regiaonews.net.br\\\/2022\\\/2024\\\/02\\\/07\\\/batalhao-prepara-operacao-carnaval-em-toda-a-regiao\\\/#respond\"]}]},{\"@type\":\"WebPage\",\"@id\":\"https:\\\/\\\/regiaonews.net.br\\\/2022\\\/2024\\\/02\\\/07\\\/batalhao-prepara-operacao-carnaval-em-toda-a-regiao\\\/\",\"url\":\"https:\\\/\\\/regiaonews.net.br\\\/2022\\\/2024\\\/02\\\/07\\\/batalhao-prepara-operacao-carnaval-em-toda-a-regiao\\\/\",\"name\":\"Batalh\u00e3o prepara Opera\u00e7\u00e3o Carnaval em toda a regi\u00e3o - Regi\u00e3o News\",\"isPartOf\":{\"@id\":\"https:\\\/\\\/regiaonews.net.br\\\/2022\\\/#website\"},\"primaryImageOfPage\":{\"@id\":\"https:\\\/\\\/regiaonews.net.br\\\/2022\\\/2024\\\/02\\\/07\\\/batalhao-prepara-operacao-carnaval-em-toda-a-regiao\\\/#primaryimage\"},\"image\":{\"@id\":\"https:\\\/\\\/regiaonews.net.br\\\/2022\\\/2024\\\/02\\\/07\\\/batalhao-prepara-operacao-carnaval-em-toda-a-regiao\\\/#primaryimage\"},\"thumbnailUrl\":\"https:\\\/\\\/regiaonews.net.br\\\/2022\\\/wp-content\\\/uploads\\\/2017\\\/10\\\/Batalh\u00e3o-Barretos.jpg\",\"datePublished\":\"2024-02-07T17:00:16+00:00\",\"breadcrumb\":{\"@id\":\"https:\\\/\\\/regiaonews.net.br\\\/2022\\\/2024\\\/02\\\/07\\\/batalhao-prepara-operacao-carnaval-em-toda-a-regiao\\\/#breadcrumb\"},\"inLanguage\":\"pt-BR\",\"potentialAction\":[{\"@type\":\"ReadAction\",\"target\":[\"https:\\\/\\\/regiaonews.net.br\\\/2022\\\/2024\\\/02\\\/07\\\/batalhao-prepara-operacao-carnaval-em-toda-a-regiao\\\/\"]}]},{\"@type\":\"ImageObject\",\"inLanguage\":\"pt-BR\",\"@id\":\"https:\\\/\\\/regiaonews.net.br\\\/2022\\\/2024\\\/02\\\/07\\\/batalhao-prepara-operacao-carnaval-em-toda-a-regiao\\\/#primaryimage\",\"url\":\"https:\\\/\\\/regiaonews.net.br\\\/2022\\\/wp-content\\\/uploads\\\/2017\\\/10\\\/Batalh\u00e3o-Barretos.jpg\",\"contentUrl\":\"https:\\\/\\\/regiaonews.net.br\\\/2022\\\/wp-content\\\/uploads\\\/2017\\\/10\\\/Batalh\u00e3o-Barretos.jpg\",\"width\":2209,\"height\":1467},{\"@type\":\"BreadcrumbList\",\"@id\":\"https:\\\/\\\/regiaonews.net.br\\\/2022\\\/2024\\\/02\\\/07\\\/batalhao-prepara-operacao-carnaval-em-toda-a-regiao\\\/#breadcrumb\",\"itemListElement\":[{\"@type\":\"ListItem\",\"position\":1,\"name\":\"In\u00edcio\",\"item\":\"https:\\\/\\\/regiaonews.net.br\\\/2022\\\/\"},{\"@type\":\"ListItem\",\"position\":2,\"name\":\"Batalh\u00e3o prepara Opera\u00e7\u00e3o Carnaval em toda a regi\u00e3o\"}]},{\"@type\":\"WebSite\",\"@id\":\"https:\\\/\\\/regiaonews.net.br\\\/2022\\\/#website\",\"url\":\"https:\\\/\\\/regiaonews.net.br\\\/2022\\\/\",\"name\":\"Regi\u00e3o News\",\"description\":\"Site de Not\u00edcias de Barretos e regi\u00e3o\",\"publisher\":{\"@id\":\"https:\\\/\\\/regiaonews.net.br\\\/2022\\\/#organization\"},\"potentialAction\":[{\"@type\":\"SearchAction\",\"target\":{\"@type\":\"EntryPoint\",\"urlTemplate\":\"https:\\\/\\\/regiaonews.net.br\\\/2022\\\/?s={search_term_string}\"},\"query-input\":{\"@type\":\"PropertyValueSpecification\",\"valueRequired\":true,\"valueName\":\"search_term_string\"}}],\"inLanguage\":\"pt-BR\"},{\"@type\":\"Organization\",\"@id\":\"https:\\\/\\\/regiaonews.net.br\\\/2022\\\/#organization\",\"name\":\"Regi\u00e3o News\",\"url\":\"https:\\\/\\\/regiaonews.net.br\\\/2022\\\/\",\"logo\":{\"@type\":\"ImageObject\",\"inLanguage\":\"pt-BR\",\"@id\":\"https:\\\/\\\/regiaonews.net.br\\\/2022\\\/#\\\/schema\\\/logo\\\/image\\\/\",\"url\":\"https:\\\/\\\/regiaonews.net.br\\\/2022\\\/wp-content\\\/uploads\\\/2026\\\/03\\\/regiao-13-anos-scaled.jpg\",\"contentUrl\":\"https:\\\/\\\/regiaonews.net.br\\\/2022\\\/wp-content\\\/uploads\\\/2026\\\/03\\\/regiao-13-anos-scaled.jpg\",\"width\":2560,\"height\":635,\"caption\":\"Regi\u00e3o News\"},\"image\":{\"@id\":\"https:\\\/\\\/regiaonews.net.br\\\/2022\\\/#\\\/schema\\\/logo\\\/image\\\/\"}},{\"@type\":\"Person\",\"@id\":\"https:\\\/\\\/regiaonews.net.br\\\/2022\\\/#\\\/schema\\\/person\\\/2d205a608a5aa97ac279d7a5e6d89ad8\",\"name\":\"Roberto\",\"image\":{\"@type\":\"ImageObject\",\"inLanguage\":\"pt-BR\",\"@id\":\"https:\\\/\\\/secure.gravatar.com\\\/avatar\\\/42749d8b712ff9d59ca93dc150494e5b55a44134482993f5baeb97e61b7ecc89?s=96&d=mm&r=g\",\"url\":\"https:\\\/\\\/secure.gravatar.com\\\/avatar\\\/42749d8b712ff9d59ca93dc150494e5b55a44134482993f5baeb97e61b7ecc89?s=96&d=mm&r=g\",\"contentUrl\":\"https:\\\/\\\/secure.gravatar.com\\\/avatar\\\/42749d8b712ff9d59ca93dc150494e5b55a44134482993f5baeb97e61b7ecc89?s=96&d=mm&r=g\",\"caption\":\"Roberto\"},\"url\":\"https:\\\/\\\/regiaonews.net.br\\\/2022\\\/author\\\/roberto\\\/\"}]}<\/script>\n<!-- \/ Yoast SEO plugin. -->","yoast_head_json":{"title":"Batalh\u00e3o prepara Opera\u00e7\u00e3o Carnaval em toda a regi\u00e3o - Regi\u00e3o News","robots":{"index":"index","follow":"follow","max-snippet":"max-snippet:-1","max-image-preview":"max-image-preview:large","max-video-preview":"max-video-preview:-1"},"canonical":"https:\/\/regiaonews.net.br\/2022\/2024\/02\/07\/batalhao-prepara-operacao-carnaval-em-toda-a-regiao\/","og_locale":"pt_BR","og_type":"article","og_title":"Batalh\u00e3o prepara Opera\u00e7\u00e3o Carnaval em toda a regi\u00e3o - Regi\u00e3o News","og_description":"O 33\u00ba Batalh\u00e3o da Pol\u00edcia Militar de Barretos informou que","og_url":"https:\/\/regiaonews.net.br\/2022\/2024\/02\/07\/batalhao-prepara-operacao-carnaval-em-toda-a-regiao\/","og_site_name":"Regi\u00e3o News","article_published_time":"2024-02-07T17:00:16+00:00","og_image":[{"width":2209,"height":1467,"url":"https:\/\/regiaonews.net.br\/2022\/wp-content\/uploads\/2017\/10\/Batalh\u00e3o-Barretos.jpg","type":"image\/jpeg"}],"author":"Roberto","twitter_card":"summary_large_image","twitter_misc":{"Escrito por":"Roberto","Est. tempo de leitura":"2 minutos"},"schema":{"@context":"https:\/\/schema.org","@graph":[{"@type":"Article","@id":"https:\/\/regiaonews.net.br\/2022\/2024\/02\/07\/batalhao-prepara-operacao-carnaval-em-toda-a-regiao\/#article","isPartOf":{"@id":"https:\/\/regiaonews.net.br\/2022\/2024\/02\/07\/batalhao-prepara-operacao-carnaval-em-toda-a-regiao\/"},"author":{"name":"Roberto","@id":"https:\/\/regiaonews.net.br\/2022\/#\/schema\/person\/2d205a608a5aa97ac279d7a5e6d89ad8"},"headline":"Batalh\u00e3o prepara Opera\u00e7\u00e3o Carnaval em toda a regi\u00e3o","datePublished":"2024-02-07T17:00:16+00:00","mainEntityOfPage":{"@id":"https:\/\/regiaonews.net.br\/2022\/2024\/02\/07\/batalhao-prepara-operacao-carnaval-em-toda-a-regiao\/"},"wordCount":296,"commentCount":0,"publisher":{"@id":"https:\/\/regiaonews.net.br\/2022\/#organization"},"image":{"@id":"https:\/\/regiaonews.net.br\/2022\/2024\/02\/07\/batalhao-prepara-operacao-carnaval-em-toda-a-regiao\/#primaryimage"},"thumbnailUrl":"https:\/\/regiaonews.net.br\/2022\/wp-content\/uploads\/2017\/10\/Batalh\u00e3o-Barretos.jpg","articleSection":["Barretos","Policia"],"inLanguage":"pt-BR","potentialAction":[{"@type":"CommentAction","name":"Comment","target":["https:\/\/regiaonews.net.br\/2022\/2024\/02\/07\/batalhao-prepara-operacao-carnaval-em-toda-a-regiao\/#respond"]}]},{"@type":"WebPage","@id":"https:\/\/regiaonews.net.br\/2022\/2024\/02\/07\/batalhao-prepara-operacao-carnaval-em-toda-a-regiao\/","url":"https:\/\/regiaonews.net.br\/2022\/2024\/02\/07\/batalhao-prepara-operacao-carnaval-em-toda-a-regiao\/","name":"Batalh\u00e3o prepara Opera\u00e7\u00e3o Carnaval em toda a regi\u00e3o - Regi\u00e3o News","isPartOf":{"@id":"https:\/\/regiaonews.net.br\/2022\/#website"},"primaryImageOfPage":{"@id":"https:\/\/regiaonews.net.br\/2022\/2024\/02\/07\/batalhao-prepara-operacao-carnaval-em-toda-a-regiao\/#primaryimage"},"image":{"@id":"https:\/\/regiaonews.net.br\/2022\/2024\/02\/07\/batalhao-prepara-operacao-carnaval-em-toda-a-regiao\/#primaryimage"},"thumbnailUrl":"https:\/\/regiaonews.net.br\/2022\/wp-content\/uploads\/2017\/10\/Batalh\u00e3o-Barretos.jpg","datePublished":"2024-02-07T17:00:16+00:00","breadcrumb":{"@id":"https:\/\/regiaonews.net.br\/2022\/2024\/02\/07\/batalhao-prepara-operacao-carnaval-em-toda-a-regiao\/#breadcrumb"},"inLanguage":"pt-BR","potentialAction":[{"@type":"ReadAction","target":["https:\/\/regiaonews.net.br\/2022\/2024\/02\/07\/batalhao-prepara-operacao-carnaval-em-toda-a-regiao\/"]}]},{"@type":"ImageObject","inLanguage":"pt-BR","@id":"https:\/\/regiaonews.net.br\/2022\/2024\/02\/07\/batalhao-prepara-operacao-carnaval-em-toda-a-regiao\/#primaryimage","url":"https:\/\/regiaonews.net.br\/2022\/wp-content\/uploads\/2017\/10\/Batalh\u00e3o-Barretos.jpg","contentUrl":"https:\/\/regiaonews.net.br\/2022\/wp-content\/uploads\/2017\/10\/Batalh\u00e3o-Barretos.jpg","width":2209,"height":1467},{"@type":"BreadcrumbList","@id":"https:\/\/regiaonews.net.br\/2022\/2024\/02\/07\/batalhao-prepara-operacao-carnaval-em-toda-a-regiao\/#breadcrumb","itemListElement":[{"@type":"ListItem","position":1,"name":"In\u00edcio","item":"https:\/\/regiaonews.net.br\/2022\/"},{"@type":"ListItem","position":2,"name":"Batalh\u00e3o prepara Opera\u00e7\u00e3o Carnaval em toda a regi\u00e3o"}]},{"@type":"WebSite","@id":"https:\/\/regiaonews.net.br\/2022\/#website","url":"https:\/\/regiaonews.net.br\/2022\/","name":"Regi\u00e3o News","description":"Site de Not\u00edcias de Barretos e regi\u00e3o","publisher":{"@id":"https:\/\/regiaonews.net.br\/2022\/#organization"},"potentialAction":[{"@type":"SearchAction","target":{"@type":"EntryPoint","urlTemplate":"https:\/\/regiaonews.net.br\/2022\/?s={search_term_string}"},"query-input":{"@type":"PropertyValueSpecification","valueRequired":true,"valueName":"search_term_string"}}],"inLanguage":"pt-BR"},{"@type":"Organization","@id":"https:\/\/regiaonews.net.br\/2022\/#organization","name":"Regi\u00e3o News","url":"https:\/\/regiaonews.net.br\/2022\/","logo":{"@type":"ImageObject","inLanguage":"pt-BR","@id":"https:\/\/regiaonews.net.br\/2022\/#\/schema\/logo\/image\/","url":"https:\/\/regiaonews.net.br\/2022\/wp-content\/uploads\/2026\/03\/regiao-13-anos-scaled.jpg","contentUrl":"https:\/\/regiaonews.net.br\/2022\/wp-content\/uploads\/2026\/03\/regiao-13-anos-scaled.jpg","width":2560,"height":635,"caption":"Regi\u00e3o News"},"image":{"@id":"https:\/\/regiaonews.net.br\/2022\/#\/schema\/logo\/image\/"}},{"@type":"Person","@id":"https:\/\/regiaonews.net.br\/2022\/#\/schema\/person\/2d205a608a5aa97ac279d7a5e6d89ad8","name":"Roberto","image":{"@type":"ImageObject","inLanguage":"pt-BR","@id":"https:\/\/secure.gravatar.com\/avatar\/42749d8b712ff9d59ca93dc150494e5b55a44134482993f5baeb97e61b7ecc89?s=96&d=mm&r=g","url":"https:\/\/secure.gravatar.com\/avatar\/42749d8b712ff9d59ca93dc150494e5b55a44134482993f5baeb97e61b7ecc89?s=96&d=mm&r=g","contentUrl":"https:\/\/secure.gravatar.com\/avatar\/42749d8b712ff9d59ca93dc150494e5b55a44134482993f5baeb97e61b7ecc89?s=96&d=mm&r=g","caption":"Roberto"},"url":"https:\/\/regiaonews.net.br\/2022\/author\/roberto\/"}]}},"publishpress_future_action":{"enabled":false,"date":"2026-05-03 22:39:54","action":"change-status","newStatus":"draft","terms":[],"taxonomy":"category","extraData":[]},"publishpress_future_workflow_manual_trigger":{"enabledWorkflows":[]},"_links":{"self":[{"href":"https:\/\/regiaonews.net.br\/2022\/wp-json\/wp\/v2\/posts\/100993","targetHints":{"allow":["GET"]}}],"collection":[{"href":"https:\/\/regiaonews.net.br\/2022\/wp-json\/wp\/v2\/posts"}],"about":[{"href":"https:\/\/regiaonews.net.br\/2022\/wp-json\/wp\/v2\/types\/post"}],"author":[{"embeddable":true,"href":"https:\/\/regiaonews.net.br\/2022\/wp-json\/wp\/v2\/users\/2"}],"replies":[{"embeddable":true,"href":"https:\/\/regiaonews.net.br\/2022\/wp-json\/wp\/v2\/comments?post=100993"}],"version-history":[{"count":1,"href":"https:\/\/regiaonews.net.br\/2022\/wp-json\/wp\/v2\/posts\/100993\/revisions"}],"predecessor-version":[{"id":100994,"href":"https:\/\/regiaonews.net.br\/2022\/wp-json\/wp\/v2\/posts\/100993\/revisions\/100994"}],"wp:featuredmedia":[{"embeddable":true,"href":"https:\/\/regiaonews.net.br\/2022\/wp-json\/wp\/v2\/media\/8287"}],"wp:attachment":[{"href":"https:\/\/regiaonews.net.br\/2022\/wp-json\/wp\/v2\/media?parent=100993"}],"wp:term":[{"taxonomy":"category","embeddable":true,"href":"https:\/\/regiaonews.net.br\/2022\/wp-json\/wp\/v2\/categories?post=100993"},{"taxonomy":"post_tag","embeddable":true,"href":"https:\/\/regiaonews.net.br\/2022\/wp-json\/wp\/v2\/tags?post=100993"}],"curies":[{"name":"wp","href":"https:\/\/api.w.org\/{rel}","templated":true}]}}