{"id":100988,"date":"2024-02-07T11:43:44","date_gmt":"2024-02-07T14:43:44","guid":{"rendered":"https:\/\/regiaonews.net.br\/2022\/?p=100988"},"modified":"2024-02-07T11:44:40","modified_gmt":"2024-02-07T14:44:40","slug":"ladroes-roubam-tratores-e-equipamentos-em-propriedade-rural-de-colombia","status":"publish","type":"post","link":"https:\/\/regiaonews.net.br\/2022\/2024\/02\/07\/ladroes-roubam-tratores-e-equipamentos-em-propriedade-rural-de-colombia\/","title":{"rendered":"Ladr\u00f5es roubam tratores e equipamentos em propriedade rural de Col\u00f4mbia"},"content":{"rendered":"<p>Um caso de roubo foi registrado na noite de ter\u00e7a (6), em uma propriedade rural de Col\u00f4mbia. Segundo informa\u00e7\u00f5es da v\u00edtima, os assaltantes anunciaram o assalto por volta das 19h e permaneceram na propriedade at\u00e9 por volta das 04h30 da madrugada de hoje (7), ap\u00f3s deixarem os funcion\u00e1rios mantidos ref\u00e9ns.\u00a0 Os assaltantes levaram da Fazenda Santa Helena de propriedade de Ivanilde Pinto Neto, os seguintes produtos: 1 trator Massey Fergunson 283, 1 trator Valtra BH 180 com adesivos da ISR Agr\u00edcola, al\u00e9m de 1 compressor, 1 m\u00e1quina de carregar bateria, 1 jogo de chaves, ferramentas, r\u00e1dios de comunica\u00e7\u00e3o, um aparelho de som\u00a0 e um ve\u00edculo Onix Preto, placa FLP 2030 que foi localizado posteriormente na Rodovia Brigadeiro Faria Lima.<\/p>\n<p>Quem tiver alguma informa\u00e7\u00e3o, entrar em contato com os telefones (17) 99102-9130,\u00a0 (17) 99151-3703 e (17) 3347-1288. A ocorr\u00eancia est\u00e1 sendo registrada na Delegacia de Col\u00f4mbia.<\/p>\n<p><a href=\"https:\/\/regiaonews.net.br\/2022\/wp-content\/uploads\/2024\/02\/WhatsApp-Image-2024-02-07-at-10.16.27.jpeg\"><img loading=\"lazy\" decoding=\"async\" class=\"alignnone size-medium wp-image-100990\" src=\"https:\/\/regiaonews.net.br\/2022\/wp-content\/uploads\/2024\/02\/WhatsApp-Image-2024-02-07-at-10.16.27-300x169.jpeg\" alt=\"\" width=\"300\" height=\"169\" srcset=\"https:\/\/regiaonews.net.br\/2022\/wp-content\/uploads\/2024\/02\/WhatsApp-Image-2024-02-07-at-10.16.27-300x169.jpeg 300w, https:\/\/regiaonews.net.br\/2022\/wp-content\/uploads\/2024\/02\/WhatsApp-Image-2024-02-07-at-10.16.27-1024x576.jpeg 1024w, https:\/\/regiaonews.net.br\/2022\/wp-content\/uploads\/2024\/02\/WhatsApp-Image-2024-02-07-at-10.16.27-768x432.jpeg 768w, https:\/\/regiaonews.net.br\/2022\/wp-content\/uploads\/2024\/02\/WhatsApp-Image-2024-02-07-at-10.16.27-250x141.jpeg 250w, https:\/\/regiaonews.net.br\/2022\/wp-content\/uploads\/2024\/02\/WhatsApp-Image-2024-02-07-at-10.16.27.jpeg 1280w\" sizes=\"auto, (max-width: 300px) 100vw, 300px\" \/><\/a><\/p>\n","protected":false},"excerpt":{"rendered":"<p>Um caso de roubo foi registrado na noite de ter\u00e7a<\/p>\n","protected":false},"author":2,"featured_media":100989,"comment_status":"open","ping_status":"open","sticky":false,"template":"","format":"standard","meta":{"footnotes":""},"categories":[6,23],"tags":[],"class_list":["post-100988","post","type-post","status-publish","format-standard","has-post-thumbnail","hentry","category-colombia","category-policia"],"yoast_head":"<!-- This site is optimized with the Yoast SEO plugin v27.4 - https:\/\/yoast.com\/product\/yoast-seo-wordpress\/ -->\n<title>Ladr\u00f5es roubam tratores e equipamentos em propriedade rural de Col\u00f4mbia - Regi\u00e3o News<\/title>\n<meta name=\"robots\" content=\"index, follow, max-snippet:-1, max-image-preview:large, max-video-preview:-1\" \/>\n<link rel=\"canonical\" href=\"https:\/\/regiaonews.net.br\/2022\/2024\/02\/07\/ladroes-roubam-tratores-e-equipamentos-em-propriedade-rural-de-colombia\/\" \/>\n<meta property=\"og:locale\" content=\"pt_BR\" \/>\n<meta property=\"og:type\" content=\"article\" \/>\n<meta property=\"og:title\" content=\"Ladr\u00f5es roubam tratores e equipamentos em propriedade rural de Col\u00f4mbia - Regi\u00e3o News\" \/>\n<meta property=\"og:description\" content=\"Um caso de roubo foi registrado na noite de ter\u00e7a\" \/>\n<meta property=\"og:url\" content=\"https:\/\/regiaonews.net.br\/2022\/2024\/02\/07\/ladroes-roubam-tratores-e-equipamentos-em-propriedade-rural-de-colombia\/\" \/>\n<meta property=\"og:site_name\" content=\"Regi\u00e3o News\" \/>\n<meta property=\"article:published_time\" content=\"2024-02-07T14:43:44+00:00\" \/>\n<meta property=\"article:modified_time\" content=\"2024-02-07T14:44:40+00:00\" \/>\n<meta property=\"og:image\" content=\"https:\/\/regiaonews.net.br\/2022\/wp-content\/uploads\/2024\/02\/WhatsApp-Image-2024-02-07-at-10.16.26.jpeg\" \/>\n\t<meta property=\"og:image:width\" content=\"1280\" \/>\n\t<meta property=\"og:image:height\" content=\"973\" \/>\n\t<meta property=\"og:image:type\" content=\"image\/jpeg\" \/>\n<meta name=\"author\" content=\"Roberto\" \/>\n<meta name=\"twitter:card\" content=\"summary_large_image\" \/>\n<meta name=\"twitter:label1\" content=\"Escrito por\" \/>\n\t<meta name=\"twitter:data1\" content=\"Roberto\" \/>\n\t<meta name=\"twitter:label2\" content=\"Est. tempo de leitura\" \/>\n\t<meta name=\"twitter:data2\" content=\"2 minutos\" \/>\n<script type=\"application\/ld+json\" class=\"yoast-schema-graph\">{\"@context\":\"https:\\\/\\\/schema.org\",\"@graph\":[{\"@type\":\"Article\",\"@id\":\"https:\\\/\\\/regiaonews.net.br\\\/2022\\\/2024\\\/02\\\/07\\\/ladroes-roubam-tratores-e-equipamentos-em-propriedade-rural-de-colombia\\\/#article\",\"isPartOf\":{\"@id\":\"https:\\\/\\\/regiaonews.net.br\\\/2022\\\/2024\\\/02\\\/07\\\/ladroes-roubam-tratores-e-equipamentos-em-propriedade-rural-de-colombia\\\/\"},\"author\":{\"name\":\"Roberto\",\"@id\":\"https:\\\/\\\/regiaonews.net.br\\\/2022\\\/#\\\/schema\\\/person\\\/2d205a608a5aa97ac279d7a5e6d89ad8\"},\"headline\":\"Ladr\u00f5es roubam tratores e equipamentos em propriedade rural de Col\u00f4mbia\",\"datePublished\":\"2024-02-07T14:43:44+00:00\",\"dateModified\":\"2024-02-07T14:44:40+00:00\",\"mainEntityOfPage\":{\"@id\":\"https:\\\/\\\/regiaonews.net.br\\\/2022\\\/2024\\\/02\\\/07\\\/ladroes-roubam-tratores-e-equipamentos-em-propriedade-rural-de-colombia\\\/\"},\"wordCount\":160,\"commentCount\":0,\"publisher\":{\"@id\":\"https:\\\/\\\/regiaonews.net.br\\\/2022\\\/#organization\"},\"image\":{\"@id\":\"https:\\\/\\\/regiaonews.net.br\\\/2022\\\/2024\\\/02\\\/07\\\/ladroes-roubam-tratores-e-equipamentos-em-propriedade-rural-de-colombia\\\/#primaryimage\"},\"thumbnailUrl\":\"https:\\\/\\\/regiaonews.net.br\\\/2022\\\/wp-content\\\/uploads\\\/2024\\\/02\\\/WhatsApp-Image-2024-02-07-at-10.16.26.jpeg\",\"articleSection\":[\"Col\u00f4mbia\",\"Policia\"],\"inLanguage\":\"pt-BR\",\"potentialAction\":[{\"@type\":\"CommentAction\",\"name\":\"Comment\",\"target\":[\"https:\\\/\\\/regiaonews.net.br\\\/2022\\\/2024\\\/02\\\/07\\\/ladroes-roubam-tratores-e-equipamentos-em-propriedade-rural-de-colombia\\\/#respond\"]}]},{\"@type\":\"WebPage\",\"@id\":\"https:\\\/\\\/regiaonews.net.br\\\/2022\\\/2024\\\/02\\\/07\\\/ladroes-roubam-tratores-e-equipamentos-em-propriedade-rural-de-colombia\\\/\",\"url\":\"https:\\\/\\\/regiaonews.net.br\\\/2022\\\/2024\\\/02\\\/07\\\/ladroes-roubam-tratores-e-equipamentos-em-propriedade-rural-de-colombia\\\/\",\"name\":\"Ladr\u00f5es roubam tratores e equipamentos em propriedade rural de Col\u00f4mbia - Regi\u00e3o News\",\"isPartOf\":{\"@id\":\"https:\\\/\\\/regiaonews.net.br\\\/2022\\\/#website\"},\"primaryImageOfPage\":{\"@id\":\"https:\\\/\\\/regiaonews.net.br\\\/2022\\\/2024\\\/02\\\/07\\\/ladroes-roubam-tratores-e-equipamentos-em-propriedade-rural-de-colombia\\\/#primaryimage\"},\"image\":{\"@id\":\"https:\\\/\\\/regiaonews.net.br\\\/2022\\\/2024\\\/02\\\/07\\\/ladroes-roubam-tratores-e-equipamentos-em-propriedade-rural-de-colombia\\\/#primaryimage\"},\"thumbnailUrl\":\"https:\\\/\\\/regiaonews.net.br\\\/2022\\\/wp-content\\\/uploads\\\/2024\\\/02\\\/WhatsApp-Image-2024-02-07-at-10.16.26.jpeg\",\"datePublished\":\"2024-02-07T14:43:44+00:00\",\"dateModified\":\"2024-02-07T14:44:40+00:00\",\"breadcrumb\":{\"@id\":\"https:\\\/\\\/regiaonews.net.br\\\/2022\\\/2024\\\/02\\\/07\\\/ladroes-roubam-tratores-e-equipamentos-em-propriedade-rural-de-colombia\\\/#breadcrumb\"},\"inLanguage\":\"pt-BR\",\"potentialAction\":[{\"@type\":\"ReadAction\",\"target\":[\"https:\\\/\\\/regiaonews.net.br\\\/2022\\\/2024\\\/02\\\/07\\\/ladroes-roubam-tratores-e-equipamentos-em-propriedade-rural-de-colombia\\\/\"]}]},{\"@type\":\"ImageObject\",\"inLanguage\":\"pt-BR\",\"@id\":\"https:\\\/\\\/regiaonews.net.br\\\/2022\\\/2024\\\/02\\\/07\\\/ladroes-roubam-tratores-e-equipamentos-em-propriedade-rural-de-colombia\\\/#primaryimage\",\"url\":\"https:\\\/\\\/regiaonews.net.br\\\/2022\\\/wp-content\\\/uploads\\\/2024\\\/02\\\/WhatsApp-Image-2024-02-07-at-10.16.26.jpeg\",\"contentUrl\":\"https:\\\/\\\/regiaonews.net.br\\\/2022\\\/wp-content\\\/uploads\\\/2024\\\/02\\\/WhatsApp-Image-2024-02-07-at-10.16.26.jpeg\",\"width\":1280,\"height\":973},{\"@type\":\"BreadcrumbList\",\"@id\":\"https:\\\/\\\/regiaonews.net.br\\\/2022\\\/2024\\\/02\\\/07\\\/ladroes-roubam-tratores-e-equipamentos-em-propriedade-rural-de-colombia\\\/#breadcrumb\",\"itemListElement\":[{\"@type\":\"ListItem\",\"position\":1,\"name\":\"In\u00edcio\",\"item\":\"https:\\\/\\\/regiaonews.net.br\\\/2022\\\/\"},{\"@type\":\"ListItem\",\"position\":2,\"name\":\"Ladr\u00f5es roubam tratores e equipamentos em propriedade rural de Col\u00f4mbia\"}]},{\"@type\":\"WebSite\",\"@id\":\"https:\\\/\\\/regiaonews.net.br\\\/2022\\\/#website\",\"url\":\"https:\\\/\\\/regiaonews.net.br\\\/2022\\\/\",\"name\":\"Regi\u00e3o News\",\"description\":\"Site de Not\u00edcias de Barretos e regi\u00e3o\",\"publisher\":{\"@id\":\"https:\\\/\\\/regiaonews.net.br\\\/2022\\\/#organization\"},\"potentialAction\":[{\"@type\":\"SearchAction\",\"target\":{\"@type\":\"EntryPoint\",\"urlTemplate\":\"https:\\\/\\\/regiaonews.net.br\\\/2022\\\/?s={search_term_string}\"},\"query-input\":{\"@type\":\"PropertyValueSpecification\",\"valueRequired\":true,\"valueName\":\"search_term_string\"}}],\"inLanguage\":\"pt-BR\"},{\"@type\":\"Organization\",\"@id\":\"https:\\\/\\\/regiaonews.net.br\\\/2022\\\/#organization\",\"name\":\"Regi\u00e3o News\",\"url\":\"https:\\\/\\\/regiaonews.net.br\\\/2022\\\/\",\"logo\":{\"@type\":\"ImageObject\",\"inLanguage\":\"pt-BR\",\"@id\":\"https:\\\/\\\/regiaonews.net.br\\\/2022\\\/#\\\/schema\\\/logo\\\/image\\\/\",\"url\":\"https:\\\/\\\/regiaonews.net.br\\\/2022\\\/wp-content\\\/uploads\\\/2026\\\/03\\\/regiao-13-anos-scaled.jpg\",\"contentUrl\":\"https:\\\/\\\/regiaonews.net.br\\\/2022\\\/wp-content\\\/uploads\\\/2026\\\/03\\\/regiao-13-anos-scaled.jpg\",\"width\":2560,\"height\":635,\"caption\":\"Regi\u00e3o News\"},\"image\":{\"@id\":\"https:\\\/\\\/regiaonews.net.br\\\/2022\\\/#\\\/schema\\\/logo\\\/image\\\/\"}},{\"@type\":\"Person\",\"@id\":\"https:\\\/\\\/regiaonews.net.br\\\/2022\\\/#\\\/schema\\\/person\\\/2d205a608a5aa97ac279d7a5e6d89ad8\",\"name\":\"Roberto\",\"image\":{\"@type\":\"ImageObject\",\"inLanguage\":\"pt-BR\",\"@id\":\"https:\\\/\\\/secure.gravatar.com\\\/avatar\\\/42749d8b712ff9d59ca93dc150494e5b55a44134482993f5baeb97e61b7ecc89?s=96&d=mm&r=g\",\"url\":\"https:\\\/\\\/secure.gravatar.com\\\/avatar\\\/42749d8b712ff9d59ca93dc150494e5b55a44134482993f5baeb97e61b7ecc89?s=96&d=mm&r=g\",\"contentUrl\":\"https:\\\/\\\/secure.gravatar.com\\\/avatar\\\/42749d8b712ff9d59ca93dc150494e5b55a44134482993f5baeb97e61b7ecc89?s=96&d=mm&r=g\",\"caption\":\"Roberto\"},\"url\":\"https:\\\/\\\/regiaonews.net.br\\\/2022\\\/author\\\/roberto\\\/\"}]}<\/script>\n<!-- \/ Yoast SEO plugin. -->","yoast_head_json":{"title":"Ladr\u00f5es roubam tratores e equipamentos em propriedade rural de Col\u00f4mbia - Regi\u00e3o News","robots":{"index":"index","follow":"follow","max-snippet":"max-snippet:-1","max-image-preview":"max-image-preview:large","max-video-preview":"max-video-preview:-1"},"canonical":"https:\/\/regiaonews.net.br\/2022\/2024\/02\/07\/ladroes-roubam-tratores-e-equipamentos-em-propriedade-rural-de-colombia\/","og_locale":"pt_BR","og_type":"article","og_title":"Ladr\u00f5es roubam tratores e equipamentos em propriedade rural de Col\u00f4mbia - Regi\u00e3o News","og_description":"Um caso de roubo foi registrado na noite de ter\u00e7a","og_url":"https:\/\/regiaonews.net.br\/2022\/2024\/02\/07\/ladroes-roubam-tratores-e-equipamentos-em-propriedade-rural-de-colombia\/","og_site_name":"Regi\u00e3o News","article_published_time":"2024-02-07T14:43:44+00:00","article_modified_time":"2024-02-07T14:44:40+00:00","og_image":[{"width":1280,"height":973,"url":"https:\/\/regiaonews.net.br\/2022\/wp-content\/uploads\/2024\/02\/WhatsApp-Image-2024-02-07-at-10.16.26.jpeg","type":"image\/jpeg"}],"author":"Roberto","twitter_card":"summary_large_image","twitter_misc":{"Escrito por":"Roberto","Est. tempo de leitura":"2 minutos"},"schema":{"@context":"https:\/\/schema.org","@graph":[{"@type":"Article","@id":"https:\/\/regiaonews.net.br\/2022\/2024\/02\/07\/ladroes-roubam-tratores-e-equipamentos-em-propriedade-rural-de-colombia\/#article","isPartOf":{"@id":"https:\/\/regiaonews.net.br\/2022\/2024\/02\/07\/ladroes-roubam-tratores-e-equipamentos-em-propriedade-rural-de-colombia\/"},"author":{"name":"Roberto","@id":"https:\/\/regiaonews.net.br\/2022\/#\/schema\/person\/2d205a608a5aa97ac279d7a5e6d89ad8"},"headline":"Ladr\u00f5es roubam tratores e equipamentos em propriedade rural de Col\u00f4mbia","datePublished":"2024-02-07T14:43:44+00:00","dateModified":"2024-02-07T14:44:40+00:00","mainEntityOfPage":{"@id":"https:\/\/regiaonews.net.br\/2022\/2024\/02\/07\/ladroes-roubam-tratores-e-equipamentos-em-propriedade-rural-de-colombia\/"},"wordCount":160,"commentCount":0,"publisher":{"@id":"https:\/\/regiaonews.net.br\/2022\/#organization"},"image":{"@id":"https:\/\/regiaonews.net.br\/2022\/2024\/02\/07\/ladroes-roubam-tratores-e-equipamentos-em-propriedade-rural-de-colombia\/#primaryimage"},"thumbnailUrl":"https:\/\/regiaonews.net.br\/2022\/wp-content\/uploads\/2024\/02\/WhatsApp-Image-2024-02-07-at-10.16.26.jpeg","articleSection":["Col\u00f4mbia","Policia"],"inLanguage":"pt-BR","potentialAction":[{"@type":"CommentAction","name":"Comment","target":["https:\/\/regiaonews.net.br\/2022\/2024\/02\/07\/ladroes-roubam-tratores-e-equipamentos-em-propriedade-rural-de-colombia\/#respond"]}]},{"@type":"WebPage","@id":"https:\/\/regiaonews.net.br\/2022\/2024\/02\/07\/ladroes-roubam-tratores-e-equipamentos-em-propriedade-rural-de-colombia\/","url":"https:\/\/regiaonews.net.br\/2022\/2024\/02\/07\/ladroes-roubam-tratores-e-equipamentos-em-propriedade-rural-de-colombia\/","name":"Ladr\u00f5es roubam tratores e equipamentos em propriedade rural de Col\u00f4mbia - Regi\u00e3o News","isPartOf":{"@id":"https:\/\/regiaonews.net.br\/2022\/#website"},"primaryImageOfPage":{"@id":"https:\/\/regiaonews.net.br\/2022\/2024\/02\/07\/ladroes-roubam-tratores-e-equipamentos-em-propriedade-rural-de-colombia\/#primaryimage"},"image":{"@id":"https:\/\/regiaonews.net.br\/2022\/2024\/02\/07\/ladroes-roubam-tratores-e-equipamentos-em-propriedade-rural-de-colombia\/#primaryimage"},"thumbnailUrl":"https:\/\/regiaonews.net.br\/2022\/wp-content\/uploads\/2024\/02\/WhatsApp-Image-2024-02-07-at-10.16.26.jpeg","datePublished":"2024-02-07T14:43:44+00:00","dateModified":"2024-02-07T14:44:40+00:00","breadcrumb":{"@id":"https:\/\/regiaonews.net.br\/2022\/2024\/02\/07\/ladroes-roubam-tratores-e-equipamentos-em-propriedade-rural-de-colombia\/#breadcrumb"},"inLanguage":"pt-BR","potentialAction":[{"@type":"ReadAction","target":["https:\/\/regiaonews.net.br\/2022\/2024\/02\/07\/ladroes-roubam-tratores-e-equipamentos-em-propriedade-rural-de-colombia\/"]}]},{"@type":"ImageObject","inLanguage":"pt-BR","@id":"https:\/\/regiaonews.net.br\/2022\/2024\/02\/07\/ladroes-roubam-tratores-e-equipamentos-em-propriedade-rural-de-colombia\/#primaryimage","url":"https:\/\/regiaonews.net.br\/2022\/wp-content\/uploads\/2024\/02\/WhatsApp-Image-2024-02-07-at-10.16.26.jpeg","contentUrl":"https:\/\/regiaonews.net.br\/2022\/wp-content\/uploads\/2024\/02\/WhatsApp-Image-2024-02-07-at-10.16.26.jpeg","width":1280,"height":973},{"@type":"BreadcrumbList","@id":"https:\/\/regiaonews.net.br\/2022\/2024\/02\/07\/ladroes-roubam-tratores-e-equipamentos-em-propriedade-rural-de-colombia\/#breadcrumb","itemListElement":[{"@type":"ListItem","position":1,"name":"In\u00edcio","item":"https:\/\/regiaonews.net.br\/2022\/"},{"@type":"ListItem","position":2,"name":"Ladr\u00f5es roubam tratores e equipamentos em propriedade rural de Col\u00f4mbia"}]},{"@type":"WebSite","@id":"https:\/\/regiaonews.net.br\/2022\/#website","url":"https:\/\/regiaonews.net.br\/2022\/","name":"Regi\u00e3o News","description":"Site de Not\u00edcias de Barretos e regi\u00e3o","publisher":{"@id":"https:\/\/regiaonews.net.br\/2022\/#organization"},"potentialAction":[{"@type":"SearchAction","target":{"@type":"EntryPoint","urlTemplate":"https:\/\/regiaonews.net.br\/2022\/?s={search_term_string}"},"query-input":{"@type":"PropertyValueSpecification","valueRequired":true,"valueName":"search_term_string"}}],"inLanguage":"pt-BR"},{"@type":"Organization","@id":"https:\/\/regiaonews.net.br\/2022\/#organization","name":"Regi\u00e3o News","url":"https:\/\/regiaonews.net.br\/2022\/","logo":{"@type":"ImageObject","inLanguage":"pt-BR","@id":"https:\/\/regiaonews.net.br\/2022\/#\/schema\/logo\/image\/","url":"https:\/\/regiaonews.net.br\/2022\/wp-content\/uploads\/2026\/03\/regiao-13-anos-scaled.jpg","contentUrl":"https:\/\/regiaonews.net.br\/2022\/wp-content\/uploads\/2026\/03\/regiao-13-anos-scaled.jpg","width":2560,"height":635,"caption":"Regi\u00e3o News"},"image":{"@id":"https:\/\/regiaonews.net.br\/2022\/#\/schema\/logo\/image\/"}},{"@type":"Person","@id":"https:\/\/regiaonews.net.br\/2022\/#\/schema\/person\/2d205a608a5aa97ac279d7a5e6d89ad8","name":"Roberto","image":{"@type":"ImageObject","inLanguage":"pt-BR","@id":"https:\/\/secure.gravatar.com\/avatar\/42749d8b712ff9d59ca93dc150494e5b55a44134482993f5baeb97e61b7ecc89?s=96&d=mm&r=g","url":"https:\/\/secure.gravatar.com\/avatar\/42749d8b712ff9d59ca93dc150494e5b55a44134482993f5baeb97e61b7ecc89?s=96&d=mm&r=g","contentUrl":"https:\/\/secure.gravatar.com\/avatar\/42749d8b712ff9d59ca93dc150494e5b55a44134482993f5baeb97e61b7ecc89?s=96&d=mm&r=g","caption":"Roberto"},"url":"https:\/\/regiaonews.net.br\/2022\/author\/roberto\/"}]}},"publishpress_future_action":{"enabled":false,"date":"2026-05-03 22:39:59","action":"change-status","newStatus":"draft","terms":[],"taxonomy":"category","extraData":[]},"publishpress_future_workflow_manual_trigger":{"enabledWorkflows":[]},"_links":{"self":[{"href":"https:\/\/regiaonews.net.br\/2022\/wp-json\/wp\/v2\/posts\/100988","targetHints":{"allow":["GET"]}}],"collection":[{"href":"https:\/\/regiaonews.net.br\/2022\/wp-json\/wp\/v2\/posts"}],"about":[{"href":"https:\/\/regiaonews.net.br\/2022\/wp-json\/wp\/v2\/types\/post"}],"author":[{"embeddable":true,"href":"https:\/\/regiaonews.net.br\/2022\/wp-json\/wp\/v2\/users\/2"}],"replies":[{"embeddable":true,"href":"https:\/\/regiaonews.net.br\/2022\/wp-json\/wp\/v2\/comments?post=100988"}],"version-history":[{"count":2,"href":"https:\/\/regiaonews.net.br\/2022\/wp-json\/wp\/v2\/posts\/100988\/revisions"}],"predecessor-version":[{"id":100992,"href":"https:\/\/regiaonews.net.br\/2022\/wp-json\/wp\/v2\/posts\/100988\/revisions\/100992"}],"wp:featuredmedia":[{"embeddable":true,"href":"https:\/\/regiaonews.net.br\/2022\/wp-json\/wp\/v2\/media\/100989"}],"wp:attachment":[{"href":"https:\/\/regiaonews.net.br\/2022\/wp-json\/wp\/v2\/media?parent=100988"}],"wp:term":[{"taxonomy":"category","embeddable":true,"href":"https:\/\/regiaonews.net.br\/2022\/wp-json\/wp\/v2\/categories?post=100988"},{"taxonomy":"post_tag","embeddable":true,"href":"https:\/\/regiaonews.net.br\/2022\/wp-json\/wp\/v2\/tags?post=100988"}],"curies":[{"name":"wp","href":"https:\/\/api.w.org\/{rel}","templated":true}]}}