{"id":100980,"date":"2024-02-06T18:34:32","date_gmt":"2024-02-06T21:34:32","guid":{"rendered":"https:\/\/regiaonews.net.br\/2022\/?p=100980"},"modified":"2024-02-06T21:37:07","modified_gmt":"2024-02-07T00:37:07","slug":"site-mostra-situacao-da-dengue-no-estado-de-sao-paulo","status":"publish","type":"post","link":"https:\/\/regiaonews.net.br\/2022\/2024\/02\/06\/site-mostra-situacao-da-dengue-no-estado-de-sao-paulo\/","title":{"rendered":"Site mostra situa\u00e7\u00e3o da dengue no estado de S\u00e3o Paulo"},"content":{"rendered":"<p>O governo do estado de S\u00e3o Paulo lan\u00e7ou nesta ter\u00e7a-feira (6) uma plataforma que informa, em tempo real, todos os casos de dengue registrados no territ\u00f3rio paulista.<\/p>\n<p>O\u00a0<a href=\"http:\/\/dengue.saude.sp.gov.br\/\" target=\"_blank\" rel=\"noopener\">Painel de Monitoramento da Dengue<\/a>\u00a0permite a consulta dos casos notificados, dos casos em investiga\u00e7\u00e3o, dos confirmados e dos descartados, al\u00e9m daqueles de dengue grave e dos \u00f3bitos causados pela doen\u00e7a.<img decoding=\"async\" src=\"https:\/\/agenciabrasil.ebc.com.br\/ebc.png?id=1579704&amp;o=node\" \/><img decoding=\"async\" src=\"https:\/\/agenciabrasil.ebc.com.br\/ebc.gif?id=1579704&amp;o=node\" \/><\/p>\n<p>De acordo com o governo do estado, as informa\u00e7\u00f5es podem ser filtradas por data, munic\u00edpio e grupo de vigil\u00e2ncia epidemiol\u00f3gica. O sistema \u00e9 administrado pelo estado e abastecido pelas prefeituras, que s\u00e3o respons\u00e1veis pelos testes e resultados e pelo preenchimento do sistema de notifica\u00e7\u00e3o.<\/p>\n<p>Na tarde de hoje, a plataforma registrava 28.808 casos confirmados de dengue no estado desde 1\u00ba de janeiro; 533 casos da doen\u00e7a com sinal de alarme; 45 de dengue grave; e 4 \u00f3bitos. O sintoma mais comum nos casos confirmados \u00e9 a febre, seguido de dor muscular, dor de cabe\u00e7a, n\u00e1usea, e dor nas costas.<\/p>\n<p>Os munic\u00edpios com maior incid\u00eancia da doen\u00e7a no estado s\u00e3o Pederneiras e Borac\u00e9ia, na regi\u00e3o de Bauru; Pindamonhangaba, na regi\u00e3o de Taubat\u00e9; Palmares Paulista, na regi\u00e3o de S\u00e3o Jos\u00e9 do Rio Preto; e Monte Azul Paulista, na regi\u00e3o de Barretos. Foram identificados os sorotipos 1, 2 e 3 da dengue nas cidades paulistas.<\/p>\n<p>O governador em exerc\u00edcio Felicio Ramuth assinou, tamb\u00e9m nesta ter\u00e7a-feira, o decreto que cria o Centro de Opera\u00e7\u00f5es de Emerg\u00eancias (COE) de combate ao mosquito\u00a0<em>Aedes aegypti<\/em>, que\u00a0 transmite dengue, chikungunya e zika. A primeira medida adotada pelo COE foi a destina\u00e7\u00e3o de R$ 200 milh\u00f5es \u00e0s prefeituras dos 645 munic\u00edpios paulistas para o combate ao mosquito.<\/p>\n<p>\u201cO enfrentamento \u00e0 dengue \u00e9 uma a\u00e7\u00e3o conjunta das secretarias de estado, que passam a fazer parte do Centro de Opera\u00e7\u00f5es de Emerg\u00eancias, e dos munic\u00edpios. Com apoio t\u00e9cnico do governo de S\u00e3o Paulo e os recursos liberados hoje, as prefeituras poder\u00e3o investir em suas redes de sa\u00fade e emerg\u00eancia, al\u00e9m de realizar a\u00e7\u00f5es de limpeza e comunica\u00e7\u00e3o em suas cidades\u201d, destacou o governador em exerc\u00edcio.<\/p>\n","protected":false},"excerpt":{"rendered":"<p>O governo do estado de S\u00e3o Paulo lan\u00e7ou nesta ter\u00e7a-feira<\/p>\n","protected":false},"author":2,"featured_media":69370,"comment_status":"open","ping_status":"open","sticky":false,"template":"","format":"standard","meta":{"footnotes":""},"categories":[25,7],"tags":[],"class_list":["post-100980","post","type-post","status-publish","format-standard","has-post-thumbnail","hentry","category-cidades","category-estado-de-sao-paulo"],"yoast_head":"<!-- This site is optimized with the Yoast SEO plugin v27.4 - https:\/\/yoast.com\/product\/yoast-seo-wordpress\/ -->\n<title>Site mostra situa\u00e7\u00e3o da dengue no estado de S\u00e3o Paulo - Regi\u00e3o News<\/title>\n<meta name=\"robots\" content=\"index, follow, max-snippet:-1, max-image-preview:large, max-video-preview:-1\" \/>\n<link rel=\"canonical\" href=\"https:\/\/regiaonews.net.br\/2022\/2024\/02\/06\/site-mostra-situacao-da-dengue-no-estado-de-sao-paulo\/\" \/>\n<meta property=\"og:locale\" content=\"pt_BR\" \/>\n<meta property=\"og:type\" content=\"article\" \/>\n<meta property=\"og:title\" content=\"Site mostra situa\u00e7\u00e3o da dengue no estado de S\u00e3o Paulo - Regi\u00e3o News\" \/>\n<meta property=\"og:description\" content=\"O governo do estado de S\u00e3o Paulo lan\u00e7ou nesta ter\u00e7a-feira\" \/>\n<meta property=\"og:url\" content=\"https:\/\/regiaonews.net.br\/2022\/2024\/02\/06\/site-mostra-situacao-da-dengue-no-estado-de-sao-paulo\/\" \/>\n<meta property=\"og:site_name\" content=\"Regi\u00e3o News\" \/>\n<meta property=\"article:published_time\" content=\"2024-02-06T21:34:32+00:00\" \/>\n<meta property=\"article:modified_time\" content=\"2024-02-07T00:37:07+00:00\" \/>\n<meta property=\"og:image\" content=\"https:\/\/regiaonews.net.br\/2022\/wp-content\/uploads\/2022\/04\/mosquitos_aedes_aegypti_dengue.jpg\" \/>\n\t<meta property=\"og:image:width\" content=\"1170\" \/>\n\t<meta property=\"og:image:height\" content=\"700\" \/>\n\t<meta property=\"og:image:type\" content=\"image\/jpeg\" \/>\n<meta name=\"author\" content=\"Roberto\" \/>\n<meta name=\"twitter:card\" content=\"summary_large_image\" \/>\n<meta name=\"twitter:label1\" content=\"Escrito por\" \/>\n\t<meta name=\"twitter:data1\" content=\"Roberto\" \/>\n\t<meta name=\"twitter:label2\" content=\"Est. tempo de leitura\" \/>\n\t<meta name=\"twitter:data2\" content=\"3 minutos\" \/>\n<script type=\"application\/ld+json\" class=\"yoast-schema-graph\">{\"@context\":\"https:\\\/\\\/schema.org\",\"@graph\":[{\"@type\":\"Article\",\"@id\":\"https:\\\/\\\/regiaonews.net.br\\\/2022\\\/2024\\\/02\\\/06\\\/site-mostra-situacao-da-dengue-no-estado-de-sao-paulo\\\/#article\",\"isPartOf\":{\"@id\":\"https:\\\/\\\/regiaonews.net.br\\\/2022\\\/2024\\\/02\\\/06\\\/site-mostra-situacao-da-dengue-no-estado-de-sao-paulo\\\/\"},\"author\":{\"name\":\"Roberto\",\"@id\":\"https:\\\/\\\/regiaonews.net.br\\\/2022\\\/#\\\/schema\\\/person\\\/2d205a608a5aa97ac279d7a5e6d89ad8\"},\"headline\":\"Site mostra situa\u00e7\u00e3o da dengue no estado de S\u00e3o Paulo\",\"datePublished\":\"2024-02-06T21:34:32+00:00\",\"dateModified\":\"2024-02-07T00:37:07+00:00\",\"mainEntityOfPage\":{\"@id\":\"https:\\\/\\\/regiaonews.net.br\\\/2022\\\/2024\\\/02\\\/06\\\/site-mostra-situacao-da-dengue-no-estado-de-sao-paulo\\\/\"},\"wordCount\":379,\"commentCount\":0,\"publisher\":{\"@id\":\"https:\\\/\\\/regiaonews.net.br\\\/2022\\\/#organization\"},\"image\":{\"@id\":\"https:\\\/\\\/regiaonews.net.br\\\/2022\\\/2024\\\/02\\\/06\\\/site-mostra-situacao-da-dengue-no-estado-de-sao-paulo\\\/#primaryimage\"},\"thumbnailUrl\":\"https:\\\/\\\/regiaonews.net.br\\\/2022\\\/wp-content\\\/uploads\\\/2022\\\/04\\\/mosquitos_aedes_aegypti_dengue.jpg\",\"articleSection\":[\"Cidades\",\"Estado de S\u00e3o Paulo\"],\"inLanguage\":\"pt-BR\",\"potentialAction\":[{\"@type\":\"CommentAction\",\"name\":\"Comment\",\"target\":[\"https:\\\/\\\/regiaonews.net.br\\\/2022\\\/2024\\\/02\\\/06\\\/site-mostra-situacao-da-dengue-no-estado-de-sao-paulo\\\/#respond\"]}]},{\"@type\":\"WebPage\",\"@id\":\"https:\\\/\\\/regiaonews.net.br\\\/2022\\\/2024\\\/02\\\/06\\\/site-mostra-situacao-da-dengue-no-estado-de-sao-paulo\\\/\",\"url\":\"https:\\\/\\\/regiaonews.net.br\\\/2022\\\/2024\\\/02\\\/06\\\/site-mostra-situacao-da-dengue-no-estado-de-sao-paulo\\\/\",\"name\":\"Site mostra situa\u00e7\u00e3o da dengue no estado de S\u00e3o Paulo - Regi\u00e3o News\",\"isPartOf\":{\"@id\":\"https:\\\/\\\/regiaonews.net.br\\\/2022\\\/#website\"},\"primaryImageOfPage\":{\"@id\":\"https:\\\/\\\/regiaonews.net.br\\\/2022\\\/2024\\\/02\\\/06\\\/site-mostra-situacao-da-dengue-no-estado-de-sao-paulo\\\/#primaryimage\"},\"image\":{\"@id\":\"https:\\\/\\\/regiaonews.net.br\\\/2022\\\/2024\\\/02\\\/06\\\/site-mostra-situacao-da-dengue-no-estado-de-sao-paulo\\\/#primaryimage\"},\"thumbnailUrl\":\"https:\\\/\\\/regiaonews.net.br\\\/2022\\\/wp-content\\\/uploads\\\/2022\\\/04\\\/mosquitos_aedes_aegypti_dengue.jpg\",\"datePublished\":\"2024-02-06T21:34:32+00:00\",\"dateModified\":\"2024-02-07T00:37:07+00:00\",\"breadcrumb\":{\"@id\":\"https:\\\/\\\/regiaonews.net.br\\\/2022\\\/2024\\\/02\\\/06\\\/site-mostra-situacao-da-dengue-no-estado-de-sao-paulo\\\/#breadcrumb\"},\"inLanguage\":\"pt-BR\",\"potentialAction\":[{\"@type\":\"ReadAction\",\"target\":[\"https:\\\/\\\/regiaonews.net.br\\\/2022\\\/2024\\\/02\\\/06\\\/site-mostra-situacao-da-dengue-no-estado-de-sao-paulo\\\/\"]}]},{\"@type\":\"ImageObject\",\"inLanguage\":\"pt-BR\",\"@id\":\"https:\\\/\\\/regiaonews.net.br\\\/2022\\\/2024\\\/02\\\/06\\\/site-mostra-situacao-da-dengue-no-estado-de-sao-paulo\\\/#primaryimage\",\"url\":\"https:\\\/\\\/regiaonews.net.br\\\/2022\\\/wp-content\\\/uploads\\\/2022\\\/04\\\/mosquitos_aedes_aegypti_dengue.jpg\",\"contentUrl\":\"https:\\\/\\\/regiaonews.net.br\\\/2022\\\/wp-content\\\/uploads\\\/2022\\\/04\\\/mosquitos_aedes_aegypti_dengue.jpg\",\"width\":1170,\"height\":700,\"caption\":\"Mosquitos de Aedes aegypti s\u00e3o vistos no laborat\u00f3rio da Oxitec em Campinas\"},{\"@type\":\"BreadcrumbList\",\"@id\":\"https:\\\/\\\/regiaonews.net.br\\\/2022\\\/2024\\\/02\\\/06\\\/site-mostra-situacao-da-dengue-no-estado-de-sao-paulo\\\/#breadcrumb\",\"itemListElement\":[{\"@type\":\"ListItem\",\"position\":1,\"name\":\"In\u00edcio\",\"item\":\"https:\\\/\\\/regiaonews.net.br\\\/2022\\\/\"},{\"@type\":\"ListItem\",\"position\":2,\"name\":\"Site mostra situa\u00e7\u00e3o da dengue no estado de S\u00e3o Paulo\"}]},{\"@type\":\"WebSite\",\"@id\":\"https:\\\/\\\/regiaonews.net.br\\\/2022\\\/#website\",\"url\":\"https:\\\/\\\/regiaonews.net.br\\\/2022\\\/\",\"name\":\"Regi\u00e3o News\",\"description\":\"Site de Not\u00edcias de Barretos e regi\u00e3o\",\"publisher\":{\"@id\":\"https:\\\/\\\/regiaonews.net.br\\\/2022\\\/#organization\"},\"potentialAction\":[{\"@type\":\"SearchAction\",\"target\":{\"@type\":\"EntryPoint\",\"urlTemplate\":\"https:\\\/\\\/regiaonews.net.br\\\/2022\\\/?s={search_term_string}\"},\"query-input\":{\"@type\":\"PropertyValueSpecification\",\"valueRequired\":true,\"valueName\":\"search_term_string\"}}],\"inLanguage\":\"pt-BR\"},{\"@type\":\"Organization\",\"@id\":\"https:\\\/\\\/regiaonews.net.br\\\/2022\\\/#organization\",\"name\":\"Regi\u00e3o News\",\"url\":\"https:\\\/\\\/regiaonews.net.br\\\/2022\\\/\",\"logo\":{\"@type\":\"ImageObject\",\"inLanguage\":\"pt-BR\",\"@id\":\"https:\\\/\\\/regiaonews.net.br\\\/2022\\\/#\\\/schema\\\/logo\\\/image\\\/\",\"url\":\"https:\\\/\\\/regiaonews.net.br\\\/2022\\\/wp-content\\\/uploads\\\/2026\\\/03\\\/regiao-13-anos-scaled.jpg\",\"contentUrl\":\"https:\\\/\\\/regiaonews.net.br\\\/2022\\\/wp-content\\\/uploads\\\/2026\\\/03\\\/regiao-13-anos-scaled.jpg\",\"width\":2560,\"height\":635,\"caption\":\"Regi\u00e3o News\"},\"image\":{\"@id\":\"https:\\\/\\\/regiaonews.net.br\\\/2022\\\/#\\\/schema\\\/logo\\\/image\\\/\"}},{\"@type\":\"Person\",\"@id\":\"https:\\\/\\\/regiaonews.net.br\\\/2022\\\/#\\\/schema\\\/person\\\/2d205a608a5aa97ac279d7a5e6d89ad8\",\"name\":\"Roberto\",\"image\":{\"@type\":\"ImageObject\",\"inLanguage\":\"pt-BR\",\"@id\":\"https:\\\/\\\/secure.gravatar.com\\\/avatar\\\/42749d8b712ff9d59ca93dc150494e5b55a44134482993f5baeb97e61b7ecc89?s=96&d=mm&r=g\",\"url\":\"https:\\\/\\\/secure.gravatar.com\\\/avatar\\\/42749d8b712ff9d59ca93dc150494e5b55a44134482993f5baeb97e61b7ecc89?s=96&d=mm&r=g\",\"contentUrl\":\"https:\\\/\\\/secure.gravatar.com\\\/avatar\\\/42749d8b712ff9d59ca93dc150494e5b55a44134482993f5baeb97e61b7ecc89?s=96&d=mm&r=g\",\"caption\":\"Roberto\"},\"url\":\"https:\\\/\\\/regiaonews.net.br\\\/2022\\\/author\\\/roberto\\\/\"}]}<\/script>\n<!-- \/ Yoast SEO plugin. -->","yoast_head_json":{"title":"Site mostra situa\u00e7\u00e3o da dengue no estado de S\u00e3o Paulo - Regi\u00e3o News","robots":{"index":"index","follow":"follow","max-snippet":"max-snippet:-1","max-image-preview":"max-image-preview:large","max-video-preview":"max-video-preview:-1"},"canonical":"https:\/\/regiaonews.net.br\/2022\/2024\/02\/06\/site-mostra-situacao-da-dengue-no-estado-de-sao-paulo\/","og_locale":"pt_BR","og_type":"article","og_title":"Site mostra situa\u00e7\u00e3o da dengue no estado de S\u00e3o Paulo - Regi\u00e3o News","og_description":"O governo do estado de S\u00e3o Paulo lan\u00e7ou nesta ter\u00e7a-feira","og_url":"https:\/\/regiaonews.net.br\/2022\/2024\/02\/06\/site-mostra-situacao-da-dengue-no-estado-de-sao-paulo\/","og_site_name":"Regi\u00e3o News","article_published_time":"2024-02-06T21:34:32+00:00","article_modified_time":"2024-02-07T00:37:07+00:00","og_image":[{"width":1170,"height":700,"url":"https:\/\/regiaonews.net.br\/2022\/wp-content\/uploads\/2022\/04\/mosquitos_aedes_aegypti_dengue.jpg","type":"image\/jpeg"}],"author":"Roberto","twitter_card":"summary_large_image","twitter_misc":{"Escrito por":"Roberto","Est. tempo de leitura":"3 minutos"},"schema":{"@context":"https:\/\/schema.org","@graph":[{"@type":"Article","@id":"https:\/\/regiaonews.net.br\/2022\/2024\/02\/06\/site-mostra-situacao-da-dengue-no-estado-de-sao-paulo\/#article","isPartOf":{"@id":"https:\/\/regiaonews.net.br\/2022\/2024\/02\/06\/site-mostra-situacao-da-dengue-no-estado-de-sao-paulo\/"},"author":{"name":"Roberto","@id":"https:\/\/regiaonews.net.br\/2022\/#\/schema\/person\/2d205a608a5aa97ac279d7a5e6d89ad8"},"headline":"Site mostra situa\u00e7\u00e3o da dengue no estado de S\u00e3o Paulo","datePublished":"2024-02-06T21:34:32+00:00","dateModified":"2024-02-07T00:37:07+00:00","mainEntityOfPage":{"@id":"https:\/\/regiaonews.net.br\/2022\/2024\/02\/06\/site-mostra-situacao-da-dengue-no-estado-de-sao-paulo\/"},"wordCount":379,"commentCount":0,"publisher":{"@id":"https:\/\/regiaonews.net.br\/2022\/#organization"},"image":{"@id":"https:\/\/regiaonews.net.br\/2022\/2024\/02\/06\/site-mostra-situacao-da-dengue-no-estado-de-sao-paulo\/#primaryimage"},"thumbnailUrl":"https:\/\/regiaonews.net.br\/2022\/wp-content\/uploads\/2022\/04\/mosquitos_aedes_aegypti_dengue.jpg","articleSection":["Cidades","Estado de S\u00e3o Paulo"],"inLanguage":"pt-BR","potentialAction":[{"@type":"CommentAction","name":"Comment","target":["https:\/\/regiaonews.net.br\/2022\/2024\/02\/06\/site-mostra-situacao-da-dengue-no-estado-de-sao-paulo\/#respond"]}]},{"@type":"WebPage","@id":"https:\/\/regiaonews.net.br\/2022\/2024\/02\/06\/site-mostra-situacao-da-dengue-no-estado-de-sao-paulo\/","url":"https:\/\/regiaonews.net.br\/2022\/2024\/02\/06\/site-mostra-situacao-da-dengue-no-estado-de-sao-paulo\/","name":"Site mostra situa\u00e7\u00e3o da dengue no estado de S\u00e3o Paulo - Regi\u00e3o News","isPartOf":{"@id":"https:\/\/regiaonews.net.br\/2022\/#website"},"primaryImageOfPage":{"@id":"https:\/\/regiaonews.net.br\/2022\/2024\/02\/06\/site-mostra-situacao-da-dengue-no-estado-de-sao-paulo\/#primaryimage"},"image":{"@id":"https:\/\/regiaonews.net.br\/2022\/2024\/02\/06\/site-mostra-situacao-da-dengue-no-estado-de-sao-paulo\/#primaryimage"},"thumbnailUrl":"https:\/\/regiaonews.net.br\/2022\/wp-content\/uploads\/2022\/04\/mosquitos_aedes_aegypti_dengue.jpg","datePublished":"2024-02-06T21:34:32+00:00","dateModified":"2024-02-07T00:37:07+00:00","breadcrumb":{"@id":"https:\/\/regiaonews.net.br\/2022\/2024\/02\/06\/site-mostra-situacao-da-dengue-no-estado-de-sao-paulo\/#breadcrumb"},"inLanguage":"pt-BR","potentialAction":[{"@type":"ReadAction","target":["https:\/\/regiaonews.net.br\/2022\/2024\/02\/06\/site-mostra-situacao-da-dengue-no-estado-de-sao-paulo\/"]}]},{"@type":"ImageObject","inLanguage":"pt-BR","@id":"https:\/\/regiaonews.net.br\/2022\/2024\/02\/06\/site-mostra-situacao-da-dengue-no-estado-de-sao-paulo\/#primaryimage","url":"https:\/\/regiaonews.net.br\/2022\/wp-content\/uploads\/2022\/04\/mosquitos_aedes_aegypti_dengue.jpg","contentUrl":"https:\/\/regiaonews.net.br\/2022\/wp-content\/uploads\/2022\/04\/mosquitos_aedes_aegypti_dengue.jpg","width":1170,"height":700,"caption":"Mosquitos de Aedes aegypti s\u00e3o vistos no laborat\u00f3rio da Oxitec em Campinas"},{"@type":"BreadcrumbList","@id":"https:\/\/regiaonews.net.br\/2022\/2024\/02\/06\/site-mostra-situacao-da-dengue-no-estado-de-sao-paulo\/#breadcrumb","itemListElement":[{"@type":"ListItem","position":1,"name":"In\u00edcio","item":"https:\/\/regiaonews.net.br\/2022\/"},{"@type":"ListItem","position":2,"name":"Site mostra situa\u00e7\u00e3o da dengue no estado de S\u00e3o Paulo"}]},{"@type":"WebSite","@id":"https:\/\/regiaonews.net.br\/2022\/#website","url":"https:\/\/regiaonews.net.br\/2022\/","name":"Regi\u00e3o News","description":"Site de Not\u00edcias de Barretos e regi\u00e3o","publisher":{"@id":"https:\/\/regiaonews.net.br\/2022\/#organization"},"potentialAction":[{"@type":"SearchAction","target":{"@type":"EntryPoint","urlTemplate":"https:\/\/regiaonews.net.br\/2022\/?s={search_term_string}"},"query-input":{"@type":"PropertyValueSpecification","valueRequired":true,"valueName":"search_term_string"}}],"inLanguage":"pt-BR"},{"@type":"Organization","@id":"https:\/\/regiaonews.net.br\/2022\/#organization","name":"Regi\u00e3o News","url":"https:\/\/regiaonews.net.br\/2022\/","logo":{"@type":"ImageObject","inLanguage":"pt-BR","@id":"https:\/\/regiaonews.net.br\/2022\/#\/schema\/logo\/image\/","url":"https:\/\/regiaonews.net.br\/2022\/wp-content\/uploads\/2026\/03\/regiao-13-anos-scaled.jpg","contentUrl":"https:\/\/regiaonews.net.br\/2022\/wp-content\/uploads\/2026\/03\/regiao-13-anos-scaled.jpg","width":2560,"height":635,"caption":"Regi\u00e3o News"},"image":{"@id":"https:\/\/regiaonews.net.br\/2022\/#\/schema\/logo\/image\/"}},{"@type":"Person","@id":"https:\/\/regiaonews.net.br\/2022\/#\/schema\/person\/2d205a608a5aa97ac279d7a5e6d89ad8","name":"Roberto","image":{"@type":"ImageObject","inLanguage":"pt-BR","@id":"https:\/\/secure.gravatar.com\/avatar\/42749d8b712ff9d59ca93dc150494e5b55a44134482993f5baeb97e61b7ecc89?s=96&d=mm&r=g","url":"https:\/\/secure.gravatar.com\/avatar\/42749d8b712ff9d59ca93dc150494e5b55a44134482993f5baeb97e61b7ecc89?s=96&d=mm&r=g","contentUrl":"https:\/\/secure.gravatar.com\/avatar\/42749d8b712ff9d59ca93dc150494e5b55a44134482993f5baeb97e61b7ecc89?s=96&d=mm&r=g","caption":"Roberto"},"url":"https:\/\/regiaonews.net.br\/2022\/author\/roberto\/"}]}},"publishpress_future_action":{"enabled":false,"date":"2026-05-04 01:47:23","action":"change-status","newStatus":"draft","terms":[],"taxonomy":"category","extraData":[]},"publishpress_future_workflow_manual_trigger":{"enabledWorkflows":[]},"_links":{"self":[{"href":"https:\/\/regiaonews.net.br\/2022\/wp-json\/wp\/v2\/posts\/100980","targetHints":{"allow":["GET"]}}],"collection":[{"href":"https:\/\/regiaonews.net.br\/2022\/wp-json\/wp\/v2\/posts"}],"about":[{"href":"https:\/\/regiaonews.net.br\/2022\/wp-json\/wp\/v2\/types\/post"}],"author":[{"embeddable":true,"href":"https:\/\/regiaonews.net.br\/2022\/wp-json\/wp\/v2\/users\/2"}],"replies":[{"embeddable":true,"href":"https:\/\/regiaonews.net.br\/2022\/wp-json\/wp\/v2\/comments?post=100980"}],"version-history":[{"count":1,"href":"https:\/\/regiaonews.net.br\/2022\/wp-json\/wp\/v2\/posts\/100980\/revisions"}],"predecessor-version":[{"id":100981,"href":"https:\/\/regiaonews.net.br\/2022\/wp-json\/wp\/v2\/posts\/100980\/revisions\/100981"}],"wp:featuredmedia":[{"embeddable":true,"href":"https:\/\/regiaonews.net.br\/2022\/wp-json\/wp\/v2\/media\/69370"}],"wp:attachment":[{"href":"https:\/\/regiaonews.net.br\/2022\/wp-json\/wp\/v2\/media?parent=100980"}],"wp:term":[{"taxonomy":"category","embeddable":true,"href":"https:\/\/regiaonews.net.br\/2022\/wp-json\/wp\/v2\/categories?post=100980"},{"taxonomy":"post_tag","embeddable":true,"href":"https:\/\/regiaonews.net.br\/2022\/wp-json\/wp\/v2\/tags?post=100980"}],"curies":[{"name":"wp","href":"https:\/\/api.w.org\/{rel}","templated":true}]}}