{"id":100976,"date":"2024-02-06T18:26:58","date_gmt":"2024-02-06T21:26:58","guid":{"rendered":"https:\/\/regiaonews.net.br\/2022\/?p=100976"},"modified":"2024-02-06T18:26:58","modified_gmt":"2024-02-06T21:26:58","slug":"policia-civil-desenvolveu-operacao-de-combate-a-receptacao-de-fios-de-cobre-e-materiais-metalicos","status":"publish","type":"post","link":"https:\/\/regiaonews.net.br\/2022\/2024\/02\/06\/policia-civil-desenvolveu-operacao-de-combate-a-receptacao-de-fios-de-cobre-e-materiais-metalicos\/","title":{"rendered":"Pol\u00edcia Civil desenvolveu Opera\u00e7\u00e3o de combate a Recepta\u00e7\u00e3o de Fios de Cobre e materiais met\u00e1licos"},"content":{"rendered":"<p>A Pol\u00edcia Civil, por interm\u00e9dio da Central de Pol\u00edcia Judici\u00e1ria de Barretos deflagrou, nesta ter\u00e7a-feira (06), opera\u00e7\u00e3o visando o combate \u00e0 recepta\u00e7\u00e3o de fios de cobre, e demais materiais met\u00e1licos. As equipes, em duas viaturas, cinco policiais civis e o Delegado de Pol\u00edcia respons\u00e1vel, deslocaram-se ao local de fiscaliza\u00e7\u00e3o, que n\u00e3o possui alvar\u00e1 de funcionamento, no bairro Santa Cec\u00edlia, onde se fazia presente a suspeita.Na parte externa do terreno, aberto ao p\u00fablico, foram encontrados sacos pl\u00e1sticos contendo cerca de 15,5 kg de fios de cobre e 14 torneiras met\u00e1licas, de origem il\u00edcita, em raz\u00e3o da quantidade expressiva dos produtos, desacompanhada de comprova\u00e7\u00e3o leg\u00edtima de aquisi\u00e7\u00e3o.A investigada foi autuada em flagrante por crime de recepta\u00e7\u00e3o qualificada,sem direito \u00e0 fian\u00e7a,e ser\u00e1 encaminhada ao sistema prisional.<\/p>\n","protected":false},"excerpt":{"rendered":"<p>A Pol\u00edcia Civil, por interm\u00e9dio da Central de Pol\u00edcia Judici\u00e1ria<\/p>\n","protected":false},"author":2,"featured_media":100977,"comment_status":"open","ping_status":"open","sticky":false,"template":"","format":"standard","meta":{"footnotes":""},"categories":[14,23],"tags":[],"class_list":["post-100976","post","type-post","status-publish","format-standard","has-post-thumbnail","hentry","category-barretos","category-policia"],"yoast_head":"<!-- This site is optimized with the Yoast SEO plugin v27.4 - https:\/\/yoast.com\/product\/yoast-seo-wordpress\/ -->\n<title>Pol\u00edcia Civil desenvolveu Opera\u00e7\u00e3o de combate a Recepta\u00e7\u00e3o de Fios de Cobre e materiais met\u00e1licos - Regi\u00e3o News<\/title>\n<meta name=\"robots\" content=\"index, follow, max-snippet:-1, max-image-preview:large, max-video-preview:-1\" \/>\n<link rel=\"canonical\" href=\"https:\/\/regiaonews.net.br\/2022\/2024\/02\/06\/policia-civil-desenvolveu-operacao-de-combate-a-receptacao-de-fios-de-cobre-e-materiais-metalicos\/\" \/>\n<meta property=\"og:locale\" content=\"pt_BR\" \/>\n<meta property=\"og:type\" content=\"article\" \/>\n<meta property=\"og:title\" content=\"Pol\u00edcia Civil desenvolveu Opera\u00e7\u00e3o de combate a Recepta\u00e7\u00e3o de Fios de Cobre e materiais met\u00e1licos - Regi\u00e3o News\" \/>\n<meta property=\"og:description\" content=\"A Pol\u00edcia Civil, por interm\u00e9dio da Central de Pol\u00edcia Judici\u00e1ria\" \/>\n<meta property=\"og:url\" content=\"https:\/\/regiaonews.net.br\/2022\/2024\/02\/06\/policia-civil-desenvolveu-operacao-de-combate-a-receptacao-de-fios-de-cobre-e-materiais-metalicos\/\" \/>\n<meta property=\"og:site_name\" content=\"Regi\u00e3o News\" \/>\n<meta property=\"article:published_time\" content=\"2024-02-06T21:26:58+00:00\" \/>\n<meta property=\"og:image\" content=\"https:\/\/regiaonews.net.br\/2022\/wp-content\/uploads\/2024\/02\/WhatsApp-Image-2024-02-06-at-17.43.00.jpeg\" \/>\n\t<meta property=\"og:image:width\" content=\"585\" \/>\n\t<meta property=\"og:image:height\" content=\"1266\" \/>\n\t<meta property=\"og:image:type\" content=\"image\/jpeg\" \/>\n<meta name=\"author\" content=\"Roberto\" \/>\n<meta name=\"twitter:card\" content=\"summary_large_image\" \/>\n<meta name=\"twitter:label1\" content=\"Escrito por\" \/>\n\t<meta name=\"twitter:data1\" content=\"Roberto\" \/>\n\t<meta name=\"twitter:label2\" content=\"Est. tempo de leitura\" \/>\n\t<meta name=\"twitter:data2\" content=\"1 minuto\" \/>\n<script type=\"application\/ld+json\" class=\"yoast-schema-graph\">{\"@context\":\"https:\\\/\\\/schema.org\",\"@graph\":[{\"@type\":\"Article\",\"@id\":\"https:\\\/\\\/regiaonews.net.br\\\/2022\\\/2024\\\/02\\\/06\\\/policia-civil-desenvolveu-operacao-de-combate-a-receptacao-de-fios-de-cobre-e-materiais-metalicos\\\/#article\",\"isPartOf\":{\"@id\":\"https:\\\/\\\/regiaonews.net.br\\\/2022\\\/2024\\\/02\\\/06\\\/policia-civil-desenvolveu-operacao-de-combate-a-receptacao-de-fios-de-cobre-e-materiais-metalicos\\\/\"},\"author\":{\"name\":\"Roberto\",\"@id\":\"https:\\\/\\\/regiaonews.net.br\\\/2022\\\/#\\\/schema\\\/person\\\/2d205a608a5aa97ac279d7a5e6d89ad8\"},\"headline\":\"Pol\u00edcia Civil desenvolveu Opera\u00e7\u00e3o de combate a Recepta\u00e7\u00e3o de Fios de Cobre e materiais met\u00e1licos\",\"datePublished\":\"2024-02-06T21:26:58+00:00\",\"mainEntityOfPage\":{\"@id\":\"https:\\\/\\\/regiaonews.net.br\\\/2022\\\/2024\\\/02\\\/06\\\/policia-civil-desenvolveu-operacao-de-combate-a-receptacao-de-fios-de-cobre-e-materiais-metalicos\\\/\"},\"wordCount\":164,\"commentCount\":0,\"publisher\":{\"@id\":\"https:\\\/\\\/regiaonews.net.br\\\/2022\\\/#organization\"},\"image\":{\"@id\":\"https:\\\/\\\/regiaonews.net.br\\\/2022\\\/2024\\\/02\\\/06\\\/policia-civil-desenvolveu-operacao-de-combate-a-receptacao-de-fios-de-cobre-e-materiais-metalicos\\\/#primaryimage\"},\"thumbnailUrl\":\"https:\\\/\\\/regiaonews.net.br\\\/2022\\\/wp-content\\\/uploads\\\/2024\\\/02\\\/WhatsApp-Image-2024-02-06-at-17.43.00.jpeg\",\"articleSection\":[\"Barretos\",\"Policia\"],\"inLanguage\":\"pt-BR\",\"potentialAction\":[{\"@type\":\"CommentAction\",\"name\":\"Comment\",\"target\":[\"https:\\\/\\\/regiaonews.net.br\\\/2022\\\/2024\\\/02\\\/06\\\/policia-civil-desenvolveu-operacao-de-combate-a-receptacao-de-fios-de-cobre-e-materiais-metalicos\\\/#respond\"]}]},{\"@type\":\"WebPage\",\"@id\":\"https:\\\/\\\/regiaonews.net.br\\\/2022\\\/2024\\\/02\\\/06\\\/policia-civil-desenvolveu-operacao-de-combate-a-receptacao-de-fios-de-cobre-e-materiais-metalicos\\\/\",\"url\":\"https:\\\/\\\/regiaonews.net.br\\\/2022\\\/2024\\\/02\\\/06\\\/policia-civil-desenvolveu-operacao-de-combate-a-receptacao-de-fios-de-cobre-e-materiais-metalicos\\\/\",\"name\":\"Pol\u00edcia Civil desenvolveu Opera\u00e7\u00e3o de combate a Recepta\u00e7\u00e3o de Fios de Cobre e materiais met\u00e1licos - Regi\u00e3o News\",\"isPartOf\":{\"@id\":\"https:\\\/\\\/regiaonews.net.br\\\/2022\\\/#website\"},\"primaryImageOfPage\":{\"@id\":\"https:\\\/\\\/regiaonews.net.br\\\/2022\\\/2024\\\/02\\\/06\\\/policia-civil-desenvolveu-operacao-de-combate-a-receptacao-de-fios-de-cobre-e-materiais-metalicos\\\/#primaryimage\"},\"image\":{\"@id\":\"https:\\\/\\\/regiaonews.net.br\\\/2022\\\/2024\\\/02\\\/06\\\/policia-civil-desenvolveu-operacao-de-combate-a-receptacao-de-fios-de-cobre-e-materiais-metalicos\\\/#primaryimage\"},\"thumbnailUrl\":\"https:\\\/\\\/regiaonews.net.br\\\/2022\\\/wp-content\\\/uploads\\\/2024\\\/02\\\/WhatsApp-Image-2024-02-06-at-17.43.00.jpeg\",\"datePublished\":\"2024-02-06T21:26:58+00:00\",\"breadcrumb\":{\"@id\":\"https:\\\/\\\/regiaonews.net.br\\\/2022\\\/2024\\\/02\\\/06\\\/policia-civil-desenvolveu-operacao-de-combate-a-receptacao-de-fios-de-cobre-e-materiais-metalicos\\\/#breadcrumb\"},\"inLanguage\":\"pt-BR\",\"potentialAction\":[{\"@type\":\"ReadAction\",\"target\":[\"https:\\\/\\\/regiaonews.net.br\\\/2022\\\/2024\\\/02\\\/06\\\/policia-civil-desenvolveu-operacao-de-combate-a-receptacao-de-fios-de-cobre-e-materiais-metalicos\\\/\"]}]},{\"@type\":\"ImageObject\",\"inLanguage\":\"pt-BR\",\"@id\":\"https:\\\/\\\/regiaonews.net.br\\\/2022\\\/2024\\\/02\\\/06\\\/policia-civil-desenvolveu-operacao-de-combate-a-receptacao-de-fios-de-cobre-e-materiais-metalicos\\\/#primaryimage\",\"url\":\"https:\\\/\\\/regiaonews.net.br\\\/2022\\\/wp-content\\\/uploads\\\/2024\\\/02\\\/WhatsApp-Image-2024-02-06-at-17.43.00.jpeg\",\"contentUrl\":\"https:\\\/\\\/regiaonews.net.br\\\/2022\\\/wp-content\\\/uploads\\\/2024\\\/02\\\/WhatsApp-Image-2024-02-06-at-17.43.00.jpeg\",\"width\":585,\"height\":1266},{\"@type\":\"BreadcrumbList\",\"@id\":\"https:\\\/\\\/regiaonews.net.br\\\/2022\\\/2024\\\/02\\\/06\\\/policia-civil-desenvolveu-operacao-de-combate-a-receptacao-de-fios-de-cobre-e-materiais-metalicos\\\/#breadcrumb\",\"itemListElement\":[{\"@type\":\"ListItem\",\"position\":1,\"name\":\"In\u00edcio\",\"item\":\"https:\\\/\\\/regiaonews.net.br\\\/2022\\\/\"},{\"@type\":\"ListItem\",\"position\":2,\"name\":\"Pol\u00edcia Civil desenvolveu Opera\u00e7\u00e3o de combate a Recepta\u00e7\u00e3o de Fios de Cobre e materiais met\u00e1licos\"}]},{\"@type\":\"WebSite\",\"@id\":\"https:\\\/\\\/regiaonews.net.br\\\/2022\\\/#website\",\"url\":\"https:\\\/\\\/regiaonews.net.br\\\/2022\\\/\",\"name\":\"Regi\u00e3o News\",\"description\":\"Site de Not\u00edcias de Barretos e regi\u00e3o\",\"publisher\":{\"@id\":\"https:\\\/\\\/regiaonews.net.br\\\/2022\\\/#organization\"},\"potentialAction\":[{\"@type\":\"SearchAction\",\"target\":{\"@type\":\"EntryPoint\",\"urlTemplate\":\"https:\\\/\\\/regiaonews.net.br\\\/2022\\\/?s={search_term_string}\"},\"query-input\":{\"@type\":\"PropertyValueSpecification\",\"valueRequired\":true,\"valueName\":\"search_term_string\"}}],\"inLanguage\":\"pt-BR\"},{\"@type\":\"Organization\",\"@id\":\"https:\\\/\\\/regiaonews.net.br\\\/2022\\\/#organization\",\"name\":\"Regi\u00e3o News\",\"url\":\"https:\\\/\\\/regiaonews.net.br\\\/2022\\\/\",\"logo\":{\"@type\":\"ImageObject\",\"inLanguage\":\"pt-BR\",\"@id\":\"https:\\\/\\\/regiaonews.net.br\\\/2022\\\/#\\\/schema\\\/logo\\\/image\\\/\",\"url\":\"https:\\\/\\\/regiaonews.net.br\\\/2022\\\/wp-content\\\/uploads\\\/2026\\\/03\\\/regiao-13-anos-scaled.jpg\",\"contentUrl\":\"https:\\\/\\\/regiaonews.net.br\\\/2022\\\/wp-content\\\/uploads\\\/2026\\\/03\\\/regiao-13-anos-scaled.jpg\",\"width\":2560,\"height\":635,\"caption\":\"Regi\u00e3o News\"},\"image\":{\"@id\":\"https:\\\/\\\/regiaonews.net.br\\\/2022\\\/#\\\/schema\\\/logo\\\/image\\\/\"}},{\"@type\":\"Person\",\"@id\":\"https:\\\/\\\/regiaonews.net.br\\\/2022\\\/#\\\/schema\\\/person\\\/2d205a608a5aa97ac279d7a5e6d89ad8\",\"name\":\"Roberto\",\"image\":{\"@type\":\"ImageObject\",\"inLanguage\":\"pt-BR\",\"@id\":\"https:\\\/\\\/secure.gravatar.com\\\/avatar\\\/42749d8b712ff9d59ca93dc150494e5b55a44134482993f5baeb97e61b7ecc89?s=96&d=mm&r=g\",\"url\":\"https:\\\/\\\/secure.gravatar.com\\\/avatar\\\/42749d8b712ff9d59ca93dc150494e5b55a44134482993f5baeb97e61b7ecc89?s=96&d=mm&r=g\",\"contentUrl\":\"https:\\\/\\\/secure.gravatar.com\\\/avatar\\\/42749d8b712ff9d59ca93dc150494e5b55a44134482993f5baeb97e61b7ecc89?s=96&d=mm&r=g\",\"caption\":\"Roberto\"},\"url\":\"https:\\\/\\\/regiaonews.net.br\\\/2022\\\/author\\\/roberto\\\/\"}]}<\/script>\n<!-- \/ Yoast SEO plugin. -->","yoast_head_json":{"title":"Pol\u00edcia Civil desenvolveu Opera\u00e7\u00e3o de combate a Recepta\u00e7\u00e3o de Fios de Cobre e materiais met\u00e1licos - Regi\u00e3o News","robots":{"index":"index","follow":"follow","max-snippet":"max-snippet:-1","max-image-preview":"max-image-preview:large","max-video-preview":"max-video-preview:-1"},"canonical":"https:\/\/regiaonews.net.br\/2022\/2024\/02\/06\/policia-civil-desenvolveu-operacao-de-combate-a-receptacao-de-fios-de-cobre-e-materiais-metalicos\/","og_locale":"pt_BR","og_type":"article","og_title":"Pol\u00edcia Civil desenvolveu Opera\u00e7\u00e3o de combate a Recepta\u00e7\u00e3o de Fios de Cobre e materiais met\u00e1licos - Regi\u00e3o News","og_description":"A Pol\u00edcia Civil, por interm\u00e9dio da Central de Pol\u00edcia Judici\u00e1ria","og_url":"https:\/\/regiaonews.net.br\/2022\/2024\/02\/06\/policia-civil-desenvolveu-operacao-de-combate-a-receptacao-de-fios-de-cobre-e-materiais-metalicos\/","og_site_name":"Regi\u00e3o News","article_published_time":"2024-02-06T21:26:58+00:00","og_image":[{"width":585,"height":1266,"url":"https:\/\/regiaonews.net.br\/2022\/wp-content\/uploads\/2024\/02\/WhatsApp-Image-2024-02-06-at-17.43.00.jpeg","type":"image\/jpeg"}],"author":"Roberto","twitter_card":"summary_large_image","twitter_misc":{"Escrito por":"Roberto","Est. tempo de leitura":"1 minuto"},"schema":{"@context":"https:\/\/schema.org","@graph":[{"@type":"Article","@id":"https:\/\/regiaonews.net.br\/2022\/2024\/02\/06\/policia-civil-desenvolveu-operacao-de-combate-a-receptacao-de-fios-de-cobre-e-materiais-metalicos\/#article","isPartOf":{"@id":"https:\/\/regiaonews.net.br\/2022\/2024\/02\/06\/policia-civil-desenvolveu-operacao-de-combate-a-receptacao-de-fios-de-cobre-e-materiais-metalicos\/"},"author":{"name":"Roberto","@id":"https:\/\/regiaonews.net.br\/2022\/#\/schema\/person\/2d205a608a5aa97ac279d7a5e6d89ad8"},"headline":"Pol\u00edcia Civil desenvolveu Opera\u00e7\u00e3o de combate a Recepta\u00e7\u00e3o de Fios de Cobre e materiais met\u00e1licos","datePublished":"2024-02-06T21:26:58+00:00","mainEntityOfPage":{"@id":"https:\/\/regiaonews.net.br\/2022\/2024\/02\/06\/policia-civil-desenvolveu-operacao-de-combate-a-receptacao-de-fios-de-cobre-e-materiais-metalicos\/"},"wordCount":164,"commentCount":0,"publisher":{"@id":"https:\/\/regiaonews.net.br\/2022\/#organization"},"image":{"@id":"https:\/\/regiaonews.net.br\/2022\/2024\/02\/06\/policia-civil-desenvolveu-operacao-de-combate-a-receptacao-de-fios-de-cobre-e-materiais-metalicos\/#primaryimage"},"thumbnailUrl":"https:\/\/regiaonews.net.br\/2022\/wp-content\/uploads\/2024\/02\/WhatsApp-Image-2024-02-06-at-17.43.00.jpeg","articleSection":["Barretos","Policia"],"inLanguage":"pt-BR","potentialAction":[{"@type":"CommentAction","name":"Comment","target":["https:\/\/regiaonews.net.br\/2022\/2024\/02\/06\/policia-civil-desenvolveu-operacao-de-combate-a-receptacao-de-fios-de-cobre-e-materiais-metalicos\/#respond"]}]},{"@type":"WebPage","@id":"https:\/\/regiaonews.net.br\/2022\/2024\/02\/06\/policia-civil-desenvolveu-operacao-de-combate-a-receptacao-de-fios-de-cobre-e-materiais-metalicos\/","url":"https:\/\/regiaonews.net.br\/2022\/2024\/02\/06\/policia-civil-desenvolveu-operacao-de-combate-a-receptacao-de-fios-de-cobre-e-materiais-metalicos\/","name":"Pol\u00edcia Civil desenvolveu Opera\u00e7\u00e3o de combate a Recepta\u00e7\u00e3o de Fios de Cobre e materiais met\u00e1licos - Regi\u00e3o News","isPartOf":{"@id":"https:\/\/regiaonews.net.br\/2022\/#website"},"primaryImageOfPage":{"@id":"https:\/\/regiaonews.net.br\/2022\/2024\/02\/06\/policia-civil-desenvolveu-operacao-de-combate-a-receptacao-de-fios-de-cobre-e-materiais-metalicos\/#primaryimage"},"image":{"@id":"https:\/\/regiaonews.net.br\/2022\/2024\/02\/06\/policia-civil-desenvolveu-operacao-de-combate-a-receptacao-de-fios-de-cobre-e-materiais-metalicos\/#primaryimage"},"thumbnailUrl":"https:\/\/regiaonews.net.br\/2022\/wp-content\/uploads\/2024\/02\/WhatsApp-Image-2024-02-06-at-17.43.00.jpeg","datePublished":"2024-02-06T21:26:58+00:00","breadcrumb":{"@id":"https:\/\/regiaonews.net.br\/2022\/2024\/02\/06\/policia-civil-desenvolveu-operacao-de-combate-a-receptacao-de-fios-de-cobre-e-materiais-metalicos\/#breadcrumb"},"inLanguage":"pt-BR","potentialAction":[{"@type":"ReadAction","target":["https:\/\/regiaonews.net.br\/2022\/2024\/02\/06\/policia-civil-desenvolveu-operacao-de-combate-a-receptacao-de-fios-de-cobre-e-materiais-metalicos\/"]}]},{"@type":"ImageObject","inLanguage":"pt-BR","@id":"https:\/\/regiaonews.net.br\/2022\/2024\/02\/06\/policia-civil-desenvolveu-operacao-de-combate-a-receptacao-de-fios-de-cobre-e-materiais-metalicos\/#primaryimage","url":"https:\/\/regiaonews.net.br\/2022\/wp-content\/uploads\/2024\/02\/WhatsApp-Image-2024-02-06-at-17.43.00.jpeg","contentUrl":"https:\/\/regiaonews.net.br\/2022\/wp-content\/uploads\/2024\/02\/WhatsApp-Image-2024-02-06-at-17.43.00.jpeg","width":585,"height":1266},{"@type":"BreadcrumbList","@id":"https:\/\/regiaonews.net.br\/2022\/2024\/02\/06\/policia-civil-desenvolveu-operacao-de-combate-a-receptacao-de-fios-de-cobre-e-materiais-metalicos\/#breadcrumb","itemListElement":[{"@type":"ListItem","position":1,"name":"In\u00edcio","item":"https:\/\/regiaonews.net.br\/2022\/"},{"@type":"ListItem","position":2,"name":"Pol\u00edcia Civil desenvolveu Opera\u00e7\u00e3o de combate a Recepta\u00e7\u00e3o de Fios de Cobre e materiais met\u00e1licos"}]},{"@type":"WebSite","@id":"https:\/\/regiaonews.net.br\/2022\/#website","url":"https:\/\/regiaonews.net.br\/2022\/","name":"Regi\u00e3o News","description":"Site de Not\u00edcias de Barretos e regi\u00e3o","publisher":{"@id":"https:\/\/regiaonews.net.br\/2022\/#organization"},"potentialAction":[{"@type":"SearchAction","target":{"@type":"EntryPoint","urlTemplate":"https:\/\/regiaonews.net.br\/2022\/?s={search_term_string}"},"query-input":{"@type":"PropertyValueSpecification","valueRequired":true,"valueName":"search_term_string"}}],"inLanguage":"pt-BR"},{"@type":"Organization","@id":"https:\/\/regiaonews.net.br\/2022\/#organization","name":"Regi\u00e3o News","url":"https:\/\/regiaonews.net.br\/2022\/","logo":{"@type":"ImageObject","inLanguage":"pt-BR","@id":"https:\/\/regiaonews.net.br\/2022\/#\/schema\/logo\/image\/","url":"https:\/\/regiaonews.net.br\/2022\/wp-content\/uploads\/2026\/03\/regiao-13-anos-scaled.jpg","contentUrl":"https:\/\/regiaonews.net.br\/2022\/wp-content\/uploads\/2026\/03\/regiao-13-anos-scaled.jpg","width":2560,"height":635,"caption":"Regi\u00e3o News"},"image":{"@id":"https:\/\/regiaonews.net.br\/2022\/#\/schema\/logo\/image\/"}},{"@type":"Person","@id":"https:\/\/regiaonews.net.br\/2022\/#\/schema\/person\/2d205a608a5aa97ac279d7a5e6d89ad8","name":"Roberto","image":{"@type":"ImageObject","inLanguage":"pt-BR","@id":"https:\/\/secure.gravatar.com\/avatar\/42749d8b712ff9d59ca93dc150494e5b55a44134482993f5baeb97e61b7ecc89?s=96&d=mm&r=g","url":"https:\/\/secure.gravatar.com\/avatar\/42749d8b712ff9d59ca93dc150494e5b55a44134482993f5baeb97e61b7ecc89?s=96&d=mm&r=g","contentUrl":"https:\/\/secure.gravatar.com\/avatar\/42749d8b712ff9d59ca93dc150494e5b55a44134482993f5baeb97e61b7ecc89?s=96&d=mm&r=g","caption":"Roberto"},"url":"https:\/\/regiaonews.net.br\/2022\/author\/roberto\/"}]}},"publishpress_future_action":{"enabled":false,"date":"2026-05-04 00:19:25","action":"change-status","newStatus":"draft","terms":[],"taxonomy":"category","extraData":[]},"publishpress_future_workflow_manual_trigger":{"enabledWorkflows":[]},"_links":{"self":[{"href":"https:\/\/regiaonews.net.br\/2022\/wp-json\/wp\/v2\/posts\/100976","targetHints":{"allow":["GET"]}}],"collection":[{"href":"https:\/\/regiaonews.net.br\/2022\/wp-json\/wp\/v2\/posts"}],"about":[{"href":"https:\/\/regiaonews.net.br\/2022\/wp-json\/wp\/v2\/types\/post"}],"author":[{"embeddable":true,"href":"https:\/\/regiaonews.net.br\/2022\/wp-json\/wp\/v2\/users\/2"}],"replies":[{"embeddable":true,"href":"https:\/\/regiaonews.net.br\/2022\/wp-json\/wp\/v2\/comments?post=100976"}],"version-history":[{"count":1,"href":"https:\/\/regiaonews.net.br\/2022\/wp-json\/wp\/v2\/posts\/100976\/revisions"}],"predecessor-version":[{"id":100978,"href":"https:\/\/regiaonews.net.br\/2022\/wp-json\/wp\/v2\/posts\/100976\/revisions\/100978"}],"wp:featuredmedia":[{"embeddable":true,"href":"https:\/\/regiaonews.net.br\/2022\/wp-json\/wp\/v2\/media\/100977"}],"wp:attachment":[{"href":"https:\/\/regiaonews.net.br\/2022\/wp-json\/wp\/v2\/media?parent=100976"}],"wp:term":[{"taxonomy":"category","embeddable":true,"href":"https:\/\/regiaonews.net.br\/2022\/wp-json\/wp\/v2\/categories?post=100976"},{"taxonomy":"post_tag","embeddable":true,"href":"https:\/\/regiaonews.net.br\/2022\/wp-json\/wp\/v2\/tags?post=100976"}],"curies":[{"name":"wp","href":"https:\/\/api.w.org\/{rel}","templated":true}]}}