{"id":100973,"date":"2024-02-06T18:24:54","date_gmt":"2024-02-06T21:24:54","guid":{"rendered":"https:\/\/regiaonews.net.br\/2022\/?p=100973"},"modified":"2024-02-06T18:24:54","modified_gmt":"2024-02-06T21:24:54","slug":"cerca-de-13-mil-alunos-da-rede-municipal-de-ensino-de-barretos-iniciam-ano-letivo-de-2024-nesta-quarta-feira-dia-7","status":"publish","type":"post","link":"https:\/\/regiaonews.net.br\/2022\/2024\/02\/06\/cerca-de-13-mil-alunos-da-rede-municipal-de-ensino-de-barretos-iniciam-ano-letivo-de-2024-nesta-quarta-feira-dia-7\/","title":{"rendered":"Cerca de 13 mil alunos da Rede Municipal de Ensino de Barretos iniciam ano letivo de 2024 nesta quarta-feira, dia 7"},"content":{"rendered":"<p>Profissionais da educa\u00e7\u00e3o participaram, nos dias 1\u00b0 e 2 de fevereiro, de uma s\u00e9rie de forma\u00e7\u00f5es e palestras para a volta \u00e0s aulas<\/p>\n<p>A partir desta quarta-feira, 7 de fevereiro, a Rede Municipal de Ensino da Est\u00e2ncia Tur\u00edstica de Barretos d\u00e1 in\u00edcio ao ano letivo de 2024 com o retorno de cerca de 13 mil alunos \u00e0s salas de aula dos Centros Municipais de Educa\u00e7\u00e3o Infantil (Cemeis) e das Escolas Municipais de Ensino Fundamental I, II e Educa\u00e7\u00e3o de Jovens e Adultos (EJA), pertencentes \u00e0 Secretaria Municipal de Educa\u00e7\u00e3o (SME).<br \/>\nJ\u00e9ssica Maria dos Santos, secret\u00e1ria de Educa\u00e7\u00e3o, destacou os investimentos da Prefeitura na infraestrutura das Unidades Escolares. \u201cO ano letivo come\u00e7a amanh\u00e3, mas o preparo das Escolas e Cemeis v\u00eam sendo realizado h\u00e1 um bom tempo pela Prefeitura. Temos v\u00e1rias unidades em reforma e muitas que j\u00e1 receberam diversas melhorias, tudo para levar mais conforto para estudantes e equipes escolares. Estamos investindo muito na manuten\u00e7\u00e3o dos nossos espa\u00e7os, com adequa\u00e7\u00f5es de acessibilidade e aumento na seguran\u00e7a\u201d, disse. Os setores de alimenta\u00e7\u00e3o e transporte escolar tamb\u00e9m passaram por melhorias com a instala\u00e7\u00e3o de c\u00e2meras de vigil\u00e2ncia e acessibilidade.<br \/>\nEla tamb\u00e9m ressalta que reformas em andamento em algumas unidades n\u00e3o impedir\u00e3o o retorno dos alunos. \u201cNestes locais, o que ocorrer\u00e1 \u00e9 a reorganiza\u00e7\u00e3o dos espa\u00e7os escolares para melhor receb\u00ea-los, sem preju\u00edzo ao calend\u00e1rio escolar\u201d, refor\u00e7ou. Na E.M. Jo\u00e3o Baroni, devido \u00e0 grande extens\u00e3o da obra, as aulas continuar\u00e3o realocadas na E.M. Profa. Marlene Carboni Pereira, com o transporte dos alunos garantido pelo Setor de Transporte Escolar da SME.<br \/>\nDe acordo com a SME, at\u00e9 a manh\u00e3 desta ter\u00e7a, dia 6, haviam 4.973 alunos matriculados na Educa\u00e7\u00e3o Infantil; 6.542 no Ensino Fundamental &#8211; Anos iniciais (1\u00ba ao 5\u00ba ano); 854 no Ensino Fundamental II &#8211; Anos finais (6\u00ba ao 9\u00ba ano) e 362 na Educa\u00e7\u00e3o de jovens e adultos. A Secretaria Municipal de Educa\u00e7\u00e3o destaca o trabalho de busca ativa escolar para a regulariza\u00e7\u00e3o de novas matr\u00edculas em todo in\u00edcio do ano letivo.<\/p>\n<p>Planejamento Escolar 2024<br \/>\nOs profissionais da educa\u00e7\u00e3o da Rede Municipal de Ensino participaram, nos dias 1\u00b0 e 2 de fevereiro, de uma s\u00e9rie de forma\u00e7\u00f5es e palestras para a volta \u00e0s aulas. Realizado pelo Centro de Forma\u00e7\u00e3o dos Profissionais da Educa\u00e7\u00e3o (Ceforpe), o Planejamento Escolar 2024 contou com a parceria da FTD Educa\u00e7\u00e3o e mobilizou cerca de 1.500 profissionais da educa\u00e7\u00e3o como Gestores, Docentes, Cuidadores e Auxiliares de Cuidados Di\u00e1rios (ACDs), que participaram das atividades no Centro Universit\u00e1rio da Funda\u00e7\u00e3o Educacional de Barretos (Unifeb) e no Centro Cultural \u201cOs\u00f3rio Falleiros da Rocha\u201d \u2013 Teatro Cine Barretos.<br \/>\n\u201cO nosso planejamento teve foco no socioemocional dos profissionais da educa\u00e7\u00e3o, com palestras que visavam \u00e0 forma\u00e7\u00e3o e o acolhimento ao mesmo tempo, afinal temos que cuidar de quem cuida dos nossos bens mais valiosos que s\u00e3o nossas crian\u00e7as. Tamb\u00e9m quero deixar meu agradecimento \u00e0 FTD Educa\u00e7\u00e3o, respons\u00e1vel pelo material did\u00e1tico da nossa rede, por todo o apoio nas a\u00e7\u00f5es do Planejamento Escolar 2024\u201d, comentou J\u00e9ssica.<br \/>\nNesta segunda e ter\u00e7a-feira, dias 5 e 6, encerrando as atividades do Planejamento Escolar 2024, as Unidades Escolares deram continuidade aos alinhamentos gerais com os gestores e \u00e0 organiza\u00e7\u00e3o dos espa\u00e7os para recep\u00e7\u00e3o dos alunos.<\/p>\n","protected":false},"excerpt":{"rendered":"<p>Profissionais da educa\u00e7\u00e3o participaram, nos dias 1\u00b0 e 2 de<\/p>\n","protected":false},"author":2,"featured_media":100974,"comment_status":"open","ping_status":"open","sticky":false,"template":"","format":"standard","meta":{"footnotes":""},"categories":[14,25],"tags":[],"class_list":["post-100973","post","type-post","status-publish","format-standard","has-post-thumbnail","hentry","category-barretos","category-cidades"],"yoast_head":"<!-- This site is optimized with the Yoast SEO plugin v27.4 - https:\/\/yoast.com\/product\/yoast-seo-wordpress\/ -->\n<title>Cerca de 13 mil alunos da Rede Municipal de Ensino de Barretos iniciam ano letivo de 2024 nesta quarta-feira, dia 7 - Regi\u00e3o News<\/title>\n<meta name=\"robots\" content=\"index, follow, max-snippet:-1, max-image-preview:large, max-video-preview:-1\" \/>\n<link rel=\"canonical\" href=\"https:\/\/regiaonews.net.br\/2022\/2024\/02\/06\/cerca-de-13-mil-alunos-da-rede-municipal-de-ensino-de-barretos-iniciam-ano-letivo-de-2024-nesta-quarta-feira-dia-7\/\" \/>\n<meta property=\"og:locale\" content=\"pt_BR\" \/>\n<meta property=\"og:type\" content=\"article\" \/>\n<meta property=\"og:title\" content=\"Cerca de 13 mil alunos da Rede Municipal de Ensino de Barretos iniciam ano letivo de 2024 nesta quarta-feira, dia 7 - Regi\u00e3o News\" \/>\n<meta property=\"og:description\" content=\"Profissionais da educa\u00e7\u00e3o participaram, nos dias 1\u00b0 e 2 de\" \/>\n<meta property=\"og:url\" content=\"https:\/\/regiaonews.net.br\/2022\/2024\/02\/06\/cerca-de-13-mil-alunos-da-rede-municipal-de-ensino-de-barretos-iniciam-ano-letivo-de-2024-nesta-quarta-feira-dia-7\/\" \/>\n<meta property=\"og:site_name\" content=\"Regi\u00e3o News\" \/>\n<meta property=\"article:published_time\" content=\"2024-02-06T21:24:54+00:00\" \/>\n<meta property=\"og:image\" content=\"https:\/\/regiaonews.net.br\/2022\/wp-content\/uploads\/2024\/02\/WhatsApp-Image-2024-02-06-at-17.43.20.jpeg\" \/>\n\t<meta property=\"og:image:width\" content=\"1600\" \/>\n\t<meta property=\"og:image:height\" content=\"1068\" \/>\n\t<meta property=\"og:image:type\" content=\"image\/jpeg\" \/>\n<meta name=\"author\" content=\"Roberto\" \/>\n<meta name=\"twitter:card\" content=\"summary_large_image\" \/>\n<meta name=\"twitter:label1\" content=\"Escrito por\" \/>\n\t<meta name=\"twitter:data1\" content=\"Roberto\" \/>\n\t<meta name=\"twitter:label2\" content=\"Est. tempo de leitura\" \/>\n\t<meta name=\"twitter:data2\" content=\"4 minutos\" \/>\n<script type=\"application\/ld+json\" class=\"yoast-schema-graph\">{\"@context\":\"https:\\\/\\\/schema.org\",\"@graph\":[{\"@type\":\"Article\",\"@id\":\"https:\\\/\\\/regiaonews.net.br\\\/2022\\\/2024\\\/02\\\/06\\\/cerca-de-13-mil-alunos-da-rede-municipal-de-ensino-de-barretos-iniciam-ano-letivo-de-2024-nesta-quarta-feira-dia-7\\\/#article\",\"isPartOf\":{\"@id\":\"https:\\\/\\\/regiaonews.net.br\\\/2022\\\/2024\\\/02\\\/06\\\/cerca-de-13-mil-alunos-da-rede-municipal-de-ensino-de-barretos-iniciam-ano-letivo-de-2024-nesta-quarta-feira-dia-7\\\/\"},\"author\":{\"name\":\"Roberto\",\"@id\":\"https:\\\/\\\/regiaonews.net.br\\\/2022\\\/#\\\/schema\\\/person\\\/2d205a608a5aa97ac279d7a5e6d89ad8\"},\"headline\":\"Cerca de 13 mil alunos da Rede Municipal de Ensino de Barretos iniciam ano letivo de 2024 nesta quarta-feira, dia 7\",\"datePublished\":\"2024-02-06T21:24:54+00:00\",\"mainEntityOfPage\":{\"@id\":\"https:\\\/\\\/regiaonews.net.br\\\/2022\\\/2024\\\/02\\\/06\\\/cerca-de-13-mil-alunos-da-rede-municipal-de-ensino-de-barretos-iniciam-ano-letivo-de-2024-nesta-quarta-feira-dia-7\\\/\"},\"wordCount\":585,\"commentCount\":0,\"publisher\":{\"@id\":\"https:\\\/\\\/regiaonews.net.br\\\/2022\\\/#organization\"},\"image\":{\"@id\":\"https:\\\/\\\/regiaonews.net.br\\\/2022\\\/2024\\\/02\\\/06\\\/cerca-de-13-mil-alunos-da-rede-municipal-de-ensino-de-barretos-iniciam-ano-letivo-de-2024-nesta-quarta-feira-dia-7\\\/#primaryimage\"},\"thumbnailUrl\":\"https:\\\/\\\/regiaonews.net.br\\\/2022\\\/wp-content\\\/uploads\\\/2024\\\/02\\\/WhatsApp-Image-2024-02-06-at-17.43.20.jpeg\",\"articleSection\":[\"Barretos\",\"Cidades\"],\"inLanguage\":\"pt-BR\",\"potentialAction\":[{\"@type\":\"CommentAction\",\"name\":\"Comment\",\"target\":[\"https:\\\/\\\/regiaonews.net.br\\\/2022\\\/2024\\\/02\\\/06\\\/cerca-de-13-mil-alunos-da-rede-municipal-de-ensino-de-barretos-iniciam-ano-letivo-de-2024-nesta-quarta-feira-dia-7\\\/#respond\"]}]},{\"@type\":\"WebPage\",\"@id\":\"https:\\\/\\\/regiaonews.net.br\\\/2022\\\/2024\\\/02\\\/06\\\/cerca-de-13-mil-alunos-da-rede-municipal-de-ensino-de-barretos-iniciam-ano-letivo-de-2024-nesta-quarta-feira-dia-7\\\/\",\"url\":\"https:\\\/\\\/regiaonews.net.br\\\/2022\\\/2024\\\/02\\\/06\\\/cerca-de-13-mil-alunos-da-rede-municipal-de-ensino-de-barretos-iniciam-ano-letivo-de-2024-nesta-quarta-feira-dia-7\\\/\",\"name\":\"Cerca de 13 mil alunos da Rede Municipal de Ensino de Barretos iniciam ano letivo de 2024 nesta quarta-feira, dia 7 - Regi\u00e3o News\",\"isPartOf\":{\"@id\":\"https:\\\/\\\/regiaonews.net.br\\\/2022\\\/#website\"},\"primaryImageOfPage\":{\"@id\":\"https:\\\/\\\/regiaonews.net.br\\\/2022\\\/2024\\\/02\\\/06\\\/cerca-de-13-mil-alunos-da-rede-municipal-de-ensino-de-barretos-iniciam-ano-letivo-de-2024-nesta-quarta-feira-dia-7\\\/#primaryimage\"},\"image\":{\"@id\":\"https:\\\/\\\/regiaonews.net.br\\\/2022\\\/2024\\\/02\\\/06\\\/cerca-de-13-mil-alunos-da-rede-municipal-de-ensino-de-barretos-iniciam-ano-letivo-de-2024-nesta-quarta-feira-dia-7\\\/#primaryimage\"},\"thumbnailUrl\":\"https:\\\/\\\/regiaonews.net.br\\\/2022\\\/wp-content\\\/uploads\\\/2024\\\/02\\\/WhatsApp-Image-2024-02-06-at-17.43.20.jpeg\",\"datePublished\":\"2024-02-06T21:24:54+00:00\",\"breadcrumb\":{\"@id\":\"https:\\\/\\\/regiaonews.net.br\\\/2022\\\/2024\\\/02\\\/06\\\/cerca-de-13-mil-alunos-da-rede-municipal-de-ensino-de-barretos-iniciam-ano-letivo-de-2024-nesta-quarta-feira-dia-7\\\/#breadcrumb\"},\"inLanguage\":\"pt-BR\",\"potentialAction\":[{\"@type\":\"ReadAction\",\"target\":[\"https:\\\/\\\/regiaonews.net.br\\\/2022\\\/2024\\\/02\\\/06\\\/cerca-de-13-mil-alunos-da-rede-municipal-de-ensino-de-barretos-iniciam-ano-letivo-de-2024-nesta-quarta-feira-dia-7\\\/\"]}]},{\"@type\":\"ImageObject\",\"inLanguage\":\"pt-BR\",\"@id\":\"https:\\\/\\\/regiaonews.net.br\\\/2022\\\/2024\\\/02\\\/06\\\/cerca-de-13-mil-alunos-da-rede-municipal-de-ensino-de-barretos-iniciam-ano-letivo-de-2024-nesta-quarta-feira-dia-7\\\/#primaryimage\",\"url\":\"https:\\\/\\\/regiaonews.net.br\\\/2022\\\/wp-content\\\/uploads\\\/2024\\\/02\\\/WhatsApp-Image-2024-02-06-at-17.43.20.jpeg\",\"contentUrl\":\"https:\\\/\\\/regiaonews.net.br\\\/2022\\\/wp-content\\\/uploads\\\/2024\\\/02\\\/WhatsApp-Image-2024-02-06-at-17.43.20.jpeg\",\"width\":1600,\"height\":1068},{\"@type\":\"BreadcrumbList\",\"@id\":\"https:\\\/\\\/regiaonews.net.br\\\/2022\\\/2024\\\/02\\\/06\\\/cerca-de-13-mil-alunos-da-rede-municipal-de-ensino-de-barretos-iniciam-ano-letivo-de-2024-nesta-quarta-feira-dia-7\\\/#breadcrumb\",\"itemListElement\":[{\"@type\":\"ListItem\",\"position\":1,\"name\":\"In\u00edcio\",\"item\":\"https:\\\/\\\/regiaonews.net.br\\\/2022\\\/\"},{\"@type\":\"ListItem\",\"position\":2,\"name\":\"Cerca de 13 mil alunos da Rede Municipal de Ensino de Barretos iniciam ano letivo de 2024 nesta quarta-feira, dia 7\"}]},{\"@type\":\"WebSite\",\"@id\":\"https:\\\/\\\/regiaonews.net.br\\\/2022\\\/#website\",\"url\":\"https:\\\/\\\/regiaonews.net.br\\\/2022\\\/\",\"name\":\"Regi\u00e3o News\",\"description\":\"Site de Not\u00edcias de Barretos e regi\u00e3o\",\"publisher\":{\"@id\":\"https:\\\/\\\/regiaonews.net.br\\\/2022\\\/#organization\"},\"potentialAction\":[{\"@type\":\"SearchAction\",\"target\":{\"@type\":\"EntryPoint\",\"urlTemplate\":\"https:\\\/\\\/regiaonews.net.br\\\/2022\\\/?s={search_term_string}\"},\"query-input\":{\"@type\":\"PropertyValueSpecification\",\"valueRequired\":true,\"valueName\":\"search_term_string\"}}],\"inLanguage\":\"pt-BR\"},{\"@type\":\"Organization\",\"@id\":\"https:\\\/\\\/regiaonews.net.br\\\/2022\\\/#organization\",\"name\":\"Regi\u00e3o News\",\"url\":\"https:\\\/\\\/regiaonews.net.br\\\/2022\\\/\",\"logo\":{\"@type\":\"ImageObject\",\"inLanguage\":\"pt-BR\",\"@id\":\"https:\\\/\\\/regiaonews.net.br\\\/2022\\\/#\\\/schema\\\/logo\\\/image\\\/\",\"url\":\"https:\\\/\\\/regiaonews.net.br\\\/2022\\\/wp-content\\\/uploads\\\/2026\\\/03\\\/regiao-13-anos-scaled.jpg\",\"contentUrl\":\"https:\\\/\\\/regiaonews.net.br\\\/2022\\\/wp-content\\\/uploads\\\/2026\\\/03\\\/regiao-13-anos-scaled.jpg\",\"width\":2560,\"height\":635,\"caption\":\"Regi\u00e3o News\"},\"image\":{\"@id\":\"https:\\\/\\\/regiaonews.net.br\\\/2022\\\/#\\\/schema\\\/logo\\\/image\\\/\"}},{\"@type\":\"Person\",\"@id\":\"https:\\\/\\\/regiaonews.net.br\\\/2022\\\/#\\\/schema\\\/person\\\/2d205a608a5aa97ac279d7a5e6d89ad8\",\"name\":\"Roberto\",\"image\":{\"@type\":\"ImageObject\",\"inLanguage\":\"pt-BR\",\"@id\":\"https:\\\/\\\/secure.gravatar.com\\\/avatar\\\/42749d8b712ff9d59ca93dc150494e5b55a44134482993f5baeb97e61b7ecc89?s=96&d=mm&r=g\",\"url\":\"https:\\\/\\\/secure.gravatar.com\\\/avatar\\\/42749d8b712ff9d59ca93dc150494e5b55a44134482993f5baeb97e61b7ecc89?s=96&d=mm&r=g\",\"contentUrl\":\"https:\\\/\\\/secure.gravatar.com\\\/avatar\\\/42749d8b712ff9d59ca93dc150494e5b55a44134482993f5baeb97e61b7ecc89?s=96&d=mm&r=g\",\"caption\":\"Roberto\"},\"url\":\"https:\\\/\\\/regiaonews.net.br\\\/2022\\\/author\\\/roberto\\\/\"}]}<\/script>\n<!-- \/ Yoast SEO plugin. -->","yoast_head_json":{"title":"Cerca de 13 mil alunos da Rede Municipal de Ensino de Barretos iniciam ano letivo de 2024 nesta quarta-feira, dia 7 - Regi\u00e3o News","robots":{"index":"index","follow":"follow","max-snippet":"max-snippet:-1","max-image-preview":"max-image-preview:large","max-video-preview":"max-video-preview:-1"},"canonical":"https:\/\/regiaonews.net.br\/2022\/2024\/02\/06\/cerca-de-13-mil-alunos-da-rede-municipal-de-ensino-de-barretos-iniciam-ano-letivo-de-2024-nesta-quarta-feira-dia-7\/","og_locale":"pt_BR","og_type":"article","og_title":"Cerca de 13 mil alunos da Rede Municipal de Ensino de Barretos iniciam ano letivo de 2024 nesta quarta-feira, dia 7 - Regi\u00e3o News","og_description":"Profissionais da educa\u00e7\u00e3o participaram, nos dias 1\u00b0 e 2 de","og_url":"https:\/\/regiaonews.net.br\/2022\/2024\/02\/06\/cerca-de-13-mil-alunos-da-rede-municipal-de-ensino-de-barretos-iniciam-ano-letivo-de-2024-nesta-quarta-feira-dia-7\/","og_site_name":"Regi\u00e3o News","article_published_time":"2024-02-06T21:24:54+00:00","og_image":[{"width":1600,"height":1068,"url":"https:\/\/regiaonews.net.br\/2022\/wp-content\/uploads\/2024\/02\/WhatsApp-Image-2024-02-06-at-17.43.20.jpeg","type":"image\/jpeg"}],"author":"Roberto","twitter_card":"summary_large_image","twitter_misc":{"Escrito por":"Roberto","Est. tempo de leitura":"4 minutos"},"schema":{"@context":"https:\/\/schema.org","@graph":[{"@type":"Article","@id":"https:\/\/regiaonews.net.br\/2022\/2024\/02\/06\/cerca-de-13-mil-alunos-da-rede-municipal-de-ensino-de-barretos-iniciam-ano-letivo-de-2024-nesta-quarta-feira-dia-7\/#article","isPartOf":{"@id":"https:\/\/regiaonews.net.br\/2022\/2024\/02\/06\/cerca-de-13-mil-alunos-da-rede-municipal-de-ensino-de-barretos-iniciam-ano-letivo-de-2024-nesta-quarta-feira-dia-7\/"},"author":{"name":"Roberto","@id":"https:\/\/regiaonews.net.br\/2022\/#\/schema\/person\/2d205a608a5aa97ac279d7a5e6d89ad8"},"headline":"Cerca de 13 mil alunos da Rede Municipal de Ensino de Barretos iniciam ano letivo de 2024 nesta quarta-feira, dia 7","datePublished":"2024-02-06T21:24:54+00:00","mainEntityOfPage":{"@id":"https:\/\/regiaonews.net.br\/2022\/2024\/02\/06\/cerca-de-13-mil-alunos-da-rede-municipal-de-ensino-de-barretos-iniciam-ano-letivo-de-2024-nesta-quarta-feira-dia-7\/"},"wordCount":585,"commentCount":0,"publisher":{"@id":"https:\/\/regiaonews.net.br\/2022\/#organization"},"image":{"@id":"https:\/\/regiaonews.net.br\/2022\/2024\/02\/06\/cerca-de-13-mil-alunos-da-rede-municipal-de-ensino-de-barretos-iniciam-ano-letivo-de-2024-nesta-quarta-feira-dia-7\/#primaryimage"},"thumbnailUrl":"https:\/\/regiaonews.net.br\/2022\/wp-content\/uploads\/2024\/02\/WhatsApp-Image-2024-02-06-at-17.43.20.jpeg","articleSection":["Barretos","Cidades"],"inLanguage":"pt-BR","potentialAction":[{"@type":"CommentAction","name":"Comment","target":["https:\/\/regiaonews.net.br\/2022\/2024\/02\/06\/cerca-de-13-mil-alunos-da-rede-municipal-de-ensino-de-barretos-iniciam-ano-letivo-de-2024-nesta-quarta-feira-dia-7\/#respond"]}]},{"@type":"WebPage","@id":"https:\/\/regiaonews.net.br\/2022\/2024\/02\/06\/cerca-de-13-mil-alunos-da-rede-municipal-de-ensino-de-barretos-iniciam-ano-letivo-de-2024-nesta-quarta-feira-dia-7\/","url":"https:\/\/regiaonews.net.br\/2022\/2024\/02\/06\/cerca-de-13-mil-alunos-da-rede-municipal-de-ensino-de-barretos-iniciam-ano-letivo-de-2024-nesta-quarta-feira-dia-7\/","name":"Cerca de 13 mil alunos da Rede Municipal de Ensino de Barretos iniciam ano letivo de 2024 nesta quarta-feira, dia 7 - Regi\u00e3o News","isPartOf":{"@id":"https:\/\/regiaonews.net.br\/2022\/#website"},"primaryImageOfPage":{"@id":"https:\/\/regiaonews.net.br\/2022\/2024\/02\/06\/cerca-de-13-mil-alunos-da-rede-municipal-de-ensino-de-barretos-iniciam-ano-letivo-de-2024-nesta-quarta-feira-dia-7\/#primaryimage"},"image":{"@id":"https:\/\/regiaonews.net.br\/2022\/2024\/02\/06\/cerca-de-13-mil-alunos-da-rede-municipal-de-ensino-de-barretos-iniciam-ano-letivo-de-2024-nesta-quarta-feira-dia-7\/#primaryimage"},"thumbnailUrl":"https:\/\/regiaonews.net.br\/2022\/wp-content\/uploads\/2024\/02\/WhatsApp-Image-2024-02-06-at-17.43.20.jpeg","datePublished":"2024-02-06T21:24:54+00:00","breadcrumb":{"@id":"https:\/\/regiaonews.net.br\/2022\/2024\/02\/06\/cerca-de-13-mil-alunos-da-rede-municipal-de-ensino-de-barretos-iniciam-ano-letivo-de-2024-nesta-quarta-feira-dia-7\/#breadcrumb"},"inLanguage":"pt-BR","potentialAction":[{"@type":"ReadAction","target":["https:\/\/regiaonews.net.br\/2022\/2024\/02\/06\/cerca-de-13-mil-alunos-da-rede-municipal-de-ensino-de-barretos-iniciam-ano-letivo-de-2024-nesta-quarta-feira-dia-7\/"]}]},{"@type":"ImageObject","inLanguage":"pt-BR","@id":"https:\/\/regiaonews.net.br\/2022\/2024\/02\/06\/cerca-de-13-mil-alunos-da-rede-municipal-de-ensino-de-barretos-iniciam-ano-letivo-de-2024-nesta-quarta-feira-dia-7\/#primaryimage","url":"https:\/\/regiaonews.net.br\/2022\/wp-content\/uploads\/2024\/02\/WhatsApp-Image-2024-02-06-at-17.43.20.jpeg","contentUrl":"https:\/\/regiaonews.net.br\/2022\/wp-content\/uploads\/2024\/02\/WhatsApp-Image-2024-02-06-at-17.43.20.jpeg","width":1600,"height":1068},{"@type":"BreadcrumbList","@id":"https:\/\/regiaonews.net.br\/2022\/2024\/02\/06\/cerca-de-13-mil-alunos-da-rede-municipal-de-ensino-de-barretos-iniciam-ano-letivo-de-2024-nesta-quarta-feira-dia-7\/#breadcrumb","itemListElement":[{"@type":"ListItem","position":1,"name":"In\u00edcio","item":"https:\/\/regiaonews.net.br\/2022\/"},{"@type":"ListItem","position":2,"name":"Cerca de 13 mil alunos da Rede Municipal de Ensino de Barretos iniciam ano letivo de 2024 nesta quarta-feira, dia 7"}]},{"@type":"WebSite","@id":"https:\/\/regiaonews.net.br\/2022\/#website","url":"https:\/\/regiaonews.net.br\/2022\/","name":"Regi\u00e3o News","description":"Site de Not\u00edcias de Barretos e regi\u00e3o","publisher":{"@id":"https:\/\/regiaonews.net.br\/2022\/#organization"},"potentialAction":[{"@type":"SearchAction","target":{"@type":"EntryPoint","urlTemplate":"https:\/\/regiaonews.net.br\/2022\/?s={search_term_string}"},"query-input":{"@type":"PropertyValueSpecification","valueRequired":true,"valueName":"search_term_string"}}],"inLanguage":"pt-BR"},{"@type":"Organization","@id":"https:\/\/regiaonews.net.br\/2022\/#organization","name":"Regi\u00e3o News","url":"https:\/\/regiaonews.net.br\/2022\/","logo":{"@type":"ImageObject","inLanguage":"pt-BR","@id":"https:\/\/regiaonews.net.br\/2022\/#\/schema\/logo\/image\/","url":"https:\/\/regiaonews.net.br\/2022\/wp-content\/uploads\/2026\/03\/regiao-13-anos-scaled.jpg","contentUrl":"https:\/\/regiaonews.net.br\/2022\/wp-content\/uploads\/2026\/03\/regiao-13-anos-scaled.jpg","width":2560,"height":635,"caption":"Regi\u00e3o News"},"image":{"@id":"https:\/\/regiaonews.net.br\/2022\/#\/schema\/logo\/image\/"}},{"@type":"Person","@id":"https:\/\/regiaonews.net.br\/2022\/#\/schema\/person\/2d205a608a5aa97ac279d7a5e6d89ad8","name":"Roberto","image":{"@type":"ImageObject","inLanguage":"pt-BR","@id":"https:\/\/secure.gravatar.com\/avatar\/42749d8b712ff9d59ca93dc150494e5b55a44134482993f5baeb97e61b7ecc89?s=96&d=mm&r=g","url":"https:\/\/secure.gravatar.com\/avatar\/42749d8b712ff9d59ca93dc150494e5b55a44134482993f5baeb97e61b7ecc89?s=96&d=mm&r=g","contentUrl":"https:\/\/secure.gravatar.com\/avatar\/42749d8b712ff9d59ca93dc150494e5b55a44134482993f5baeb97e61b7ecc89?s=96&d=mm&r=g","caption":"Roberto"},"url":"https:\/\/regiaonews.net.br\/2022\/author\/roberto\/"}]}},"publishpress_future_action":{"enabled":false,"date":"2026-05-04 00:19:25","action":"change-status","newStatus":"draft","terms":[],"taxonomy":"category","extraData":[]},"publishpress_future_workflow_manual_trigger":{"enabledWorkflows":[]},"_links":{"self":[{"href":"https:\/\/regiaonews.net.br\/2022\/wp-json\/wp\/v2\/posts\/100973","targetHints":{"allow":["GET"]}}],"collection":[{"href":"https:\/\/regiaonews.net.br\/2022\/wp-json\/wp\/v2\/posts"}],"about":[{"href":"https:\/\/regiaonews.net.br\/2022\/wp-json\/wp\/v2\/types\/post"}],"author":[{"embeddable":true,"href":"https:\/\/regiaonews.net.br\/2022\/wp-json\/wp\/v2\/users\/2"}],"replies":[{"embeddable":true,"href":"https:\/\/regiaonews.net.br\/2022\/wp-json\/wp\/v2\/comments?post=100973"}],"version-history":[{"count":1,"href":"https:\/\/regiaonews.net.br\/2022\/wp-json\/wp\/v2\/posts\/100973\/revisions"}],"predecessor-version":[{"id":100975,"href":"https:\/\/regiaonews.net.br\/2022\/wp-json\/wp\/v2\/posts\/100973\/revisions\/100975"}],"wp:featuredmedia":[{"embeddable":true,"href":"https:\/\/regiaonews.net.br\/2022\/wp-json\/wp\/v2\/media\/100974"}],"wp:attachment":[{"href":"https:\/\/regiaonews.net.br\/2022\/wp-json\/wp\/v2\/media?parent=100973"}],"wp:term":[{"taxonomy":"category","embeddable":true,"href":"https:\/\/regiaonews.net.br\/2022\/wp-json\/wp\/v2\/categories?post=100973"},{"taxonomy":"post_tag","embeddable":true,"href":"https:\/\/regiaonews.net.br\/2022\/wp-json\/wp\/v2\/tags?post=100973"}],"curies":[{"name":"wp","href":"https:\/\/api.w.org\/{rel}","templated":true}]}}