{"id":100963,"date":"2024-02-06T16:23:55","date_gmt":"2024-02-06T19:23:55","guid":{"rendered":"https:\/\/regiaonews.net.br\/2022\/?p=100963"},"modified":"2024-02-06T16:23:55","modified_gmt":"2024-02-06T19:23:55","slug":"superintendente-do-saae-barretos-acompanha-visita-tecnica-de-equipe-do-daee-na-regiao-dos-lagos","status":"publish","type":"post","link":"https:\/\/regiaonews.net.br\/2022\/2024\/02\/06\/superintendente-do-saae-barretos-acompanha-visita-tecnica-de-equipe-do-daee-na-regiao-dos-lagos\/","title":{"rendered":"Superintendente do SAAE Barretos acompanha visita t\u00e9cnica de equipe do DAEE na Regi\u00e3o dos Lagos"},"content":{"rendered":"<h3 style=\"text-align: center;\">Local est\u00e1 sendo desassoreado por iniciativa do Programa Rios Vivos<\/h3>\n<p>Na manh\u00e3 desta ter\u00e7a-feira (06), Marcelo Borges, superintendente do Servi\u00e7o Aut\u00f4nomo de \u00c1gua e Esgoto (SAAEB), acompanhou Jos\u00e9 Carlos Momenti &#8211; Diretor da Diretoria da Bacia do Pardo\/Grande (DBPG), e Cl\u00e1udio Daher &#8211; engenheiro do Departamento de \u00c1guas e Energia El\u00e9trica do Estado de S\u00e3o Paulo (DAEE), durante a visita t\u00e9cnica ao segundo lago atualmente em processo de desassoreamento como parte do Programa Rios Vivos.<\/p>\n<p>A visita t\u00e9cnica \u00e9 uma a\u00e7\u00e3o importante para garantir a qualidade e a efic\u00e1cia do processo de desassoreamento, essencial para a melhoria da capta\u00e7\u00e3o de \u00e1gua pelo SAAEB quanto para a sustentabilidade ambiental da cidade.<\/p>\n<p>O Programa Rios Vivo \u00e9 uma iniciativa liderada pelo DAEE, com o compromisso de preserva\u00e7\u00e3o ambiental e melhoria da qualidade da \u00e1gua dos rios paulistas, focando na remo\u00e7\u00e3o de sedimentos e na revitaliza\u00e7\u00e3o dos cursos d&#8217;\u00e1gua.<\/p>\n<p>Esta colabora\u00e7\u00e3o entre o DAEE, a Prefeitura de Barretos e o SAAEB simboliza uma dedica\u00e7\u00e3o cont\u00ednua \u00e0 sustentabilidade e \u00e0 melhoria dos recursos h\u00eddricos locais. O trabalho conjunto visa n\u00e3o apenas a revitaliza\u00e7\u00e3o ambiental, mas tamb\u00e9m assegura benef\u00edcios significativos para a comunidade.<\/p>\n<p>&#8220;Este esfor\u00e7o colaborativo \u00e9 essencial para proteger a sa\u00fade dos nossos recursos h\u00eddricos e promover a sustentabilidade do meio ambiente na Regi\u00e3o dos Lagos&#8221;, afirma Marcelo Borges.<\/p>\n<p>SAAE Barretos \u2013 06 de fevereiro de 2024<br \/>\nAssessoria de Imprensa<br \/>\nwww.saaeb.com.br<\/p>\n","protected":false},"excerpt":{"rendered":"<p>Local est\u00e1 sendo desassoreado por iniciativa do Programa Rios Vivos<\/p>\n","protected":false},"author":2,"featured_media":100964,"comment_status":"open","ping_status":"open","sticky":false,"template":"","format":"standard","meta":{"footnotes":""},"categories":[14,3],"tags":[],"class_list":["post-100963","post","type-post","status-publish","format-standard","has-post-thumbnail","hentry","category-barretos","category-geral"],"yoast_head":"<!-- This site is optimized with the Yoast SEO plugin v27.4 - https:\/\/yoast.com\/product\/yoast-seo-wordpress\/ -->\n<title>Superintendente do SAAE Barretos acompanha visita t\u00e9cnica de equipe do DAEE na Regi\u00e3o dos Lagos - Regi\u00e3o News<\/title>\n<meta name=\"robots\" content=\"index, follow, max-snippet:-1, max-image-preview:large, max-video-preview:-1\" \/>\n<link rel=\"canonical\" href=\"https:\/\/regiaonews.net.br\/2022\/2024\/02\/06\/superintendente-do-saae-barretos-acompanha-visita-tecnica-de-equipe-do-daee-na-regiao-dos-lagos\/\" \/>\n<meta property=\"og:locale\" content=\"pt_BR\" \/>\n<meta property=\"og:type\" content=\"article\" \/>\n<meta property=\"og:title\" content=\"Superintendente do SAAE Barretos acompanha visita t\u00e9cnica de equipe do DAEE na Regi\u00e3o dos Lagos - Regi\u00e3o News\" \/>\n<meta property=\"og:description\" content=\"Local est\u00e1 sendo desassoreado por iniciativa do Programa Rios Vivos\" \/>\n<meta property=\"og:url\" content=\"https:\/\/regiaonews.net.br\/2022\/2024\/02\/06\/superintendente-do-saae-barretos-acompanha-visita-tecnica-de-equipe-do-daee-na-regiao-dos-lagos\/\" \/>\n<meta property=\"og:site_name\" content=\"Regi\u00e3o News\" \/>\n<meta property=\"article:published_time\" content=\"2024-02-06T19:23:55+00:00\" \/>\n<meta property=\"og:image\" content=\"https:\/\/regiaonews.net.br\/2022\/wp-content\/uploads\/2024\/02\/Imagem-do-WhatsApp-de-2024-02-06-as-15.03.37_f75628ae.jpg\" \/>\n\t<meta property=\"og:image:width\" content=\"1600\" \/>\n\t<meta property=\"og:image:height\" content=\"1066\" \/>\n\t<meta property=\"og:image:type\" content=\"image\/jpeg\" \/>\n<meta name=\"author\" content=\"Roberto\" \/>\n<meta name=\"twitter:card\" content=\"summary_large_image\" \/>\n<meta name=\"twitter:label1\" content=\"Escrito por\" \/>\n\t<meta name=\"twitter:data1\" content=\"Roberto\" \/>\n\t<meta name=\"twitter:label2\" content=\"Est. tempo de leitura\" \/>\n\t<meta name=\"twitter:data2\" content=\"2 minutos\" \/>\n<script type=\"application\/ld+json\" class=\"yoast-schema-graph\">{\"@context\":\"https:\\\/\\\/schema.org\",\"@graph\":[{\"@type\":\"Article\",\"@id\":\"https:\\\/\\\/regiaonews.net.br\\\/2022\\\/2024\\\/02\\\/06\\\/superintendente-do-saae-barretos-acompanha-visita-tecnica-de-equipe-do-daee-na-regiao-dos-lagos\\\/#article\",\"isPartOf\":{\"@id\":\"https:\\\/\\\/regiaonews.net.br\\\/2022\\\/2024\\\/02\\\/06\\\/superintendente-do-saae-barretos-acompanha-visita-tecnica-de-equipe-do-daee-na-regiao-dos-lagos\\\/\"},\"author\":{\"name\":\"Roberto\",\"@id\":\"https:\\\/\\\/regiaonews.net.br\\\/2022\\\/#\\\/schema\\\/person\\\/2d205a608a5aa97ac279d7a5e6d89ad8\"},\"headline\":\"Superintendente do SAAE Barretos acompanha visita t\u00e9cnica de equipe do DAEE na Regi\u00e3o dos Lagos\",\"datePublished\":\"2024-02-06T19:23:55+00:00\",\"mainEntityOfPage\":{\"@id\":\"https:\\\/\\\/regiaonews.net.br\\\/2022\\\/2024\\\/02\\\/06\\\/superintendente-do-saae-barretos-acompanha-visita-tecnica-de-equipe-do-daee-na-regiao-dos-lagos\\\/\"},\"wordCount\":266,\"commentCount\":0,\"publisher\":{\"@id\":\"https:\\\/\\\/regiaonews.net.br\\\/2022\\\/#organization\"},\"image\":{\"@id\":\"https:\\\/\\\/regiaonews.net.br\\\/2022\\\/2024\\\/02\\\/06\\\/superintendente-do-saae-barretos-acompanha-visita-tecnica-de-equipe-do-daee-na-regiao-dos-lagos\\\/#primaryimage\"},\"thumbnailUrl\":\"https:\\\/\\\/regiaonews.net.br\\\/2022\\\/wp-content\\\/uploads\\\/2024\\\/02\\\/Imagem-do-WhatsApp-de-2024-02-06-as-15.03.37_f75628ae.jpg\",\"articleSection\":[\"Barretos\",\"Geral\"],\"inLanguage\":\"pt-BR\",\"potentialAction\":[{\"@type\":\"CommentAction\",\"name\":\"Comment\",\"target\":[\"https:\\\/\\\/regiaonews.net.br\\\/2022\\\/2024\\\/02\\\/06\\\/superintendente-do-saae-barretos-acompanha-visita-tecnica-de-equipe-do-daee-na-regiao-dos-lagos\\\/#respond\"]}]},{\"@type\":\"WebPage\",\"@id\":\"https:\\\/\\\/regiaonews.net.br\\\/2022\\\/2024\\\/02\\\/06\\\/superintendente-do-saae-barretos-acompanha-visita-tecnica-de-equipe-do-daee-na-regiao-dos-lagos\\\/\",\"url\":\"https:\\\/\\\/regiaonews.net.br\\\/2022\\\/2024\\\/02\\\/06\\\/superintendente-do-saae-barretos-acompanha-visita-tecnica-de-equipe-do-daee-na-regiao-dos-lagos\\\/\",\"name\":\"Superintendente do SAAE Barretos acompanha visita t\u00e9cnica de equipe do DAEE na Regi\u00e3o dos Lagos - Regi\u00e3o News\",\"isPartOf\":{\"@id\":\"https:\\\/\\\/regiaonews.net.br\\\/2022\\\/#website\"},\"primaryImageOfPage\":{\"@id\":\"https:\\\/\\\/regiaonews.net.br\\\/2022\\\/2024\\\/02\\\/06\\\/superintendente-do-saae-barretos-acompanha-visita-tecnica-de-equipe-do-daee-na-regiao-dos-lagos\\\/#primaryimage\"},\"image\":{\"@id\":\"https:\\\/\\\/regiaonews.net.br\\\/2022\\\/2024\\\/02\\\/06\\\/superintendente-do-saae-barretos-acompanha-visita-tecnica-de-equipe-do-daee-na-regiao-dos-lagos\\\/#primaryimage\"},\"thumbnailUrl\":\"https:\\\/\\\/regiaonews.net.br\\\/2022\\\/wp-content\\\/uploads\\\/2024\\\/02\\\/Imagem-do-WhatsApp-de-2024-02-06-as-15.03.37_f75628ae.jpg\",\"datePublished\":\"2024-02-06T19:23:55+00:00\",\"breadcrumb\":{\"@id\":\"https:\\\/\\\/regiaonews.net.br\\\/2022\\\/2024\\\/02\\\/06\\\/superintendente-do-saae-barretos-acompanha-visita-tecnica-de-equipe-do-daee-na-regiao-dos-lagos\\\/#breadcrumb\"},\"inLanguage\":\"pt-BR\",\"potentialAction\":[{\"@type\":\"ReadAction\",\"target\":[\"https:\\\/\\\/regiaonews.net.br\\\/2022\\\/2024\\\/02\\\/06\\\/superintendente-do-saae-barretos-acompanha-visita-tecnica-de-equipe-do-daee-na-regiao-dos-lagos\\\/\"]}]},{\"@type\":\"ImageObject\",\"inLanguage\":\"pt-BR\",\"@id\":\"https:\\\/\\\/regiaonews.net.br\\\/2022\\\/2024\\\/02\\\/06\\\/superintendente-do-saae-barretos-acompanha-visita-tecnica-de-equipe-do-daee-na-regiao-dos-lagos\\\/#primaryimage\",\"url\":\"https:\\\/\\\/regiaonews.net.br\\\/2022\\\/wp-content\\\/uploads\\\/2024\\\/02\\\/Imagem-do-WhatsApp-de-2024-02-06-as-15.03.37_f75628ae.jpg\",\"contentUrl\":\"https:\\\/\\\/regiaonews.net.br\\\/2022\\\/wp-content\\\/uploads\\\/2024\\\/02\\\/Imagem-do-WhatsApp-de-2024-02-06-as-15.03.37_f75628ae.jpg\",\"width\":1600,\"height\":1066},{\"@type\":\"BreadcrumbList\",\"@id\":\"https:\\\/\\\/regiaonews.net.br\\\/2022\\\/2024\\\/02\\\/06\\\/superintendente-do-saae-barretos-acompanha-visita-tecnica-de-equipe-do-daee-na-regiao-dos-lagos\\\/#breadcrumb\",\"itemListElement\":[{\"@type\":\"ListItem\",\"position\":1,\"name\":\"In\u00edcio\",\"item\":\"https:\\\/\\\/regiaonews.net.br\\\/2022\\\/\"},{\"@type\":\"ListItem\",\"position\":2,\"name\":\"Superintendente do SAAE Barretos acompanha visita t\u00e9cnica de equipe do DAEE na Regi\u00e3o dos Lagos\"}]},{\"@type\":\"WebSite\",\"@id\":\"https:\\\/\\\/regiaonews.net.br\\\/2022\\\/#website\",\"url\":\"https:\\\/\\\/regiaonews.net.br\\\/2022\\\/\",\"name\":\"Regi\u00e3o News\",\"description\":\"Site de Not\u00edcias de Barretos e regi\u00e3o\",\"publisher\":{\"@id\":\"https:\\\/\\\/regiaonews.net.br\\\/2022\\\/#organization\"},\"potentialAction\":[{\"@type\":\"SearchAction\",\"target\":{\"@type\":\"EntryPoint\",\"urlTemplate\":\"https:\\\/\\\/regiaonews.net.br\\\/2022\\\/?s={search_term_string}\"},\"query-input\":{\"@type\":\"PropertyValueSpecification\",\"valueRequired\":true,\"valueName\":\"search_term_string\"}}],\"inLanguage\":\"pt-BR\"},{\"@type\":\"Organization\",\"@id\":\"https:\\\/\\\/regiaonews.net.br\\\/2022\\\/#organization\",\"name\":\"Regi\u00e3o News\",\"url\":\"https:\\\/\\\/regiaonews.net.br\\\/2022\\\/\",\"logo\":{\"@type\":\"ImageObject\",\"inLanguage\":\"pt-BR\",\"@id\":\"https:\\\/\\\/regiaonews.net.br\\\/2022\\\/#\\\/schema\\\/logo\\\/image\\\/\",\"url\":\"https:\\\/\\\/regiaonews.net.br\\\/2022\\\/wp-content\\\/uploads\\\/2026\\\/03\\\/regiao-13-anos-scaled.jpg\",\"contentUrl\":\"https:\\\/\\\/regiaonews.net.br\\\/2022\\\/wp-content\\\/uploads\\\/2026\\\/03\\\/regiao-13-anos-scaled.jpg\",\"width\":2560,\"height\":635,\"caption\":\"Regi\u00e3o News\"},\"image\":{\"@id\":\"https:\\\/\\\/regiaonews.net.br\\\/2022\\\/#\\\/schema\\\/logo\\\/image\\\/\"}},{\"@type\":\"Person\",\"@id\":\"https:\\\/\\\/regiaonews.net.br\\\/2022\\\/#\\\/schema\\\/person\\\/2d205a608a5aa97ac279d7a5e6d89ad8\",\"name\":\"Roberto\",\"image\":{\"@type\":\"ImageObject\",\"inLanguage\":\"pt-BR\",\"@id\":\"https:\\\/\\\/secure.gravatar.com\\\/avatar\\\/42749d8b712ff9d59ca93dc150494e5b55a44134482993f5baeb97e61b7ecc89?s=96&d=mm&r=g\",\"url\":\"https:\\\/\\\/secure.gravatar.com\\\/avatar\\\/42749d8b712ff9d59ca93dc150494e5b55a44134482993f5baeb97e61b7ecc89?s=96&d=mm&r=g\",\"contentUrl\":\"https:\\\/\\\/secure.gravatar.com\\\/avatar\\\/42749d8b712ff9d59ca93dc150494e5b55a44134482993f5baeb97e61b7ecc89?s=96&d=mm&r=g\",\"caption\":\"Roberto\"},\"url\":\"https:\\\/\\\/regiaonews.net.br\\\/2022\\\/author\\\/roberto\\\/\"}]}<\/script>\n<!-- \/ Yoast SEO plugin. -->","yoast_head_json":{"title":"Superintendente do SAAE Barretos acompanha visita t\u00e9cnica de equipe do DAEE na Regi\u00e3o dos Lagos - Regi\u00e3o News","robots":{"index":"index","follow":"follow","max-snippet":"max-snippet:-1","max-image-preview":"max-image-preview:large","max-video-preview":"max-video-preview:-1"},"canonical":"https:\/\/regiaonews.net.br\/2022\/2024\/02\/06\/superintendente-do-saae-barretos-acompanha-visita-tecnica-de-equipe-do-daee-na-regiao-dos-lagos\/","og_locale":"pt_BR","og_type":"article","og_title":"Superintendente do SAAE Barretos acompanha visita t\u00e9cnica de equipe do DAEE na Regi\u00e3o dos Lagos - Regi\u00e3o News","og_description":"Local est\u00e1 sendo desassoreado por iniciativa do Programa Rios Vivos","og_url":"https:\/\/regiaonews.net.br\/2022\/2024\/02\/06\/superintendente-do-saae-barretos-acompanha-visita-tecnica-de-equipe-do-daee-na-regiao-dos-lagos\/","og_site_name":"Regi\u00e3o News","article_published_time":"2024-02-06T19:23:55+00:00","og_image":[{"width":1600,"height":1066,"url":"https:\/\/regiaonews.net.br\/2022\/wp-content\/uploads\/2024\/02\/Imagem-do-WhatsApp-de-2024-02-06-as-15.03.37_f75628ae.jpg","type":"image\/jpeg"}],"author":"Roberto","twitter_card":"summary_large_image","twitter_misc":{"Escrito por":"Roberto","Est. tempo de leitura":"2 minutos"},"schema":{"@context":"https:\/\/schema.org","@graph":[{"@type":"Article","@id":"https:\/\/regiaonews.net.br\/2022\/2024\/02\/06\/superintendente-do-saae-barretos-acompanha-visita-tecnica-de-equipe-do-daee-na-regiao-dos-lagos\/#article","isPartOf":{"@id":"https:\/\/regiaonews.net.br\/2022\/2024\/02\/06\/superintendente-do-saae-barretos-acompanha-visita-tecnica-de-equipe-do-daee-na-regiao-dos-lagos\/"},"author":{"name":"Roberto","@id":"https:\/\/regiaonews.net.br\/2022\/#\/schema\/person\/2d205a608a5aa97ac279d7a5e6d89ad8"},"headline":"Superintendente do SAAE Barretos acompanha visita t\u00e9cnica de equipe do DAEE na Regi\u00e3o dos Lagos","datePublished":"2024-02-06T19:23:55+00:00","mainEntityOfPage":{"@id":"https:\/\/regiaonews.net.br\/2022\/2024\/02\/06\/superintendente-do-saae-barretos-acompanha-visita-tecnica-de-equipe-do-daee-na-regiao-dos-lagos\/"},"wordCount":266,"commentCount":0,"publisher":{"@id":"https:\/\/regiaonews.net.br\/2022\/#organization"},"image":{"@id":"https:\/\/regiaonews.net.br\/2022\/2024\/02\/06\/superintendente-do-saae-barretos-acompanha-visita-tecnica-de-equipe-do-daee-na-regiao-dos-lagos\/#primaryimage"},"thumbnailUrl":"https:\/\/regiaonews.net.br\/2022\/wp-content\/uploads\/2024\/02\/Imagem-do-WhatsApp-de-2024-02-06-as-15.03.37_f75628ae.jpg","articleSection":["Barretos","Geral"],"inLanguage":"pt-BR","potentialAction":[{"@type":"CommentAction","name":"Comment","target":["https:\/\/regiaonews.net.br\/2022\/2024\/02\/06\/superintendente-do-saae-barretos-acompanha-visita-tecnica-de-equipe-do-daee-na-regiao-dos-lagos\/#respond"]}]},{"@type":"WebPage","@id":"https:\/\/regiaonews.net.br\/2022\/2024\/02\/06\/superintendente-do-saae-barretos-acompanha-visita-tecnica-de-equipe-do-daee-na-regiao-dos-lagos\/","url":"https:\/\/regiaonews.net.br\/2022\/2024\/02\/06\/superintendente-do-saae-barretos-acompanha-visita-tecnica-de-equipe-do-daee-na-regiao-dos-lagos\/","name":"Superintendente do SAAE Barretos acompanha visita t\u00e9cnica de equipe do DAEE na Regi\u00e3o dos Lagos - Regi\u00e3o News","isPartOf":{"@id":"https:\/\/regiaonews.net.br\/2022\/#website"},"primaryImageOfPage":{"@id":"https:\/\/regiaonews.net.br\/2022\/2024\/02\/06\/superintendente-do-saae-barretos-acompanha-visita-tecnica-de-equipe-do-daee-na-regiao-dos-lagos\/#primaryimage"},"image":{"@id":"https:\/\/regiaonews.net.br\/2022\/2024\/02\/06\/superintendente-do-saae-barretos-acompanha-visita-tecnica-de-equipe-do-daee-na-regiao-dos-lagos\/#primaryimage"},"thumbnailUrl":"https:\/\/regiaonews.net.br\/2022\/wp-content\/uploads\/2024\/02\/Imagem-do-WhatsApp-de-2024-02-06-as-15.03.37_f75628ae.jpg","datePublished":"2024-02-06T19:23:55+00:00","breadcrumb":{"@id":"https:\/\/regiaonews.net.br\/2022\/2024\/02\/06\/superintendente-do-saae-barretos-acompanha-visita-tecnica-de-equipe-do-daee-na-regiao-dos-lagos\/#breadcrumb"},"inLanguage":"pt-BR","potentialAction":[{"@type":"ReadAction","target":["https:\/\/regiaonews.net.br\/2022\/2024\/02\/06\/superintendente-do-saae-barretos-acompanha-visita-tecnica-de-equipe-do-daee-na-regiao-dos-lagos\/"]}]},{"@type":"ImageObject","inLanguage":"pt-BR","@id":"https:\/\/regiaonews.net.br\/2022\/2024\/02\/06\/superintendente-do-saae-barretos-acompanha-visita-tecnica-de-equipe-do-daee-na-regiao-dos-lagos\/#primaryimage","url":"https:\/\/regiaonews.net.br\/2022\/wp-content\/uploads\/2024\/02\/Imagem-do-WhatsApp-de-2024-02-06-as-15.03.37_f75628ae.jpg","contentUrl":"https:\/\/regiaonews.net.br\/2022\/wp-content\/uploads\/2024\/02\/Imagem-do-WhatsApp-de-2024-02-06-as-15.03.37_f75628ae.jpg","width":1600,"height":1066},{"@type":"BreadcrumbList","@id":"https:\/\/regiaonews.net.br\/2022\/2024\/02\/06\/superintendente-do-saae-barretos-acompanha-visita-tecnica-de-equipe-do-daee-na-regiao-dos-lagos\/#breadcrumb","itemListElement":[{"@type":"ListItem","position":1,"name":"In\u00edcio","item":"https:\/\/regiaonews.net.br\/2022\/"},{"@type":"ListItem","position":2,"name":"Superintendente do SAAE Barretos acompanha visita t\u00e9cnica de equipe do DAEE na Regi\u00e3o dos Lagos"}]},{"@type":"WebSite","@id":"https:\/\/regiaonews.net.br\/2022\/#website","url":"https:\/\/regiaonews.net.br\/2022\/","name":"Regi\u00e3o News","description":"Site de Not\u00edcias de Barretos e regi\u00e3o","publisher":{"@id":"https:\/\/regiaonews.net.br\/2022\/#organization"},"potentialAction":[{"@type":"SearchAction","target":{"@type":"EntryPoint","urlTemplate":"https:\/\/regiaonews.net.br\/2022\/?s={search_term_string}"},"query-input":{"@type":"PropertyValueSpecification","valueRequired":true,"valueName":"search_term_string"}}],"inLanguage":"pt-BR"},{"@type":"Organization","@id":"https:\/\/regiaonews.net.br\/2022\/#organization","name":"Regi\u00e3o News","url":"https:\/\/regiaonews.net.br\/2022\/","logo":{"@type":"ImageObject","inLanguage":"pt-BR","@id":"https:\/\/regiaonews.net.br\/2022\/#\/schema\/logo\/image\/","url":"https:\/\/regiaonews.net.br\/2022\/wp-content\/uploads\/2026\/03\/regiao-13-anos-scaled.jpg","contentUrl":"https:\/\/regiaonews.net.br\/2022\/wp-content\/uploads\/2026\/03\/regiao-13-anos-scaled.jpg","width":2560,"height":635,"caption":"Regi\u00e3o News"},"image":{"@id":"https:\/\/regiaonews.net.br\/2022\/#\/schema\/logo\/image\/"}},{"@type":"Person","@id":"https:\/\/regiaonews.net.br\/2022\/#\/schema\/person\/2d205a608a5aa97ac279d7a5e6d89ad8","name":"Roberto","image":{"@type":"ImageObject","inLanguage":"pt-BR","@id":"https:\/\/secure.gravatar.com\/avatar\/42749d8b712ff9d59ca93dc150494e5b55a44134482993f5baeb97e61b7ecc89?s=96&d=mm&r=g","url":"https:\/\/secure.gravatar.com\/avatar\/42749d8b712ff9d59ca93dc150494e5b55a44134482993f5baeb97e61b7ecc89?s=96&d=mm&r=g","contentUrl":"https:\/\/secure.gravatar.com\/avatar\/42749d8b712ff9d59ca93dc150494e5b55a44134482993f5baeb97e61b7ecc89?s=96&d=mm&r=g","caption":"Roberto"},"url":"https:\/\/regiaonews.net.br\/2022\/author\/roberto\/"}]}},"publishpress_future_action":{"enabled":false,"date":"2026-05-04 03:28:15","action":"change-status","newStatus":"draft","terms":[],"taxonomy":"category","extraData":[]},"publishpress_future_workflow_manual_trigger":{"enabledWorkflows":[]},"_links":{"self":[{"href":"https:\/\/regiaonews.net.br\/2022\/wp-json\/wp\/v2\/posts\/100963","targetHints":{"allow":["GET"]}}],"collection":[{"href":"https:\/\/regiaonews.net.br\/2022\/wp-json\/wp\/v2\/posts"}],"about":[{"href":"https:\/\/regiaonews.net.br\/2022\/wp-json\/wp\/v2\/types\/post"}],"author":[{"embeddable":true,"href":"https:\/\/regiaonews.net.br\/2022\/wp-json\/wp\/v2\/users\/2"}],"replies":[{"embeddable":true,"href":"https:\/\/regiaonews.net.br\/2022\/wp-json\/wp\/v2\/comments?post=100963"}],"version-history":[{"count":1,"href":"https:\/\/regiaonews.net.br\/2022\/wp-json\/wp\/v2\/posts\/100963\/revisions"}],"predecessor-version":[{"id":100965,"href":"https:\/\/regiaonews.net.br\/2022\/wp-json\/wp\/v2\/posts\/100963\/revisions\/100965"}],"wp:featuredmedia":[{"embeddable":true,"href":"https:\/\/regiaonews.net.br\/2022\/wp-json\/wp\/v2\/media\/100964"}],"wp:attachment":[{"href":"https:\/\/regiaonews.net.br\/2022\/wp-json\/wp\/v2\/media?parent=100963"}],"wp:term":[{"taxonomy":"category","embeddable":true,"href":"https:\/\/regiaonews.net.br\/2022\/wp-json\/wp\/v2\/categories?post=100963"},{"taxonomy":"post_tag","embeddable":true,"href":"https:\/\/regiaonews.net.br\/2022\/wp-json\/wp\/v2\/tags?post=100963"}],"curies":[{"name":"wp","href":"https:\/\/api.w.org\/{rel}","templated":true}]}}