{"id":100960,"date":"2024-02-06T16:23:07","date_gmt":"2024-02-06T19:23:07","guid":{"rendered":"https:\/\/regiaonews.net.br\/2022\/?p=100960"},"modified":"2024-02-06T16:23:07","modified_gmt":"2024-02-06T19:23:07","slug":"confira-o-que-foi-discutido-pelos-vereadores-na-sessao-da-camara-de-barretos","status":"publish","type":"post","link":"https:\/\/regiaonews.net.br\/2022\/2024\/02\/06\/confira-o-que-foi-discutido-pelos-vereadores-na-sessao-da-camara-de-barretos\/","title":{"rendered":"Confira o que foi discutido pelos vereadores na sess\u00e3o da C\u00e2mara\u00a0de\u00a0Barretos"},"content":{"rendered":"<p>RESUM\u00c3O DA SESS\u00c3O 01-2024 &#8211; EM TEXTO<\/p>\n<p>Em Sess\u00e3o Ordin\u00e1ria realizada na noite de segunda-feira, 05 de fevereiro, na C\u00e2mara, os vereadores discutiram e votaram 48 mat\u00e9rias: 34 Projetos de Lei, 05 Pareceres da Comiss\u00e3o de Justi\u00e7a e Reda\u00e7\u00e3o , 02 Projetos de Decreto Legislativo e 07 Balancetes.<br \/>\nConfira um resumo dos resultados por assunto:<\/p>\n<p>APROVADOS:<br \/>\nTranspar\u00eancia das escalas de servi\u00e7o dos funcion\u00e1rios p\u00fablicos ligados \u00e0 Secretaria Municipal de Sa\u00fade;<\/p>\n<p>Obrigatoriedade do propriet\u00e1rio, respons\u00e1vel ou condutor de animais dom\u00e9sticos ou domesticados a recolher as fezes nas vias, pra\u00e7as e logradouros p\u00fablicos;<\/p>\n<p>Realiza\u00e7\u00e3o da Sess\u00e3o Solene em homenagem ao Dia de Santos Reis nos meses de janeiro ou fevereiro;<\/p>\n<p>Balancete da C MARA referente ao m\u00eas de NOVEMBRO de 2023<\/p>\n<p>Balancete da C MARA referente ao m\u00eas de DEZEMBRO de 2023<\/p>\n<p>Balancete da PREFEITURA referente ao m\u00eas de OUTUBRO de 2023<\/p>\n<p>Balancete da PREFEITURA referente ao m\u00eas de NOVEMBRO de 2023<\/p>\n<p>Balancete do SAAEB referente ao m\u00eas de NOVEMBRO de 2023<\/p>\n<p>Balancete da PREFEITURA referente ao m\u00eas de NOVEMBRO de 2023<\/p>\n<p>Balancete do INSTITUTO DE PREVID\u00caNCIA referente ao m\u00eas de NOVEMBRO de 2023<\/p>\n<p>Aberturas de Cr\u00e9dito<\/p>\n<p>Os vereadores tamb\u00e9m aprovaram 14 Projetos de Lei que somam R$ 39,6 milh\u00f5es em Aberturas de Cr\u00e9dito Adicional Especial ou Suplementar para v\u00e1rias \u00e1reas da cidade:<\/p>\n<p>Abertura de Cr\u00e9dito Adicional Suplementar: R$ 11,4 mil para a Santa Casa de Miseric\u00f3rdia<\/p>\n<p>Abertura de Cr\u00e9dito Adicional Suplementar: R$ 321,8 mil para a Santa Casa de Miseric\u00f3rdia<\/p>\n<p>Abertura de Cr\u00e9dito Adicional Suplementar: R$ 39,1 mil para repasse da assist\u00eancia farmac\u00eautica &#8211; bloco de aten\u00e7\u00e3o b\u00e1sica;<br \/>\nAbertura de Cr\u00e9dito Adicional Especial: R$ 148,6 mil para o Projeto Centro de Forma\u00e7\u00e3o Esportiva &#8211; Basquetebol &#8211; Fase II;<\/p>\n<p>Abertura de Cr\u00e9dito Adicional Especial: R$ 350 mil para aquisi\u00e7\u00e3o de ve\u00edculo ao Munic\u00edpio<\/p>\n<p>Abertura de Cr\u00e9dito Adicional Especial: R$ 14,3 milh\u00f5es para implanta\u00e7\u00e3o de sistema de abastecimento de \u00e1gua;<\/p>\n<p>Abertura de Cr\u00e9dito Adicional Especial: R$ 238,8 mil para implanta\u00e7\u00e3o de arquibancadas e sanit\u00e1rios no Parque dos Lagos;<\/p>\n<p>Abertura de Cr\u00e9dito Adicional Especial: R$ 280,9 mil para implanta\u00e7\u00e3o de sinaliza\u00e7\u00e3o tur\u00edstica na Rota das Capelas;<\/p>\n<p>Abertura de Cr\u00e9dito Adicional Especial: R$ 150 mil para aquisi\u00e7\u00e3o de ve\u00edculo da Secretaria Municipal de Cultura;<\/p>\n<p>Abertura de Cr\u00e9dito Adicional Especial: R$ 15 milh\u00f5es para reurbaniza\u00e7\u00e3o da Avenida Engenheiro Necker Carvalho de Camargos (Avenida 7);<\/p>\n<p>Abertura de Cr\u00e9dito Adicional Especial: R$ 1,8 milh\u00e3o para edifica\u00e7\u00e3o do monumento em homenagem ao Boi Soberano no Parque dos Lagos;<\/p>\n<p>Abertura de Cr\u00e9dito Adicional Especial: R$ 2,9 milh\u00f5es para reurbaniza\u00e7\u00e3o do Parque dos Lagos &#8211; Fase 2;<\/p>\n<p>Abertura de Cr\u00e9dito Adicional Especial: R$ 2 milh\u00f5es para obras de infraestrutura urbana no Conjunto Habitacional Newton Siqueira Sopa;<\/p>\n<p>Abertura de Cr\u00e9dito Adicional Especial: R$ 2 milh\u00f5es para recapeamento asf\u00e1ltico em v\u00e1rias vias do Munic\u00edpio;<\/p>\n<p>Aprovaram ainda 12 Projetos de Lei de Abertura de Saldo Remanescente de Cr\u00e9dito Adicional Especial ou Suplementar ( recursos j\u00e1 aprovados em anos anteriores, por\u00e9m foram utilizados parcialmente at\u00e9 agosto de 2023) que somam R$ 12 milh\u00f5es:<\/p>\n<p>Saldo Remanescente de Cr\u00e9dito Adicional Especial: R$ 1,3 milh\u00e3o para reurbaniza\u00e7\u00e3o do Parque dos Lagos;<\/p>\n<p>Saldo Remanescente de Cr\u00e9dito Adicional Especial: R$ 22,6 mil para aquisi\u00e7\u00e3o de medicamentos da Secretaria Municipal de Sa\u00fade;<\/p>\n<p>Saldo Remanescente de Cr\u00e9dito Adicional Especial: R$ 953 mil para a\u00e7\u00f5es destinadas \u00e0 Rede Estadual de Ensino &#8211; eixo de infraestrutura f\u00edsica;<\/p>\n<p>Saldo Remanescente de Cr\u00e9dito Adicional Especial: R$ 23,1 mil para insumos do Castram\u00f3vel (sa\u00fade animal);<\/p>\n<p>Saldo Remanescente de Cr\u00e9dito Adicional Especial: R$ 3,8 milh\u00f5es para amplia\u00e7\u00e3o do sistema de abastecimento de \u00e1gua &#8211; constru\u00e7\u00e3o de esta\u00e7\u00e3o de tratamento do C\u00f3rrego do Rio das Pedras;<\/p>\n<p>Saldo Remanescente de Cr\u00e9dito Adicional Especial: R$ 19,7 mil para aquisi\u00e7\u00e3o de equipamentos e materiais permanentes na Funda\u00e7\u00e3o LVF &#8211; Lugar de Viver Feliz;<\/p>\n<p>Saldo Remanescente de Cr\u00e9dito Adicional Especial: R$ 7,6 mil para benef\u00edcio eventual prestado em virtude de vulnerabilidade tempor\u00e1ria;<\/p>\n<p>Saldo Remanescente de Cr\u00e9dito Adicional Especial: R$ 863,6 mil para implanta\u00e7\u00e3o de cal\u00e7adas no per\u00edmetro urbano;<\/p>\n<p>Saldo Remanescente de Cr\u00e9dito Adicional Especial: R$ 3,8 milh\u00f5es para o programa Nossa Rua;<\/p>\n<p>Saldo Remanescente de Cr\u00e9dito Adicional Especial: R$ 590 mil para pavimenta\u00e7\u00e3o de vias p\u00fablicas;<\/p>\n<p>Saldo Remanescente de Cr\u00e9dito Adicional Especial: R$ 416,1 mil constru\u00e7\u00e3o do Espa\u00e7o Sa\u00fade;<\/p>\n<p>Saldo Remanescente de Cr\u00e9dito Adicional Especial: R$ 541,2 mil para atendimento \u00e0 prote\u00e7\u00e3o social b\u00e1sica e \u00e0 prote\u00e7\u00e3o social especial de m\u00e9dia complexidade;<\/p>\n<p>Abertura de Cr\u00e9dito Adicional Especial: R$ 6,7 milh\u00f5es para custeio dos servi\u00e7os de aten\u00e7\u00e3o especializada \u00e0 sa\u00fade;<\/p>\n<p>Saldo Remanescente de Cr\u00e9dito Adicional Especial: R$ 107,9 mil para reforma do CEMART &#8211; Centro Municipal de Artes;<\/p>\n<p>Abertura de Cr\u00e9dito Adicional Especial: R$ 146,8 mil para manuten\u00e7\u00e3o do servi\u00e7o de acolhimento institucional para mulheres em situa\u00e7\u00e3o de viol\u00eancia;<\/p>\n<p>APROVADOS EM PRIMEIRA VOTA\u00c7\u00c3O (ser\u00e3o discutidos novamente na pr\u00f3xima Sess\u00e3o)<br \/>\nCria\u00e7\u00e3o do &#8220;Dia da Mulher Crist\u00e3 Evang\u00e9lica&#8221;;<\/p>\n<p>T\u00edtulo de Cidadania Barretense ao empres\u00e1rio Fl\u00e1vio Jacob da Silva;<\/p>\n<p>T\u00edtulo de Cidadania Barretense \u00e0 publicit\u00e1ria Melina Tamy Takahashi;<\/p>\n<p>COM PEDIDO DE VISTA (prazo de 1 semana)<br \/>\nParecer da Comiss\u00e3o de Justi\u00e7a e Reda\u00e7\u00e3o pela Ilegalidade e Inconstitucionalidade ao Projeto de Lei que trata da instala\u00e7\u00e3o de V\u00e1lvula de reten\u00e7\u00e3o na rede de \u00e1gua pluvial e esgoto.<\/p>\n<p>COM PEDIDO DE ADIAMENTO<br \/>\nParecer pela Inconstitucionalidade ao Projeto de Lei que Cria a Guarda Mirim Municipal;<\/p>\n<p>RETIRADOS PELOS AUTORES (deixam de tramitar na C\u00e2mara)<br \/>\nParecer pela Inconstitucionalidade ao Projeto de Lei que prev\u00ea merenda escolar a professores e servidores das escolas municipais;<\/p>\n<p>Parecer pela Inconstitucionalidade ao Projeto de Lei que prev\u00ea a substitui\u00e7\u00e3o do a\u00e7\u00facar pelo mel na merenda escolar;<\/p>\n<p>Altera\u00e7\u00e3o de nome da &#8220;Avenida I-3&#8221; para &#8220;Avenida Francisco Gon\u00e7alves da Silva&#8221; no bairro Distrito Industrial I;<\/p>\n<p>ARQUIVADOS &#8211; AP\u00d3S APROVA\u00c7\u00c3O DE PARECER PELA ILEGALIDADE OU INCONSTITUCIONALIDADE (deixam de tramitar na C\u00e2mara)<br \/>\nParecer pela Ilegalidade ao Projeto de Lei que altera as nomenclaturas dos cargos de Agente de Seguran\u00e7a;<\/p>\n<p>REQUERIMENTOS E INDICA\u00c7\u00d5ES<\/p>\n<p>Os vereadores tamb\u00e9m apresentaram 75 Requerimentos 02 Indica\u00e7\u00f5es\u00a0para\u00a0a\u00a0Sess\u00e3o.<\/p>\n","protected":false},"excerpt":{"rendered":"<p>RESUM\u00c3O DA SESS\u00c3O 01-2024 &#8211; EM TEXTO Em Sess\u00e3o Ordin\u00e1ria<\/p>\n","protected":false},"author":2,"featured_media":100961,"comment_status":"open","ping_status":"open","sticky":false,"template":"","format":"standard","meta":{"footnotes":""},"categories":[14,22],"tags":[],"class_list":["post-100960","post","type-post","status-publish","format-standard","has-post-thumbnail","hentry","category-barretos","category-politica"],"yoast_head":"<!-- This site is optimized with the Yoast SEO plugin v27.4 - https:\/\/yoast.com\/product\/yoast-seo-wordpress\/ -->\n<title>Confira o que foi discutido pelos vereadores na sess\u00e3o da C\u00e2mara\u00a0de\u00a0Barretos - Regi\u00e3o News<\/title>\n<meta name=\"robots\" content=\"index, follow, max-snippet:-1, max-image-preview:large, max-video-preview:-1\" \/>\n<link rel=\"canonical\" href=\"https:\/\/regiaonews.net.br\/2022\/2024\/02\/06\/confira-o-que-foi-discutido-pelos-vereadores-na-sessao-da-camara-de-barretos\/\" \/>\n<meta property=\"og:locale\" content=\"pt_BR\" \/>\n<meta property=\"og:type\" content=\"article\" \/>\n<meta property=\"og:title\" content=\"Confira o que foi discutido pelos vereadores na sess\u00e3o da C\u00e2mara\u00a0de\u00a0Barretos - Regi\u00e3o News\" \/>\n<meta property=\"og:description\" content=\"RESUM\u00c3O DA SESS\u00c3O 01-2024 &#8211; EM TEXTO Em Sess\u00e3o Ordin\u00e1ria\" \/>\n<meta property=\"og:url\" content=\"https:\/\/regiaonews.net.br\/2022\/2024\/02\/06\/confira-o-que-foi-discutido-pelos-vereadores-na-sessao-da-camara-de-barretos\/\" \/>\n<meta property=\"og:site_name\" content=\"Regi\u00e3o News\" \/>\n<meta property=\"article:published_time\" content=\"2024-02-06T19:23:07+00:00\" \/>\n<meta property=\"og:image\" content=\"https:\/\/regiaonews.net.br\/2022\/wp-content\/uploads\/2024\/02\/Imagem-do-WhatsApp-de-2024-02-06-as-14.36.12_787cce4b.jpg\" \/>\n\t<meta property=\"og:image:width\" content=\"1280\" \/>\n\t<meta property=\"og:image:height\" content=\"815\" \/>\n\t<meta property=\"og:image:type\" content=\"image\/jpeg\" \/>\n<meta name=\"author\" content=\"Roberto\" \/>\n<meta name=\"twitter:card\" content=\"summary_large_image\" \/>\n<meta name=\"twitter:label1\" content=\"Escrito por\" \/>\n\t<meta name=\"twitter:data1\" content=\"Roberto\" \/>\n\t<meta name=\"twitter:label2\" content=\"Est. tempo de leitura\" \/>\n\t<meta name=\"twitter:data2\" content=\"6 minutos\" \/>\n<script type=\"application\/ld+json\" class=\"yoast-schema-graph\">{\"@context\":\"https:\\\/\\\/schema.org\",\"@graph\":[{\"@type\":\"Article\",\"@id\":\"https:\\\/\\\/regiaonews.net.br\\\/2022\\\/2024\\\/02\\\/06\\\/confira-o-que-foi-discutido-pelos-vereadores-na-sessao-da-camara-de-barretos\\\/#article\",\"isPartOf\":{\"@id\":\"https:\\\/\\\/regiaonews.net.br\\\/2022\\\/2024\\\/02\\\/06\\\/confira-o-que-foi-discutido-pelos-vereadores-na-sessao-da-camara-de-barretos\\\/\"},\"author\":{\"name\":\"Roberto\",\"@id\":\"https:\\\/\\\/regiaonews.net.br\\\/2022\\\/#\\\/schema\\\/person\\\/2d205a608a5aa97ac279d7a5e6d89ad8\"},\"headline\":\"Confira o que foi discutido pelos vereadores na sess\u00e3o da C\u00e2mara\u00a0de\u00a0Barretos\",\"datePublished\":\"2024-02-06T19:23:07+00:00\",\"mainEntityOfPage\":{\"@id\":\"https:\\\/\\\/regiaonews.net.br\\\/2022\\\/2024\\\/02\\\/06\\\/confira-o-que-foi-discutido-pelos-vereadores-na-sessao-da-camara-de-barretos\\\/\"},\"wordCount\":1082,\"commentCount\":0,\"publisher\":{\"@id\":\"https:\\\/\\\/regiaonews.net.br\\\/2022\\\/#organization\"},\"image\":{\"@id\":\"https:\\\/\\\/regiaonews.net.br\\\/2022\\\/2024\\\/02\\\/06\\\/confira-o-que-foi-discutido-pelos-vereadores-na-sessao-da-camara-de-barretos\\\/#primaryimage\"},\"thumbnailUrl\":\"https:\\\/\\\/regiaonews.net.br\\\/2022\\\/wp-content\\\/uploads\\\/2024\\\/02\\\/Imagem-do-WhatsApp-de-2024-02-06-as-14.36.12_787cce4b.jpg\",\"articleSection\":[\"Barretos\",\"Pol\u00edtica\"],\"inLanguage\":\"pt-BR\",\"potentialAction\":[{\"@type\":\"CommentAction\",\"name\":\"Comment\",\"target\":[\"https:\\\/\\\/regiaonews.net.br\\\/2022\\\/2024\\\/02\\\/06\\\/confira-o-que-foi-discutido-pelos-vereadores-na-sessao-da-camara-de-barretos\\\/#respond\"]}]},{\"@type\":\"WebPage\",\"@id\":\"https:\\\/\\\/regiaonews.net.br\\\/2022\\\/2024\\\/02\\\/06\\\/confira-o-que-foi-discutido-pelos-vereadores-na-sessao-da-camara-de-barretos\\\/\",\"url\":\"https:\\\/\\\/regiaonews.net.br\\\/2022\\\/2024\\\/02\\\/06\\\/confira-o-que-foi-discutido-pelos-vereadores-na-sessao-da-camara-de-barretos\\\/\",\"name\":\"Confira o que foi discutido pelos vereadores na sess\u00e3o da C\u00e2mara\u00a0de\u00a0Barretos - Regi\u00e3o News\",\"isPartOf\":{\"@id\":\"https:\\\/\\\/regiaonews.net.br\\\/2022\\\/#website\"},\"primaryImageOfPage\":{\"@id\":\"https:\\\/\\\/regiaonews.net.br\\\/2022\\\/2024\\\/02\\\/06\\\/confira-o-que-foi-discutido-pelos-vereadores-na-sessao-da-camara-de-barretos\\\/#primaryimage\"},\"image\":{\"@id\":\"https:\\\/\\\/regiaonews.net.br\\\/2022\\\/2024\\\/02\\\/06\\\/confira-o-que-foi-discutido-pelos-vereadores-na-sessao-da-camara-de-barretos\\\/#primaryimage\"},\"thumbnailUrl\":\"https:\\\/\\\/regiaonews.net.br\\\/2022\\\/wp-content\\\/uploads\\\/2024\\\/02\\\/Imagem-do-WhatsApp-de-2024-02-06-as-14.36.12_787cce4b.jpg\",\"datePublished\":\"2024-02-06T19:23:07+00:00\",\"breadcrumb\":{\"@id\":\"https:\\\/\\\/regiaonews.net.br\\\/2022\\\/2024\\\/02\\\/06\\\/confira-o-que-foi-discutido-pelos-vereadores-na-sessao-da-camara-de-barretos\\\/#breadcrumb\"},\"inLanguage\":\"pt-BR\",\"potentialAction\":[{\"@type\":\"ReadAction\",\"target\":[\"https:\\\/\\\/regiaonews.net.br\\\/2022\\\/2024\\\/02\\\/06\\\/confira-o-que-foi-discutido-pelos-vereadores-na-sessao-da-camara-de-barretos\\\/\"]}]},{\"@type\":\"ImageObject\",\"inLanguage\":\"pt-BR\",\"@id\":\"https:\\\/\\\/regiaonews.net.br\\\/2022\\\/2024\\\/02\\\/06\\\/confira-o-que-foi-discutido-pelos-vereadores-na-sessao-da-camara-de-barretos\\\/#primaryimage\",\"url\":\"https:\\\/\\\/regiaonews.net.br\\\/2022\\\/wp-content\\\/uploads\\\/2024\\\/02\\\/Imagem-do-WhatsApp-de-2024-02-06-as-14.36.12_787cce4b.jpg\",\"contentUrl\":\"https:\\\/\\\/regiaonews.net.br\\\/2022\\\/wp-content\\\/uploads\\\/2024\\\/02\\\/Imagem-do-WhatsApp-de-2024-02-06-as-14.36.12_787cce4b.jpg\",\"width\":1280,\"height\":815},{\"@type\":\"BreadcrumbList\",\"@id\":\"https:\\\/\\\/regiaonews.net.br\\\/2022\\\/2024\\\/02\\\/06\\\/confira-o-que-foi-discutido-pelos-vereadores-na-sessao-da-camara-de-barretos\\\/#breadcrumb\",\"itemListElement\":[{\"@type\":\"ListItem\",\"position\":1,\"name\":\"In\u00edcio\",\"item\":\"https:\\\/\\\/regiaonews.net.br\\\/2022\\\/\"},{\"@type\":\"ListItem\",\"position\":2,\"name\":\"Confira o que foi discutido pelos vereadores na sess\u00e3o da C\u00e2mara\u00a0de\u00a0Barretos\"}]},{\"@type\":\"WebSite\",\"@id\":\"https:\\\/\\\/regiaonews.net.br\\\/2022\\\/#website\",\"url\":\"https:\\\/\\\/regiaonews.net.br\\\/2022\\\/\",\"name\":\"Regi\u00e3o News\",\"description\":\"Site de Not\u00edcias de Barretos e regi\u00e3o\",\"publisher\":{\"@id\":\"https:\\\/\\\/regiaonews.net.br\\\/2022\\\/#organization\"},\"potentialAction\":[{\"@type\":\"SearchAction\",\"target\":{\"@type\":\"EntryPoint\",\"urlTemplate\":\"https:\\\/\\\/regiaonews.net.br\\\/2022\\\/?s={search_term_string}\"},\"query-input\":{\"@type\":\"PropertyValueSpecification\",\"valueRequired\":true,\"valueName\":\"search_term_string\"}}],\"inLanguage\":\"pt-BR\"},{\"@type\":\"Organization\",\"@id\":\"https:\\\/\\\/regiaonews.net.br\\\/2022\\\/#organization\",\"name\":\"Regi\u00e3o News\",\"url\":\"https:\\\/\\\/regiaonews.net.br\\\/2022\\\/\",\"logo\":{\"@type\":\"ImageObject\",\"inLanguage\":\"pt-BR\",\"@id\":\"https:\\\/\\\/regiaonews.net.br\\\/2022\\\/#\\\/schema\\\/logo\\\/image\\\/\",\"url\":\"https:\\\/\\\/regiaonews.net.br\\\/2022\\\/wp-content\\\/uploads\\\/2026\\\/03\\\/regiao-13-anos-scaled.jpg\",\"contentUrl\":\"https:\\\/\\\/regiaonews.net.br\\\/2022\\\/wp-content\\\/uploads\\\/2026\\\/03\\\/regiao-13-anos-scaled.jpg\",\"width\":2560,\"height\":635,\"caption\":\"Regi\u00e3o News\"},\"image\":{\"@id\":\"https:\\\/\\\/regiaonews.net.br\\\/2022\\\/#\\\/schema\\\/logo\\\/image\\\/\"}},{\"@type\":\"Person\",\"@id\":\"https:\\\/\\\/regiaonews.net.br\\\/2022\\\/#\\\/schema\\\/person\\\/2d205a608a5aa97ac279d7a5e6d89ad8\",\"name\":\"Roberto\",\"image\":{\"@type\":\"ImageObject\",\"inLanguage\":\"pt-BR\",\"@id\":\"https:\\\/\\\/secure.gravatar.com\\\/avatar\\\/42749d8b712ff9d59ca93dc150494e5b55a44134482993f5baeb97e61b7ecc89?s=96&d=mm&r=g\",\"url\":\"https:\\\/\\\/secure.gravatar.com\\\/avatar\\\/42749d8b712ff9d59ca93dc150494e5b55a44134482993f5baeb97e61b7ecc89?s=96&d=mm&r=g\",\"contentUrl\":\"https:\\\/\\\/secure.gravatar.com\\\/avatar\\\/42749d8b712ff9d59ca93dc150494e5b55a44134482993f5baeb97e61b7ecc89?s=96&d=mm&r=g\",\"caption\":\"Roberto\"},\"url\":\"https:\\\/\\\/regiaonews.net.br\\\/2022\\\/author\\\/roberto\\\/\"}]}<\/script>\n<!-- \/ Yoast SEO plugin. -->","yoast_head_json":{"title":"Confira o que foi discutido pelos vereadores na sess\u00e3o da C\u00e2mara\u00a0de\u00a0Barretos - Regi\u00e3o News","robots":{"index":"index","follow":"follow","max-snippet":"max-snippet:-1","max-image-preview":"max-image-preview:large","max-video-preview":"max-video-preview:-1"},"canonical":"https:\/\/regiaonews.net.br\/2022\/2024\/02\/06\/confira-o-que-foi-discutido-pelos-vereadores-na-sessao-da-camara-de-barretos\/","og_locale":"pt_BR","og_type":"article","og_title":"Confira o que foi discutido pelos vereadores na sess\u00e3o da C\u00e2mara\u00a0de\u00a0Barretos - Regi\u00e3o News","og_description":"RESUM\u00c3O DA SESS\u00c3O 01-2024 &#8211; EM TEXTO Em Sess\u00e3o Ordin\u00e1ria","og_url":"https:\/\/regiaonews.net.br\/2022\/2024\/02\/06\/confira-o-que-foi-discutido-pelos-vereadores-na-sessao-da-camara-de-barretos\/","og_site_name":"Regi\u00e3o News","article_published_time":"2024-02-06T19:23:07+00:00","og_image":[{"width":1280,"height":815,"url":"https:\/\/regiaonews.net.br\/2022\/wp-content\/uploads\/2024\/02\/Imagem-do-WhatsApp-de-2024-02-06-as-14.36.12_787cce4b.jpg","type":"image\/jpeg"}],"author":"Roberto","twitter_card":"summary_large_image","twitter_misc":{"Escrito por":"Roberto","Est. tempo de leitura":"6 minutos"},"schema":{"@context":"https:\/\/schema.org","@graph":[{"@type":"Article","@id":"https:\/\/regiaonews.net.br\/2022\/2024\/02\/06\/confira-o-que-foi-discutido-pelos-vereadores-na-sessao-da-camara-de-barretos\/#article","isPartOf":{"@id":"https:\/\/regiaonews.net.br\/2022\/2024\/02\/06\/confira-o-que-foi-discutido-pelos-vereadores-na-sessao-da-camara-de-barretos\/"},"author":{"name":"Roberto","@id":"https:\/\/regiaonews.net.br\/2022\/#\/schema\/person\/2d205a608a5aa97ac279d7a5e6d89ad8"},"headline":"Confira o que foi discutido pelos vereadores na sess\u00e3o da C\u00e2mara\u00a0de\u00a0Barretos","datePublished":"2024-02-06T19:23:07+00:00","mainEntityOfPage":{"@id":"https:\/\/regiaonews.net.br\/2022\/2024\/02\/06\/confira-o-que-foi-discutido-pelos-vereadores-na-sessao-da-camara-de-barretos\/"},"wordCount":1082,"commentCount":0,"publisher":{"@id":"https:\/\/regiaonews.net.br\/2022\/#organization"},"image":{"@id":"https:\/\/regiaonews.net.br\/2022\/2024\/02\/06\/confira-o-que-foi-discutido-pelos-vereadores-na-sessao-da-camara-de-barretos\/#primaryimage"},"thumbnailUrl":"https:\/\/regiaonews.net.br\/2022\/wp-content\/uploads\/2024\/02\/Imagem-do-WhatsApp-de-2024-02-06-as-14.36.12_787cce4b.jpg","articleSection":["Barretos","Pol\u00edtica"],"inLanguage":"pt-BR","potentialAction":[{"@type":"CommentAction","name":"Comment","target":["https:\/\/regiaonews.net.br\/2022\/2024\/02\/06\/confira-o-que-foi-discutido-pelos-vereadores-na-sessao-da-camara-de-barretos\/#respond"]}]},{"@type":"WebPage","@id":"https:\/\/regiaonews.net.br\/2022\/2024\/02\/06\/confira-o-que-foi-discutido-pelos-vereadores-na-sessao-da-camara-de-barretos\/","url":"https:\/\/regiaonews.net.br\/2022\/2024\/02\/06\/confira-o-que-foi-discutido-pelos-vereadores-na-sessao-da-camara-de-barretos\/","name":"Confira o que foi discutido pelos vereadores na sess\u00e3o da C\u00e2mara\u00a0de\u00a0Barretos - Regi\u00e3o News","isPartOf":{"@id":"https:\/\/regiaonews.net.br\/2022\/#website"},"primaryImageOfPage":{"@id":"https:\/\/regiaonews.net.br\/2022\/2024\/02\/06\/confira-o-que-foi-discutido-pelos-vereadores-na-sessao-da-camara-de-barretos\/#primaryimage"},"image":{"@id":"https:\/\/regiaonews.net.br\/2022\/2024\/02\/06\/confira-o-que-foi-discutido-pelos-vereadores-na-sessao-da-camara-de-barretos\/#primaryimage"},"thumbnailUrl":"https:\/\/regiaonews.net.br\/2022\/wp-content\/uploads\/2024\/02\/Imagem-do-WhatsApp-de-2024-02-06-as-14.36.12_787cce4b.jpg","datePublished":"2024-02-06T19:23:07+00:00","breadcrumb":{"@id":"https:\/\/regiaonews.net.br\/2022\/2024\/02\/06\/confira-o-que-foi-discutido-pelos-vereadores-na-sessao-da-camara-de-barretos\/#breadcrumb"},"inLanguage":"pt-BR","potentialAction":[{"@type":"ReadAction","target":["https:\/\/regiaonews.net.br\/2022\/2024\/02\/06\/confira-o-que-foi-discutido-pelos-vereadores-na-sessao-da-camara-de-barretos\/"]}]},{"@type":"ImageObject","inLanguage":"pt-BR","@id":"https:\/\/regiaonews.net.br\/2022\/2024\/02\/06\/confira-o-que-foi-discutido-pelos-vereadores-na-sessao-da-camara-de-barretos\/#primaryimage","url":"https:\/\/regiaonews.net.br\/2022\/wp-content\/uploads\/2024\/02\/Imagem-do-WhatsApp-de-2024-02-06-as-14.36.12_787cce4b.jpg","contentUrl":"https:\/\/regiaonews.net.br\/2022\/wp-content\/uploads\/2024\/02\/Imagem-do-WhatsApp-de-2024-02-06-as-14.36.12_787cce4b.jpg","width":1280,"height":815},{"@type":"BreadcrumbList","@id":"https:\/\/regiaonews.net.br\/2022\/2024\/02\/06\/confira-o-que-foi-discutido-pelos-vereadores-na-sessao-da-camara-de-barretos\/#breadcrumb","itemListElement":[{"@type":"ListItem","position":1,"name":"In\u00edcio","item":"https:\/\/regiaonews.net.br\/2022\/"},{"@type":"ListItem","position":2,"name":"Confira o que foi discutido pelos vereadores na sess\u00e3o da C\u00e2mara\u00a0de\u00a0Barretos"}]},{"@type":"WebSite","@id":"https:\/\/regiaonews.net.br\/2022\/#website","url":"https:\/\/regiaonews.net.br\/2022\/","name":"Regi\u00e3o News","description":"Site de Not\u00edcias de Barretos e regi\u00e3o","publisher":{"@id":"https:\/\/regiaonews.net.br\/2022\/#organization"},"potentialAction":[{"@type":"SearchAction","target":{"@type":"EntryPoint","urlTemplate":"https:\/\/regiaonews.net.br\/2022\/?s={search_term_string}"},"query-input":{"@type":"PropertyValueSpecification","valueRequired":true,"valueName":"search_term_string"}}],"inLanguage":"pt-BR"},{"@type":"Organization","@id":"https:\/\/regiaonews.net.br\/2022\/#organization","name":"Regi\u00e3o News","url":"https:\/\/regiaonews.net.br\/2022\/","logo":{"@type":"ImageObject","inLanguage":"pt-BR","@id":"https:\/\/regiaonews.net.br\/2022\/#\/schema\/logo\/image\/","url":"https:\/\/regiaonews.net.br\/2022\/wp-content\/uploads\/2026\/03\/regiao-13-anos-scaled.jpg","contentUrl":"https:\/\/regiaonews.net.br\/2022\/wp-content\/uploads\/2026\/03\/regiao-13-anos-scaled.jpg","width":2560,"height":635,"caption":"Regi\u00e3o News"},"image":{"@id":"https:\/\/regiaonews.net.br\/2022\/#\/schema\/logo\/image\/"}},{"@type":"Person","@id":"https:\/\/regiaonews.net.br\/2022\/#\/schema\/person\/2d205a608a5aa97ac279d7a5e6d89ad8","name":"Roberto","image":{"@type":"ImageObject","inLanguage":"pt-BR","@id":"https:\/\/secure.gravatar.com\/avatar\/42749d8b712ff9d59ca93dc150494e5b55a44134482993f5baeb97e61b7ecc89?s=96&d=mm&r=g","url":"https:\/\/secure.gravatar.com\/avatar\/42749d8b712ff9d59ca93dc150494e5b55a44134482993f5baeb97e61b7ecc89?s=96&d=mm&r=g","contentUrl":"https:\/\/secure.gravatar.com\/avatar\/42749d8b712ff9d59ca93dc150494e5b55a44134482993f5baeb97e61b7ecc89?s=96&d=mm&r=g","caption":"Roberto"},"url":"https:\/\/regiaonews.net.br\/2022\/author\/roberto\/"}]}},"publishpress_future_action":{"enabled":false,"date":"2026-05-04 02:03:29","action":"change-status","newStatus":"draft","terms":[],"taxonomy":"category","extraData":[]},"publishpress_future_workflow_manual_trigger":{"enabledWorkflows":[]},"_links":{"self":[{"href":"https:\/\/regiaonews.net.br\/2022\/wp-json\/wp\/v2\/posts\/100960","targetHints":{"allow":["GET"]}}],"collection":[{"href":"https:\/\/regiaonews.net.br\/2022\/wp-json\/wp\/v2\/posts"}],"about":[{"href":"https:\/\/regiaonews.net.br\/2022\/wp-json\/wp\/v2\/types\/post"}],"author":[{"embeddable":true,"href":"https:\/\/regiaonews.net.br\/2022\/wp-json\/wp\/v2\/users\/2"}],"replies":[{"embeddable":true,"href":"https:\/\/regiaonews.net.br\/2022\/wp-json\/wp\/v2\/comments?post=100960"}],"version-history":[{"count":1,"href":"https:\/\/regiaonews.net.br\/2022\/wp-json\/wp\/v2\/posts\/100960\/revisions"}],"predecessor-version":[{"id":100962,"href":"https:\/\/regiaonews.net.br\/2022\/wp-json\/wp\/v2\/posts\/100960\/revisions\/100962"}],"wp:featuredmedia":[{"embeddable":true,"href":"https:\/\/regiaonews.net.br\/2022\/wp-json\/wp\/v2\/media\/100961"}],"wp:attachment":[{"href":"https:\/\/regiaonews.net.br\/2022\/wp-json\/wp\/v2\/media?parent=100960"}],"wp:term":[{"taxonomy":"category","embeddable":true,"href":"https:\/\/regiaonews.net.br\/2022\/wp-json\/wp\/v2\/categories?post=100960"},{"taxonomy":"post_tag","embeddable":true,"href":"https:\/\/regiaonews.net.br\/2022\/wp-json\/wp\/v2\/tags?post=100960"}],"curies":[{"name":"wp","href":"https:\/\/api.w.org\/{rel}","templated":true}]}}