{"id":100954,"date":"2024-02-06T16:22:01","date_gmt":"2024-02-06T19:22:01","guid":{"rendered":"https:\/\/regiaonews.net.br\/2022\/?p=100954"},"modified":"2024-02-06T16:22:01","modified_gmt":"2024-02-06T19:22:01","slug":"quadrilha-que-praticava-furto-em-ranchos-e-presa-pela-policia-civil-de-guaira","status":"publish","type":"post","link":"https:\/\/regiaonews.net.br\/2022\/2024\/02\/06\/quadrilha-que-praticava-furto-em-ranchos-e-presa-pela-policia-civil-de-guaira\/","title":{"rendered":"Quadrilha que praticava furto em ranchos \u00e9 presa pela Pol\u00edcia Civil de Gua\u00edra"},"content":{"rendered":"<p>A Pol\u00edcia Civil de Gua\u00edra desencadeou, na manh\u00e3 de hoje, opera\u00e7\u00e3o policial objetivando ao combate a furtos a ranchos existentes na beira dos rios que cortam o munic\u00edpio.<\/p>\n<p>A investiga\u00e7\u00e3o teve in\u00edcio em dezembro, quando os policiais tomaram conhecimento do furto de duas canoas e diversos objetos de um interior de um rancho na zona rural do munic\u00edpio.<\/p>\n<p>A partir da\u00ed, os policiais identificaram quatro indiv\u00edduos, dois residentes no munic\u00edpio de Col\u00f4mbia\/SP e os outros dois moradores das cidades de Planura e Frutal, ambas em Minas Gerais, suspeitos de participarem do crime.<\/p>\n<p>Diante disso, foram solicitados ao Poder Judici\u00e1rio mandados de busca e apreens\u00e3o em desfavor destes indiv\u00edduos. Na manh\u00e3 de hoje, os policiais deram cumprimento as ordens judiciais, apreendendo diversos objetos de interesse da investiga\u00e7\u00e3o, al\u00e9m de uma canoa, possivelmente furtada de outro rancho.<\/p>\n<p>A opera\u00e7\u00e3o contou com apoio da Pol\u00edcias Militar e Ambiental de S\u00e3o Paulo e Minas Gerais, al\u00e9m da Pol\u00edcia Civil de\u00a0Minas\u00a0Gerais.<\/p>\n","protected":false},"excerpt":{"rendered":"<p>A Pol\u00edcia Civil de Gua\u00edra desencadeou, na manh\u00e3 de hoje,<\/p>\n","protected":false},"author":2,"featured_media":100955,"comment_status":"open","ping_status":"open","sticky":false,"template":"","format":"standard","meta":{"footnotes":""},"categories":[8,23],"tags":[],"class_list":["post-100954","post","type-post","status-publish","format-standard","has-post-thumbnail","hentry","category-guaira","category-policia"],"yoast_head":"<!-- This site is optimized with the Yoast SEO plugin v27.4 - https:\/\/yoast.com\/product\/yoast-seo-wordpress\/ -->\n<title>Quadrilha que praticava furto em ranchos \u00e9 presa pela Pol\u00edcia Civil de Gua\u00edra - Regi\u00e3o News<\/title>\n<meta name=\"robots\" content=\"index, follow, max-snippet:-1, max-image-preview:large, max-video-preview:-1\" \/>\n<link rel=\"canonical\" href=\"https:\/\/regiaonews.net.br\/2022\/2024\/02\/06\/quadrilha-que-praticava-furto-em-ranchos-e-presa-pela-policia-civil-de-guaira\/\" \/>\n<meta property=\"og:locale\" content=\"pt_BR\" \/>\n<meta property=\"og:type\" content=\"article\" \/>\n<meta property=\"og:title\" content=\"Quadrilha que praticava furto em ranchos \u00e9 presa pela Pol\u00edcia Civil de Gua\u00edra - Regi\u00e3o News\" \/>\n<meta property=\"og:description\" content=\"A Pol\u00edcia Civil de Gua\u00edra desencadeou, na manh\u00e3 de hoje,\" \/>\n<meta property=\"og:url\" content=\"https:\/\/regiaonews.net.br\/2022\/2024\/02\/06\/quadrilha-que-praticava-furto-em-ranchos-e-presa-pela-policia-civil-de-guaira\/\" \/>\n<meta property=\"og:site_name\" content=\"Regi\u00e3o News\" \/>\n<meta property=\"article:published_time\" content=\"2024-02-06T19:22:01+00:00\" \/>\n<meta property=\"og:image\" content=\"https:\/\/regiaonews.net.br\/2022\/wp-content\/uploads\/2024\/02\/Imagem-do-WhatsApp-de-2024-02-06-as-11.14.41_799a5f60.jpg\" \/>\n\t<meta property=\"og:image:width\" content=\"1152\" \/>\n\t<meta property=\"og:image:height\" content=\"864\" \/>\n\t<meta property=\"og:image:type\" content=\"image\/jpeg\" \/>\n<meta name=\"author\" content=\"Roberto\" \/>\n<meta name=\"twitter:card\" content=\"summary_large_image\" \/>\n<meta name=\"twitter:label1\" content=\"Escrito por\" \/>\n\t<meta name=\"twitter:data1\" content=\"Roberto\" \/>\n\t<meta name=\"twitter:label2\" content=\"Est. tempo de leitura\" \/>\n\t<meta name=\"twitter:data2\" content=\"2 minutos\" \/>\n<script type=\"application\/ld+json\" class=\"yoast-schema-graph\">{\"@context\":\"https:\\\/\\\/schema.org\",\"@graph\":[{\"@type\":\"Article\",\"@id\":\"https:\\\/\\\/regiaonews.net.br\\\/2022\\\/2024\\\/02\\\/06\\\/quadrilha-que-praticava-furto-em-ranchos-e-presa-pela-policia-civil-de-guaira\\\/#article\",\"isPartOf\":{\"@id\":\"https:\\\/\\\/regiaonews.net.br\\\/2022\\\/2024\\\/02\\\/06\\\/quadrilha-que-praticava-furto-em-ranchos-e-presa-pela-policia-civil-de-guaira\\\/\"},\"author\":{\"name\":\"Roberto\",\"@id\":\"https:\\\/\\\/regiaonews.net.br\\\/2022\\\/#\\\/schema\\\/person\\\/2d205a608a5aa97ac279d7a5e6d89ad8\"},\"headline\":\"Quadrilha que praticava furto em ranchos \u00e9 presa pela Pol\u00edcia Civil de Gua\u00edra\",\"datePublished\":\"2024-02-06T19:22:01+00:00\",\"mainEntityOfPage\":{\"@id\":\"https:\\\/\\\/regiaonews.net.br\\\/2022\\\/2024\\\/02\\\/06\\\/quadrilha-que-praticava-furto-em-ranchos-e-presa-pela-policia-civil-de-guaira\\\/\"},\"wordCount\":193,\"commentCount\":0,\"publisher\":{\"@id\":\"https:\\\/\\\/regiaonews.net.br\\\/2022\\\/#organization\"},\"image\":{\"@id\":\"https:\\\/\\\/regiaonews.net.br\\\/2022\\\/2024\\\/02\\\/06\\\/quadrilha-que-praticava-furto-em-ranchos-e-presa-pela-policia-civil-de-guaira\\\/#primaryimage\"},\"thumbnailUrl\":\"https:\\\/\\\/regiaonews.net.br\\\/2022\\\/wp-content\\\/uploads\\\/2024\\\/02\\\/Imagem-do-WhatsApp-de-2024-02-06-as-11.14.41_799a5f60.jpg\",\"articleSection\":[\"Gua\u00edra\",\"Policia\"],\"inLanguage\":\"pt-BR\",\"potentialAction\":[{\"@type\":\"CommentAction\",\"name\":\"Comment\",\"target\":[\"https:\\\/\\\/regiaonews.net.br\\\/2022\\\/2024\\\/02\\\/06\\\/quadrilha-que-praticava-furto-em-ranchos-e-presa-pela-policia-civil-de-guaira\\\/#respond\"]}]},{\"@type\":\"WebPage\",\"@id\":\"https:\\\/\\\/regiaonews.net.br\\\/2022\\\/2024\\\/02\\\/06\\\/quadrilha-que-praticava-furto-em-ranchos-e-presa-pela-policia-civil-de-guaira\\\/\",\"url\":\"https:\\\/\\\/regiaonews.net.br\\\/2022\\\/2024\\\/02\\\/06\\\/quadrilha-que-praticava-furto-em-ranchos-e-presa-pela-policia-civil-de-guaira\\\/\",\"name\":\"Quadrilha que praticava furto em ranchos \u00e9 presa pela Pol\u00edcia Civil de Gua\u00edra - Regi\u00e3o News\",\"isPartOf\":{\"@id\":\"https:\\\/\\\/regiaonews.net.br\\\/2022\\\/#website\"},\"primaryImageOfPage\":{\"@id\":\"https:\\\/\\\/regiaonews.net.br\\\/2022\\\/2024\\\/02\\\/06\\\/quadrilha-que-praticava-furto-em-ranchos-e-presa-pela-policia-civil-de-guaira\\\/#primaryimage\"},\"image\":{\"@id\":\"https:\\\/\\\/regiaonews.net.br\\\/2022\\\/2024\\\/02\\\/06\\\/quadrilha-que-praticava-furto-em-ranchos-e-presa-pela-policia-civil-de-guaira\\\/#primaryimage\"},\"thumbnailUrl\":\"https:\\\/\\\/regiaonews.net.br\\\/2022\\\/wp-content\\\/uploads\\\/2024\\\/02\\\/Imagem-do-WhatsApp-de-2024-02-06-as-11.14.41_799a5f60.jpg\",\"datePublished\":\"2024-02-06T19:22:01+00:00\",\"breadcrumb\":{\"@id\":\"https:\\\/\\\/regiaonews.net.br\\\/2022\\\/2024\\\/02\\\/06\\\/quadrilha-que-praticava-furto-em-ranchos-e-presa-pela-policia-civil-de-guaira\\\/#breadcrumb\"},\"inLanguage\":\"pt-BR\",\"potentialAction\":[{\"@type\":\"ReadAction\",\"target\":[\"https:\\\/\\\/regiaonews.net.br\\\/2022\\\/2024\\\/02\\\/06\\\/quadrilha-que-praticava-furto-em-ranchos-e-presa-pela-policia-civil-de-guaira\\\/\"]}]},{\"@type\":\"ImageObject\",\"inLanguage\":\"pt-BR\",\"@id\":\"https:\\\/\\\/regiaonews.net.br\\\/2022\\\/2024\\\/02\\\/06\\\/quadrilha-que-praticava-furto-em-ranchos-e-presa-pela-policia-civil-de-guaira\\\/#primaryimage\",\"url\":\"https:\\\/\\\/regiaonews.net.br\\\/2022\\\/wp-content\\\/uploads\\\/2024\\\/02\\\/Imagem-do-WhatsApp-de-2024-02-06-as-11.14.41_799a5f60.jpg\",\"contentUrl\":\"https:\\\/\\\/regiaonews.net.br\\\/2022\\\/wp-content\\\/uploads\\\/2024\\\/02\\\/Imagem-do-WhatsApp-de-2024-02-06-as-11.14.41_799a5f60.jpg\",\"width\":1152,\"height\":864},{\"@type\":\"BreadcrumbList\",\"@id\":\"https:\\\/\\\/regiaonews.net.br\\\/2022\\\/2024\\\/02\\\/06\\\/quadrilha-que-praticava-furto-em-ranchos-e-presa-pela-policia-civil-de-guaira\\\/#breadcrumb\",\"itemListElement\":[{\"@type\":\"ListItem\",\"position\":1,\"name\":\"In\u00edcio\",\"item\":\"https:\\\/\\\/regiaonews.net.br\\\/2022\\\/\"},{\"@type\":\"ListItem\",\"position\":2,\"name\":\"Quadrilha que praticava furto em ranchos \u00e9 presa pela Pol\u00edcia Civil de Gua\u00edra\"}]},{\"@type\":\"WebSite\",\"@id\":\"https:\\\/\\\/regiaonews.net.br\\\/2022\\\/#website\",\"url\":\"https:\\\/\\\/regiaonews.net.br\\\/2022\\\/\",\"name\":\"Regi\u00e3o News\",\"description\":\"Site de Not\u00edcias de Barretos e regi\u00e3o\",\"publisher\":{\"@id\":\"https:\\\/\\\/regiaonews.net.br\\\/2022\\\/#organization\"},\"potentialAction\":[{\"@type\":\"SearchAction\",\"target\":{\"@type\":\"EntryPoint\",\"urlTemplate\":\"https:\\\/\\\/regiaonews.net.br\\\/2022\\\/?s={search_term_string}\"},\"query-input\":{\"@type\":\"PropertyValueSpecification\",\"valueRequired\":true,\"valueName\":\"search_term_string\"}}],\"inLanguage\":\"pt-BR\"},{\"@type\":\"Organization\",\"@id\":\"https:\\\/\\\/regiaonews.net.br\\\/2022\\\/#organization\",\"name\":\"Regi\u00e3o News\",\"url\":\"https:\\\/\\\/regiaonews.net.br\\\/2022\\\/\",\"logo\":{\"@type\":\"ImageObject\",\"inLanguage\":\"pt-BR\",\"@id\":\"https:\\\/\\\/regiaonews.net.br\\\/2022\\\/#\\\/schema\\\/logo\\\/image\\\/\",\"url\":\"https:\\\/\\\/regiaonews.net.br\\\/2022\\\/wp-content\\\/uploads\\\/2026\\\/03\\\/regiao-13-anos-scaled.jpg\",\"contentUrl\":\"https:\\\/\\\/regiaonews.net.br\\\/2022\\\/wp-content\\\/uploads\\\/2026\\\/03\\\/regiao-13-anos-scaled.jpg\",\"width\":2560,\"height\":635,\"caption\":\"Regi\u00e3o News\"},\"image\":{\"@id\":\"https:\\\/\\\/regiaonews.net.br\\\/2022\\\/#\\\/schema\\\/logo\\\/image\\\/\"}},{\"@type\":\"Person\",\"@id\":\"https:\\\/\\\/regiaonews.net.br\\\/2022\\\/#\\\/schema\\\/person\\\/2d205a608a5aa97ac279d7a5e6d89ad8\",\"name\":\"Roberto\",\"image\":{\"@type\":\"ImageObject\",\"inLanguage\":\"pt-BR\",\"@id\":\"https:\\\/\\\/secure.gravatar.com\\\/avatar\\\/42749d8b712ff9d59ca93dc150494e5b55a44134482993f5baeb97e61b7ecc89?s=96&d=mm&r=g\",\"url\":\"https:\\\/\\\/secure.gravatar.com\\\/avatar\\\/42749d8b712ff9d59ca93dc150494e5b55a44134482993f5baeb97e61b7ecc89?s=96&d=mm&r=g\",\"contentUrl\":\"https:\\\/\\\/secure.gravatar.com\\\/avatar\\\/42749d8b712ff9d59ca93dc150494e5b55a44134482993f5baeb97e61b7ecc89?s=96&d=mm&r=g\",\"caption\":\"Roberto\"},\"url\":\"https:\\\/\\\/regiaonews.net.br\\\/2022\\\/author\\\/roberto\\\/\"}]}<\/script>\n<!-- \/ Yoast SEO plugin. -->","yoast_head_json":{"title":"Quadrilha que praticava furto em ranchos \u00e9 presa pela Pol\u00edcia Civil de Gua\u00edra - Regi\u00e3o News","robots":{"index":"index","follow":"follow","max-snippet":"max-snippet:-1","max-image-preview":"max-image-preview:large","max-video-preview":"max-video-preview:-1"},"canonical":"https:\/\/regiaonews.net.br\/2022\/2024\/02\/06\/quadrilha-que-praticava-furto-em-ranchos-e-presa-pela-policia-civil-de-guaira\/","og_locale":"pt_BR","og_type":"article","og_title":"Quadrilha que praticava furto em ranchos \u00e9 presa pela Pol\u00edcia Civil de Gua\u00edra - Regi\u00e3o News","og_description":"A Pol\u00edcia Civil de Gua\u00edra desencadeou, na manh\u00e3 de hoje,","og_url":"https:\/\/regiaonews.net.br\/2022\/2024\/02\/06\/quadrilha-que-praticava-furto-em-ranchos-e-presa-pela-policia-civil-de-guaira\/","og_site_name":"Regi\u00e3o News","article_published_time":"2024-02-06T19:22:01+00:00","og_image":[{"width":1152,"height":864,"url":"https:\/\/regiaonews.net.br\/2022\/wp-content\/uploads\/2024\/02\/Imagem-do-WhatsApp-de-2024-02-06-as-11.14.41_799a5f60.jpg","type":"image\/jpeg"}],"author":"Roberto","twitter_card":"summary_large_image","twitter_misc":{"Escrito por":"Roberto","Est. tempo de leitura":"2 minutos"},"schema":{"@context":"https:\/\/schema.org","@graph":[{"@type":"Article","@id":"https:\/\/regiaonews.net.br\/2022\/2024\/02\/06\/quadrilha-que-praticava-furto-em-ranchos-e-presa-pela-policia-civil-de-guaira\/#article","isPartOf":{"@id":"https:\/\/regiaonews.net.br\/2022\/2024\/02\/06\/quadrilha-que-praticava-furto-em-ranchos-e-presa-pela-policia-civil-de-guaira\/"},"author":{"name":"Roberto","@id":"https:\/\/regiaonews.net.br\/2022\/#\/schema\/person\/2d205a608a5aa97ac279d7a5e6d89ad8"},"headline":"Quadrilha que praticava furto em ranchos \u00e9 presa pela Pol\u00edcia Civil de Gua\u00edra","datePublished":"2024-02-06T19:22:01+00:00","mainEntityOfPage":{"@id":"https:\/\/regiaonews.net.br\/2022\/2024\/02\/06\/quadrilha-que-praticava-furto-em-ranchos-e-presa-pela-policia-civil-de-guaira\/"},"wordCount":193,"commentCount":0,"publisher":{"@id":"https:\/\/regiaonews.net.br\/2022\/#organization"},"image":{"@id":"https:\/\/regiaonews.net.br\/2022\/2024\/02\/06\/quadrilha-que-praticava-furto-em-ranchos-e-presa-pela-policia-civil-de-guaira\/#primaryimage"},"thumbnailUrl":"https:\/\/regiaonews.net.br\/2022\/wp-content\/uploads\/2024\/02\/Imagem-do-WhatsApp-de-2024-02-06-as-11.14.41_799a5f60.jpg","articleSection":["Gua\u00edra","Policia"],"inLanguage":"pt-BR","potentialAction":[{"@type":"CommentAction","name":"Comment","target":["https:\/\/regiaonews.net.br\/2022\/2024\/02\/06\/quadrilha-que-praticava-furto-em-ranchos-e-presa-pela-policia-civil-de-guaira\/#respond"]}]},{"@type":"WebPage","@id":"https:\/\/regiaonews.net.br\/2022\/2024\/02\/06\/quadrilha-que-praticava-furto-em-ranchos-e-presa-pela-policia-civil-de-guaira\/","url":"https:\/\/regiaonews.net.br\/2022\/2024\/02\/06\/quadrilha-que-praticava-furto-em-ranchos-e-presa-pela-policia-civil-de-guaira\/","name":"Quadrilha que praticava furto em ranchos \u00e9 presa pela Pol\u00edcia Civil de Gua\u00edra - Regi\u00e3o News","isPartOf":{"@id":"https:\/\/regiaonews.net.br\/2022\/#website"},"primaryImageOfPage":{"@id":"https:\/\/regiaonews.net.br\/2022\/2024\/02\/06\/quadrilha-que-praticava-furto-em-ranchos-e-presa-pela-policia-civil-de-guaira\/#primaryimage"},"image":{"@id":"https:\/\/regiaonews.net.br\/2022\/2024\/02\/06\/quadrilha-que-praticava-furto-em-ranchos-e-presa-pela-policia-civil-de-guaira\/#primaryimage"},"thumbnailUrl":"https:\/\/regiaonews.net.br\/2022\/wp-content\/uploads\/2024\/02\/Imagem-do-WhatsApp-de-2024-02-06-as-11.14.41_799a5f60.jpg","datePublished":"2024-02-06T19:22:01+00:00","breadcrumb":{"@id":"https:\/\/regiaonews.net.br\/2022\/2024\/02\/06\/quadrilha-que-praticava-furto-em-ranchos-e-presa-pela-policia-civil-de-guaira\/#breadcrumb"},"inLanguage":"pt-BR","potentialAction":[{"@type":"ReadAction","target":["https:\/\/regiaonews.net.br\/2022\/2024\/02\/06\/quadrilha-que-praticava-furto-em-ranchos-e-presa-pela-policia-civil-de-guaira\/"]}]},{"@type":"ImageObject","inLanguage":"pt-BR","@id":"https:\/\/regiaonews.net.br\/2022\/2024\/02\/06\/quadrilha-que-praticava-furto-em-ranchos-e-presa-pela-policia-civil-de-guaira\/#primaryimage","url":"https:\/\/regiaonews.net.br\/2022\/wp-content\/uploads\/2024\/02\/Imagem-do-WhatsApp-de-2024-02-06-as-11.14.41_799a5f60.jpg","contentUrl":"https:\/\/regiaonews.net.br\/2022\/wp-content\/uploads\/2024\/02\/Imagem-do-WhatsApp-de-2024-02-06-as-11.14.41_799a5f60.jpg","width":1152,"height":864},{"@type":"BreadcrumbList","@id":"https:\/\/regiaonews.net.br\/2022\/2024\/02\/06\/quadrilha-que-praticava-furto-em-ranchos-e-presa-pela-policia-civil-de-guaira\/#breadcrumb","itemListElement":[{"@type":"ListItem","position":1,"name":"In\u00edcio","item":"https:\/\/regiaonews.net.br\/2022\/"},{"@type":"ListItem","position":2,"name":"Quadrilha que praticava furto em ranchos \u00e9 presa pela Pol\u00edcia Civil de Gua\u00edra"}]},{"@type":"WebSite","@id":"https:\/\/regiaonews.net.br\/2022\/#website","url":"https:\/\/regiaonews.net.br\/2022\/","name":"Regi\u00e3o News","description":"Site de Not\u00edcias de Barretos e regi\u00e3o","publisher":{"@id":"https:\/\/regiaonews.net.br\/2022\/#organization"},"potentialAction":[{"@type":"SearchAction","target":{"@type":"EntryPoint","urlTemplate":"https:\/\/regiaonews.net.br\/2022\/?s={search_term_string}"},"query-input":{"@type":"PropertyValueSpecification","valueRequired":true,"valueName":"search_term_string"}}],"inLanguage":"pt-BR"},{"@type":"Organization","@id":"https:\/\/regiaonews.net.br\/2022\/#organization","name":"Regi\u00e3o News","url":"https:\/\/regiaonews.net.br\/2022\/","logo":{"@type":"ImageObject","inLanguage":"pt-BR","@id":"https:\/\/regiaonews.net.br\/2022\/#\/schema\/logo\/image\/","url":"https:\/\/regiaonews.net.br\/2022\/wp-content\/uploads\/2026\/03\/regiao-13-anos-scaled.jpg","contentUrl":"https:\/\/regiaonews.net.br\/2022\/wp-content\/uploads\/2026\/03\/regiao-13-anos-scaled.jpg","width":2560,"height":635,"caption":"Regi\u00e3o News"},"image":{"@id":"https:\/\/regiaonews.net.br\/2022\/#\/schema\/logo\/image\/"}},{"@type":"Person","@id":"https:\/\/regiaonews.net.br\/2022\/#\/schema\/person\/2d205a608a5aa97ac279d7a5e6d89ad8","name":"Roberto","image":{"@type":"ImageObject","inLanguage":"pt-BR","@id":"https:\/\/secure.gravatar.com\/avatar\/42749d8b712ff9d59ca93dc150494e5b55a44134482993f5baeb97e61b7ecc89?s=96&d=mm&r=g","url":"https:\/\/secure.gravatar.com\/avatar\/42749d8b712ff9d59ca93dc150494e5b55a44134482993f5baeb97e61b7ecc89?s=96&d=mm&r=g","contentUrl":"https:\/\/secure.gravatar.com\/avatar\/42749d8b712ff9d59ca93dc150494e5b55a44134482993f5baeb97e61b7ecc89?s=96&d=mm&r=g","caption":"Roberto"},"url":"https:\/\/regiaonews.net.br\/2022\/author\/roberto\/"}]}},"publishpress_future_action":{"enabled":false,"date":"2026-05-03 22:38:32","action":"change-status","newStatus":"draft","terms":[],"taxonomy":"category","extraData":[]},"publishpress_future_workflow_manual_trigger":{"enabledWorkflows":[]},"_links":{"self":[{"href":"https:\/\/regiaonews.net.br\/2022\/wp-json\/wp\/v2\/posts\/100954","targetHints":{"allow":["GET"]}}],"collection":[{"href":"https:\/\/regiaonews.net.br\/2022\/wp-json\/wp\/v2\/posts"}],"about":[{"href":"https:\/\/regiaonews.net.br\/2022\/wp-json\/wp\/v2\/types\/post"}],"author":[{"embeddable":true,"href":"https:\/\/regiaonews.net.br\/2022\/wp-json\/wp\/v2\/users\/2"}],"replies":[{"embeddable":true,"href":"https:\/\/regiaonews.net.br\/2022\/wp-json\/wp\/v2\/comments?post=100954"}],"version-history":[{"count":1,"href":"https:\/\/regiaonews.net.br\/2022\/wp-json\/wp\/v2\/posts\/100954\/revisions"}],"predecessor-version":[{"id":100956,"href":"https:\/\/regiaonews.net.br\/2022\/wp-json\/wp\/v2\/posts\/100954\/revisions\/100956"}],"wp:featuredmedia":[{"embeddable":true,"href":"https:\/\/regiaonews.net.br\/2022\/wp-json\/wp\/v2\/media\/100955"}],"wp:attachment":[{"href":"https:\/\/regiaonews.net.br\/2022\/wp-json\/wp\/v2\/media?parent=100954"}],"wp:term":[{"taxonomy":"category","embeddable":true,"href":"https:\/\/regiaonews.net.br\/2022\/wp-json\/wp\/v2\/categories?post=100954"},{"taxonomy":"post_tag","embeddable":true,"href":"https:\/\/regiaonews.net.br\/2022\/wp-json\/wp\/v2\/tags?post=100954"}],"curies":[{"name":"wp","href":"https:\/\/api.w.org\/{rel}","templated":true}]}}