{"id":100948,"date":"2024-02-06T11:01:38","date_gmt":"2024-02-06T14:01:38","guid":{"rendered":"https:\/\/regiaonews.net.br\/2022\/?p=100948"},"modified":"2024-02-06T11:01:38","modified_gmt":"2024-02-06T14:01:38","slug":"jardim-caicara-rua-dos-curios-e-preparada-para-pavimentacao","status":"publish","type":"post","link":"https:\/\/regiaonews.net.br\/2022\/2024\/02\/06\/jardim-caicara-rua-dos-curios-e-preparada-para-pavimentacao\/","title":{"rendered":"Jardim Cai\u00e7ara: Rua dos Curi\u00f3s \u00e9 preparada para pavimenta\u00e7\u00e3o"},"content":{"rendered":"<h3 style=\"text-align: center;\">Melhoria \u00e9 uma reivindica\u00e7\u00e3o dos moradores h\u00e1 sete d\u00e9cadas; Prefeita Paula Lemos acompanha a evolu\u00e7\u00e3o da obra de infraestrutura<\/h3>\n<p>A Prefeita da Est\u00e2ncia Tur\u00edstica de Barretos, Paula Lemos, realizou na manh\u00e3 desta segunda-feira, 5 de fevereiro, uma visita t\u00e9cnica \u00e0 Rua dos Curi\u00f3s, no bairro Jardim Cai\u00e7ara, que recebeu o carregamento de Brita Graduada Simples (BGS) que ser\u00e1 aplicada no local para posterior pavimenta\u00e7\u00e3o da via.<br \/>\nO material \u00e9 amplamente utilizado na pavimenta\u00e7\u00e3o de estradas e rodovias devido \u00e0 sua efici\u00eancia, durabilidade e desempenho. \u201cN\u00f3s estamos aqui na Rua dos Curi\u00f3s, a primeira que vai receber o BGS, esse material que serve para salgar a rua e depois vir com o asfalto. E assim a gente vai trabalhando muito pelas pessoas que esperaram por esta melhoria h\u00e1 70 anos. Quero dizer que \u00e9 um trabalho \u00e1rduo, num bairro que exige uma aten\u00e7\u00e3o muito especial, porque n\u00e3o \u00e9 s\u00f3 colocar o asfalto. \u00c9 o compromisso de algo de qualidade, gra\u00e7as a Deus, \u00e0 ajuda do ent\u00e3o deputado Geninho Zuliani, ao governo do Estado e principalmente \u00e0 nossa popula\u00e7\u00e3o, porque aqui tem muito recurso pr\u00f3prio\u201d, disse a chefe do executivo.<br \/>\nA visita foi acompanhada pelo vereador Nestor Leonel e o pelo chefe de gabinete da Secretaria Municipal de Obras e Servi\u00e7os Urbanos, Cilas Elias da Silva. \u201cA Paula deu a palavra dela, correu atr\u00e1s do recurso, foi atr\u00e1s dos deputados e hoje n\u00f3s estamos vendo uma realidade. Voc\u00ea est\u00e1 de parab\u00e9ns, voc\u00ea fez o servi\u00e7o e vai realizar um sonho de 70 anos de espera na valoriza\u00e7\u00e3o de todas essas ch\u00e1caras para essa popula\u00e7\u00e3o que tanto merece respeito e carinho\u201d, disse o vereador.<\/p>\n<p>Fotos: Vin\u00edcius Borges<\/p>\n","protected":false},"excerpt":{"rendered":"<p>Melhoria \u00e9 uma reivindica\u00e7\u00e3o dos moradores h\u00e1 sete d\u00e9cadas; Prefeita<\/p>\n","protected":false},"author":2,"featured_media":100949,"comment_status":"open","ping_status":"open","sticky":false,"template":"","format":"standard","meta":{"footnotes":""},"categories":[14,3],"tags":[],"class_list":["post-100948","post","type-post","status-publish","format-standard","has-post-thumbnail","hentry","category-barretos","category-geral"],"yoast_head":"<!-- This site is optimized with the Yoast SEO plugin v27.4 - https:\/\/yoast.com\/product\/yoast-seo-wordpress\/ -->\n<title>Jardim Cai\u00e7ara: Rua dos Curi\u00f3s \u00e9 preparada para pavimenta\u00e7\u00e3o - Regi\u00e3o News<\/title>\n<meta name=\"robots\" content=\"index, follow, max-snippet:-1, max-image-preview:large, max-video-preview:-1\" \/>\n<link rel=\"canonical\" href=\"https:\/\/regiaonews.net.br\/2022\/2024\/02\/06\/jardim-caicara-rua-dos-curios-e-preparada-para-pavimentacao\/\" \/>\n<meta property=\"og:locale\" content=\"pt_BR\" \/>\n<meta property=\"og:type\" content=\"article\" \/>\n<meta property=\"og:title\" content=\"Jardim Cai\u00e7ara: Rua dos Curi\u00f3s \u00e9 preparada para pavimenta\u00e7\u00e3o - Regi\u00e3o News\" \/>\n<meta property=\"og:description\" content=\"Melhoria \u00e9 uma reivindica\u00e7\u00e3o dos moradores h\u00e1 sete d\u00e9cadas; Prefeita\" \/>\n<meta property=\"og:url\" content=\"https:\/\/regiaonews.net.br\/2022\/2024\/02\/06\/jardim-caicara-rua-dos-curios-e-preparada-para-pavimentacao\/\" \/>\n<meta property=\"og:site_name\" content=\"Regi\u00e3o News\" \/>\n<meta property=\"article:published_time\" content=\"2024-02-06T14:01:38+00:00\" \/>\n<meta property=\"og:image\" content=\"https:\/\/regiaonews.net.br\/2022\/wp-content\/uploads\/2024\/02\/as.jpg\" \/>\n\t<meta property=\"og:image:width\" content=\"1600\" \/>\n\t<meta property=\"og:image:height\" content=\"1062\" \/>\n\t<meta property=\"og:image:type\" content=\"image\/jpeg\" \/>\n<meta name=\"author\" content=\"Roberto\" \/>\n<meta name=\"twitter:card\" content=\"summary_large_image\" \/>\n<meta name=\"twitter:label1\" content=\"Escrito por\" \/>\n\t<meta name=\"twitter:data1\" content=\"Roberto\" \/>\n\t<meta name=\"twitter:label2\" content=\"Est. tempo de leitura\" \/>\n\t<meta name=\"twitter:data2\" content=\"2 minutos\" \/>\n<script type=\"application\/ld+json\" class=\"yoast-schema-graph\">{\"@context\":\"https:\\\/\\\/schema.org\",\"@graph\":[{\"@type\":\"Article\",\"@id\":\"https:\\\/\\\/regiaonews.net.br\\\/2022\\\/2024\\\/02\\\/06\\\/jardim-caicara-rua-dos-curios-e-preparada-para-pavimentacao\\\/#article\",\"isPartOf\":{\"@id\":\"https:\\\/\\\/regiaonews.net.br\\\/2022\\\/2024\\\/02\\\/06\\\/jardim-caicara-rua-dos-curios-e-preparada-para-pavimentacao\\\/\"},\"author\":{\"name\":\"Roberto\",\"@id\":\"https:\\\/\\\/regiaonews.net.br\\\/2022\\\/#\\\/schema\\\/person\\\/2d205a608a5aa97ac279d7a5e6d89ad8\"},\"headline\":\"Jardim Cai\u00e7ara: Rua dos Curi\u00f3s \u00e9 preparada para pavimenta\u00e7\u00e3o\",\"datePublished\":\"2024-02-06T14:01:38+00:00\",\"mainEntityOfPage\":{\"@id\":\"https:\\\/\\\/regiaonews.net.br\\\/2022\\\/2024\\\/02\\\/06\\\/jardim-caicara-rua-dos-curios-e-preparada-para-pavimentacao\\\/\"},\"wordCount\":302,\"commentCount\":0,\"publisher\":{\"@id\":\"https:\\\/\\\/regiaonews.net.br\\\/2022\\\/#organization\"},\"image\":{\"@id\":\"https:\\\/\\\/regiaonews.net.br\\\/2022\\\/2024\\\/02\\\/06\\\/jardim-caicara-rua-dos-curios-e-preparada-para-pavimentacao\\\/#primaryimage\"},\"thumbnailUrl\":\"https:\\\/\\\/regiaonews.net.br\\\/2022\\\/wp-content\\\/uploads\\\/2024\\\/02\\\/as.jpg\",\"articleSection\":[\"Barretos\",\"Geral\"],\"inLanguage\":\"pt-BR\",\"potentialAction\":[{\"@type\":\"CommentAction\",\"name\":\"Comment\",\"target\":[\"https:\\\/\\\/regiaonews.net.br\\\/2022\\\/2024\\\/02\\\/06\\\/jardim-caicara-rua-dos-curios-e-preparada-para-pavimentacao\\\/#respond\"]}]},{\"@type\":\"WebPage\",\"@id\":\"https:\\\/\\\/regiaonews.net.br\\\/2022\\\/2024\\\/02\\\/06\\\/jardim-caicara-rua-dos-curios-e-preparada-para-pavimentacao\\\/\",\"url\":\"https:\\\/\\\/regiaonews.net.br\\\/2022\\\/2024\\\/02\\\/06\\\/jardim-caicara-rua-dos-curios-e-preparada-para-pavimentacao\\\/\",\"name\":\"Jardim Cai\u00e7ara: Rua dos Curi\u00f3s \u00e9 preparada para pavimenta\u00e7\u00e3o - Regi\u00e3o News\",\"isPartOf\":{\"@id\":\"https:\\\/\\\/regiaonews.net.br\\\/2022\\\/#website\"},\"primaryImageOfPage\":{\"@id\":\"https:\\\/\\\/regiaonews.net.br\\\/2022\\\/2024\\\/02\\\/06\\\/jardim-caicara-rua-dos-curios-e-preparada-para-pavimentacao\\\/#primaryimage\"},\"image\":{\"@id\":\"https:\\\/\\\/regiaonews.net.br\\\/2022\\\/2024\\\/02\\\/06\\\/jardim-caicara-rua-dos-curios-e-preparada-para-pavimentacao\\\/#primaryimage\"},\"thumbnailUrl\":\"https:\\\/\\\/regiaonews.net.br\\\/2022\\\/wp-content\\\/uploads\\\/2024\\\/02\\\/as.jpg\",\"datePublished\":\"2024-02-06T14:01:38+00:00\",\"breadcrumb\":{\"@id\":\"https:\\\/\\\/regiaonews.net.br\\\/2022\\\/2024\\\/02\\\/06\\\/jardim-caicara-rua-dos-curios-e-preparada-para-pavimentacao\\\/#breadcrumb\"},\"inLanguage\":\"pt-BR\",\"potentialAction\":[{\"@type\":\"ReadAction\",\"target\":[\"https:\\\/\\\/regiaonews.net.br\\\/2022\\\/2024\\\/02\\\/06\\\/jardim-caicara-rua-dos-curios-e-preparada-para-pavimentacao\\\/\"]}]},{\"@type\":\"ImageObject\",\"inLanguage\":\"pt-BR\",\"@id\":\"https:\\\/\\\/regiaonews.net.br\\\/2022\\\/2024\\\/02\\\/06\\\/jardim-caicara-rua-dos-curios-e-preparada-para-pavimentacao\\\/#primaryimage\",\"url\":\"https:\\\/\\\/regiaonews.net.br\\\/2022\\\/wp-content\\\/uploads\\\/2024\\\/02\\\/as.jpg\",\"contentUrl\":\"https:\\\/\\\/regiaonews.net.br\\\/2022\\\/wp-content\\\/uploads\\\/2024\\\/02\\\/as.jpg\",\"width\":1600,\"height\":1062},{\"@type\":\"BreadcrumbList\",\"@id\":\"https:\\\/\\\/regiaonews.net.br\\\/2022\\\/2024\\\/02\\\/06\\\/jardim-caicara-rua-dos-curios-e-preparada-para-pavimentacao\\\/#breadcrumb\",\"itemListElement\":[{\"@type\":\"ListItem\",\"position\":1,\"name\":\"In\u00edcio\",\"item\":\"https:\\\/\\\/regiaonews.net.br\\\/2022\\\/\"},{\"@type\":\"ListItem\",\"position\":2,\"name\":\"Jardim Cai\u00e7ara: Rua dos Curi\u00f3s \u00e9 preparada para pavimenta\u00e7\u00e3o\"}]},{\"@type\":\"WebSite\",\"@id\":\"https:\\\/\\\/regiaonews.net.br\\\/2022\\\/#website\",\"url\":\"https:\\\/\\\/regiaonews.net.br\\\/2022\\\/\",\"name\":\"Regi\u00e3o News\",\"description\":\"Site de Not\u00edcias de Barretos e regi\u00e3o\",\"publisher\":{\"@id\":\"https:\\\/\\\/regiaonews.net.br\\\/2022\\\/#organization\"},\"potentialAction\":[{\"@type\":\"SearchAction\",\"target\":{\"@type\":\"EntryPoint\",\"urlTemplate\":\"https:\\\/\\\/regiaonews.net.br\\\/2022\\\/?s={search_term_string}\"},\"query-input\":{\"@type\":\"PropertyValueSpecification\",\"valueRequired\":true,\"valueName\":\"search_term_string\"}}],\"inLanguage\":\"pt-BR\"},{\"@type\":\"Organization\",\"@id\":\"https:\\\/\\\/regiaonews.net.br\\\/2022\\\/#organization\",\"name\":\"Regi\u00e3o News\",\"url\":\"https:\\\/\\\/regiaonews.net.br\\\/2022\\\/\",\"logo\":{\"@type\":\"ImageObject\",\"inLanguage\":\"pt-BR\",\"@id\":\"https:\\\/\\\/regiaonews.net.br\\\/2022\\\/#\\\/schema\\\/logo\\\/image\\\/\",\"url\":\"https:\\\/\\\/regiaonews.net.br\\\/2022\\\/wp-content\\\/uploads\\\/2026\\\/03\\\/regiao-13-anos-scaled.jpg\",\"contentUrl\":\"https:\\\/\\\/regiaonews.net.br\\\/2022\\\/wp-content\\\/uploads\\\/2026\\\/03\\\/regiao-13-anos-scaled.jpg\",\"width\":2560,\"height\":635,\"caption\":\"Regi\u00e3o News\"},\"image\":{\"@id\":\"https:\\\/\\\/regiaonews.net.br\\\/2022\\\/#\\\/schema\\\/logo\\\/image\\\/\"}},{\"@type\":\"Person\",\"@id\":\"https:\\\/\\\/regiaonews.net.br\\\/2022\\\/#\\\/schema\\\/person\\\/2d205a608a5aa97ac279d7a5e6d89ad8\",\"name\":\"Roberto\",\"image\":{\"@type\":\"ImageObject\",\"inLanguage\":\"pt-BR\",\"@id\":\"https:\\\/\\\/secure.gravatar.com\\\/avatar\\\/42749d8b712ff9d59ca93dc150494e5b55a44134482993f5baeb97e61b7ecc89?s=96&d=mm&r=g\",\"url\":\"https:\\\/\\\/secure.gravatar.com\\\/avatar\\\/42749d8b712ff9d59ca93dc150494e5b55a44134482993f5baeb97e61b7ecc89?s=96&d=mm&r=g\",\"contentUrl\":\"https:\\\/\\\/secure.gravatar.com\\\/avatar\\\/42749d8b712ff9d59ca93dc150494e5b55a44134482993f5baeb97e61b7ecc89?s=96&d=mm&r=g\",\"caption\":\"Roberto\"},\"url\":\"https:\\\/\\\/regiaonews.net.br\\\/2022\\\/author\\\/roberto\\\/\"}]}<\/script>\n<!-- \/ Yoast SEO plugin. -->","yoast_head_json":{"title":"Jardim Cai\u00e7ara: Rua dos Curi\u00f3s \u00e9 preparada para pavimenta\u00e7\u00e3o - Regi\u00e3o News","robots":{"index":"index","follow":"follow","max-snippet":"max-snippet:-1","max-image-preview":"max-image-preview:large","max-video-preview":"max-video-preview:-1"},"canonical":"https:\/\/regiaonews.net.br\/2022\/2024\/02\/06\/jardim-caicara-rua-dos-curios-e-preparada-para-pavimentacao\/","og_locale":"pt_BR","og_type":"article","og_title":"Jardim Cai\u00e7ara: Rua dos Curi\u00f3s \u00e9 preparada para pavimenta\u00e7\u00e3o - Regi\u00e3o News","og_description":"Melhoria \u00e9 uma reivindica\u00e7\u00e3o dos moradores h\u00e1 sete d\u00e9cadas; Prefeita","og_url":"https:\/\/regiaonews.net.br\/2022\/2024\/02\/06\/jardim-caicara-rua-dos-curios-e-preparada-para-pavimentacao\/","og_site_name":"Regi\u00e3o News","article_published_time":"2024-02-06T14:01:38+00:00","og_image":[{"width":1600,"height":1062,"url":"https:\/\/regiaonews.net.br\/2022\/wp-content\/uploads\/2024\/02\/as.jpg","type":"image\/jpeg"}],"author":"Roberto","twitter_card":"summary_large_image","twitter_misc":{"Escrito por":"Roberto","Est. tempo de leitura":"2 minutos"},"schema":{"@context":"https:\/\/schema.org","@graph":[{"@type":"Article","@id":"https:\/\/regiaonews.net.br\/2022\/2024\/02\/06\/jardim-caicara-rua-dos-curios-e-preparada-para-pavimentacao\/#article","isPartOf":{"@id":"https:\/\/regiaonews.net.br\/2022\/2024\/02\/06\/jardim-caicara-rua-dos-curios-e-preparada-para-pavimentacao\/"},"author":{"name":"Roberto","@id":"https:\/\/regiaonews.net.br\/2022\/#\/schema\/person\/2d205a608a5aa97ac279d7a5e6d89ad8"},"headline":"Jardim Cai\u00e7ara: Rua dos Curi\u00f3s \u00e9 preparada para pavimenta\u00e7\u00e3o","datePublished":"2024-02-06T14:01:38+00:00","mainEntityOfPage":{"@id":"https:\/\/regiaonews.net.br\/2022\/2024\/02\/06\/jardim-caicara-rua-dos-curios-e-preparada-para-pavimentacao\/"},"wordCount":302,"commentCount":0,"publisher":{"@id":"https:\/\/regiaonews.net.br\/2022\/#organization"},"image":{"@id":"https:\/\/regiaonews.net.br\/2022\/2024\/02\/06\/jardim-caicara-rua-dos-curios-e-preparada-para-pavimentacao\/#primaryimage"},"thumbnailUrl":"https:\/\/regiaonews.net.br\/2022\/wp-content\/uploads\/2024\/02\/as.jpg","articleSection":["Barretos","Geral"],"inLanguage":"pt-BR","potentialAction":[{"@type":"CommentAction","name":"Comment","target":["https:\/\/regiaonews.net.br\/2022\/2024\/02\/06\/jardim-caicara-rua-dos-curios-e-preparada-para-pavimentacao\/#respond"]}]},{"@type":"WebPage","@id":"https:\/\/regiaonews.net.br\/2022\/2024\/02\/06\/jardim-caicara-rua-dos-curios-e-preparada-para-pavimentacao\/","url":"https:\/\/regiaonews.net.br\/2022\/2024\/02\/06\/jardim-caicara-rua-dos-curios-e-preparada-para-pavimentacao\/","name":"Jardim Cai\u00e7ara: Rua dos Curi\u00f3s \u00e9 preparada para pavimenta\u00e7\u00e3o - Regi\u00e3o News","isPartOf":{"@id":"https:\/\/regiaonews.net.br\/2022\/#website"},"primaryImageOfPage":{"@id":"https:\/\/regiaonews.net.br\/2022\/2024\/02\/06\/jardim-caicara-rua-dos-curios-e-preparada-para-pavimentacao\/#primaryimage"},"image":{"@id":"https:\/\/regiaonews.net.br\/2022\/2024\/02\/06\/jardim-caicara-rua-dos-curios-e-preparada-para-pavimentacao\/#primaryimage"},"thumbnailUrl":"https:\/\/regiaonews.net.br\/2022\/wp-content\/uploads\/2024\/02\/as.jpg","datePublished":"2024-02-06T14:01:38+00:00","breadcrumb":{"@id":"https:\/\/regiaonews.net.br\/2022\/2024\/02\/06\/jardim-caicara-rua-dos-curios-e-preparada-para-pavimentacao\/#breadcrumb"},"inLanguage":"pt-BR","potentialAction":[{"@type":"ReadAction","target":["https:\/\/regiaonews.net.br\/2022\/2024\/02\/06\/jardim-caicara-rua-dos-curios-e-preparada-para-pavimentacao\/"]}]},{"@type":"ImageObject","inLanguage":"pt-BR","@id":"https:\/\/regiaonews.net.br\/2022\/2024\/02\/06\/jardim-caicara-rua-dos-curios-e-preparada-para-pavimentacao\/#primaryimage","url":"https:\/\/regiaonews.net.br\/2022\/wp-content\/uploads\/2024\/02\/as.jpg","contentUrl":"https:\/\/regiaonews.net.br\/2022\/wp-content\/uploads\/2024\/02\/as.jpg","width":1600,"height":1062},{"@type":"BreadcrumbList","@id":"https:\/\/regiaonews.net.br\/2022\/2024\/02\/06\/jardim-caicara-rua-dos-curios-e-preparada-para-pavimentacao\/#breadcrumb","itemListElement":[{"@type":"ListItem","position":1,"name":"In\u00edcio","item":"https:\/\/regiaonews.net.br\/2022\/"},{"@type":"ListItem","position":2,"name":"Jardim Cai\u00e7ara: Rua dos Curi\u00f3s \u00e9 preparada para pavimenta\u00e7\u00e3o"}]},{"@type":"WebSite","@id":"https:\/\/regiaonews.net.br\/2022\/#website","url":"https:\/\/regiaonews.net.br\/2022\/","name":"Regi\u00e3o News","description":"Site de Not\u00edcias de Barretos e regi\u00e3o","publisher":{"@id":"https:\/\/regiaonews.net.br\/2022\/#organization"},"potentialAction":[{"@type":"SearchAction","target":{"@type":"EntryPoint","urlTemplate":"https:\/\/regiaonews.net.br\/2022\/?s={search_term_string}"},"query-input":{"@type":"PropertyValueSpecification","valueRequired":true,"valueName":"search_term_string"}}],"inLanguage":"pt-BR"},{"@type":"Organization","@id":"https:\/\/regiaonews.net.br\/2022\/#organization","name":"Regi\u00e3o News","url":"https:\/\/regiaonews.net.br\/2022\/","logo":{"@type":"ImageObject","inLanguage":"pt-BR","@id":"https:\/\/regiaonews.net.br\/2022\/#\/schema\/logo\/image\/","url":"https:\/\/regiaonews.net.br\/2022\/wp-content\/uploads\/2026\/03\/regiao-13-anos-scaled.jpg","contentUrl":"https:\/\/regiaonews.net.br\/2022\/wp-content\/uploads\/2026\/03\/regiao-13-anos-scaled.jpg","width":2560,"height":635,"caption":"Regi\u00e3o News"},"image":{"@id":"https:\/\/regiaonews.net.br\/2022\/#\/schema\/logo\/image\/"}},{"@type":"Person","@id":"https:\/\/regiaonews.net.br\/2022\/#\/schema\/person\/2d205a608a5aa97ac279d7a5e6d89ad8","name":"Roberto","image":{"@type":"ImageObject","inLanguage":"pt-BR","@id":"https:\/\/secure.gravatar.com\/avatar\/42749d8b712ff9d59ca93dc150494e5b55a44134482993f5baeb97e61b7ecc89?s=96&d=mm&r=g","url":"https:\/\/secure.gravatar.com\/avatar\/42749d8b712ff9d59ca93dc150494e5b55a44134482993f5baeb97e61b7ecc89?s=96&d=mm&r=g","contentUrl":"https:\/\/secure.gravatar.com\/avatar\/42749d8b712ff9d59ca93dc150494e5b55a44134482993f5baeb97e61b7ecc89?s=96&d=mm&r=g","caption":"Roberto"},"url":"https:\/\/regiaonews.net.br\/2022\/author\/roberto\/"}]}},"publishpress_future_action":{"enabled":false,"date":"2026-05-04 01:56:37","action":"change-status","newStatus":"draft","terms":[],"taxonomy":"category","extraData":[]},"publishpress_future_workflow_manual_trigger":{"enabledWorkflows":[]},"_links":{"self":[{"href":"https:\/\/regiaonews.net.br\/2022\/wp-json\/wp\/v2\/posts\/100948","targetHints":{"allow":["GET"]}}],"collection":[{"href":"https:\/\/regiaonews.net.br\/2022\/wp-json\/wp\/v2\/posts"}],"about":[{"href":"https:\/\/regiaonews.net.br\/2022\/wp-json\/wp\/v2\/types\/post"}],"author":[{"embeddable":true,"href":"https:\/\/regiaonews.net.br\/2022\/wp-json\/wp\/v2\/users\/2"}],"replies":[{"embeddable":true,"href":"https:\/\/regiaonews.net.br\/2022\/wp-json\/wp\/v2\/comments?post=100948"}],"version-history":[{"count":1,"href":"https:\/\/regiaonews.net.br\/2022\/wp-json\/wp\/v2\/posts\/100948\/revisions"}],"predecessor-version":[{"id":100950,"href":"https:\/\/regiaonews.net.br\/2022\/wp-json\/wp\/v2\/posts\/100948\/revisions\/100950"}],"wp:featuredmedia":[{"embeddable":true,"href":"https:\/\/regiaonews.net.br\/2022\/wp-json\/wp\/v2\/media\/100949"}],"wp:attachment":[{"href":"https:\/\/regiaonews.net.br\/2022\/wp-json\/wp\/v2\/media?parent=100948"}],"wp:term":[{"taxonomy":"category","embeddable":true,"href":"https:\/\/regiaonews.net.br\/2022\/wp-json\/wp\/v2\/categories?post=100948"},{"taxonomy":"post_tag","embeddable":true,"href":"https:\/\/regiaonews.net.br\/2022\/wp-json\/wp\/v2\/tags?post=100948"}],"curies":[{"name":"wp","href":"https:\/\/api.w.org\/{rel}","templated":true}]}}