{"id":100941,"date":"2024-02-05T22:13:56","date_gmt":"2024-02-06T01:13:56","guid":{"rendered":"https:\/\/regiaonews.net.br\/2022\/?p=100941"},"modified":"2024-02-05T22:13:56","modified_gmt":"2024-02-06T01:13:56","slug":"campeao-do-rodeio-cutiano-do-rodeio-pela-vida-vai-ganhar-caminhonete","status":"publish","type":"post","link":"https:\/\/regiaonews.net.br\/2022\/2024\/02\/05\/campeao-do-rodeio-cutiano-do-rodeio-pela-vida-vai-ganhar-caminhonete\/","title":{"rendered":"Campe\u00e3o do Rodeio Cutiano do Rodeio Pela Vida vai ganhar caminhonete"},"content":{"rendered":"<p>&nbsp;<\/p>\n<p>A organiza\u00e7\u00e3o do 4\u00ba Rodeio Pela Vida que ser\u00e1 realizado de 6 a 9 de junho, no Recinto Paulo de Lima Correa, em Barretos, em prol do Hospital de Amor,\u00a0 j\u00e1 est\u00e1 tendo a sua estrutura preparada para a edi\u00e7\u00e3o de 2024. O evento ter\u00e1 como destaque neste ano, etapas nas cidades onde o Hospital de Amor tem unidades e tamb\u00e9m a premia\u00e7\u00e3o de uma caminhonete no rodeio de cavalos no estilo Cutiano.<br \/>\nO diretor de rodeios do Rodeio Pela Vida, Jos\u00e9 Uilson Freire, explicou que o evento deste ano ter\u00e1 v\u00e1rias etapas e sendo realizadas todas as modalidades do rodeio completo como tr\u00eas tambores, sela americana, bareback, cutiano e touros. \u201cEste ano a gente tem uma novidade onde vamos estar premiando os cowboys do rodeio cutiano com uma caminhonete zero km, onde ser\u00e1 realizada final da sele\u00e7\u00e3o brasileira de rodeio, juntamente com os melhores cowboys do rodeio em touro do Brasil\u201d, afirmou Freire.<br \/>\nO presidente do Hospital de Amor, Henrique Prata, explicou que o rodeio Cutiano necessitava de um destaque no Rodeio Pela Vida, j\u00e1 que o rodeio nasceu com o cutiano e no mundo inteiro quando se fala em rodeio, o primeiro \u00e9 cavalo. \u201cN\u00f3s conseguimos um patroc\u00ednio uma pick-up para o rodeio do Cutiano. Estamos muito animados, em uma cidade que se fala que \u00e9 tur\u00edstica deveria ter tr\u00eas ou quatro eventos com este por ano no nosso calend\u00e1rio\u201d, destacou Henrique. O dirigente do HA, voltou a pedir o apoio dos volunt\u00e1rios para trabalharem na Festa de 2024 em prol do hospital.<\/p>\n<p>&nbsp;<\/p>\n","protected":false},"excerpt":{"rendered":"<p>&nbsp; A organiza\u00e7\u00e3o do 4\u00ba Rodeio Pela Vida que ser\u00e1<\/p>\n","protected":false},"author":2,"featured_media":100942,"comment_status":"open","ping_status":"open","sticky":false,"template":"","format":"standard","meta":{"footnotes":""},"categories":[14,25],"tags":[],"class_list":["post-100941","post","type-post","status-publish","format-standard","has-post-thumbnail","hentry","category-barretos","category-cidades"],"yoast_head":"<!-- This site is optimized with the Yoast SEO plugin v27.4 - https:\/\/yoast.com\/product\/yoast-seo-wordpress\/ -->\n<title>Campe\u00e3o do Rodeio Cutiano do Rodeio Pela Vida vai ganhar caminhonete - Regi\u00e3o News<\/title>\n<meta name=\"robots\" content=\"index, follow, max-snippet:-1, max-image-preview:large, max-video-preview:-1\" \/>\n<link rel=\"canonical\" href=\"https:\/\/regiaonews.net.br\/2022\/2024\/02\/05\/campeao-do-rodeio-cutiano-do-rodeio-pela-vida-vai-ganhar-caminhonete\/\" \/>\n<meta property=\"og:locale\" content=\"pt_BR\" \/>\n<meta property=\"og:type\" content=\"article\" \/>\n<meta property=\"og:title\" content=\"Campe\u00e3o do Rodeio Cutiano do Rodeio Pela Vida vai ganhar caminhonete - Regi\u00e3o News\" \/>\n<meta property=\"og:description\" content=\"&nbsp; A organiza\u00e7\u00e3o do 4\u00ba Rodeio Pela Vida que ser\u00e1\" \/>\n<meta property=\"og:url\" content=\"https:\/\/regiaonews.net.br\/2022\/2024\/02\/05\/campeao-do-rodeio-cutiano-do-rodeio-pela-vida-vai-ganhar-caminhonete\/\" \/>\n<meta property=\"og:site_name\" content=\"Regi\u00e3o News\" \/>\n<meta property=\"article:published_time\" content=\"2024-02-06T01:13:56+00:00\" \/>\n<meta property=\"og:image\" content=\"https:\/\/regiaonews.net.br\/2022\/wp-content\/uploads\/2024\/02\/4.jpg\" \/>\n\t<meta property=\"og:image:width\" content=\"1600\" \/>\n\t<meta property=\"og:image:height\" content=\"1200\" \/>\n\t<meta property=\"og:image:type\" content=\"image\/jpeg\" \/>\n<meta name=\"author\" content=\"Roberto\" \/>\n<meta name=\"twitter:card\" content=\"summary_large_image\" \/>\n<meta name=\"twitter:label1\" content=\"Escrito por\" \/>\n\t<meta name=\"twitter:data1\" content=\"Roberto\" \/>\n\t<meta name=\"twitter:label2\" content=\"Est. tempo de leitura\" \/>\n\t<meta name=\"twitter:data2\" content=\"2 minutos\" \/>\n<script type=\"application\/ld+json\" class=\"yoast-schema-graph\">{\"@context\":\"https:\\\/\\\/schema.org\",\"@graph\":[{\"@type\":\"Article\",\"@id\":\"https:\\\/\\\/regiaonews.net.br\\\/2022\\\/2024\\\/02\\\/05\\\/campeao-do-rodeio-cutiano-do-rodeio-pela-vida-vai-ganhar-caminhonete\\\/#article\",\"isPartOf\":{\"@id\":\"https:\\\/\\\/regiaonews.net.br\\\/2022\\\/2024\\\/02\\\/05\\\/campeao-do-rodeio-cutiano-do-rodeio-pela-vida-vai-ganhar-caminhonete\\\/\"},\"author\":{\"name\":\"Roberto\",\"@id\":\"https:\\\/\\\/regiaonews.net.br\\\/2022\\\/#\\\/schema\\\/person\\\/2d205a608a5aa97ac279d7a5e6d89ad8\"},\"headline\":\"Campe\u00e3o do Rodeio Cutiano do Rodeio Pela Vida vai ganhar caminhonete\",\"datePublished\":\"2024-02-06T01:13:56+00:00\",\"mainEntityOfPage\":{\"@id\":\"https:\\\/\\\/regiaonews.net.br\\\/2022\\\/2024\\\/02\\\/05\\\/campeao-do-rodeio-cutiano-do-rodeio-pela-vida-vai-ganhar-caminhonete\\\/\"},\"wordCount\":275,\"commentCount\":0,\"publisher\":{\"@id\":\"https:\\\/\\\/regiaonews.net.br\\\/2022\\\/#organization\"},\"image\":{\"@id\":\"https:\\\/\\\/regiaonews.net.br\\\/2022\\\/2024\\\/02\\\/05\\\/campeao-do-rodeio-cutiano-do-rodeio-pela-vida-vai-ganhar-caminhonete\\\/#primaryimage\"},\"thumbnailUrl\":\"https:\\\/\\\/regiaonews.net.br\\\/2022\\\/wp-content\\\/uploads\\\/2024\\\/02\\\/4.jpg\",\"articleSection\":[\"Barretos\",\"Cidades\"],\"inLanguage\":\"pt-BR\",\"potentialAction\":[{\"@type\":\"CommentAction\",\"name\":\"Comment\",\"target\":[\"https:\\\/\\\/regiaonews.net.br\\\/2022\\\/2024\\\/02\\\/05\\\/campeao-do-rodeio-cutiano-do-rodeio-pela-vida-vai-ganhar-caminhonete\\\/#respond\"]}]},{\"@type\":\"WebPage\",\"@id\":\"https:\\\/\\\/regiaonews.net.br\\\/2022\\\/2024\\\/02\\\/05\\\/campeao-do-rodeio-cutiano-do-rodeio-pela-vida-vai-ganhar-caminhonete\\\/\",\"url\":\"https:\\\/\\\/regiaonews.net.br\\\/2022\\\/2024\\\/02\\\/05\\\/campeao-do-rodeio-cutiano-do-rodeio-pela-vida-vai-ganhar-caminhonete\\\/\",\"name\":\"Campe\u00e3o do Rodeio Cutiano do Rodeio Pela Vida vai ganhar caminhonete - Regi\u00e3o News\",\"isPartOf\":{\"@id\":\"https:\\\/\\\/regiaonews.net.br\\\/2022\\\/#website\"},\"primaryImageOfPage\":{\"@id\":\"https:\\\/\\\/regiaonews.net.br\\\/2022\\\/2024\\\/02\\\/05\\\/campeao-do-rodeio-cutiano-do-rodeio-pela-vida-vai-ganhar-caminhonete\\\/#primaryimage\"},\"image\":{\"@id\":\"https:\\\/\\\/regiaonews.net.br\\\/2022\\\/2024\\\/02\\\/05\\\/campeao-do-rodeio-cutiano-do-rodeio-pela-vida-vai-ganhar-caminhonete\\\/#primaryimage\"},\"thumbnailUrl\":\"https:\\\/\\\/regiaonews.net.br\\\/2022\\\/wp-content\\\/uploads\\\/2024\\\/02\\\/4.jpg\",\"datePublished\":\"2024-02-06T01:13:56+00:00\",\"breadcrumb\":{\"@id\":\"https:\\\/\\\/regiaonews.net.br\\\/2022\\\/2024\\\/02\\\/05\\\/campeao-do-rodeio-cutiano-do-rodeio-pela-vida-vai-ganhar-caminhonete\\\/#breadcrumb\"},\"inLanguage\":\"pt-BR\",\"potentialAction\":[{\"@type\":\"ReadAction\",\"target\":[\"https:\\\/\\\/regiaonews.net.br\\\/2022\\\/2024\\\/02\\\/05\\\/campeao-do-rodeio-cutiano-do-rodeio-pela-vida-vai-ganhar-caminhonete\\\/\"]}]},{\"@type\":\"ImageObject\",\"inLanguage\":\"pt-BR\",\"@id\":\"https:\\\/\\\/regiaonews.net.br\\\/2022\\\/2024\\\/02\\\/05\\\/campeao-do-rodeio-cutiano-do-rodeio-pela-vida-vai-ganhar-caminhonete\\\/#primaryimage\",\"url\":\"https:\\\/\\\/regiaonews.net.br\\\/2022\\\/wp-content\\\/uploads\\\/2024\\\/02\\\/4.jpg\",\"contentUrl\":\"https:\\\/\\\/regiaonews.net.br\\\/2022\\\/wp-content\\\/uploads\\\/2024\\\/02\\\/4.jpg\",\"width\":1600,\"height\":1200},{\"@type\":\"BreadcrumbList\",\"@id\":\"https:\\\/\\\/regiaonews.net.br\\\/2022\\\/2024\\\/02\\\/05\\\/campeao-do-rodeio-cutiano-do-rodeio-pela-vida-vai-ganhar-caminhonete\\\/#breadcrumb\",\"itemListElement\":[{\"@type\":\"ListItem\",\"position\":1,\"name\":\"In\u00edcio\",\"item\":\"https:\\\/\\\/regiaonews.net.br\\\/2022\\\/\"},{\"@type\":\"ListItem\",\"position\":2,\"name\":\"Campe\u00e3o do Rodeio Cutiano do Rodeio Pela Vida vai ganhar caminhonete\"}]},{\"@type\":\"WebSite\",\"@id\":\"https:\\\/\\\/regiaonews.net.br\\\/2022\\\/#website\",\"url\":\"https:\\\/\\\/regiaonews.net.br\\\/2022\\\/\",\"name\":\"Regi\u00e3o News\",\"description\":\"Site de Not\u00edcias de Barretos e regi\u00e3o\",\"publisher\":{\"@id\":\"https:\\\/\\\/regiaonews.net.br\\\/2022\\\/#organization\"},\"potentialAction\":[{\"@type\":\"SearchAction\",\"target\":{\"@type\":\"EntryPoint\",\"urlTemplate\":\"https:\\\/\\\/regiaonews.net.br\\\/2022\\\/?s={search_term_string}\"},\"query-input\":{\"@type\":\"PropertyValueSpecification\",\"valueRequired\":true,\"valueName\":\"search_term_string\"}}],\"inLanguage\":\"pt-BR\"},{\"@type\":\"Organization\",\"@id\":\"https:\\\/\\\/regiaonews.net.br\\\/2022\\\/#organization\",\"name\":\"Regi\u00e3o News\",\"url\":\"https:\\\/\\\/regiaonews.net.br\\\/2022\\\/\",\"logo\":{\"@type\":\"ImageObject\",\"inLanguage\":\"pt-BR\",\"@id\":\"https:\\\/\\\/regiaonews.net.br\\\/2022\\\/#\\\/schema\\\/logo\\\/image\\\/\",\"url\":\"https:\\\/\\\/regiaonews.net.br\\\/2022\\\/wp-content\\\/uploads\\\/2026\\\/03\\\/regiao-13-anos-scaled.jpg\",\"contentUrl\":\"https:\\\/\\\/regiaonews.net.br\\\/2022\\\/wp-content\\\/uploads\\\/2026\\\/03\\\/regiao-13-anos-scaled.jpg\",\"width\":2560,\"height\":635,\"caption\":\"Regi\u00e3o News\"},\"image\":{\"@id\":\"https:\\\/\\\/regiaonews.net.br\\\/2022\\\/#\\\/schema\\\/logo\\\/image\\\/\"}},{\"@type\":\"Person\",\"@id\":\"https:\\\/\\\/regiaonews.net.br\\\/2022\\\/#\\\/schema\\\/person\\\/2d205a608a5aa97ac279d7a5e6d89ad8\",\"name\":\"Roberto\",\"image\":{\"@type\":\"ImageObject\",\"inLanguage\":\"pt-BR\",\"@id\":\"https:\\\/\\\/secure.gravatar.com\\\/avatar\\\/42749d8b712ff9d59ca93dc150494e5b55a44134482993f5baeb97e61b7ecc89?s=96&d=mm&r=g\",\"url\":\"https:\\\/\\\/secure.gravatar.com\\\/avatar\\\/42749d8b712ff9d59ca93dc150494e5b55a44134482993f5baeb97e61b7ecc89?s=96&d=mm&r=g\",\"contentUrl\":\"https:\\\/\\\/secure.gravatar.com\\\/avatar\\\/42749d8b712ff9d59ca93dc150494e5b55a44134482993f5baeb97e61b7ecc89?s=96&d=mm&r=g\",\"caption\":\"Roberto\"},\"url\":\"https:\\\/\\\/regiaonews.net.br\\\/2022\\\/author\\\/roberto\\\/\"}]}<\/script>\n<!-- \/ Yoast SEO plugin. -->","yoast_head_json":{"title":"Campe\u00e3o do Rodeio Cutiano do Rodeio Pela Vida vai ganhar caminhonete - Regi\u00e3o News","robots":{"index":"index","follow":"follow","max-snippet":"max-snippet:-1","max-image-preview":"max-image-preview:large","max-video-preview":"max-video-preview:-1"},"canonical":"https:\/\/regiaonews.net.br\/2022\/2024\/02\/05\/campeao-do-rodeio-cutiano-do-rodeio-pela-vida-vai-ganhar-caminhonete\/","og_locale":"pt_BR","og_type":"article","og_title":"Campe\u00e3o do Rodeio Cutiano do Rodeio Pela Vida vai ganhar caminhonete - Regi\u00e3o News","og_description":"&nbsp; A organiza\u00e7\u00e3o do 4\u00ba Rodeio Pela Vida que ser\u00e1","og_url":"https:\/\/regiaonews.net.br\/2022\/2024\/02\/05\/campeao-do-rodeio-cutiano-do-rodeio-pela-vida-vai-ganhar-caminhonete\/","og_site_name":"Regi\u00e3o News","article_published_time":"2024-02-06T01:13:56+00:00","og_image":[{"width":1600,"height":1200,"url":"https:\/\/regiaonews.net.br\/2022\/wp-content\/uploads\/2024\/02\/4.jpg","type":"image\/jpeg"}],"author":"Roberto","twitter_card":"summary_large_image","twitter_misc":{"Escrito por":"Roberto","Est. tempo de leitura":"2 minutos"},"schema":{"@context":"https:\/\/schema.org","@graph":[{"@type":"Article","@id":"https:\/\/regiaonews.net.br\/2022\/2024\/02\/05\/campeao-do-rodeio-cutiano-do-rodeio-pela-vida-vai-ganhar-caminhonete\/#article","isPartOf":{"@id":"https:\/\/regiaonews.net.br\/2022\/2024\/02\/05\/campeao-do-rodeio-cutiano-do-rodeio-pela-vida-vai-ganhar-caminhonete\/"},"author":{"name":"Roberto","@id":"https:\/\/regiaonews.net.br\/2022\/#\/schema\/person\/2d205a608a5aa97ac279d7a5e6d89ad8"},"headline":"Campe\u00e3o do Rodeio Cutiano do Rodeio Pela Vida vai ganhar caminhonete","datePublished":"2024-02-06T01:13:56+00:00","mainEntityOfPage":{"@id":"https:\/\/regiaonews.net.br\/2022\/2024\/02\/05\/campeao-do-rodeio-cutiano-do-rodeio-pela-vida-vai-ganhar-caminhonete\/"},"wordCount":275,"commentCount":0,"publisher":{"@id":"https:\/\/regiaonews.net.br\/2022\/#organization"},"image":{"@id":"https:\/\/regiaonews.net.br\/2022\/2024\/02\/05\/campeao-do-rodeio-cutiano-do-rodeio-pela-vida-vai-ganhar-caminhonete\/#primaryimage"},"thumbnailUrl":"https:\/\/regiaonews.net.br\/2022\/wp-content\/uploads\/2024\/02\/4.jpg","articleSection":["Barretos","Cidades"],"inLanguage":"pt-BR","potentialAction":[{"@type":"CommentAction","name":"Comment","target":["https:\/\/regiaonews.net.br\/2022\/2024\/02\/05\/campeao-do-rodeio-cutiano-do-rodeio-pela-vida-vai-ganhar-caminhonete\/#respond"]}]},{"@type":"WebPage","@id":"https:\/\/regiaonews.net.br\/2022\/2024\/02\/05\/campeao-do-rodeio-cutiano-do-rodeio-pela-vida-vai-ganhar-caminhonete\/","url":"https:\/\/regiaonews.net.br\/2022\/2024\/02\/05\/campeao-do-rodeio-cutiano-do-rodeio-pela-vida-vai-ganhar-caminhonete\/","name":"Campe\u00e3o do Rodeio Cutiano do Rodeio Pela Vida vai ganhar caminhonete - Regi\u00e3o News","isPartOf":{"@id":"https:\/\/regiaonews.net.br\/2022\/#website"},"primaryImageOfPage":{"@id":"https:\/\/regiaonews.net.br\/2022\/2024\/02\/05\/campeao-do-rodeio-cutiano-do-rodeio-pela-vida-vai-ganhar-caminhonete\/#primaryimage"},"image":{"@id":"https:\/\/regiaonews.net.br\/2022\/2024\/02\/05\/campeao-do-rodeio-cutiano-do-rodeio-pela-vida-vai-ganhar-caminhonete\/#primaryimage"},"thumbnailUrl":"https:\/\/regiaonews.net.br\/2022\/wp-content\/uploads\/2024\/02\/4.jpg","datePublished":"2024-02-06T01:13:56+00:00","breadcrumb":{"@id":"https:\/\/regiaonews.net.br\/2022\/2024\/02\/05\/campeao-do-rodeio-cutiano-do-rodeio-pela-vida-vai-ganhar-caminhonete\/#breadcrumb"},"inLanguage":"pt-BR","potentialAction":[{"@type":"ReadAction","target":["https:\/\/regiaonews.net.br\/2022\/2024\/02\/05\/campeao-do-rodeio-cutiano-do-rodeio-pela-vida-vai-ganhar-caminhonete\/"]}]},{"@type":"ImageObject","inLanguage":"pt-BR","@id":"https:\/\/regiaonews.net.br\/2022\/2024\/02\/05\/campeao-do-rodeio-cutiano-do-rodeio-pela-vida-vai-ganhar-caminhonete\/#primaryimage","url":"https:\/\/regiaonews.net.br\/2022\/wp-content\/uploads\/2024\/02\/4.jpg","contentUrl":"https:\/\/regiaonews.net.br\/2022\/wp-content\/uploads\/2024\/02\/4.jpg","width":1600,"height":1200},{"@type":"BreadcrumbList","@id":"https:\/\/regiaonews.net.br\/2022\/2024\/02\/05\/campeao-do-rodeio-cutiano-do-rodeio-pela-vida-vai-ganhar-caminhonete\/#breadcrumb","itemListElement":[{"@type":"ListItem","position":1,"name":"In\u00edcio","item":"https:\/\/regiaonews.net.br\/2022\/"},{"@type":"ListItem","position":2,"name":"Campe\u00e3o do Rodeio Cutiano do Rodeio Pela Vida vai ganhar caminhonete"}]},{"@type":"WebSite","@id":"https:\/\/regiaonews.net.br\/2022\/#website","url":"https:\/\/regiaonews.net.br\/2022\/","name":"Regi\u00e3o News","description":"Site de Not\u00edcias de Barretos e regi\u00e3o","publisher":{"@id":"https:\/\/regiaonews.net.br\/2022\/#organization"},"potentialAction":[{"@type":"SearchAction","target":{"@type":"EntryPoint","urlTemplate":"https:\/\/regiaonews.net.br\/2022\/?s={search_term_string}"},"query-input":{"@type":"PropertyValueSpecification","valueRequired":true,"valueName":"search_term_string"}}],"inLanguage":"pt-BR"},{"@type":"Organization","@id":"https:\/\/regiaonews.net.br\/2022\/#organization","name":"Regi\u00e3o News","url":"https:\/\/regiaonews.net.br\/2022\/","logo":{"@type":"ImageObject","inLanguage":"pt-BR","@id":"https:\/\/regiaonews.net.br\/2022\/#\/schema\/logo\/image\/","url":"https:\/\/regiaonews.net.br\/2022\/wp-content\/uploads\/2026\/03\/regiao-13-anos-scaled.jpg","contentUrl":"https:\/\/regiaonews.net.br\/2022\/wp-content\/uploads\/2026\/03\/regiao-13-anos-scaled.jpg","width":2560,"height":635,"caption":"Regi\u00e3o News"},"image":{"@id":"https:\/\/regiaonews.net.br\/2022\/#\/schema\/logo\/image\/"}},{"@type":"Person","@id":"https:\/\/regiaonews.net.br\/2022\/#\/schema\/person\/2d205a608a5aa97ac279d7a5e6d89ad8","name":"Roberto","image":{"@type":"ImageObject","inLanguage":"pt-BR","@id":"https:\/\/secure.gravatar.com\/avatar\/42749d8b712ff9d59ca93dc150494e5b55a44134482993f5baeb97e61b7ecc89?s=96&d=mm&r=g","url":"https:\/\/secure.gravatar.com\/avatar\/42749d8b712ff9d59ca93dc150494e5b55a44134482993f5baeb97e61b7ecc89?s=96&d=mm&r=g","contentUrl":"https:\/\/secure.gravatar.com\/avatar\/42749d8b712ff9d59ca93dc150494e5b55a44134482993f5baeb97e61b7ecc89?s=96&d=mm&r=g","caption":"Roberto"},"url":"https:\/\/regiaonews.net.br\/2022\/author\/roberto\/"}]}},"publishpress_future_action":{"enabled":false,"date":"2026-05-04 03:28:15","action":"change-status","newStatus":"draft","terms":[],"taxonomy":"category","extraData":[]},"publishpress_future_workflow_manual_trigger":{"enabledWorkflows":[]},"_links":{"self":[{"href":"https:\/\/regiaonews.net.br\/2022\/wp-json\/wp\/v2\/posts\/100941","targetHints":{"allow":["GET"]}}],"collection":[{"href":"https:\/\/regiaonews.net.br\/2022\/wp-json\/wp\/v2\/posts"}],"about":[{"href":"https:\/\/regiaonews.net.br\/2022\/wp-json\/wp\/v2\/types\/post"}],"author":[{"embeddable":true,"href":"https:\/\/regiaonews.net.br\/2022\/wp-json\/wp\/v2\/users\/2"}],"replies":[{"embeddable":true,"href":"https:\/\/regiaonews.net.br\/2022\/wp-json\/wp\/v2\/comments?post=100941"}],"version-history":[{"count":1,"href":"https:\/\/regiaonews.net.br\/2022\/wp-json\/wp\/v2\/posts\/100941\/revisions"}],"predecessor-version":[{"id":100943,"href":"https:\/\/regiaonews.net.br\/2022\/wp-json\/wp\/v2\/posts\/100941\/revisions\/100943"}],"wp:featuredmedia":[{"embeddable":true,"href":"https:\/\/regiaonews.net.br\/2022\/wp-json\/wp\/v2\/media\/100942"}],"wp:attachment":[{"href":"https:\/\/regiaonews.net.br\/2022\/wp-json\/wp\/v2\/media?parent=100941"}],"wp:term":[{"taxonomy":"category","embeddable":true,"href":"https:\/\/regiaonews.net.br\/2022\/wp-json\/wp\/v2\/categories?post=100941"},{"taxonomy":"post_tag","embeddable":true,"href":"https:\/\/regiaonews.net.br\/2022\/wp-json\/wp\/v2\/tags?post=100941"}],"curies":[{"name":"wp","href":"https:\/\/api.w.org\/{rel}","templated":true}]}}