{"id":100926,"date":"2024-02-05T14:54:37","date_gmt":"2024-02-05T17:54:37","guid":{"rendered":"https:\/\/regiaonews.net.br\/2022\/?p=100926"},"modified":"2024-02-05T14:55:05","modified_gmt":"2024-02-05T17:55:05","slug":"corpo-de-bombeiros-apaga-incendio-na-americanflex-em-rio-preto","status":"publish","type":"post","link":"https:\/\/regiaonews.net.br\/2022\/2024\/02\/05\/corpo-de-bombeiros-apaga-incendio-na-americanflex-em-rio-preto\/","title":{"rendered":"Corpo de Bombeiros apaga inc\u00eandio na Americanflex em Rio Preto"},"content":{"rendered":"<p>Equipes do Corpo de Bombeiros de Rio Preto atenderam nesta segunda-feira, 5, uma ocorr\u00eancia envolvendo um inc\u00eandio de grandes propor\u00e7\u00f5es que atingiu barrac\u00f5es da empresa Americanflex, localizada no Distrito Industrial. Uma grande cortina de fuma\u00e7a preta pode ser vista a quil\u00f4metros de dist\u00e2ncia. N\u00e3o houve v\u00edtimas.<\/p>\n<p>Leitores do Di\u00e1rio do Rodrigo Lima encaminharam v\u00eddeos e fotos pelo WhatsApp \u00e0 reda\u00e7\u00e3o. O inc\u00eandio se concentrou na avenida Feliciano Sales Cunha.<\/p>\n<p>As viaturas do Corpo de Bombeiros atuaram em ao menos tr\u00eas frentes para conseguir controlar as chamas que consumiram diversas \u00e1reas da empresa. O comando da corpora\u00e7\u00e3o esteve na sede da Americanflex para acompanhar o rescaldo feito por 20 homens e dez viaturas.<\/p>\n<p>A empresa \u00e9 respons\u00e1vel pela produ\u00e7\u00e3o de camas e usa como um dos principais produtos a espuma, que \u00e9 considerada material de alta combust\u00e3o.<\/p>\n<p>A Pol\u00edcia Civil fechou o acesso \u00e0s avenidas Feliciano Sales Cunha e Jo\u00e3o Batista Vetorazzo. Evite trafegar pela regi\u00e3o.<\/p>\n<p>Em nota, a Americanflex informa que o incidente ocorrido na manh\u00e3 desta segunda-feira, 5, em sua f\u00e1brica de espumas, n\u00e3o teve v\u00edtimas, ocasionando apenas preju\u00edzos materiais. \u201cA Brigada de inc\u00eandio da empresa e o Corpo de Bombeiros foram prontamente acionados e conseguiram controlar o fogo pouco mais de uma hora. Ainda n\u00e3o se sabe a causa e a dimens\u00e3o dos danos. A partir desta ter\u00e7a-feira, a f\u00e1brica voltar\u00e1 a operar normalmente nos demais setores de produ\u00e7\u00e3o\u201d, consta na nota.<\/p>\n<p>Fonte &#8211; Di\u00e1rio do Rodrigo Lima<\/p>\n","protected":false},"excerpt":{"rendered":"<p>Equipes do Corpo de Bombeiros de Rio Preto atenderam nesta<\/p>\n","protected":false},"author":2,"featured_media":100927,"comment_status":"open","ping_status":"open","sticky":false,"template":"","format":"standard","meta":{"footnotes":""},"categories":[23,38],"tags":[],"class_list":["post-100926","post","type-post","status-publish","format-standard","has-post-thumbnail","hentry","category-policia","category-sao-jose-do-rio-preto"],"yoast_head":"<!-- This site is optimized with the Yoast SEO plugin v27.4 - https:\/\/yoast.com\/product\/yoast-seo-wordpress\/ -->\n<title>Corpo de Bombeiros apaga inc\u00eandio na Americanflex em Rio Preto - Regi\u00e3o News<\/title>\n<meta name=\"robots\" content=\"index, follow, max-snippet:-1, max-image-preview:large, max-video-preview:-1\" \/>\n<link rel=\"canonical\" href=\"https:\/\/regiaonews.net.br\/2022\/2024\/02\/05\/corpo-de-bombeiros-apaga-incendio-na-americanflex-em-rio-preto\/\" \/>\n<meta property=\"og:locale\" content=\"pt_BR\" \/>\n<meta property=\"og:type\" content=\"article\" \/>\n<meta property=\"og:title\" content=\"Corpo de Bombeiros apaga inc\u00eandio na Americanflex em Rio Preto - Regi\u00e3o News\" \/>\n<meta property=\"og:description\" content=\"Equipes do Corpo de Bombeiros de Rio Preto atenderam nesta\" \/>\n<meta property=\"og:url\" content=\"https:\/\/regiaonews.net.br\/2022\/2024\/02\/05\/corpo-de-bombeiros-apaga-incendio-na-americanflex-em-rio-preto\/\" \/>\n<meta property=\"og:site_name\" content=\"Regi\u00e3o News\" \/>\n<meta property=\"article:published_time\" content=\"2024-02-05T17:54:37+00:00\" \/>\n<meta property=\"article:modified_time\" content=\"2024-02-05T17:55:05+00:00\" \/>\n<meta property=\"og:image\" content=\"https:\/\/regiaonews.net.br\/2022\/wp-content\/uploads\/2024\/02\/americanflex_incendio-1536x810-1.jpg\" \/>\n\t<meta property=\"og:image:width\" content=\"1536\" \/>\n\t<meta property=\"og:image:height\" content=\"810\" \/>\n\t<meta property=\"og:image:type\" content=\"image\/jpeg\" \/>\n<meta name=\"author\" content=\"Roberto\" \/>\n<meta name=\"twitter:card\" content=\"summary_large_image\" \/>\n<meta name=\"twitter:label1\" content=\"Escrito por\" \/>\n\t<meta name=\"twitter:data1\" content=\"Roberto\" \/>\n\t<meta name=\"twitter:label2\" content=\"Est. tempo de leitura\" \/>\n\t<meta name=\"twitter:data2\" content=\"2 minutos\" \/>\n<script type=\"application\/ld+json\" class=\"yoast-schema-graph\">{\"@context\":\"https:\\\/\\\/schema.org\",\"@graph\":[{\"@type\":\"Article\",\"@id\":\"https:\\\/\\\/regiaonews.net.br\\\/2022\\\/2024\\\/02\\\/05\\\/corpo-de-bombeiros-apaga-incendio-na-americanflex-em-rio-preto\\\/#article\",\"isPartOf\":{\"@id\":\"https:\\\/\\\/regiaonews.net.br\\\/2022\\\/2024\\\/02\\\/05\\\/corpo-de-bombeiros-apaga-incendio-na-americanflex-em-rio-preto\\\/\"},\"author\":{\"name\":\"Roberto\",\"@id\":\"https:\\\/\\\/regiaonews.net.br\\\/2022\\\/#\\\/schema\\\/person\\\/2d205a608a5aa97ac279d7a5e6d89ad8\"},\"headline\":\"Corpo de Bombeiros apaga inc\u00eandio na Americanflex em Rio Preto\",\"datePublished\":\"2024-02-05T17:54:37+00:00\",\"dateModified\":\"2024-02-05T17:55:05+00:00\",\"mainEntityOfPage\":{\"@id\":\"https:\\\/\\\/regiaonews.net.br\\\/2022\\\/2024\\\/02\\\/05\\\/corpo-de-bombeiros-apaga-incendio-na-americanflex-em-rio-preto\\\/\"},\"wordCount\":277,\"commentCount\":0,\"publisher\":{\"@id\":\"https:\\\/\\\/regiaonews.net.br\\\/2022\\\/#organization\"},\"image\":{\"@id\":\"https:\\\/\\\/regiaonews.net.br\\\/2022\\\/2024\\\/02\\\/05\\\/corpo-de-bombeiros-apaga-incendio-na-americanflex-em-rio-preto\\\/#primaryimage\"},\"thumbnailUrl\":\"https:\\\/\\\/regiaonews.net.br\\\/2022\\\/wp-content\\\/uploads\\\/2024\\\/02\\\/americanflex_incendio-1536x810-1.jpg\",\"articleSection\":[\"Policia\",\"S\u00e3o Jos\u00e9 do RIo Preto\"],\"inLanguage\":\"pt-BR\",\"potentialAction\":[{\"@type\":\"CommentAction\",\"name\":\"Comment\",\"target\":[\"https:\\\/\\\/regiaonews.net.br\\\/2022\\\/2024\\\/02\\\/05\\\/corpo-de-bombeiros-apaga-incendio-na-americanflex-em-rio-preto\\\/#respond\"]}]},{\"@type\":\"WebPage\",\"@id\":\"https:\\\/\\\/regiaonews.net.br\\\/2022\\\/2024\\\/02\\\/05\\\/corpo-de-bombeiros-apaga-incendio-na-americanflex-em-rio-preto\\\/\",\"url\":\"https:\\\/\\\/regiaonews.net.br\\\/2022\\\/2024\\\/02\\\/05\\\/corpo-de-bombeiros-apaga-incendio-na-americanflex-em-rio-preto\\\/\",\"name\":\"Corpo de Bombeiros apaga inc\u00eandio na Americanflex em Rio Preto - Regi\u00e3o News\",\"isPartOf\":{\"@id\":\"https:\\\/\\\/regiaonews.net.br\\\/2022\\\/#website\"},\"primaryImageOfPage\":{\"@id\":\"https:\\\/\\\/regiaonews.net.br\\\/2022\\\/2024\\\/02\\\/05\\\/corpo-de-bombeiros-apaga-incendio-na-americanflex-em-rio-preto\\\/#primaryimage\"},\"image\":{\"@id\":\"https:\\\/\\\/regiaonews.net.br\\\/2022\\\/2024\\\/02\\\/05\\\/corpo-de-bombeiros-apaga-incendio-na-americanflex-em-rio-preto\\\/#primaryimage\"},\"thumbnailUrl\":\"https:\\\/\\\/regiaonews.net.br\\\/2022\\\/wp-content\\\/uploads\\\/2024\\\/02\\\/americanflex_incendio-1536x810-1.jpg\",\"datePublished\":\"2024-02-05T17:54:37+00:00\",\"dateModified\":\"2024-02-05T17:55:05+00:00\",\"breadcrumb\":{\"@id\":\"https:\\\/\\\/regiaonews.net.br\\\/2022\\\/2024\\\/02\\\/05\\\/corpo-de-bombeiros-apaga-incendio-na-americanflex-em-rio-preto\\\/#breadcrumb\"},\"inLanguage\":\"pt-BR\",\"potentialAction\":[{\"@type\":\"ReadAction\",\"target\":[\"https:\\\/\\\/regiaonews.net.br\\\/2022\\\/2024\\\/02\\\/05\\\/corpo-de-bombeiros-apaga-incendio-na-americanflex-em-rio-preto\\\/\"]}]},{\"@type\":\"ImageObject\",\"inLanguage\":\"pt-BR\",\"@id\":\"https:\\\/\\\/regiaonews.net.br\\\/2022\\\/2024\\\/02\\\/05\\\/corpo-de-bombeiros-apaga-incendio-na-americanflex-em-rio-preto\\\/#primaryimage\",\"url\":\"https:\\\/\\\/regiaonews.net.br\\\/2022\\\/wp-content\\\/uploads\\\/2024\\\/02\\\/americanflex_incendio-1536x810-1.jpg\",\"contentUrl\":\"https:\\\/\\\/regiaonews.net.br\\\/2022\\\/wp-content\\\/uploads\\\/2024\\\/02\\\/americanflex_incendio-1536x810-1.jpg\",\"width\":1536,\"height\":810},{\"@type\":\"BreadcrumbList\",\"@id\":\"https:\\\/\\\/regiaonews.net.br\\\/2022\\\/2024\\\/02\\\/05\\\/corpo-de-bombeiros-apaga-incendio-na-americanflex-em-rio-preto\\\/#breadcrumb\",\"itemListElement\":[{\"@type\":\"ListItem\",\"position\":1,\"name\":\"In\u00edcio\",\"item\":\"https:\\\/\\\/regiaonews.net.br\\\/2022\\\/\"},{\"@type\":\"ListItem\",\"position\":2,\"name\":\"Corpo de Bombeiros apaga inc\u00eandio na Americanflex em Rio Preto\"}]},{\"@type\":\"WebSite\",\"@id\":\"https:\\\/\\\/regiaonews.net.br\\\/2022\\\/#website\",\"url\":\"https:\\\/\\\/regiaonews.net.br\\\/2022\\\/\",\"name\":\"Regi\u00e3o News\",\"description\":\"Site de Not\u00edcias de Barretos e regi\u00e3o\",\"publisher\":{\"@id\":\"https:\\\/\\\/regiaonews.net.br\\\/2022\\\/#organization\"},\"potentialAction\":[{\"@type\":\"SearchAction\",\"target\":{\"@type\":\"EntryPoint\",\"urlTemplate\":\"https:\\\/\\\/regiaonews.net.br\\\/2022\\\/?s={search_term_string}\"},\"query-input\":{\"@type\":\"PropertyValueSpecification\",\"valueRequired\":true,\"valueName\":\"search_term_string\"}}],\"inLanguage\":\"pt-BR\"},{\"@type\":\"Organization\",\"@id\":\"https:\\\/\\\/regiaonews.net.br\\\/2022\\\/#organization\",\"name\":\"Regi\u00e3o News\",\"url\":\"https:\\\/\\\/regiaonews.net.br\\\/2022\\\/\",\"logo\":{\"@type\":\"ImageObject\",\"inLanguage\":\"pt-BR\",\"@id\":\"https:\\\/\\\/regiaonews.net.br\\\/2022\\\/#\\\/schema\\\/logo\\\/image\\\/\",\"url\":\"https:\\\/\\\/regiaonews.net.br\\\/2022\\\/wp-content\\\/uploads\\\/2026\\\/03\\\/regiao-13-anos-scaled.jpg\",\"contentUrl\":\"https:\\\/\\\/regiaonews.net.br\\\/2022\\\/wp-content\\\/uploads\\\/2026\\\/03\\\/regiao-13-anos-scaled.jpg\",\"width\":2560,\"height\":635,\"caption\":\"Regi\u00e3o News\"},\"image\":{\"@id\":\"https:\\\/\\\/regiaonews.net.br\\\/2022\\\/#\\\/schema\\\/logo\\\/image\\\/\"}},{\"@type\":\"Person\",\"@id\":\"https:\\\/\\\/regiaonews.net.br\\\/2022\\\/#\\\/schema\\\/person\\\/2d205a608a5aa97ac279d7a5e6d89ad8\",\"name\":\"Roberto\",\"image\":{\"@type\":\"ImageObject\",\"inLanguage\":\"pt-BR\",\"@id\":\"https:\\\/\\\/secure.gravatar.com\\\/avatar\\\/42749d8b712ff9d59ca93dc150494e5b55a44134482993f5baeb97e61b7ecc89?s=96&d=mm&r=g\",\"url\":\"https:\\\/\\\/secure.gravatar.com\\\/avatar\\\/42749d8b712ff9d59ca93dc150494e5b55a44134482993f5baeb97e61b7ecc89?s=96&d=mm&r=g\",\"contentUrl\":\"https:\\\/\\\/secure.gravatar.com\\\/avatar\\\/42749d8b712ff9d59ca93dc150494e5b55a44134482993f5baeb97e61b7ecc89?s=96&d=mm&r=g\",\"caption\":\"Roberto\"},\"url\":\"https:\\\/\\\/regiaonews.net.br\\\/2022\\\/author\\\/roberto\\\/\"}]}<\/script>\n<!-- \/ Yoast SEO plugin. -->","yoast_head_json":{"title":"Corpo de Bombeiros apaga inc\u00eandio na Americanflex em Rio Preto - Regi\u00e3o News","robots":{"index":"index","follow":"follow","max-snippet":"max-snippet:-1","max-image-preview":"max-image-preview:large","max-video-preview":"max-video-preview:-1"},"canonical":"https:\/\/regiaonews.net.br\/2022\/2024\/02\/05\/corpo-de-bombeiros-apaga-incendio-na-americanflex-em-rio-preto\/","og_locale":"pt_BR","og_type":"article","og_title":"Corpo de Bombeiros apaga inc\u00eandio na Americanflex em Rio Preto - Regi\u00e3o News","og_description":"Equipes do Corpo de Bombeiros de Rio Preto atenderam nesta","og_url":"https:\/\/regiaonews.net.br\/2022\/2024\/02\/05\/corpo-de-bombeiros-apaga-incendio-na-americanflex-em-rio-preto\/","og_site_name":"Regi\u00e3o News","article_published_time":"2024-02-05T17:54:37+00:00","article_modified_time":"2024-02-05T17:55:05+00:00","og_image":[{"width":1536,"height":810,"url":"https:\/\/regiaonews.net.br\/2022\/wp-content\/uploads\/2024\/02\/americanflex_incendio-1536x810-1.jpg","type":"image\/jpeg"}],"author":"Roberto","twitter_card":"summary_large_image","twitter_misc":{"Escrito por":"Roberto","Est. tempo de leitura":"2 minutos"},"schema":{"@context":"https:\/\/schema.org","@graph":[{"@type":"Article","@id":"https:\/\/regiaonews.net.br\/2022\/2024\/02\/05\/corpo-de-bombeiros-apaga-incendio-na-americanflex-em-rio-preto\/#article","isPartOf":{"@id":"https:\/\/regiaonews.net.br\/2022\/2024\/02\/05\/corpo-de-bombeiros-apaga-incendio-na-americanflex-em-rio-preto\/"},"author":{"name":"Roberto","@id":"https:\/\/regiaonews.net.br\/2022\/#\/schema\/person\/2d205a608a5aa97ac279d7a5e6d89ad8"},"headline":"Corpo de Bombeiros apaga inc\u00eandio na Americanflex em Rio Preto","datePublished":"2024-02-05T17:54:37+00:00","dateModified":"2024-02-05T17:55:05+00:00","mainEntityOfPage":{"@id":"https:\/\/regiaonews.net.br\/2022\/2024\/02\/05\/corpo-de-bombeiros-apaga-incendio-na-americanflex-em-rio-preto\/"},"wordCount":277,"commentCount":0,"publisher":{"@id":"https:\/\/regiaonews.net.br\/2022\/#organization"},"image":{"@id":"https:\/\/regiaonews.net.br\/2022\/2024\/02\/05\/corpo-de-bombeiros-apaga-incendio-na-americanflex-em-rio-preto\/#primaryimage"},"thumbnailUrl":"https:\/\/regiaonews.net.br\/2022\/wp-content\/uploads\/2024\/02\/americanflex_incendio-1536x810-1.jpg","articleSection":["Policia","S\u00e3o Jos\u00e9 do RIo Preto"],"inLanguage":"pt-BR","potentialAction":[{"@type":"CommentAction","name":"Comment","target":["https:\/\/regiaonews.net.br\/2022\/2024\/02\/05\/corpo-de-bombeiros-apaga-incendio-na-americanflex-em-rio-preto\/#respond"]}]},{"@type":"WebPage","@id":"https:\/\/regiaonews.net.br\/2022\/2024\/02\/05\/corpo-de-bombeiros-apaga-incendio-na-americanflex-em-rio-preto\/","url":"https:\/\/regiaonews.net.br\/2022\/2024\/02\/05\/corpo-de-bombeiros-apaga-incendio-na-americanflex-em-rio-preto\/","name":"Corpo de Bombeiros apaga inc\u00eandio na Americanflex em Rio Preto - Regi\u00e3o News","isPartOf":{"@id":"https:\/\/regiaonews.net.br\/2022\/#website"},"primaryImageOfPage":{"@id":"https:\/\/regiaonews.net.br\/2022\/2024\/02\/05\/corpo-de-bombeiros-apaga-incendio-na-americanflex-em-rio-preto\/#primaryimage"},"image":{"@id":"https:\/\/regiaonews.net.br\/2022\/2024\/02\/05\/corpo-de-bombeiros-apaga-incendio-na-americanflex-em-rio-preto\/#primaryimage"},"thumbnailUrl":"https:\/\/regiaonews.net.br\/2022\/wp-content\/uploads\/2024\/02\/americanflex_incendio-1536x810-1.jpg","datePublished":"2024-02-05T17:54:37+00:00","dateModified":"2024-02-05T17:55:05+00:00","breadcrumb":{"@id":"https:\/\/regiaonews.net.br\/2022\/2024\/02\/05\/corpo-de-bombeiros-apaga-incendio-na-americanflex-em-rio-preto\/#breadcrumb"},"inLanguage":"pt-BR","potentialAction":[{"@type":"ReadAction","target":["https:\/\/regiaonews.net.br\/2022\/2024\/02\/05\/corpo-de-bombeiros-apaga-incendio-na-americanflex-em-rio-preto\/"]}]},{"@type":"ImageObject","inLanguage":"pt-BR","@id":"https:\/\/regiaonews.net.br\/2022\/2024\/02\/05\/corpo-de-bombeiros-apaga-incendio-na-americanflex-em-rio-preto\/#primaryimage","url":"https:\/\/regiaonews.net.br\/2022\/wp-content\/uploads\/2024\/02\/americanflex_incendio-1536x810-1.jpg","contentUrl":"https:\/\/regiaonews.net.br\/2022\/wp-content\/uploads\/2024\/02\/americanflex_incendio-1536x810-1.jpg","width":1536,"height":810},{"@type":"BreadcrumbList","@id":"https:\/\/regiaonews.net.br\/2022\/2024\/02\/05\/corpo-de-bombeiros-apaga-incendio-na-americanflex-em-rio-preto\/#breadcrumb","itemListElement":[{"@type":"ListItem","position":1,"name":"In\u00edcio","item":"https:\/\/regiaonews.net.br\/2022\/"},{"@type":"ListItem","position":2,"name":"Corpo de Bombeiros apaga inc\u00eandio na Americanflex em Rio Preto"}]},{"@type":"WebSite","@id":"https:\/\/regiaonews.net.br\/2022\/#website","url":"https:\/\/regiaonews.net.br\/2022\/","name":"Regi\u00e3o News","description":"Site de Not\u00edcias de Barretos e regi\u00e3o","publisher":{"@id":"https:\/\/regiaonews.net.br\/2022\/#organization"},"potentialAction":[{"@type":"SearchAction","target":{"@type":"EntryPoint","urlTemplate":"https:\/\/regiaonews.net.br\/2022\/?s={search_term_string}"},"query-input":{"@type":"PropertyValueSpecification","valueRequired":true,"valueName":"search_term_string"}}],"inLanguage":"pt-BR"},{"@type":"Organization","@id":"https:\/\/regiaonews.net.br\/2022\/#organization","name":"Regi\u00e3o News","url":"https:\/\/regiaonews.net.br\/2022\/","logo":{"@type":"ImageObject","inLanguage":"pt-BR","@id":"https:\/\/regiaonews.net.br\/2022\/#\/schema\/logo\/image\/","url":"https:\/\/regiaonews.net.br\/2022\/wp-content\/uploads\/2026\/03\/regiao-13-anos-scaled.jpg","contentUrl":"https:\/\/regiaonews.net.br\/2022\/wp-content\/uploads\/2026\/03\/regiao-13-anos-scaled.jpg","width":2560,"height":635,"caption":"Regi\u00e3o News"},"image":{"@id":"https:\/\/regiaonews.net.br\/2022\/#\/schema\/logo\/image\/"}},{"@type":"Person","@id":"https:\/\/regiaonews.net.br\/2022\/#\/schema\/person\/2d205a608a5aa97ac279d7a5e6d89ad8","name":"Roberto","image":{"@type":"ImageObject","inLanguage":"pt-BR","@id":"https:\/\/secure.gravatar.com\/avatar\/42749d8b712ff9d59ca93dc150494e5b55a44134482993f5baeb97e61b7ecc89?s=96&d=mm&r=g","url":"https:\/\/secure.gravatar.com\/avatar\/42749d8b712ff9d59ca93dc150494e5b55a44134482993f5baeb97e61b7ecc89?s=96&d=mm&r=g","contentUrl":"https:\/\/secure.gravatar.com\/avatar\/42749d8b712ff9d59ca93dc150494e5b55a44134482993f5baeb97e61b7ecc89?s=96&d=mm&r=g","caption":"Roberto"},"url":"https:\/\/regiaonews.net.br\/2022\/author\/roberto\/"}]}},"publishpress_future_action":{"enabled":false,"date":"2026-05-03 22:40:00","action":"change-status","newStatus":"draft","terms":[],"taxonomy":"category","extraData":[]},"publishpress_future_workflow_manual_trigger":{"enabledWorkflows":[]},"_links":{"self":[{"href":"https:\/\/regiaonews.net.br\/2022\/wp-json\/wp\/v2\/posts\/100926","targetHints":{"allow":["GET"]}}],"collection":[{"href":"https:\/\/regiaonews.net.br\/2022\/wp-json\/wp\/v2\/posts"}],"about":[{"href":"https:\/\/regiaonews.net.br\/2022\/wp-json\/wp\/v2\/types\/post"}],"author":[{"embeddable":true,"href":"https:\/\/regiaonews.net.br\/2022\/wp-json\/wp\/v2\/users\/2"}],"replies":[{"embeddable":true,"href":"https:\/\/regiaonews.net.br\/2022\/wp-json\/wp\/v2\/comments?post=100926"}],"version-history":[{"count":2,"href":"https:\/\/regiaonews.net.br\/2022\/wp-json\/wp\/v2\/posts\/100926\/revisions"}],"predecessor-version":[{"id":100929,"href":"https:\/\/regiaonews.net.br\/2022\/wp-json\/wp\/v2\/posts\/100926\/revisions\/100929"}],"wp:featuredmedia":[{"embeddable":true,"href":"https:\/\/regiaonews.net.br\/2022\/wp-json\/wp\/v2\/media\/100927"}],"wp:attachment":[{"href":"https:\/\/regiaonews.net.br\/2022\/wp-json\/wp\/v2\/media?parent=100926"}],"wp:term":[{"taxonomy":"category","embeddable":true,"href":"https:\/\/regiaonews.net.br\/2022\/wp-json\/wp\/v2\/categories?post=100926"},{"taxonomy":"post_tag","embeddable":true,"href":"https:\/\/regiaonews.net.br\/2022\/wp-json\/wp\/v2\/tags?post=100926"}],"curies":[{"name":"wp","href":"https:\/\/api.w.org\/{rel}","templated":true}]}}