{"id":100923,"date":"2024-02-05T14:53:43","date_gmt":"2024-02-05T17:53:43","guid":{"rendered":"https:\/\/regiaonews.net.br\/2022\/?p=100923"},"modified":"2024-02-05T14:53:43","modified_gmt":"2024-02-05T17:53:43","slug":"pm-recebe-63-viaturas-equipadas-com-pacote-de-seguranca-para-abranger-novo-modelo-de-patrulhamento","status":"publish","type":"post","link":"https:\/\/regiaonews.net.br\/2022\/2024\/02\/05\/pm-recebe-63-viaturas-equipadas-com-pacote-de-seguranca-para-abranger-novo-modelo-de-patrulhamento\/","title":{"rendered":"PM recebe 63 viaturas equipadas com pacote de seguran\u00e7a para abranger novo modelo de patrulhamento"},"content":{"rendered":"<div class=\"col-lg-12 mt-2 justify\">\n<h3 class=\"justify\" style=\"text-align: center;\">Aquisi\u00e7\u00e3o teve investimento total de R$ 12 milh\u00f5es; frota ser\u00e1 empregada para refor\u00e7ar o patrulhamento nas \u00e1reas centrais, al\u00e9m das zonas sul, norte e oeste<\/h3>\n<\/div>\n<div class=\"col-lg-12 mt-3 justify\">\n<div>A Pol\u00edcia Militar recebeu, na manh\u00e3 desta segunda-feira (5), 63 novas viaturas para refor\u00e7ar o policiamento da capital paulista. Os novos ve\u00edculos s\u00e3o do modelo SUV Corola Cross, equipado com recursos tecnol\u00f3gicos que v\u00e3o abranger um modelo in\u00e9dito de radiopatrulhamento e trazer mais seguran\u00e7a aos agentes e \u00e0 popula\u00e7\u00e3o. Ao todo, foram investidos mais de R$ 12 milh\u00f5es na aquisi\u00e7\u00e3o da nova frota.<\/div>\n<div><\/div>\n<div>As viaturas, que contam com o novo design e grafismo, ser\u00e3o empregadas para refor\u00e7ar o patrulhamento nas \u00e1reas centrais da cidade de S\u00e3o Paulo (CPA\/M-1), al\u00e9m das zonas sul (CPA\/M-2), norte e oeste (CPA\/M-5).\u00a0 Com esta nova aquisi\u00e7\u00e3o, a atual gest\u00e3o j\u00e1 entregou 642 viaturas para a Pol\u00edcia Militar refor\u00e7ar suas atividades, somando um investimento aproximado de R$ 118 milh\u00f5es.<\/div>\n<div><\/div>\n<div>\u201cEsses ve\u00edculos ter\u00e3o tecnologia acoplada, uma reformula\u00e7\u00e3o no programa de radiopatrulhamento, e uma s\u00e9rie de recursos de seguran\u00e7a, como a barra de prote\u00e7\u00e3o, que vai ajudar muito os policiais que, por vezes, se chocam porque criminosos n\u00e3o obedecem a ordem de parada\u201d, destacou o secret\u00e1rio da Seguran\u00e7a P\u00fablica, Guilherme Derrite.<\/div>\n<div><\/div>\n<div>Os modelos s\u00e3o equipados com o novo pacote de seguran\u00e7a Toyota Safety Sense em todas as suas vers\u00f5es. Ou seja, possuem uma s\u00e9rie de recursos tecnol\u00f3gicos para trazer mais seguran\u00e7a tanto aos policiais quanto \u00e0 popula\u00e7\u00e3o.<\/div>\n<div><\/div>\n<div>\u201cA nossa ideia \u00e9 de que uma viatura de radiopatrulha seja autossuficiente para atender a grande gama de ocorr\u00eancias que os policiais atendem diuturnamente. \u00c9 a base do servi\u00e7o da nossa Institui\u00e7\u00e3o e quanto mais ferramentas de trabalho tivermos, mais vidas conseguimos preservar\u201d, destacou o coronel C\u00e1ssio, comandante-geral da Pol\u00edcia Militar.<\/div>\n<div><\/div>\n<div>Alguns destes itens incluem assistente de pr\u00e9-colis\u00e3o e o controle de velocidade cruzeiro adaptativo. Al\u00e9m disso, os carros tamb\u00e9m contam com sete airbags, carroceria com deforma\u00e7\u00e3o progressiva e alertas de tr\u00e1fego cruzado na traseira e de pontos-cegos.<\/div>\n<\/div>\n","protected":false},"excerpt":{"rendered":"<p>Aquisi\u00e7\u00e3o teve investimento total de R$ 12 milh\u00f5es; frota ser\u00e1<\/p>\n","protected":false},"author":2,"featured_media":100924,"comment_status":"open","ping_status":"open","sticky":false,"template":"","format":"standard","meta":{"footnotes":""},"categories":[7,23],"tags":[],"class_list":["post-100923","post","type-post","status-publish","format-standard","has-post-thumbnail","hentry","category-estado-de-sao-paulo","category-policia"],"yoast_head":"<!-- This site is optimized with the Yoast SEO plugin v27.4 - https:\/\/yoast.com\/product\/yoast-seo-wordpress\/ -->\n<title>PM recebe 63 viaturas equipadas com pacote de seguran\u00e7a para abranger novo modelo de patrulhamento - Regi\u00e3o News<\/title>\n<meta name=\"robots\" content=\"index, follow, max-snippet:-1, max-image-preview:large, max-video-preview:-1\" \/>\n<link rel=\"canonical\" href=\"https:\/\/regiaonews.net.br\/2022\/2024\/02\/05\/pm-recebe-63-viaturas-equipadas-com-pacote-de-seguranca-para-abranger-novo-modelo-de-patrulhamento\/\" \/>\n<meta property=\"og:locale\" content=\"pt_BR\" \/>\n<meta property=\"og:type\" content=\"article\" \/>\n<meta property=\"og:title\" content=\"PM recebe 63 viaturas equipadas com pacote de seguran\u00e7a para abranger novo modelo de patrulhamento - Regi\u00e3o News\" \/>\n<meta property=\"og:description\" content=\"Aquisi\u00e7\u00e3o teve investimento total de R$ 12 milh\u00f5es; frota ser\u00e1\" \/>\n<meta property=\"og:url\" content=\"https:\/\/regiaonews.net.br\/2022\/2024\/02\/05\/pm-recebe-63-viaturas-equipadas-com-pacote-de-seguranca-para-abranger-novo-modelo-de-patrulhamento\/\" \/>\n<meta property=\"og:site_name\" content=\"Regi\u00e3o News\" \/>\n<meta property=\"article:published_time\" content=\"2024-02-05T17:53:43+00:00\" \/>\n<meta property=\"og:image\" content=\"https:\/\/regiaonews.net.br\/2022\/wp-content\/uploads\/2024\/02\/00052985.jpeg\" \/>\n\t<meta property=\"og:image:width\" content=\"1600\" \/>\n\t<meta property=\"og:image:height\" content=\"1066\" \/>\n\t<meta property=\"og:image:type\" content=\"image\/jpeg\" \/>\n<meta name=\"author\" content=\"Roberto\" \/>\n<meta name=\"twitter:card\" content=\"summary_large_image\" \/>\n<meta name=\"twitter:label1\" content=\"Escrito por\" \/>\n\t<meta name=\"twitter:data1\" content=\"Roberto\" \/>\n\t<meta name=\"twitter:label2\" content=\"Est. tempo de leitura\" \/>\n\t<meta name=\"twitter:data2\" content=\"2 minutos\" \/>\n<script type=\"application\/ld+json\" class=\"yoast-schema-graph\">{\"@context\":\"https:\\\/\\\/schema.org\",\"@graph\":[{\"@type\":\"Article\",\"@id\":\"https:\\\/\\\/regiaonews.net.br\\\/2022\\\/2024\\\/02\\\/05\\\/pm-recebe-63-viaturas-equipadas-com-pacote-de-seguranca-para-abranger-novo-modelo-de-patrulhamento\\\/#article\",\"isPartOf\":{\"@id\":\"https:\\\/\\\/regiaonews.net.br\\\/2022\\\/2024\\\/02\\\/05\\\/pm-recebe-63-viaturas-equipadas-com-pacote-de-seguranca-para-abranger-novo-modelo-de-patrulhamento\\\/\"},\"author\":{\"name\":\"Roberto\",\"@id\":\"https:\\\/\\\/regiaonews.net.br\\\/2022\\\/#\\\/schema\\\/person\\\/2d205a608a5aa97ac279d7a5e6d89ad8\"},\"headline\":\"PM recebe 63 viaturas equipadas com pacote de seguran\u00e7a para abranger novo modelo de patrulhamento\",\"datePublished\":\"2024-02-05T17:53:43+00:00\",\"mainEntityOfPage\":{\"@id\":\"https:\\\/\\\/regiaonews.net.br\\\/2022\\\/2024\\\/02\\\/05\\\/pm-recebe-63-viaturas-equipadas-com-pacote-de-seguranca-para-abranger-novo-modelo-de-patrulhamento\\\/\"},\"wordCount\":382,\"commentCount\":0,\"publisher\":{\"@id\":\"https:\\\/\\\/regiaonews.net.br\\\/2022\\\/#organization\"},\"image\":{\"@id\":\"https:\\\/\\\/regiaonews.net.br\\\/2022\\\/2024\\\/02\\\/05\\\/pm-recebe-63-viaturas-equipadas-com-pacote-de-seguranca-para-abranger-novo-modelo-de-patrulhamento\\\/#primaryimage\"},\"thumbnailUrl\":\"https:\\\/\\\/regiaonews.net.br\\\/2022\\\/wp-content\\\/uploads\\\/2024\\\/02\\\/00052985.jpeg\",\"articleSection\":[\"Estado de S\u00e3o Paulo\",\"Policia\"],\"inLanguage\":\"pt-BR\",\"potentialAction\":[{\"@type\":\"CommentAction\",\"name\":\"Comment\",\"target\":[\"https:\\\/\\\/regiaonews.net.br\\\/2022\\\/2024\\\/02\\\/05\\\/pm-recebe-63-viaturas-equipadas-com-pacote-de-seguranca-para-abranger-novo-modelo-de-patrulhamento\\\/#respond\"]}]},{\"@type\":\"WebPage\",\"@id\":\"https:\\\/\\\/regiaonews.net.br\\\/2022\\\/2024\\\/02\\\/05\\\/pm-recebe-63-viaturas-equipadas-com-pacote-de-seguranca-para-abranger-novo-modelo-de-patrulhamento\\\/\",\"url\":\"https:\\\/\\\/regiaonews.net.br\\\/2022\\\/2024\\\/02\\\/05\\\/pm-recebe-63-viaturas-equipadas-com-pacote-de-seguranca-para-abranger-novo-modelo-de-patrulhamento\\\/\",\"name\":\"PM recebe 63 viaturas equipadas com pacote de seguran\u00e7a para abranger novo modelo de patrulhamento - Regi\u00e3o News\",\"isPartOf\":{\"@id\":\"https:\\\/\\\/regiaonews.net.br\\\/2022\\\/#website\"},\"primaryImageOfPage\":{\"@id\":\"https:\\\/\\\/regiaonews.net.br\\\/2022\\\/2024\\\/02\\\/05\\\/pm-recebe-63-viaturas-equipadas-com-pacote-de-seguranca-para-abranger-novo-modelo-de-patrulhamento\\\/#primaryimage\"},\"image\":{\"@id\":\"https:\\\/\\\/regiaonews.net.br\\\/2022\\\/2024\\\/02\\\/05\\\/pm-recebe-63-viaturas-equipadas-com-pacote-de-seguranca-para-abranger-novo-modelo-de-patrulhamento\\\/#primaryimage\"},\"thumbnailUrl\":\"https:\\\/\\\/regiaonews.net.br\\\/2022\\\/wp-content\\\/uploads\\\/2024\\\/02\\\/00052985.jpeg\",\"datePublished\":\"2024-02-05T17:53:43+00:00\",\"breadcrumb\":{\"@id\":\"https:\\\/\\\/regiaonews.net.br\\\/2022\\\/2024\\\/02\\\/05\\\/pm-recebe-63-viaturas-equipadas-com-pacote-de-seguranca-para-abranger-novo-modelo-de-patrulhamento\\\/#breadcrumb\"},\"inLanguage\":\"pt-BR\",\"potentialAction\":[{\"@type\":\"ReadAction\",\"target\":[\"https:\\\/\\\/regiaonews.net.br\\\/2022\\\/2024\\\/02\\\/05\\\/pm-recebe-63-viaturas-equipadas-com-pacote-de-seguranca-para-abranger-novo-modelo-de-patrulhamento\\\/\"]}]},{\"@type\":\"ImageObject\",\"inLanguage\":\"pt-BR\",\"@id\":\"https:\\\/\\\/regiaonews.net.br\\\/2022\\\/2024\\\/02\\\/05\\\/pm-recebe-63-viaturas-equipadas-com-pacote-de-seguranca-para-abranger-novo-modelo-de-patrulhamento\\\/#primaryimage\",\"url\":\"https:\\\/\\\/regiaonews.net.br\\\/2022\\\/wp-content\\\/uploads\\\/2024\\\/02\\\/00052985.jpeg\",\"contentUrl\":\"https:\\\/\\\/regiaonews.net.br\\\/2022\\\/wp-content\\\/uploads\\\/2024\\\/02\\\/00052985.jpeg\",\"width\":1600,\"height\":1066},{\"@type\":\"BreadcrumbList\",\"@id\":\"https:\\\/\\\/regiaonews.net.br\\\/2022\\\/2024\\\/02\\\/05\\\/pm-recebe-63-viaturas-equipadas-com-pacote-de-seguranca-para-abranger-novo-modelo-de-patrulhamento\\\/#breadcrumb\",\"itemListElement\":[{\"@type\":\"ListItem\",\"position\":1,\"name\":\"In\u00edcio\",\"item\":\"https:\\\/\\\/regiaonews.net.br\\\/2022\\\/\"},{\"@type\":\"ListItem\",\"position\":2,\"name\":\"PM recebe 63 viaturas equipadas com pacote de seguran\u00e7a para abranger novo modelo de patrulhamento\"}]},{\"@type\":\"WebSite\",\"@id\":\"https:\\\/\\\/regiaonews.net.br\\\/2022\\\/#website\",\"url\":\"https:\\\/\\\/regiaonews.net.br\\\/2022\\\/\",\"name\":\"Regi\u00e3o News\",\"description\":\"Site de Not\u00edcias de Barretos e regi\u00e3o\",\"publisher\":{\"@id\":\"https:\\\/\\\/regiaonews.net.br\\\/2022\\\/#organization\"},\"potentialAction\":[{\"@type\":\"SearchAction\",\"target\":{\"@type\":\"EntryPoint\",\"urlTemplate\":\"https:\\\/\\\/regiaonews.net.br\\\/2022\\\/?s={search_term_string}\"},\"query-input\":{\"@type\":\"PropertyValueSpecification\",\"valueRequired\":true,\"valueName\":\"search_term_string\"}}],\"inLanguage\":\"pt-BR\"},{\"@type\":\"Organization\",\"@id\":\"https:\\\/\\\/regiaonews.net.br\\\/2022\\\/#organization\",\"name\":\"Regi\u00e3o News\",\"url\":\"https:\\\/\\\/regiaonews.net.br\\\/2022\\\/\",\"logo\":{\"@type\":\"ImageObject\",\"inLanguage\":\"pt-BR\",\"@id\":\"https:\\\/\\\/regiaonews.net.br\\\/2022\\\/#\\\/schema\\\/logo\\\/image\\\/\",\"url\":\"https:\\\/\\\/regiaonews.net.br\\\/2022\\\/wp-content\\\/uploads\\\/2026\\\/03\\\/regiao-13-anos-scaled.jpg\",\"contentUrl\":\"https:\\\/\\\/regiaonews.net.br\\\/2022\\\/wp-content\\\/uploads\\\/2026\\\/03\\\/regiao-13-anos-scaled.jpg\",\"width\":2560,\"height\":635,\"caption\":\"Regi\u00e3o News\"},\"image\":{\"@id\":\"https:\\\/\\\/regiaonews.net.br\\\/2022\\\/#\\\/schema\\\/logo\\\/image\\\/\"}},{\"@type\":\"Person\",\"@id\":\"https:\\\/\\\/regiaonews.net.br\\\/2022\\\/#\\\/schema\\\/person\\\/2d205a608a5aa97ac279d7a5e6d89ad8\",\"name\":\"Roberto\",\"image\":{\"@type\":\"ImageObject\",\"inLanguage\":\"pt-BR\",\"@id\":\"https:\\\/\\\/secure.gravatar.com\\\/avatar\\\/42749d8b712ff9d59ca93dc150494e5b55a44134482993f5baeb97e61b7ecc89?s=96&d=mm&r=g\",\"url\":\"https:\\\/\\\/secure.gravatar.com\\\/avatar\\\/42749d8b712ff9d59ca93dc150494e5b55a44134482993f5baeb97e61b7ecc89?s=96&d=mm&r=g\",\"contentUrl\":\"https:\\\/\\\/secure.gravatar.com\\\/avatar\\\/42749d8b712ff9d59ca93dc150494e5b55a44134482993f5baeb97e61b7ecc89?s=96&d=mm&r=g\",\"caption\":\"Roberto\"},\"url\":\"https:\\\/\\\/regiaonews.net.br\\\/2022\\\/author\\\/roberto\\\/\"}]}<\/script>\n<!-- \/ Yoast SEO plugin. -->","yoast_head_json":{"title":"PM recebe 63 viaturas equipadas com pacote de seguran\u00e7a para abranger novo modelo de patrulhamento - Regi\u00e3o News","robots":{"index":"index","follow":"follow","max-snippet":"max-snippet:-1","max-image-preview":"max-image-preview:large","max-video-preview":"max-video-preview:-1"},"canonical":"https:\/\/regiaonews.net.br\/2022\/2024\/02\/05\/pm-recebe-63-viaturas-equipadas-com-pacote-de-seguranca-para-abranger-novo-modelo-de-patrulhamento\/","og_locale":"pt_BR","og_type":"article","og_title":"PM recebe 63 viaturas equipadas com pacote de seguran\u00e7a para abranger novo modelo de patrulhamento - Regi\u00e3o News","og_description":"Aquisi\u00e7\u00e3o teve investimento total de R$ 12 milh\u00f5es; frota ser\u00e1","og_url":"https:\/\/regiaonews.net.br\/2022\/2024\/02\/05\/pm-recebe-63-viaturas-equipadas-com-pacote-de-seguranca-para-abranger-novo-modelo-de-patrulhamento\/","og_site_name":"Regi\u00e3o News","article_published_time":"2024-02-05T17:53:43+00:00","og_image":[{"width":1600,"height":1066,"url":"https:\/\/regiaonews.net.br\/2022\/wp-content\/uploads\/2024\/02\/00052985.jpeg","type":"image\/jpeg"}],"author":"Roberto","twitter_card":"summary_large_image","twitter_misc":{"Escrito por":"Roberto","Est. tempo de leitura":"2 minutos"},"schema":{"@context":"https:\/\/schema.org","@graph":[{"@type":"Article","@id":"https:\/\/regiaonews.net.br\/2022\/2024\/02\/05\/pm-recebe-63-viaturas-equipadas-com-pacote-de-seguranca-para-abranger-novo-modelo-de-patrulhamento\/#article","isPartOf":{"@id":"https:\/\/regiaonews.net.br\/2022\/2024\/02\/05\/pm-recebe-63-viaturas-equipadas-com-pacote-de-seguranca-para-abranger-novo-modelo-de-patrulhamento\/"},"author":{"name":"Roberto","@id":"https:\/\/regiaonews.net.br\/2022\/#\/schema\/person\/2d205a608a5aa97ac279d7a5e6d89ad8"},"headline":"PM recebe 63 viaturas equipadas com pacote de seguran\u00e7a para abranger novo modelo de patrulhamento","datePublished":"2024-02-05T17:53:43+00:00","mainEntityOfPage":{"@id":"https:\/\/regiaonews.net.br\/2022\/2024\/02\/05\/pm-recebe-63-viaturas-equipadas-com-pacote-de-seguranca-para-abranger-novo-modelo-de-patrulhamento\/"},"wordCount":382,"commentCount":0,"publisher":{"@id":"https:\/\/regiaonews.net.br\/2022\/#organization"},"image":{"@id":"https:\/\/regiaonews.net.br\/2022\/2024\/02\/05\/pm-recebe-63-viaturas-equipadas-com-pacote-de-seguranca-para-abranger-novo-modelo-de-patrulhamento\/#primaryimage"},"thumbnailUrl":"https:\/\/regiaonews.net.br\/2022\/wp-content\/uploads\/2024\/02\/00052985.jpeg","articleSection":["Estado de S\u00e3o Paulo","Policia"],"inLanguage":"pt-BR","potentialAction":[{"@type":"CommentAction","name":"Comment","target":["https:\/\/regiaonews.net.br\/2022\/2024\/02\/05\/pm-recebe-63-viaturas-equipadas-com-pacote-de-seguranca-para-abranger-novo-modelo-de-patrulhamento\/#respond"]}]},{"@type":"WebPage","@id":"https:\/\/regiaonews.net.br\/2022\/2024\/02\/05\/pm-recebe-63-viaturas-equipadas-com-pacote-de-seguranca-para-abranger-novo-modelo-de-patrulhamento\/","url":"https:\/\/regiaonews.net.br\/2022\/2024\/02\/05\/pm-recebe-63-viaturas-equipadas-com-pacote-de-seguranca-para-abranger-novo-modelo-de-patrulhamento\/","name":"PM recebe 63 viaturas equipadas com pacote de seguran\u00e7a para abranger novo modelo de patrulhamento - Regi\u00e3o News","isPartOf":{"@id":"https:\/\/regiaonews.net.br\/2022\/#website"},"primaryImageOfPage":{"@id":"https:\/\/regiaonews.net.br\/2022\/2024\/02\/05\/pm-recebe-63-viaturas-equipadas-com-pacote-de-seguranca-para-abranger-novo-modelo-de-patrulhamento\/#primaryimage"},"image":{"@id":"https:\/\/regiaonews.net.br\/2022\/2024\/02\/05\/pm-recebe-63-viaturas-equipadas-com-pacote-de-seguranca-para-abranger-novo-modelo-de-patrulhamento\/#primaryimage"},"thumbnailUrl":"https:\/\/regiaonews.net.br\/2022\/wp-content\/uploads\/2024\/02\/00052985.jpeg","datePublished":"2024-02-05T17:53:43+00:00","breadcrumb":{"@id":"https:\/\/regiaonews.net.br\/2022\/2024\/02\/05\/pm-recebe-63-viaturas-equipadas-com-pacote-de-seguranca-para-abranger-novo-modelo-de-patrulhamento\/#breadcrumb"},"inLanguage":"pt-BR","potentialAction":[{"@type":"ReadAction","target":["https:\/\/regiaonews.net.br\/2022\/2024\/02\/05\/pm-recebe-63-viaturas-equipadas-com-pacote-de-seguranca-para-abranger-novo-modelo-de-patrulhamento\/"]}]},{"@type":"ImageObject","inLanguage":"pt-BR","@id":"https:\/\/regiaonews.net.br\/2022\/2024\/02\/05\/pm-recebe-63-viaturas-equipadas-com-pacote-de-seguranca-para-abranger-novo-modelo-de-patrulhamento\/#primaryimage","url":"https:\/\/regiaonews.net.br\/2022\/wp-content\/uploads\/2024\/02\/00052985.jpeg","contentUrl":"https:\/\/regiaonews.net.br\/2022\/wp-content\/uploads\/2024\/02\/00052985.jpeg","width":1600,"height":1066},{"@type":"BreadcrumbList","@id":"https:\/\/regiaonews.net.br\/2022\/2024\/02\/05\/pm-recebe-63-viaturas-equipadas-com-pacote-de-seguranca-para-abranger-novo-modelo-de-patrulhamento\/#breadcrumb","itemListElement":[{"@type":"ListItem","position":1,"name":"In\u00edcio","item":"https:\/\/regiaonews.net.br\/2022\/"},{"@type":"ListItem","position":2,"name":"PM recebe 63 viaturas equipadas com pacote de seguran\u00e7a para abranger novo modelo de patrulhamento"}]},{"@type":"WebSite","@id":"https:\/\/regiaonews.net.br\/2022\/#website","url":"https:\/\/regiaonews.net.br\/2022\/","name":"Regi\u00e3o News","description":"Site de Not\u00edcias de Barretos e regi\u00e3o","publisher":{"@id":"https:\/\/regiaonews.net.br\/2022\/#organization"},"potentialAction":[{"@type":"SearchAction","target":{"@type":"EntryPoint","urlTemplate":"https:\/\/regiaonews.net.br\/2022\/?s={search_term_string}"},"query-input":{"@type":"PropertyValueSpecification","valueRequired":true,"valueName":"search_term_string"}}],"inLanguage":"pt-BR"},{"@type":"Organization","@id":"https:\/\/regiaonews.net.br\/2022\/#organization","name":"Regi\u00e3o News","url":"https:\/\/regiaonews.net.br\/2022\/","logo":{"@type":"ImageObject","inLanguage":"pt-BR","@id":"https:\/\/regiaonews.net.br\/2022\/#\/schema\/logo\/image\/","url":"https:\/\/regiaonews.net.br\/2022\/wp-content\/uploads\/2026\/03\/regiao-13-anos-scaled.jpg","contentUrl":"https:\/\/regiaonews.net.br\/2022\/wp-content\/uploads\/2026\/03\/regiao-13-anos-scaled.jpg","width":2560,"height":635,"caption":"Regi\u00e3o News"},"image":{"@id":"https:\/\/regiaonews.net.br\/2022\/#\/schema\/logo\/image\/"}},{"@type":"Person","@id":"https:\/\/regiaonews.net.br\/2022\/#\/schema\/person\/2d205a608a5aa97ac279d7a5e6d89ad8","name":"Roberto","image":{"@type":"ImageObject","inLanguage":"pt-BR","@id":"https:\/\/secure.gravatar.com\/avatar\/42749d8b712ff9d59ca93dc150494e5b55a44134482993f5baeb97e61b7ecc89?s=96&d=mm&r=g","url":"https:\/\/secure.gravatar.com\/avatar\/42749d8b712ff9d59ca93dc150494e5b55a44134482993f5baeb97e61b7ecc89?s=96&d=mm&r=g","contentUrl":"https:\/\/secure.gravatar.com\/avatar\/42749d8b712ff9d59ca93dc150494e5b55a44134482993f5baeb97e61b7ecc89?s=96&d=mm&r=g","caption":"Roberto"},"url":"https:\/\/regiaonews.net.br\/2022\/author\/roberto\/"}]}},"publishpress_future_action":{"enabled":false,"date":"2026-05-03 23:58:28","action":"change-status","newStatus":"draft","terms":[],"taxonomy":"category","extraData":[]},"publishpress_future_workflow_manual_trigger":{"enabledWorkflows":[]},"_links":{"self":[{"href":"https:\/\/regiaonews.net.br\/2022\/wp-json\/wp\/v2\/posts\/100923","targetHints":{"allow":["GET"]}}],"collection":[{"href":"https:\/\/regiaonews.net.br\/2022\/wp-json\/wp\/v2\/posts"}],"about":[{"href":"https:\/\/regiaonews.net.br\/2022\/wp-json\/wp\/v2\/types\/post"}],"author":[{"embeddable":true,"href":"https:\/\/regiaonews.net.br\/2022\/wp-json\/wp\/v2\/users\/2"}],"replies":[{"embeddable":true,"href":"https:\/\/regiaonews.net.br\/2022\/wp-json\/wp\/v2\/comments?post=100923"}],"version-history":[{"count":1,"href":"https:\/\/regiaonews.net.br\/2022\/wp-json\/wp\/v2\/posts\/100923\/revisions"}],"predecessor-version":[{"id":100925,"href":"https:\/\/regiaonews.net.br\/2022\/wp-json\/wp\/v2\/posts\/100923\/revisions\/100925"}],"wp:featuredmedia":[{"embeddable":true,"href":"https:\/\/regiaonews.net.br\/2022\/wp-json\/wp\/v2\/media\/100924"}],"wp:attachment":[{"href":"https:\/\/regiaonews.net.br\/2022\/wp-json\/wp\/v2\/media?parent=100923"}],"wp:term":[{"taxonomy":"category","embeddable":true,"href":"https:\/\/regiaonews.net.br\/2022\/wp-json\/wp\/v2\/categories?post=100923"},{"taxonomy":"post_tag","embeddable":true,"href":"https:\/\/regiaonews.net.br\/2022\/wp-json\/wp\/v2\/tags?post=100923"}],"curies":[{"name":"wp","href":"https:\/\/api.w.org\/{rel}","templated":true}]}}