{"id":100920,"date":"2024-02-05T14:52:31","date_gmt":"2024-02-05T17:52:31","guid":{"rendered":"https:\/\/regiaonews.net.br\/2022\/?p=100920"},"modified":"2024-02-05T14:52:31","modified_gmt":"2024-02-05T17:52:31","slug":"carnaval-acao-da-policia-prende-23-pessoas-infiltradas-entre-os-folioes","status":"publish","type":"post","link":"https:\/\/regiaonews.net.br\/2022\/2024\/02\/05\/carnaval-acao-da-policia-prende-23-pessoas-infiltradas-entre-os-folioes\/","title":{"rendered":"Carnaval: a\u00e7\u00e3o da pol\u00edcia prende 23 pessoas infiltradas entre os foli\u00f5es"},"content":{"rendered":"<div class=\"col-lg-12 mt-2 justify\">\n<h5 class=\"justify\">Mais de 80 celulares foram recuperados e 146 cart\u00f5es banc\u00e1rios localizados<\/h5>\n<\/div>\n<div class=\"col-lg-12 mt-3 justify\">\n<div>\n<div>O primeiro fim de semana do pr\u00e9-Carnaval na capital paulista foi positivo do ponto de vista de seguran\u00e7a, na avalia\u00e7\u00e3o da Pol\u00edcia Civil. Segundo levantamento realizado, foram recuperados 83 aparelhos celulares e localizados 146 cart\u00f5es banc\u00e1rios.<\/div>\n<div><\/div>\n<div>Com o empenho dos policiais, 23 pessoas foram presas. Elas estavam infiltradas entre os foli\u00f5es para a pr\u00e1tica de crimes. Um menor infrator foi apreendido pelos agentes.<\/div>\n<div><\/div>\n<div>Os registros criminais indicaram que no s\u00e1bado (3), primeiro dia da festa, houve 70 furtos de celulares e dez roubos. No domingo (4), os registros diminu\u00edram ainda mais: 61 furtos e cinco roubos.<\/div>\n<div><\/div>\n<div>Os n\u00fameros refletem o aumento da seguran\u00e7a que foi empregado pelas Pol\u00edcia Civil e Militar j\u00e1 no primeiro fim de semana da festa. Cerca de 20 mil agentes foram empenhados em todo Estado para garantir a seguran\u00e7a dos foli\u00f5es.<\/div>\n<div><\/div>\n<div>&#8220;Nosso planejamento para que as festividades de Carnaval aconte\u00e7am com seguran\u00e7a come\u00e7a muito antes dos dias de folia, com opera\u00e7\u00f5es que visam retirar de circula\u00e7\u00e3o criminosos procurados pela Justi\u00e7a. Deu certo no ano passado, quando reduzimos os \u00edndices de roubo e furto e neste ano, nossa expectativa \u00e9 que, mais uma vez, esse resultado reflita nas ruas\u201d, disse o secret\u00e1rio da Seguran\u00e7a P\u00fablica, Guilherme Derrite. \u201cO primeiro fim de semana de blocos na capital j\u00e1 demonstrou n\u00fameros expressivos, com pris\u00f5es e \u00edndices baixos de roubos e furtos, gra\u00e7as ao trabalho integrado entre as pol\u00edcias, que vai continuar.&#8221;<\/div>\n<div><\/div>\n<div>Um exemplo disso \u00e9 a Opera\u00e7\u00e3o Adaga, que tem o objetivo de retirar das ruas criminosos condenados pela Justi\u00e7a, mas que est\u00e3o foragidos do sistema penitenci\u00e1rio. De 15 de janeiro a 1\u00ba de fevereiro, 655 pessoas com mandado de pris\u00e3o em aberto foram presas na capital paulista. No interior do estado, foram 1,6 mil, totalizando 2.280 pris\u00f5es. A opera\u00e7\u00e3o foi desencadeada nas v\u00e9speras do Carnaval, a exemplo do que ocorreu no ano passado.<\/div>\n<div><\/div>\n<div>A Pol\u00edcia Civil mobilizou o efetivo da maioria das unidades de opera\u00e7\u00f5es para agir durante os dias de Carnaval em S\u00e3o Paulo. Os agentes de diversos departamentos foram a campo j\u00e1 no fim de semana, na pr\u00e9-festa, para monitorar a poss\u00edvel atua\u00e7\u00e3o de quadrilhas em meio a milhares de foli\u00f5es.<\/div>\n<div>\n<div>Neste ano, o formato empregado pela Pol\u00edcia Civil no Carnaval de S\u00e3o Paulo \u00e9 in\u00e9dito. \u201cFoi feito um trabalho de intelig\u00eancia com o levantamento dos locais com maior incid\u00eancia de crimes para posicionar nossos policiais estrategicamente\u201d, disse a delegada Fernanda Herbella, que coordena as a\u00e7\u00f5es.<\/div>\n<div><\/div>\n<div>Com o aux\u00edlio de delegacias especializadas, foram identificadas as principais quadrilhas que atuam em grandes eventos, inclusive, com membros de outros Estados brasileiros que se deslocam para a capital paulista para cometer os crimes durante os dias de Carnaval, inclusive, mulheres. Para isso, policiais femininas tamb\u00e9m foram escaladas para o evento.<\/div>\n<div><\/div>\n<div>\u201cAs quadrilhas s\u00e3o organizadas, inclusive, com a divis\u00e3o de tarefas para dificultar a identifica\u00e7\u00e3o dos suspeitos. No entanto, agimos com anteced\u00eancia e conseguimos detectar a movimenta\u00e7\u00e3o desses grupos\u201d, completou a delegada.<\/div>\n<div><\/div>\n<div>Os agentes foram subdivididos em grupos e se espalharam pelos blocos carnavalescos no primeiro fim de semana de festa. H\u00e1 tamb\u00e9m a atua\u00e7\u00e3o de policiais infiltrados nos blocos para monitorar os suspeitos.<\/div>\n<div><\/div>\n<div>Durante os dias de carnaval, as pris\u00f5es realizadas nos blocos ou nas imedia\u00e7\u00f5es e que possu\u00edrem liga\u00e7\u00e3o direta com a festa ser\u00e3o apresentadas nas Centrais Especializadas de Repress\u00e3o a Crimes e Ocorr\u00eancias Diversas e na Delegacia de Atendimento ao Turista, onde as equipes foram refor\u00e7adas para o registro de flagrantes.<\/div>\n<div><\/div>\n<div>As unidades do Departamento de Pol\u00edcia de Prote\u00e7\u00e3o \u00e0 Pessoa e do Departamento Estadual de Investiga\u00e7\u00f5es Criminais tiveram o servi\u00e7o estendido para apoiar os policiais que permanecerem em campo. Al\u00e9m disso, o Garra (Grupo Armado de Repress\u00e3o a Roubos e Assaltos) foi escalado para atuar nas regi\u00f5es onde h\u00e1 concentra\u00e7\u00e3o de foli\u00f5es, podendo ser acionado pelas equipes para prestar apoio em locais com ocorr\u00eancias de grande relev\u00e2ncia.<\/div>\n<div><\/div>\n<div>Na Sala de Comando e Controle da Pol\u00edcia Militar, um delegado permanecer\u00e1 de plant\u00e3o acompanhando as ocorr\u00eancias que chegam via 190 em tempo real. Dessa forma, \u00e9 poss\u00edvel fornecer informa\u00e7\u00f5es para as equipes para redirecionar o efetivo para os locais com registro de ocorr\u00eancias.<\/div>\n<\/div>\n<\/div>\n<\/div>\n","protected":false},"excerpt":{"rendered":"<p>Mais de 80 celulares foram recuperados e 146 cart\u00f5es banc\u00e1rios<\/p>\n","protected":false},"author":2,"featured_media":100921,"comment_status":"open","ping_status":"open","sticky":false,"template":"","format":"standard","meta":{"footnotes":""},"categories":[7,23],"tags":[],"class_list":["post-100920","post","type-post","status-publish","format-standard","has-post-thumbnail","hentry","category-estado-de-sao-paulo","category-policia"],"yoast_head":"<!-- This site is optimized with the Yoast SEO plugin v27.4 - https:\/\/yoast.com\/product\/yoast-seo-wordpress\/ -->\n<title>Carnaval: a\u00e7\u00e3o da pol\u00edcia prende 23 pessoas infiltradas entre os foli\u00f5es - Regi\u00e3o News<\/title>\n<meta name=\"robots\" content=\"index, follow, max-snippet:-1, max-image-preview:large, max-video-preview:-1\" \/>\n<link rel=\"canonical\" href=\"https:\/\/regiaonews.net.br\/2022\/2024\/02\/05\/carnaval-acao-da-policia-prende-23-pessoas-infiltradas-entre-os-folioes\/\" \/>\n<meta property=\"og:locale\" content=\"pt_BR\" \/>\n<meta property=\"og:type\" content=\"article\" \/>\n<meta property=\"og:title\" content=\"Carnaval: a\u00e7\u00e3o da pol\u00edcia prende 23 pessoas infiltradas entre os foli\u00f5es - Regi\u00e3o News\" \/>\n<meta property=\"og:description\" content=\"Mais de 80 celulares foram recuperados e 146 cart\u00f5es banc\u00e1rios\" \/>\n<meta property=\"og:url\" content=\"https:\/\/regiaonews.net.br\/2022\/2024\/02\/05\/carnaval-acao-da-policia-prende-23-pessoas-infiltradas-entre-os-folioes\/\" \/>\n<meta property=\"og:site_name\" content=\"Regi\u00e3o News\" \/>\n<meta property=\"article:published_time\" content=\"2024-02-05T17:52:31+00:00\" \/>\n<meta property=\"og:image\" content=\"https:\/\/regiaonews.net.br\/2022\/wp-content\/uploads\/2024\/02\/D00052981.jpg\" \/>\n\t<meta property=\"og:image:width\" content=\"800\" \/>\n\t<meta property=\"og:image:height\" content=\"600\" \/>\n\t<meta property=\"og:image:type\" content=\"image\/jpeg\" \/>\n<meta name=\"author\" content=\"Roberto\" \/>\n<meta name=\"twitter:card\" content=\"summary_large_image\" \/>\n<meta name=\"twitter:label1\" content=\"Escrito por\" \/>\n\t<meta name=\"twitter:data1\" content=\"Roberto\" \/>\n\t<meta name=\"twitter:label2\" content=\"Est. tempo de leitura\" \/>\n\t<meta name=\"twitter:data2\" content=\"4 minutos\" \/>\n<script type=\"application\/ld+json\" class=\"yoast-schema-graph\">{\"@context\":\"https:\\\/\\\/schema.org\",\"@graph\":[{\"@type\":\"Article\",\"@id\":\"https:\\\/\\\/regiaonews.net.br\\\/2022\\\/2024\\\/02\\\/05\\\/carnaval-acao-da-policia-prende-23-pessoas-infiltradas-entre-os-folioes\\\/#article\",\"isPartOf\":{\"@id\":\"https:\\\/\\\/regiaonews.net.br\\\/2022\\\/2024\\\/02\\\/05\\\/carnaval-acao-da-policia-prende-23-pessoas-infiltradas-entre-os-folioes\\\/\"},\"author\":{\"name\":\"Roberto\",\"@id\":\"https:\\\/\\\/regiaonews.net.br\\\/2022\\\/#\\\/schema\\\/person\\\/2d205a608a5aa97ac279d7a5e6d89ad8\"},\"headline\":\"Carnaval: a\u00e7\u00e3o da pol\u00edcia prende 23 pessoas infiltradas entre os foli\u00f5es\",\"datePublished\":\"2024-02-05T17:52:31+00:00\",\"mainEntityOfPage\":{\"@id\":\"https:\\\/\\\/regiaonews.net.br\\\/2022\\\/2024\\\/02\\\/05\\\/carnaval-acao-da-policia-prende-23-pessoas-infiltradas-entre-os-folioes\\\/\"},\"wordCount\":763,\"commentCount\":0,\"publisher\":{\"@id\":\"https:\\\/\\\/regiaonews.net.br\\\/2022\\\/#organization\"},\"image\":{\"@id\":\"https:\\\/\\\/regiaonews.net.br\\\/2022\\\/2024\\\/02\\\/05\\\/carnaval-acao-da-policia-prende-23-pessoas-infiltradas-entre-os-folioes\\\/#primaryimage\"},\"thumbnailUrl\":\"https:\\\/\\\/regiaonews.net.br\\\/2022\\\/wp-content\\\/uploads\\\/2024\\\/02\\\/D00052981.jpg\",\"articleSection\":[\"Estado de S\u00e3o Paulo\",\"Policia\"],\"inLanguage\":\"pt-BR\",\"potentialAction\":[{\"@type\":\"CommentAction\",\"name\":\"Comment\",\"target\":[\"https:\\\/\\\/regiaonews.net.br\\\/2022\\\/2024\\\/02\\\/05\\\/carnaval-acao-da-policia-prende-23-pessoas-infiltradas-entre-os-folioes\\\/#respond\"]}]},{\"@type\":\"WebPage\",\"@id\":\"https:\\\/\\\/regiaonews.net.br\\\/2022\\\/2024\\\/02\\\/05\\\/carnaval-acao-da-policia-prende-23-pessoas-infiltradas-entre-os-folioes\\\/\",\"url\":\"https:\\\/\\\/regiaonews.net.br\\\/2022\\\/2024\\\/02\\\/05\\\/carnaval-acao-da-policia-prende-23-pessoas-infiltradas-entre-os-folioes\\\/\",\"name\":\"Carnaval: a\u00e7\u00e3o da pol\u00edcia prende 23 pessoas infiltradas entre os foli\u00f5es - Regi\u00e3o News\",\"isPartOf\":{\"@id\":\"https:\\\/\\\/regiaonews.net.br\\\/2022\\\/#website\"},\"primaryImageOfPage\":{\"@id\":\"https:\\\/\\\/regiaonews.net.br\\\/2022\\\/2024\\\/02\\\/05\\\/carnaval-acao-da-policia-prende-23-pessoas-infiltradas-entre-os-folioes\\\/#primaryimage\"},\"image\":{\"@id\":\"https:\\\/\\\/regiaonews.net.br\\\/2022\\\/2024\\\/02\\\/05\\\/carnaval-acao-da-policia-prende-23-pessoas-infiltradas-entre-os-folioes\\\/#primaryimage\"},\"thumbnailUrl\":\"https:\\\/\\\/regiaonews.net.br\\\/2022\\\/wp-content\\\/uploads\\\/2024\\\/02\\\/D00052981.jpg\",\"datePublished\":\"2024-02-05T17:52:31+00:00\",\"breadcrumb\":{\"@id\":\"https:\\\/\\\/regiaonews.net.br\\\/2022\\\/2024\\\/02\\\/05\\\/carnaval-acao-da-policia-prende-23-pessoas-infiltradas-entre-os-folioes\\\/#breadcrumb\"},\"inLanguage\":\"pt-BR\",\"potentialAction\":[{\"@type\":\"ReadAction\",\"target\":[\"https:\\\/\\\/regiaonews.net.br\\\/2022\\\/2024\\\/02\\\/05\\\/carnaval-acao-da-policia-prende-23-pessoas-infiltradas-entre-os-folioes\\\/\"]}]},{\"@type\":\"ImageObject\",\"inLanguage\":\"pt-BR\",\"@id\":\"https:\\\/\\\/regiaonews.net.br\\\/2022\\\/2024\\\/02\\\/05\\\/carnaval-acao-da-policia-prende-23-pessoas-infiltradas-entre-os-folioes\\\/#primaryimage\",\"url\":\"https:\\\/\\\/regiaonews.net.br\\\/2022\\\/wp-content\\\/uploads\\\/2024\\\/02\\\/D00052981.jpg\",\"contentUrl\":\"https:\\\/\\\/regiaonews.net.br\\\/2022\\\/wp-content\\\/uploads\\\/2024\\\/02\\\/D00052981.jpg\",\"width\":800,\"height\":600},{\"@type\":\"BreadcrumbList\",\"@id\":\"https:\\\/\\\/regiaonews.net.br\\\/2022\\\/2024\\\/02\\\/05\\\/carnaval-acao-da-policia-prende-23-pessoas-infiltradas-entre-os-folioes\\\/#breadcrumb\",\"itemListElement\":[{\"@type\":\"ListItem\",\"position\":1,\"name\":\"In\u00edcio\",\"item\":\"https:\\\/\\\/regiaonews.net.br\\\/2022\\\/\"},{\"@type\":\"ListItem\",\"position\":2,\"name\":\"Carnaval: a\u00e7\u00e3o da pol\u00edcia prende 23 pessoas infiltradas entre os foli\u00f5es\"}]},{\"@type\":\"WebSite\",\"@id\":\"https:\\\/\\\/regiaonews.net.br\\\/2022\\\/#website\",\"url\":\"https:\\\/\\\/regiaonews.net.br\\\/2022\\\/\",\"name\":\"Regi\u00e3o News\",\"description\":\"Site de Not\u00edcias de Barretos e regi\u00e3o\",\"publisher\":{\"@id\":\"https:\\\/\\\/regiaonews.net.br\\\/2022\\\/#organization\"},\"potentialAction\":[{\"@type\":\"SearchAction\",\"target\":{\"@type\":\"EntryPoint\",\"urlTemplate\":\"https:\\\/\\\/regiaonews.net.br\\\/2022\\\/?s={search_term_string}\"},\"query-input\":{\"@type\":\"PropertyValueSpecification\",\"valueRequired\":true,\"valueName\":\"search_term_string\"}}],\"inLanguage\":\"pt-BR\"},{\"@type\":\"Organization\",\"@id\":\"https:\\\/\\\/regiaonews.net.br\\\/2022\\\/#organization\",\"name\":\"Regi\u00e3o News\",\"url\":\"https:\\\/\\\/regiaonews.net.br\\\/2022\\\/\",\"logo\":{\"@type\":\"ImageObject\",\"inLanguage\":\"pt-BR\",\"@id\":\"https:\\\/\\\/regiaonews.net.br\\\/2022\\\/#\\\/schema\\\/logo\\\/image\\\/\",\"url\":\"https:\\\/\\\/regiaonews.net.br\\\/2022\\\/wp-content\\\/uploads\\\/2026\\\/03\\\/regiao-13-anos-scaled.jpg\",\"contentUrl\":\"https:\\\/\\\/regiaonews.net.br\\\/2022\\\/wp-content\\\/uploads\\\/2026\\\/03\\\/regiao-13-anos-scaled.jpg\",\"width\":2560,\"height\":635,\"caption\":\"Regi\u00e3o News\"},\"image\":{\"@id\":\"https:\\\/\\\/regiaonews.net.br\\\/2022\\\/#\\\/schema\\\/logo\\\/image\\\/\"}},{\"@type\":\"Person\",\"@id\":\"https:\\\/\\\/regiaonews.net.br\\\/2022\\\/#\\\/schema\\\/person\\\/2d205a608a5aa97ac279d7a5e6d89ad8\",\"name\":\"Roberto\",\"image\":{\"@type\":\"ImageObject\",\"inLanguage\":\"pt-BR\",\"@id\":\"https:\\\/\\\/secure.gravatar.com\\\/avatar\\\/42749d8b712ff9d59ca93dc150494e5b55a44134482993f5baeb97e61b7ecc89?s=96&d=mm&r=g\",\"url\":\"https:\\\/\\\/secure.gravatar.com\\\/avatar\\\/42749d8b712ff9d59ca93dc150494e5b55a44134482993f5baeb97e61b7ecc89?s=96&d=mm&r=g\",\"contentUrl\":\"https:\\\/\\\/secure.gravatar.com\\\/avatar\\\/42749d8b712ff9d59ca93dc150494e5b55a44134482993f5baeb97e61b7ecc89?s=96&d=mm&r=g\",\"caption\":\"Roberto\"},\"url\":\"https:\\\/\\\/regiaonews.net.br\\\/2022\\\/author\\\/roberto\\\/\"}]}<\/script>\n<!-- \/ Yoast SEO plugin. -->","yoast_head_json":{"title":"Carnaval: a\u00e7\u00e3o da pol\u00edcia prende 23 pessoas infiltradas entre os foli\u00f5es - Regi\u00e3o News","robots":{"index":"index","follow":"follow","max-snippet":"max-snippet:-1","max-image-preview":"max-image-preview:large","max-video-preview":"max-video-preview:-1"},"canonical":"https:\/\/regiaonews.net.br\/2022\/2024\/02\/05\/carnaval-acao-da-policia-prende-23-pessoas-infiltradas-entre-os-folioes\/","og_locale":"pt_BR","og_type":"article","og_title":"Carnaval: a\u00e7\u00e3o da pol\u00edcia prende 23 pessoas infiltradas entre os foli\u00f5es - Regi\u00e3o News","og_description":"Mais de 80 celulares foram recuperados e 146 cart\u00f5es banc\u00e1rios","og_url":"https:\/\/regiaonews.net.br\/2022\/2024\/02\/05\/carnaval-acao-da-policia-prende-23-pessoas-infiltradas-entre-os-folioes\/","og_site_name":"Regi\u00e3o News","article_published_time":"2024-02-05T17:52:31+00:00","og_image":[{"width":800,"height":600,"url":"https:\/\/regiaonews.net.br\/2022\/wp-content\/uploads\/2024\/02\/D00052981.jpg","type":"image\/jpeg"}],"author":"Roberto","twitter_card":"summary_large_image","twitter_misc":{"Escrito por":"Roberto","Est. tempo de leitura":"4 minutos"},"schema":{"@context":"https:\/\/schema.org","@graph":[{"@type":"Article","@id":"https:\/\/regiaonews.net.br\/2022\/2024\/02\/05\/carnaval-acao-da-policia-prende-23-pessoas-infiltradas-entre-os-folioes\/#article","isPartOf":{"@id":"https:\/\/regiaonews.net.br\/2022\/2024\/02\/05\/carnaval-acao-da-policia-prende-23-pessoas-infiltradas-entre-os-folioes\/"},"author":{"name":"Roberto","@id":"https:\/\/regiaonews.net.br\/2022\/#\/schema\/person\/2d205a608a5aa97ac279d7a5e6d89ad8"},"headline":"Carnaval: a\u00e7\u00e3o da pol\u00edcia prende 23 pessoas infiltradas entre os foli\u00f5es","datePublished":"2024-02-05T17:52:31+00:00","mainEntityOfPage":{"@id":"https:\/\/regiaonews.net.br\/2022\/2024\/02\/05\/carnaval-acao-da-policia-prende-23-pessoas-infiltradas-entre-os-folioes\/"},"wordCount":763,"commentCount":0,"publisher":{"@id":"https:\/\/regiaonews.net.br\/2022\/#organization"},"image":{"@id":"https:\/\/regiaonews.net.br\/2022\/2024\/02\/05\/carnaval-acao-da-policia-prende-23-pessoas-infiltradas-entre-os-folioes\/#primaryimage"},"thumbnailUrl":"https:\/\/regiaonews.net.br\/2022\/wp-content\/uploads\/2024\/02\/D00052981.jpg","articleSection":["Estado de S\u00e3o Paulo","Policia"],"inLanguage":"pt-BR","potentialAction":[{"@type":"CommentAction","name":"Comment","target":["https:\/\/regiaonews.net.br\/2022\/2024\/02\/05\/carnaval-acao-da-policia-prende-23-pessoas-infiltradas-entre-os-folioes\/#respond"]}]},{"@type":"WebPage","@id":"https:\/\/regiaonews.net.br\/2022\/2024\/02\/05\/carnaval-acao-da-policia-prende-23-pessoas-infiltradas-entre-os-folioes\/","url":"https:\/\/regiaonews.net.br\/2022\/2024\/02\/05\/carnaval-acao-da-policia-prende-23-pessoas-infiltradas-entre-os-folioes\/","name":"Carnaval: a\u00e7\u00e3o da pol\u00edcia prende 23 pessoas infiltradas entre os foli\u00f5es - Regi\u00e3o News","isPartOf":{"@id":"https:\/\/regiaonews.net.br\/2022\/#website"},"primaryImageOfPage":{"@id":"https:\/\/regiaonews.net.br\/2022\/2024\/02\/05\/carnaval-acao-da-policia-prende-23-pessoas-infiltradas-entre-os-folioes\/#primaryimage"},"image":{"@id":"https:\/\/regiaonews.net.br\/2022\/2024\/02\/05\/carnaval-acao-da-policia-prende-23-pessoas-infiltradas-entre-os-folioes\/#primaryimage"},"thumbnailUrl":"https:\/\/regiaonews.net.br\/2022\/wp-content\/uploads\/2024\/02\/D00052981.jpg","datePublished":"2024-02-05T17:52:31+00:00","breadcrumb":{"@id":"https:\/\/regiaonews.net.br\/2022\/2024\/02\/05\/carnaval-acao-da-policia-prende-23-pessoas-infiltradas-entre-os-folioes\/#breadcrumb"},"inLanguage":"pt-BR","potentialAction":[{"@type":"ReadAction","target":["https:\/\/regiaonews.net.br\/2022\/2024\/02\/05\/carnaval-acao-da-policia-prende-23-pessoas-infiltradas-entre-os-folioes\/"]}]},{"@type":"ImageObject","inLanguage":"pt-BR","@id":"https:\/\/regiaonews.net.br\/2022\/2024\/02\/05\/carnaval-acao-da-policia-prende-23-pessoas-infiltradas-entre-os-folioes\/#primaryimage","url":"https:\/\/regiaonews.net.br\/2022\/wp-content\/uploads\/2024\/02\/D00052981.jpg","contentUrl":"https:\/\/regiaonews.net.br\/2022\/wp-content\/uploads\/2024\/02\/D00052981.jpg","width":800,"height":600},{"@type":"BreadcrumbList","@id":"https:\/\/regiaonews.net.br\/2022\/2024\/02\/05\/carnaval-acao-da-policia-prende-23-pessoas-infiltradas-entre-os-folioes\/#breadcrumb","itemListElement":[{"@type":"ListItem","position":1,"name":"In\u00edcio","item":"https:\/\/regiaonews.net.br\/2022\/"},{"@type":"ListItem","position":2,"name":"Carnaval: a\u00e7\u00e3o da pol\u00edcia prende 23 pessoas infiltradas entre os foli\u00f5es"}]},{"@type":"WebSite","@id":"https:\/\/regiaonews.net.br\/2022\/#website","url":"https:\/\/regiaonews.net.br\/2022\/","name":"Regi\u00e3o News","description":"Site de Not\u00edcias de Barretos e regi\u00e3o","publisher":{"@id":"https:\/\/regiaonews.net.br\/2022\/#organization"},"potentialAction":[{"@type":"SearchAction","target":{"@type":"EntryPoint","urlTemplate":"https:\/\/regiaonews.net.br\/2022\/?s={search_term_string}"},"query-input":{"@type":"PropertyValueSpecification","valueRequired":true,"valueName":"search_term_string"}}],"inLanguage":"pt-BR"},{"@type":"Organization","@id":"https:\/\/regiaonews.net.br\/2022\/#organization","name":"Regi\u00e3o News","url":"https:\/\/regiaonews.net.br\/2022\/","logo":{"@type":"ImageObject","inLanguage":"pt-BR","@id":"https:\/\/regiaonews.net.br\/2022\/#\/schema\/logo\/image\/","url":"https:\/\/regiaonews.net.br\/2022\/wp-content\/uploads\/2026\/03\/regiao-13-anos-scaled.jpg","contentUrl":"https:\/\/regiaonews.net.br\/2022\/wp-content\/uploads\/2026\/03\/regiao-13-anos-scaled.jpg","width":2560,"height":635,"caption":"Regi\u00e3o News"},"image":{"@id":"https:\/\/regiaonews.net.br\/2022\/#\/schema\/logo\/image\/"}},{"@type":"Person","@id":"https:\/\/regiaonews.net.br\/2022\/#\/schema\/person\/2d205a608a5aa97ac279d7a5e6d89ad8","name":"Roberto","image":{"@type":"ImageObject","inLanguage":"pt-BR","@id":"https:\/\/secure.gravatar.com\/avatar\/42749d8b712ff9d59ca93dc150494e5b55a44134482993f5baeb97e61b7ecc89?s=96&d=mm&r=g","url":"https:\/\/secure.gravatar.com\/avatar\/42749d8b712ff9d59ca93dc150494e5b55a44134482993f5baeb97e61b7ecc89?s=96&d=mm&r=g","contentUrl":"https:\/\/secure.gravatar.com\/avatar\/42749d8b712ff9d59ca93dc150494e5b55a44134482993f5baeb97e61b7ecc89?s=96&d=mm&r=g","caption":"Roberto"},"url":"https:\/\/regiaonews.net.br\/2022\/author\/roberto\/"}]}},"publishpress_future_action":{"enabled":false,"date":"2026-05-03 22:38:32","action":"change-status","newStatus":"draft","terms":[],"taxonomy":"category","extraData":[]},"publishpress_future_workflow_manual_trigger":{"enabledWorkflows":[]},"_links":{"self":[{"href":"https:\/\/regiaonews.net.br\/2022\/wp-json\/wp\/v2\/posts\/100920","targetHints":{"allow":["GET"]}}],"collection":[{"href":"https:\/\/regiaonews.net.br\/2022\/wp-json\/wp\/v2\/posts"}],"about":[{"href":"https:\/\/regiaonews.net.br\/2022\/wp-json\/wp\/v2\/types\/post"}],"author":[{"embeddable":true,"href":"https:\/\/regiaonews.net.br\/2022\/wp-json\/wp\/v2\/users\/2"}],"replies":[{"embeddable":true,"href":"https:\/\/regiaonews.net.br\/2022\/wp-json\/wp\/v2\/comments?post=100920"}],"version-history":[{"count":1,"href":"https:\/\/regiaonews.net.br\/2022\/wp-json\/wp\/v2\/posts\/100920\/revisions"}],"predecessor-version":[{"id":100922,"href":"https:\/\/regiaonews.net.br\/2022\/wp-json\/wp\/v2\/posts\/100920\/revisions\/100922"}],"wp:featuredmedia":[{"embeddable":true,"href":"https:\/\/regiaonews.net.br\/2022\/wp-json\/wp\/v2\/media\/100921"}],"wp:attachment":[{"href":"https:\/\/regiaonews.net.br\/2022\/wp-json\/wp\/v2\/media?parent=100920"}],"wp:term":[{"taxonomy":"category","embeddable":true,"href":"https:\/\/regiaonews.net.br\/2022\/wp-json\/wp\/v2\/categories?post=100920"},{"taxonomy":"post_tag","embeddable":true,"href":"https:\/\/regiaonews.net.br\/2022\/wp-json\/wp\/v2\/tags?post=100920"}],"curies":[{"name":"wp","href":"https:\/\/api.w.org\/{rel}","templated":true}]}}