{"id":100882,"date":"2024-02-04T08:33:24","date_gmt":"2024-02-04T11:33:24","guid":{"rendered":"https:\/\/regiaonews.net.br\/2022\/?p=100882"},"modified":"2024-02-05T11:25:26","modified_gmt":"2024-02-05T14:25:26","slug":"assembleia-no-sindicato-rural-aprova-reajuste-salarial-de-7-para-trabalhadores-rurais","status":"publish","type":"post","link":"https:\/\/regiaonews.net.br\/2022\/2024\/02\/04\/assembleia-no-sindicato-rural-aprova-reajuste-salarial-de-7-para-trabalhadores-rurais\/","title":{"rendered":"Assembleia no Sindicato Rural aprova reajuste salarial de 7% para trabalhadores rurais"},"content":{"rendered":"<p style=\"text-align: left;\">A diretoria do Sindicato Rural do Vale de Rio Grande, que abrange as cidades de Barretos, Colina, Col\u00f4mbia e Jaborandi realizou na sexta-feira (2), a assembleia geral extraordin\u00e1ria,\u00a0 na sede na Pra\u00e7a Francisco Barreto 242, para discutir a Conven\u00e7\u00e3o Coletiva dos trabalhadores rurais. Segundo o presidente \u00canio Melo Rodrigues, os associados aprovaram o dissidio da categoria de 7%. Na assembleia foram registrados apenas dois votos contr\u00e1rios dos associados.<\/p>\n<p>A Conven\u00e7\u00e3o Coletiva de Trabalho com o Sindicato dos Trabalhadores Rurais de Barretos, v\u00e1lida para o setor de cultura diversificada e pecu\u00e1ria a vigorar no per\u00edodo de 01 de fevereiro de 2024 a 31 de janeiro de 2025, conforme previsto no artigo 3\u00ba do estatuto do Sindicato Rural do Vale do Rio Grande. \u201cO percentual de reajuste segue o valor concedido pelo Governo Federal ao sal\u00e1rio m\u00ednimo e foi acatado o pedido da categoria\u201d, explicou o presidente \u00canio.<\/p>\n","protected":false},"excerpt":{"rendered":"<p>A diretoria do Sindicato Rural do Vale de Rio Grande,<\/p>\n","protected":false},"author":2,"featured_media":100883,"comment_status":"open","ping_status":"open","sticky":false,"template":"","format":"standard","meta":{"footnotes":""},"categories":[14,25],"tags":[],"class_list":["post-100882","post","type-post","status-publish","format-standard","has-post-thumbnail","hentry","category-barretos","category-cidades"],"yoast_head":"<!-- This site is optimized with the Yoast SEO plugin v27.4 - https:\/\/yoast.com\/product\/yoast-seo-wordpress\/ -->\n<title>Assembleia no Sindicato Rural aprova reajuste salarial de 7% para trabalhadores rurais - Regi\u00e3o News<\/title>\n<meta name=\"robots\" content=\"index, follow, max-snippet:-1, max-image-preview:large, max-video-preview:-1\" \/>\n<link rel=\"canonical\" href=\"https:\/\/regiaonews.net.br\/2022\/2024\/02\/04\/assembleia-no-sindicato-rural-aprova-reajuste-salarial-de-7-para-trabalhadores-rurais\/\" \/>\n<meta property=\"og:locale\" content=\"pt_BR\" \/>\n<meta property=\"og:type\" content=\"article\" \/>\n<meta property=\"og:title\" content=\"Assembleia no Sindicato Rural aprova reajuste salarial de 7% para trabalhadores rurais - Regi\u00e3o News\" \/>\n<meta property=\"og:description\" content=\"A diretoria do Sindicato Rural do Vale de Rio Grande,\" \/>\n<meta property=\"og:url\" content=\"https:\/\/regiaonews.net.br\/2022\/2024\/02\/04\/assembleia-no-sindicato-rural-aprova-reajuste-salarial-de-7-para-trabalhadores-rurais\/\" \/>\n<meta property=\"og:site_name\" content=\"Regi\u00e3o News\" \/>\n<meta property=\"article:published_time\" content=\"2024-02-04T11:33:24+00:00\" \/>\n<meta property=\"article:modified_time\" content=\"2024-02-05T14:25:26+00:00\" \/>\n<meta property=\"og:image\" content=\"https:\/\/regiaonews.net.br\/2022\/wp-content\/uploads\/2024\/02\/IMG-20240203-WA0216.jpg\" \/>\n\t<meta property=\"og:image:width\" content=\"1511\" \/>\n\t<meta property=\"og:image:height\" content=\"778\" \/>\n\t<meta property=\"og:image:type\" content=\"image\/jpeg\" \/>\n<meta name=\"author\" content=\"Roberto\" \/>\n<meta name=\"twitter:card\" content=\"summary_large_image\" \/>\n<meta name=\"twitter:label1\" content=\"Escrito por\" \/>\n\t<meta name=\"twitter:data1\" content=\"Roberto\" \/>\n\t<meta name=\"twitter:label2\" content=\"Est. tempo de leitura\" \/>\n\t<meta name=\"twitter:data2\" content=\"2 minutos\" \/>\n<script type=\"application\/ld+json\" class=\"yoast-schema-graph\">{\"@context\":\"https:\\\/\\\/schema.org\",\"@graph\":[{\"@type\":\"Article\",\"@id\":\"https:\\\/\\\/regiaonews.net.br\\\/2022\\\/2024\\\/02\\\/04\\\/assembleia-no-sindicato-rural-aprova-reajuste-salarial-de-7-para-trabalhadores-rurais\\\/#article\",\"isPartOf\":{\"@id\":\"https:\\\/\\\/regiaonews.net.br\\\/2022\\\/2024\\\/02\\\/04\\\/assembleia-no-sindicato-rural-aprova-reajuste-salarial-de-7-para-trabalhadores-rurais\\\/\"},\"author\":{\"name\":\"Roberto\",\"@id\":\"https:\\\/\\\/regiaonews.net.br\\\/2022\\\/#\\\/schema\\\/person\\\/2d205a608a5aa97ac279d7a5e6d89ad8\"},\"headline\":\"Assembleia no Sindicato Rural aprova reajuste salarial de 7% para trabalhadores rurais\",\"datePublished\":\"2024-02-04T11:33:24+00:00\",\"dateModified\":\"2024-02-05T14:25:26+00:00\",\"mainEntityOfPage\":{\"@id\":\"https:\\\/\\\/regiaonews.net.br\\\/2022\\\/2024\\\/02\\\/04\\\/assembleia-no-sindicato-rural-aprova-reajuste-salarial-de-7-para-trabalhadores-rurais\\\/\"},\"wordCount\":160,\"commentCount\":0,\"publisher\":{\"@id\":\"https:\\\/\\\/regiaonews.net.br\\\/2022\\\/#organization\"},\"image\":{\"@id\":\"https:\\\/\\\/regiaonews.net.br\\\/2022\\\/2024\\\/02\\\/04\\\/assembleia-no-sindicato-rural-aprova-reajuste-salarial-de-7-para-trabalhadores-rurais\\\/#primaryimage\"},\"thumbnailUrl\":\"https:\\\/\\\/regiaonews.net.br\\\/2022\\\/wp-content\\\/uploads\\\/2024\\\/02\\\/IMG-20240203-WA0216.jpg\",\"articleSection\":[\"Barretos\",\"Cidades\"],\"inLanguage\":\"pt-BR\",\"potentialAction\":[{\"@type\":\"CommentAction\",\"name\":\"Comment\",\"target\":[\"https:\\\/\\\/regiaonews.net.br\\\/2022\\\/2024\\\/02\\\/04\\\/assembleia-no-sindicato-rural-aprova-reajuste-salarial-de-7-para-trabalhadores-rurais\\\/#respond\"]}]},{\"@type\":\"WebPage\",\"@id\":\"https:\\\/\\\/regiaonews.net.br\\\/2022\\\/2024\\\/02\\\/04\\\/assembleia-no-sindicato-rural-aprova-reajuste-salarial-de-7-para-trabalhadores-rurais\\\/\",\"url\":\"https:\\\/\\\/regiaonews.net.br\\\/2022\\\/2024\\\/02\\\/04\\\/assembleia-no-sindicato-rural-aprova-reajuste-salarial-de-7-para-trabalhadores-rurais\\\/\",\"name\":\"Assembleia no Sindicato Rural aprova reajuste salarial de 7% para trabalhadores rurais - Regi\u00e3o News\",\"isPartOf\":{\"@id\":\"https:\\\/\\\/regiaonews.net.br\\\/2022\\\/#website\"},\"primaryImageOfPage\":{\"@id\":\"https:\\\/\\\/regiaonews.net.br\\\/2022\\\/2024\\\/02\\\/04\\\/assembleia-no-sindicato-rural-aprova-reajuste-salarial-de-7-para-trabalhadores-rurais\\\/#primaryimage\"},\"image\":{\"@id\":\"https:\\\/\\\/regiaonews.net.br\\\/2022\\\/2024\\\/02\\\/04\\\/assembleia-no-sindicato-rural-aprova-reajuste-salarial-de-7-para-trabalhadores-rurais\\\/#primaryimage\"},\"thumbnailUrl\":\"https:\\\/\\\/regiaonews.net.br\\\/2022\\\/wp-content\\\/uploads\\\/2024\\\/02\\\/IMG-20240203-WA0216.jpg\",\"datePublished\":\"2024-02-04T11:33:24+00:00\",\"dateModified\":\"2024-02-05T14:25:26+00:00\",\"breadcrumb\":{\"@id\":\"https:\\\/\\\/regiaonews.net.br\\\/2022\\\/2024\\\/02\\\/04\\\/assembleia-no-sindicato-rural-aprova-reajuste-salarial-de-7-para-trabalhadores-rurais\\\/#breadcrumb\"},\"inLanguage\":\"pt-BR\",\"potentialAction\":[{\"@type\":\"ReadAction\",\"target\":[\"https:\\\/\\\/regiaonews.net.br\\\/2022\\\/2024\\\/02\\\/04\\\/assembleia-no-sindicato-rural-aprova-reajuste-salarial-de-7-para-trabalhadores-rurais\\\/\"]}]},{\"@type\":\"ImageObject\",\"inLanguage\":\"pt-BR\",\"@id\":\"https:\\\/\\\/regiaonews.net.br\\\/2022\\\/2024\\\/02\\\/04\\\/assembleia-no-sindicato-rural-aprova-reajuste-salarial-de-7-para-trabalhadores-rurais\\\/#primaryimage\",\"url\":\"https:\\\/\\\/regiaonews.net.br\\\/2022\\\/wp-content\\\/uploads\\\/2024\\\/02\\\/IMG-20240203-WA0216.jpg\",\"contentUrl\":\"https:\\\/\\\/regiaonews.net.br\\\/2022\\\/wp-content\\\/uploads\\\/2024\\\/02\\\/IMG-20240203-WA0216.jpg\",\"width\":1511,\"height\":778},{\"@type\":\"BreadcrumbList\",\"@id\":\"https:\\\/\\\/regiaonews.net.br\\\/2022\\\/2024\\\/02\\\/04\\\/assembleia-no-sindicato-rural-aprova-reajuste-salarial-de-7-para-trabalhadores-rurais\\\/#breadcrumb\",\"itemListElement\":[{\"@type\":\"ListItem\",\"position\":1,\"name\":\"In\u00edcio\",\"item\":\"https:\\\/\\\/regiaonews.net.br\\\/2022\\\/\"},{\"@type\":\"ListItem\",\"position\":2,\"name\":\"Assembleia no Sindicato Rural aprova reajuste salarial de 7% para trabalhadores rurais\"}]},{\"@type\":\"WebSite\",\"@id\":\"https:\\\/\\\/regiaonews.net.br\\\/2022\\\/#website\",\"url\":\"https:\\\/\\\/regiaonews.net.br\\\/2022\\\/\",\"name\":\"Regi\u00e3o News\",\"description\":\"Site de Not\u00edcias de Barretos e regi\u00e3o\",\"publisher\":{\"@id\":\"https:\\\/\\\/regiaonews.net.br\\\/2022\\\/#organization\"},\"potentialAction\":[{\"@type\":\"SearchAction\",\"target\":{\"@type\":\"EntryPoint\",\"urlTemplate\":\"https:\\\/\\\/regiaonews.net.br\\\/2022\\\/?s={search_term_string}\"},\"query-input\":{\"@type\":\"PropertyValueSpecification\",\"valueRequired\":true,\"valueName\":\"search_term_string\"}}],\"inLanguage\":\"pt-BR\"},{\"@type\":\"Organization\",\"@id\":\"https:\\\/\\\/regiaonews.net.br\\\/2022\\\/#organization\",\"name\":\"Regi\u00e3o News\",\"url\":\"https:\\\/\\\/regiaonews.net.br\\\/2022\\\/\",\"logo\":{\"@type\":\"ImageObject\",\"inLanguage\":\"pt-BR\",\"@id\":\"https:\\\/\\\/regiaonews.net.br\\\/2022\\\/#\\\/schema\\\/logo\\\/image\\\/\",\"url\":\"https:\\\/\\\/regiaonews.net.br\\\/2022\\\/wp-content\\\/uploads\\\/2026\\\/03\\\/regiao-13-anos-scaled.jpg\",\"contentUrl\":\"https:\\\/\\\/regiaonews.net.br\\\/2022\\\/wp-content\\\/uploads\\\/2026\\\/03\\\/regiao-13-anos-scaled.jpg\",\"width\":2560,\"height\":635,\"caption\":\"Regi\u00e3o News\"},\"image\":{\"@id\":\"https:\\\/\\\/regiaonews.net.br\\\/2022\\\/#\\\/schema\\\/logo\\\/image\\\/\"}},{\"@type\":\"Person\",\"@id\":\"https:\\\/\\\/regiaonews.net.br\\\/2022\\\/#\\\/schema\\\/person\\\/2d205a608a5aa97ac279d7a5e6d89ad8\",\"name\":\"Roberto\",\"image\":{\"@type\":\"ImageObject\",\"inLanguage\":\"pt-BR\",\"@id\":\"https:\\\/\\\/secure.gravatar.com\\\/avatar\\\/42749d8b712ff9d59ca93dc150494e5b55a44134482993f5baeb97e61b7ecc89?s=96&d=mm&r=g\",\"url\":\"https:\\\/\\\/secure.gravatar.com\\\/avatar\\\/42749d8b712ff9d59ca93dc150494e5b55a44134482993f5baeb97e61b7ecc89?s=96&d=mm&r=g\",\"contentUrl\":\"https:\\\/\\\/secure.gravatar.com\\\/avatar\\\/42749d8b712ff9d59ca93dc150494e5b55a44134482993f5baeb97e61b7ecc89?s=96&d=mm&r=g\",\"caption\":\"Roberto\"},\"url\":\"https:\\\/\\\/regiaonews.net.br\\\/2022\\\/author\\\/roberto\\\/\"}]}<\/script>\n<!-- \/ Yoast SEO plugin. -->","yoast_head_json":{"title":"Assembleia no Sindicato Rural aprova reajuste salarial de 7% para trabalhadores rurais - Regi\u00e3o News","robots":{"index":"index","follow":"follow","max-snippet":"max-snippet:-1","max-image-preview":"max-image-preview:large","max-video-preview":"max-video-preview:-1"},"canonical":"https:\/\/regiaonews.net.br\/2022\/2024\/02\/04\/assembleia-no-sindicato-rural-aprova-reajuste-salarial-de-7-para-trabalhadores-rurais\/","og_locale":"pt_BR","og_type":"article","og_title":"Assembleia no Sindicato Rural aprova reajuste salarial de 7% para trabalhadores rurais - Regi\u00e3o News","og_description":"A diretoria do Sindicato Rural do Vale de Rio Grande,","og_url":"https:\/\/regiaonews.net.br\/2022\/2024\/02\/04\/assembleia-no-sindicato-rural-aprova-reajuste-salarial-de-7-para-trabalhadores-rurais\/","og_site_name":"Regi\u00e3o News","article_published_time":"2024-02-04T11:33:24+00:00","article_modified_time":"2024-02-05T14:25:26+00:00","og_image":[{"width":1511,"height":778,"url":"https:\/\/regiaonews.net.br\/2022\/wp-content\/uploads\/2024\/02\/IMG-20240203-WA0216.jpg","type":"image\/jpeg"}],"author":"Roberto","twitter_card":"summary_large_image","twitter_misc":{"Escrito por":"Roberto","Est. tempo de leitura":"2 minutos"},"schema":{"@context":"https:\/\/schema.org","@graph":[{"@type":"Article","@id":"https:\/\/regiaonews.net.br\/2022\/2024\/02\/04\/assembleia-no-sindicato-rural-aprova-reajuste-salarial-de-7-para-trabalhadores-rurais\/#article","isPartOf":{"@id":"https:\/\/regiaonews.net.br\/2022\/2024\/02\/04\/assembleia-no-sindicato-rural-aprova-reajuste-salarial-de-7-para-trabalhadores-rurais\/"},"author":{"name":"Roberto","@id":"https:\/\/regiaonews.net.br\/2022\/#\/schema\/person\/2d205a608a5aa97ac279d7a5e6d89ad8"},"headline":"Assembleia no Sindicato Rural aprova reajuste salarial de 7% para trabalhadores rurais","datePublished":"2024-02-04T11:33:24+00:00","dateModified":"2024-02-05T14:25:26+00:00","mainEntityOfPage":{"@id":"https:\/\/regiaonews.net.br\/2022\/2024\/02\/04\/assembleia-no-sindicato-rural-aprova-reajuste-salarial-de-7-para-trabalhadores-rurais\/"},"wordCount":160,"commentCount":0,"publisher":{"@id":"https:\/\/regiaonews.net.br\/2022\/#organization"},"image":{"@id":"https:\/\/regiaonews.net.br\/2022\/2024\/02\/04\/assembleia-no-sindicato-rural-aprova-reajuste-salarial-de-7-para-trabalhadores-rurais\/#primaryimage"},"thumbnailUrl":"https:\/\/regiaonews.net.br\/2022\/wp-content\/uploads\/2024\/02\/IMG-20240203-WA0216.jpg","articleSection":["Barretos","Cidades"],"inLanguage":"pt-BR","potentialAction":[{"@type":"CommentAction","name":"Comment","target":["https:\/\/regiaonews.net.br\/2022\/2024\/02\/04\/assembleia-no-sindicato-rural-aprova-reajuste-salarial-de-7-para-trabalhadores-rurais\/#respond"]}]},{"@type":"WebPage","@id":"https:\/\/regiaonews.net.br\/2022\/2024\/02\/04\/assembleia-no-sindicato-rural-aprova-reajuste-salarial-de-7-para-trabalhadores-rurais\/","url":"https:\/\/regiaonews.net.br\/2022\/2024\/02\/04\/assembleia-no-sindicato-rural-aprova-reajuste-salarial-de-7-para-trabalhadores-rurais\/","name":"Assembleia no Sindicato Rural aprova reajuste salarial de 7% para trabalhadores rurais - Regi\u00e3o News","isPartOf":{"@id":"https:\/\/regiaonews.net.br\/2022\/#website"},"primaryImageOfPage":{"@id":"https:\/\/regiaonews.net.br\/2022\/2024\/02\/04\/assembleia-no-sindicato-rural-aprova-reajuste-salarial-de-7-para-trabalhadores-rurais\/#primaryimage"},"image":{"@id":"https:\/\/regiaonews.net.br\/2022\/2024\/02\/04\/assembleia-no-sindicato-rural-aprova-reajuste-salarial-de-7-para-trabalhadores-rurais\/#primaryimage"},"thumbnailUrl":"https:\/\/regiaonews.net.br\/2022\/wp-content\/uploads\/2024\/02\/IMG-20240203-WA0216.jpg","datePublished":"2024-02-04T11:33:24+00:00","dateModified":"2024-02-05T14:25:26+00:00","breadcrumb":{"@id":"https:\/\/regiaonews.net.br\/2022\/2024\/02\/04\/assembleia-no-sindicato-rural-aprova-reajuste-salarial-de-7-para-trabalhadores-rurais\/#breadcrumb"},"inLanguage":"pt-BR","potentialAction":[{"@type":"ReadAction","target":["https:\/\/regiaonews.net.br\/2022\/2024\/02\/04\/assembleia-no-sindicato-rural-aprova-reajuste-salarial-de-7-para-trabalhadores-rurais\/"]}]},{"@type":"ImageObject","inLanguage":"pt-BR","@id":"https:\/\/regiaonews.net.br\/2022\/2024\/02\/04\/assembleia-no-sindicato-rural-aprova-reajuste-salarial-de-7-para-trabalhadores-rurais\/#primaryimage","url":"https:\/\/regiaonews.net.br\/2022\/wp-content\/uploads\/2024\/02\/IMG-20240203-WA0216.jpg","contentUrl":"https:\/\/regiaonews.net.br\/2022\/wp-content\/uploads\/2024\/02\/IMG-20240203-WA0216.jpg","width":1511,"height":778},{"@type":"BreadcrumbList","@id":"https:\/\/regiaonews.net.br\/2022\/2024\/02\/04\/assembleia-no-sindicato-rural-aprova-reajuste-salarial-de-7-para-trabalhadores-rurais\/#breadcrumb","itemListElement":[{"@type":"ListItem","position":1,"name":"In\u00edcio","item":"https:\/\/regiaonews.net.br\/2022\/"},{"@type":"ListItem","position":2,"name":"Assembleia no Sindicato Rural aprova reajuste salarial de 7% para trabalhadores rurais"}]},{"@type":"WebSite","@id":"https:\/\/regiaonews.net.br\/2022\/#website","url":"https:\/\/regiaonews.net.br\/2022\/","name":"Regi\u00e3o News","description":"Site de Not\u00edcias de Barretos e regi\u00e3o","publisher":{"@id":"https:\/\/regiaonews.net.br\/2022\/#organization"},"potentialAction":[{"@type":"SearchAction","target":{"@type":"EntryPoint","urlTemplate":"https:\/\/regiaonews.net.br\/2022\/?s={search_term_string}"},"query-input":{"@type":"PropertyValueSpecification","valueRequired":true,"valueName":"search_term_string"}}],"inLanguage":"pt-BR"},{"@type":"Organization","@id":"https:\/\/regiaonews.net.br\/2022\/#organization","name":"Regi\u00e3o News","url":"https:\/\/regiaonews.net.br\/2022\/","logo":{"@type":"ImageObject","inLanguage":"pt-BR","@id":"https:\/\/regiaonews.net.br\/2022\/#\/schema\/logo\/image\/","url":"https:\/\/regiaonews.net.br\/2022\/wp-content\/uploads\/2026\/03\/regiao-13-anos-scaled.jpg","contentUrl":"https:\/\/regiaonews.net.br\/2022\/wp-content\/uploads\/2026\/03\/regiao-13-anos-scaled.jpg","width":2560,"height":635,"caption":"Regi\u00e3o News"},"image":{"@id":"https:\/\/regiaonews.net.br\/2022\/#\/schema\/logo\/image\/"}},{"@type":"Person","@id":"https:\/\/regiaonews.net.br\/2022\/#\/schema\/person\/2d205a608a5aa97ac279d7a5e6d89ad8","name":"Roberto","image":{"@type":"ImageObject","inLanguage":"pt-BR","@id":"https:\/\/secure.gravatar.com\/avatar\/42749d8b712ff9d59ca93dc150494e5b55a44134482993f5baeb97e61b7ecc89?s=96&d=mm&r=g","url":"https:\/\/secure.gravatar.com\/avatar\/42749d8b712ff9d59ca93dc150494e5b55a44134482993f5baeb97e61b7ecc89?s=96&d=mm&r=g","contentUrl":"https:\/\/secure.gravatar.com\/avatar\/42749d8b712ff9d59ca93dc150494e5b55a44134482993f5baeb97e61b7ecc89?s=96&d=mm&r=g","caption":"Roberto"},"url":"https:\/\/regiaonews.net.br\/2022\/author\/roberto\/"}]}},"publishpress_future_action":{"enabled":false,"date":"2026-05-04 02:03:18","action":"change-status","newStatus":"draft","terms":[],"taxonomy":"category","extraData":[]},"publishpress_future_workflow_manual_trigger":{"enabledWorkflows":[]},"_links":{"self":[{"href":"https:\/\/regiaonews.net.br\/2022\/wp-json\/wp\/v2\/posts\/100882","targetHints":{"allow":["GET"]}}],"collection":[{"href":"https:\/\/regiaonews.net.br\/2022\/wp-json\/wp\/v2\/posts"}],"about":[{"href":"https:\/\/regiaonews.net.br\/2022\/wp-json\/wp\/v2\/types\/post"}],"author":[{"embeddable":true,"href":"https:\/\/regiaonews.net.br\/2022\/wp-json\/wp\/v2\/users\/2"}],"replies":[{"embeddable":true,"href":"https:\/\/regiaonews.net.br\/2022\/wp-json\/wp\/v2\/comments?post=100882"}],"version-history":[{"count":5,"href":"https:\/\/regiaonews.net.br\/2022\/wp-json\/wp\/v2\/posts\/100882\/revisions"}],"predecessor-version":[{"id":100919,"href":"https:\/\/regiaonews.net.br\/2022\/wp-json\/wp\/v2\/posts\/100882\/revisions\/100919"}],"wp:featuredmedia":[{"embeddable":true,"href":"https:\/\/regiaonews.net.br\/2022\/wp-json\/wp\/v2\/media\/100883"}],"wp:attachment":[{"href":"https:\/\/regiaonews.net.br\/2022\/wp-json\/wp\/v2\/media?parent=100882"}],"wp:term":[{"taxonomy":"category","embeddable":true,"href":"https:\/\/regiaonews.net.br\/2022\/wp-json\/wp\/v2\/categories?post=100882"},{"taxonomy":"post_tag","embeddable":true,"href":"https:\/\/regiaonews.net.br\/2022\/wp-json\/wp\/v2\/tags?post=100882"}],"curies":[{"name":"wp","href":"https:\/\/api.w.org\/{rel}","templated":true}]}}