{"id":100871,"date":"2024-02-03T19:20:28","date_gmt":"2024-02-03T22:20:28","guid":{"rendered":"https:\/\/regiaonews.net.br\/2022\/?p=100871"},"modified":"2024-02-03T19:20:28","modified_gmt":"2024-02-03T22:20:28","slug":"ministerio-da-saude-estuda-ampliar-oferta-da-vacina-contra-dengue","status":"publish","type":"post","link":"https:\/\/regiaonews.net.br\/2022\/2024\/02\/03\/ministerio-da-saude-estuda-ampliar-oferta-da-vacina-contra-dengue\/","title":{"rendered":"Minist\u00e9rio da Sa\u00fade estuda ampliar oferta da vacina contra dengue"},"content":{"rendered":"<p>A ministra da Sa\u00fade, N\u00edsia Trindade, disse neste s\u00e1bado\u00a0(3) que o governo estuda\u00a0ampliar a oferta de vacinas contra a dengue no pa\u00eds. A informa\u00e7\u00e3o foi repassada durante a abertura do Centro de Opera\u00e7\u00f5es de Emerg\u00eancias (COE) contra a dengue, em Bras\u00edlia. Segundo a ministra, foram realizadas reuni\u00f5es com a Ag\u00eancia Nacional de Vigil\u00e2ncia Sanit\u00e1ria (Anvisa), a Funda\u00e7\u00e3o Oswaldo Cruz (Fiocruz) e o Instituto Butant\u00e3 para tratar do tema.<img decoding=\"async\" src=\"https:\/\/agenciabrasil.ebc.com.br\/ebc.png?id=1579407&amp;o=node\" \/><img decoding=\"async\" src=\"https:\/\/agenciabrasil.ebc.com.br\/ebc.gif?id=1579407&amp;o=node\" \/><\/p>\n<p>\u201cTodo o nosso esfor\u00e7o ser\u00e1 para ampliar essa oferta [de vacinas]\u201d, disse a ministra.<\/p>\n<p>O Brasil \u00e9 o primeiro pa\u00eds do mundo a oferecer o imunizante no sistema de sa\u00fade p\u00fablica. A primeira remessa com cerca de 757 mil doses chegou ao Brasil em 20 de janeiro. O lote faz parte de um total de 1,32 milh\u00e3o de doses fornecidas pela farmac\u00eautica respons\u00e1vel pela Qdenga. Outra remessa, com mais de 568 mil doses, est\u00e1 com entrega prevista para fevereiro. A previs\u00e3o \u00e9 que o pa\u00eds receba 5,2 milh\u00f5es de doses este ano. Inicialmente, a vacina ser\u00e1 aplicada na popula\u00e7\u00e3o de regi\u00f5es end\u00eamicas, em 521 munic\u00edpios. Para 2025, a pasta j\u00e1 contratou outras 9 milh\u00f5es de doses.<\/p>\n<p>Mesmo com a amplia\u00e7\u00e3o, a ministra destacou que a oferta do imunizante n\u00e3o trar\u00e1 impactos imediatos para o combate \u00e0 doen\u00e7a.<\/p>\n<p>\u201cElas [as vacinas] significam muito, at\u00e9 porque adquirimos vacinas para 2024 e 2025 e todo o nosso esfor\u00e7o ser\u00e1 para ampliar essa oferta, mas n\u00e3o vai ter um impacto nesse intervalo inicial de poucos meses\u201d, apontou.<\/p>\n<p>Centro de emerg\u00eancia<\/p>\n<p>O Minist\u00e9rio da Sa\u00fade informou que o COE vai ampliar o monitoramento da situa\u00e7\u00e3o da dengue no pa\u00eds, para orientar a\u00e7\u00f5es voltadas \u00e0 vigil\u00e2ncia epidemiol\u00f3gica, laboratorial, assistencial e de controle de vetores. A estrutura, em\u00a0coordena\u00e7\u00e3o\u00a0com estados e munic\u00edpios,\u00a0vai realizar coleta e an\u00e1lise de dados, produ\u00e7\u00e3o de relat\u00f3rios e divulga\u00e7\u00e3o de informa\u00e7\u00f5es por meio de boletins e informes epidemiol\u00f3gicos.<\/p>\n<p>Dados do painel de atualiza\u00e7\u00e3o de casos de arboviroses da pasta\u00a0mostram que, de janeiro at\u00e9 agora, o Brasil registrou 243.721 casos prov\u00e1veis de dengue. A doen\u00e7a j\u00e1 causou pelo menos 29 mortes confirmadas, outras\u00a0170 est\u00e3o em investiga\u00e7\u00e3o<\/p>\n<p>Epidemia local<\/p>\n<p>Durante a cerim\u00f4nia, N\u00edsia frisou que a situa\u00e7\u00e3o da dengue\u00a0\u00e9 mais preocupante neste momento em alguns munic\u00edpios do Acre,\u00a0no Distrito Federal, em Minas Gerais, no Rio de Janeiro e tamb\u00e9m no Paran\u00e1.<\/p>\n<p>\u201cAgora, temos concentra\u00e7\u00e3o nas regi\u00f5es Sudeste, Centro-Oeste e Sul, mas isso n\u00e3o caracteriza um quadro de emerg\u00eancia nacional, quadro de epidemia nacional, mas de epidemia a n\u00edvel local&#8221;, afirmou.<\/p>\n<p>O per\u00edodo de chuvas e as altas temperaturas no Brasil s\u00e3o o ambiente prop\u00edcio para o aumento de arboviroses, como a dengue.<\/p>\n","protected":false},"excerpt":{"rendered":"<p>A ministra da Sa\u00fade, N\u00edsia Trindade, disse neste s\u00e1bado\u00a0(3) que<\/p>\n","protected":false},"author":2,"featured_media":100872,"comment_status":"open","ping_status":"open","sticky":false,"template":"","format":"standard","meta":{"footnotes":""},"categories":[24,25],"tags":[],"class_list":["post-100871","post","type-post","status-publish","format-standard","has-post-thumbnail","hentry","category-brasil","category-cidades"],"yoast_head":"<!-- This site is optimized with the Yoast SEO plugin v27.4 - https:\/\/yoast.com\/product\/yoast-seo-wordpress\/ -->\n<title>Minist\u00e9rio da Sa\u00fade estuda ampliar oferta da vacina contra dengue - Regi\u00e3o News<\/title>\n<meta name=\"robots\" content=\"index, follow, max-snippet:-1, max-image-preview:large, max-video-preview:-1\" \/>\n<link rel=\"canonical\" href=\"https:\/\/regiaonews.net.br\/2022\/2024\/02\/03\/ministerio-da-saude-estuda-ampliar-oferta-da-vacina-contra-dengue\/\" \/>\n<meta property=\"og:locale\" content=\"pt_BR\" \/>\n<meta property=\"og:type\" content=\"article\" \/>\n<meta property=\"og:title\" content=\"Minist\u00e9rio da Sa\u00fade estuda ampliar oferta da vacina contra dengue - Regi\u00e3o News\" \/>\n<meta property=\"og:description\" content=\"A ministra da Sa\u00fade, N\u00edsia Trindade, disse neste s\u00e1bado\u00a0(3) que\" \/>\n<meta property=\"og:url\" content=\"https:\/\/regiaonews.net.br\/2022\/2024\/02\/03\/ministerio-da-saude-estuda-ampliar-oferta-da-vacina-contra-dengue\/\" \/>\n<meta property=\"og:site_name\" content=\"Regi\u00e3o News\" \/>\n<meta property=\"article:published_time\" content=\"2024-02-03T22:20:28+00:00\" \/>\n<meta property=\"og:image\" content=\"https:\/\/regiaonews.net.br\/2022\/wp-content\/uploads\/2024\/02\/dengue.jpg.webp\" \/>\n\t<meta property=\"og:image:width\" content=\"1170\" \/>\n\t<meta property=\"og:image:height\" content=\"700\" \/>\n\t<meta property=\"og:image:type\" content=\"image\/webp\" \/>\n<meta name=\"author\" content=\"Roberto\" \/>\n<meta name=\"twitter:card\" content=\"summary_large_image\" \/>\n<meta name=\"twitter:label1\" content=\"Escrito por\" \/>\n\t<meta name=\"twitter:data1\" content=\"Roberto\" \/>\n\t<meta name=\"twitter:label2\" content=\"Est. tempo de leitura\" \/>\n\t<meta name=\"twitter:data2\" content=\"3 minutos\" \/>\n<script type=\"application\/ld+json\" class=\"yoast-schema-graph\">{\"@context\":\"https:\\\/\\\/schema.org\",\"@graph\":[{\"@type\":\"Article\",\"@id\":\"https:\\\/\\\/regiaonews.net.br\\\/2022\\\/2024\\\/02\\\/03\\\/ministerio-da-saude-estuda-ampliar-oferta-da-vacina-contra-dengue\\\/#article\",\"isPartOf\":{\"@id\":\"https:\\\/\\\/regiaonews.net.br\\\/2022\\\/2024\\\/02\\\/03\\\/ministerio-da-saude-estuda-ampliar-oferta-da-vacina-contra-dengue\\\/\"},\"author\":{\"name\":\"Roberto\",\"@id\":\"https:\\\/\\\/regiaonews.net.br\\\/2022\\\/#\\\/schema\\\/person\\\/2d205a608a5aa97ac279d7a5e6d89ad8\"},\"headline\":\"Minist\u00e9rio da Sa\u00fade estuda ampliar oferta da vacina contra dengue\",\"datePublished\":\"2024-02-03T22:20:28+00:00\",\"mainEntityOfPage\":{\"@id\":\"https:\\\/\\\/regiaonews.net.br\\\/2022\\\/2024\\\/02\\\/03\\\/ministerio-da-saude-estuda-ampliar-oferta-da-vacina-contra-dengue\\\/\"},\"wordCount\":493,\"commentCount\":0,\"publisher\":{\"@id\":\"https:\\\/\\\/regiaonews.net.br\\\/2022\\\/#organization\"},\"image\":{\"@id\":\"https:\\\/\\\/regiaonews.net.br\\\/2022\\\/2024\\\/02\\\/03\\\/ministerio-da-saude-estuda-ampliar-oferta-da-vacina-contra-dengue\\\/#primaryimage\"},\"thumbnailUrl\":\"https:\\\/\\\/regiaonews.net.br\\\/2022\\\/wp-content\\\/uploads\\\/2024\\\/02\\\/dengue.jpg.webp\",\"articleSection\":[\"Brasil\",\"Cidades\"],\"inLanguage\":\"pt-BR\",\"potentialAction\":[{\"@type\":\"CommentAction\",\"name\":\"Comment\",\"target\":[\"https:\\\/\\\/regiaonews.net.br\\\/2022\\\/2024\\\/02\\\/03\\\/ministerio-da-saude-estuda-ampliar-oferta-da-vacina-contra-dengue\\\/#respond\"]}]},{\"@type\":\"WebPage\",\"@id\":\"https:\\\/\\\/regiaonews.net.br\\\/2022\\\/2024\\\/02\\\/03\\\/ministerio-da-saude-estuda-ampliar-oferta-da-vacina-contra-dengue\\\/\",\"url\":\"https:\\\/\\\/regiaonews.net.br\\\/2022\\\/2024\\\/02\\\/03\\\/ministerio-da-saude-estuda-ampliar-oferta-da-vacina-contra-dengue\\\/\",\"name\":\"Minist\u00e9rio da Sa\u00fade estuda ampliar oferta da vacina contra dengue - Regi\u00e3o News\",\"isPartOf\":{\"@id\":\"https:\\\/\\\/regiaonews.net.br\\\/2022\\\/#website\"},\"primaryImageOfPage\":{\"@id\":\"https:\\\/\\\/regiaonews.net.br\\\/2022\\\/2024\\\/02\\\/03\\\/ministerio-da-saude-estuda-ampliar-oferta-da-vacina-contra-dengue\\\/#primaryimage\"},\"image\":{\"@id\":\"https:\\\/\\\/regiaonews.net.br\\\/2022\\\/2024\\\/02\\\/03\\\/ministerio-da-saude-estuda-ampliar-oferta-da-vacina-contra-dengue\\\/#primaryimage\"},\"thumbnailUrl\":\"https:\\\/\\\/regiaonews.net.br\\\/2022\\\/wp-content\\\/uploads\\\/2024\\\/02\\\/dengue.jpg.webp\",\"datePublished\":\"2024-02-03T22:20:28+00:00\",\"breadcrumb\":{\"@id\":\"https:\\\/\\\/regiaonews.net.br\\\/2022\\\/2024\\\/02\\\/03\\\/ministerio-da-saude-estuda-ampliar-oferta-da-vacina-contra-dengue\\\/#breadcrumb\"},\"inLanguage\":\"pt-BR\",\"potentialAction\":[{\"@type\":\"ReadAction\",\"target\":[\"https:\\\/\\\/regiaonews.net.br\\\/2022\\\/2024\\\/02\\\/03\\\/ministerio-da-saude-estuda-ampliar-oferta-da-vacina-contra-dengue\\\/\"]}]},{\"@type\":\"ImageObject\",\"inLanguage\":\"pt-BR\",\"@id\":\"https:\\\/\\\/regiaonews.net.br\\\/2022\\\/2024\\\/02\\\/03\\\/ministerio-da-saude-estuda-ampliar-oferta-da-vacina-contra-dengue\\\/#primaryimage\",\"url\":\"https:\\\/\\\/regiaonews.net.br\\\/2022\\\/wp-content\\\/uploads\\\/2024\\\/02\\\/dengue.jpg.webp\",\"contentUrl\":\"https:\\\/\\\/regiaonews.net.br\\\/2022\\\/wp-content\\\/uploads\\\/2024\\\/02\\\/dengue.jpg.webp\",\"width\":1170,\"height\":700},{\"@type\":\"BreadcrumbList\",\"@id\":\"https:\\\/\\\/regiaonews.net.br\\\/2022\\\/2024\\\/02\\\/03\\\/ministerio-da-saude-estuda-ampliar-oferta-da-vacina-contra-dengue\\\/#breadcrumb\",\"itemListElement\":[{\"@type\":\"ListItem\",\"position\":1,\"name\":\"In\u00edcio\",\"item\":\"https:\\\/\\\/regiaonews.net.br\\\/2022\\\/\"},{\"@type\":\"ListItem\",\"position\":2,\"name\":\"Minist\u00e9rio da Sa\u00fade estuda ampliar oferta da vacina contra dengue\"}]},{\"@type\":\"WebSite\",\"@id\":\"https:\\\/\\\/regiaonews.net.br\\\/2022\\\/#website\",\"url\":\"https:\\\/\\\/regiaonews.net.br\\\/2022\\\/\",\"name\":\"Regi\u00e3o News\",\"description\":\"Site de Not\u00edcias de Barretos e regi\u00e3o\",\"publisher\":{\"@id\":\"https:\\\/\\\/regiaonews.net.br\\\/2022\\\/#organization\"},\"potentialAction\":[{\"@type\":\"SearchAction\",\"target\":{\"@type\":\"EntryPoint\",\"urlTemplate\":\"https:\\\/\\\/regiaonews.net.br\\\/2022\\\/?s={search_term_string}\"},\"query-input\":{\"@type\":\"PropertyValueSpecification\",\"valueRequired\":true,\"valueName\":\"search_term_string\"}}],\"inLanguage\":\"pt-BR\"},{\"@type\":\"Organization\",\"@id\":\"https:\\\/\\\/regiaonews.net.br\\\/2022\\\/#organization\",\"name\":\"Regi\u00e3o News\",\"url\":\"https:\\\/\\\/regiaonews.net.br\\\/2022\\\/\",\"logo\":{\"@type\":\"ImageObject\",\"inLanguage\":\"pt-BR\",\"@id\":\"https:\\\/\\\/regiaonews.net.br\\\/2022\\\/#\\\/schema\\\/logo\\\/image\\\/\",\"url\":\"https:\\\/\\\/regiaonews.net.br\\\/2022\\\/wp-content\\\/uploads\\\/2026\\\/03\\\/regiao-13-anos-scaled.jpg\",\"contentUrl\":\"https:\\\/\\\/regiaonews.net.br\\\/2022\\\/wp-content\\\/uploads\\\/2026\\\/03\\\/regiao-13-anos-scaled.jpg\",\"width\":2560,\"height\":635,\"caption\":\"Regi\u00e3o News\"},\"image\":{\"@id\":\"https:\\\/\\\/regiaonews.net.br\\\/2022\\\/#\\\/schema\\\/logo\\\/image\\\/\"}},{\"@type\":\"Person\",\"@id\":\"https:\\\/\\\/regiaonews.net.br\\\/2022\\\/#\\\/schema\\\/person\\\/2d205a608a5aa97ac279d7a5e6d89ad8\",\"name\":\"Roberto\",\"image\":{\"@type\":\"ImageObject\",\"inLanguage\":\"pt-BR\",\"@id\":\"https:\\\/\\\/secure.gravatar.com\\\/avatar\\\/42749d8b712ff9d59ca93dc150494e5b55a44134482993f5baeb97e61b7ecc89?s=96&d=mm&r=g\",\"url\":\"https:\\\/\\\/secure.gravatar.com\\\/avatar\\\/42749d8b712ff9d59ca93dc150494e5b55a44134482993f5baeb97e61b7ecc89?s=96&d=mm&r=g\",\"contentUrl\":\"https:\\\/\\\/secure.gravatar.com\\\/avatar\\\/42749d8b712ff9d59ca93dc150494e5b55a44134482993f5baeb97e61b7ecc89?s=96&d=mm&r=g\",\"caption\":\"Roberto\"},\"url\":\"https:\\\/\\\/regiaonews.net.br\\\/2022\\\/author\\\/roberto\\\/\"}]}<\/script>\n<!-- \/ Yoast SEO plugin. -->","yoast_head_json":{"title":"Minist\u00e9rio da Sa\u00fade estuda ampliar oferta da vacina contra dengue - Regi\u00e3o News","robots":{"index":"index","follow":"follow","max-snippet":"max-snippet:-1","max-image-preview":"max-image-preview:large","max-video-preview":"max-video-preview:-1"},"canonical":"https:\/\/regiaonews.net.br\/2022\/2024\/02\/03\/ministerio-da-saude-estuda-ampliar-oferta-da-vacina-contra-dengue\/","og_locale":"pt_BR","og_type":"article","og_title":"Minist\u00e9rio da Sa\u00fade estuda ampliar oferta da vacina contra dengue - Regi\u00e3o News","og_description":"A ministra da Sa\u00fade, N\u00edsia Trindade, disse neste s\u00e1bado\u00a0(3) que","og_url":"https:\/\/regiaonews.net.br\/2022\/2024\/02\/03\/ministerio-da-saude-estuda-ampliar-oferta-da-vacina-contra-dengue\/","og_site_name":"Regi\u00e3o News","article_published_time":"2024-02-03T22:20:28+00:00","og_image":[{"width":1170,"height":700,"url":"https:\/\/regiaonews.net.br\/2022\/wp-content\/uploads\/2024\/02\/dengue.jpg.webp","type":"image\/webp"}],"author":"Roberto","twitter_card":"summary_large_image","twitter_misc":{"Escrito por":"Roberto","Est. tempo de leitura":"3 minutos"},"schema":{"@context":"https:\/\/schema.org","@graph":[{"@type":"Article","@id":"https:\/\/regiaonews.net.br\/2022\/2024\/02\/03\/ministerio-da-saude-estuda-ampliar-oferta-da-vacina-contra-dengue\/#article","isPartOf":{"@id":"https:\/\/regiaonews.net.br\/2022\/2024\/02\/03\/ministerio-da-saude-estuda-ampliar-oferta-da-vacina-contra-dengue\/"},"author":{"name":"Roberto","@id":"https:\/\/regiaonews.net.br\/2022\/#\/schema\/person\/2d205a608a5aa97ac279d7a5e6d89ad8"},"headline":"Minist\u00e9rio da Sa\u00fade estuda ampliar oferta da vacina contra dengue","datePublished":"2024-02-03T22:20:28+00:00","mainEntityOfPage":{"@id":"https:\/\/regiaonews.net.br\/2022\/2024\/02\/03\/ministerio-da-saude-estuda-ampliar-oferta-da-vacina-contra-dengue\/"},"wordCount":493,"commentCount":0,"publisher":{"@id":"https:\/\/regiaonews.net.br\/2022\/#organization"},"image":{"@id":"https:\/\/regiaonews.net.br\/2022\/2024\/02\/03\/ministerio-da-saude-estuda-ampliar-oferta-da-vacina-contra-dengue\/#primaryimage"},"thumbnailUrl":"https:\/\/regiaonews.net.br\/2022\/wp-content\/uploads\/2024\/02\/dengue.jpg.webp","articleSection":["Brasil","Cidades"],"inLanguage":"pt-BR","potentialAction":[{"@type":"CommentAction","name":"Comment","target":["https:\/\/regiaonews.net.br\/2022\/2024\/02\/03\/ministerio-da-saude-estuda-ampliar-oferta-da-vacina-contra-dengue\/#respond"]}]},{"@type":"WebPage","@id":"https:\/\/regiaonews.net.br\/2022\/2024\/02\/03\/ministerio-da-saude-estuda-ampliar-oferta-da-vacina-contra-dengue\/","url":"https:\/\/regiaonews.net.br\/2022\/2024\/02\/03\/ministerio-da-saude-estuda-ampliar-oferta-da-vacina-contra-dengue\/","name":"Minist\u00e9rio da Sa\u00fade estuda ampliar oferta da vacina contra dengue - Regi\u00e3o News","isPartOf":{"@id":"https:\/\/regiaonews.net.br\/2022\/#website"},"primaryImageOfPage":{"@id":"https:\/\/regiaonews.net.br\/2022\/2024\/02\/03\/ministerio-da-saude-estuda-ampliar-oferta-da-vacina-contra-dengue\/#primaryimage"},"image":{"@id":"https:\/\/regiaonews.net.br\/2022\/2024\/02\/03\/ministerio-da-saude-estuda-ampliar-oferta-da-vacina-contra-dengue\/#primaryimage"},"thumbnailUrl":"https:\/\/regiaonews.net.br\/2022\/wp-content\/uploads\/2024\/02\/dengue.jpg.webp","datePublished":"2024-02-03T22:20:28+00:00","breadcrumb":{"@id":"https:\/\/regiaonews.net.br\/2022\/2024\/02\/03\/ministerio-da-saude-estuda-ampliar-oferta-da-vacina-contra-dengue\/#breadcrumb"},"inLanguage":"pt-BR","potentialAction":[{"@type":"ReadAction","target":["https:\/\/regiaonews.net.br\/2022\/2024\/02\/03\/ministerio-da-saude-estuda-ampliar-oferta-da-vacina-contra-dengue\/"]}]},{"@type":"ImageObject","inLanguage":"pt-BR","@id":"https:\/\/regiaonews.net.br\/2022\/2024\/02\/03\/ministerio-da-saude-estuda-ampliar-oferta-da-vacina-contra-dengue\/#primaryimage","url":"https:\/\/regiaonews.net.br\/2022\/wp-content\/uploads\/2024\/02\/dengue.jpg.webp","contentUrl":"https:\/\/regiaonews.net.br\/2022\/wp-content\/uploads\/2024\/02\/dengue.jpg.webp","width":1170,"height":700},{"@type":"BreadcrumbList","@id":"https:\/\/regiaonews.net.br\/2022\/2024\/02\/03\/ministerio-da-saude-estuda-ampliar-oferta-da-vacina-contra-dengue\/#breadcrumb","itemListElement":[{"@type":"ListItem","position":1,"name":"In\u00edcio","item":"https:\/\/regiaonews.net.br\/2022\/"},{"@type":"ListItem","position":2,"name":"Minist\u00e9rio da Sa\u00fade estuda ampliar oferta da vacina contra dengue"}]},{"@type":"WebSite","@id":"https:\/\/regiaonews.net.br\/2022\/#website","url":"https:\/\/regiaonews.net.br\/2022\/","name":"Regi\u00e3o News","description":"Site de Not\u00edcias de Barretos e regi\u00e3o","publisher":{"@id":"https:\/\/regiaonews.net.br\/2022\/#organization"},"potentialAction":[{"@type":"SearchAction","target":{"@type":"EntryPoint","urlTemplate":"https:\/\/regiaonews.net.br\/2022\/?s={search_term_string}"},"query-input":{"@type":"PropertyValueSpecification","valueRequired":true,"valueName":"search_term_string"}}],"inLanguage":"pt-BR"},{"@type":"Organization","@id":"https:\/\/regiaonews.net.br\/2022\/#organization","name":"Regi\u00e3o News","url":"https:\/\/regiaonews.net.br\/2022\/","logo":{"@type":"ImageObject","inLanguage":"pt-BR","@id":"https:\/\/regiaonews.net.br\/2022\/#\/schema\/logo\/image\/","url":"https:\/\/regiaonews.net.br\/2022\/wp-content\/uploads\/2026\/03\/regiao-13-anos-scaled.jpg","contentUrl":"https:\/\/regiaonews.net.br\/2022\/wp-content\/uploads\/2026\/03\/regiao-13-anos-scaled.jpg","width":2560,"height":635,"caption":"Regi\u00e3o News"},"image":{"@id":"https:\/\/regiaonews.net.br\/2022\/#\/schema\/logo\/image\/"}},{"@type":"Person","@id":"https:\/\/regiaonews.net.br\/2022\/#\/schema\/person\/2d205a608a5aa97ac279d7a5e6d89ad8","name":"Roberto","image":{"@type":"ImageObject","inLanguage":"pt-BR","@id":"https:\/\/secure.gravatar.com\/avatar\/42749d8b712ff9d59ca93dc150494e5b55a44134482993f5baeb97e61b7ecc89?s=96&d=mm&r=g","url":"https:\/\/secure.gravatar.com\/avatar\/42749d8b712ff9d59ca93dc150494e5b55a44134482993f5baeb97e61b7ecc89?s=96&d=mm&r=g","contentUrl":"https:\/\/secure.gravatar.com\/avatar\/42749d8b712ff9d59ca93dc150494e5b55a44134482993f5baeb97e61b7ecc89?s=96&d=mm&r=g","caption":"Roberto"},"url":"https:\/\/regiaonews.net.br\/2022\/author\/roberto\/"}]}},"publishpress_future_action":{"enabled":false,"date":"2026-05-04 03:00:13","action":"change-status","newStatus":"draft","terms":[],"taxonomy":"category","extraData":[]},"publishpress_future_workflow_manual_trigger":{"enabledWorkflows":[]},"_links":{"self":[{"href":"https:\/\/regiaonews.net.br\/2022\/wp-json\/wp\/v2\/posts\/100871","targetHints":{"allow":["GET"]}}],"collection":[{"href":"https:\/\/regiaonews.net.br\/2022\/wp-json\/wp\/v2\/posts"}],"about":[{"href":"https:\/\/regiaonews.net.br\/2022\/wp-json\/wp\/v2\/types\/post"}],"author":[{"embeddable":true,"href":"https:\/\/regiaonews.net.br\/2022\/wp-json\/wp\/v2\/users\/2"}],"replies":[{"embeddable":true,"href":"https:\/\/regiaonews.net.br\/2022\/wp-json\/wp\/v2\/comments?post=100871"}],"version-history":[{"count":1,"href":"https:\/\/regiaonews.net.br\/2022\/wp-json\/wp\/v2\/posts\/100871\/revisions"}],"predecessor-version":[{"id":100873,"href":"https:\/\/regiaonews.net.br\/2022\/wp-json\/wp\/v2\/posts\/100871\/revisions\/100873"}],"wp:featuredmedia":[{"embeddable":true,"href":"https:\/\/regiaonews.net.br\/2022\/wp-json\/wp\/v2\/media\/100872"}],"wp:attachment":[{"href":"https:\/\/regiaonews.net.br\/2022\/wp-json\/wp\/v2\/media?parent=100871"}],"wp:term":[{"taxonomy":"category","embeddable":true,"href":"https:\/\/regiaonews.net.br\/2022\/wp-json\/wp\/v2\/categories?post=100871"},{"taxonomy":"post_tag","embeddable":true,"href":"https:\/\/regiaonews.net.br\/2022\/wp-json\/wp\/v2\/tags?post=100871"}],"curies":[{"name":"wp","href":"https:\/\/api.w.org\/{rel}","templated":true}]}}