{"id":100799,"date":"2024-02-01T19:10:11","date_gmt":"2024-02-01T22:10:11","guid":{"rendered":"https:\/\/regiaonews.net.br\/2022\/?p=100799"},"modified":"2024-02-01T19:10:11","modified_gmt":"2024-02-01T22:10:11","slug":"prefeitura-de-barretos-realiza-megaoperacao-em-combate-a-dengue-e-ao-acumulo-irregular-de-materiais","status":"publish","type":"post","link":"https:\/\/regiaonews.net.br\/2022\/2024\/02\/01\/prefeitura-de-barretos-realiza-megaoperacao-em-combate-a-dengue-e-ao-acumulo-irregular-de-materiais\/","title":{"rendered":"Prefeitura de Barretos realiza megaopera\u00e7\u00e3o em combate \u00e0 dengue e ao ac\u00famulo irregular de materiais"},"content":{"rendered":"<p>A\u00e7\u00e3o envolveu as Secretarias Municipais de Sa\u00fade e Ordem P\u00fablica e teve o apoio da equipe da PM em atividade delegada; oito focos com larvas do mosquito Aedes aegypti foram encontrados e 16 ve\u00edculos abandonados sobre a cal\u00e7ada receberam notifica\u00e7\u00e3o para serem retirados em at\u00e9 cinco dias<\/p>\n<p>A Prefeitura da Est\u00e2ncia Tur\u00edstica de Barretos realizou uma a\u00e7\u00e3o conjunta por meio das Secretarias Municipais de Sa\u00fade e de Ordem P\u00fablica, com Vigil\u00e2ncia Sanit\u00e1ria, Controle de Vetores e Departamento de Tr\u00e2nsito, contando com o apoio da equipe da Pol\u00edcia Militar que desempenha atividade delegada em conv\u00eanio com o munic\u00edpio, nesta quinta-feira, dia 1\u00ba, visando o combate ao mosquito Aedes aegypti, transmissor da dengue e chikungunya. A megaopera\u00e7\u00e3o tamb\u00e9m teve como objetivo notificar espa\u00e7os com ac\u00famulo irregular de materiais<\/p>\n<p>Ao longo da manh\u00e3, as equipes estiveram em tr\u00eas endere\u00e7os, um na regi\u00e3o central e dois no Bairro Henriqueta, e encontraram oito focos com larvas do Aedes aegypti. Nos dois pontos com criadouros, a Vigil\u00e2ncia Sanit\u00e1ria autuou o im\u00f3vel, conforme legisla\u00e7\u00e3o municipal. De acordo com o setor, a legisla\u00e7\u00e3o prev\u00ea que a autua\u00e7\u00e3o pode variar de R$ 350 a R$ 350 mil; o valor varia conforme o agravo, que leva em conta se o respons\u00e1vel j\u00e1 foi orientado anteriormente e h\u00e1 reincid\u00eancia de foco do mosquito.<\/p>\n<p>No \u00faltimo endere\u00e7o vistoriado, os agentes de tr\u00e2nsito realizaram notifica\u00e7\u00e3o em 16 ve\u00edculos, fixando adesivo com prazo de cinco dias para que o propriet\u00e1rio leve o ve\u00edculo para um local adequado. \u201cCaso, ap\u00f3s esse prazo, os ve\u00edculos permanecem no local s\u00e3o removidos para o p\u00e1tio\u201d, explicou Luis Cesar Rocha, chefe dos agentes de tr\u00e2nsito.<\/p>\n<p>O coordenador da Vigil\u00e2ncia Sanit\u00e1ria, Fl\u00e1vio J\u00falio do Nascimento, destacou que ficou definido na \u00faltima reuni\u00e3o da Sala de Situa\u00e7\u00e3o sobre Arboviroses que a\u00e7\u00f5es em conjunto ocorrer\u00e3o uma vez por semana. \u201c\u00c9 importante essa jun\u00e7\u00e3o, esse conjunto de equipes, cada um em sua \u00e1rea, resolvendo o que \u00e9 previsto na lei. \u00c9 importante salientar que a gente pede sempre o apoio da popula\u00e7\u00e3o para que cuide de seus im\u00f3veis, terrenos\u201d, afirmou<\/p>\n<p>Fl\u00e1vio explicou que, embora dois dos locais visitados funcionassem como dep\u00f3sitos de materiais, eles n\u00e3o t\u00eam licen\u00e7a para isso. \u201cUm deles \u00e9 uma resid\u00eancia, por isso n\u00e3o \u00e9 mesmo o local adequado para isso. L\u00e1, fizemos tamb\u00e9m esse papel de orienta\u00e7\u00e3o, explicando para a m\u00e3e que, eventualmente ao recolher esses materiais na rua, pode-se trazer junto para dentro do im\u00f3vel, por exemplo, um escorpi\u00e3o. Portanto, h\u00e1 risco para a crian\u00e7a em estar brincando naquele ambiente\u201d, informou. \u201cNo outro local, orientamos que o prazo para estar regularizado e apresentar a licen\u00e7a de funcionamento, conforme prev\u00ea a legisla\u00e7\u00e3o local, \u00e9 de dez dias\u201d, destacou.<\/p>\n<p>Inspe\u00e7\u00e3o di\u00e1ria para combater criadouros<\/p>\n<p>Cl\u00e1udia Costa, gerente de servi\u00e7os de Sa\u00fade, lembrou que al\u00e9m dessas a\u00e7\u00f5es especiais em pontos cr\u00edticos, o Controle de Vetores continua realizando seu trabalho diariamente. \u201cEsta \u00e9 uma a\u00e7\u00e3o intensificada nesse per\u00edodo, mas ao longo do ano todo os agentes de controle de vetores trabalham todos os dias nas visitas a resid\u00eancias orientando a popula\u00e7\u00e3o. Tamb\u00e9m \u00e9 realizada a nebuliza\u00e7\u00e3o nos im\u00f3veis pr\u00f3ximos aos locais em que s\u00e3o confirmados casos de dengue\u201d, destacou. Cl\u00e1udia lembrou que na nebuliza\u00e7\u00e3o \u00e9 utilizado o repelente recomendado pela Vigil\u00e2ncia Estadual. \u201cAcontece que o repelente mata o mosquito que est\u00e1 voando, n\u00e3o a larva. Por isso, a popula\u00e7\u00e3o precisa eliminar os criadouros no seu quintal e dentro da resid\u00eancia, sen\u00e3o no dia seguinte novos mosquitos est\u00e3o se reproduzindo\u201d, afirmou.<\/p>\n<p>Sala de situa\u00e7\u00e3o e Programa Criadouro Zero<\/p>\n<p>Nesta semana, foi realizada a terceira reuni\u00e3o da Sala de Situa\u00e7\u00e3o sobre Arboviroses. O espa\u00e7o re\u00fane representantes de diversas Secretarias Municipais e do Servi\u00e7o Aut\u00f4nomo de \u00c1gua e Esgoto (SAAE), discutindo medidas em conjunto para impedir o avan\u00e7o da dengue e chikungunya na cidade e para sensibilizar a popula\u00e7\u00e3o sobre a import\u00e2ncia do papel de cada cidad\u00e3o para eliminar criadouros em seu im\u00f3vel. A secret\u00e1ria Municipal de Sa\u00fade, Gra\u00e7a Lemos, integrou a reuni\u00e3o, fazendo, ao lado da chefe da Vigil\u00e2ncia Epidemiologica, Manuela Theodoro Ribeiro, a interlocu\u00e7\u00e3o com representantes de cada pasta visando tornar as medidas de combate cada vez mais efetivas.<\/p>\n<p>Outra medida adotada pela administra\u00e7\u00e3o municipal para incentivar a popula\u00e7\u00e3o a colaborar no controle ao mosquito Aedes aegypti \u00e9 o Programa Criadouro Zero. Lan\u00e7ado pela prefeita Paula Lemos, o programa distribuiu R$ 50 mil em pr\u00eamios no fim de 2023 e outros 50 pr\u00eamios de mil reais ser\u00e3o sorteados neste ano. Os agentes de controle de vetores j\u00e1 iniciaram a distribui\u00e7\u00e3o dos cupons; um \u00e9 entregue ao morador a cada vez que abre o im\u00f3vel para receber o agente e nenhum criadouro \u00e9 encontrado.<\/p>\n","protected":false},"excerpt":{"rendered":"<p>A\u00e7\u00e3o envolveu as Secretarias Municipais de Sa\u00fade e Ordem P\u00fablica<\/p>\n","protected":false},"author":2,"featured_media":100800,"comment_status":"open","ping_status":"open","sticky":false,"template":"","format":"standard","meta":{"footnotes":""},"categories":[14,25],"tags":[],"class_list":["post-100799","post","type-post","status-publish","format-standard","has-post-thumbnail","hentry","category-barretos","category-cidades"],"yoast_head":"<!-- This site is optimized with the Yoast SEO plugin v27.4 - https:\/\/yoast.com\/product\/yoast-seo-wordpress\/ -->\n<title>Prefeitura de Barretos realiza megaopera\u00e7\u00e3o em combate \u00e0 dengue e ao ac\u00famulo irregular de materiais - Regi\u00e3o News<\/title>\n<meta name=\"robots\" content=\"index, follow, max-snippet:-1, max-image-preview:large, max-video-preview:-1\" \/>\n<link rel=\"canonical\" href=\"https:\/\/regiaonews.net.br\/2022\/2024\/02\/01\/prefeitura-de-barretos-realiza-megaoperacao-em-combate-a-dengue-e-ao-acumulo-irregular-de-materiais\/\" \/>\n<meta property=\"og:locale\" content=\"pt_BR\" \/>\n<meta property=\"og:type\" content=\"article\" \/>\n<meta property=\"og:title\" content=\"Prefeitura de Barretos realiza megaopera\u00e7\u00e3o em combate \u00e0 dengue e ao ac\u00famulo irregular de materiais - Regi\u00e3o News\" \/>\n<meta property=\"og:description\" content=\"A\u00e7\u00e3o envolveu as Secretarias Municipais de Sa\u00fade e Ordem P\u00fablica\" \/>\n<meta property=\"og:url\" content=\"https:\/\/regiaonews.net.br\/2022\/2024\/02\/01\/prefeitura-de-barretos-realiza-megaoperacao-em-combate-a-dengue-e-ao-acumulo-irregular-de-materiais\/\" \/>\n<meta property=\"og:site_name\" content=\"Regi\u00e3o News\" \/>\n<meta property=\"article:published_time\" content=\"2024-02-01T22:10:11+00:00\" \/>\n<meta property=\"og:image\" content=\"https:\/\/regiaonews.net.br\/2022\/wp-content\/uploads\/2024\/02\/WhatsApp-Image-2024-02-01-at-17.45.30.jpeg\" \/>\n\t<meta property=\"og:image:width\" content=\"1600\" \/>\n\t<meta property=\"og:image:height\" content=\"1126\" \/>\n\t<meta property=\"og:image:type\" content=\"image\/jpeg\" \/>\n<meta name=\"author\" content=\"Roberto\" \/>\n<meta name=\"twitter:card\" content=\"summary_large_image\" \/>\n<meta name=\"twitter:label1\" content=\"Escrito por\" \/>\n\t<meta name=\"twitter:data1\" content=\"Roberto\" \/>\n\t<meta name=\"twitter:label2\" content=\"Est. tempo de leitura\" \/>\n\t<meta name=\"twitter:data2\" content=\"5 minutos\" \/>\n<script type=\"application\/ld+json\" class=\"yoast-schema-graph\">{\"@context\":\"https:\\\/\\\/schema.org\",\"@graph\":[{\"@type\":\"Article\",\"@id\":\"https:\\\/\\\/regiaonews.net.br\\\/2022\\\/2024\\\/02\\\/01\\\/prefeitura-de-barretos-realiza-megaoperacao-em-combate-a-dengue-e-ao-acumulo-irregular-de-materiais\\\/#article\",\"isPartOf\":{\"@id\":\"https:\\\/\\\/regiaonews.net.br\\\/2022\\\/2024\\\/02\\\/01\\\/prefeitura-de-barretos-realiza-megaoperacao-em-combate-a-dengue-e-ao-acumulo-irregular-de-materiais\\\/\"},\"author\":{\"name\":\"Roberto\",\"@id\":\"https:\\\/\\\/regiaonews.net.br\\\/2022\\\/#\\\/schema\\\/person\\\/2d205a608a5aa97ac279d7a5e6d89ad8\"},\"headline\":\"Prefeitura de Barretos realiza megaopera\u00e7\u00e3o em combate \u00e0 dengue e ao ac\u00famulo irregular de materiais\",\"datePublished\":\"2024-02-01T22:10:11+00:00\",\"mainEntityOfPage\":{\"@id\":\"https:\\\/\\\/regiaonews.net.br\\\/2022\\\/2024\\\/02\\\/01\\\/prefeitura-de-barretos-realiza-megaoperacao-em-combate-a-dengue-e-ao-acumulo-irregular-de-materiais\\\/\"},\"wordCount\":876,\"commentCount\":0,\"publisher\":{\"@id\":\"https:\\\/\\\/regiaonews.net.br\\\/2022\\\/#organization\"},\"image\":{\"@id\":\"https:\\\/\\\/regiaonews.net.br\\\/2022\\\/2024\\\/02\\\/01\\\/prefeitura-de-barretos-realiza-megaoperacao-em-combate-a-dengue-e-ao-acumulo-irregular-de-materiais\\\/#primaryimage\"},\"thumbnailUrl\":\"https:\\\/\\\/regiaonews.net.br\\\/2022\\\/wp-content\\\/uploads\\\/2024\\\/02\\\/WhatsApp-Image-2024-02-01-at-17.45.30.jpeg\",\"articleSection\":[\"Barretos\",\"Cidades\"],\"inLanguage\":\"pt-BR\",\"potentialAction\":[{\"@type\":\"CommentAction\",\"name\":\"Comment\",\"target\":[\"https:\\\/\\\/regiaonews.net.br\\\/2022\\\/2024\\\/02\\\/01\\\/prefeitura-de-barretos-realiza-megaoperacao-em-combate-a-dengue-e-ao-acumulo-irregular-de-materiais\\\/#respond\"]}]},{\"@type\":\"WebPage\",\"@id\":\"https:\\\/\\\/regiaonews.net.br\\\/2022\\\/2024\\\/02\\\/01\\\/prefeitura-de-barretos-realiza-megaoperacao-em-combate-a-dengue-e-ao-acumulo-irregular-de-materiais\\\/\",\"url\":\"https:\\\/\\\/regiaonews.net.br\\\/2022\\\/2024\\\/02\\\/01\\\/prefeitura-de-barretos-realiza-megaoperacao-em-combate-a-dengue-e-ao-acumulo-irregular-de-materiais\\\/\",\"name\":\"Prefeitura de Barretos realiza megaopera\u00e7\u00e3o em combate \u00e0 dengue e ao ac\u00famulo irregular de materiais - Regi\u00e3o News\",\"isPartOf\":{\"@id\":\"https:\\\/\\\/regiaonews.net.br\\\/2022\\\/#website\"},\"primaryImageOfPage\":{\"@id\":\"https:\\\/\\\/regiaonews.net.br\\\/2022\\\/2024\\\/02\\\/01\\\/prefeitura-de-barretos-realiza-megaoperacao-em-combate-a-dengue-e-ao-acumulo-irregular-de-materiais\\\/#primaryimage\"},\"image\":{\"@id\":\"https:\\\/\\\/regiaonews.net.br\\\/2022\\\/2024\\\/02\\\/01\\\/prefeitura-de-barretos-realiza-megaoperacao-em-combate-a-dengue-e-ao-acumulo-irregular-de-materiais\\\/#primaryimage\"},\"thumbnailUrl\":\"https:\\\/\\\/regiaonews.net.br\\\/2022\\\/wp-content\\\/uploads\\\/2024\\\/02\\\/WhatsApp-Image-2024-02-01-at-17.45.30.jpeg\",\"datePublished\":\"2024-02-01T22:10:11+00:00\",\"breadcrumb\":{\"@id\":\"https:\\\/\\\/regiaonews.net.br\\\/2022\\\/2024\\\/02\\\/01\\\/prefeitura-de-barretos-realiza-megaoperacao-em-combate-a-dengue-e-ao-acumulo-irregular-de-materiais\\\/#breadcrumb\"},\"inLanguage\":\"pt-BR\",\"potentialAction\":[{\"@type\":\"ReadAction\",\"target\":[\"https:\\\/\\\/regiaonews.net.br\\\/2022\\\/2024\\\/02\\\/01\\\/prefeitura-de-barretos-realiza-megaoperacao-em-combate-a-dengue-e-ao-acumulo-irregular-de-materiais\\\/\"]}]},{\"@type\":\"ImageObject\",\"inLanguage\":\"pt-BR\",\"@id\":\"https:\\\/\\\/regiaonews.net.br\\\/2022\\\/2024\\\/02\\\/01\\\/prefeitura-de-barretos-realiza-megaoperacao-em-combate-a-dengue-e-ao-acumulo-irregular-de-materiais\\\/#primaryimage\",\"url\":\"https:\\\/\\\/regiaonews.net.br\\\/2022\\\/wp-content\\\/uploads\\\/2024\\\/02\\\/WhatsApp-Image-2024-02-01-at-17.45.30.jpeg\",\"contentUrl\":\"https:\\\/\\\/regiaonews.net.br\\\/2022\\\/wp-content\\\/uploads\\\/2024\\\/02\\\/WhatsApp-Image-2024-02-01-at-17.45.30.jpeg\",\"width\":1600,\"height\":1126},{\"@type\":\"BreadcrumbList\",\"@id\":\"https:\\\/\\\/regiaonews.net.br\\\/2022\\\/2024\\\/02\\\/01\\\/prefeitura-de-barretos-realiza-megaoperacao-em-combate-a-dengue-e-ao-acumulo-irregular-de-materiais\\\/#breadcrumb\",\"itemListElement\":[{\"@type\":\"ListItem\",\"position\":1,\"name\":\"In\u00edcio\",\"item\":\"https:\\\/\\\/regiaonews.net.br\\\/2022\\\/\"},{\"@type\":\"ListItem\",\"position\":2,\"name\":\"Prefeitura de Barretos realiza megaopera\u00e7\u00e3o em combate \u00e0 dengue e ao ac\u00famulo irregular de materiais\"}]},{\"@type\":\"WebSite\",\"@id\":\"https:\\\/\\\/regiaonews.net.br\\\/2022\\\/#website\",\"url\":\"https:\\\/\\\/regiaonews.net.br\\\/2022\\\/\",\"name\":\"Regi\u00e3o News\",\"description\":\"Site de Not\u00edcias de Barretos e regi\u00e3o\",\"publisher\":{\"@id\":\"https:\\\/\\\/regiaonews.net.br\\\/2022\\\/#organization\"},\"potentialAction\":[{\"@type\":\"SearchAction\",\"target\":{\"@type\":\"EntryPoint\",\"urlTemplate\":\"https:\\\/\\\/regiaonews.net.br\\\/2022\\\/?s={search_term_string}\"},\"query-input\":{\"@type\":\"PropertyValueSpecification\",\"valueRequired\":true,\"valueName\":\"search_term_string\"}}],\"inLanguage\":\"pt-BR\"},{\"@type\":\"Organization\",\"@id\":\"https:\\\/\\\/regiaonews.net.br\\\/2022\\\/#organization\",\"name\":\"Regi\u00e3o News\",\"url\":\"https:\\\/\\\/regiaonews.net.br\\\/2022\\\/\",\"logo\":{\"@type\":\"ImageObject\",\"inLanguage\":\"pt-BR\",\"@id\":\"https:\\\/\\\/regiaonews.net.br\\\/2022\\\/#\\\/schema\\\/logo\\\/image\\\/\",\"url\":\"https:\\\/\\\/regiaonews.net.br\\\/2022\\\/wp-content\\\/uploads\\\/2026\\\/03\\\/regiao-13-anos-scaled.jpg\",\"contentUrl\":\"https:\\\/\\\/regiaonews.net.br\\\/2022\\\/wp-content\\\/uploads\\\/2026\\\/03\\\/regiao-13-anos-scaled.jpg\",\"width\":2560,\"height\":635,\"caption\":\"Regi\u00e3o News\"},\"image\":{\"@id\":\"https:\\\/\\\/regiaonews.net.br\\\/2022\\\/#\\\/schema\\\/logo\\\/image\\\/\"}},{\"@type\":\"Person\",\"@id\":\"https:\\\/\\\/regiaonews.net.br\\\/2022\\\/#\\\/schema\\\/person\\\/2d205a608a5aa97ac279d7a5e6d89ad8\",\"name\":\"Roberto\",\"image\":{\"@type\":\"ImageObject\",\"inLanguage\":\"pt-BR\",\"@id\":\"https:\\\/\\\/secure.gravatar.com\\\/avatar\\\/42749d8b712ff9d59ca93dc150494e5b55a44134482993f5baeb97e61b7ecc89?s=96&d=mm&r=g\",\"url\":\"https:\\\/\\\/secure.gravatar.com\\\/avatar\\\/42749d8b712ff9d59ca93dc150494e5b55a44134482993f5baeb97e61b7ecc89?s=96&d=mm&r=g\",\"contentUrl\":\"https:\\\/\\\/secure.gravatar.com\\\/avatar\\\/42749d8b712ff9d59ca93dc150494e5b55a44134482993f5baeb97e61b7ecc89?s=96&d=mm&r=g\",\"caption\":\"Roberto\"},\"url\":\"https:\\\/\\\/regiaonews.net.br\\\/2022\\\/author\\\/roberto\\\/\"}]}<\/script>\n<!-- \/ Yoast SEO plugin. -->","yoast_head_json":{"title":"Prefeitura de Barretos realiza megaopera\u00e7\u00e3o em combate \u00e0 dengue e ao ac\u00famulo irregular de materiais - Regi\u00e3o News","robots":{"index":"index","follow":"follow","max-snippet":"max-snippet:-1","max-image-preview":"max-image-preview:large","max-video-preview":"max-video-preview:-1"},"canonical":"https:\/\/regiaonews.net.br\/2022\/2024\/02\/01\/prefeitura-de-barretos-realiza-megaoperacao-em-combate-a-dengue-e-ao-acumulo-irregular-de-materiais\/","og_locale":"pt_BR","og_type":"article","og_title":"Prefeitura de Barretos realiza megaopera\u00e7\u00e3o em combate \u00e0 dengue e ao ac\u00famulo irregular de materiais - Regi\u00e3o News","og_description":"A\u00e7\u00e3o envolveu as Secretarias Municipais de Sa\u00fade e Ordem P\u00fablica","og_url":"https:\/\/regiaonews.net.br\/2022\/2024\/02\/01\/prefeitura-de-barretos-realiza-megaoperacao-em-combate-a-dengue-e-ao-acumulo-irregular-de-materiais\/","og_site_name":"Regi\u00e3o News","article_published_time":"2024-02-01T22:10:11+00:00","og_image":[{"width":1600,"height":1126,"url":"https:\/\/regiaonews.net.br\/2022\/wp-content\/uploads\/2024\/02\/WhatsApp-Image-2024-02-01-at-17.45.30.jpeg","type":"image\/jpeg"}],"author":"Roberto","twitter_card":"summary_large_image","twitter_misc":{"Escrito por":"Roberto","Est. tempo de leitura":"5 minutos"},"schema":{"@context":"https:\/\/schema.org","@graph":[{"@type":"Article","@id":"https:\/\/regiaonews.net.br\/2022\/2024\/02\/01\/prefeitura-de-barretos-realiza-megaoperacao-em-combate-a-dengue-e-ao-acumulo-irregular-de-materiais\/#article","isPartOf":{"@id":"https:\/\/regiaonews.net.br\/2022\/2024\/02\/01\/prefeitura-de-barretos-realiza-megaoperacao-em-combate-a-dengue-e-ao-acumulo-irregular-de-materiais\/"},"author":{"name":"Roberto","@id":"https:\/\/regiaonews.net.br\/2022\/#\/schema\/person\/2d205a608a5aa97ac279d7a5e6d89ad8"},"headline":"Prefeitura de Barretos realiza megaopera\u00e7\u00e3o em combate \u00e0 dengue e ao ac\u00famulo irregular de materiais","datePublished":"2024-02-01T22:10:11+00:00","mainEntityOfPage":{"@id":"https:\/\/regiaonews.net.br\/2022\/2024\/02\/01\/prefeitura-de-barretos-realiza-megaoperacao-em-combate-a-dengue-e-ao-acumulo-irregular-de-materiais\/"},"wordCount":876,"commentCount":0,"publisher":{"@id":"https:\/\/regiaonews.net.br\/2022\/#organization"},"image":{"@id":"https:\/\/regiaonews.net.br\/2022\/2024\/02\/01\/prefeitura-de-barretos-realiza-megaoperacao-em-combate-a-dengue-e-ao-acumulo-irregular-de-materiais\/#primaryimage"},"thumbnailUrl":"https:\/\/regiaonews.net.br\/2022\/wp-content\/uploads\/2024\/02\/WhatsApp-Image-2024-02-01-at-17.45.30.jpeg","articleSection":["Barretos","Cidades"],"inLanguage":"pt-BR","potentialAction":[{"@type":"CommentAction","name":"Comment","target":["https:\/\/regiaonews.net.br\/2022\/2024\/02\/01\/prefeitura-de-barretos-realiza-megaoperacao-em-combate-a-dengue-e-ao-acumulo-irregular-de-materiais\/#respond"]}]},{"@type":"WebPage","@id":"https:\/\/regiaonews.net.br\/2022\/2024\/02\/01\/prefeitura-de-barretos-realiza-megaoperacao-em-combate-a-dengue-e-ao-acumulo-irregular-de-materiais\/","url":"https:\/\/regiaonews.net.br\/2022\/2024\/02\/01\/prefeitura-de-barretos-realiza-megaoperacao-em-combate-a-dengue-e-ao-acumulo-irregular-de-materiais\/","name":"Prefeitura de Barretos realiza megaopera\u00e7\u00e3o em combate \u00e0 dengue e ao ac\u00famulo irregular de materiais - Regi\u00e3o News","isPartOf":{"@id":"https:\/\/regiaonews.net.br\/2022\/#website"},"primaryImageOfPage":{"@id":"https:\/\/regiaonews.net.br\/2022\/2024\/02\/01\/prefeitura-de-barretos-realiza-megaoperacao-em-combate-a-dengue-e-ao-acumulo-irregular-de-materiais\/#primaryimage"},"image":{"@id":"https:\/\/regiaonews.net.br\/2022\/2024\/02\/01\/prefeitura-de-barretos-realiza-megaoperacao-em-combate-a-dengue-e-ao-acumulo-irregular-de-materiais\/#primaryimage"},"thumbnailUrl":"https:\/\/regiaonews.net.br\/2022\/wp-content\/uploads\/2024\/02\/WhatsApp-Image-2024-02-01-at-17.45.30.jpeg","datePublished":"2024-02-01T22:10:11+00:00","breadcrumb":{"@id":"https:\/\/regiaonews.net.br\/2022\/2024\/02\/01\/prefeitura-de-barretos-realiza-megaoperacao-em-combate-a-dengue-e-ao-acumulo-irregular-de-materiais\/#breadcrumb"},"inLanguage":"pt-BR","potentialAction":[{"@type":"ReadAction","target":["https:\/\/regiaonews.net.br\/2022\/2024\/02\/01\/prefeitura-de-barretos-realiza-megaoperacao-em-combate-a-dengue-e-ao-acumulo-irregular-de-materiais\/"]}]},{"@type":"ImageObject","inLanguage":"pt-BR","@id":"https:\/\/regiaonews.net.br\/2022\/2024\/02\/01\/prefeitura-de-barretos-realiza-megaoperacao-em-combate-a-dengue-e-ao-acumulo-irregular-de-materiais\/#primaryimage","url":"https:\/\/regiaonews.net.br\/2022\/wp-content\/uploads\/2024\/02\/WhatsApp-Image-2024-02-01-at-17.45.30.jpeg","contentUrl":"https:\/\/regiaonews.net.br\/2022\/wp-content\/uploads\/2024\/02\/WhatsApp-Image-2024-02-01-at-17.45.30.jpeg","width":1600,"height":1126},{"@type":"BreadcrumbList","@id":"https:\/\/regiaonews.net.br\/2022\/2024\/02\/01\/prefeitura-de-barretos-realiza-megaoperacao-em-combate-a-dengue-e-ao-acumulo-irregular-de-materiais\/#breadcrumb","itemListElement":[{"@type":"ListItem","position":1,"name":"In\u00edcio","item":"https:\/\/regiaonews.net.br\/2022\/"},{"@type":"ListItem","position":2,"name":"Prefeitura de Barretos realiza megaopera\u00e7\u00e3o em combate \u00e0 dengue e ao ac\u00famulo irregular de materiais"}]},{"@type":"WebSite","@id":"https:\/\/regiaonews.net.br\/2022\/#website","url":"https:\/\/regiaonews.net.br\/2022\/","name":"Regi\u00e3o News","description":"Site de Not\u00edcias de Barretos e regi\u00e3o","publisher":{"@id":"https:\/\/regiaonews.net.br\/2022\/#organization"},"potentialAction":[{"@type":"SearchAction","target":{"@type":"EntryPoint","urlTemplate":"https:\/\/regiaonews.net.br\/2022\/?s={search_term_string}"},"query-input":{"@type":"PropertyValueSpecification","valueRequired":true,"valueName":"search_term_string"}}],"inLanguage":"pt-BR"},{"@type":"Organization","@id":"https:\/\/regiaonews.net.br\/2022\/#organization","name":"Regi\u00e3o News","url":"https:\/\/regiaonews.net.br\/2022\/","logo":{"@type":"ImageObject","inLanguage":"pt-BR","@id":"https:\/\/regiaonews.net.br\/2022\/#\/schema\/logo\/image\/","url":"https:\/\/regiaonews.net.br\/2022\/wp-content\/uploads\/2026\/03\/regiao-13-anos-scaled.jpg","contentUrl":"https:\/\/regiaonews.net.br\/2022\/wp-content\/uploads\/2026\/03\/regiao-13-anos-scaled.jpg","width":2560,"height":635,"caption":"Regi\u00e3o News"},"image":{"@id":"https:\/\/regiaonews.net.br\/2022\/#\/schema\/logo\/image\/"}},{"@type":"Person","@id":"https:\/\/regiaonews.net.br\/2022\/#\/schema\/person\/2d205a608a5aa97ac279d7a5e6d89ad8","name":"Roberto","image":{"@type":"ImageObject","inLanguage":"pt-BR","@id":"https:\/\/secure.gravatar.com\/avatar\/42749d8b712ff9d59ca93dc150494e5b55a44134482993f5baeb97e61b7ecc89?s=96&d=mm&r=g","url":"https:\/\/secure.gravatar.com\/avatar\/42749d8b712ff9d59ca93dc150494e5b55a44134482993f5baeb97e61b7ecc89?s=96&d=mm&r=g","contentUrl":"https:\/\/secure.gravatar.com\/avatar\/42749d8b712ff9d59ca93dc150494e5b55a44134482993f5baeb97e61b7ecc89?s=96&d=mm&r=g","caption":"Roberto"},"url":"https:\/\/regiaonews.net.br\/2022\/author\/roberto\/"}]}},"publishpress_future_action":{"enabled":false,"date":"2026-05-04 02:16:55","action":"change-status","newStatus":"draft","terms":[],"taxonomy":"category","extraData":[]},"publishpress_future_workflow_manual_trigger":{"enabledWorkflows":[]},"_links":{"self":[{"href":"https:\/\/regiaonews.net.br\/2022\/wp-json\/wp\/v2\/posts\/100799","targetHints":{"allow":["GET"]}}],"collection":[{"href":"https:\/\/regiaonews.net.br\/2022\/wp-json\/wp\/v2\/posts"}],"about":[{"href":"https:\/\/regiaonews.net.br\/2022\/wp-json\/wp\/v2\/types\/post"}],"author":[{"embeddable":true,"href":"https:\/\/regiaonews.net.br\/2022\/wp-json\/wp\/v2\/users\/2"}],"replies":[{"embeddable":true,"href":"https:\/\/regiaonews.net.br\/2022\/wp-json\/wp\/v2\/comments?post=100799"}],"version-history":[{"count":1,"href":"https:\/\/regiaonews.net.br\/2022\/wp-json\/wp\/v2\/posts\/100799\/revisions"}],"predecessor-version":[{"id":100801,"href":"https:\/\/regiaonews.net.br\/2022\/wp-json\/wp\/v2\/posts\/100799\/revisions\/100801"}],"wp:featuredmedia":[{"embeddable":true,"href":"https:\/\/regiaonews.net.br\/2022\/wp-json\/wp\/v2\/media\/100800"}],"wp:attachment":[{"href":"https:\/\/regiaonews.net.br\/2022\/wp-json\/wp\/v2\/media?parent=100799"}],"wp:term":[{"taxonomy":"category","embeddable":true,"href":"https:\/\/regiaonews.net.br\/2022\/wp-json\/wp\/v2\/categories?post=100799"},{"taxonomy":"post_tag","embeddable":true,"href":"https:\/\/regiaonews.net.br\/2022\/wp-json\/wp\/v2\/tags?post=100799"}],"curies":[{"name":"wp","href":"https:\/\/api.w.org\/{rel}","templated":true}]}}