{"id":100784,"date":"2024-02-01T11:18:08","date_gmt":"2024-02-01T14:18:08","guid":{"rendered":"https:\/\/regiaonews.net.br\/2022\/?p=100784"},"modified":"2024-02-01T19:05:07","modified_gmt":"2024-02-01T22:05:07","slug":"100784","status":"publish","type":"post","link":"https:\/\/regiaonews.net.br\/2022\/2024\/02\/01\/100784\/","title":{"rendered":"Prefeitrura comunica reativa\u00e7\u00e3o do CastraM\u00f3vel e lan\u00e7a \u2018Leva e Traz &#8211; Pet\u2019"},"content":{"rendered":"<h3 style=\"text-align: center;\"><\/h3>\n<p>Novidades foram apresentadas pela prefeita Paula Lemos no in\u00edcio da tarde desta quarta-feira, dia 31; servi\u00e7o de transporte de animais ao Centro Municipal de Medicina Veterin\u00e1ria ser\u00e1 destinado a pessoas idosas e pessoas com defici\u00eancia<\/p>\n<p>A prefeita da Est\u00e2ncia Tur\u00edstica de Barretos, Paula Lemos, apresentou nesta quarta-feira, dia 31, o novo CastraM\u00f3vel da Secretaria Municipal de Agricultura e Meio Ambiente e anunciou o servi\u00e7o \u2018Leva e Traz\u2019 destinado para pets. A chefe do Executivo mostrou o \u00f4nibus, j\u00e1 pertencente \u00e0 frota municipal, que foi adaptado para a reativa\u00e7\u00e3o do servi\u00e7o m\u00f3vel de castra\u00e7\u00e3o de animais de pequenos portes no munic\u00edpio. O ve\u00edculo receber\u00e1 os equipamentos necess\u00e1rios para a realiza\u00e7\u00e3o das cirurgias veterin\u00e1rias e deve entrar em funcionamento durante o m\u00eas de fevereiro. Prefeita tamb\u00e9m agradeceu ao vereador Rodrigo Malaman, que destinou emenda impositiva que ajudou em parte da readapta\u00e7\u00e3o do \u00f4nibus.<\/p>\n<p>Sobre o servi\u00e7o \u201cLeva e Traz \u2013 Pet\u201d, a prefeita Paula informou que diante da percep\u00e7\u00e3o da dificuldade para pessoas idosas e pessoas com defici\u00eancia transportarem seus animais at\u00e9 o Centro Municipal de Medicina Veterin\u00e1ria e Cl\u00ednica Veterin\u00e1ria de pequenas cirurgias S\u00e3o Francisco de Assis para consultas e cirurgias, a gest\u00e3o teve a iniciativa de providenciar um ve\u00edculo para realizar o transporte nesses casos espec\u00edficos. \u201cO Leva e Traz \u2013 Pet \u00e9 um servi\u00e7o destinado \u00e0 popula\u00e7\u00e3o com dificuldade de locomo\u00e7\u00e3o, seja pela idade ou por algum tipo de defici\u00eancia, o que compromete o transporte dos animais para atendimento no nosso centro municipal. O atendimento seguir\u00e1 esses crit\u00e9rios\u201d, explicou.<\/p>\n<p>O mapeamento da popula\u00e7\u00e3o a ser beneficiada com o servi\u00e7o ser\u00e1 feito em conjunto com a Secretaria Municipal de Sa\u00fade, a partir da comunica\u00e7\u00e3o entre a popula\u00e7\u00e3o e os agentes comunit\u00e1rios de sa\u00fade, durante as visitas \u00e0s fam\u00edlias barretenses. O \u201cLeva e Traz \u2013 Pet\u201d tamb\u00e9m deve entrar em opera\u00e7\u00e3o ao longo do m\u00eas de fevereiro.<\/p>\n<p>Trator para a Patrulha Rural<\/p>\n<p>Ainda no in\u00edcio da tarde desta quarta-feira, a prefeita Paula realizou a entrega do novo trator que ir\u00e1 compor a frota da Secretaria Municipal de Agricultura e Meio Ambiente. Anunciado para Barretos pelo Governo do Estado no \u00faltimo dia 24, o ve\u00edculo agora chegou \u00e0 cidade para integrar a frota do Programa Patrulha Agr\u00edcola. Avaliado em R$ 189 mil, est\u00e1 vinculado ao conv\u00eanio celebrado entre o Estado de S\u00e3o Paulo, por interm\u00e9dio da Secretaria de Agricultura e Abastecimento e a Prefeitura Municipal de Barretos. Com isso, na gest\u00e3o da prefeita Paula j\u00e1 s\u00e3o nove ve\u00edculos novos para a Secretaria.<\/p>\n<p>Para contar com a assist\u00eancia do Programa Patrulha Agr\u00edcola, os pequenos e m\u00e9dicos agricultores de Barretos devem fazer a solicita\u00e7\u00e3o do servi\u00e7o, de segunda a sexta-feira, entre 7 e 17h, na sede da Secretaria Municipal de Agricultura e Meio Ambiente, localizada na Estrada da Fazenda Burac\u00e3o s\/n.<\/p>\n<p>Novo secret\u00e1rio de Agricultura e Meio Ambiente<\/p>\n<p>A prefeita Paula aproveitou o momento para fazer tamb\u00e9m um balan\u00e7o sobre as conquistas alcan\u00e7adas pela secret\u00e1ria Gra\u00e7a Lemos a frente da Agricultura e Meio Ambiente, que deixa a pasta para se dedicar com exclusividade \u00e0 Secretaria Municipal de Sa\u00fade, ap\u00f3s um per\u00edodo de quatro meses acumulando as fun\u00e7\u00f5es. \u201cAgrade\u00e7o a secret\u00e1ria Gra\u00e7a que trabalhou incansavelmente para possibilitar que o CastraM\u00f3vel seja colocado em funcionamento em breve. Refor\u00e7ando o nosso compromisso tamb\u00e9m com os animais de nossa cidade, inauguramos tamb\u00e9m com a secret\u00e1ria Gra\u00e7a o Centro Municipal de Medicina Veterin\u00e1ria e agora essa novidade do transporte de animais das pessoas idosas e pessoas com defici\u00eancia\u201d.<\/p>\n<p>O empenho para a realiza\u00e7\u00e3o da licita\u00e7\u00e3o que permitir\u00e1 que em breve uma nova empresa assuma o trabalho de zeladoria no munic\u00edpio tamb\u00e9m foi destacado. \u201cDigo sempre que a Administra\u00e7\u00e3o n\u00e3o \u00e9 um Pix. Estamos em processo licitat\u00f3rio e esperamos que em breve a quest\u00e3o do mato esteja solucionada. Tamb\u00e9m agrade\u00e7o por sua sensibilidade, que permitiu que agora a Avenida 43 esteja toda florida\u201d, refor\u00e7ou Paula.<\/p>\n<p>A secret\u00e1ria Gra\u00e7a Lemos agradeceu a prefeita pela oportunidade de ter passado nove meses frente da Agricultura e Meio Ambiente. \u201cAgrade\u00e7o especialmente a toda a equipe da Secretaria, \u00e0s pessoas com quem tive a oportunidade de conviver nesse per\u00edodo\u201d, afirmou. Emocionada, Gra\u00e7a fez um agradecimento especial \u00e0s jardineiras e expressou felicidade em ter constru\u00eddo pontes para que mulheres passassem a exercer esse servi\u00e7o na cidade e por, a partir do trabalho em equipe e com economia de recursos, ter expandido a jardinagem nas vias de Barretos.<\/p>\n<p>Paula tamb\u00e9m evidenciou o empenho da ent\u00e3o secret\u00e1ria na viabiliza\u00e7\u00e3o do espa\u00e7o para o Servi\u00e7o de Inspe\u00e7\u00e3o Municipal (SIM) na Rua 20, que deve oferecer suporte aos produtores barretenses para que possam vender seus produtos para todo o Brasil. \u201cNossa Administra\u00e7\u00e3o est\u00e1 empenhada nesse suporte aos produtores, visando tamb\u00e9m proporcionar a gera\u00e7\u00e3o de mais empregos em nosso munic\u00edpio\u201d, ressaltou a prefeita.<\/p>\n<p>No per\u00edodo em que Gra\u00e7a comandou a pasta da Agricultura e Meio Ambiente, Barretos alcan\u00e7ou ainda os selos de \u201cMunic\u00edpio Agro\u201d e de \u201cMunic\u00edpio Verde Azul\u201d. A secret\u00e1ria esteve tamb\u00e9m diretamente empenhada na revitaliza\u00e7\u00e3o da Pra\u00e7a da Primavera, local que dentro da atual gest\u00e3o municipal voltou a ser um espa\u00e7o da cidade para a fam\u00edlia barretense aproveitar, com op\u00e7\u00f5es de lazer e academia ao ar livre.<\/p>\n<p>A prefeita Paula informou que Pl\u00e1cido Martins J\u00fanior passar\u00e1 a responder pela Agricultura e Meio Ambiente. Ele deixa a Secretaria Municipal de Obras e Servi\u00e7os P\u00fablicos, que ser\u00e1 comandada por Fernando Fernandes de Freitas.<\/p>\n<p>Fotos: Nivaldo Jr.<\/p>\n","protected":false},"excerpt":{"rendered":"<p>Novidades foram apresentadas pela prefeita Paula Lemos no in\u00edcio da<\/p>\n","protected":false},"author":2,"featured_media":100785,"comment_status":"open","ping_status":"open","sticky":false,"template":"","format":"standard","meta":{"footnotes":""},"categories":[14,3],"tags":[],"class_list":["post-100784","post","type-post","status-publish","format-standard","has-post-thumbnail","hentry","category-barretos","category-geral"],"yoast_head":"<!-- This site is optimized with the Yoast SEO plugin v27.4 - https:\/\/yoast.com\/product\/yoast-seo-wordpress\/ -->\n<title>Prefeitrura comunica reativa\u00e7\u00e3o do CastraM\u00f3vel e lan\u00e7a \u2018Leva e Traz - Pet\u2019 - Regi\u00e3o News<\/title>\n<meta name=\"robots\" content=\"index, follow, max-snippet:-1, max-image-preview:large, max-video-preview:-1\" \/>\n<link rel=\"canonical\" href=\"https:\/\/regiaonews.net.br\/2022\/2024\/02\/01\/100784\/\" \/>\n<meta property=\"og:locale\" content=\"pt_BR\" \/>\n<meta property=\"og:type\" content=\"article\" \/>\n<meta property=\"og:title\" content=\"Prefeitrura comunica reativa\u00e7\u00e3o do CastraM\u00f3vel e lan\u00e7a \u2018Leva e Traz - Pet\u2019 - Regi\u00e3o News\" \/>\n<meta property=\"og:description\" content=\"Novidades foram apresentadas pela prefeita Paula Lemos no in\u00edcio da\" \/>\n<meta property=\"og:url\" content=\"https:\/\/regiaonews.net.br\/2022\/2024\/02\/01\/100784\/\" \/>\n<meta property=\"og:site_name\" content=\"Regi\u00e3o News\" \/>\n<meta property=\"article:published_time\" content=\"2024-02-01T14:18:08+00:00\" \/>\n<meta property=\"article:modified_time\" content=\"2024-02-01T22:05:07+00:00\" \/>\n<meta property=\"og:image\" content=\"https:\/\/regiaonews.net.br\/2022\/wp-content\/uploads\/2024\/02\/Imagem-do-WhatsApp-de-2024-02-01-as-10.02.26_efed8438.jpg\" \/>\n\t<meta property=\"og:image:width\" content=\"1600\" \/>\n\t<meta property=\"og:image:height\" content=\"1067\" \/>\n\t<meta property=\"og:image:type\" content=\"image\/jpeg\" \/>\n<meta name=\"author\" content=\"Roberto\" \/>\n<meta name=\"twitter:card\" content=\"summary_large_image\" \/>\n<meta name=\"twitter:label1\" content=\"Escrito por\" \/>\n\t<meta name=\"twitter:data1\" content=\"Roberto\" \/>\n\t<meta name=\"twitter:label2\" content=\"Est. tempo de leitura\" \/>\n\t<meta name=\"twitter:data2\" content=\"6 minutos\" \/>\n<script type=\"application\/ld+json\" class=\"yoast-schema-graph\">{\"@context\":\"https:\\\/\\\/schema.org\",\"@graph\":[{\"@type\":\"Article\",\"@id\":\"https:\\\/\\\/regiaonews.net.br\\\/2022\\\/2024\\\/02\\\/01\\\/100784\\\/#article\",\"isPartOf\":{\"@id\":\"https:\\\/\\\/regiaonews.net.br\\\/2022\\\/2024\\\/02\\\/01\\\/100784\\\/\"},\"author\":{\"name\":\"Roberto\",\"@id\":\"https:\\\/\\\/regiaonews.net.br\\\/2022\\\/#\\\/schema\\\/person\\\/2d205a608a5aa97ac279d7a5e6d89ad8\"},\"headline\":\"Prefeitrura comunica reativa\u00e7\u00e3o do CastraM\u00f3vel e lan\u00e7a \u2018Leva e Traz &#8211; Pet\u2019\",\"datePublished\":\"2024-02-01T14:18:08+00:00\",\"dateModified\":\"2024-02-01T22:05:07+00:00\",\"mainEntityOfPage\":{\"@id\":\"https:\\\/\\\/regiaonews.net.br\\\/2022\\\/2024\\\/02\\\/01\\\/100784\\\/\"},\"wordCount\":1013,\"commentCount\":0,\"publisher\":{\"@id\":\"https:\\\/\\\/regiaonews.net.br\\\/2022\\\/#organization\"},\"image\":{\"@id\":\"https:\\\/\\\/regiaonews.net.br\\\/2022\\\/2024\\\/02\\\/01\\\/100784\\\/#primaryimage\"},\"thumbnailUrl\":\"https:\\\/\\\/regiaonews.net.br\\\/2022\\\/wp-content\\\/uploads\\\/2024\\\/02\\\/Imagem-do-WhatsApp-de-2024-02-01-as-10.02.26_efed8438.jpg\",\"articleSection\":[\"Barretos\",\"Geral\"],\"inLanguage\":\"pt-BR\",\"potentialAction\":[{\"@type\":\"CommentAction\",\"name\":\"Comment\",\"target\":[\"https:\\\/\\\/regiaonews.net.br\\\/2022\\\/2024\\\/02\\\/01\\\/100784\\\/#respond\"]}]},{\"@type\":\"WebPage\",\"@id\":\"https:\\\/\\\/regiaonews.net.br\\\/2022\\\/2024\\\/02\\\/01\\\/100784\\\/\",\"url\":\"https:\\\/\\\/regiaonews.net.br\\\/2022\\\/2024\\\/02\\\/01\\\/100784\\\/\",\"name\":\"Prefeitrura comunica reativa\u00e7\u00e3o do CastraM\u00f3vel e lan\u00e7a \u2018Leva e Traz - Pet\u2019 - Regi\u00e3o News\",\"isPartOf\":{\"@id\":\"https:\\\/\\\/regiaonews.net.br\\\/2022\\\/#website\"},\"primaryImageOfPage\":{\"@id\":\"https:\\\/\\\/regiaonews.net.br\\\/2022\\\/2024\\\/02\\\/01\\\/100784\\\/#primaryimage\"},\"image\":{\"@id\":\"https:\\\/\\\/regiaonews.net.br\\\/2022\\\/2024\\\/02\\\/01\\\/100784\\\/#primaryimage\"},\"thumbnailUrl\":\"https:\\\/\\\/regiaonews.net.br\\\/2022\\\/wp-content\\\/uploads\\\/2024\\\/02\\\/Imagem-do-WhatsApp-de-2024-02-01-as-10.02.26_efed8438.jpg\",\"datePublished\":\"2024-02-01T14:18:08+00:00\",\"dateModified\":\"2024-02-01T22:05:07+00:00\",\"breadcrumb\":{\"@id\":\"https:\\\/\\\/regiaonews.net.br\\\/2022\\\/2024\\\/02\\\/01\\\/100784\\\/#breadcrumb\"},\"inLanguage\":\"pt-BR\",\"potentialAction\":[{\"@type\":\"ReadAction\",\"target\":[\"https:\\\/\\\/regiaonews.net.br\\\/2022\\\/2024\\\/02\\\/01\\\/100784\\\/\"]}]},{\"@type\":\"ImageObject\",\"inLanguage\":\"pt-BR\",\"@id\":\"https:\\\/\\\/regiaonews.net.br\\\/2022\\\/2024\\\/02\\\/01\\\/100784\\\/#primaryimage\",\"url\":\"https:\\\/\\\/regiaonews.net.br\\\/2022\\\/wp-content\\\/uploads\\\/2024\\\/02\\\/Imagem-do-WhatsApp-de-2024-02-01-as-10.02.26_efed8438.jpg\",\"contentUrl\":\"https:\\\/\\\/regiaonews.net.br\\\/2022\\\/wp-content\\\/uploads\\\/2024\\\/02\\\/Imagem-do-WhatsApp-de-2024-02-01-as-10.02.26_efed8438.jpg\",\"width\":1600,\"height\":1067},{\"@type\":\"BreadcrumbList\",\"@id\":\"https:\\\/\\\/regiaonews.net.br\\\/2022\\\/2024\\\/02\\\/01\\\/100784\\\/#breadcrumb\",\"itemListElement\":[{\"@type\":\"ListItem\",\"position\":1,\"name\":\"In\u00edcio\",\"item\":\"https:\\\/\\\/regiaonews.net.br\\\/2022\\\/\"},{\"@type\":\"ListItem\",\"position\":2,\"name\":\"Prefeitrura comunica reativa\u00e7\u00e3o do CastraM\u00f3vel e lan\u00e7a \u2018Leva e Traz &#8211; Pet\u2019\"}]},{\"@type\":\"WebSite\",\"@id\":\"https:\\\/\\\/regiaonews.net.br\\\/2022\\\/#website\",\"url\":\"https:\\\/\\\/regiaonews.net.br\\\/2022\\\/\",\"name\":\"Regi\u00e3o News\",\"description\":\"Site de Not\u00edcias de Barretos e regi\u00e3o\",\"publisher\":{\"@id\":\"https:\\\/\\\/regiaonews.net.br\\\/2022\\\/#organization\"},\"potentialAction\":[{\"@type\":\"SearchAction\",\"target\":{\"@type\":\"EntryPoint\",\"urlTemplate\":\"https:\\\/\\\/regiaonews.net.br\\\/2022\\\/?s={search_term_string}\"},\"query-input\":{\"@type\":\"PropertyValueSpecification\",\"valueRequired\":true,\"valueName\":\"search_term_string\"}}],\"inLanguage\":\"pt-BR\"},{\"@type\":\"Organization\",\"@id\":\"https:\\\/\\\/regiaonews.net.br\\\/2022\\\/#organization\",\"name\":\"Regi\u00e3o News\",\"url\":\"https:\\\/\\\/regiaonews.net.br\\\/2022\\\/\",\"logo\":{\"@type\":\"ImageObject\",\"inLanguage\":\"pt-BR\",\"@id\":\"https:\\\/\\\/regiaonews.net.br\\\/2022\\\/#\\\/schema\\\/logo\\\/image\\\/\",\"url\":\"https:\\\/\\\/regiaonews.net.br\\\/2022\\\/wp-content\\\/uploads\\\/2026\\\/03\\\/regiao-13-anos-scaled.jpg\",\"contentUrl\":\"https:\\\/\\\/regiaonews.net.br\\\/2022\\\/wp-content\\\/uploads\\\/2026\\\/03\\\/regiao-13-anos-scaled.jpg\",\"width\":2560,\"height\":635,\"caption\":\"Regi\u00e3o News\"},\"image\":{\"@id\":\"https:\\\/\\\/regiaonews.net.br\\\/2022\\\/#\\\/schema\\\/logo\\\/image\\\/\"}},{\"@type\":\"Person\",\"@id\":\"https:\\\/\\\/regiaonews.net.br\\\/2022\\\/#\\\/schema\\\/person\\\/2d205a608a5aa97ac279d7a5e6d89ad8\",\"name\":\"Roberto\",\"image\":{\"@type\":\"ImageObject\",\"inLanguage\":\"pt-BR\",\"@id\":\"https:\\\/\\\/secure.gravatar.com\\\/avatar\\\/42749d8b712ff9d59ca93dc150494e5b55a44134482993f5baeb97e61b7ecc89?s=96&d=mm&r=g\",\"url\":\"https:\\\/\\\/secure.gravatar.com\\\/avatar\\\/42749d8b712ff9d59ca93dc150494e5b55a44134482993f5baeb97e61b7ecc89?s=96&d=mm&r=g\",\"contentUrl\":\"https:\\\/\\\/secure.gravatar.com\\\/avatar\\\/42749d8b712ff9d59ca93dc150494e5b55a44134482993f5baeb97e61b7ecc89?s=96&d=mm&r=g\",\"caption\":\"Roberto\"},\"url\":\"https:\\\/\\\/regiaonews.net.br\\\/2022\\\/author\\\/roberto\\\/\"}]}<\/script>\n<!-- \/ Yoast SEO plugin. -->","yoast_head_json":{"title":"Prefeitrura comunica reativa\u00e7\u00e3o do CastraM\u00f3vel e lan\u00e7a \u2018Leva e Traz - Pet\u2019 - Regi\u00e3o News","robots":{"index":"index","follow":"follow","max-snippet":"max-snippet:-1","max-image-preview":"max-image-preview:large","max-video-preview":"max-video-preview:-1"},"canonical":"https:\/\/regiaonews.net.br\/2022\/2024\/02\/01\/100784\/","og_locale":"pt_BR","og_type":"article","og_title":"Prefeitrura comunica reativa\u00e7\u00e3o do CastraM\u00f3vel e lan\u00e7a \u2018Leva e Traz - Pet\u2019 - Regi\u00e3o News","og_description":"Novidades foram apresentadas pela prefeita Paula Lemos no in\u00edcio da","og_url":"https:\/\/regiaonews.net.br\/2022\/2024\/02\/01\/100784\/","og_site_name":"Regi\u00e3o News","article_published_time":"2024-02-01T14:18:08+00:00","article_modified_time":"2024-02-01T22:05:07+00:00","og_image":[{"width":1600,"height":1067,"url":"https:\/\/regiaonews.net.br\/2022\/wp-content\/uploads\/2024\/02\/Imagem-do-WhatsApp-de-2024-02-01-as-10.02.26_efed8438.jpg","type":"image\/jpeg"}],"author":"Roberto","twitter_card":"summary_large_image","twitter_misc":{"Escrito por":"Roberto","Est. tempo de leitura":"6 minutos"},"schema":{"@context":"https:\/\/schema.org","@graph":[{"@type":"Article","@id":"https:\/\/regiaonews.net.br\/2022\/2024\/02\/01\/100784\/#article","isPartOf":{"@id":"https:\/\/regiaonews.net.br\/2022\/2024\/02\/01\/100784\/"},"author":{"name":"Roberto","@id":"https:\/\/regiaonews.net.br\/2022\/#\/schema\/person\/2d205a608a5aa97ac279d7a5e6d89ad8"},"headline":"Prefeitrura comunica reativa\u00e7\u00e3o do CastraM\u00f3vel e lan\u00e7a \u2018Leva e Traz &#8211; Pet\u2019","datePublished":"2024-02-01T14:18:08+00:00","dateModified":"2024-02-01T22:05:07+00:00","mainEntityOfPage":{"@id":"https:\/\/regiaonews.net.br\/2022\/2024\/02\/01\/100784\/"},"wordCount":1013,"commentCount":0,"publisher":{"@id":"https:\/\/regiaonews.net.br\/2022\/#organization"},"image":{"@id":"https:\/\/regiaonews.net.br\/2022\/2024\/02\/01\/100784\/#primaryimage"},"thumbnailUrl":"https:\/\/regiaonews.net.br\/2022\/wp-content\/uploads\/2024\/02\/Imagem-do-WhatsApp-de-2024-02-01-as-10.02.26_efed8438.jpg","articleSection":["Barretos","Geral"],"inLanguage":"pt-BR","potentialAction":[{"@type":"CommentAction","name":"Comment","target":["https:\/\/regiaonews.net.br\/2022\/2024\/02\/01\/100784\/#respond"]}]},{"@type":"WebPage","@id":"https:\/\/regiaonews.net.br\/2022\/2024\/02\/01\/100784\/","url":"https:\/\/regiaonews.net.br\/2022\/2024\/02\/01\/100784\/","name":"Prefeitrura comunica reativa\u00e7\u00e3o do CastraM\u00f3vel e lan\u00e7a \u2018Leva e Traz - Pet\u2019 - Regi\u00e3o News","isPartOf":{"@id":"https:\/\/regiaonews.net.br\/2022\/#website"},"primaryImageOfPage":{"@id":"https:\/\/regiaonews.net.br\/2022\/2024\/02\/01\/100784\/#primaryimage"},"image":{"@id":"https:\/\/regiaonews.net.br\/2022\/2024\/02\/01\/100784\/#primaryimage"},"thumbnailUrl":"https:\/\/regiaonews.net.br\/2022\/wp-content\/uploads\/2024\/02\/Imagem-do-WhatsApp-de-2024-02-01-as-10.02.26_efed8438.jpg","datePublished":"2024-02-01T14:18:08+00:00","dateModified":"2024-02-01T22:05:07+00:00","breadcrumb":{"@id":"https:\/\/regiaonews.net.br\/2022\/2024\/02\/01\/100784\/#breadcrumb"},"inLanguage":"pt-BR","potentialAction":[{"@type":"ReadAction","target":["https:\/\/regiaonews.net.br\/2022\/2024\/02\/01\/100784\/"]}]},{"@type":"ImageObject","inLanguage":"pt-BR","@id":"https:\/\/regiaonews.net.br\/2022\/2024\/02\/01\/100784\/#primaryimage","url":"https:\/\/regiaonews.net.br\/2022\/wp-content\/uploads\/2024\/02\/Imagem-do-WhatsApp-de-2024-02-01-as-10.02.26_efed8438.jpg","contentUrl":"https:\/\/regiaonews.net.br\/2022\/wp-content\/uploads\/2024\/02\/Imagem-do-WhatsApp-de-2024-02-01-as-10.02.26_efed8438.jpg","width":1600,"height":1067},{"@type":"BreadcrumbList","@id":"https:\/\/regiaonews.net.br\/2022\/2024\/02\/01\/100784\/#breadcrumb","itemListElement":[{"@type":"ListItem","position":1,"name":"In\u00edcio","item":"https:\/\/regiaonews.net.br\/2022\/"},{"@type":"ListItem","position":2,"name":"Prefeitrura comunica reativa\u00e7\u00e3o do CastraM\u00f3vel e lan\u00e7a \u2018Leva e Traz &#8211; Pet\u2019"}]},{"@type":"WebSite","@id":"https:\/\/regiaonews.net.br\/2022\/#website","url":"https:\/\/regiaonews.net.br\/2022\/","name":"Regi\u00e3o News","description":"Site de Not\u00edcias de Barretos e regi\u00e3o","publisher":{"@id":"https:\/\/regiaonews.net.br\/2022\/#organization"},"potentialAction":[{"@type":"SearchAction","target":{"@type":"EntryPoint","urlTemplate":"https:\/\/regiaonews.net.br\/2022\/?s={search_term_string}"},"query-input":{"@type":"PropertyValueSpecification","valueRequired":true,"valueName":"search_term_string"}}],"inLanguage":"pt-BR"},{"@type":"Organization","@id":"https:\/\/regiaonews.net.br\/2022\/#organization","name":"Regi\u00e3o News","url":"https:\/\/regiaonews.net.br\/2022\/","logo":{"@type":"ImageObject","inLanguage":"pt-BR","@id":"https:\/\/regiaonews.net.br\/2022\/#\/schema\/logo\/image\/","url":"https:\/\/regiaonews.net.br\/2022\/wp-content\/uploads\/2026\/03\/regiao-13-anos-scaled.jpg","contentUrl":"https:\/\/regiaonews.net.br\/2022\/wp-content\/uploads\/2026\/03\/regiao-13-anos-scaled.jpg","width":2560,"height":635,"caption":"Regi\u00e3o News"},"image":{"@id":"https:\/\/regiaonews.net.br\/2022\/#\/schema\/logo\/image\/"}},{"@type":"Person","@id":"https:\/\/regiaonews.net.br\/2022\/#\/schema\/person\/2d205a608a5aa97ac279d7a5e6d89ad8","name":"Roberto","image":{"@type":"ImageObject","inLanguage":"pt-BR","@id":"https:\/\/secure.gravatar.com\/avatar\/42749d8b712ff9d59ca93dc150494e5b55a44134482993f5baeb97e61b7ecc89?s=96&d=mm&r=g","url":"https:\/\/secure.gravatar.com\/avatar\/42749d8b712ff9d59ca93dc150494e5b55a44134482993f5baeb97e61b7ecc89?s=96&d=mm&r=g","contentUrl":"https:\/\/secure.gravatar.com\/avatar\/42749d8b712ff9d59ca93dc150494e5b55a44134482993f5baeb97e61b7ecc89?s=96&d=mm&r=g","caption":"Roberto"},"url":"https:\/\/regiaonews.net.br\/2022\/author\/roberto\/"}]}},"publishpress_future_action":{"enabled":false,"date":"2026-05-04 02:03:44","action":"change-status","newStatus":"draft","terms":[],"taxonomy":"category","extraData":[]},"publishpress_future_workflow_manual_trigger":{"enabledWorkflows":[]},"_links":{"self":[{"href":"https:\/\/regiaonews.net.br\/2022\/wp-json\/wp\/v2\/posts\/100784","targetHints":{"allow":["GET"]}}],"collection":[{"href":"https:\/\/regiaonews.net.br\/2022\/wp-json\/wp\/v2\/posts"}],"about":[{"href":"https:\/\/regiaonews.net.br\/2022\/wp-json\/wp\/v2\/types\/post"}],"author":[{"embeddable":true,"href":"https:\/\/regiaonews.net.br\/2022\/wp-json\/wp\/v2\/users\/2"}],"replies":[{"embeddable":true,"href":"https:\/\/regiaonews.net.br\/2022\/wp-json\/wp\/v2\/comments?post=100784"}],"version-history":[{"count":3,"href":"https:\/\/regiaonews.net.br\/2022\/wp-json\/wp\/v2\/posts\/100784\/revisions"}],"predecessor-version":[{"id":100798,"href":"https:\/\/regiaonews.net.br\/2022\/wp-json\/wp\/v2\/posts\/100784\/revisions\/100798"}],"wp:featuredmedia":[{"embeddable":true,"href":"https:\/\/regiaonews.net.br\/2022\/wp-json\/wp\/v2\/media\/100785"}],"wp:attachment":[{"href":"https:\/\/regiaonews.net.br\/2022\/wp-json\/wp\/v2\/media?parent=100784"}],"wp:term":[{"taxonomy":"category","embeddable":true,"href":"https:\/\/regiaonews.net.br\/2022\/wp-json\/wp\/v2\/categories?post=100784"},{"taxonomy":"post_tag","embeddable":true,"href":"https:\/\/regiaonews.net.br\/2022\/wp-json\/wp\/v2\/tags?post=100784"}],"curies":[{"name":"wp","href":"https:\/\/api.w.org\/{rel}","templated":true}]}}