{"id":100781,"date":"2024-02-01T08:13:50","date_gmt":"2024-02-01T11:13:50","guid":{"rendered":"https:\/\/regiaonews.net.br\/2022\/?p=100781"},"modified":"2024-02-01T08:13:50","modified_gmt":"2024-02-01T11:13:50","slug":"unifeb-encerra-temporada-2024-de-colacoes-de-grau-totalizando-oito-solenidades-e-16-turmas-de-formandos","status":"publish","type":"post","link":"https:\/\/regiaonews.net.br\/2022\/2024\/02\/01\/unifeb-encerra-temporada-2024-de-colacoes-de-grau-totalizando-oito-solenidades-e-16-turmas-de-formandos\/","title":{"rendered":"UNIFEB encerra temporada 2024 de cola\u00e7\u00f5es de grau totalizando oito solenidades e 16 turmas de formandos"},"content":{"rendered":"<h3 style=\"text-align: center;\"><b>A \u00faltima cerim\u00f4nia foi dos cursos de Engenharia Civil, Engenharia El\u00e9trica e Engenharia Qu\u00edmica<\/b><\/h3>\n<p>Chegou ao fim a temporada 2024 de cola\u00e7\u00f5es de grau do UNIFEB (Centro Universit\u00e1rio da Funda\u00e7\u00e3o Educacional de Barretos) nesta ter\u00e7a-feira, dia 30 de janeiro, em cerim\u00f4nia emocionante realizada no Teatro Jorge Andrade. Os \u00faltimos cursos a colarem grau foram Engenharia Civil, Engenharia El\u00e9trica e Engenharia Qu\u00edmica.<\/p>\n<p>Em seu discurso, o Reitor do UNIFEB, Prof. Dr. Angelo Davis, enalteceu a import\u00e2ncia da institui\u00e7\u00e3o que h\u00e1 60 anos oferece ensino superior de qualidade para Barretos e regi\u00e3o, com a miss\u00e3o de gerar conhecimento e torn\u00e1-lo acess\u00edvel aos alunos. Ele lembrou que os primeiros cursos implantados foram na \u00e1rea da engenharia. \u201cA FEB (Funda\u00e7\u00e3o Educacional de Barretos) come\u00e7ou sua hist\u00f3ria com os cursos de Engenharia Civil e Engenharia El\u00e9trica formando profissionais de grande sucesso que atuam pelo Brasil afora e em todos os continentes do planeta. Tenho plena convic\u00e7\u00e3o que voc\u00eas, integrantes destas tr\u00eas turmas, ser\u00e3o protagonistas desta nova gera\u00e7\u00e3o de engenheiros formados pelo UNIFEB\u201d, destacou.<\/p>\n<p>A mesa de autoridades ainda foi composta por Rene Rodrigues Oliveira Silva, representante do Conselho Curador da FEB (Funda\u00e7\u00e3o Educacional de Barretos); Profa. Dra. Neide Lefelhd, diretora acad\u00eamica do UNIFEB; Prof. Me. Ricardo Paganelli de Lima, coordenador do curso de Engenharia Civil e paraninfo da turma; Prof. Me. Gabriel In\u00e1cio Pontin, coordenador dos cursos de Engenharia Mec\u00e2nica, Engenharia de Produ\u00e7\u00e3o e F\u00edsica M\u00e9dica, e professor homenageado da turma de Engenharia Qu\u00edmica; Prof. Me. Anderson Luiz Aguiar Vila\u00e7a, paraninfo da turma de Engenharia El\u00e9trica; Prof. Me. Gabriel Moreira Migliore, patrono e professor homenageado da turma de Engenharia Civil; Pl\u00e1cido Martins J\u00fanior, secret\u00e1rio de Obras e Servi\u00e7os Urbanos, representante da Prefeitura da Est\u00e2ncia Tur\u00edstica de Barretos; Cristiana Lopes Vilarinho, engenheira civil e conselheira do CREA\/SP (Conselho Regional de Engenharia e Agronomia) de S\u00e3o Paulo; Tatiane Briole, engenheira qu\u00edmica e gerente regional do CREA\/SP; Aline Martini Tonetto Figueiredo, representante do CRQ (Conselho Regional de Qu\u00edmica) da IV Regi\u00e3o; Prof. Me. Deoclides Alves de Almeida J\u00fanior, patrono da turma de Engenharia El\u00e9trica; Thiago Vasconcelos, presidente da Casa dos Engenheiros e Arquitetos de Barretos; Profa. Me. Viviane Aparecida Zacheu Viana, patronesse da turma de Engenharia Qu\u00edmica; Profa. Dra. Rosangela de Carvalho Goulart Guedes Prado, homenageada da turma de Engenharia Qu\u00edmica; Prof. Dr. Celio Fernando dos Santos Camargo, homenageado da turma de Engenharia Qu\u00edmica; Prof. Me. Manoel Gomes de Andrade, homenageado da turma de Engenharia El\u00e9trica; e Prof. Me. Salmen Saleme Gidr\u00e3o, homenageado da turma de Engenharia Civil.<\/p>\n<p>Ao todo foram oito dias de cerim\u00f4nias com 16 turmas de formandos e grande p\u00fablico em todas as solenidades. O UNIFEB investiu na melhoria da infraestrutura do Teatro Jorge Andrade para receber de maneira mais confort\u00e1vel os formandos, familiares e amigos. A temporada de cola\u00e7\u00f5es de grau \u00e9 considerada um dos eventos mais importantes realizados pelo Centro Universit\u00e1rio e envolve dezenas de colaboradores internos e externos.<\/p>\n<p>O pr\u00f3ximo grande evento do UNIFEB ser\u00e1 em 19 de fevereiro quando mais de mil novos alunos matriculados no Vestibular\/2024 iniciar\u00e3o as aulas. Haver\u00e1 uma recep\u00e7\u00e3o especial, al\u00e9m de palestras e outras atividades.<\/p>\n<p><b><i>Confira os formandos de Engenharia Civil, Engenharia El\u00e9trica e Engenharia Qu\u00edmica que colaram grau:<\/i><\/b><\/p>\n<p>&nbsp;<\/p>\n<p><b>54\u00aa TURMA DE ENGENHARIA CIVIL<\/b><\/p>\n<p>CAIQUE GON\u00c7ALVES SOUZA<\/p>\n<p>CAMILA CRISTINA DOS SANTOS<\/p>\n<p>CRISTIAN VITOR BARBOSA<\/p>\n<p>EDUARDO CARLOS DA CRUZ<\/p>\n<p>ERICK SUGIYAMA<\/p>\n<p>FELIPE MIRANDA FERREIRA<\/p>\n<p>FERNANDA LUCIANO DE ARAUJO<\/p>\n<p>GIOVANI SILVEIRA DOS SANTOS<\/p>\n<p>HENRIQUE DA SILVA<\/p>\n<p>ISABELLA XAVIER CERIBELLI<\/p>\n<p>ISABELLE CRISTINE MONTEIRO FERREIRA<\/p>\n<p>JO\u00c3O GABRIEL PINA SILVA<\/p>\n<p>KENJI LUCAS ITO<\/p>\n<p>MARCELLA LIBERATO SILVERIO<\/p>\n<p>MARCELO TAVARES PONTES<\/p>\n<p>MARCOS ANTONIO MESSIAS<\/p>\n<p>MARIA EDUARDA OLIVEIRA DA COSTA<\/p>\n<p>MARIA LUIZA SABINO SOARES<\/p>\n<p>MATHEUS FERNANDO CASSIANO MUSSOLIN<\/p>\n<p>MURILO GOMES VASCONCELOS LOPES<\/p>\n<p>OT\u00c1VIO AUGUSTO RODRIGUES DE S\u00c3O JUSTO<\/p>\n<p>THIAGO HENRIQUE POLIZELLI<\/p>\n<p>VICT\u00d3RIA DE PAULA TAVARES BORGES<\/p>\n<p>YORRANA FARIA DA SILVA<\/p>\n<p>&nbsp;<\/p>\n<p><b>54\u00aa TURMA DE ENGENHARIA EL\u00c9TRICA<\/b><\/p>\n<p>EDUARDO SILVA MARTINS<\/p>\n<p>GABRIEL OLIVEIRA BONATO<\/p>\n<p>GIOVANI WALTRS PELI\u00c7\u00c3O<\/p>\n<p>JO\u00c3O VICTOR DE OLIVEIRA MASSANEIRO<\/p>\n<p>JOS\u00c9 REINALDO SIQUEIRA DE ANDRADE<\/p>\n<p>LUCAS FERREIRA DA SILVA<\/p>\n<p>LUIZ GUSTAVO BOMFIM<\/p>\n<p>MARCELO HENRIQUE SOARES DE OLIVEIRA<\/p>\n<p>N\u00cdCOLAS ALBERTO PEREIRA SPRONE<\/p>\n<p>&nbsp;<\/p>\n<p><b>11\u00aa TURMA DE ENGENHARIA QU\u00cdMICA<\/b><\/p>\n<p>BRENDA RUBIA CASTRO BISCASSI<\/p>\n<p>GUSTAVO HENRIQUE DE FREITAS<\/p>\n<p>JACKSON RODRIGUES DA MOTA<\/p>\n<p>MARCELO BRUNO<\/p>\n<p>MARIA EDUARDA LOPES MENDES<\/p>\n<p>THIAGO HENRIQUE PEREIRA<\/p>\n<p>VANESSA AVELAR DOMINGOS<\/p>\n","protected":false},"excerpt":{"rendered":"<p>A \u00faltima cerim\u00f4nia foi dos cursos de Engenharia Civil, Engenharia<\/p>\n","protected":false},"author":2,"featured_media":100782,"comment_status":"open","ping_status":"open","sticky":false,"template":"","format":"standard","meta":{"footnotes":""},"categories":[14,3],"tags":[],"class_list":["post-100781","post","type-post","status-publish","format-standard","has-post-thumbnail","hentry","category-barretos","category-geral"],"yoast_head":"<!-- This site is optimized with the Yoast SEO plugin v27.4 - https:\/\/yoast.com\/product\/yoast-seo-wordpress\/ -->\n<title>UNIFEB encerra temporada 2024 de cola\u00e7\u00f5es de grau totalizando oito solenidades e 16 turmas de formandos - Regi\u00e3o News<\/title>\n<meta name=\"robots\" content=\"index, follow, max-snippet:-1, max-image-preview:large, max-video-preview:-1\" \/>\n<link rel=\"canonical\" href=\"https:\/\/regiaonews.net.br\/2022\/2024\/02\/01\/unifeb-encerra-temporada-2024-de-colacoes-de-grau-totalizando-oito-solenidades-e-16-turmas-de-formandos\/\" \/>\n<meta property=\"og:locale\" content=\"pt_BR\" \/>\n<meta property=\"og:type\" content=\"article\" \/>\n<meta property=\"og:title\" content=\"UNIFEB encerra temporada 2024 de cola\u00e7\u00f5es de grau totalizando oito solenidades e 16 turmas de formandos - Regi\u00e3o News\" \/>\n<meta property=\"og:description\" content=\"A \u00faltima cerim\u00f4nia foi dos cursos de Engenharia Civil, Engenharia\" \/>\n<meta property=\"og:url\" content=\"https:\/\/regiaonews.net.br\/2022\/2024\/02\/01\/unifeb-encerra-temporada-2024-de-colacoes-de-grau-totalizando-oito-solenidades-e-16-turmas-de-formandos\/\" \/>\n<meta property=\"og:site_name\" content=\"Regi\u00e3o News\" \/>\n<meta property=\"article:published_time\" content=\"2024-02-01T11:13:50+00:00\" \/>\n<meta property=\"og:image\" content=\"https:\/\/regiaonews.net.br\/2022\/wp-content\/uploads\/2024\/02\/Colacao_4.jpeg\" \/>\n\t<meta property=\"og:image:width\" content=\"800\" \/>\n\t<meta property=\"og:image:height\" content=\"600\" \/>\n\t<meta property=\"og:image:type\" content=\"image\/jpeg\" \/>\n<meta name=\"author\" content=\"Roberto\" \/>\n<meta name=\"twitter:card\" content=\"summary_large_image\" \/>\n<meta name=\"twitter:label1\" content=\"Escrito por\" \/>\n\t<meta name=\"twitter:data1\" content=\"Roberto\" \/>\n\t<meta name=\"twitter:label2\" content=\"Est. tempo de leitura\" \/>\n\t<meta name=\"twitter:data2\" content=\"4 minutos\" \/>\n<script type=\"application\/ld+json\" class=\"yoast-schema-graph\">{\"@context\":\"https:\\\/\\\/schema.org\",\"@graph\":[{\"@type\":\"Article\",\"@id\":\"https:\\\/\\\/regiaonews.net.br\\\/2022\\\/2024\\\/02\\\/01\\\/unifeb-encerra-temporada-2024-de-colacoes-de-grau-totalizando-oito-solenidades-e-16-turmas-de-formandos\\\/#article\",\"isPartOf\":{\"@id\":\"https:\\\/\\\/regiaonews.net.br\\\/2022\\\/2024\\\/02\\\/01\\\/unifeb-encerra-temporada-2024-de-colacoes-de-grau-totalizando-oito-solenidades-e-16-turmas-de-formandos\\\/\"},\"author\":{\"name\":\"Roberto\",\"@id\":\"https:\\\/\\\/regiaonews.net.br\\\/2022\\\/#\\\/schema\\\/person\\\/2d205a608a5aa97ac279d7a5e6d89ad8\"},\"headline\":\"UNIFEB encerra temporada 2024 de cola\u00e7\u00f5es de grau totalizando oito solenidades e 16 turmas de formandos\",\"datePublished\":\"2024-02-01T11:13:50+00:00\",\"mainEntityOfPage\":{\"@id\":\"https:\\\/\\\/regiaonews.net.br\\\/2022\\\/2024\\\/02\\\/01\\\/unifeb-encerra-temporada-2024-de-colacoes-de-grau-totalizando-oito-solenidades-e-16-turmas-de-formandos\\\/\"},\"wordCount\":769,\"commentCount\":0,\"publisher\":{\"@id\":\"https:\\\/\\\/regiaonews.net.br\\\/2022\\\/#organization\"},\"image\":{\"@id\":\"https:\\\/\\\/regiaonews.net.br\\\/2022\\\/2024\\\/02\\\/01\\\/unifeb-encerra-temporada-2024-de-colacoes-de-grau-totalizando-oito-solenidades-e-16-turmas-de-formandos\\\/#primaryimage\"},\"thumbnailUrl\":\"https:\\\/\\\/regiaonews.net.br\\\/2022\\\/wp-content\\\/uploads\\\/2024\\\/02\\\/Colacao_4.jpeg\",\"articleSection\":[\"Barretos\",\"Geral\"],\"inLanguage\":\"pt-BR\",\"potentialAction\":[{\"@type\":\"CommentAction\",\"name\":\"Comment\",\"target\":[\"https:\\\/\\\/regiaonews.net.br\\\/2022\\\/2024\\\/02\\\/01\\\/unifeb-encerra-temporada-2024-de-colacoes-de-grau-totalizando-oito-solenidades-e-16-turmas-de-formandos\\\/#respond\"]}]},{\"@type\":\"WebPage\",\"@id\":\"https:\\\/\\\/regiaonews.net.br\\\/2022\\\/2024\\\/02\\\/01\\\/unifeb-encerra-temporada-2024-de-colacoes-de-grau-totalizando-oito-solenidades-e-16-turmas-de-formandos\\\/\",\"url\":\"https:\\\/\\\/regiaonews.net.br\\\/2022\\\/2024\\\/02\\\/01\\\/unifeb-encerra-temporada-2024-de-colacoes-de-grau-totalizando-oito-solenidades-e-16-turmas-de-formandos\\\/\",\"name\":\"UNIFEB encerra temporada 2024 de cola\u00e7\u00f5es de grau totalizando oito solenidades e 16 turmas de formandos - Regi\u00e3o News\",\"isPartOf\":{\"@id\":\"https:\\\/\\\/regiaonews.net.br\\\/2022\\\/#website\"},\"primaryImageOfPage\":{\"@id\":\"https:\\\/\\\/regiaonews.net.br\\\/2022\\\/2024\\\/02\\\/01\\\/unifeb-encerra-temporada-2024-de-colacoes-de-grau-totalizando-oito-solenidades-e-16-turmas-de-formandos\\\/#primaryimage\"},\"image\":{\"@id\":\"https:\\\/\\\/regiaonews.net.br\\\/2022\\\/2024\\\/02\\\/01\\\/unifeb-encerra-temporada-2024-de-colacoes-de-grau-totalizando-oito-solenidades-e-16-turmas-de-formandos\\\/#primaryimage\"},\"thumbnailUrl\":\"https:\\\/\\\/regiaonews.net.br\\\/2022\\\/wp-content\\\/uploads\\\/2024\\\/02\\\/Colacao_4.jpeg\",\"datePublished\":\"2024-02-01T11:13:50+00:00\",\"breadcrumb\":{\"@id\":\"https:\\\/\\\/regiaonews.net.br\\\/2022\\\/2024\\\/02\\\/01\\\/unifeb-encerra-temporada-2024-de-colacoes-de-grau-totalizando-oito-solenidades-e-16-turmas-de-formandos\\\/#breadcrumb\"},\"inLanguage\":\"pt-BR\",\"potentialAction\":[{\"@type\":\"ReadAction\",\"target\":[\"https:\\\/\\\/regiaonews.net.br\\\/2022\\\/2024\\\/02\\\/01\\\/unifeb-encerra-temporada-2024-de-colacoes-de-grau-totalizando-oito-solenidades-e-16-turmas-de-formandos\\\/\"]}]},{\"@type\":\"ImageObject\",\"inLanguage\":\"pt-BR\",\"@id\":\"https:\\\/\\\/regiaonews.net.br\\\/2022\\\/2024\\\/02\\\/01\\\/unifeb-encerra-temporada-2024-de-colacoes-de-grau-totalizando-oito-solenidades-e-16-turmas-de-formandos\\\/#primaryimage\",\"url\":\"https:\\\/\\\/regiaonews.net.br\\\/2022\\\/wp-content\\\/uploads\\\/2024\\\/02\\\/Colacao_4.jpeg\",\"contentUrl\":\"https:\\\/\\\/regiaonews.net.br\\\/2022\\\/wp-content\\\/uploads\\\/2024\\\/02\\\/Colacao_4.jpeg\",\"width\":800,\"height\":600},{\"@type\":\"BreadcrumbList\",\"@id\":\"https:\\\/\\\/regiaonews.net.br\\\/2022\\\/2024\\\/02\\\/01\\\/unifeb-encerra-temporada-2024-de-colacoes-de-grau-totalizando-oito-solenidades-e-16-turmas-de-formandos\\\/#breadcrumb\",\"itemListElement\":[{\"@type\":\"ListItem\",\"position\":1,\"name\":\"In\u00edcio\",\"item\":\"https:\\\/\\\/regiaonews.net.br\\\/2022\\\/\"},{\"@type\":\"ListItem\",\"position\":2,\"name\":\"UNIFEB encerra temporada 2024 de cola\u00e7\u00f5es de grau totalizando oito solenidades e 16 turmas de formandos\"}]},{\"@type\":\"WebSite\",\"@id\":\"https:\\\/\\\/regiaonews.net.br\\\/2022\\\/#website\",\"url\":\"https:\\\/\\\/regiaonews.net.br\\\/2022\\\/\",\"name\":\"Regi\u00e3o News\",\"description\":\"Site de Not\u00edcias de Barretos e regi\u00e3o\",\"publisher\":{\"@id\":\"https:\\\/\\\/regiaonews.net.br\\\/2022\\\/#organization\"},\"potentialAction\":[{\"@type\":\"SearchAction\",\"target\":{\"@type\":\"EntryPoint\",\"urlTemplate\":\"https:\\\/\\\/regiaonews.net.br\\\/2022\\\/?s={search_term_string}\"},\"query-input\":{\"@type\":\"PropertyValueSpecification\",\"valueRequired\":true,\"valueName\":\"search_term_string\"}}],\"inLanguage\":\"pt-BR\"},{\"@type\":\"Organization\",\"@id\":\"https:\\\/\\\/regiaonews.net.br\\\/2022\\\/#organization\",\"name\":\"Regi\u00e3o News\",\"url\":\"https:\\\/\\\/regiaonews.net.br\\\/2022\\\/\",\"logo\":{\"@type\":\"ImageObject\",\"inLanguage\":\"pt-BR\",\"@id\":\"https:\\\/\\\/regiaonews.net.br\\\/2022\\\/#\\\/schema\\\/logo\\\/image\\\/\",\"url\":\"https:\\\/\\\/regiaonews.net.br\\\/2022\\\/wp-content\\\/uploads\\\/2026\\\/03\\\/regiao-13-anos-scaled.jpg\",\"contentUrl\":\"https:\\\/\\\/regiaonews.net.br\\\/2022\\\/wp-content\\\/uploads\\\/2026\\\/03\\\/regiao-13-anos-scaled.jpg\",\"width\":2560,\"height\":635,\"caption\":\"Regi\u00e3o News\"},\"image\":{\"@id\":\"https:\\\/\\\/regiaonews.net.br\\\/2022\\\/#\\\/schema\\\/logo\\\/image\\\/\"}},{\"@type\":\"Person\",\"@id\":\"https:\\\/\\\/regiaonews.net.br\\\/2022\\\/#\\\/schema\\\/person\\\/2d205a608a5aa97ac279d7a5e6d89ad8\",\"name\":\"Roberto\",\"image\":{\"@type\":\"ImageObject\",\"inLanguage\":\"pt-BR\",\"@id\":\"https:\\\/\\\/secure.gravatar.com\\\/avatar\\\/42749d8b712ff9d59ca93dc150494e5b55a44134482993f5baeb97e61b7ecc89?s=96&d=mm&r=g\",\"url\":\"https:\\\/\\\/secure.gravatar.com\\\/avatar\\\/42749d8b712ff9d59ca93dc150494e5b55a44134482993f5baeb97e61b7ecc89?s=96&d=mm&r=g\",\"contentUrl\":\"https:\\\/\\\/secure.gravatar.com\\\/avatar\\\/42749d8b712ff9d59ca93dc150494e5b55a44134482993f5baeb97e61b7ecc89?s=96&d=mm&r=g\",\"caption\":\"Roberto\"},\"url\":\"https:\\\/\\\/regiaonews.net.br\\\/2022\\\/author\\\/roberto\\\/\"}]}<\/script>\n<!-- \/ Yoast SEO plugin. -->","yoast_head_json":{"title":"UNIFEB encerra temporada 2024 de cola\u00e7\u00f5es de grau totalizando oito solenidades e 16 turmas de formandos - Regi\u00e3o News","robots":{"index":"index","follow":"follow","max-snippet":"max-snippet:-1","max-image-preview":"max-image-preview:large","max-video-preview":"max-video-preview:-1"},"canonical":"https:\/\/regiaonews.net.br\/2022\/2024\/02\/01\/unifeb-encerra-temporada-2024-de-colacoes-de-grau-totalizando-oito-solenidades-e-16-turmas-de-formandos\/","og_locale":"pt_BR","og_type":"article","og_title":"UNIFEB encerra temporada 2024 de cola\u00e7\u00f5es de grau totalizando oito solenidades e 16 turmas de formandos - Regi\u00e3o News","og_description":"A \u00faltima cerim\u00f4nia foi dos cursos de Engenharia Civil, Engenharia","og_url":"https:\/\/regiaonews.net.br\/2022\/2024\/02\/01\/unifeb-encerra-temporada-2024-de-colacoes-de-grau-totalizando-oito-solenidades-e-16-turmas-de-formandos\/","og_site_name":"Regi\u00e3o News","article_published_time":"2024-02-01T11:13:50+00:00","og_image":[{"width":800,"height":600,"url":"https:\/\/regiaonews.net.br\/2022\/wp-content\/uploads\/2024\/02\/Colacao_4.jpeg","type":"image\/jpeg"}],"author":"Roberto","twitter_card":"summary_large_image","twitter_misc":{"Escrito por":"Roberto","Est. tempo de leitura":"4 minutos"},"schema":{"@context":"https:\/\/schema.org","@graph":[{"@type":"Article","@id":"https:\/\/regiaonews.net.br\/2022\/2024\/02\/01\/unifeb-encerra-temporada-2024-de-colacoes-de-grau-totalizando-oito-solenidades-e-16-turmas-de-formandos\/#article","isPartOf":{"@id":"https:\/\/regiaonews.net.br\/2022\/2024\/02\/01\/unifeb-encerra-temporada-2024-de-colacoes-de-grau-totalizando-oito-solenidades-e-16-turmas-de-formandos\/"},"author":{"name":"Roberto","@id":"https:\/\/regiaonews.net.br\/2022\/#\/schema\/person\/2d205a608a5aa97ac279d7a5e6d89ad8"},"headline":"UNIFEB encerra temporada 2024 de cola\u00e7\u00f5es de grau totalizando oito solenidades e 16 turmas de formandos","datePublished":"2024-02-01T11:13:50+00:00","mainEntityOfPage":{"@id":"https:\/\/regiaonews.net.br\/2022\/2024\/02\/01\/unifeb-encerra-temporada-2024-de-colacoes-de-grau-totalizando-oito-solenidades-e-16-turmas-de-formandos\/"},"wordCount":769,"commentCount":0,"publisher":{"@id":"https:\/\/regiaonews.net.br\/2022\/#organization"},"image":{"@id":"https:\/\/regiaonews.net.br\/2022\/2024\/02\/01\/unifeb-encerra-temporada-2024-de-colacoes-de-grau-totalizando-oito-solenidades-e-16-turmas-de-formandos\/#primaryimage"},"thumbnailUrl":"https:\/\/regiaonews.net.br\/2022\/wp-content\/uploads\/2024\/02\/Colacao_4.jpeg","articleSection":["Barretos","Geral"],"inLanguage":"pt-BR","potentialAction":[{"@type":"CommentAction","name":"Comment","target":["https:\/\/regiaonews.net.br\/2022\/2024\/02\/01\/unifeb-encerra-temporada-2024-de-colacoes-de-grau-totalizando-oito-solenidades-e-16-turmas-de-formandos\/#respond"]}]},{"@type":"WebPage","@id":"https:\/\/regiaonews.net.br\/2022\/2024\/02\/01\/unifeb-encerra-temporada-2024-de-colacoes-de-grau-totalizando-oito-solenidades-e-16-turmas-de-formandos\/","url":"https:\/\/regiaonews.net.br\/2022\/2024\/02\/01\/unifeb-encerra-temporada-2024-de-colacoes-de-grau-totalizando-oito-solenidades-e-16-turmas-de-formandos\/","name":"UNIFEB encerra temporada 2024 de cola\u00e7\u00f5es de grau totalizando oito solenidades e 16 turmas de formandos - Regi\u00e3o News","isPartOf":{"@id":"https:\/\/regiaonews.net.br\/2022\/#website"},"primaryImageOfPage":{"@id":"https:\/\/regiaonews.net.br\/2022\/2024\/02\/01\/unifeb-encerra-temporada-2024-de-colacoes-de-grau-totalizando-oito-solenidades-e-16-turmas-de-formandos\/#primaryimage"},"image":{"@id":"https:\/\/regiaonews.net.br\/2022\/2024\/02\/01\/unifeb-encerra-temporada-2024-de-colacoes-de-grau-totalizando-oito-solenidades-e-16-turmas-de-formandos\/#primaryimage"},"thumbnailUrl":"https:\/\/regiaonews.net.br\/2022\/wp-content\/uploads\/2024\/02\/Colacao_4.jpeg","datePublished":"2024-02-01T11:13:50+00:00","breadcrumb":{"@id":"https:\/\/regiaonews.net.br\/2022\/2024\/02\/01\/unifeb-encerra-temporada-2024-de-colacoes-de-grau-totalizando-oito-solenidades-e-16-turmas-de-formandos\/#breadcrumb"},"inLanguage":"pt-BR","potentialAction":[{"@type":"ReadAction","target":["https:\/\/regiaonews.net.br\/2022\/2024\/02\/01\/unifeb-encerra-temporada-2024-de-colacoes-de-grau-totalizando-oito-solenidades-e-16-turmas-de-formandos\/"]}]},{"@type":"ImageObject","inLanguage":"pt-BR","@id":"https:\/\/regiaonews.net.br\/2022\/2024\/02\/01\/unifeb-encerra-temporada-2024-de-colacoes-de-grau-totalizando-oito-solenidades-e-16-turmas-de-formandos\/#primaryimage","url":"https:\/\/regiaonews.net.br\/2022\/wp-content\/uploads\/2024\/02\/Colacao_4.jpeg","contentUrl":"https:\/\/regiaonews.net.br\/2022\/wp-content\/uploads\/2024\/02\/Colacao_4.jpeg","width":800,"height":600},{"@type":"BreadcrumbList","@id":"https:\/\/regiaonews.net.br\/2022\/2024\/02\/01\/unifeb-encerra-temporada-2024-de-colacoes-de-grau-totalizando-oito-solenidades-e-16-turmas-de-formandos\/#breadcrumb","itemListElement":[{"@type":"ListItem","position":1,"name":"In\u00edcio","item":"https:\/\/regiaonews.net.br\/2022\/"},{"@type":"ListItem","position":2,"name":"UNIFEB encerra temporada 2024 de cola\u00e7\u00f5es de grau totalizando oito solenidades e 16 turmas de formandos"}]},{"@type":"WebSite","@id":"https:\/\/regiaonews.net.br\/2022\/#website","url":"https:\/\/regiaonews.net.br\/2022\/","name":"Regi\u00e3o News","description":"Site de Not\u00edcias de Barretos e regi\u00e3o","publisher":{"@id":"https:\/\/regiaonews.net.br\/2022\/#organization"},"potentialAction":[{"@type":"SearchAction","target":{"@type":"EntryPoint","urlTemplate":"https:\/\/regiaonews.net.br\/2022\/?s={search_term_string}"},"query-input":{"@type":"PropertyValueSpecification","valueRequired":true,"valueName":"search_term_string"}}],"inLanguage":"pt-BR"},{"@type":"Organization","@id":"https:\/\/regiaonews.net.br\/2022\/#organization","name":"Regi\u00e3o News","url":"https:\/\/regiaonews.net.br\/2022\/","logo":{"@type":"ImageObject","inLanguage":"pt-BR","@id":"https:\/\/regiaonews.net.br\/2022\/#\/schema\/logo\/image\/","url":"https:\/\/regiaonews.net.br\/2022\/wp-content\/uploads\/2026\/03\/regiao-13-anos-scaled.jpg","contentUrl":"https:\/\/regiaonews.net.br\/2022\/wp-content\/uploads\/2026\/03\/regiao-13-anos-scaled.jpg","width":2560,"height":635,"caption":"Regi\u00e3o News"},"image":{"@id":"https:\/\/regiaonews.net.br\/2022\/#\/schema\/logo\/image\/"}},{"@type":"Person","@id":"https:\/\/regiaonews.net.br\/2022\/#\/schema\/person\/2d205a608a5aa97ac279d7a5e6d89ad8","name":"Roberto","image":{"@type":"ImageObject","inLanguage":"pt-BR","@id":"https:\/\/secure.gravatar.com\/avatar\/42749d8b712ff9d59ca93dc150494e5b55a44134482993f5baeb97e61b7ecc89?s=96&d=mm&r=g","url":"https:\/\/secure.gravatar.com\/avatar\/42749d8b712ff9d59ca93dc150494e5b55a44134482993f5baeb97e61b7ecc89?s=96&d=mm&r=g","contentUrl":"https:\/\/secure.gravatar.com\/avatar\/42749d8b712ff9d59ca93dc150494e5b55a44134482993f5baeb97e61b7ecc89?s=96&d=mm&r=g","caption":"Roberto"},"url":"https:\/\/regiaonews.net.br\/2022\/author\/roberto\/"}]}},"publishpress_future_action":{"enabled":false,"date":"2026-05-03 22:59:24","action":"change-status","newStatus":"draft","terms":[],"taxonomy":"category","extraData":[]},"publishpress_future_workflow_manual_trigger":{"enabledWorkflows":[]},"_links":{"self":[{"href":"https:\/\/regiaonews.net.br\/2022\/wp-json\/wp\/v2\/posts\/100781","targetHints":{"allow":["GET"]}}],"collection":[{"href":"https:\/\/regiaonews.net.br\/2022\/wp-json\/wp\/v2\/posts"}],"about":[{"href":"https:\/\/regiaonews.net.br\/2022\/wp-json\/wp\/v2\/types\/post"}],"author":[{"embeddable":true,"href":"https:\/\/regiaonews.net.br\/2022\/wp-json\/wp\/v2\/users\/2"}],"replies":[{"embeddable":true,"href":"https:\/\/regiaonews.net.br\/2022\/wp-json\/wp\/v2\/comments?post=100781"}],"version-history":[{"count":1,"href":"https:\/\/regiaonews.net.br\/2022\/wp-json\/wp\/v2\/posts\/100781\/revisions"}],"predecessor-version":[{"id":100783,"href":"https:\/\/regiaonews.net.br\/2022\/wp-json\/wp\/v2\/posts\/100781\/revisions\/100783"}],"wp:featuredmedia":[{"embeddable":true,"href":"https:\/\/regiaonews.net.br\/2022\/wp-json\/wp\/v2\/media\/100782"}],"wp:attachment":[{"href":"https:\/\/regiaonews.net.br\/2022\/wp-json\/wp\/v2\/media?parent=100781"}],"wp:term":[{"taxonomy":"category","embeddable":true,"href":"https:\/\/regiaonews.net.br\/2022\/wp-json\/wp\/v2\/categories?post=100781"},{"taxonomy":"post_tag","embeddable":true,"href":"https:\/\/regiaonews.net.br\/2022\/wp-json\/wp\/v2\/tags?post=100781"}],"curies":[{"name":"wp","href":"https:\/\/api.w.org\/{rel}","templated":true}]}}