{"id":100764,"date":"2024-01-31T19:24:46","date_gmt":"2024-01-31T22:24:46","guid":{"rendered":"https:\/\/regiaonews.net.br\/2022\/?p=100764"},"modified":"2024-01-31T19:25:09","modified_gmt":"2024-01-31T22:25:09","slug":"contemplados-recebem-casinhas-do-projeto-pet-house","status":"publish","type":"post","link":"https:\/\/regiaonews.net.br\/2022\/2024\/01\/31\/contemplados-recebem-casinhas-do-projeto-pet-house\/","title":{"rendered":"Contemplados recebem Casinhas do Projeto Pet House"},"content":{"rendered":"<p>Teve inicio nesta semana a entrega das casinhas da Campanha Pet House promovida pelo empres\u00e1rio e radialista Odair Silva.<br \/>\nA campanha que aconteceu em Barretos recebeu inscri\u00e7\u00f5es at\u00e9 o dia 15 de dezembro de 2023.<br \/>\nAp\u00f3s as inscri\u00e7\u00f5es, foram selecionados os casos mais cr\u00edticos que receberam a visita da<br \/>\nComiss\u00e3o de Acompanhamento.<br \/>\nOs crit\u00e9rios de sele\u00e7\u00e3o dos contemplados inclu\u00edram a an\u00e1lise das condi\u00e7\u00f5es de vida do animal, a sua sa\u00fade, a situa\u00e7\u00e3o de abandono e a gravidade do caso.<br \/>\nAgora, entre outras condi\u00e7\u00f5es, os benefici\u00e1rios devem garantir que o animal permane\u00e7a sob seu cuidado e sob sua responsabilidade.<br \/>\nTodas as pessoas que receberam as casinhas nesta semana, tem hist\u00f3rias emocionantes que valem a pena serem conhecidas e seguidas como exemplo.<\/p>\n<p>\u00c9 o caso da Aline Lopes e da Camila Pontes Laurindo Vieira, elas alugaram uma casa no Distrito de Alberto Moreira para abrigar os c\u00e3es que s\u00e3o abandonados por l\u00e1. Atualmente elas cuidam de cerca de 15 cachorros e precisam de ajuda para dar continuidade a esse trabalho.<br \/>\nA Sth\u00e9fany Queiroz Vieira e a Lara Maria Queiroz de Oliveira, s\u00e3o duas jovens que junto com seus familiares cuidam de dois c\u00e3es comunit\u00e1rios. Eles ficavam expostos ao sol e a chuva e agora ter\u00e3o a prote\u00e7\u00e3o das casinhas que ser\u00e3o fixadas na cal\u00e7ada.<br \/>\nJ\u00e1 a Elaine Paula Celestino Ferreira, adotou v\u00e1rios c\u00e3es e cuida de outros, buscando inclusive a castra\u00e7\u00e3o das f\u00eameas de rua.<br \/>\nO Luiz Cesar Augusto e sua esposa Suzeli Alves de Almeida Augusto se inscreveram na Campanha Pet House para ganhar casinhas para dois c\u00e3es que vivem na rua onde eles moram e cujos propriet\u00e1rios s\u00e3o carentes e n\u00e3o tem condi\u00e7\u00f5es para comprar.<br \/>\nA Thalita Silva Xavier de Barros adotou duas cachorrinhas cuja a m\u00e3e morreu atropelada, mais uma hist\u00f3ria de amor e cuidado.<br \/>\nE a Marcia Herminia Rocha Santos Francisco que tem dois c\u00e3es tamb\u00e9m tirados das ruas, ela n\u00e3o mede esfor\u00e7os para cuidar dos animais e pede inclusive que mais pessoas adotem, ou que ajudem, colocando \u00e1gua na cal\u00e7ada ou mesmo dando um pouco de carinho aos c\u00e3es abandonados.<br \/>\nSegundo Odair Silva que fez a entrega junto com sua esposa Roselaine Guimar\u00e3es, a finalidade da Campanha Pet House foi incentivar a ado\u00e7\u00e3o, o cuidado respons\u00e1vel e o respeito com os c\u00e3es, al\u00e9m da doa\u00e7\u00e3o das casinhas. \u201cEu vejo o dia em que nossa cidade n\u00e3o ter\u00e1 mais animais nas ruas.\u201d \u2013 afirmou.<\/p>\n","protected":false},"excerpt":{"rendered":"<p>Teve inicio nesta semana a entrega das casinhas da Campanha<\/p>\n","protected":false},"author":2,"featured_media":100765,"comment_status":"open","ping_status":"open","sticky":false,"template":"","format":"standard","meta":{"footnotes":""},"categories":[14,25],"tags":[],"class_list":["post-100764","post","type-post","status-publish","format-standard","has-post-thumbnail","hentry","category-barretos","category-cidades"],"yoast_head":"<!-- This site is optimized with the Yoast SEO plugin v27.4 - https:\/\/yoast.com\/product\/yoast-seo-wordpress\/ -->\n<title>Contemplados recebem Casinhas do Projeto Pet House - Regi\u00e3o News<\/title>\n<meta name=\"robots\" content=\"index, follow, max-snippet:-1, max-image-preview:large, max-video-preview:-1\" \/>\n<link rel=\"canonical\" href=\"https:\/\/regiaonews.net.br\/2022\/2024\/01\/31\/contemplados-recebem-casinhas-do-projeto-pet-house\/\" \/>\n<meta property=\"og:locale\" content=\"pt_BR\" \/>\n<meta property=\"og:type\" content=\"article\" \/>\n<meta property=\"og:title\" content=\"Contemplados recebem Casinhas do Projeto Pet House - Regi\u00e3o News\" \/>\n<meta property=\"og:description\" content=\"Teve inicio nesta semana a entrega das casinhas da Campanha\" \/>\n<meta property=\"og:url\" content=\"https:\/\/regiaonews.net.br\/2022\/2024\/01\/31\/contemplados-recebem-casinhas-do-projeto-pet-house\/\" \/>\n<meta property=\"og:site_name\" content=\"Regi\u00e3o News\" \/>\n<meta property=\"article:published_time\" content=\"2024-01-31T22:24:46+00:00\" \/>\n<meta property=\"article:modified_time\" content=\"2024-01-31T22:25:09+00:00\" \/>\n<meta property=\"og:image\" content=\"https:\/\/regiaonews.net.br\/2022\/wp-content\/uploads\/2024\/01\/WhatsApp-Image-2024-01-31-at-17.16.15.jpeg\" \/>\n\t<meta property=\"og:image:width\" content=\"1280\" \/>\n\t<meta property=\"og:image:height\" content=\"720\" \/>\n\t<meta property=\"og:image:type\" content=\"image\/jpeg\" \/>\n<meta name=\"author\" content=\"Roberto\" \/>\n<meta name=\"twitter:card\" content=\"summary_large_image\" \/>\n<meta name=\"twitter:label1\" content=\"Escrito por\" \/>\n\t<meta name=\"twitter:data1\" content=\"Roberto\" \/>\n\t<meta name=\"twitter:label2\" content=\"Est. tempo de leitura\" \/>\n\t<meta name=\"twitter:data2\" content=\"3 minutos\" \/>\n<script type=\"application\/ld+json\" class=\"yoast-schema-graph\">{\"@context\":\"https:\\\/\\\/schema.org\",\"@graph\":[{\"@type\":\"Article\",\"@id\":\"https:\\\/\\\/regiaonews.net.br\\\/2022\\\/2024\\\/01\\\/31\\\/contemplados-recebem-casinhas-do-projeto-pet-house\\\/#article\",\"isPartOf\":{\"@id\":\"https:\\\/\\\/regiaonews.net.br\\\/2022\\\/2024\\\/01\\\/31\\\/contemplados-recebem-casinhas-do-projeto-pet-house\\\/\"},\"author\":{\"name\":\"Roberto\",\"@id\":\"https:\\\/\\\/regiaonews.net.br\\\/2022\\\/#\\\/schema\\\/person\\\/2d205a608a5aa97ac279d7a5e6d89ad8\"},\"headline\":\"Contemplados recebem Casinhas do Projeto Pet House\",\"datePublished\":\"2024-01-31T22:24:46+00:00\",\"dateModified\":\"2024-01-31T22:25:09+00:00\",\"mainEntityOfPage\":{\"@id\":\"https:\\\/\\\/regiaonews.net.br\\\/2022\\\/2024\\\/01\\\/31\\\/contemplados-recebem-casinhas-do-projeto-pet-house\\\/\"},\"wordCount\":449,\"commentCount\":0,\"publisher\":{\"@id\":\"https:\\\/\\\/regiaonews.net.br\\\/2022\\\/#organization\"},\"image\":{\"@id\":\"https:\\\/\\\/regiaonews.net.br\\\/2022\\\/2024\\\/01\\\/31\\\/contemplados-recebem-casinhas-do-projeto-pet-house\\\/#primaryimage\"},\"thumbnailUrl\":\"https:\\\/\\\/regiaonews.net.br\\\/2022\\\/wp-content\\\/uploads\\\/2024\\\/01\\\/WhatsApp-Image-2024-01-31-at-17.16.15.jpeg\",\"articleSection\":[\"Barretos\",\"Cidades\"],\"inLanguage\":\"pt-BR\",\"potentialAction\":[{\"@type\":\"CommentAction\",\"name\":\"Comment\",\"target\":[\"https:\\\/\\\/regiaonews.net.br\\\/2022\\\/2024\\\/01\\\/31\\\/contemplados-recebem-casinhas-do-projeto-pet-house\\\/#respond\"]}]},{\"@type\":\"WebPage\",\"@id\":\"https:\\\/\\\/regiaonews.net.br\\\/2022\\\/2024\\\/01\\\/31\\\/contemplados-recebem-casinhas-do-projeto-pet-house\\\/\",\"url\":\"https:\\\/\\\/regiaonews.net.br\\\/2022\\\/2024\\\/01\\\/31\\\/contemplados-recebem-casinhas-do-projeto-pet-house\\\/\",\"name\":\"Contemplados recebem Casinhas do Projeto Pet House - Regi\u00e3o News\",\"isPartOf\":{\"@id\":\"https:\\\/\\\/regiaonews.net.br\\\/2022\\\/#website\"},\"primaryImageOfPage\":{\"@id\":\"https:\\\/\\\/regiaonews.net.br\\\/2022\\\/2024\\\/01\\\/31\\\/contemplados-recebem-casinhas-do-projeto-pet-house\\\/#primaryimage\"},\"image\":{\"@id\":\"https:\\\/\\\/regiaonews.net.br\\\/2022\\\/2024\\\/01\\\/31\\\/contemplados-recebem-casinhas-do-projeto-pet-house\\\/#primaryimage\"},\"thumbnailUrl\":\"https:\\\/\\\/regiaonews.net.br\\\/2022\\\/wp-content\\\/uploads\\\/2024\\\/01\\\/WhatsApp-Image-2024-01-31-at-17.16.15.jpeg\",\"datePublished\":\"2024-01-31T22:24:46+00:00\",\"dateModified\":\"2024-01-31T22:25:09+00:00\",\"breadcrumb\":{\"@id\":\"https:\\\/\\\/regiaonews.net.br\\\/2022\\\/2024\\\/01\\\/31\\\/contemplados-recebem-casinhas-do-projeto-pet-house\\\/#breadcrumb\"},\"inLanguage\":\"pt-BR\",\"potentialAction\":[{\"@type\":\"ReadAction\",\"target\":[\"https:\\\/\\\/regiaonews.net.br\\\/2022\\\/2024\\\/01\\\/31\\\/contemplados-recebem-casinhas-do-projeto-pet-house\\\/\"]}]},{\"@type\":\"ImageObject\",\"inLanguage\":\"pt-BR\",\"@id\":\"https:\\\/\\\/regiaonews.net.br\\\/2022\\\/2024\\\/01\\\/31\\\/contemplados-recebem-casinhas-do-projeto-pet-house\\\/#primaryimage\",\"url\":\"https:\\\/\\\/regiaonews.net.br\\\/2022\\\/wp-content\\\/uploads\\\/2024\\\/01\\\/WhatsApp-Image-2024-01-31-at-17.16.15.jpeg\",\"contentUrl\":\"https:\\\/\\\/regiaonews.net.br\\\/2022\\\/wp-content\\\/uploads\\\/2024\\\/01\\\/WhatsApp-Image-2024-01-31-at-17.16.15.jpeg\",\"width\":1280,\"height\":720},{\"@type\":\"BreadcrumbList\",\"@id\":\"https:\\\/\\\/regiaonews.net.br\\\/2022\\\/2024\\\/01\\\/31\\\/contemplados-recebem-casinhas-do-projeto-pet-house\\\/#breadcrumb\",\"itemListElement\":[{\"@type\":\"ListItem\",\"position\":1,\"name\":\"In\u00edcio\",\"item\":\"https:\\\/\\\/regiaonews.net.br\\\/2022\\\/\"},{\"@type\":\"ListItem\",\"position\":2,\"name\":\"Contemplados recebem Casinhas do Projeto Pet House\"}]},{\"@type\":\"WebSite\",\"@id\":\"https:\\\/\\\/regiaonews.net.br\\\/2022\\\/#website\",\"url\":\"https:\\\/\\\/regiaonews.net.br\\\/2022\\\/\",\"name\":\"Regi\u00e3o News\",\"description\":\"Site de Not\u00edcias de Barretos e regi\u00e3o\",\"publisher\":{\"@id\":\"https:\\\/\\\/regiaonews.net.br\\\/2022\\\/#organization\"},\"potentialAction\":[{\"@type\":\"SearchAction\",\"target\":{\"@type\":\"EntryPoint\",\"urlTemplate\":\"https:\\\/\\\/regiaonews.net.br\\\/2022\\\/?s={search_term_string}\"},\"query-input\":{\"@type\":\"PropertyValueSpecification\",\"valueRequired\":true,\"valueName\":\"search_term_string\"}}],\"inLanguage\":\"pt-BR\"},{\"@type\":\"Organization\",\"@id\":\"https:\\\/\\\/regiaonews.net.br\\\/2022\\\/#organization\",\"name\":\"Regi\u00e3o News\",\"url\":\"https:\\\/\\\/regiaonews.net.br\\\/2022\\\/\",\"logo\":{\"@type\":\"ImageObject\",\"inLanguage\":\"pt-BR\",\"@id\":\"https:\\\/\\\/regiaonews.net.br\\\/2022\\\/#\\\/schema\\\/logo\\\/image\\\/\",\"url\":\"https:\\\/\\\/regiaonews.net.br\\\/2022\\\/wp-content\\\/uploads\\\/2026\\\/03\\\/regiao-13-anos-scaled.jpg\",\"contentUrl\":\"https:\\\/\\\/regiaonews.net.br\\\/2022\\\/wp-content\\\/uploads\\\/2026\\\/03\\\/regiao-13-anos-scaled.jpg\",\"width\":2560,\"height\":635,\"caption\":\"Regi\u00e3o News\"},\"image\":{\"@id\":\"https:\\\/\\\/regiaonews.net.br\\\/2022\\\/#\\\/schema\\\/logo\\\/image\\\/\"}},{\"@type\":\"Person\",\"@id\":\"https:\\\/\\\/regiaonews.net.br\\\/2022\\\/#\\\/schema\\\/person\\\/2d205a608a5aa97ac279d7a5e6d89ad8\",\"name\":\"Roberto\",\"image\":{\"@type\":\"ImageObject\",\"inLanguage\":\"pt-BR\",\"@id\":\"https:\\\/\\\/secure.gravatar.com\\\/avatar\\\/42749d8b712ff9d59ca93dc150494e5b55a44134482993f5baeb97e61b7ecc89?s=96&d=mm&r=g\",\"url\":\"https:\\\/\\\/secure.gravatar.com\\\/avatar\\\/42749d8b712ff9d59ca93dc150494e5b55a44134482993f5baeb97e61b7ecc89?s=96&d=mm&r=g\",\"contentUrl\":\"https:\\\/\\\/secure.gravatar.com\\\/avatar\\\/42749d8b712ff9d59ca93dc150494e5b55a44134482993f5baeb97e61b7ecc89?s=96&d=mm&r=g\",\"caption\":\"Roberto\"},\"url\":\"https:\\\/\\\/regiaonews.net.br\\\/2022\\\/author\\\/roberto\\\/\"}]}<\/script>\n<!-- \/ Yoast SEO plugin. -->","yoast_head_json":{"title":"Contemplados recebem Casinhas do Projeto Pet House - Regi\u00e3o News","robots":{"index":"index","follow":"follow","max-snippet":"max-snippet:-1","max-image-preview":"max-image-preview:large","max-video-preview":"max-video-preview:-1"},"canonical":"https:\/\/regiaonews.net.br\/2022\/2024\/01\/31\/contemplados-recebem-casinhas-do-projeto-pet-house\/","og_locale":"pt_BR","og_type":"article","og_title":"Contemplados recebem Casinhas do Projeto Pet House - Regi\u00e3o News","og_description":"Teve inicio nesta semana a entrega das casinhas da Campanha","og_url":"https:\/\/regiaonews.net.br\/2022\/2024\/01\/31\/contemplados-recebem-casinhas-do-projeto-pet-house\/","og_site_name":"Regi\u00e3o News","article_published_time":"2024-01-31T22:24:46+00:00","article_modified_time":"2024-01-31T22:25:09+00:00","og_image":[{"width":1280,"height":720,"url":"https:\/\/regiaonews.net.br\/2022\/wp-content\/uploads\/2024\/01\/WhatsApp-Image-2024-01-31-at-17.16.15.jpeg","type":"image\/jpeg"}],"author":"Roberto","twitter_card":"summary_large_image","twitter_misc":{"Escrito por":"Roberto","Est. tempo de leitura":"3 minutos"},"schema":{"@context":"https:\/\/schema.org","@graph":[{"@type":"Article","@id":"https:\/\/regiaonews.net.br\/2022\/2024\/01\/31\/contemplados-recebem-casinhas-do-projeto-pet-house\/#article","isPartOf":{"@id":"https:\/\/regiaonews.net.br\/2022\/2024\/01\/31\/contemplados-recebem-casinhas-do-projeto-pet-house\/"},"author":{"name":"Roberto","@id":"https:\/\/regiaonews.net.br\/2022\/#\/schema\/person\/2d205a608a5aa97ac279d7a5e6d89ad8"},"headline":"Contemplados recebem Casinhas do Projeto Pet House","datePublished":"2024-01-31T22:24:46+00:00","dateModified":"2024-01-31T22:25:09+00:00","mainEntityOfPage":{"@id":"https:\/\/regiaonews.net.br\/2022\/2024\/01\/31\/contemplados-recebem-casinhas-do-projeto-pet-house\/"},"wordCount":449,"commentCount":0,"publisher":{"@id":"https:\/\/regiaonews.net.br\/2022\/#organization"},"image":{"@id":"https:\/\/regiaonews.net.br\/2022\/2024\/01\/31\/contemplados-recebem-casinhas-do-projeto-pet-house\/#primaryimage"},"thumbnailUrl":"https:\/\/regiaonews.net.br\/2022\/wp-content\/uploads\/2024\/01\/WhatsApp-Image-2024-01-31-at-17.16.15.jpeg","articleSection":["Barretos","Cidades"],"inLanguage":"pt-BR","potentialAction":[{"@type":"CommentAction","name":"Comment","target":["https:\/\/regiaonews.net.br\/2022\/2024\/01\/31\/contemplados-recebem-casinhas-do-projeto-pet-house\/#respond"]}]},{"@type":"WebPage","@id":"https:\/\/regiaonews.net.br\/2022\/2024\/01\/31\/contemplados-recebem-casinhas-do-projeto-pet-house\/","url":"https:\/\/regiaonews.net.br\/2022\/2024\/01\/31\/contemplados-recebem-casinhas-do-projeto-pet-house\/","name":"Contemplados recebem Casinhas do Projeto Pet House - Regi\u00e3o News","isPartOf":{"@id":"https:\/\/regiaonews.net.br\/2022\/#website"},"primaryImageOfPage":{"@id":"https:\/\/regiaonews.net.br\/2022\/2024\/01\/31\/contemplados-recebem-casinhas-do-projeto-pet-house\/#primaryimage"},"image":{"@id":"https:\/\/regiaonews.net.br\/2022\/2024\/01\/31\/contemplados-recebem-casinhas-do-projeto-pet-house\/#primaryimage"},"thumbnailUrl":"https:\/\/regiaonews.net.br\/2022\/wp-content\/uploads\/2024\/01\/WhatsApp-Image-2024-01-31-at-17.16.15.jpeg","datePublished":"2024-01-31T22:24:46+00:00","dateModified":"2024-01-31T22:25:09+00:00","breadcrumb":{"@id":"https:\/\/regiaonews.net.br\/2022\/2024\/01\/31\/contemplados-recebem-casinhas-do-projeto-pet-house\/#breadcrumb"},"inLanguage":"pt-BR","potentialAction":[{"@type":"ReadAction","target":["https:\/\/regiaonews.net.br\/2022\/2024\/01\/31\/contemplados-recebem-casinhas-do-projeto-pet-house\/"]}]},{"@type":"ImageObject","inLanguage":"pt-BR","@id":"https:\/\/regiaonews.net.br\/2022\/2024\/01\/31\/contemplados-recebem-casinhas-do-projeto-pet-house\/#primaryimage","url":"https:\/\/regiaonews.net.br\/2022\/wp-content\/uploads\/2024\/01\/WhatsApp-Image-2024-01-31-at-17.16.15.jpeg","contentUrl":"https:\/\/regiaonews.net.br\/2022\/wp-content\/uploads\/2024\/01\/WhatsApp-Image-2024-01-31-at-17.16.15.jpeg","width":1280,"height":720},{"@type":"BreadcrumbList","@id":"https:\/\/regiaonews.net.br\/2022\/2024\/01\/31\/contemplados-recebem-casinhas-do-projeto-pet-house\/#breadcrumb","itemListElement":[{"@type":"ListItem","position":1,"name":"In\u00edcio","item":"https:\/\/regiaonews.net.br\/2022\/"},{"@type":"ListItem","position":2,"name":"Contemplados recebem Casinhas do Projeto Pet House"}]},{"@type":"WebSite","@id":"https:\/\/regiaonews.net.br\/2022\/#website","url":"https:\/\/regiaonews.net.br\/2022\/","name":"Regi\u00e3o News","description":"Site de Not\u00edcias de Barretos e regi\u00e3o","publisher":{"@id":"https:\/\/regiaonews.net.br\/2022\/#organization"},"potentialAction":[{"@type":"SearchAction","target":{"@type":"EntryPoint","urlTemplate":"https:\/\/regiaonews.net.br\/2022\/?s={search_term_string}"},"query-input":{"@type":"PropertyValueSpecification","valueRequired":true,"valueName":"search_term_string"}}],"inLanguage":"pt-BR"},{"@type":"Organization","@id":"https:\/\/regiaonews.net.br\/2022\/#organization","name":"Regi\u00e3o News","url":"https:\/\/regiaonews.net.br\/2022\/","logo":{"@type":"ImageObject","inLanguage":"pt-BR","@id":"https:\/\/regiaonews.net.br\/2022\/#\/schema\/logo\/image\/","url":"https:\/\/regiaonews.net.br\/2022\/wp-content\/uploads\/2026\/03\/regiao-13-anos-scaled.jpg","contentUrl":"https:\/\/regiaonews.net.br\/2022\/wp-content\/uploads\/2026\/03\/regiao-13-anos-scaled.jpg","width":2560,"height":635,"caption":"Regi\u00e3o News"},"image":{"@id":"https:\/\/regiaonews.net.br\/2022\/#\/schema\/logo\/image\/"}},{"@type":"Person","@id":"https:\/\/regiaonews.net.br\/2022\/#\/schema\/person\/2d205a608a5aa97ac279d7a5e6d89ad8","name":"Roberto","image":{"@type":"ImageObject","inLanguage":"pt-BR","@id":"https:\/\/secure.gravatar.com\/avatar\/42749d8b712ff9d59ca93dc150494e5b55a44134482993f5baeb97e61b7ecc89?s=96&d=mm&r=g","url":"https:\/\/secure.gravatar.com\/avatar\/42749d8b712ff9d59ca93dc150494e5b55a44134482993f5baeb97e61b7ecc89?s=96&d=mm&r=g","contentUrl":"https:\/\/secure.gravatar.com\/avatar\/42749d8b712ff9d59ca93dc150494e5b55a44134482993f5baeb97e61b7ecc89?s=96&d=mm&r=g","caption":"Roberto"},"url":"https:\/\/regiaonews.net.br\/2022\/author\/roberto\/"}]}},"publishpress_future_action":{"enabled":false,"date":"2026-05-03 17:34:24","action":"change-status","newStatus":"draft","terms":[],"taxonomy":"category","extraData":[]},"publishpress_future_workflow_manual_trigger":{"enabledWorkflows":[]},"_links":{"self":[{"href":"https:\/\/regiaonews.net.br\/2022\/wp-json\/wp\/v2\/posts\/100764","targetHints":{"allow":["GET"]}}],"collection":[{"href":"https:\/\/regiaonews.net.br\/2022\/wp-json\/wp\/v2\/posts"}],"about":[{"href":"https:\/\/regiaonews.net.br\/2022\/wp-json\/wp\/v2\/types\/post"}],"author":[{"embeddable":true,"href":"https:\/\/regiaonews.net.br\/2022\/wp-json\/wp\/v2\/users\/2"}],"replies":[{"embeddable":true,"href":"https:\/\/regiaonews.net.br\/2022\/wp-json\/wp\/v2\/comments?post=100764"}],"version-history":[{"count":1,"href":"https:\/\/regiaonews.net.br\/2022\/wp-json\/wp\/v2\/posts\/100764\/revisions"}],"predecessor-version":[{"id":100766,"href":"https:\/\/regiaonews.net.br\/2022\/wp-json\/wp\/v2\/posts\/100764\/revisions\/100766"}],"wp:featuredmedia":[{"embeddable":true,"href":"https:\/\/regiaonews.net.br\/2022\/wp-json\/wp\/v2\/media\/100765"}],"wp:attachment":[{"href":"https:\/\/regiaonews.net.br\/2022\/wp-json\/wp\/v2\/media?parent=100764"}],"wp:term":[{"taxonomy":"category","embeddable":true,"href":"https:\/\/regiaonews.net.br\/2022\/wp-json\/wp\/v2\/categories?post=100764"},{"taxonomy":"post_tag","embeddable":true,"href":"https:\/\/regiaonews.net.br\/2022\/wp-json\/wp\/v2\/tags?post=100764"}],"curies":[{"name":"wp","href":"https:\/\/api.w.org\/{rel}","templated":true}]}}