{"id":100757,"date":"2024-01-31T19:16:38","date_gmt":"2024-01-31T22:16:38","guid":{"rendered":"https:\/\/regiaonews.net.br\/2022\/?p=100757"},"modified":"2024-01-31T19:16:38","modified_gmt":"2024-01-31T22:16:38","slug":"parceria-entre-a-prefeitura-e-a-associacao-de-amigos-do-autista-promove-capacitacao-dos-profissionais-da-entidade","status":"publish","type":"post","link":"https:\/\/regiaonews.net.br\/2022\/2024\/01\/31\/parceria-entre-a-prefeitura-e-a-associacao-de-amigos-do-autista-promove-capacitacao-dos-profissionais-da-entidade\/","title":{"rendered":"Parceria entre a Prefeitura e a Associa\u00e7\u00e3o de Amigos do Autista promove capacita\u00e7\u00e3o dos profissionais da entidade"},"content":{"rendered":"<p>Equipe de terapeutas e pedagogos passa por forma\u00e7\u00e3o em Seguran\u00e7a em Crises Agressivas, com treinamento pr\u00e1tico para lidar com emerg\u00eancias comportamentais<\/p>\n<p>Uma parceria entre a Secretaria Municipal de Educa\u00e7\u00e3o da Prefeitura da Est\u00e2ncia Tur\u00edstica de Barretos e a Associa\u00e7\u00e3o de Amigos do Autista (AMA) possibilitou a participa\u00e7\u00e3o da equipe de terapeutas e pedagogos da entidade em um curso de Seguran\u00e7a em Crises Agressivas (SCA). Ao todo, 12 cursistas recebem a forma\u00e7\u00e3o com os profissionais especializados em interven\u00e7\u00e3o comportamental para pessoas com autismo e outros transtornos do desenvolvimento do Grupo M\u00e9todo, entre os dias 29 de janeiro e 1\u00b0 de fevereiro.<\/p>\n<p>Presidente da AMA, Sandra Tadini revelou que a realiza\u00e7\u00e3o do curso \u00e9 um desejo antigo e falou da import\u00e2ncia desta forma\u00e7\u00e3o. \u201c\u00c9 um pessoal de uma t\u00e9cnica muito boa, um pessoal muito bem treinado, que vem ao encontro do que a entidade precisa, porque muitas crian\u00e7as est\u00e3o chegando com muita dificuldade de comportamento, se autoagredindo, agredindo o outro, e muitas fam\u00edlias n\u00e3o sabem nem como lidar. Ent\u00e3o foi tudo muito v\u00e1lido, e eu fico muito feliz, porque eu sempre sonhei de trazer esse curso para n\u00f3s, para os nossos profissionais da AMA e para os nossos profissionais que trabalham com autismo. E estou muito feliz mesmo, enquanto m\u00e3e e dirigente, eu estou muito feliz\u201d, disse.<\/p>\n<p>No curso, os profissionais da AMA aprender\u00e3o t\u00e9cnicas de gerenciamento de crises comportamentais, visando o aumento da seguran\u00e7a diante de comportamentos dif\u00edceis, conceitos como organiza\u00e7\u00e3o do ambiente, comunica\u00e7\u00e3o eficiente, estrat\u00e9gias de desacelera\u00e7\u00e3o, t\u00e9cnicas n\u00e3o invasivas e Procedimentos Emergenciais de Interven\u00e7\u00e3o F\u00edsica (PEIF) na pr\u00e1tica.<\/p>\n<p>Na etapa presencial da forma\u00e7\u00e3o, as aulas ocorrem no audit\u00f3rio da Associa\u00e7\u00e3o Pais Amigos Excepcionais (APAE) nesta quarte e quinta-feira.<\/p>\n","protected":false},"excerpt":{"rendered":"<p>Equipe de terapeutas e pedagogos passa por forma\u00e7\u00e3o em Seguran\u00e7a<\/p>\n","protected":false},"author":2,"featured_media":100758,"comment_status":"open","ping_status":"open","sticky":false,"template":"","format":"standard","meta":{"footnotes":""},"categories":[14,25],"tags":[],"class_list":["post-100757","post","type-post","status-publish","format-standard","has-post-thumbnail","hentry","category-barretos","category-cidades"],"yoast_head":"<!-- This site is optimized with the Yoast SEO plugin v27.4 - https:\/\/yoast.com\/product\/yoast-seo-wordpress\/ -->\n<title>Parceria entre a Prefeitura e a Associa\u00e7\u00e3o de Amigos do Autista promove capacita\u00e7\u00e3o dos profissionais da entidade - Regi\u00e3o News<\/title>\n<meta name=\"robots\" content=\"index, follow, max-snippet:-1, max-image-preview:large, max-video-preview:-1\" \/>\n<link rel=\"canonical\" href=\"https:\/\/regiaonews.net.br\/2022\/2024\/01\/31\/parceria-entre-a-prefeitura-e-a-associacao-de-amigos-do-autista-promove-capacitacao-dos-profissionais-da-entidade\/\" \/>\n<meta property=\"og:locale\" content=\"pt_BR\" \/>\n<meta property=\"og:type\" content=\"article\" \/>\n<meta property=\"og:title\" content=\"Parceria entre a Prefeitura e a Associa\u00e7\u00e3o de Amigos do Autista promove capacita\u00e7\u00e3o dos profissionais da entidade - Regi\u00e3o News\" \/>\n<meta property=\"og:description\" content=\"Equipe de terapeutas e pedagogos passa por forma\u00e7\u00e3o em Seguran\u00e7a\" \/>\n<meta property=\"og:url\" content=\"https:\/\/regiaonews.net.br\/2022\/2024\/01\/31\/parceria-entre-a-prefeitura-e-a-associacao-de-amigos-do-autista-promove-capacitacao-dos-profissionais-da-entidade\/\" \/>\n<meta property=\"og:site_name\" content=\"Regi\u00e3o News\" \/>\n<meta property=\"article:published_time\" content=\"2024-01-31T22:16:38+00:00\" \/>\n<meta property=\"og:image\" content=\"https:\/\/regiaonews.net.br\/2022\/wp-content\/uploads\/2024\/01\/WhatsApp-Image-2024-01-31-at-16.39.07.jpeg\" \/>\n\t<meta property=\"og:image:width\" content=\"1600\" \/>\n\t<meta property=\"og:image:height\" content=\"1067\" \/>\n\t<meta property=\"og:image:type\" content=\"image\/jpeg\" \/>\n<meta name=\"author\" content=\"Roberto\" \/>\n<meta name=\"twitter:card\" content=\"summary_large_image\" \/>\n<meta name=\"twitter:label1\" content=\"Escrito por\" \/>\n\t<meta name=\"twitter:data1\" content=\"Roberto\" \/>\n\t<meta name=\"twitter:label2\" content=\"Est. tempo de leitura\" \/>\n\t<meta name=\"twitter:data2\" content=\"2 minutos\" \/>\n<script type=\"application\/ld+json\" class=\"yoast-schema-graph\">{\"@context\":\"https:\\\/\\\/schema.org\",\"@graph\":[{\"@type\":\"Article\",\"@id\":\"https:\\\/\\\/regiaonews.net.br\\\/2022\\\/2024\\\/01\\\/31\\\/parceria-entre-a-prefeitura-e-a-associacao-de-amigos-do-autista-promove-capacitacao-dos-profissionais-da-entidade\\\/#article\",\"isPartOf\":{\"@id\":\"https:\\\/\\\/regiaonews.net.br\\\/2022\\\/2024\\\/01\\\/31\\\/parceria-entre-a-prefeitura-e-a-associacao-de-amigos-do-autista-promove-capacitacao-dos-profissionais-da-entidade\\\/\"},\"author\":{\"name\":\"Roberto\",\"@id\":\"https:\\\/\\\/regiaonews.net.br\\\/2022\\\/#\\\/schema\\\/person\\\/2d205a608a5aa97ac279d7a5e6d89ad8\"},\"headline\":\"Parceria entre a Prefeitura e a Associa\u00e7\u00e3o de Amigos do Autista promove capacita\u00e7\u00e3o dos profissionais da entidade\",\"datePublished\":\"2024-01-31T22:16:38+00:00\",\"mainEntityOfPage\":{\"@id\":\"https:\\\/\\\/regiaonews.net.br\\\/2022\\\/2024\\\/01\\\/31\\\/parceria-entre-a-prefeitura-e-a-associacao-de-amigos-do-autista-promove-capacitacao-dos-profissionais-da-entidade\\\/\"},\"wordCount\":334,\"commentCount\":0,\"publisher\":{\"@id\":\"https:\\\/\\\/regiaonews.net.br\\\/2022\\\/#organization\"},\"image\":{\"@id\":\"https:\\\/\\\/regiaonews.net.br\\\/2022\\\/2024\\\/01\\\/31\\\/parceria-entre-a-prefeitura-e-a-associacao-de-amigos-do-autista-promove-capacitacao-dos-profissionais-da-entidade\\\/#primaryimage\"},\"thumbnailUrl\":\"https:\\\/\\\/regiaonews.net.br\\\/2022\\\/wp-content\\\/uploads\\\/2024\\\/01\\\/WhatsApp-Image-2024-01-31-at-16.39.07.jpeg\",\"articleSection\":[\"Barretos\",\"Cidades\"],\"inLanguage\":\"pt-BR\",\"potentialAction\":[{\"@type\":\"CommentAction\",\"name\":\"Comment\",\"target\":[\"https:\\\/\\\/regiaonews.net.br\\\/2022\\\/2024\\\/01\\\/31\\\/parceria-entre-a-prefeitura-e-a-associacao-de-amigos-do-autista-promove-capacitacao-dos-profissionais-da-entidade\\\/#respond\"]}]},{\"@type\":\"WebPage\",\"@id\":\"https:\\\/\\\/regiaonews.net.br\\\/2022\\\/2024\\\/01\\\/31\\\/parceria-entre-a-prefeitura-e-a-associacao-de-amigos-do-autista-promove-capacitacao-dos-profissionais-da-entidade\\\/\",\"url\":\"https:\\\/\\\/regiaonews.net.br\\\/2022\\\/2024\\\/01\\\/31\\\/parceria-entre-a-prefeitura-e-a-associacao-de-amigos-do-autista-promove-capacitacao-dos-profissionais-da-entidade\\\/\",\"name\":\"Parceria entre a Prefeitura e a Associa\u00e7\u00e3o de Amigos do Autista promove capacita\u00e7\u00e3o dos profissionais da entidade - Regi\u00e3o News\",\"isPartOf\":{\"@id\":\"https:\\\/\\\/regiaonews.net.br\\\/2022\\\/#website\"},\"primaryImageOfPage\":{\"@id\":\"https:\\\/\\\/regiaonews.net.br\\\/2022\\\/2024\\\/01\\\/31\\\/parceria-entre-a-prefeitura-e-a-associacao-de-amigos-do-autista-promove-capacitacao-dos-profissionais-da-entidade\\\/#primaryimage\"},\"image\":{\"@id\":\"https:\\\/\\\/regiaonews.net.br\\\/2022\\\/2024\\\/01\\\/31\\\/parceria-entre-a-prefeitura-e-a-associacao-de-amigos-do-autista-promove-capacitacao-dos-profissionais-da-entidade\\\/#primaryimage\"},\"thumbnailUrl\":\"https:\\\/\\\/regiaonews.net.br\\\/2022\\\/wp-content\\\/uploads\\\/2024\\\/01\\\/WhatsApp-Image-2024-01-31-at-16.39.07.jpeg\",\"datePublished\":\"2024-01-31T22:16:38+00:00\",\"breadcrumb\":{\"@id\":\"https:\\\/\\\/regiaonews.net.br\\\/2022\\\/2024\\\/01\\\/31\\\/parceria-entre-a-prefeitura-e-a-associacao-de-amigos-do-autista-promove-capacitacao-dos-profissionais-da-entidade\\\/#breadcrumb\"},\"inLanguage\":\"pt-BR\",\"potentialAction\":[{\"@type\":\"ReadAction\",\"target\":[\"https:\\\/\\\/regiaonews.net.br\\\/2022\\\/2024\\\/01\\\/31\\\/parceria-entre-a-prefeitura-e-a-associacao-de-amigos-do-autista-promove-capacitacao-dos-profissionais-da-entidade\\\/\"]}]},{\"@type\":\"ImageObject\",\"inLanguage\":\"pt-BR\",\"@id\":\"https:\\\/\\\/regiaonews.net.br\\\/2022\\\/2024\\\/01\\\/31\\\/parceria-entre-a-prefeitura-e-a-associacao-de-amigos-do-autista-promove-capacitacao-dos-profissionais-da-entidade\\\/#primaryimage\",\"url\":\"https:\\\/\\\/regiaonews.net.br\\\/2022\\\/wp-content\\\/uploads\\\/2024\\\/01\\\/WhatsApp-Image-2024-01-31-at-16.39.07.jpeg\",\"contentUrl\":\"https:\\\/\\\/regiaonews.net.br\\\/2022\\\/wp-content\\\/uploads\\\/2024\\\/01\\\/WhatsApp-Image-2024-01-31-at-16.39.07.jpeg\",\"width\":1600,\"height\":1067},{\"@type\":\"BreadcrumbList\",\"@id\":\"https:\\\/\\\/regiaonews.net.br\\\/2022\\\/2024\\\/01\\\/31\\\/parceria-entre-a-prefeitura-e-a-associacao-de-amigos-do-autista-promove-capacitacao-dos-profissionais-da-entidade\\\/#breadcrumb\",\"itemListElement\":[{\"@type\":\"ListItem\",\"position\":1,\"name\":\"In\u00edcio\",\"item\":\"https:\\\/\\\/regiaonews.net.br\\\/2022\\\/\"},{\"@type\":\"ListItem\",\"position\":2,\"name\":\"Parceria entre a Prefeitura e a Associa\u00e7\u00e3o de Amigos do Autista promove capacita\u00e7\u00e3o dos profissionais da entidade\"}]},{\"@type\":\"WebSite\",\"@id\":\"https:\\\/\\\/regiaonews.net.br\\\/2022\\\/#website\",\"url\":\"https:\\\/\\\/regiaonews.net.br\\\/2022\\\/\",\"name\":\"Regi\u00e3o News\",\"description\":\"Site de Not\u00edcias de Barretos e regi\u00e3o\",\"publisher\":{\"@id\":\"https:\\\/\\\/regiaonews.net.br\\\/2022\\\/#organization\"},\"potentialAction\":[{\"@type\":\"SearchAction\",\"target\":{\"@type\":\"EntryPoint\",\"urlTemplate\":\"https:\\\/\\\/regiaonews.net.br\\\/2022\\\/?s={search_term_string}\"},\"query-input\":{\"@type\":\"PropertyValueSpecification\",\"valueRequired\":true,\"valueName\":\"search_term_string\"}}],\"inLanguage\":\"pt-BR\"},{\"@type\":\"Organization\",\"@id\":\"https:\\\/\\\/regiaonews.net.br\\\/2022\\\/#organization\",\"name\":\"Regi\u00e3o News\",\"url\":\"https:\\\/\\\/regiaonews.net.br\\\/2022\\\/\",\"logo\":{\"@type\":\"ImageObject\",\"inLanguage\":\"pt-BR\",\"@id\":\"https:\\\/\\\/regiaonews.net.br\\\/2022\\\/#\\\/schema\\\/logo\\\/image\\\/\",\"url\":\"https:\\\/\\\/regiaonews.net.br\\\/2022\\\/wp-content\\\/uploads\\\/2026\\\/03\\\/regiao-13-anos-scaled.jpg\",\"contentUrl\":\"https:\\\/\\\/regiaonews.net.br\\\/2022\\\/wp-content\\\/uploads\\\/2026\\\/03\\\/regiao-13-anos-scaled.jpg\",\"width\":2560,\"height\":635,\"caption\":\"Regi\u00e3o News\"},\"image\":{\"@id\":\"https:\\\/\\\/regiaonews.net.br\\\/2022\\\/#\\\/schema\\\/logo\\\/image\\\/\"}},{\"@type\":\"Person\",\"@id\":\"https:\\\/\\\/regiaonews.net.br\\\/2022\\\/#\\\/schema\\\/person\\\/2d205a608a5aa97ac279d7a5e6d89ad8\",\"name\":\"Roberto\",\"image\":{\"@type\":\"ImageObject\",\"inLanguage\":\"pt-BR\",\"@id\":\"https:\\\/\\\/secure.gravatar.com\\\/avatar\\\/42749d8b712ff9d59ca93dc150494e5b55a44134482993f5baeb97e61b7ecc89?s=96&d=mm&r=g\",\"url\":\"https:\\\/\\\/secure.gravatar.com\\\/avatar\\\/42749d8b712ff9d59ca93dc150494e5b55a44134482993f5baeb97e61b7ecc89?s=96&d=mm&r=g\",\"contentUrl\":\"https:\\\/\\\/secure.gravatar.com\\\/avatar\\\/42749d8b712ff9d59ca93dc150494e5b55a44134482993f5baeb97e61b7ecc89?s=96&d=mm&r=g\",\"caption\":\"Roberto\"},\"url\":\"https:\\\/\\\/regiaonews.net.br\\\/2022\\\/author\\\/roberto\\\/\"}]}<\/script>\n<!-- \/ Yoast SEO plugin. -->","yoast_head_json":{"title":"Parceria entre a Prefeitura e a Associa\u00e7\u00e3o de Amigos do Autista promove capacita\u00e7\u00e3o dos profissionais da entidade - Regi\u00e3o News","robots":{"index":"index","follow":"follow","max-snippet":"max-snippet:-1","max-image-preview":"max-image-preview:large","max-video-preview":"max-video-preview:-1"},"canonical":"https:\/\/regiaonews.net.br\/2022\/2024\/01\/31\/parceria-entre-a-prefeitura-e-a-associacao-de-amigos-do-autista-promove-capacitacao-dos-profissionais-da-entidade\/","og_locale":"pt_BR","og_type":"article","og_title":"Parceria entre a Prefeitura e a Associa\u00e7\u00e3o de Amigos do Autista promove capacita\u00e7\u00e3o dos profissionais da entidade - Regi\u00e3o News","og_description":"Equipe de terapeutas e pedagogos passa por forma\u00e7\u00e3o em Seguran\u00e7a","og_url":"https:\/\/regiaonews.net.br\/2022\/2024\/01\/31\/parceria-entre-a-prefeitura-e-a-associacao-de-amigos-do-autista-promove-capacitacao-dos-profissionais-da-entidade\/","og_site_name":"Regi\u00e3o News","article_published_time":"2024-01-31T22:16:38+00:00","og_image":[{"width":1600,"height":1067,"url":"https:\/\/regiaonews.net.br\/2022\/wp-content\/uploads\/2024\/01\/WhatsApp-Image-2024-01-31-at-16.39.07.jpeg","type":"image\/jpeg"}],"author":"Roberto","twitter_card":"summary_large_image","twitter_misc":{"Escrito por":"Roberto","Est. tempo de leitura":"2 minutos"},"schema":{"@context":"https:\/\/schema.org","@graph":[{"@type":"Article","@id":"https:\/\/regiaonews.net.br\/2022\/2024\/01\/31\/parceria-entre-a-prefeitura-e-a-associacao-de-amigos-do-autista-promove-capacitacao-dos-profissionais-da-entidade\/#article","isPartOf":{"@id":"https:\/\/regiaonews.net.br\/2022\/2024\/01\/31\/parceria-entre-a-prefeitura-e-a-associacao-de-amigos-do-autista-promove-capacitacao-dos-profissionais-da-entidade\/"},"author":{"name":"Roberto","@id":"https:\/\/regiaonews.net.br\/2022\/#\/schema\/person\/2d205a608a5aa97ac279d7a5e6d89ad8"},"headline":"Parceria entre a Prefeitura e a Associa\u00e7\u00e3o de Amigos do Autista promove capacita\u00e7\u00e3o dos profissionais da entidade","datePublished":"2024-01-31T22:16:38+00:00","mainEntityOfPage":{"@id":"https:\/\/regiaonews.net.br\/2022\/2024\/01\/31\/parceria-entre-a-prefeitura-e-a-associacao-de-amigos-do-autista-promove-capacitacao-dos-profissionais-da-entidade\/"},"wordCount":334,"commentCount":0,"publisher":{"@id":"https:\/\/regiaonews.net.br\/2022\/#organization"},"image":{"@id":"https:\/\/regiaonews.net.br\/2022\/2024\/01\/31\/parceria-entre-a-prefeitura-e-a-associacao-de-amigos-do-autista-promove-capacitacao-dos-profissionais-da-entidade\/#primaryimage"},"thumbnailUrl":"https:\/\/regiaonews.net.br\/2022\/wp-content\/uploads\/2024\/01\/WhatsApp-Image-2024-01-31-at-16.39.07.jpeg","articleSection":["Barretos","Cidades"],"inLanguage":"pt-BR","potentialAction":[{"@type":"CommentAction","name":"Comment","target":["https:\/\/regiaonews.net.br\/2022\/2024\/01\/31\/parceria-entre-a-prefeitura-e-a-associacao-de-amigos-do-autista-promove-capacitacao-dos-profissionais-da-entidade\/#respond"]}]},{"@type":"WebPage","@id":"https:\/\/regiaonews.net.br\/2022\/2024\/01\/31\/parceria-entre-a-prefeitura-e-a-associacao-de-amigos-do-autista-promove-capacitacao-dos-profissionais-da-entidade\/","url":"https:\/\/regiaonews.net.br\/2022\/2024\/01\/31\/parceria-entre-a-prefeitura-e-a-associacao-de-amigos-do-autista-promove-capacitacao-dos-profissionais-da-entidade\/","name":"Parceria entre a Prefeitura e a Associa\u00e7\u00e3o de Amigos do Autista promove capacita\u00e7\u00e3o dos profissionais da entidade - Regi\u00e3o News","isPartOf":{"@id":"https:\/\/regiaonews.net.br\/2022\/#website"},"primaryImageOfPage":{"@id":"https:\/\/regiaonews.net.br\/2022\/2024\/01\/31\/parceria-entre-a-prefeitura-e-a-associacao-de-amigos-do-autista-promove-capacitacao-dos-profissionais-da-entidade\/#primaryimage"},"image":{"@id":"https:\/\/regiaonews.net.br\/2022\/2024\/01\/31\/parceria-entre-a-prefeitura-e-a-associacao-de-amigos-do-autista-promove-capacitacao-dos-profissionais-da-entidade\/#primaryimage"},"thumbnailUrl":"https:\/\/regiaonews.net.br\/2022\/wp-content\/uploads\/2024\/01\/WhatsApp-Image-2024-01-31-at-16.39.07.jpeg","datePublished":"2024-01-31T22:16:38+00:00","breadcrumb":{"@id":"https:\/\/regiaonews.net.br\/2022\/2024\/01\/31\/parceria-entre-a-prefeitura-e-a-associacao-de-amigos-do-autista-promove-capacitacao-dos-profissionais-da-entidade\/#breadcrumb"},"inLanguage":"pt-BR","potentialAction":[{"@type":"ReadAction","target":["https:\/\/regiaonews.net.br\/2022\/2024\/01\/31\/parceria-entre-a-prefeitura-e-a-associacao-de-amigos-do-autista-promove-capacitacao-dos-profissionais-da-entidade\/"]}]},{"@type":"ImageObject","inLanguage":"pt-BR","@id":"https:\/\/regiaonews.net.br\/2022\/2024\/01\/31\/parceria-entre-a-prefeitura-e-a-associacao-de-amigos-do-autista-promove-capacitacao-dos-profissionais-da-entidade\/#primaryimage","url":"https:\/\/regiaonews.net.br\/2022\/wp-content\/uploads\/2024\/01\/WhatsApp-Image-2024-01-31-at-16.39.07.jpeg","contentUrl":"https:\/\/regiaonews.net.br\/2022\/wp-content\/uploads\/2024\/01\/WhatsApp-Image-2024-01-31-at-16.39.07.jpeg","width":1600,"height":1067},{"@type":"BreadcrumbList","@id":"https:\/\/regiaonews.net.br\/2022\/2024\/01\/31\/parceria-entre-a-prefeitura-e-a-associacao-de-amigos-do-autista-promove-capacitacao-dos-profissionais-da-entidade\/#breadcrumb","itemListElement":[{"@type":"ListItem","position":1,"name":"In\u00edcio","item":"https:\/\/regiaonews.net.br\/2022\/"},{"@type":"ListItem","position":2,"name":"Parceria entre a Prefeitura e a Associa\u00e7\u00e3o de Amigos do Autista promove capacita\u00e7\u00e3o dos profissionais da entidade"}]},{"@type":"WebSite","@id":"https:\/\/regiaonews.net.br\/2022\/#website","url":"https:\/\/regiaonews.net.br\/2022\/","name":"Regi\u00e3o News","description":"Site de Not\u00edcias de Barretos e regi\u00e3o","publisher":{"@id":"https:\/\/regiaonews.net.br\/2022\/#organization"},"potentialAction":[{"@type":"SearchAction","target":{"@type":"EntryPoint","urlTemplate":"https:\/\/regiaonews.net.br\/2022\/?s={search_term_string}"},"query-input":{"@type":"PropertyValueSpecification","valueRequired":true,"valueName":"search_term_string"}}],"inLanguage":"pt-BR"},{"@type":"Organization","@id":"https:\/\/regiaonews.net.br\/2022\/#organization","name":"Regi\u00e3o News","url":"https:\/\/regiaonews.net.br\/2022\/","logo":{"@type":"ImageObject","inLanguage":"pt-BR","@id":"https:\/\/regiaonews.net.br\/2022\/#\/schema\/logo\/image\/","url":"https:\/\/regiaonews.net.br\/2022\/wp-content\/uploads\/2026\/03\/regiao-13-anos-scaled.jpg","contentUrl":"https:\/\/regiaonews.net.br\/2022\/wp-content\/uploads\/2026\/03\/regiao-13-anos-scaled.jpg","width":2560,"height":635,"caption":"Regi\u00e3o News"},"image":{"@id":"https:\/\/regiaonews.net.br\/2022\/#\/schema\/logo\/image\/"}},{"@type":"Person","@id":"https:\/\/regiaonews.net.br\/2022\/#\/schema\/person\/2d205a608a5aa97ac279d7a5e6d89ad8","name":"Roberto","image":{"@type":"ImageObject","inLanguage":"pt-BR","@id":"https:\/\/secure.gravatar.com\/avatar\/42749d8b712ff9d59ca93dc150494e5b55a44134482993f5baeb97e61b7ecc89?s=96&d=mm&r=g","url":"https:\/\/secure.gravatar.com\/avatar\/42749d8b712ff9d59ca93dc150494e5b55a44134482993f5baeb97e61b7ecc89?s=96&d=mm&r=g","contentUrl":"https:\/\/secure.gravatar.com\/avatar\/42749d8b712ff9d59ca93dc150494e5b55a44134482993f5baeb97e61b7ecc89?s=96&d=mm&r=g","caption":"Roberto"},"url":"https:\/\/regiaonews.net.br\/2022\/author\/roberto\/"}]}},"publishpress_future_action":{"enabled":false,"date":"2026-05-03 14:11:25","action":"change-status","newStatus":"draft","terms":[],"taxonomy":"category","extraData":[]},"publishpress_future_workflow_manual_trigger":{"enabledWorkflows":[]},"_links":{"self":[{"href":"https:\/\/regiaonews.net.br\/2022\/wp-json\/wp\/v2\/posts\/100757","targetHints":{"allow":["GET"]}}],"collection":[{"href":"https:\/\/regiaonews.net.br\/2022\/wp-json\/wp\/v2\/posts"}],"about":[{"href":"https:\/\/regiaonews.net.br\/2022\/wp-json\/wp\/v2\/types\/post"}],"author":[{"embeddable":true,"href":"https:\/\/regiaonews.net.br\/2022\/wp-json\/wp\/v2\/users\/2"}],"replies":[{"embeddable":true,"href":"https:\/\/regiaonews.net.br\/2022\/wp-json\/wp\/v2\/comments?post=100757"}],"version-history":[{"count":1,"href":"https:\/\/regiaonews.net.br\/2022\/wp-json\/wp\/v2\/posts\/100757\/revisions"}],"predecessor-version":[{"id":100759,"href":"https:\/\/regiaonews.net.br\/2022\/wp-json\/wp\/v2\/posts\/100757\/revisions\/100759"}],"wp:featuredmedia":[{"embeddable":true,"href":"https:\/\/regiaonews.net.br\/2022\/wp-json\/wp\/v2\/media\/100758"}],"wp:attachment":[{"href":"https:\/\/regiaonews.net.br\/2022\/wp-json\/wp\/v2\/media?parent=100757"}],"wp:term":[{"taxonomy":"category","embeddable":true,"href":"https:\/\/regiaonews.net.br\/2022\/wp-json\/wp\/v2\/categories?post=100757"},{"taxonomy":"post_tag","embeddable":true,"href":"https:\/\/regiaonews.net.br\/2022\/wp-json\/wp\/v2\/tags?post=100757"}],"curies":[{"name":"wp","href":"https:\/\/api.w.org\/{rel}","templated":true}]}}