{"id":100754,"date":"2024-01-31T19:13:43","date_gmt":"2024-01-31T22:13:43","guid":{"rendered":"https:\/\/regiaonews.net.br\/2022\/?p=100754"},"modified":"2024-01-31T19:13:43","modified_gmt":"2024-01-31T22:13:43","slug":"prefeitura-promove-planejamento-escolar-2024-com-cerca-de-1-500-profissionais-da-educacao","status":"publish","type":"post","link":"https:\/\/regiaonews.net.br\/2022\/2024\/01\/31\/prefeitura-promove-planejamento-escolar-2024-com-cerca-de-1-500-profissionais-da-educacao\/","title":{"rendered":"Prefeitura promove Planejamento Escolar 2024 com cerca de 1.500 profissionais da educa\u00e7\u00e3o"},"content":{"rendered":"<p>Gestores, Docentes, Cuidadores e Auxiliares de Cuidados Di\u00e1rios (ACDs) participam das forma\u00e7\u00f5es nos dias 1\u00b0 e 2 de fevereiro, no Unifeb e no Cine Barretos<\/p>\n<p>As aulas da Rede Municipal de Ensino da Prefeitura da Est\u00e2ncia Tur\u00edstica de Barretos t\u00eam in\u00edcio no pr\u00f3ximo dia 7 de fevereiro, mas as atividades de planejamento do ano letivo j\u00e1 come\u00e7am nesta quinta-feira, dia 1\u00b0, com uma s\u00e9rie de forma\u00e7\u00f5es, palestras, orienta\u00e7\u00f5es gerais e organiza\u00e7\u00e3o das Unidades Escolares para a recep\u00e7\u00e3o dos alunos.<\/p>\n<p>Promovido pelo Centro de Forma\u00e7\u00e3o dos Profissionais da Educa\u00e7\u00e3o (Ceforpe), o Planejamento Escolar 2024 ir\u00e1 mobilizar cerca de 1.500 profissionais da educa\u00e7\u00e3o como Gestores, Docentes, Cuidadores e Auxiliares de Cuidados Di\u00e1rios (ACDs). \u201cSer\u00e3o dias de muito trabalho, com palestras maravilhosas, pensadas com muito carinho para toda a Rede Municipal de Ensino. Com investimento na forma\u00e7\u00e3o e no preparo dos professores e equipes escolares para o acolhimento das crian\u00e7as nesta volta \u00e0s aulas\u201d, disse a supervisora geral Ana Carolina Spindola<\/p>\n<p>Educa\u00e7\u00e3o Infantil e Ensino Fundamental<\/p>\n<p>Os profissionais da Educa\u00e7\u00e3o Infantil e Ensino Fundamental participar\u00e3o das atividades no Centro Universit\u00e1rio da Funda\u00e7\u00e3o Educacional de Barretos (Unifeb), das 7h30 \u00e0s 11h30 e das 13h30 \u00e0s 17h30. No dia 1\u00b0 ocorrer\u00e3o forma\u00e7\u00f5es e orienta\u00e7\u00f5es gerais com os coordenadores de cada ano e \u00e1rea de atua\u00e7\u00e3o. J\u00e1 no dia 2, ser\u00e1 realizada uma palestra de abertura do ano letivo<\/p>\n<p>Auxiliares de Cuidados Di\u00e1rios e Cuidadores<\/p>\n<p>Os ACDs participam de forma\u00e7\u00e3o e recebem orienta\u00e7\u00f5es gerais, no Centro Cultural \u201cOs\u00f3rio Falleiros da Rocha\u201d \u2013 Teatro Cine Barretos, das 13h30 \u00e0s 17h30, do dia 1\u00b0. Ainda no Cine Barretos, no dia 2, das 8h \u00e0s 11h30, ser\u00e1 a vez dos Cuidadores receberem a forma\u00e7\u00e3o e as orienta\u00e7\u00f5es.Encerrando as atividades do Planejamento Escolar 2024, nos dias 5 e 6, as Unidades Escolares finalizar\u00e3o os alinhamentos gerais com os gestores e a organiza\u00e7\u00e3o dos espa\u00e7os para recep\u00e7\u00e3o dos alunos, no dia 7.<\/p>\n","protected":false},"excerpt":{"rendered":"<p>Gestores, Docentes, Cuidadores e Auxiliares de Cuidados Di\u00e1rios (ACDs) participam<\/p>\n","protected":false},"author":2,"featured_media":100755,"comment_status":"open","ping_status":"open","sticky":false,"template":"","format":"standard","meta":{"footnotes":""},"categories":[1],"tags":[],"class_list":["post-100754","post","type-post","status-publish","format-standard","has-post-thumbnail","hentry","category-indefinido"],"yoast_head":"<!-- This site is optimized with the Yoast SEO plugin v27.4 - https:\/\/yoast.com\/product\/yoast-seo-wordpress\/ -->\n<title>Prefeitura promove Planejamento Escolar 2024 com cerca de 1.500 profissionais da educa\u00e7\u00e3o - Regi\u00e3o News<\/title>\n<meta name=\"robots\" content=\"index, follow, max-snippet:-1, max-image-preview:large, max-video-preview:-1\" \/>\n<link rel=\"canonical\" href=\"https:\/\/regiaonews.net.br\/2022\/2024\/01\/31\/prefeitura-promove-planejamento-escolar-2024-com-cerca-de-1-500-profissionais-da-educacao\/\" \/>\n<meta property=\"og:locale\" content=\"pt_BR\" \/>\n<meta property=\"og:type\" content=\"article\" \/>\n<meta property=\"og:title\" content=\"Prefeitura promove Planejamento Escolar 2024 com cerca de 1.500 profissionais da educa\u00e7\u00e3o - Regi\u00e3o News\" \/>\n<meta property=\"og:description\" content=\"Gestores, Docentes, Cuidadores e Auxiliares de Cuidados Di\u00e1rios (ACDs) participam\" \/>\n<meta property=\"og:url\" content=\"https:\/\/regiaonews.net.br\/2022\/2024\/01\/31\/prefeitura-promove-planejamento-escolar-2024-com-cerca-de-1-500-profissionais-da-educacao\/\" \/>\n<meta property=\"og:site_name\" content=\"Regi\u00e3o News\" \/>\n<meta property=\"article:published_time\" content=\"2024-01-31T22:13:43+00:00\" \/>\n<meta property=\"og:image\" content=\"https:\/\/regiaonews.net.br\/2022\/wp-content\/uploads\/2024\/01\/WhatsApp-Image-2024-01-31-at-16.37.48-1.jpeg\" \/>\n\t<meta property=\"og:image:width\" content=\"1600\" \/>\n\t<meta property=\"og:image:height\" content=\"1067\" \/>\n\t<meta property=\"og:image:type\" content=\"image\/jpeg\" \/>\n<meta name=\"author\" content=\"Roberto\" \/>\n<meta name=\"twitter:card\" content=\"summary_large_image\" \/>\n<meta name=\"twitter:label1\" content=\"Escrito por\" \/>\n\t<meta name=\"twitter:data1\" content=\"Roberto\" \/>\n\t<meta name=\"twitter:label2\" content=\"Est. tempo de leitura\" \/>\n\t<meta name=\"twitter:data2\" content=\"2 minutos\" \/>\n<script type=\"application\/ld+json\" class=\"yoast-schema-graph\">{\"@context\":\"https:\\\/\\\/schema.org\",\"@graph\":[{\"@type\":\"Article\",\"@id\":\"https:\\\/\\\/regiaonews.net.br\\\/2022\\\/2024\\\/01\\\/31\\\/prefeitura-promove-planejamento-escolar-2024-com-cerca-de-1-500-profissionais-da-educacao\\\/#article\",\"isPartOf\":{\"@id\":\"https:\\\/\\\/regiaonews.net.br\\\/2022\\\/2024\\\/01\\\/31\\\/prefeitura-promove-planejamento-escolar-2024-com-cerca-de-1-500-profissionais-da-educacao\\\/\"},\"author\":{\"name\":\"Roberto\",\"@id\":\"https:\\\/\\\/regiaonews.net.br\\\/2022\\\/#\\\/schema\\\/person\\\/2d205a608a5aa97ac279d7a5e6d89ad8\"},\"headline\":\"Prefeitura promove Planejamento Escolar 2024 com cerca de 1.500 profissionais da educa\u00e7\u00e3o\",\"datePublished\":\"2024-01-31T22:13:43+00:00\",\"mainEntityOfPage\":{\"@id\":\"https:\\\/\\\/regiaonews.net.br\\\/2022\\\/2024\\\/01\\\/31\\\/prefeitura-promove-planejamento-escolar-2024-com-cerca-de-1-500-profissionais-da-educacao\\\/\"},\"wordCount\":347,\"commentCount\":0,\"publisher\":{\"@id\":\"https:\\\/\\\/regiaonews.net.br\\\/2022\\\/#organization\"},\"image\":{\"@id\":\"https:\\\/\\\/regiaonews.net.br\\\/2022\\\/2024\\\/01\\\/31\\\/prefeitura-promove-planejamento-escolar-2024-com-cerca-de-1-500-profissionais-da-educacao\\\/#primaryimage\"},\"thumbnailUrl\":\"https:\\\/\\\/regiaonews.net.br\\\/2022\\\/wp-content\\\/uploads\\\/2024\\\/01\\\/WhatsApp-Image-2024-01-31-at-16.37.48-1.jpeg\",\"articleSection\":[\"Indefinido\"],\"inLanguage\":\"pt-BR\",\"potentialAction\":[{\"@type\":\"CommentAction\",\"name\":\"Comment\",\"target\":[\"https:\\\/\\\/regiaonews.net.br\\\/2022\\\/2024\\\/01\\\/31\\\/prefeitura-promove-planejamento-escolar-2024-com-cerca-de-1-500-profissionais-da-educacao\\\/#respond\"]}]},{\"@type\":\"WebPage\",\"@id\":\"https:\\\/\\\/regiaonews.net.br\\\/2022\\\/2024\\\/01\\\/31\\\/prefeitura-promove-planejamento-escolar-2024-com-cerca-de-1-500-profissionais-da-educacao\\\/\",\"url\":\"https:\\\/\\\/regiaonews.net.br\\\/2022\\\/2024\\\/01\\\/31\\\/prefeitura-promove-planejamento-escolar-2024-com-cerca-de-1-500-profissionais-da-educacao\\\/\",\"name\":\"Prefeitura promove Planejamento Escolar 2024 com cerca de 1.500 profissionais da educa\u00e7\u00e3o - Regi\u00e3o News\",\"isPartOf\":{\"@id\":\"https:\\\/\\\/regiaonews.net.br\\\/2022\\\/#website\"},\"primaryImageOfPage\":{\"@id\":\"https:\\\/\\\/regiaonews.net.br\\\/2022\\\/2024\\\/01\\\/31\\\/prefeitura-promove-planejamento-escolar-2024-com-cerca-de-1-500-profissionais-da-educacao\\\/#primaryimage\"},\"image\":{\"@id\":\"https:\\\/\\\/regiaonews.net.br\\\/2022\\\/2024\\\/01\\\/31\\\/prefeitura-promove-planejamento-escolar-2024-com-cerca-de-1-500-profissionais-da-educacao\\\/#primaryimage\"},\"thumbnailUrl\":\"https:\\\/\\\/regiaonews.net.br\\\/2022\\\/wp-content\\\/uploads\\\/2024\\\/01\\\/WhatsApp-Image-2024-01-31-at-16.37.48-1.jpeg\",\"datePublished\":\"2024-01-31T22:13:43+00:00\",\"breadcrumb\":{\"@id\":\"https:\\\/\\\/regiaonews.net.br\\\/2022\\\/2024\\\/01\\\/31\\\/prefeitura-promove-planejamento-escolar-2024-com-cerca-de-1-500-profissionais-da-educacao\\\/#breadcrumb\"},\"inLanguage\":\"pt-BR\",\"potentialAction\":[{\"@type\":\"ReadAction\",\"target\":[\"https:\\\/\\\/regiaonews.net.br\\\/2022\\\/2024\\\/01\\\/31\\\/prefeitura-promove-planejamento-escolar-2024-com-cerca-de-1-500-profissionais-da-educacao\\\/\"]}]},{\"@type\":\"ImageObject\",\"inLanguage\":\"pt-BR\",\"@id\":\"https:\\\/\\\/regiaonews.net.br\\\/2022\\\/2024\\\/01\\\/31\\\/prefeitura-promove-planejamento-escolar-2024-com-cerca-de-1-500-profissionais-da-educacao\\\/#primaryimage\",\"url\":\"https:\\\/\\\/regiaonews.net.br\\\/2022\\\/wp-content\\\/uploads\\\/2024\\\/01\\\/WhatsApp-Image-2024-01-31-at-16.37.48-1.jpeg\",\"contentUrl\":\"https:\\\/\\\/regiaonews.net.br\\\/2022\\\/wp-content\\\/uploads\\\/2024\\\/01\\\/WhatsApp-Image-2024-01-31-at-16.37.48-1.jpeg\",\"width\":1600,\"height\":1067},{\"@type\":\"BreadcrumbList\",\"@id\":\"https:\\\/\\\/regiaonews.net.br\\\/2022\\\/2024\\\/01\\\/31\\\/prefeitura-promove-planejamento-escolar-2024-com-cerca-de-1-500-profissionais-da-educacao\\\/#breadcrumb\",\"itemListElement\":[{\"@type\":\"ListItem\",\"position\":1,\"name\":\"In\u00edcio\",\"item\":\"https:\\\/\\\/regiaonews.net.br\\\/2022\\\/\"},{\"@type\":\"ListItem\",\"position\":2,\"name\":\"Prefeitura promove Planejamento Escolar 2024 com cerca de 1.500 profissionais da educa\u00e7\u00e3o\"}]},{\"@type\":\"WebSite\",\"@id\":\"https:\\\/\\\/regiaonews.net.br\\\/2022\\\/#website\",\"url\":\"https:\\\/\\\/regiaonews.net.br\\\/2022\\\/\",\"name\":\"Regi\u00e3o News\",\"description\":\"Site de Not\u00edcias de Barretos e regi\u00e3o\",\"publisher\":{\"@id\":\"https:\\\/\\\/regiaonews.net.br\\\/2022\\\/#organization\"},\"potentialAction\":[{\"@type\":\"SearchAction\",\"target\":{\"@type\":\"EntryPoint\",\"urlTemplate\":\"https:\\\/\\\/regiaonews.net.br\\\/2022\\\/?s={search_term_string}\"},\"query-input\":{\"@type\":\"PropertyValueSpecification\",\"valueRequired\":true,\"valueName\":\"search_term_string\"}}],\"inLanguage\":\"pt-BR\"},{\"@type\":\"Organization\",\"@id\":\"https:\\\/\\\/regiaonews.net.br\\\/2022\\\/#organization\",\"name\":\"Regi\u00e3o News\",\"url\":\"https:\\\/\\\/regiaonews.net.br\\\/2022\\\/\",\"logo\":{\"@type\":\"ImageObject\",\"inLanguage\":\"pt-BR\",\"@id\":\"https:\\\/\\\/regiaonews.net.br\\\/2022\\\/#\\\/schema\\\/logo\\\/image\\\/\",\"url\":\"https:\\\/\\\/regiaonews.net.br\\\/2022\\\/wp-content\\\/uploads\\\/2026\\\/03\\\/regiao-13-anos-scaled.jpg\",\"contentUrl\":\"https:\\\/\\\/regiaonews.net.br\\\/2022\\\/wp-content\\\/uploads\\\/2026\\\/03\\\/regiao-13-anos-scaled.jpg\",\"width\":2560,\"height\":635,\"caption\":\"Regi\u00e3o News\"},\"image\":{\"@id\":\"https:\\\/\\\/regiaonews.net.br\\\/2022\\\/#\\\/schema\\\/logo\\\/image\\\/\"}},{\"@type\":\"Person\",\"@id\":\"https:\\\/\\\/regiaonews.net.br\\\/2022\\\/#\\\/schema\\\/person\\\/2d205a608a5aa97ac279d7a5e6d89ad8\",\"name\":\"Roberto\",\"image\":{\"@type\":\"ImageObject\",\"inLanguage\":\"pt-BR\",\"@id\":\"https:\\\/\\\/secure.gravatar.com\\\/avatar\\\/42749d8b712ff9d59ca93dc150494e5b55a44134482993f5baeb97e61b7ecc89?s=96&d=mm&r=g\",\"url\":\"https:\\\/\\\/secure.gravatar.com\\\/avatar\\\/42749d8b712ff9d59ca93dc150494e5b55a44134482993f5baeb97e61b7ecc89?s=96&d=mm&r=g\",\"contentUrl\":\"https:\\\/\\\/secure.gravatar.com\\\/avatar\\\/42749d8b712ff9d59ca93dc150494e5b55a44134482993f5baeb97e61b7ecc89?s=96&d=mm&r=g\",\"caption\":\"Roberto\"},\"url\":\"https:\\\/\\\/regiaonews.net.br\\\/2022\\\/author\\\/roberto\\\/\"}]}<\/script>\n<!-- \/ Yoast SEO plugin. -->","yoast_head_json":{"title":"Prefeitura promove Planejamento Escolar 2024 com cerca de 1.500 profissionais da educa\u00e7\u00e3o - Regi\u00e3o News","robots":{"index":"index","follow":"follow","max-snippet":"max-snippet:-1","max-image-preview":"max-image-preview:large","max-video-preview":"max-video-preview:-1"},"canonical":"https:\/\/regiaonews.net.br\/2022\/2024\/01\/31\/prefeitura-promove-planejamento-escolar-2024-com-cerca-de-1-500-profissionais-da-educacao\/","og_locale":"pt_BR","og_type":"article","og_title":"Prefeitura promove Planejamento Escolar 2024 com cerca de 1.500 profissionais da educa\u00e7\u00e3o - Regi\u00e3o News","og_description":"Gestores, Docentes, Cuidadores e Auxiliares de Cuidados Di\u00e1rios (ACDs) participam","og_url":"https:\/\/regiaonews.net.br\/2022\/2024\/01\/31\/prefeitura-promove-planejamento-escolar-2024-com-cerca-de-1-500-profissionais-da-educacao\/","og_site_name":"Regi\u00e3o News","article_published_time":"2024-01-31T22:13:43+00:00","og_image":[{"width":1600,"height":1067,"url":"https:\/\/regiaonews.net.br\/2022\/wp-content\/uploads\/2024\/01\/WhatsApp-Image-2024-01-31-at-16.37.48-1.jpeg","type":"image\/jpeg"}],"author":"Roberto","twitter_card":"summary_large_image","twitter_misc":{"Escrito por":"Roberto","Est. tempo de leitura":"2 minutos"},"schema":{"@context":"https:\/\/schema.org","@graph":[{"@type":"Article","@id":"https:\/\/regiaonews.net.br\/2022\/2024\/01\/31\/prefeitura-promove-planejamento-escolar-2024-com-cerca-de-1-500-profissionais-da-educacao\/#article","isPartOf":{"@id":"https:\/\/regiaonews.net.br\/2022\/2024\/01\/31\/prefeitura-promove-planejamento-escolar-2024-com-cerca-de-1-500-profissionais-da-educacao\/"},"author":{"name":"Roberto","@id":"https:\/\/regiaonews.net.br\/2022\/#\/schema\/person\/2d205a608a5aa97ac279d7a5e6d89ad8"},"headline":"Prefeitura promove Planejamento Escolar 2024 com cerca de 1.500 profissionais da educa\u00e7\u00e3o","datePublished":"2024-01-31T22:13:43+00:00","mainEntityOfPage":{"@id":"https:\/\/regiaonews.net.br\/2022\/2024\/01\/31\/prefeitura-promove-planejamento-escolar-2024-com-cerca-de-1-500-profissionais-da-educacao\/"},"wordCount":347,"commentCount":0,"publisher":{"@id":"https:\/\/regiaonews.net.br\/2022\/#organization"},"image":{"@id":"https:\/\/regiaonews.net.br\/2022\/2024\/01\/31\/prefeitura-promove-planejamento-escolar-2024-com-cerca-de-1-500-profissionais-da-educacao\/#primaryimage"},"thumbnailUrl":"https:\/\/regiaonews.net.br\/2022\/wp-content\/uploads\/2024\/01\/WhatsApp-Image-2024-01-31-at-16.37.48-1.jpeg","articleSection":["Indefinido"],"inLanguage":"pt-BR","potentialAction":[{"@type":"CommentAction","name":"Comment","target":["https:\/\/regiaonews.net.br\/2022\/2024\/01\/31\/prefeitura-promove-planejamento-escolar-2024-com-cerca-de-1-500-profissionais-da-educacao\/#respond"]}]},{"@type":"WebPage","@id":"https:\/\/regiaonews.net.br\/2022\/2024\/01\/31\/prefeitura-promove-planejamento-escolar-2024-com-cerca-de-1-500-profissionais-da-educacao\/","url":"https:\/\/regiaonews.net.br\/2022\/2024\/01\/31\/prefeitura-promove-planejamento-escolar-2024-com-cerca-de-1-500-profissionais-da-educacao\/","name":"Prefeitura promove Planejamento Escolar 2024 com cerca de 1.500 profissionais da educa\u00e7\u00e3o - Regi\u00e3o News","isPartOf":{"@id":"https:\/\/regiaonews.net.br\/2022\/#website"},"primaryImageOfPage":{"@id":"https:\/\/regiaonews.net.br\/2022\/2024\/01\/31\/prefeitura-promove-planejamento-escolar-2024-com-cerca-de-1-500-profissionais-da-educacao\/#primaryimage"},"image":{"@id":"https:\/\/regiaonews.net.br\/2022\/2024\/01\/31\/prefeitura-promove-planejamento-escolar-2024-com-cerca-de-1-500-profissionais-da-educacao\/#primaryimage"},"thumbnailUrl":"https:\/\/regiaonews.net.br\/2022\/wp-content\/uploads\/2024\/01\/WhatsApp-Image-2024-01-31-at-16.37.48-1.jpeg","datePublished":"2024-01-31T22:13:43+00:00","breadcrumb":{"@id":"https:\/\/regiaonews.net.br\/2022\/2024\/01\/31\/prefeitura-promove-planejamento-escolar-2024-com-cerca-de-1-500-profissionais-da-educacao\/#breadcrumb"},"inLanguage":"pt-BR","potentialAction":[{"@type":"ReadAction","target":["https:\/\/regiaonews.net.br\/2022\/2024\/01\/31\/prefeitura-promove-planejamento-escolar-2024-com-cerca-de-1-500-profissionais-da-educacao\/"]}]},{"@type":"ImageObject","inLanguage":"pt-BR","@id":"https:\/\/regiaonews.net.br\/2022\/2024\/01\/31\/prefeitura-promove-planejamento-escolar-2024-com-cerca-de-1-500-profissionais-da-educacao\/#primaryimage","url":"https:\/\/regiaonews.net.br\/2022\/wp-content\/uploads\/2024\/01\/WhatsApp-Image-2024-01-31-at-16.37.48-1.jpeg","contentUrl":"https:\/\/regiaonews.net.br\/2022\/wp-content\/uploads\/2024\/01\/WhatsApp-Image-2024-01-31-at-16.37.48-1.jpeg","width":1600,"height":1067},{"@type":"BreadcrumbList","@id":"https:\/\/regiaonews.net.br\/2022\/2024\/01\/31\/prefeitura-promove-planejamento-escolar-2024-com-cerca-de-1-500-profissionais-da-educacao\/#breadcrumb","itemListElement":[{"@type":"ListItem","position":1,"name":"In\u00edcio","item":"https:\/\/regiaonews.net.br\/2022\/"},{"@type":"ListItem","position":2,"name":"Prefeitura promove Planejamento Escolar 2024 com cerca de 1.500 profissionais da educa\u00e7\u00e3o"}]},{"@type":"WebSite","@id":"https:\/\/regiaonews.net.br\/2022\/#website","url":"https:\/\/regiaonews.net.br\/2022\/","name":"Regi\u00e3o News","description":"Site de Not\u00edcias de Barretos e regi\u00e3o","publisher":{"@id":"https:\/\/regiaonews.net.br\/2022\/#organization"},"potentialAction":[{"@type":"SearchAction","target":{"@type":"EntryPoint","urlTemplate":"https:\/\/regiaonews.net.br\/2022\/?s={search_term_string}"},"query-input":{"@type":"PropertyValueSpecification","valueRequired":true,"valueName":"search_term_string"}}],"inLanguage":"pt-BR"},{"@type":"Organization","@id":"https:\/\/regiaonews.net.br\/2022\/#organization","name":"Regi\u00e3o News","url":"https:\/\/regiaonews.net.br\/2022\/","logo":{"@type":"ImageObject","inLanguage":"pt-BR","@id":"https:\/\/regiaonews.net.br\/2022\/#\/schema\/logo\/image\/","url":"https:\/\/regiaonews.net.br\/2022\/wp-content\/uploads\/2026\/03\/regiao-13-anos-scaled.jpg","contentUrl":"https:\/\/regiaonews.net.br\/2022\/wp-content\/uploads\/2026\/03\/regiao-13-anos-scaled.jpg","width":2560,"height":635,"caption":"Regi\u00e3o News"},"image":{"@id":"https:\/\/regiaonews.net.br\/2022\/#\/schema\/logo\/image\/"}},{"@type":"Person","@id":"https:\/\/regiaonews.net.br\/2022\/#\/schema\/person\/2d205a608a5aa97ac279d7a5e6d89ad8","name":"Roberto","image":{"@type":"ImageObject","inLanguage":"pt-BR","@id":"https:\/\/secure.gravatar.com\/avatar\/42749d8b712ff9d59ca93dc150494e5b55a44134482993f5baeb97e61b7ecc89?s=96&d=mm&r=g","url":"https:\/\/secure.gravatar.com\/avatar\/42749d8b712ff9d59ca93dc150494e5b55a44134482993f5baeb97e61b7ecc89?s=96&d=mm&r=g","contentUrl":"https:\/\/secure.gravatar.com\/avatar\/42749d8b712ff9d59ca93dc150494e5b55a44134482993f5baeb97e61b7ecc89?s=96&d=mm&r=g","caption":"Roberto"},"url":"https:\/\/regiaonews.net.br\/2022\/author\/roberto\/"}]}},"publishpress_future_action":{"enabled":false,"date":"2026-05-03 12:34:18","action":"change-status","newStatus":"draft","terms":[],"taxonomy":"category","extraData":[]},"publishpress_future_workflow_manual_trigger":{"enabledWorkflows":[]},"_links":{"self":[{"href":"https:\/\/regiaonews.net.br\/2022\/wp-json\/wp\/v2\/posts\/100754","targetHints":{"allow":["GET"]}}],"collection":[{"href":"https:\/\/regiaonews.net.br\/2022\/wp-json\/wp\/v2\/posts"}],"about":[{"href":"https:\/\/regiaonews.net.br\/2022\/wp-json\/wp\/v2\/types\/post"}],"author":[{"embeddable":true,"href":"https:\/\/regiaonews.net.br\/2022\/wp-json\/wp\/v2\/users\/2"}],"replies":[{"embeddable":true,"href":"https:\/\/regiaonews.net.br\/2022\/wp-json\/wp\/v2\/comments?post=100754"}],"version-history":[{"count":1,"href":"https:\/\/regiaonews.net.br\/2022\/wp-json\/wp\/v2\/posts\/100754\/revisions"}],"predecessor-version":[{"id":100756,"href":"https:\/\/regiaonews.net.br\/2022\/wp-json\/wp\/v2\/posts\/100754\/revisions\/100756"}],"wp:featuredmedia":[{"embeddable":true,"href":"https:\/\/regiaonews.net.br\/2022\/wp-json\/wp\/v2\/media\/100755"}],"wp:attachment":[{"href":"https:\/\/regiaonews.net.br\/2022\/wp-json\/wp\/v2\/media?parent=100754"}],"wp:term":[{"taxonomy":"category","embeddable":true,"href":"https:\/\/regiaonews.net.br\/2022\/wp-json\/wp\/v2\/categories?post=100754"},{"taxonomy":"post_tag","embeddable":true,"href":"https:\/\/regiaonews.net.br\/2022\/wp-json\/wp\/v2\/tags?post=100754"}],"curies":[{"name":"wp","href":"https:\/\/api.w.org\/{rel}","templated":true}]}}