{"id":100746,"date":"2024-01-31T13:08:28","date_gmt":"2024-01-31T16:08:28","guid":{"rendered":"https:\/\/regiaonews.net.br\/2022\/?p=100746"},"modified":"2024-01-31T13:08:28","modified_gmt":"2024-01-31T16:08:28","slug":"festa-do-peao-de-barretos-anuncia-ana-castela-no-dia-17-de-agosto","status":"publish","type":"post","link":"https:\/\/regiaonews.net.br\/2022\/2024\/01\/31\/festa-do-peao-de-barretos-anuncia-ana-castela-no-dia-17-de-agosto\/","title":{"rendered":"Festa do Pe\u00e3o de Barretos anuncia Ana Castela no dia 17 de agosto"},"content":{"rendered":"<h3 style=\"text-align: center;\">No mesmo dia j\u00e1 est\u00e3o confirmados os shows de Jorge e Mateus e dos embaixadores C\u00e9sar Menotti e Fabiano. Evento acontece de 15 a 25 de agosto. Ingressos j\u00e1 est\u00e3o \u00e0 venda<\/h3>\n<p>A Festa do Pe\u00e3o de Boiadeiro de Barretos confirmou mais uma grande atra\u00e7\u00e3o em sua programa\u00e7\u00e3o musical: o fen\u00f4meno do sertanejo Ana Castela. O show acontece no dia 17 de agosto, s\u00e1bado.<\/p>\n<p>Este ser\u00e1 o terceiro ano consecutivo que Ana Castela se apresenta em Barretos. A jovem cantora, de apenas 20 anos de idade, tem suas m\u00fasicas entre as mais tocadas do pa\u00eds desde o in\u00edcio da carreira. E seu show foi um dos mais disputados na \u00faltima edi\u00e7\u00e3o do evento barretense.<\/p>\n<p>Ana Castela, conhecida pela legi\u00e3o de f\u00e3s como Boiadeira, garantiu em v\u00eddeo veiculado nas redes sociais oficiais do evento que vai preparar um show novo para a maior festa do g\u00eanero da Am\u00e9rica Latina.<\/p>\n<p>Mais atra\u00e7\u00f5es<br \/>\nNo mesmo dia da \u201cBoiadeira\u201d, tamb\u00e9m fazem shows os embaixadores do rodeio de Barretos C\u00e9sar Menotti e Fabiano e a dupla Jorge e Mateus.<\/p>\n<p>Al\u00e9m disso, o evento tamb\u00e9m j\u00e1 confirmou a atra\u00e7\u00e3o internacional Cody Johnson, no dia 24 de agosto.<\/p>\n<p>Ingressos<br \/>\nAs vendas dos acessos para a 69\u00aa Festa do Pe\u00e3o de Boiadeiro de Barretos, que acontece de 15 a 25 de agosto j\u00e1 est\u00e3o liberadas.<\/p>\n<p>O evento re\u00fane em 11 dias de programa\u00e7\u00e3o, muito esporte, m\u00fasica, cultura, gastronomia e entretenimento no Parque do Pe\u00e3o, complexo com mais de 2 milh\u00f5es de metros quadrados.<\/p>\n<p>A venda \u00e9 exclusiva pelo site https:\/\/barretos.totalacesso.com\/ e est\u00e3o dispon\u00edveis lotes para os nove (9) setores que integram o evento, s\u00e3o eles: Parque\/Rodeio\/Show, \u00c1rea Vip, Pista Prime, Pista Gold e Stage Prime; Camarotes Arena Premium, Brahma, Open Super Bull e Dagente. Tamb\u00e9m j\u00e1 \u00e9 poss\u00edvel adquirir pacotes para a \u00e1rea de Camping, que funciona dentro do Parque do Pe\u00e3o.<\/p>\n<p>Mais informa\u00e7\u00f5es: https:\/\/www.independentes.com.br\/festadopeao<\/p>\n<p>Ph\u00e1brica de Ideias &#8211; Assessoria de Comunica\u00e7\u00e3o e relacionamento com a imprensa<br \/>\nContatos da equipe: (17) 99775-8666 \/ mirene@phideias.com.br \/ vitoria@phideias.com.br<\/p>\n","protected":false},"excerpt":{"rendered":"<p>No mesmo dia j\u00e1 est\u00e3o confirmados os shows de Jorge<\/p>\n","protected":false},"author":2,"featured_media":100747,"comment_status":"open","ping_status":"open","sticky":false,"template":"","format":"standard","meta":{"footnotes":""},"categories":[14,3],"tags":[],"class_list":["post-100746","post","type-post","status-publish","format-standard","has-post-thumbnail","hentry","category-barretos","category-geral"],"yoast_head":"<!-- This site is optimized with the Yoast SEO plugin v27.4 - https:\/\/yoast.com\/product\/yoast-seo-wordpress\/ -->\n<title>Festa do Pe\u00e3o de Barretos anuncia Ana Castela no dia 17 de agosto - Regi\u00e3o News<\/title>\n<meta name=\"robots\" content=\"index, follow, max-snippet:-1, max-image-preview:large, max-video-preview:-1\" \/>\n<link rel=\"canonical\" href=\"https:\/\/regiaonews.net.br\/2022\/2024\/01\/31\/festa-do-peao-de-barretos-anuncia-ana-castela-no-dia-17-de-agosto\/\" \/>\n<meta property=\"og:locale\" content=\"pt_BR\" \/>\n<meta property=\"og:type\" content=\"article\" \/>\n<meta property=\"og:title\" content=\"Festa do Pe\u00e3o de Barretos anuncia Ana Castela no dia 17 de agosto - Regi\u00e3o News\" \/>\n<meta property=\"og:description\" content=\"No mesmo dia j\u00e1 est\u00e3o confirmados os shows de Jorge\" \/>\n<meta property=\"og:url\" content=\"https:\/\/regiaonews.net.br\/2022\/2024\/01\/31\/festa-do-peao-de-barretos-anuncia-ana-castela-no-dia-17-de-agosto\/\" \/>\n<meta property=\"og:site_name\" content=\"Regi\u00e3o News\" \/>\n<meta property=\"article:published_time\" content=\"2024-01-31T16:08:28+00:00\" \/>\n<meta property=\"og:image\" content=\"https:\/\/regiaonews.net.br\/2022\/wp-content\/uploads\/2024\/01\/Imagem-do-WhatsApp-de-2024-01-31-as-12.10.55_c0e27e5e.jpg\" \/>\n\t<meta property=\"og:image:width\" content=\"1600\" \/>\n\t<meta property=\"og:image:height\" content=\"1066\" \/>\n\t<meta property=\"og:image:type\" content=\"image\/jpeg\" \/>\n<meta name=\"author\" content=\"Roberto\" \/>\n<meta name=\"twitter:card\" content=\"summary_large_image\" \/>\n<meta name=\"twitter:label1\" content=\"Escrito por\" \/>\n\t<meta name=\"twitter:data1\" content=\"Roberto\" \/>\n\t<meta name=\"twitter:label2\" content=\"Est. tempo de leitura\" \/>\n\t<meta name=\"twitter:data2\" content=\"2 minutos\" \/>\n<script type=\"application\/ld+json\" class=\"yoast-schema-graph\">{\"@context\":\"https:\\\/\\\/schema.org\",\"@graph\":[{\"@type\":\"Article\",\"@id\":\"https:\\\/\\\/regiaonews.net.br\\\/2022\\\/2024\\\/01\\\/31\\\/festa-do-peao-de-barretos-anuncia-ana-castela-no-dia-17-de-agosto\\\/#article\",\"isPartOf\":{\"@id\":\"https:\\\/\\\/regiaonews.net.br\\\/2022\\\/2024\\\/01\\\/31\\\/festa-do-peao-de-barretos-anuncia-ana-castela-no-dia-17-de-agosto\\\/\"},\"author\":{\"name\":\"Roberto\",\"@id\":\"https:\\\/\\\/regiaonews.net.br\\\/2022\\\/#\\\/schema\\\/person\\\/2d205a608a5aa97ac279d7a5e6d89ad8\"},\"headline\":\"Festa do Pe\u00e3o de Barretos anuncia Ana Castela no dia 17 de agosto\",\"datePublished\":\"2024-01-31T16:08:28+00:00\",\"mainEntityOfPage\":{\"@id\":\"https:\\\/\\\/regiaonews.net.br\\\/2022\\\/2024\\\/01\\\/31\\\/festa-do-peao-de-barretos-anuncia-ana-castela-no-dia-17-de-agosto\\\/\"},\"wordCount\":379,\"commentCount\":0,\"publisher\":{\"@id\":\"https:\\\/\\\/regiaonews.net.br\\\/2022\\\/#organization\"},\"image\":{\"@id\":\"https:\\\/\\\/regiaonews.net.br\\\/2022\\\/2024\\\/01\\\/31\\\/festa-do-peao-de-barretos-anuncia-ana-castela-no-dia-17-de-agosto\\\/#primaryimage\"},\"thumbnailUrl\":\"https:\\\/\\\/regiaonews.net.br\\\/2022\\\/wp-content\\\/uploads\\\/2024\\\/01\\\/Imagem-do-WhatsApp-de-2024-01-31-as-12.10.55_c0e27e5e.jpg\",\"articleSection\":[\"Barretos\",\"Geral\"],\"inLanguage\":\"pt-BR\",\"potentialAction\":[{\"@type\":\"CommentAction\",\"name\":\"Comment\",\"target\":[\"https:\\\/\\\/regiaonews.net.br\\\/2022\\\/2024\\\/01\\\/31\\\/festa-do-peao-de-barretos-anuncia-ana-castela-no-dia-17-de-agosto\\\/#respond\"]}]},{\"@type\":\"WebPage\",\"@id\":\"https:\\\/\\\/regiaonews.net.br\\\/2022\\\/2024\\\/01\\\/31\\\/festa-do-peao-de-barretos-anuncia-ana-castela-no-dia-17-de-agosto\\\/\",\"url\":\"https:\\\/\\\/regiaonews.net.br\\\/2022\\\/2024\\\/01\\\/31\\\/festa-do-peao-de-barretos-anuncia-ana-castela-no-dia-17-de-agosto\\\/\",\"name\":\"Festa do Pe\u00e3o de Barretos anuncia Ana Castela no dia 17 de agosto - Regi\u00e3o News\",\"isPartOf\":{\"@id\":\"https:\\\/\\\/regiaonews.net.br\\\/2022\\\/#website\"},\"primaryImageOfPage\":{\"@id\":\"https:\\\/\\\/regiaonews.net.br\\\/2022\\\/2024\\\/01\\\/31\\\/festa-do-peao-de-barretos-anuncia-ana-castela-no-dia-17-de-agosto\\\/#primaryimage\"},\"image\":{\"@id\":\"https:\\\/\\\/regiaonews.net.br\\\/2022\\\/2024\\\/01\\\/31\\\/festa-do-peao-de-barretos-anuncia-ana-castela-no-dia-17-de-agosto\\\/#primaryimage\"},\"thumbnailUrl\":\"https:\\\/\\\/regiaonews.net.br\\\/2022\\\/wp-content\\\/uploads\\\/2024\\\/01\\\/Imagem-do-WhatsApp-de-2024-01-31-as-12.10.55_c0e27e5e.jpg\",\"datePublished\":\"2024-01-31T16:08:28+00:00\",\"breadcrumb\":{\"@id\":\"https:\\\/\\\/regiaonews.net.br\\\/2022\\\/2024\\\/01\\\/31\\\/festa-do-peao-de-barretos-anuncia-ana-castela-no-dia-17-de-agosto\\\/#breadcrumb\"},\"inLanguage\":\"pt-BR\",\"potentialAction\":[{\"@type\":\"ReadAction\",\"target\":[\"https:\\\/\\\/regiaonews.net.br\\\/2022\\\/2024\\\/01\\\/31\\\/festa-do-peao-de-barretos-anuncia-ana-castela-no-dia-17-de-agosto\\\/\"]}]},{\"@type\":\"ImageObject\",\"inLanguage\":\"pt-BR\",\"@id\":\"https:\\\/\\\/regiaonews.net.br\\\/2022\\\/2024\\\/01\\\/31\\\/festa-do-peao-de-barretos-anuncia-ana-castela-no-dia-17-de-agosto\\\/#primaryimage\",\"url\":\"https:\\\/\\\/regiaonews.net.br\\\/2022\\\/wp-content\\\/uploads\\\/2024\\\/01\\\/Imagem-do-WhatsApp-de-2024-01-31-as-12.10.55_c0e27e5e.jpg\",\"contentUrl\":\"https:\\\/\\\/regiaonews.net.br\\\/2022\\\/wp-content\\\/uploads\\\/2024\\\/01\\\/Imagem-do-WhatsApp-de-2024-01-31-as-12.10.55_c0e27e5e.jpg\",\"width\":1600,\"height\":1066},{\"@type\":\"BreadcrumbList\",\"@id\":\"https:\\\/\\\/regiaonews.net.br\\\/2022\\\/2024\\\/01\\\/31\\\/festa-do-peao-de-barretos-anuncia-ana-castela-no-dia-17-de-agosto\\\/#breadcrumb\",\"itemListElement\":[{\"@type\":\"ListItem\",\"position\":1,\"name\":\"In\u00edcio\",\"item\":\"https:\\\/\\\/regiaonews.net.br\\\/2022\\\/\"},{\"@type\":\"ListItem\",\"position\":2,\"name\":\"Festa do Pe\u00e3o de Barretos anuncia Ana Castela no dia 17 de agosto\"}]},{\"@type\":\"WebSite\",\"@id\":\"https:\\\/\\\/regiaonews.net.br\\\/2022\\\/#website\",\"url\":\"https:\\\/\\\/regiaonews.net.br\\\/2022\\\/\",\"name\":\"Regi\u00e3o News\",\"description\":\"Site de Not\u00edcias de Barretos e regi\u00e3o\",\"publisher\":{\"@id\":\"https:\\\/\\\/regiaonews.net.br\\\/2022\\\/#organization\"},\"potentialAction\":[{\"@type\":\"SearchAction\",\"target\":{\"@type\":\"EntryPoint\",\"urlTemplate\":\"https:\\\/\\\/regiaonews.net.br\\\/2022\\\/?s={search_term_string}\"},\"query-input\":{\"@type\":\"PropertyValueSpecification\",\"valueRequired\":true,\"valueName\":\"search_term_string\"}}],\"inLanguage\":\"pt-BR\"},{\"@type\":\"Organization\",\"@id\":\"https:\\\/\\\/regiaonews.net.br\\\/2022\\\/#organization\",\"name\":\"Regi\u00e3o News\",\"url\":\"https:\\\/\\\/regiaonews.net.br\\\/2022\\\/\",\"logo\":{\"@type\":\"ImageObject\",\"inLanguage\":\"pt-BR\",\"@id\":\"https:\\\/\\\/regiaonews.net.br\\\/2022\\\/#\\\/schema\\\/logo\\\/image\\\/\",\"url\":\"https:\\\/\\\/regiaonews.net.br\\\/2022\\\/wp-content\\\/uploads\\\/2026\\\/03\\\/regiao-13-anos-scaled.jpg\",\"contentUrl\":\"https:\\\/\\\/regiaonews.net.br\\\/2022\\\/wp-content\\\/uploads\\\/2026\\\/03\\\/regiao-13-anos-scaled.jpg\",\"width\":2560,\"height\":635,\"caption\":\"Regi\u00e3o News\"},\"image\":{\"@id\":\"https:\\\/\\\/regiaonews.net.br\\\/2022\\\/#\\\/schema\\\/logo\\\/image\\\/\"}},{\"@type\":\"Person\",\"@id\":\"https:\\\/\\\/regiaonews.net.br\\\/2022\\\/#\\\/schema\\\/person\\\/2d205a608a5aa97ac279d7a5e6d89ad8\",\"name\":\"Roberto\",\"image\":{\"@type\":\"ImageObject\",\"inLanguage\":\"pt-BR\",\"@id\":\"https:\\\/\\\/secure.gravatar.com\\\/avatar\\\/42749d8b712ff9d59ca93dc150494e5b55a44134482993f5baeb97e61b7ecc89?s=96&d=mm&r=g\",\"url\":\"https:\\\/\\\/secure.gravatar.com\\\/avatar\\\/42749d8b712ff9d59ca93dc150494e5b55a44134482993f5baeb97e61b7ecc89?s=96&d=mm&r=g\",\"contentUrl\":\"https:\\\/\\\/secure.gravatar.com\\\/avatar\\\/42749d8b712ff9d59ca93dc150494e5b55a44134482993f5baeb97e61b7ecc89?s=96&d=mm&r=g\",\"caption\":\"Roberto\"},\"url\":\"https:\\\/\\\/regiaonews.net.br\\\/2022\\\/author\\\/roberto\\\/\"}]}<\/script>\n<!-- \/ Yoast SEO plugin. -->","yoast_head_json":{"title":"Festa do Pe\u00e3o de Barretos anuncia Ana Castela no dia 17 de agosto - Regi\u00e3o News","robots":{"index":"index","follow":"follow","max-snippet":"max-snippet:-1","max-image-preview":"max-image-preview:large","max-video-preview":"max-video-preview:-1"},"canonical":"https:\/\/regiaonews.net.br\/2022\/2024\/01\/31\/festa-do-peao-de-barretos-anuncia-ana-castela-no-dia-17-de-agosto\/","og_locale":"pt_BR","og_type":"article","og_title":"Festa do Pe\u00e3o de Barretos anuncia Ana Castela no dia 17 de agosto - Regi\u00e3o News","og_description":"No mesmo dia j\u00e1 est\u00e3o confirmados os shows de Jorge","og_url":"https:\/\/regiaonews.net.br\/2022\/2024\/01\/31\/festa-do-peao-de-barretos-anuncia-ana-castela-no-dia-17-de-agosto\/","og_site_name":"Regi\u00e3o News","article_published_time":"2024-01-31T16:08:28+00:00","og_image":[{"width":1600,"height":1066,"url":"https:\/\/regiaonews.net.br\/2022\/wp-content\/uploads\/2024\/01\/Imagem-do-WhatsApp-de-2024-01-31-as-12.10.55_c0e27e5e.jpg","type":"image\/jpeg"}],"author":"Roberto","twitter_card":"summary_large_image","twitter_misc":{"Escrito por":"Roberto","Est. tempo de leitura":"2 minutos"},"schema":{"@context":"https:\/\/schema.org","@graph":[{"@type":"Article","@id":"https:\/\/regiaonews.net.br\/2022\/2024\/01\/31\/festa-do-peao-de-barretos-anuncia-ana-castela-no-dia-17-de-agosto\/#article","isPartOf":{"@id":"https:\/\/regiaonews.net.br\/2022\/2024\/01\/31\/festa-do-peao-de-barretos-anuncia-ana-castela-no-dia-17-de-agosto\/"},"author":{"name":"Roberto","@id":"https:\/\/regiaonews.net.br\/2022\/#\/schema\/person\/2d205a608a5aa97ac279d7a5e6d89ad8"},"headline":"Festa do Pe\u00e3o de Barretos anuncia Ana Castela no dia 17 de agosto","datePublished":"2024-01-31T16:08:28+00:00","mainEntityOfPage":{"@id":"https:\/\/regiaonews.net.br\/2022\/2024\/01\/31\/festa-do-peao-de-barretos-anuncia-ana-castela-no-dia-17-de-agosto\/"},"wordCount":379,"commentCount":0,"publisher":{"@id":"https:\/\/regiaonews.net.br\/2022\/#organization"},"image":{"@id":"https:\/\/regiaonews.net.br\/2022\/2024\/01\/31\/festa-do-peao-de-barretos-anuncia-ana-castela-no-dia-17-de-agosto\/#primaryimage"},"thumbnailUrl":"https:\/\/regiaonews.net.br\/2022\/wp-content\/uploads\/2024\/01\/Imagem-do-WhatsApp-de-2024-01-31-as-12.10.55_c0e27e5e.jpg","articleSection":["Barretos","Geral"],"inLanguage":"pt-BR","potentialAction":[{"@type":"CommentAction","name":"Comment","target":["https:\/\/regiaonews.net.br\/2022\/2024\/01\/31\/festa-do-peao-de-barretos-anuncia-ana-castela-no-dia-17-de-agosto\/#respond"]}]},{"@type":"WebPage","@id":"https:\/\/regiaonews.net.br\/2022\/2024\/01\/31\/festa-do-peao-de-barretos-anuncia-ana-castela-no-dia-17-de-agosto\/","url":"https:\/\/regiaonews.net.br\/2022\/2024\/01\/31\/festa-do-peao-de-barretos-anuncia-ana-castela-no-dia-17-de-agosto\/","name":"Festa do Pe\u00e3o de Barretos anuncia Ana Castela no dia 17 de agosto - Regi\u00e3o News","isPartOf":{"@id":"https:\/\/regiaonews.net.br\/2022\/#website"},"primaryImageOfPage":{"@id":"https:\/\/regiaonews.net.br\/2022\/2024\/01\/31\/festa-do-peao-de-barretos-anuncia-ana-castela-no-dia-17-de-agosto\/#primaryimage"},"image":{"@id":"https:\/\/regiaonews.net.br\/2022\/2024\/01\/31\/festa-do-peao-de-barretos-anuncia-ana-castela-no-dia-17-de-agosto\/#primaryimage"},"thumbnailUrl":"https:\/\/regiaonews.net.br\/2022\/wp-content\/uploads\/2024\/01\/Imagem-do-WhatsApp-de-2024-01-31-as-12.10.55_c0e27e5e.jpg","datePublished":"2024-01-31T16:08:28+00:00","breadcrumb":{"@id":"https:\/\/regiaonews.net.br\/2022\/2024\/01\/31\/festa-do-peao-de-barretos-anuncia-ana-castela-no-dia-17-de-agosto\/#breadcrumb"},"inLanguage":"pt-BR","potentialAction":[{"@type":"ReadAction","target":["https:\/\/regiaonews.net.br\/2022\/2024\/01\/31\/festa-do-peao-de-barretos-anuncia-ana-castela-no-dia-17-de-agosto\/"]}]},{"@type":"ImageObject","inLanguage":"pt-BR","@id":"https:\/\/regiaonews.net.br\/2022\/2024\/01\/31\/festa-do-peao-de-barretos-anuncia-ana-castela-no-dia-17-de-agosto\/#primaryimage","url":"https:\/\/regiaonews.net.br\/2022\/wp-content\/uploads\/2024\/01\/Imagem-do-WhatsApp-de-2024-01-31-as-12.10.55_c0e27e5e.jpg","contentUrl":"https:\/\/regiaonews.net.br\/2022\/wp-content\/uploads\/2024\/01\/Imagem-do-WhatsApp-de-2024-01-31-as-12.10.55_c0e27e5e.jpg","width":1600,"height":1066},{"@type":"BreadcrumbList","@id":"https:\/\/regiaonews.net.br\/2022\/2024\/01\/31\/festa-do-peao-de-barretos-anuncia-ana-castela-no-dia-17-de-agosto\/#breadcrumb","itemListElement":[{"@type":"ListItem","position":1,"name":"In\u00edcio","item":"https:\/\/regiaonews.net.br\/2022\/"},{"@type":"ListItem","position":2,"name":"Festa do Pe\u00e3o de Barretos anuncia Ana Castela no dia 17 de agosto"}]},{"@type":"WebSite","@id":"https:\/\/regiaonews.net.br\/2022\/#website","url":"https:\/\/regiaonews.net.br\/2022\/","name":"Regi\u00e3o News","description":"Site de Not\u00edcias de Barretos e regi\u00e3o","publisher":{"@id":"https:\/\/regiaonews.net.br\/2022\/#organization"},"potentialAction":[{"@type":"SearchAction","target":{"@type":"EntryPoint","urlTemplate":"https:\/\/regiaonews.net.br\/2022\/?s={search_term_string}"},"query-input":{"@type":"PropertyValueSpecification","valueRequired":true,"valueName":"search_term_string"}}],"inLanguage":"pt-BR"},{"@type":"Organization","@id":"https:\/\/regiaonews.net.br\/2022\/#organization","name":"Regi\u00e3o News","url":"https:\/\/regiaonews.net.br\/2022\/","logo":{"@type":"ImageObject","inLanguage":"pt-BR","@id":"https:\/\/regiaonews.net.br\/2022\/#\/schema\/logo\/image\/","url":"https:\/\/regiaonews.net.br\/2022\/wp-content\/uploads\/2026\/03\/regiao-13-anos-scaled.jpg","contentUrl":"https:\/\/regiaonews.net.br\/2022\/wp-content\/uploads\/2026\/03\/regiao-13-anos-scaled.jpg","width":2560,"height":635,"caption":"Regi\u00e3o News"},"image":{"@id":"https:\/\/regiaonews.net.br\/2022\/#\/schema\/logo\/image\/"}},{"@type":"Person","@id":"https:\/\/regiaonews.net.br\/2022\/#\/schema\/person\/2d205a608a5aa97ac279d7a5e6d89ad8","name":"Roberto","image":{"@type":"ImageObject","inLanguage":"pt-BR","@id":"https:\/\/secure.gravatar.com\/avatar\/42749d8b712ff9d59ca93dc150494e5b55a44134482993f5baeb97e61b7ecc89?s=96&d=mm&r=g","url":"https:\/\/secure.gravatar.com\/avatar\/42749d8b712ff9d59ca93dc150494e5b55a44134482993f5baeb97e61b7ecc89?s=96&d=mm&r=g","contentUrl":"https:\/\/secure.gravatar.com\/avatar\/42749d8b712ff9d59ca93dc150494e5b55a44134482993f5baeb97e61b7ecc89?s=96&d=mm&r=g","caption":"Roberto"},"url":"https:\/\/regiaonews.net.br\/2022\/author\/roberto\/"}]}},"publishpress_future_action":{"enabled":false,"date":"2026-05-03 09:21:26","action":"change-status","newStatus":"draft","terms":[],"taxonomy":"category","extraData":[]},"publishpress_future_workflow_manual_trigger":{"enabledWorkflows":[]},"_links":{"self":[{"href":"https:\/\/regiaonews.net.br\/2022\/wp-json\/wp\/v2\/posts\/100746","targetHints":{"allow":["GET"]}}],"collection":[{"href":"https:\/\/regiaonews.net.br\/2022\/wp-json\/wp\/v2\/posts"}],"about":[{"href":"https:\/\/regiaonews.net.br\/2022\/wp-json\/wp\/v2\/types\/post"}],"author":[{"embeddable":true,"href":"https:\/\/regiaonews.net.br\/2022\/wp-json\/wp\/v2\/users\/2"}],"replies":[{"embeddable":true,"href":"https:\/\/regiaonews.net.br\/2022\/wp-json\/wp\/v2\/comments?post=100746"}],"version-history":[{"count":1,"href":"https:\/\/regiaonews.net.br\/2022\/wp-json\/wp\/v2\/posts\/100746\/revisions"}],"predecessor-version":[{"id":100748,"href":"https:\/\/regiaonews.net.br\/2022\/wp-json\/wp\/v2\/posts\/100746\/revisions\/100748"}],"wp:featuredmedia":[{"embeddable":true,"href":"https:\/\/regiaonews.net.br\/2022\/wp-json\/wp\/v2\/media\/100747"}],"wp:attachment":[{"href":"https:\/\/regiaonews.net.br\/2022\/wp-json\/wp\/v2\/media?parent=100746"}],"wp:term":[{"taxonomy":"category","embeddable":true,"href":"https:\/\/regiaonews.net.br\/2022\/wp-json\/wp\/v2\/categories?post=100746"},{"taxonomy":"post_tag","embeddable":true,"href":"https:\/\/regiaonews.net.br\/2022\/wp-json\/wp\/v2\/tags?post=100746"}],"curies":[{"name":"wp","href":"https:\/\/api.w.org\/{rel}","templated":true}]}}