{"id":100704,"date":"2024-01-30T19:09:04","date_gmt":"2024-01-30T22:09:04","guid":{"rendered":"https:\/\/regiaonews.net.br\/2022\/?p=100704"},"modified":"2024-01-30T19:09:51","modified_gmt":"2024-01-30T22:09:51","slug":"operacao-carnaval-tera-reforco-de-15-mil-pms-e-6-mil-viaturas-em-todo-o-estado","status":"publish","type":"post","link":"https:\/\/regiaonews.net.br\/2022\/2024\/01\/30\/operacao-carnaval-tera-reforco-de-15-mil-pms-e-6-mil-viaturas-em-todo-o-estado\/","title":{"rendered":"Opera\u00e7\u00e3o Carnaval ter\u00e1 refor\u00e7o de 15 mil PMs e 6 mil viaturas em todo o Estado"},"content":{"rendered":"<div class=\"col-lg-12 mt-2 justify\">\n<h5 class=\"justify\">Policiais usar\u00e3o drones, helic\u00f3pteros e embarca\u00e7\u00f5es<\/h5>\n<div class=\"row\">\n<div class=\"col-lg-12 mt-3 justify\">\n<div>\n<div>A Pol\u00edcia Militar apresentou nesta segunda-feira (29) o esquema de seguran\u00e7a que ser\u00e1 empregado no Carnaval 2024. Ser\u00e3o mobilizados 15 mil policiais e 6 mil viaturas em todo o Estado.<\/div>\n<div><\/div>\n<div>As opera\u00e7\u00f5es policiais ir\u00e3o mobilizar todas as unidades policiais, como a Rodovi\u00e1ria, para garantir a seguran\u00e7a nos deslocamentos pelas rodovias, e a PM Ambiental, para evitar crimes e proteger os foli\u00f5es que forem passar as festas nas zonas rurais e ranchos no interior do Estado. No litoral tamb\u00e9m haver\u00e1 policiamento espec\u00edfico, al\u00e9m do refor\u00e7o que j\u00e1 existe com a Opera\u00e7\u00e3o Ver\u00e3o, que est\u00e1 em andamento.<\/div>\n<div><\/div>\n<div>\u201cHouve uma expans\u00e3o do carnaval da capital para todo o estado, por isso, existe esse planejamento para garantir a seguran\u00e7a em todos os locais\u201d, afirmou o comandante-geral da PM, coronel C\u00e1ssio Ara\u00fajo de Freitas.<\/div>\n<div><\/div>\n<div>A mobiliza\u00e7\u00e3o come\u00e7a j\u00e1 no pr\u00f3ximo s\u00e1bado (3), com o pr\u00e9-carnaval. Depois, o efetivo ficar\u00e1 empenhado durante o carnaval, entre os dias 5 e 16, e tamb\u00e9m no p\u00f3s-carnaval, nos dias 17 e 18.<\/div>\n<div><\/div>\n<div>\u201cEm 2023 tivemos o carnaval mais seguro de todos os tempos, com diminui\u00e7\u00e3o de todos os indicadores criminais. Ent\u00e3o, em 2024, temos o grande desafio de conseguir \u00edndices ainda melhores, e trabalharemos para isso\u201d, disse.<\/div>\n<div><\/div>\n<div><b>Policiamento \u00e0 paisana<\/b><\/div>\n<div><b>\u00a0<\/b><\/div>\n<div>Uma das modalidades de policiamento ser\u00e1 o de \u201caproxima\u00e7\u00e3o\u201d. Os foli\u00f5es poder\u00e3o contar por todo o percurso, em blocos ou nas ruas, com policiais a p\u00e9, circulando por locais estrat\u00e9gicos e de encontros p\u00fablicos para f\u00e1cil localiza\u00e7\u00e3o em caso de ajuda.<\/div>\n<div><\/div>\n<div>Tamb\u00e9m haver\u00e1 o policiamento \u00e0 paisana, ou seja, policiais com trajes civis estar\u00e3o em meio ao p\u00fablico para observar atitudes suspeitos e evitar crimes, avisando a central de opera\u00e7\u00f5es sobre poss\u00edveis indiv\u00edduos em atitudes suspeitas.<\/div>\n<div><\/div>\n<div>Os policiais que v\u00e3o atuar na opera\u00e7\u00e3o tamb\u00e9m receberam treinamento espec\u00edfico para lidar com casos de importuna\u00e7\u00e3o sexual. Os PMs atuar\u00e3o no acolhimento e no devido encaminhamento das v\u00edtimas para as redes de prote\u00e7\u00e3o.<\/div>\n<div>Roubos e furtos de celulares<\/div>\n<div><\/div>\n<div>Al\u00e9m do policiamento ostensivo para flagrar roubos e furtos de celular, a PM vai atuar tamb\u00e9m para combater a recepta\u00e7\u00e3o dos aparelhos.<\/div>\n<div><\/div>\n<div>\u201cA recepta\u00e7\u00e3o dos celulares \u00e9 muito r\u00e1pida. O criminoso furta o celular, leva para outra pessoa e j\u00e1 sai daquela \u00e1rea. Por isso, estamos com uma opera\u00e7\u00e3o em andamento justamente para combater a recepta\u00e7\u00e3o de aparelhos de celular\u201d, explicou.<\/div>\n<\/div>\n<\/div>\n<div class=\"col-lg-12 mb-5 justify\"><\/div>\n<\/div>\n<div class=\"row mb-4\"><\/div>\n<\/div>\n<div class=\"col-lg-12 mt-3 justify\">\n<div><\/div>\n<\/div>\n","protected":false},"excerpt":{"rendered":"<p>Policiais usar\u00e3o drones, helic\u00f3pteros e embarca\u00e7\u00f5es A Pol\u00edcia Militar apresentou<\/p>\n","protected":false},"author":2,"featured_media":100706,"comment_status":"open","ping_status":"open","sticky":false,"template":"","format":"standard","meta":{"footnotes":""},"categories":[23],"tags":[],"class_list":["post-100704","post","type-post","status-publish","format-standard","has-post-thumbnail","hentry","category-policia"],"yoast_head":"<!-- This site is optimized with the Yoast SEO plugin v27.4 - https:\/\/yoast.com\/product\/yoast-seo-wordpress\/ -->\n<title>Opera\u00e7\u00e3o Carnaval ter\u00e1 refor\u00e7o de 15 mil PMs e 6 mil viaturas em todo o Estado - Regi\u00e3o News<\/title>\n<meta name=\"robots\" content=\"index, follow, max-snippet:-1, max-image-preview:large, max-video-preview:-1\" \/>\n<link rel=\"canonical\" href=\"https:\/\/regiaonews.net.br\/2022\/2024\/01\/30\/operacao-carnaval-tera-reforco-de-15-mil-pms-e-6-mil-viaturas-em-todo-o-estado\/\" \/>\n<meta property=\"og:locale\" content=\"pt_BR\" \/>\n<meta property=\"og:type\" content=\"article\" \/>\n<meta property=\"og:title\" content=\"Opera\u00e7\u00e3o Carnaval ter\u00e1 refor\u00e7o de 15 mil PMs e 6 mil viaturas em todo o Estado - Regi\u00e3o News\" \/>\n<meta property=\"og:description\" content=\"Policiais usar\u00e3o drones, helic\u00f3pteros e embarca\u00e7\u00f5es A Pol\u00edcia Militar apresentou\" \/>\n<meta property=\"og:url\" content=\"https:\/\/regiaonews.net.br\/2022\/2024\/01\/30\/operacao-carnaval-tera-reforco-de-15-mil-pms-e-6-mil-viaturas-em-todo-o-estado\/\" \/>\n<meta property=\"og:site_name\" content=\"Regi\u00e3o News\" \/>\n<meta property=\"article:published_time\" content=\"2024-01-30T22:09:04+00:00\" \/>\n<meta property=\"article:modified_time\" content=\"2024-01-30T22:09:51+00:00\" \/>\n<meta property=\"og:image\" content=\"https:\/\/regiaonews.net.br\/2022\/wp-content\/uploads\/2024\/01\/00052906.jpeg\" \/>\n\t<meta property=\"og:image:width\" content=\"800\" \/>\n\t<meta property=\"og:image:height\" content=\"514\" \/>\n\t<meta property=\"og:image:type\" content=\"image\/jpeg\" \/>\n<meta name=\"author\" content=\"Roberto\" \/>\n<meta name=\"twitter:card\" content=\"summary_large_image\" \/>\n<meta name=\"twitter:label1\" content=\"Escrito por\" \/>\n\t<meta name=\"twitter:data1\" content=\"Roberto\" \/>\n\t<meta name=\"twitter:label2\" content=\"Est. tempo de leitura\" \/>\n\t<meta name=\"twitter:data2\" content=\"3 minutos\" \/>\n<script type=\"application\/ld+json\" class=\"yoast-schema-graph\">{\"@context\":\"https:\\\/\\\/schema.org\",\"@graph\":[{\"@type\":\"Article\",\"@id\":\"https:\\\/\\\/regiaonews.net.br\\\/2022\\\/2024\\\/01\\\/30\\\/operacao-carnaval-tera-reforco-de-15-mil-pms-e-6-mil-viaturas-em-todo-o-estado\\\/#article\",\"isPartOf\":{\"@id\":\"https:\\\/\\\/regiaonews.net.br\\\/2022\\\/2024\\\/01\\\/30\\\/operacao-carnaval-tera-reforco-de-15-mil-pms-e-6-mil-viaturas-em-todo-o-estado\\\/\"},\"author\":{\"name\":\"Roberto\",\"@id\":\"https:\\\/\\\/regiaonews.net.br\\\/2022\\\/#\\\/schema\\\/person\\\/2d205a608a5aa97ac279d7a5e6d89ad8\"},\"headline\":\"Opera\u00e7\u00e3o Carnaval ter\u00e1 refor\u00e7o de 15 mil PMs e 6 mil viaturas em todo o Estado\",\"datePublished\":\"2024-01-30T22:09:04+00:00\",\"dateModified\":\"2024-01-30T22:09:51+00:00\",\"mainEntityOfPage\":{\"@id\":\"https:\\\/\\\/regiaonews.net.br\\\/2022\\\/2024\\\/01\\\/30\\\/operacao-carnaval-tera-reforco-de-15-mil-pms-e-6-mil-viaturas-em-todo-o-estado\\\/\"},\"wordCount\":443,\"commentCount\":0,\"publisher\":{\"@id\":\"https:\\\/\\\/regiaonews.net.br\\\/2022\\\/#organization\"},\"image\":{\"@id\":\"https:\\\/\\\/regiaonews.net.br\\\/2022\\\/2024\\\/01\\\/30\\\/operacao-carnaval-tera-reforco-de-15-mil-pms-e-6-mil-viaturas-em-todo-o-estado\\\/#primaryimage\"},\"thumbnailUrl\":\"https:\\\/\\\/regiaonews.net.br\\\/2022\\\/wp-content\\\/uploads\\\/2024\\\/01\\\/00052906.jpeg\",\"articleSection\":[\"Policia\"],\"inLanguage\":\"pt-BR\",\"potentialAction\":[{\"@type\":\"CommentAction\",\"name\":\"Comment\",\"target\":[\"https:\\\/\\\/regiaonews.net.br\\\/2022\\\/2024\\\/01\\\/30\\\/operacao-carnaval-tera-reforco-de-15-mil-pms-e-6-mil-viaturas-em-todo-o-estado\\\/#respond\"]}]},{\"@type\":\"WebPage\",\"@id\":\"https:\\\/\\\/regiaonews.net.br\\\/2022\\\/2024\\\/01\\\/30\\\/operacao-carnaval-tera-reforco-de-15-mil-pms-e-6-mil-viaturas-em-todo-o-estado\\\/\",\"url\":\"https:\\\/\\\/regiaonews.net.br\\\/2022\\\/2024\\\/01\\\/30\\\/operacao-carnaval-tera-reforco-de-15-mil-pms-e-6-mil-viaturas-em-todo-o-estado\\\/\",\"name\":\"Opera\u00e7\u00e3o Carnaval ter\u00e1 refor\u00e7o de 15 mil PMs e 6 mil viaturas em todo o Estado - Regi\u00e3o News\",\"isPartOf\":{\"@id\":\"https:\\\/\\\/regiaonews.net.br\\\/2022\\\/#website\"},\"primaryImageOfPage\":{\"@id\":\"https:\\\/\\\/regiaonews.net.br\\\/2022\\\/2024\\\/01\\\/30\\\/operacao-carnaval-tera-reforco-de-15-mil-pms-e-6-mil-viaturas-em-todo-o-estado\\\/#primaryimage\"},\"image\":{\"@id\":\"https:\\\/\\\/regiaonews.net.br\\\/2022\\\/2024\\\/01\\\/30\\\/operacao-carnaval-tera-reforco-de-15-mil-pms-e-6-mil-viaturas-em-todo-o-estado\\\/#primaryimage\"},\"thumbnailUrl\":\"https:\\\/\\\/regiaonews.net.br\\\/2022\\\/wp-content\\\/uploads\\\/2024\\\/01\\\/00052906.jpeg\",\"datePublished\":\"2024-01-30T22:09:04+00:00\",\"dateModified\":\"2024-01-30T22:09:51+00:00\",\"breadcrumb\":{\"@id\":\"https:\\\/\\\/regiaonews.net.br\\\/2022\\\/2024\\\/01\\\/30\\\/operacao-carnaval-tera-reforco-de-15-mil-pms-e-6-mil-viaturas-em-todo-o-estado\\\/#breadcrumb\"},\"inLanguage\":\"pt-BR\",\"potentialAction\":[{\"@type\":\"ReadAction\",\"target\":[\"https:\\\/\\\/regiaonews.net.br\\\/2022\\\/2024\\\/01\\\/30\\\/operacao-carnaval-tera-reforco-de-15-mil-pms-e-6-mil-viaturas-em-todo-o-estado\\\/\"]}]},{\"@type\":\"ImageObject\",\"inLanguage\":\"pt-BR\",\"@id\":\"https:\\\/\\\/regiaonews.net.br\\\/2022\\\/2024\\\/01\\\/30\\\/operacao-carnaval-tera-reforco-de-15-mil-pms-e-6-mil-viaturas-em-todo-o-estado\\\/#primaryimage\",\"url\":\"https:\\\/\\\/regiaonews.net.br\\\/2022\\\/wp-content\\\/uploads\\\/2024\\\/01\\\/00052906.jpeg\",\"contentUrl\":\"https:\\\/\\\/regiaonews.net.br\\\/2022\\\/wp-content\\\/uploads\\\/2024\\\/01\\\/00052906.jpeg\",\"width\":800,\"height\":514},{\"@type\":\"BreadcrumbList\",\"@id\":\"https:\\\/\\\/regiaonews.net.br\\\/2022\\\/2024\\\/01\\\/30\\\/operacao-carnaval-tera-reforco-de-15-mil-pms-e-6-mil-viaturas-em-todo-o-estado\\\/#breadcrumb\",\"itemListElement\":[{\"@type\":\"ListItem\",\"position\":1,\"name\":\"In\u00edcio\",\"item\":\"https:\\\/\\\/regiaonews.net.br\\\/2022\\\/\"},{\"@type\":\"ListItem\",\"position\":2,\"name\":\"Opera\u00e7\u00e3o Carnaval ter\u00e1 refor\u00e7o de 15 mil PMs e 6 mil viaturas em todo o Estado\"}]},{\"@type\":\"WebSite\",\"@id\":\"https:\\\/\\\/regiaonews.net.br\\\/2022\\\/#website\",\"url\":\"https:\\\/\\\/regiaonews.net.br\\\/2022\\\/\",\"name\":\"Regi\u00e3o News\",\"description\":\"Site de Not\u00edcias de Barretos e regi\u00e3o\",\"publisher\":{\"@id\":\"https:\\\/\\\/regiaonews.net.br\\\/2022\\\/#organization\"},\"potentialAction\":[{\"@type\":\"SearchAction\",\"target\":{\"@type\":\"EntryPoint\",\"urlTemplate\":\"https:\\\/\\\/regiaonews.net.br\\\/2022\\\/?s={search_term_string}\"},\"query-input\":{\"@type\":\"PropertyValueSpecification\",\"valueRequired\":true,\"valueName\":\"search_term_string\"}}],\"inLanguage\":\"pt-BR\"},{\"@type\":\"Organization\",\"@id\":\"https:\\\/\\\/regiaonews.net.br\\\/2022\\\/#organization\",\"name\":\"Regi\u00e3o News\",\"url\":\"https:\\\/\\\/regiaonews.net.br\\\/2022\\\/\",\"logo\":{\"@type\":\"ImageObject\",\"inLanguage\":\"pt-BR\",\"@id\":\"https:\\\/\\\/regiaonews.net.br\\\/2022\\\/#\\\/schema\\\/logo\\\/image\\\/\",\"url\":\"https:\\\/\\\/regiaonews.net.br\\\/2022\\\/wp-content\\\/uploads\\\/2026\\\/03\\\/regiao-13-anos-scaled.jpg\",\"contentUrl\":\"https:\\\/\\\/regiaonews.net.br\\\/2022\\\/wp-content\\\/uploads\\\/2026\\\/03\\\/regiao-13-anos-scaled.jpg\",\"width\":2560,\"height\":635,\"caption\":\"Regi\u00e3o News\"},\"image\":{\"@id\":\"https:\\\/\\\/regiaonews.net.br\\\/2022\\\/#\\\/schema\\\/logo\\\/image\\\/\"}},{\"@type\":\"Person\",\"@id\":\"https:\\\/\\\/regiaonews.net.br\\\/2022\\\/#\\\/schema\\\/person\\\/2d205a608a5aa97ac279d7a5e6d89ad8\",\"name\":\"Roberto\",\"image\":{\"@type\":\"ImageObject\",\"inLanguage\":\"pt-BR\",\"@id\":\"https:\\\/\\\/secure.gravatar.com\\\/avatar\\\/42749d8b712ff9d59ca93dc150494e5b55a44134482993f5baeb97e61b7ecc89?s=96&d=mm&r=g\",\"url\":\"https:\\\/\\\/secure.gravatar.com\\\/avatar\\\/42749d8b712ff9d59ca93dc150494e5b55a44134482993f5baeb97e61b7ecc89?s=96&d=mm&r=g\",\"contentUrl\":\"https:\\\/\\\/secure.gravatar.com\\\/avatar\\\/42749d8b712ff9d59ca93dc150494e5b55a44134482993f5baeb97e61b7ecc89?s=96&d=mm&r=g\",\"caption\":\"Roberto\"},\"url\":\"https:\\\/\\\/regiaonews.net.br\\\/2022\\\/author\\\/roberto\\\/\"}]}<\/script>\n<!-- \/ Yoast SEO plugin. -->","yoast_head_json":{"title":"Opera\u00e7\u00e3o Carnaval ter\u00e1 refor\u00e7o de 15 mil PMs e 6 mil viaturas em todo o Estado - Regi\u00e3o News","robots":{"index":"index","follow":"follow","max-snippet":"max-snippet:-1","max-image-preview":"max-image-preview:large","max-video-preview":"max-video-preview:-1"},"canonical":"https:\/\/regiaonews.net.br\/2022\/2024\/01\/30\/operacao-carnaval-tera-reforco-de-15-mil-pms-e-6-mil-viaturas-em-todo-o-estado\/","og_locale":"pt_BR","og_type":"article","og_title":"Opera\u00e7\u00e3o Carnaval ter\u00e1 refor\u00e7o de 15 mil PMs e 6 mil viaturas em todo o Estado - Regi\u00e3o News","og_description":"Policiais usar\u00e3o drones, helic\u00f3pteros e embarca\u00e7\u00f5es A Pol\u00edcia Militar apresentou","og_url":"https:\/\/regiaonews.net.br\/2022\/2024\/01\/30\/operacao-carnaval-tera-reforco-de-15-mil-pms-e-6-mil-viaturas-em-todo-o-estado\/","og_site_name":"Regi\u00e3o News","article_published_time":"2024-01-30T22:09:04+00:00","article_modified_time":"2024-01-30T22:09:51+00:00","og_image":[{"width":800,"height":514,"url":"https:\/\/regiaonews.net.br\/2022\/wp-content\/uploads\/2024\/01\/00052906.jpeg","type":"image\/jpeg"}],"author":"Roberto","twitter_card":"summary_large_image","twitter_misc":{"Escrito por":"Roberto","Est. tempo de leitura":"3 minutos"},"schema":{"@context":"https:\/\/schema.org","@graph":[{"@type":"Article","@id":"https:\/\/regiaonews.net.br\/2022\/2024\/01\/30\/operacao-carnaval-tera-reforco-de-15-mil-pms-e-6-mil-viaturas-em-todo-o-estado\/#article","isPartOf":{"@id":"https:\/\/regiaonews.net.br\/2022\/2024\/01\/30\/operacao-carnaval-tera-reforco-de-15-mil-pms-e-6-mil-viaturas-em-todo-o-estado\/"},"author":{"name":"Roberto","@id":"https:\/\/regiaonews.net.br\/2022\/#\/schema\/person\/2d205a608a5aa97ac279d7a5e6d89ad8"},"headline":"Opera\u00e7\u00e3o Carnaval ter\u00e1 refor\u00e7o de 15 mil PMs e 6 mil viaturas em todo o Estado","datePublished":"2024-01-30T22:09:04+00:00","dateModified":"2024-01-30T22:09:51+00:00","mainEntityOfPage":{"@id":"https:\/\/regiaonews.net.br\/2022\/2024\/01\/30\/operacao-carnaval-tera-reforco-de-15-mil-pms-e-6-mil-viaturas-em-todo-o-estado\/"},"wordCount":443,"commentCount":0,"publisher":{"@id":"https:\/\/regiaonews.net.br\/2022\/#organization"},"image":{"@id":"https:\/\/regiaonews.net.br\/2022\/2024\/01\/30\/operacao-carnaval-tera-reforco-de-15-mil-pms-e-6-mil-viaturas-em-todo-o-estado\/#primaryimage"},"thumbnailUrl":"https:\/\/regiaonews.net.br\/2022\/wp-content\/uploads\/2024\/01\/00052906.jpeg","articleSection":["Policia"],"inLanguage":"pt-BR","potentialAction":[{"@type":"CommentAction","name":"Comment","target":["https:\/\/regiaonews.net.br\/2022\/2024\/01\/30\/operacao-carnaval-tera-reforco-de-15-mil-pms-e-6-mil-viaturas-em-todo-o-estado\/#respond"]}]},{"@type":"WebPage","@id":"https:\/\/regiaonews.net.br\/2022\/2024\/01\/30\/operacao-carnaval-tera-reforco-de-15-mil-pms-e-6-mil-viaturas-em-todo-o-estado\/","url":"https:\/\/regiaonews.net.br\/2022\/2024\/01\/30\/operacao-carnaval-tera-reforco-de-15-mil-pms-e-6-mil-viaturas-em-todo-o-estado\/","name":"Opera\u00e7\u00e3o Carnaval ter\u00e1 refor\u00e7o de 15 mil PMs e 6 mil viaturas em todo o Estado - Regi\u00e3o News","isPartOf":{"@id":"https:\/\/regiaonews.net.br\/2022\/#website"},"primaryImageOfPage":{"@id":"https:\/\/regiaonews.net.br\/2022\/2024\/01\/30\/operacao-carnaval-tera-reforco-de-15-mil-pms-e-6-mil-viaturas-em-todo-o-estado\/#primaryimage"},"image":{"@id":"https:\/\/regiaonews.net.br\/2022\/2024\/01\/30\/operacao-carnaval-tera-reforco-de-15-mil-pms-e-6-mil-viaturas-em-todo-o-estado\/#primaryimage"},"thumbnailUrl":"https:\/\/regiaonews.net.br\/2022\/wp-content\/uploads\/2024\/01\/00052906.jpeg","datePublished":"2024-01-30T22:09:04+00:00","dateModified":"2024-01-30T22:09:51+00:00","breadcrumb":{"@id":"https:\/\/regiaonews.net.br\/2022\/2024\/01\/30\/operacao-carnaval-tera-reforco-de-15-mil-pms-e-6-mil-viaturas-em-todo-o-estado\/#breadcrumb"},"inLanguage":"pt-BR","potentialAction":[{"@type":"ReadAction","target":["https:\/\/regiaonews.net.br\/2022\/2024\/01\/30\/operacao-carnaval-tera-reforco-de-15-mil-pms-e-6-mil-viaturas-em-todo-o-estado\/"]}]},{"@type":"ImageObject","inLanguage":"pt-BR","@id":"https:\/\/regiaonews.net.br\/2022\/2024\/01\/30\/operacao-carnaval-tera-reforco-de-15-mil-pms-e-6-mil-viaturas-em-todo-o-estado\/#primaryimage","url":"https:\/\/regiaonews.net.br\/2022\/wp-content\/uploads\/2024\/01\/00052906.jpeg","contentUrl":"https:\/\/regiaonews.net.br\/2022\/wp-content\/uploads\/2024\/01\/00052906.jpeg","width":800,"height":514},{"@type":"BreadcrumbList","@id":"https:\/\/regiaonews.net.br\/2022\/2024\/01\/30\/operacao-carnaval-tera-reforco-de-15-mil-pms-e-6-mil-viaturas-em-todo-o-estado\/#breadcrumb","itemListElement":[{"@type":"ListItem","position":1,"name":"In\u00edcio","item":"https:\/\/regiaonews.net.br\/2022\/"},{"@type":"ListItem","position":2,"name":"Opera\u00e7\u00e3o Carnaval ter\u00e1 refor\u00e7o de 15 mil PMs e 6 mil viaturas em todo o Estado"}]},{"@type":"WebSite","@id":"https:\/\/regiaonews.net.br\/2022\/#website","url":"https:\/\/regiaonews.net.br\/2022\/","name":"Regi\u00e3o News","description":"Site de Not\u00edcias de Barretos e regi\u00e3o","publisher":{"@id":"https:\/\/regiaonews.net.br\/2022\/#organization"},"potentialAction":[{"@type":"SearchAction","target":{"@type":"EntryPoint","urlTemplate":"https:\/\/regiaonews.net.br\/2022\/?s={search_term_string}"},"query-input":{"@type":"PropertyValueSpecification","valueRequired":true,"valueName":"search_term_string"}}],"inLanguage":"pt-BR"},{"@type":"Organization","@id":"https:\/\/regiaonews.net.br\/2022\/#organization","name":"Regi\u00e3o News","url":"https:\/\/regiaonews.net.br\/2022\/","logo":{"@type":"ImageObject","inLanguage":"pt-BR","@id":"https:\/\/regiaonews.net.br\/2022\/#\/schema\/logo\/image\/","url":"https:\/\/regiaonews.net.br\/2022\/wp-content\/uploads\/2026\/03\/regiao-13-anos-scaled.jpg","contentUrl":"https:\/\/regiaonews.net.br\/2022\/wp-content\/uploads\/2026\/03\/regiao-13-anos-scaled.jpg","width":2560,"height":635,"caption":"Regi\u00e3o News"},"image":{"@id":"https:\/\/regiaonews.net.br\/2022\/#\/schema\/logo\/image\/"}},{"@type":"Person","@id":"https:\/\/regiaonews.net.br\/2022\/#\/schema\/person\/2d205a608a5aa97ac279d7a5e6d89ad8","name":"Roberto","image":{"@type":"ImageObject","inLanguage":"pt-BR","@id":"https:\/\/secure.gravatar.com\/avatar\/42749d8b712ff9d59ca93dc150494e5b55a44134482993f5baeb97e61b7ecc89?s=96&d=mm&r=g","url":"https:\/\/secure.gravatar.com\/avatar\/42749d8b712ff9d59ca93dc150494e5b55a44134482993f5baeb97e61b7ecc89?s=96&d=mm&r=g","contentUrl":"https:\/\/secure.gravatar.com\/avatar\/42749d8b712ff9d59ca93dc150494e5b55a44134482993f5baeb97e61b7ecc89?s=96&d=mm&r=g","caption":"Roberto"},"url":"https:\/\/regiaonews.net.br\/2022\/author\/roberto\/"}]}},"publishpress_future_action":{"enabled":false,"date":"2026-05-03 22:38:43","action":"change-status","newStatus":"draft","terms":[],"taxonomy":"category","extraData":[]},"publishpress_future_workflow_manual_trigger":{"enabledWorkflows":[]},"_links":{"self":[{"href":"https:\/\/regiaonews.net.br\/2022\/wp-json\/wp\/v2\/posts\/100704","targetHints":{"allow":["GET"]}}],"collection":[{"href":"https:\/\/regiaonews.net.br\/2022\/wp-json\/wp\/v2\/posts"}],"about":[{"href":"https:\/\/regiaonews.net.br\/2022\/wp-json\/wp\/v2\/types\/post"}],"author":[{"embeddable":true,"href":"https:\/\/regiaonews.net.br\/2022\/wp-json\/wp\/v2\/users\/2"}],"replies":[{"embeddable":true,"href":"https:\/\/regiaonews.net.br\/2022\/wp-json\/wp\/v2\/comments?post=100704"}],"version-history":[{"count":1,"href":"https:\/\/regiaonews.net.br\/2022\/wp-json\/wp\/v2\/posts\/100704\/revisions"}],"predecessor-version":[{"id":100705,"href":"https:\/\/regiaonews.net.br\/2022\/wp-json\/wp\/v2\/posts\/100704\/revisions\/100705"}],"wp:featuredmedia":[{"embeddable":true,"href":"https:\/\/regiaonews.net.br\/2022\/wp-json\/wp\/v2\/media\/100706"}],"wp:attachment":[{"href":"https:\/\/regiaonews.net.br\/2022\/wp-json\/wp\/v2\/media?parent=100704"}],"wp:term":[{"taxonomy":"category","embeddable":true,"href":"https:\/\/regiaonews.net.br\/2022\/wp-json\/wp\/v2\/categories?post=100704"},{"taxonomy":"post_tag","embeddable":true,"href":"https:\/\/regiaonews.net.br\/2022\/wp-json\/wp\/v2\/tags?post=100704"}],"curies":[{"name":"wp","href":"https:\/\/api.w.org\/{rel}","templated":true}]}}