{"id":100700,"date":"2024-01-30T19:06:51","date_gmt":"2024-01-30T22:06:51","guid":{"rendered":"https:\/\/regiaonews.net.br\/2022\/?p=100700"},"modified":"2024-01-30T19:07:18","modified_gmt":"2024-01-30T22:07:18","slug":"embaixadores-da-festa-do-peao-pelo-olhar-de-renato-amisy-no-arte-no-shopping-de-fevereiro","status":"publish","type":"post","link":"https:\/\/regiaonews.net.br\/2022\/2024\/01\/30\/embaixadores-da-festa-do-peao-pelo-olhar-de-renato-amisy-no-arte-no-shopping-de-fevereiro\/","title":{"rendered":"Embaixadores da Festa do Pe\u00e3o, pelo olhar de Renato Amisy, no Arte no Shopping de fevereiro"},"content":{"rendered":"<p>O artista traz a t\u00e9cnica da assemblage nas obras expostas no Espa\u00e7o de Eventos, em frente \u00e0 Renner<\/p>\n<p>O artista pl\u00e1stico barretense Renato Amisy volta a expor no Arte no Shopping, do North Shopping Barretos, trazendo os \u201cEmbaixadores da maior Festa do Pe\u00e3o do Mundo\u201d, segundo seu olhar, de 1 a 29 de fevereiro<\/p>\n<p>\u201cQuando fui convidado pelo shopping estava finalizando obras para o acervo de um resort local, solicitei autoriza\u00e7\u00e3o para expor no shopping essas obras. Por sugest\u00e3o do independente dr. Marcelo Flosi, foquei no tema \u2018Os Embaixadores da Maior Festa de Rodeios do Mundo\u2019 e s\u00e3o eles que estar\u00e3o recebendo os turistas e frequentadores do centro de compras no m\u00eas de fevereiro\u201d, explicou Amisy.<\/p>\n<p>Renato Amisy entrou para a hist\u00f3ria como o primeiro artista a expor no projeto Arte no Shopping, em janeiro de 2011, inaugurando o conceito de exposi\u00e7\u00f5es itinerantes dentro espa\u00e7o, para o qual tem regressado de tempos em tempos ao longo desses 13 anos.<\/p>\n<p>A t\u00e9cnica utilizada para esta s\u00e9rie de pinturas em tributo aos \u2018Embaixadores\u2019 da Festa do Pe\u00e3o de Boiadeiro de Barretos, realizada pela Associa\u00e7\u00e3o Os Independentes, \u00e9 da &#8216;assemblage&#8217;, baseada no princ\u00edpio que qualquer material pode ser incorporado a uma obra de arte, criando um novo conjunto, sem perde o sentido original. Embora reunidos para representar algo novo. A palavra assemblage, em franc\u00eas, significa &#8220;montagem&#8221;, com a sua origem advinda do modernismo europeu, um conceito usado pela primeira vez pelo pintor franc\u00eas Jean Dubuffet.<\/p>\n<p>\u201c\u00c9 um trabalho que une objetos, por meio da colagem ou encaixe, e que expressa o nosso imagin\u00e1rio. Os objetos que fazem parte das obras e permanecem no seu estado original, mas quando unidos, parecem diferentes, por\u00e9m fazem parte de uma s\u00f3 obra. Esta \u00e9 uma proposta inovadora que venho utilizando\u201d, finalizou.<\/p>\n<p>Amisy \u00e9 barretense, reconhecido internacionalmente, j\u00e1 fez exposi\u00e7\u00f5es no exterior e nas principais capitais brasileiras. Algumas de suas obras decoram resid\u00eancias de ex-presidentes, autoridades francesas, celebridades da m\u00fasica e do cinema.<\/p>\n<p>&nbsp;<\/p>\n","protected":false},"excerpt":{"rendered":"<p>O artista traz a t\u00e9cnica da assemblage nas obras expostas<\/p>\n","protected":false},"author":2,"featured_media":100701,"comment_status":"open","ping_status":"open","sticky":false,"template":"","format":"standard","meta":{"footnotes":""},"categories":[14,25],"tags":[],"class_list":["post-100700","post","type-post","status-publish","format-standard","has-post-thumbnail","hentry","category-barretos","category-cidades"],"yoast_head":"<!-- This site is optimized with the Yoast SEO plugin v27.4 - https:\/\/yoast.com\/product\/yoast-seo-wordpress\/ -->\n<title>Embaixadores da Festa do Pe\u00e3o, pelo olhar de Renato Amisy, no Arte no Shopping de fevereiro - Regi\u00e3o News<\/title>\n<meta name=\"robots\" content=\"index, follow, max-snippet:-1, max-image-preview:large, max-video-preview:-1\" \/>\n<link rel=\"canonical\" href=\"https:\/\/regiaonews.net.br\/2022\/2024\/01\/30\/embaixadores-da-festa-do-peao-pelo-olhar-de-renato-amisy-no-arte-no-shopping-de-fevereiro\/\" \/>\n<meta property=\"og:locale\" content=\"pt_BR\" \/>\n<meta property=\"og:type\" content=\"article\" \/>\n<meta property=\"og:title\" content=\"Embaixadores da Festa do Pe\u00e3o, pelo olhar de Renato Amisy, no Arte no Shopping de fevereiro - Regi\u00e3o News\" \/>\n<meta property=\"og:description\" content=\"O artista traz a t\u00e9cnica da assemblage nas obras expostas\" \/>\n<meta property=\"og:url\" content=\"https:\/\/regiaonews.net.br\/2022\/2024\/01\/30\/embaixadores-da-festa-do-peao-pelo-olhar-de-renato-amisy-no-arte-no-shopping-de-fevereiro\/\" \/>\n<meta property=\"og:site_name\" content=\"Regi\u00e3o News\" \/>\n<meta property=\"article:published_time\" content=\"2024-01-30T22:06:51+00:00\" \/>\n<meta property=\"article:modified_time\" content=\"2024-01-30T22:07:18+00:00\" \/>\n<meta property=\"og:image\" content=\"https:\/\/regiaonews.net.br\/2022\/wp-content\/uploads\/2024\/01\/WhatsApp-Image-2024-01-30-at-16.41.03.jpeg\" \/>\n\t<meta property=\"og:image:width\" content=\"1080\" \/>\n\t<meta property=\"og:image:height\" content=\"1080\" \/>\n\t<meta property=\"og:image:type\" content=\"image\/jpeg\" \/>\n<meta name=\"author\" content=\"Roberto\" \/>\n<meta name=\"twitter:card\" content=\"summary_large_image\" \/>\n<meta name=\"twitter:label1\" content=\"Escrito por\" \/>\n\t<meta name=\"twitter:data1\" content=\"Roberto\" \/>\n\t<meta name=\"twitter:label2\" content=\"Est. tempo de leitura\" \/>\n\t<meta name=\"twitter:data2\" content=\"2 minutos\" \/>\n<script type=\"application\/ld+json\" class=\"yoast-schema-graph\">{\"@context\":\"https:\\\/\\\/schema.org\",\"@graph\":[{\"@type\":\"Article\",\"@id\":\"https:\\\/\\\/regiaonews.net.br\\\/2022\\\/2024\\\/01\\\/30\\\/embaixadores-da-festa-do-peao-pelo-olhar-de-renato-amisy-no-arte-no-shopping-de-fevereiro\\\/#article\",\"isPartOf\":{\"@id\":\"https:\\\/\\\/regiaonews.net.br\\\/2022\\\/2024\\\/01\\\/30\\\/embaixadores-da-festa-do-peao-pelo-olhar-de-renato-amisy-no-arte-no-shopping-de-fevereiro\\\/\"},\"author\":{\"name\":\"Roberto\",\"@id\":\"https:\\\/\\\/regiaonews.net.br\\\/2022\\\/#\\\/schema\\\/person\\\/2d205a608a5aa97ac279d7a5e6d89ad8\"},\"headline\":\"Embaixadores da Festa do Pe\u00e3o, pelo olhar de Renato Amisy, no Arte no Shopping de fevereiro\",\"datePublished\":\"2024-01-30T22:06:51+00:00\",\"dateModified\":\"2024-01-30T22:07:18+00:00\",\"mainEntityOfPage\":{\"@id\":\"https:\\\/\\\/regiaonews.net.br\\\/2022\\\/2024\\\/01\\\/30\\\/embaixadores-da-festa-do-peao-pelo-olhar-de-renato-amisy-no-arte-no-shopping-de-fevereiro\\\/\"},\"wordCount\":358,\"commentCount\":0,\"publisher\":{\"@id\":\"https:\\\/\\\/regiaonews.net.br\\\/2022\\\/#organization\"},\"image\":{\"@id\":\"https:\\\/\\\/regiaonews.net.br\\\/2022\\\/2024\\\/01\\\/30\\\/embaixadores-da-festa-do-peao-pelo-olhar-de-renato-amisy-no-arte-no-shopping-de-fevereiro\\\/#primaryimage\"},\"thumbnailUrl\":\"https:\\\/\\\/regiaonews.net.br\\\/2022\\\/wp-content\\\/uploads\\\/2024\\\/01\\\/WhatsApp-Image-2024-01-30-at-16.41.03.jpeg\",\"articleSection\":[\"Barretos\",\"Cidades\"],\"inLanguage\":\"pt-BR\",\"potentialAction\":[{\"@type\":\"CommentAction\",\"name\":\"Comment\",\"target\":[\"https:\\\/\\\/regiaonews.net.br\\\/2022\\\/2024\\\/01\\\/30\\\/embaixadores-da-festa-do-peao-pelo-olhar-de-renato-amisy-no-arte-no-shopping-de-fevereiro\\\/#respond\"]}]},{\"@type\":\"WebPage\",\"@id\":\"https:\\\/\\\/regiaonews.net.br\\\/2022\\\/2024\\\/01\\\/30\\\/embaixadores-da-festa-do-peao-pelo-olhar-de-renato-amisy-no-arte-no-shopping-de-fevereiro\\\/\",\"url\":\"https:\\\/\\\/regiaonews.net.br\\\/2022\\\/2024\\\/01\\\/30\\\/embaixadores-da-festa-do-peao-pelo-olhar-de-renato-amisy-no-arte-no-shopping-de-fevereiro\\\/\",\"name\":\"Embaixadores da Festa do Pe\u00e3o, pelo olhar de Renato Amisy, no Arte no Shopping de fevereiro - Regi\u00e3o News\",\"isPartOf\":{\"@id\":\"https:\\\/\\\/regiaonews.net.br\\\/2022\\\/#website\"},\"primaryImageOfPage\":{\"@id\":\"https:\\\/\\\/regiaonews.net.br\\\/2022\\\/2024\\\/01\\\/30\\\/embaixadores-da-festa-do-peao-pelo-olhar-de-renato-amisy-no-arte-no-shopping-de-fevereiro\\\/#primaryimage\"},\"image\":{\"@id\":\"https:\\\/\\\/regiaonews.net.br\\\/2022\\\/2024\\\/01\\\/30\\\/embaixadores-da-festa-do-peao-pelo-olhar-de-renato-amisy-no-arte-no-shopping-de-fevereiro\\\/#primaryimage\"},\"thumbnailUrl\":\"https:\\\/\\\/regiaonews.net.br\\\/2022\\\/wp-content\\\/uploads\\\/2024\\\/01\\\/WhatsApp-Image-2024-01-30-at-16.41.03.jpeg\",\"datePublished\":\"2024-01-30T22:06:51+00:00\",\"dateModified\":\"2024-01-30T22:07:18+00:00\",\"breadcrumb\":{\"@id\":\"https:\\\/\\\/regiaonews.net.br\\\/2022\\\/2024\\\/01\\\/30\\\/embaixadores-da-festa-do-peao-pelo-olhar-de-renato-amisy-no-arte-no-shopping-de-fevereiro\\\/#breadcrumb\"},\"inLanguage\":\"pt-BR\",\"potentialAction\":[{\"@type\":\"ReadAction\",\"target\":[\"https:\\\/\\\/regiaonews.net.br\\\/2022\\\/2024\\\/01\\\/30\\\/embaixadores-da-festa-do-peao-pelo-olhar-de-renato-amisy-no-arte-no-shopping-de-fevereiro\\\/\"]}]},{\"@type\":\"ImageObject\",\"inLanguage\":\"pt-BR\",\"@id\":\"https:\\\/\\\/regiaonews.net.br\\\/2022\\\/2024\\\/01\\\/30\\\/embaixadores-da-festa-do-peao-pelo-olhar-de-renato-amisy-no-arte-no-shopping-de-fevereiro\\\/#primaryimage\",\"url\":\"https:\\\/\\\/regiaonews.net.br\\\/2022\\\/wp-content\\\/uploads\\\/2024\\\/01\\\/WhatsApp-Image-2024-01-30-at-16.41.03.jpeg\",\"contentUrl\":\"https:\\\/\\\/regiaonews.net.br\\\/2022\\\/wp-content\\\/uploads\\\/2024\\\/01\\\/WhatsApp-Image-2024-01-30-at-16.41.03.jpeg\",\"width\":1080,\"height\":1080},{\"@type\":\"BreadcrumbList\",\"@id\":\"https:\\\/\\\/regiaonews.net.br\\\/2022\\\/2024\\\/01\\\/30\\\/embaixadores-da-festa-do-peao-pelo-olhar-de-renato-amisy-no-arte-no-shopping-de-fevereiro\\\/#breadcrumb\",\"itemListElement\":[{\"@type\":\"ListItem\",\"position\":1,\"name\":\"In\u00edcio\",\"item\":\"https:\\\/\\\/regiaonews.net.br\\\/2022\\\/\"},{\"@type\":\"ListItem\",\"position\":2,\"name\":\"Embaixadores da Festa do Pe\u00e3o, pelo olhar de Renato Amisy, no Arte no Shopping de fevereiro\"}]},{\"@type\":\"WebSite\",\"@id\":\"https:\\\/\\\/regiaonews.net.br\\\/2022\\\/#website\",\"url\":\"https:\\\/\\\/regiaonews.net.br\\\/2022\\\/\",\"name\":\"Regi\u00e3o News\",\"description\":\"Site de Not\u00edcias de Barretos e regi\u00e3o\",\"publisher\":{\"@id\":\"https:\\\/\\\/regiaonews.net.br\\\/2022\\\/#organization\"},\"potentialAction\":[{\"@type\":\"SearchAction\",\"target\":{\"@type\":\"EntryPoint\",\"urlTemplate\":\"https:\\\/\\\/regiaonews.net.br\\\/2022\\\/?s={search_term_string}\"},\"query-input\":{\"@type\":\"PropertyValueSpecification\",\"valueRequired\":true,\"valueName\":\"search_term_string\"}}],\"inLanguage\":\"pt-BR\"},{\"@type\":\"Organization\",\"@id\":\"https:\\\/\\\/regiaonews.net.br\\\/2022\\\/#organization\",\"name\":\"Regi\u00e3o News\",\"url\":\"https:\\\/\\\/regiaonews.net.br\\\/2022\\\/\",\"logo\":{\"@type\":\"ImageObject\",\"inLanguage\":\"pt-BR\",\"@id\":\"https:\\\/\\\/regiaonews.net.br\\\/2022\\\/#\\\/schema\\\/logo\\\/image\\\/\",\"url\":\"https:\\\/\\\/regiaonews.net.br\\\/2022\\\/wp-content\\\/uploads\\\/2026\\\/03\\\/regiao-13-anos-scaled.jpg\",\"contentUrl\":\"https:\\\/\\\/regiaonews.net.br\\\/2022\\\/wp-content\\\/uploads\\\/2026\\\/03\\\/regiao-13-anos-scaled.jpg\",\"width\":2560,\"height\":635,\"caption\":\"Regi\u00e3o News\"},\"image\":{\"@id\":\"https:\\\/\\\/regiaonews.net.br\\\/2022\\\/#\\\/schema\\\/logo\\\/image\\\/\"}},{\"@type\":\"Person\",\"@id\":\"https:\\\/\\\/regiaonews.net.br\\\/2022\\\/#\\\/schema\\\/person\\\/2d205a608a5aa97ac279d7a5e6d89ad8\",\"name\":\"Roberto\",\"image\":{\"@type\":\"ImageObject\",\"inLanguage\":\"pt-BR\",\"@id\":\"https:\\\/\\\/secure.gravatar.com\\\/avatar\\\/42749d8b712ff9d59ca93dc150494e5b55a44134482993f5baeb97e61b7ecc89?s=96&d=mm&r=g\",\"url\":\"https:\\\/\\\/secure.gravatar.com\\\/avatar\\\/42749d8b712ff9d59ca93dc150494e5b55a44134482993f5baeb97e61b7ecc89?s=96&d=mm&r=g\",\"contentUrl\":\"https:\\\/\\\/secure.gravatar.com\\\/avatar\\\/42749d8b712ff9d59ca93dc150494e5b55a44134482993f5baeb97e61b7ecc89?s=96&d=mm&r=g\",\"caption\":\"Roberto\"},\"url\":\"https:\\\/\\\/regiaonews.net.br\\\/2022\\\/author\\\/roberto\\\/\"}]}<\/script>\n<!-- \/ Yoast SEO plugin. -->","yoast_head_json":{"title":"Embaixadores da Festa do Pe\u00e3o, pelo olhar de Renato Amisy, no Arte no Shopping de fevereiro - Regi\u00e3o News","robots":{"index":"index","follow":"follow","max-snippet":"max-snippet:-1","max-image-preview":"max-image-preview:large","max-video-preview":"max-video-preview:-1"},"canonical":"https:\/\/regiaonews.net.br\/2022\/2024\/01\/30\/embaixadores-da-festa-do-peao-pelo-olhar-de-renato-amisy-no-arte-no-shopping-de-fevereiro\/","og_locale":"pt_BR","og_type":"article","og_title":"Embaixadores da Festa do Pe\u00e3o, pelo olhar de Renato Amisy, no Arte no Shopping de fevereiro - Regi\u00e3o News","og_description":"O artista traz a t\u00e9cnica da assemblage nas obras expostas","og_url":"https:\/\/regiaonews.net.br\/2022\/2024\/01\/30\/embaixadores-da-festa-do-peao-pelo-olhar-de-renato-amisy-no-arte-no-shopping-de-fevereiro\/","og_site_name":"Regi\u00e3o News","article_published_time":"2024-01-30T22:06:51+00:00","article_modified_time":"2024-01-30T22:07:18+00:00","og_image":[{"width":1080,"height":1080,"url":"https:\/\/regiaonews.net.br\/2022\/wp-content\/uploads\/2024\/01\/WhatsApp-Image-2024-01-30-at-16.41.03.jpeg","type":"image\/jpeg"}],"author":"Roberto","twitter_card":"summary_large_image","twitter_misc":{"Escrito por":"Roberto","Est. tempo de leitura":"2 minutos"},"schema":{"@context":"https:\/\/schema.org","@graph":[{"@type":"Article","@id":"https:\/\/regiaonews.net.br\/2022\/2024\/01\/30\/embaixadores-da-festa-do-peao-pelo-olhar-de-renato-amisy-no-arte-no-shopping-de-fevereiro\/#article","isPartOf":{"@id":"https:\/\/regiaonews.net.br\/2022\/2024\/01\/30\/embaixadores-da-festa-do-peao-pelo-olhar-de-renato-amisy-no-arte-no-shopping-de-fevereiro\/"},"author":{"name":"Roberto","@id":"https:\/\/regiaonews.net.br\/2022\/#\/schema\/person\/2d205a608a5aa97ac279d7a5e6d89ad8"},"headline":"Embaixadores da Festa do Pe\u00e3o, pelo olhar de Renato Amisy, no Arte no Shopping de fevereiro","datePublished":"2024-01-30T22:06:51+00:00","dateModified":"2024-01-30T22:07:18+00:00","mainEntityOfPage":{"@id":"https:\/\/regiaonews.net.br\/2022\/2024\/01\/30\/embaixadores-da-festa-do-peao-pelo-olhar-de-renato-amisy-no-arte-no-shopping-de-fevereiro\/"},"wordCount":358,"commentCount":0,"publisher":{"@id":"https:\/\/regiaonews.net.br\/2022\/#organization"},"image":{"@id":"https:\/\/regiaonews.net.br\/2022\/2024\/01\/30\/embaixadores-da-festa-do-peao-pelo-olhar-de-renato-amisy-no-arte-no-shopping-de-fevereiro\/#primaryimage"},"thumbnailUrl":"https:\/\/regiaonews.net.br\/2022\/wp-content\/uploads\/2024\/01\/WhatsApp-Image-2024-01-30-at-16.41.03.jpeg","articleSection":["Barretos","Cidades"],"inLanguage":"pt-BR","potentialAction":[{"@type":"CommentAction","name":"Comment","target":["https:\/\/regiaonews.net.br\/2022\/2024\/01\/30\/embaixadores-da-festa-do-peao-pelo-olhar-de-renato-amisy-no-arte-no-shopping-de-fevereiro\/#respond"]}]},{"@type":"WebPage","@id":"https:\/\/regiaonews.net.br\/2022\/2024\/01\/30\/embaixadores-da-festa-do-peao-pelo-olhar-de-renato-amisy-no-arte-no-shopping-de-fevereiro\/","url":"https:\/\/regiaonews.net.br\/2022\/2024\/01\/30\/embaixadores-da-festa-do-peao-pelo-olhar-de-renato-amisy-no-arte-no-shopping-de-fevereiro\/","name":"Embaixadores da Festa do Pe\u00e3o, pelo olhar de Renato Amisy, no Arte no Shopping de fevereiro - Regi\u00e3o News","isPartOf":{"@id":"https:\/\/regiaonews.net.br\/2022\/#website"},"primaryImageOfPage":{"@id":"https:\/\/regiaonews.net.br\/2022\/2024\/01\/30\/embaixadores-da-festa-do-peao-pelo-olhar-de-renato-amisy-no-arte-no-shopping-de-fevereiro\/#primaryimage"},"image":{"@id":"https:\/\/regiaonews.net.br\/2022\/2024\/01\/30\/embaixadores-da-festa-do-peao-pelo-olhar-de-renato-amisy-no-arte-no-shopping-de-fevereiro\/#primaryimage"},"thumbnailUrl":"https:\/\/regiaonews.net.br\/2022\/wp-content\/uploads\/2024\/01\/WhatsApp-Image-2024-01-30-at-16.41.03.jpeg","datePublished":"2024-01-30T22:06:51+00:00","dateModified":"2024-01-30T22:07:18+00:00","breadcrumb":{"@id":"https:\/\/regiaonews.net.br\/2022\/2024\/01\/30\/embaixadores-da-festa-do-peao-pelo-olhar-de-renato-amisy-no-arte-no-shopping-de-fevereiro\/#breadcrumb"},"inLanguage":"pt-BR","potentialAction":[{"@type":"ReadAction","target":["https:\/\/regiaonews.net.br\/2022\/2024\/01\/30\/embaixadores-da-festa-do-peao-pelo-olhar-de-renato-amisy-no-arte-no-shopping-de-fevereiro\/"]}]},{"@type":"ImageObject","inLanguage":"pt-BR","@id":"https:\/\/regiaonews.net.br\/2022\/2024\/01\/30\/embaixadores-da-festa-do-peao-pelo-olhar-de-renato-amisy-no-arte-no-shopping-de-fevereiro\/#primaryimage","url":"https:\/\/regiaonews.net.br\/2022\/wp-content\/uploads\/2024\/01\/WhatsApp-Image-2024-01-30-at-16.41.03.jpeg","contentUrl":"https:\/\/regiaonews.net.br\/2022\/wp-content\/uploads\/2024\/01\/WhatsApp-Image-2024-01-30-at-16.41.03.jpeg","width":1080,"height":1080},{"@type":"BreadcrumbList","@id":"https:\/\/regiaonews.net.br\/2022\/2024\/01\/30\/embaixadores-da-festa-do-peao-pelo-olhar-de-renato-amisy-no-arte-no-shopping-de-fevereiro\/#breadcrumb","itemListElement":[{"@type":"ListItem","position":1,"name":"In\u00edcio","item":"https:\/\/regiaonews.net.br\/2022\/"},{"@type":"ListItem","position":2,"name":"Embaixadores da Festa do Pe\u00e3o, pelo olhar de Renato Amisy, no Arte no Shopping de fevereiro"}]},{"@type":"WebSite","@id":"https:\/\/regiaonews.net.br\/2022\/#website","url":"https:\/\/regiaonews.net.br\/2022\/","name":"Regi\u00e3o News","description":"Site de Not\u00edcias de Barretos e regi\u00e3o","publisher":{"@id":"https:\/\/regiaonews.net.br\/2022\/#organization"},"potentialAction":[{"@type":"SearchAction","target":{"@type":"EntryPoint","urlTemplate":"https:\/\/regiaonews.net.br\/2022\/?s={search_term_string}"},"query-input":{"@type":"PropertyValueSpecification","valueRequired":true,"valueName":"search_term_string"}}],"inLanguage":"pt-BR"},{"@type":"Organization","@id":"https:\/\/regiaonews.net.br\/2022\/#organization","name":"Regi\u00e3o News","url":"https:\/\/regiaonews.net.br\/2022\/","logo":{"@type":"ImageObject","inLanguage":"pt-BR","@id":"https:\/\/regiaonews.net.br\/2022\/#\/schema\/logo\/image\/","url":"https:\/\/regiaonews.net.br\/2022\/wp-content\/uploads\/2026\/03\/regiao-13-anos-scaled.jpg","contentUrl":"https:\/\/regiaonews.net.br\/2022\/wp-content\/uploads\/2026\/03\/regiao-13-anos-scaled.jpg","width":2560,"height":635,"caption":"Regi\u00e3o News"},"image":{"@id":"https:\/\/regiaonews.net.br\/2022\/#\/schema\/logo\/image\/"}},{"@type":"Person","@id":"https:\/\/regiaonews.net.br\/2022\/#\/schema\/person\/2d205a608a5aa97ac279d7a5e6d89ad8","name":"Roberto","image":{"@type":"ImageObject","inLanguage":"pt-BR","@id":"https:\/\/secure.gravatar.com\/avatar\/42749d8b712ff9d59ca93dc150494e5b55a44134482993f5baeb97e61b7ecc89?s=96&d=mm&r=g","url":"https:\/\/secure.gravatar.com\/avatar\/42749d8b712ff9d59ca93dc150494e5b55a44134482993f5baeb97e61b7ecc89?s=96&d=mm&r=g","contentUrl":"https:\/\/secure.gravatar.com\/avatar\/42749d8b712ff9d59ca93dc150494e5b55a44134482993f5baeb97e61b7ecc89?s=96&d=mm&r=g","caption":"Roberto"},"url":"https:\/\/regiaonews.net.br\/2022\/author\/roberto\/"}]}},"publishpress_future_action":{"enabled":false,"date":"2026-05-04 00:18:00","action":"change-status","newStatus":"draft","terms":[],"taxonomy":"category","extraData":[]},"publishpress_future_workflow_manual_trigger":{"enabledWorkflows":[]},"_links":{"self":[{"href":"https:\/\/regiaonews.net.br\/2022\/wp-json\/wp\/v2\/posts\/100700","targetHints":{"allow":["GET"]}}],"collection":[{"href":"https:\/\/regiaonews.net.br\/2022\/wp-json\/wp\/v2\/posts"}],"about":[{"href":"https:\/\/regiaonews.net.br\/2022\/wp-json\/wp\/v2\/types\/post"}],"author":[{"embeddable":true,"href":"https:\/\/regiaonews.net.br\/2022\/wp-json\/wp\/v2\/users\/2"}],"replies":[{"embeddable":true,"href":"https:\/\/regiaonews.net.br\/2022\/wp-json\/wp\/v2\/comments?post=100700"}],"version-history":[{"count":1,"href":"https:\/\/regiaonews.net.br\/2022\/wp-json\/wp\/v2\/posts\/100700\/revisions"}],"predecessor-version":[{"id":100702,"href":"https:\/\/regiaonews.net.br\/2022\/wp-json\/wp\/v2\/posts\/100700\/revisions\/100702"}],"wp:featuredmedia":[{"embeddable":true,"href":"https:\/\/regiaonews.net.br\/2022\/wp-json\/wp\/v2\/media\/100701"}],"wp:attachment":[{"href":"https:\/\/regiaonews.net.br\/2022\/wp-json\/wp\/v2\/media?parent=100700"}],"wp:term":[{"taxonomy":"category","embeddable":true,"href":"https:\/\/regiaonews.net.br\/2022\/wp-json\/wp\/v2\/categories?post=100700"},{"taxonomy":"post_tag","embeddable":true,"href":"https:\/\/regiaonews.net.br\/2022\/wp-json\/wp\/v2\/tags?post=100700"}],"curies":[{"name":"wp","href":"https:\/\/api.w.org\/{rel}","templated":true}]}}