{"id":100658,"date":"2024-01-29T13:58:30","date_gmt":"2024-01-29T16:58:30","guid":{"rendered":"https:\/\/regiaonews.net.br\/2022\/?p=100658"},"modified":"2024-01-29T13:58:30","modified_gmt":"2024-01-29T16:58:30","slug":"prisao-de-segundo-suspeito-no-caso-do-triplo-homicidio-de-familia","status":"publish","type":"post","link":"https:\/\/regiaonews.net.br\/2022\/2024\/01\/29\/prisao-de-segundo-suspeito-no-caso-do-triplo-homicidio-de-familia\/","title":{"rendered":"Pris\u00e3o de segundo suspeito no caso do triplo homic\u00eddio de fam\u00edlia"},"content":{"rendered":"<p>Um segundo indiv\u00edduo foi preso por suposto envolvimento no triplo homic\u00eddio de uma fam\u00edlia de Ol\u00edmpia, cujos corpos foram localizados em Votuporanga no in\u00edcio deste ano. O homem de 28 anos foi detido na cidade de Pedran\u00f3polis durante o cumprimento de um mandado de pris\u00e3o tempor\u00e1ria. As identidades dos envolvidos est\u00e3o sendo preservadas de acordo com os protocolos de investiga\u00e7\u00e3o.<\/p>\n<p>O delegado Tiago Montagnini, da Delegacia de Investiga\u00e7\u00f5es Gerais (DIG) de Votuporanga, afirmou que \u201ca participa\u00e7\u00e3o do suspeito j\u00e1 era contemplada nas investiga\u00e7\u00f5es e foi corroborada por evid\u00eancias e pela confiss\u00e3o do primeiro detido\u201d. O interrogat\u00f3rio do segundo suspeito refor\u00e7ou as suspeitas de sua participa\u00e7\u00e3o nos crimes, resultando em sua deten\u00e7\u00e3o.<\/p>\n<div class=\"td-a-rec td-a-rec-id-content_inline  td_uid_67_65b7b6d1ecf33_rand td_block_template_1\">\n<p><strong><a href=\"https:\/\/leonardoconcon.com.br\/policia\/jovem-preso-confirma-emboscada-e-a-entrega-de-maconha-por-anderson\/\">O primeiro a ser preso<\/a><\/strong>, um jovem de 23 anos, foi capturado em 18 de janeiro e admitiu auxiliar na emboscada que resultou nas mortes. Ele est\u00e1 detido e colaborando com as autoridades.<\/p>\n<p>A DIG de Votuporanga segue com as investiga\u00e7\u00f5es, buscando elucidar completamente o caso e localizar outros poss\u00edveis envolvidos.<\/p>\n<h3>O CASO<\/h3>\n<p>O caso remonta ao desaparecimento de Anderson Mariano, de 35 anos, sua esposa Mirele Tofaleti, de 32, e a filha do casal, Izabelly, de 15 anos, que sa\u00edram de Ol\u00edmpia no dia 28 de dezembro para celebrar o anivers\u00e1rio em S\u00e3o Jos\u00e9 do Rio Preto.<\/p>\n<p>Ap\u00f3s o desaparecimento, familiares receberam a not\u00edcia de que o celular de Anderson havia sido localizado em Votuporanga, a 139 quil\u00f4metros de Ol\u00edmpia.<\/p>\n<p>Os corpos\u00a0<strong><a href=\"https:\/\/leonardoconcon.com.br\/policia\/familia-foi-executada-sem-defesa-por-tiros-de-9mm-informa-seccional\/\">foram encontrados<\/a><\/strong>\u00a0por um morador local em um canavial da regi\u00e3o.<\/p>\n<p>Fonte &#8211; Di\u00e1rio de Ol\u00edmpia.<\/p>\n<\/div>\n","protected":false},"excerpt":{"rendered":"<p>Um segundo indiv\u00edduo foi preso por suposto envolvimento no triplo<\/p>\n","protected":false},"author":2,"featured_media":100659,"comment_status":"open","ping_status":"open","sticky":false,"template":"","format":"standard","meta":{"footnotes":""},"categories":[3,23],"tags":[],"class_list":["post-100658","post","type-post","status-publish","format-standard","has-post-thumbnail","hentry","category-geral","category-policia"],"yoast_head":"<!-- This site is optimized with the Yoast SEO plugin v27.4 - https:\/\/yoast.com\/product\/yoast-seo-wordpress\/ -->\n<title>Pris\u00e3o de segundo suspeito no caso do triplo homic\u00eddio de fam\u00edlia - Regi\u00e3o News<\/title>\n<meta name=\"robots\" content=\"index, follow, max-snippet:-1, max-image-preview:large, max-video-preview:-1\" \/>\n<link rel=\"canonical\" href=\"https:\/\/regiaonews.net.br\/2022\/2024\/01\/29\/prisao-de-segundo-suspeito-no-caso-do-triplo-homicidio-de-familia\/\" \/>\n<meta property=\"og:locale\" content=\"pt_BR\" \/>\n<meta property=\"og:type\" content=\"article\" \/>\n<meta property=\"og:title\" content=\"Pris\u00e3o de segundo suspeito no caso do triplo homic\u00eddio de fam\u00edlia - Regi\u00e3o News\" \/>\n<meta property=\"og:description\" content=\"Um segundo indiv\u00edduo foi preso por suposto envolvimento no triplo\" \/>\n<meta property=\"og:url\" content=\"https:\/\/regiaonews.net.br\/2022\/2024\/01\/29\/prisao-de-segundo-suspeito-no-caso-do-triplo-homicidio-de-familia\/\" \/>\n<meta property=\"og:site_name\" content=\"Regi\u00e3o News\" \/>\n<meta property=\"article:published_time\" content=\"2024-01-29T16:58:30+00:00\" \/>\n<meta property=\"og:image\" content=\"https:\/\/regiaonews.net.br\/2022\/wp-content\/uploads\/2024\/01\/familiaassassinada.jpg.webp\" \/>\n\t<meta property=\"og:image:width\" content=\"960\" \/>\n\t<meta property=\"og:image:height\" content=\"837\" \/>\n\t<meta property=\"og:image:type\" content=\"image\/webp\" \/>\n<meta name=\"author\" content=\"Roberto\" \/>\n<meta name=\"twitter:card\" content=\"summary_large_image\" \/>\n<meta name=\"twitter:label1\" content=\"Escrito por\" \/>\n\t<meta name=\"twitter:data1\" content=\"Roberto\" \/>\n\t<meta name=\"twitter:label2\" content=\"Est. tempo de leitura\" \/>\n\t<meta name=\"twitter:data2\" content=\"2 minutos\" \/>\n<script type=\"application\/ld+json\" class=\"yoast-schema-graph\">{\"@context\":\"https:\\\/\\\/schema.org\",\"@graph\":[{\"@type\":\"Article\",\"@id\":\"https:\\\/\\\/regiaonews.net.br\\\/2022\\\/2024\\\/01\\\/29\\\/prisao-de-segundo-suspeito-no-caso-do-triplo-homicidio-de-familia\\\/#article\",\"isPartOf\":{\"@id\":\"https:\\\/\\\/regiaonews.net.br\\\/2022\\\/2024\\\/01\\\/29\\\/prisao-de-segundo-suspeito-no-caso-do-triplo-homicidio-de-familia\\\/\"},\"author\":{\"name\":\"Roberto\",\"@id\":\"https:\\\/\\\/regiaonews.net.br\\\/2022\\\/#\\\/schema\\\/person\\\/2d205a608a5aa97ac279d7a5e6d89ad8\"},\"headline\":\"Pris\u00e3o de segundo suspeito no caso do triplo homic\u00eddio de fam\u00edlia\",\"datePublished\":\"2024-01-29T16:58:30+00:00\",\"mainEntityOfPage\":{\"@id\":\"https:\\\/\\\/regiaonews.net.br\\\/2022\\\/2024\\\/01\\\/29\\\/prisao-de-segundo-suspeito-no-caso-do-triplo-homicidio-de-familia\\\/\"},\"wordCount\":288,\"commentCount\":0,\"publisher\":{\"@id\":\"https:\\\/\\\/regiaonews.net.br\\\/2022\\\/#organization\"},\"image\":{\"@id\":\"https:\\\/\\\/regiaonews.net.br\\\/2022\\\/2024\\\/01\\\/29\\\/prisao-de-segundo-suspeito-no-caso-do-triplo-homicidio-de-familia\\\/#primaryimage\"},\"thumbnailUrl\":\"https:\\\/\\\/regiaonews.net.br\\\/2022\\\/wp-content\\\/uploads\\\/2024\\\/01\\\/familiaassassinada.jpg.webp\",\"articleSection\":[\"Geral\",\"Policia\"],\"inLanguage\":\"pt-BR\",\"potentialAction\":[{\"@type\":\"CommentAction\",\"name\":\"Comment\",\"target\":[\"https:\\\/\\\/regiaonews.net.br\\\/2022\\\/2024\\\/01\\\/29\\\/prisao-de-segundo-suspeito-no-caso-do-triplo-homicidio-de-familia\\\/#respond\"]}]},{\"@type\":\"WebPage\",\"@id\":\"https:\\\/\\\/regiaonews.net.br\\\/2022\\\/2024\\\/01\\\/29\\\/prisao-de-segundo-suspeito-no-caso-do-triplo-homicidio-de-familia\\\/\",\"url\":\"https:\\\/\\\/regiaonews.net.br\\\/2022\\\/2024\\\/01\\\/29\\\/prisao-de-segundo-suspeito-no-caso-do-triplo-homicidio-de-familia\\\/\",\"name\":\"Pris\u00e3o de segundo suspeito no caso do triplo homic\u00eddio de fam\u00edlia - Regi\u00e3o News\",\"isPartOf\":{\"@id\":\"https:\\\/\\\/regiaonews.net.br\\\/2022\\\/#website\"},\"primaryImageOfPage\":{\"@id\":\"https:\\\/\\\/regiaonews.net.br\\\/2022\\\/2024\\\/01\\\/29\\\/prisao-de-segundo-suspeito-no-caso-do-triplo-homicidio-de-familia\\\/#primaryimage\"},\"image\":{\"@id\":\"https:\\\/\\\/regiaonews.net.br\\\/2022\\\/2024\\\/01\\\/29\\\/prisao-de-segundo-suspeito-no-caso-do-triplo-homicidio-de-familia\\\/#primaryimage\"},\"thumbnailUrl\":\"https:\\\/\\\/regiaonews.net.br\\\/2022\\\/wp-content\\\/uploads\\\/2024\\\/01\\\/familiaassassinada.jpg.webp\",\"datePublished\":\"2024-01-29T16:58:30+00:00\",\"breadcrumb\":{\"@id\":\"https:\\\/\\\/regiaonews.net.br\\\/2022\\\/2024\\\/01\\\/29\\\/prisao-de-segundo-suspeito-no-caso-do-triplo-homicidio-de-familia\\\/#breadcrumb\"},\"inLanguage\":\"pt-BR\",\"potentialAction\":[{\"@type\":\"ReadAction\",\"target\":[\"https:\\\/\\\/regiaonews.net.br\\\/2022\\\/2024\\\/01\\\/29\\\/prisao-de-segundo-suspeito-no-caso-do-triplo-homicidio-de-familia\\\/\"]}]},{\"@type\":\"ImageObject\",\"inLanguage\":\"pt-BR\",\"@id\":\"https:\\\/\\\/regiaonews.net.br\\\/2022\\\/2024\\\/01\\\/29\\\/prisao-de-segundo-suspeito-no-caso-do-triplo-homicidio-de-familia\\\/#primaryimage\",\"url\":\"https:\\\/\\\/regiaonews.net.br\\\/2022\\\/wp-content\\\/uploads\\\/2024\\\/01\\\/familiaassassinada.jpg.webp\",\"contentUrl\":\"https:\\\/\\\/regiaonews.net.br\\\/2022\\\/wp-content\\\/uploads\\\/2024\\\/01\\\/familiaassassinada.jpg.webp\",\"width\":960,\"height\":837},{\"@type\":\"BreadcrumbList\",\"@id\":\"https:\\\/\\\/regiaonews.net.br\\\/2022\\\/2024\\\/01\\\/29\\\/prisao-de-segundo-suspeito-no-caso-do-triplo-homicidio-de-familia\\\/#breadcrumb\",\"itemListElement\":[{\"@type\":\"ListItem\",\"position\":1,\"name\":\"In\u00edcio\",\"item\":\"https:\\\/\\\/regiaonews.net.br\\\/2022\\\/\"},{\"@type\":\"ListItem\",\"position\":2,\"name\":\"Pris\u00e3o de segundo suspeito no caso do triplo homic\u00eddio de fam\u00edlia\"}]},{\"@type\":\"WebSite\",\"@id\":\"https:\\\/\\\/regiaonews.net.br\\\/2022\\\/#website\",\"url\":\"https:\\\/\\\/regiaonews.net.br\\\/2022\\\/\",\"name\":\"Regi\u00e3o News\",\"description\":\"Site de Not\u00edcias de Barretos e regi\u00e3o\",\"publisher\":{\"@id\":\"https:\\\/\\\/regiaonews.net.br\\\/2022\\\/#organization\"},\"potentialAction\":[{\"@type\":\"SearchAction\",\"target\":{\"@type\":\"EntryPoint\",\"urlTemplate\":\"https:\\\/\\\/regiaonews.net.br\\\/2022\\\/?s={search_term_string}\"},\"query-input\":{\"@type\":\"PropertyValueSpecification\",\"valueRequired\":true,\"valueName\":\"search_term_string\"}}],\"inLanguage\":\"pt-BR\"},{\"@type\":\"Organization\",\"@id\":\"https:\\\/\\\/regiaonews.net.br\\\/2022\\\/#organization\",\"name\":\"Regi\u00e3o News\",\"url\":\"https:\\\/\\\/regiaonews.net.br\\\/2022\\\/\",\"logo\":{\"@type\":\"ImageObject\",\"inLanguage\":\"pt-BR\",\"@id\":\"https:\\\/\\\/regiaonews.net.br\\\/2022\\\/#\\\/schema\\\/logo\\\/image\\\/\",\"url\":\"https:\\\/\\\/regiaonews.net.br\\\/2022\\\/wp-content\\\/uploads\\\/2026\\\/03\\\/regiao-13-anos-scaled.jpg\",\"contentUrl\":\"https:\\\/\\\/regiaonews.net.br\\\/2022\\\/wp-content\\\/uploads\\\/2026\\\/03\\\/regiao-13-anos-scaled.jpg\",\"width\":2560,\"height\":635,\"caption\":\"Regi\u00e3o News\"},\"image\":{\"@id\":\"https:\\\/\\\/regiaonews.net.br\\\/2022\\\/#\\\/schema\\\/logo\\\/image\\\/\"}},{\"@type\":\"Person\",\"@id\":\"https:\\\/\\\/regiaonews.net.br\\\/2022\\\/#\\\/schema\\\/person\\\/2d205a608a5aa97ac279d7a5e6d89ad8\",\"name\":\"Roberto\",\"image\":{\"@type\":\"ImageObject\",\"inLanguage\":\"pt-BR\",\"@id\":\"https:\\\/\\\/secure.gravatar.com\\\/avatar\\\/42749d8b712ff9d59ca93dc150494e5b55a44134482993f5baeb97e61b7ecc89?s=96&d=mm&r=g\",\"url\":\"https:\\\/\\\/secure.gravatar.com\\\/avatar\\\/42749d8b712ff9d59ca93dc150494e5b55a44134482993f5baeb97e61b7ecc89?s=96&d=mm&r=g\",\"contentUrl\":\"https:\\\/\\\/secure.gravatar.com\\\/avatar\\\/42749d8b712ff9d59ca93dc150494e5b55a44134482993f5baeb97e61b7ecc89?s=96&d=mm&r=g\",\"caption\":\"Roberto\"},\"url\":\"https:\\\/\\\/regiaonews.net.br\\\/2022\\\/author\\\/roberto\\\/\"}]}<\/script>\n<!-- \/ Yoast SEO plugin. -->","yoast_head_json":{"title":"Pris\u00e3o de segundo suspeito no caso do triplo homic\u00eddio de fam\u00edlia - Regi\u00e3o News","robots":{"index":"index","follow":"follow","max-snippet":"max-snippet:-1","max-image-preview":"max-image-preview:large","max-video-preview":"max-video-preview:-1"},"canonical":"https:\/\/regiaonews.net.br\/2022\/2024\/01\/29\/prisao-de-segundo-suspeito-no-caso-do-triplo-homicidio-de-familia\/","og_locale":"pt_BR","og_type":"article","og_title":"Pris\u00e3o de segundo suspeito no caso do triplo homic\u00eddio de fam\u00edlia - Regi\u00e3o News","og_description":"Um segundo indiv\u00edduo foi preso por suposto envolvimento no triplo","og_url":"https:\/\/regiaonews.net.br\/2022\/2024\/01\/29\/prisao-de-segundo-suspeito-no-caso-do-triplo-homicidio-de-familia\/","og_site_name":"Regi\u00e3o News","article_published_time":"2024-01-29T16:58:30+00:00","og_image":[{"width":960,"height":837,"url":"https:\/\/regiaonews.net.br\/2022\/wp-content\/uploads\/2024\/01\/familiaassassinada.jpg.webp","type":"image\/webp"}],"author":"Roberto","twitter_card":"summary_large_image","twitter_misc":{"Escrito por":"Roberto","Est. tempo de leitura":"2 minutos"},"schema":{"@context":"https:\/\/schema.org","@graph":[{"@type":"Article","@id":"https:\/\/regiaonews.net.br\/2022\/2024\/01\/29\/prisao-de-segundo-suspeito-no-caso-do-triplo-homicidio-de-familia\/#article","isPartOf":{"@id":"https:\/\/regiaonews.net.br\/2022\/2024\/01\/29\/prisao-de-segundo-suspeito-no-caso-do-triplo-homicidio-de-familia\/"},"author":{"name":"Roberto","@id":"https:\/\/regiaonews.net.br\/2022\/#\/schema\/person\/2d205a608a5aa97ac279d7a5e6d89ad8"},"headline":"Pris\u00e3o de segundo suspeito no caso do triplo homic\u00eddio de fam\u00edlia","datePublished":"2024-01-29T16:58:30+00:00","mainEntityOfPage":{"@id":"https:\/\/regiaonews.net.br\/2022\/2024\/01\/29\/prisao-de-segundo-suspeito-no-caso-do-triplo-homicidio-de-familia\/"},"wordCount":288,"commentCount":0,"publisher":{"@id":"https:\/\/regiaonews.net.br\/2022\/#organization"},"image":{"@id":"https:\/\/regiaonews.net.br\/2022\/2024\/01\/29\/prisao-de-segundo-suspeito-no-caso-do-triplo-homicidio-de-familia\/#primaryimage"},"thumbnailUrl":"https:\/\/regiaonews.net.br\/2022\/wp-content\/uploads\/2024\/01\/familiaassassinada.jpg.webp","articleSection":["Geral","Policia"],"inLanguage":"pt-BR","potentialAction":[{"@type":"CommentAction","name":"Comment","target":["https:\/\/regiaonews.net.br\/2022\/2024\/01\/29\/prisao-de-segundo-suspeito-no-caso-do-triplo-homicidio-de-familia\/#respond"]}]},{"@type":"WebPage","@id":"https:\/\/regiaonews.net.br\/2022\/2024\/01\/29\/prisao-de-segundo-suspeito-no-caso-do-triplo-homicidio-de-familia\/","url":"https:\/\/regiaonews.net.br\/2022\/2024\/01\/29\/prisao-de-segundo-suspeito-no-caso-do-triplo-homicidio-de-familia\/","name":"Pris\u00e3o de segundo suspeito no caso do triplo homic\u00eddio de fam\u00edlia - Regi\u00e3o News","isPartOf":{"@id":"https:\/\/regiaonews.net.br\/2022\/#website"},"primaryImageOfPage":{"@id":"https:\/\/regiaonews.net.br\/2022\/2024\/01\/29\/prisao-de-segundo-suspeito-no-caso-do-triplo-homicidio-de-familia\/#primaryimage"},"image":{"@id":"https:\/\/regiaonews.net.br\/2022\/2024\/01\/29\/prisao-de-segundo-suspeito-no-caso-do-triplo-homicidio-de-familia\/#primaryimage"},"thumbnailUrl":"https:\/\/regiaonews.net.br\/2022\/wp-content\/uploads\/2024\/01\/familiaassassinada.jpg.webp","datePublished":"2024-01-29T16:58:30+00:00","breadcrumb":{"@id":"https:\/\/regiaonews.net.br\/2022\/2024\/01\/29\/prisao-de-segundo-suspeito-no-caso-do-triplo-homicidio-de-familia\/#breadcrumb"},"inLanguage":"pt-BR","potentialAction":[{"@type":"ReadAction","target":["https:\/\/regiaonews.net.br\/2022\/2024\/01\/29\/prisao-de-segundo-suspeito-no-caso-do-triplo-homicidio-de-familia\/"]}]},{"@type":"ImageObject","inLanguage":"pt-BR","@id":"https:\/\/regiaonews.net.br\/2022\/2024\/01\/29\/prisao-de-segundo-suspeito-no-caso-do-triplo-homicidio-de-familia\/#primaryimage","url":"https:\/\/regiaonews.net.br\/2022\/wp-content\/uploads\/2024\/01\/familiaassassinada.jpg.webp","contentUrl":"https:\/\/regiaonews.net.br\/2022\/wp-content\/uploads\/2024\/01\/familiaassassinada.jpg.webp","width":960,"height":837},{"@type":"BreadcrumbList","@id":"https:\/\/regiaonews.net.br\/2022\/2024\/01\/29\/prisao-de-segundo-suspeito-no-caso-do-triplo-homicidio-de-familia\/#breadcrumb","itemListElement":[{"@type":"ListItem","position":1,"name":"In\u00edcio","item":"https:\/\/regiaonews.net.br\/2022\/"},{"@type":"ListItem","position":2,"name":"Pris\u00e3o de segundo suspeito no caso do triplo homic\u00eddio de fam\u00edlia"}]},{"@type":"WebSite","@id":"https:\/\/regiaonews.net.br\/2022\/#website","url":"https:\/\/regiaonews.net.br\/2022\/","name":"Regi\u00e3o News","description":"Site de Not\u00edcias de Barretos e regi\u00e3o","publisher":{"@id":"https:\/\/regiaonews.net.br\/2022\/#organization"},"potentialAction":[{"@type":"SearchAction","target":{"@type":"EntryPoint","urlTemplate":"https:\/\/regiaonews.net.br\/2022\/?s={search_term_string}"},"query-input":{"@type":"PropertyValueSpecification","valueRequired":true,"valueName":"search_term_string"}}],"inLanguage":"pt-BR"},{"@type":"Organization","@id":"https:\/\/regiaonews.net.br\/2022\/#organization","name":"Regi\u00e3o News","url":"https:\/\/regiaonews.net.br\/2022\/","logo":{"@type":"ImageObject","inLanguage":"pt-BR","@id":"https:\/\/regiaonews.net.br\/2022\/#\/schema\/logo\/image\/","url":"https:\/\/regiaonews.net.br\/2022\/wp-content\/uploads\/2026\/03\/regiao-13-anos-scaled.jpg","contentUrl":"https:\/\/regiaonews.net.br\/2022\/wp-content\/uploads\/2026\/03\/regiao-13-anos-scaled.jpg","width":2560,"height":635,"caption":"Regi\u00e3o News"},"image":{"@id":"https:\/\/regiaonews.net.br\/2022\/#\/schema\/logo\/image\/"}},{"@type":"Person","@id":"https:\/\/regiaonews.net.br\/2022\/#\/schema\/person\/2d205a608a5aa97ac279d7a5e6d89ad8","name":"Roberto","image":{"@type":"ImageObject","inLanguage":"pt-BR","@id":"https:\/\/secure.gravatar.com\/avatar\/42749d8b712ff9d59ca93dc150494e5b55a44134482993f5baeb97e61b7ecc89?s=96&d=mm&r=g","url":"https:\/\/secure.gravatar.com\/avatar\/42749d8b712ff9d59ca93dc150494e5b55a44134482993f5baeb97e61b7ecc89?s=96&d=mm&r=g","contentUrl":"https:\/\/secure.gravatar.com\/avatar\/42749d8b712ff9d59ca93dc150494e5b55a44134482993f5baeb97e61b7ecc89?s=96&d=mm&r=g","caption":"Roberto"},"url":"https:\/\/regiaonews.net.br\/2022\/author\/roberto\/"}]}},"publishpress_future_action":{"enabled":false,"date":"2026-05-03 22:27:58","action":"change-status","newStatus":"draft","terms":[],"taxonomy":"category","extraData":[]},"publishpress_future_workflow_manual_trigger":{"enabledWorkflows":[]},"_links":{"self":[{"href":"https:\/\/regiaonews.net.br\/2022\/wp-json\/wp\/v2\/posts\/100658","targetHints":{"allow":["GET"]}}],"collection":[{"href":"https:\/\/regiaonews.net.br\/2022\/wp-json\/wp\/v2\/posts"}],"about":[{"href":"https:\/\/regiaonews.net.br\/2022\/wp-json\/wp\/v2\/types\/post"}],"author":[{"embeddable":true,"href":"https:\/\/regiaonews.net.br\/2022\/wp-json\/wp\/v2\/users\/2"}],"replies":[{"embeddable":true,"href":"https:\/\/regiaonews.net.br\/2022\/wp-json\/wp\/v2\/comments?post=100658"}],"version-history":[{"count":1,"href":"https:\/\/regiaonews.net.br\/2022\/wp-json\/wp\/v2\/posts\/100658\/revisions"}],"predecessor-version":[{"id":100660,"href":"https:\/\/regiaonews.net.br\/2022\/wp-json\/wp\/v2\/posts\/100658\/revisions\/100660"}],"wp:featuredmedia":[{"embeddable":true,"href":"https:\/\/regiaonews.net.br\/2022\/wp-json\/wp\/v2\/media\/100659"}],"wp:attachment":[{"href":"https:\/\/regiaonews.net.br\/2022\/wp-json\/wp\/v2\/media?parent=100658"}],"wp:term":[{"taxonomy":"category","embeddable":true,"href":"https:\/\/regiaonews.net.br\/2022\/wp-json\/wp\/v2\/categories?post=100658"},{"taxonomy":"post_tag","embeddable":true,"href":"https:\/\/regiaonews.net.br\/2022\/wp-json\/wp\/v2\/tags?post=100658"}],"curies":[{"name":"wp","href":"https:\/\/api.w.org\/{rel}","templated":true}]}}