{"id":100623,"date":"2024-01-27T06:46:25","date_gmt":"2024-01-27T09:46:25","guid":{"rendered":"https:\/\/regiaonews.net.br\/2022\/?p=100623"},"modified":"2024-01-27T06:47:06","modified_gmt":"2024-01-27T09:47:06","slug":"reu-e-condenado-a-10-anos-em-julgamento-no-forum-de-colina","status":"publish","type":"post","link":"https:\/\/regiaonews.net.br\/2022\/2024\/01\/27\/reu-e-condenado-a-10-anos-em-julgamento-no-forum-de-colina\/","title":{"rendered":"R\u00e9u \u00e9 condenado a 10 anos em julgamento no F\u00f3rum de Colina"},"content":{"rendered":"<p>O Tribunal do J\u00fari de Colina julgou o r\u00e9u Lucimar Ferreira Coutinho acusado da pratica de Tentativa de Homic\u00eddio Qualificado em 2009, em um bar na cidade de Colina, contra a v\u00edtima Gerson Pinheiro da Mota. Ap\u00f3s um desentendimento entre a\u00a0 v\u00edtima e o autor em uma bar, o autor desferiu uma facada na v\u00edtima que sobreviveu.<br \/>\nO julgamento realizado no F\u00f3rum de Colina, foi presidido pelo juiz Dr. Fabiano Mota Cardoso, tendo na acusa\u00e7\u00e3o o promotor de justi\u00e7a, Danilo Festoso e na defesa o advogado Dr. S\u00e9rgio Balsanulfo da Silva. O r\u00e9u participou do j\u00fari por teleconfer\u00eancia, j\u00e1 que estava em Bras\u00edlia. Ao final, o juiz Fabiano Mota Cardoso, leu a senten\u00e7a condenado o r\u00e9u por tentativa de homic\u00eddio a uma pena de 10 anos inicialmente em regime fechado. O advogado de defesa, S\u00e9rgio Balsanulfo, afirmou que ir\u00e1 recorrer pedindo a redu\u00e7\u00e3o da pena aplicada.<\/p>\n","protected":false},"excerpt":{"rendered":"<p>O Tribunal do J\u00fari de Colina julgou o r\u00e9u Lucimar<\/p>\n","protected":false},"author":2,"featured_media":100626,"comment_status":"open","ping_status":"open","sticky":false,"template":"","format":"standard","meta":{"footnotes":""},"categories":[25,5],"tags":[],"class_list":["post-100623","post","type-post","status-publish","format-standard","has-post-thumbnail","hentry","category-cidades","category-colina"],"yoast_head":"<!-- This site is optimized with the Yoast SEO plugin v27.4 - https:\/\/yoast.com\/product\/yoast-seo-wordpress\/ -->\n<title>R\u00e9u \u00e9 condenado a 10 anos em julgamento no F\u00f3rum de Colina - Regi\u00e3o News<\/title>\n<meta name=\"robots\" content=\"index, follow, max-snippet:-1, max-image-preview:large, max-video-preview:-1\" \/>\n<link rel=\"canonical\" href=\"https:\/\/regiaonews.net.br\/2022\/2024\/01\/27\/reu-e-condenado-a-10-anos-em-julgamento-no-forum-de-colina\/\" \/>\n<meta property=\"og:locale\" content=\"pt_BR\" \/>\n<meta property=\"og:type\" content=\"article\" \/>\n<meta property=\"og:title\" content=\"R\u00e9u \u00e9 condenado a 10 anos em julgamento no F\u00f3rum de Colina - Regi\u00e3o News\" \/>\n<meta property=\"og:description\" content=\"O Tribunal do J\u00fari de Colina julgou o r\u00e9u Lucimar\" \/>\n<meta property=\"og:url\" content=\"https:\/\/regiaonews.net.br\/2022\/2024\/01\/27\/reu-e-condenado-a-10-anos-em-julgamento-no-forum-de-colina\/\" \/>\n<meta property=\"og:site_name\" content=\"Regi\u00e3o News\" \/>\n<meta property=\"article:published_time\" content=\"2024-01-27T09:46:25+00:00\" \/>\n<meta property=\"article:modified_time\" content=\"2024-01-27T09:47:06+00:00\" \/>\n<meta property=\"og:image\" content=\"https:\/\/regiaonews.net.br\/2022\/wp-content\/uploads\/2024\/01\/IMG-20240125-WA0507.jpg\" \/>\n\t<meta property=\"og:image:width\" content=\"1153\" \/>\n\t<meta property=\"og:image:height\" content=\"831\" \/>\n\t<meta property=\"og:image:type\" content=\"image\/jpeg\" \/>\n<meta name=\"author\" content=\"Roberto\" \/>\n<meta name=\"twitter:card\" content=\"summary_large_image\" \/>\n<meta name=\"twitter:label1\" content=\"Escrito por\" \/>\n\t<meta name=\"twitter:data1\" content=\"Roberto\" \/>\n\t<meta name=\"twitter:label2\" content=\"Est. tempo de leitura\" \/>\n\t<meta name=\"twitter:data2\" content=\"2 minutos\" \/>\n<script type=\"application\/ld+json\" class=\"yoast-schema-graph\">{\"@context\":\"https:\\\/\\\/schema.org\",\"@graph\":[{\"@type\":\"Article\",\"@id\":\"https:\\\/\\\/regiaonews.net.br\\\/2022\\\/2024\\\/01\\\/27\\\/reu-e-condenado-a-10-anos-em-julgamento-no-forum-de-colina\\\/#article\",\"isPartOf\":{\"@id\":\"https:\\\/\\\/regiaonews.net.br\\\/2022\\\/2024\\\/01\\\/27\\\/reu-e-condenado-a-10-anos-em-julgamento-no-forum-de-colina\\\/\"},\"author\":{\"name\":\"Roberto\",\"@id\":\"https:\\\/\\\/regiaonews.net.br\\\/2022\\\/#\\\/schema\\\/person\\\/2d205a608a5aa97ac279d7a5e6d89ad8\"},\"headline\":\"R\u00e9u \u00e9 condenado a 10 anos em julgamento no F\u00f3rum de Colina\",\"datePublished\":\"2024-01-27T09:46:25+00:00\",\"dateModified\":\"2024-01-27T09:47:06+00:00\",\"mainEntityOfPage\":{\"@id\":\"https:\\\/\\\/regiaonews.net.br\\\/2022\\\/2024\\\/01\\\/27\\\/reu-e-condenado-a-10-anos-em-julgamento-no-forum-de-colina\\\/\"},\"wordCount\":176,\"commentCount\":0,\"publisher\":{\"@id\":\"https:\\\/\\\/regiaonews.net.br\\\/2022\\\/#organization\"},\"image\":{\"@id\":\"https:\\\/\\\/regiaonews.net.br\\\/2022\\\/2024\\\/01\\\/27\\\/reu-e-condenado-a-10-anos-em-julgamento-no-forum-de-colina\\\/#primaryimage\"},\"thumbnailUrl\":\"https:\\\/\\\/regiaonews.net.br\\\/2022\\\/wp-content\\\/uploads\\\/2024\\\/01\\\/IMG-20240125-WA0507.jpg\",\"articleSection\":[\"Cidades\",\"Colina\"],\"inLanguage\":\"pt-BR\",\"potentialAction\":[{\"@type\":\"CommentAction\",\"name\":\"Comment\",\"target\":[\"https:\\\/\\\/regiaonews.net.br\\\/2022\\\/2024\\\/01\\\/27\\\/reu-e-condenado-a-10-anos-em-julgamento-no-forum-de-colina\\\/#respond\"]}]},{\"@type\":\"WebPage\",\"@id\":\"https:\\\/\\\/regiaonews.net.br\\\/2022\\\/2024\\\/01\\\/27\\\/reu-e-condenado-a-10-anos-em-julgamento-no-forum-de-colina\\\/\",\"url\":\"https:\\\/\\\/regiaonews.net.br\\\/2022\\\/2024\\\/01\\\/27\\\/reu-e-condenado-a-10-anos-em-julgamento-no-forum-de-colina\\\/\",\"name\":\"R\u00e9u \u00e9 condenado a 10 anos em julgamento no F\u00f3rum de Colina - Regi\u00e3o News\",\"isPartOf\":{\"@id\":\"https:\\\/\\\/regiaonews.net.br\\\/2022\\\/#website\"},\"primaryImageOfPage\":{\"@id\":\"https:\\\/\\\/regiaonews.net.br\\\/2022\\\/2024\\\/01\\\/27\\\/reu-e-condenado-a-10-anos-em-julgamento-no-forum-de-colina\\\/#primaryimage\"},\"image\":{\"@id\":\"https:\\\/\\\/regiaonews.net.br\\\/2022\\\/2024\\\/01\\\/27\\\/reu-e-condenado-a-10-anos-em-julgamento-no-forum-de-colina\\\/#primaryimage\"},\"thumbnailUrl\":\"https:\\\/\\\/regiaonews.net.br\\\/2022\\\/wp-content\\\/uploads\\\/2024\\\/01\\\/IMG-20240125-WA0507.jpg\",\"datePublished\":\"2024-01-27T09:46:25+00:00\",\"dateModified\":\"2024-01-27T09:47:06+00:00\",\"breadcrumb\":{\"@id\":\"https:\\\/\\\/regiaonews.net.br\\\/2022\\\/2024\\\/01\\\/27\\\/reu-e-condenado-a-10-anos-em-julgamento-no-forum-de-colina\\\/#breadcrumb\"},\"inLanguage\":\"pt-BR\",\"potentialAction\":[{\"@type\":\"ReadAction\",\"target\":[\"https:\\\/\\\/regiaonews.net.br\\\/2022\\\/2024\\\/01\\\/27\\\/reu-e-condenado-a-10-anos-em-julgamento-no-forum-de-colina\\\/\"]}]},{\"@type\":\"ImageObject\",\"inLanguage\":\"pt-BR\",\"@id\":\"https:\\\/\\\/regiaonews.net.br\\\/2022\\\/2024\\\/01\\\/27\\\/reu-e-condenado-a-10-anos-em-julgamento-no-forum-de-colina\\\/#primaryimage\",\"url\":\"https:\\\/\\\/regiaonews.net.br\\\/2022\\\/wp-content\\\/uploads\\\/2024\\\/01\\\/IMG-20240125-WA0507.jpg\",\"contentUrl\":\"https:\\\/\\\/regiaonews.net.br\\\/2022\\\/wp-content\\\/uploads\\\/2024\\\/01\\\/IMG-20240125-WA0507.jpg\",\"width\":1153,\"height\":831},{\"@type\":\"BreadcrumbList\",\"@id\":\"https:\\\/\\\/regiaonews.net.br\\\/2022\\\/2024\\\/01\\\/27\\\/reu-e-condenado-a-10-anos-em-julgamento-no-forum-de-colina\\\/#breadcrumb\",\"itemListElement\":[{\"@type\":\"ListItem\",\"position\":1,\"name\":\"In\u00edcio\",\"item\":\"https:\\\/\\\/regiaonews.net.br\\\/2022\\\/\"},{\"@type\":\"ListItem\",\"position\":2,\"name\":\"R\u00e9u \u00e9 condenado a 10 anos em julgamento no F\u00f3rum de Colina\"}]},{\"@type\":\"WebSite\",\"@id\":\"https:\\\/\\\/regiaonews.net.br\\\/2022\\\/#website\",\"url\":\"https:\\\/\\\/regiaonews.net.br\\\/2022\\\/\",\"name\":\"Regi\u00e3o News\",\"description\":\"Site de Not\u00edcias de Barretos e regi\u00e3o\",\"publisher\":{\"@id\":\"https:\\\/\\\/regiaonews.net.br\\\/2022\\\/#organization\"},\"potentialAction\":[{\"@type\":\"SearchAction\",\"target\":{\"@type\":\"EntryPoint\",\"urlTemplate\":\"https:\\\/\\\/regiaonews.net.br\\\/2022\\\/?s={search_term_string}\"},\"query-input\":{\"@type\":\"PropertyValueSpecification\",\"valueRequired\":true,\"valueName\":\"search_term_string\"}}],\"inLanguage\":\"pt-BR\"},{\"@type\":\"Organization\",\"@id\":\"https:\\\/\\\/regiaonews.net.br\\\/2022\\\/#organization\",\"name\":\"Regi\u00e3o News\",\"url\":\"https:\\\/\\\/regiaonews.net.br\\\/2022\\\/\",\"logo\":{\"@type\":\"ImageObject\",\"inLanguage\":\"pt-BR\",\"@id\":\"https:\\\/\\\/regiaonews.net.br\\\/2022\\\/#\\\/schema\\\/logo\\\/image\\\/\",\"url\":\"https:\\\/\\\/regiaonews.net.br\\\/2022\\\/wp-content\\\/uploads\\\/2026\\\/03\\\/regiao-13-anos-scaled.jpg\",\"contentUrl\":\"https:\\\/\\\/regiaonews.net.br\\\/2022\\\/wp-content\\\/uploads\\\/2026\\\/03\\\/regiao-13-anos-scaled.jpg\",\"width\":2560,\"height\":635,\"caption\":\"Regi\u00e3o News\"},\"image\":{\"@id\":\"https:\\\/\\\/regiaonews.net.br\\\/2022\\\/#\\\/schema\\\/logo\\\/image\\\/\"}},{\"@type\":\"Person\",\"@id\":\"https:\\\/\\\/regiaonews.net.br\\\/2022\\\/#\\\/schema\\\/person\\\/2d205a608a5aa97ac279d7a5e6d89ad8\",\"name\":\"Roberto\",\"image\":{\"@type\":\"ImageObject\",\"inLanguage\":\"pt-BR\",\"@id\":\"https:\\\/\\\/secure.gravatar.com\\\/avatar\\\/42749d8b712ff9d59ca93dc150494e5b55a44134482993f5baeb97e61b7ecc89?s=96&d=mm&r=g\",\"url\":\"https:\\\/\\\/secure.gravatar.com\\\/avatar\\\/42749d8b712ff9d59ca93dc150494e5b55a44134482993f5baeb97e61b7ecc89?s=96&d=mm&r=g\",\"contentUrl\":\"https:\\\/\\\/secure.gravatar.com\\\/avatar\\\/42749d8b712ff9d59ca93dc150494e5b55a44134482993f5baeb97e61b7ecc89?s=96&d=mm&r=g\",\"caption\":\"Roberto\"},\"url\":\"https:\\\/\\\/regiaonews.net.br\\\/2022\\\/author\\\/roberto\\\/\"}]}<\/script>\n<!-- \/ Yoast SEO plugin. -->","yoast_head_json":{"title":"R\u00e9u \u00e9 condenado a 10 anos em julgamento no F\u00f3rum de Colina - Regi\u00e3o News","robots":{"index":"index","follow":"follow","max-snippet":"max-snippet:-1","max-image-preview":"max-image-preview:large","max-video-preview":"max-video-preview:-1"},"canonical":"https:\/\/regiaonews.net.br\/2022\/2024\/01\/27\/reu-e-condenado-a-10-anos-em-julgamento-no-forum-de-colina\/","og_locale":"pt_BR","og_type":"article","og_title":"R\u00e9u \u00e9 condenado a 10 anos em julgamento no F\u00f3rum de Colina - Regi\u00e3o News","og_description":"O Tribunal do J\u00fari de Colina julgou o r\u00e9u Lucimar","og_url":"https:\/\/regiaonews.net.br\/2022\/2024\/01\/27\/reu-e-condenado-a-10-anos-em-julgamento-no-forum-de-colina\/","og_site_name":"Regi\u00e3o News","article_published_time":"2024-01-27T09:46:25+00:00","article_modified_time":"2024-01-27T09:47:06+00:00","og_image":[{"width":1153,"height":831,"url":"https:\/\/regiaonews.net.br\/2022\/wp-content\/uploads\/2024\/01\/IMG-20240125-WA0507.jpg","type":"image\/jpeg"}],"author":"Roberto","twitter_card":"summary_large_image","twitter_misc":{"Escrito por":"Roberto","Est. tempo de leitura":"2 minutos"},"schema":{"@context":"https:\/\/schema.org","@graph":[{"@type":"Article","@id":"https:\/\/regiaonews.net.br\/2022\/2024\/01\/27\/reu-e-condenado-a-10-anos-em-julgamento-no-forum-de-colina\/#article","isPartOf":{"@id":"https:\/\/regiaonews.net.br\/2022\/2024\/01\/27\/reu-e-condenado-a-10-anos-em-julgamento-no-forum-de-colina\/"},"author":{"name":"Roberto","@id":"https:\/\/regiaonews.net.br\/2022\/#\/schema\/person\/2d205a608a5aa97ac279d7a5e6d89ad8"},"headline":"R\u00e9u \u00e9 condenado a 10 anos em julgamento no F\u00f3rum de Colina","datePublished":"2024-01-27T09:46:25+00:00","dateModified":"2024-01-27T09:47:06+00:00","mainEntityOfPage":{"@id":"https:\/\/regiaonews.net.br\/2022\/2024\/01\/27\/reu-e-condenado-a-10-anos-em-julgamento-no-forum-de-colina\/"},"wordCount":176,"commentCount":0,"publisher":{"@id":"https:\/\/regiaonews.net.br\/2022\/#organization"},"image":{"@id":"https:\/\/regiaonews.net.br\/2022\/2024\/01\/27\/reu-e-condenado-a-10-anos-em-julgamento-no-forum-de-colina\/#primaryimage"},"thumbnailUrl":"https:\/\/regiaonews.net.br\/2022\/wp-content\/uploads\/2024\/01\/IMG-20240125-WA0507.jpg","articleSection":["Cidades","Colina"],"inLanguage":"pt-BR","potentialAction":[{"@type":"CommentAction","name":"Comment","target":["https:\/\/regiaonews.net.br\/2022\/2024\/01\/27\/reu-e-condenado-a-10-anos-em-julgamento-no-forum-de-colina\/#respond"]}]},{"@type":"WebPage","@id":"https:\/\/regiaonews.net.br\/2022\/2024\/01\/27\/reu-e-condenado-a-10-anos-em-julgamento-no-forum-de-colina\/","url":"https:\/\/regiaonews.net.br\/2022\/2024\/01\/27\/reu-e-condenado-a-10-anos-em-julgamento-no-forum-de-colina\/","name":"R\u00e9u \u00e9 condenado a 10 anos em julgamento no F\u00f3rum de Colina - Regi\u00e3o News","isPartOf":{"@id":"https:\/\/regiaonews.net.br\/2022\/#website"},"primaryImageOfPage":{"@id":"https:\/\/regiaonews.net.br\/2022\/2024\/01\/27\/reu-e-condenado-a-10-anos-em-julgamento-no-forum-de-colina\/#primaryimage"},"image":{"@id":"https:\/\/regiaonews.net.br\/2022\/2024\/01\/27\/reu-e-condenado-a-10-anos-em-julgamento-no-forum-de-colina\/#primaryimage"},"thumbnailUrl":"https:\/\/regiaonews.net.br\/2022\/wp-content\/uploads\/2024\/01\/IMG-20240125-WA0507.jpg","datePublished":"2024-01-27T09:46:25+00:00","dateModified":"2024-01-27T09:47:06+00:00","breadcrumb":{"@id":"https:\/\/regiaonews.net.br\/2022\/2024\/01\/27\/reu-e-condenado-a-10-anos-em-julgamento-no-forum-de-colina\/#breadcrumb"},"inLanguage":"pt-BR","potentialAction":[{"@type":"ReadAction","target":["https:\/\/regiaonews.net.br\/2022\/2024\/01\/27\/reu-e-condenado-a-10-anos-em-julgamento-no-forum-de-colina\/"]}]},{"@type":"ImageObject","inLanguage":"pt-BR","@id":"https:\/\/regiaonews.net.br\/2022\/2024\/01\/27\/reu-e-condenado-a-10-anos-em-julgamento-no-forum-de-colina\/#primaryimage","url":"https:\/\/regiaonews.net.br\/2022\/wp-content\/uploads\/2024\/01\/IMG-20240125-WA0507.jpg","contentUrl":"https:\/\/regiaonews.net.br\/2022\/wp-content\/uploads\/2024\/01\/IMG-20240125-WA0507.jpg","width":1153,"height":831},{"@type":"BreadcrumbList","@id":"https:\/\/regiaonews.net.br\/2022\/2024\/01\/27\/reu-e-condenado-a-10-anos-em-julgamento-no-forum-de-colina\/#breadcrumb","itemListElement":[{"@type":"ListItem","position":1,"name":"In\u00edcio","item":"https:\/\/regiaonews.net.br\/2022\/"},{"@type":"ListItem","position":2,"name":"R\u00e9u \u00e9 condenado a 10 anos em julgamento no F\u00f3rum de Colina"}]},{"@type":"WebSite","@id":"https:\/\/regiaonews.net.br\/2022\/#website","url":"https:\/\/regiaonews.net.br\/2022\/","name":"Regi\u00e3o News","description":"Site de Not\u00edcias de Barretos e regi\u00e3o","publisher":{"@id":"https:\/\/regiaonews.net.br\/2022\/#organization"},"potentialAction":[{"@type":"SearchAction","target":{"@type":"EntryPoint","urlTemplate":"https:\/\/regiaonews.net.br\/2022\/?s={search_term_string}"},"query-input":{"@type":"PropertyValueSpecification","valueRequired":true,"valueName":"search_term_string"}}],"inLanguage":"pt-BR"},{"@type":"Organization","@id":"https:\/\/regiaonews.net.br\/2022\/#organization","name":"Regi\u00e3o News","url":"https:\/\/regiaonews.net.br\/2022\/","logo":{"@type":"ImageObject","inLanguage":"pt-BR","@id":"https:\/\/regiaonews.net.br\/2022\/#\/schema\/logo\/image\/","url":"https:\/\/regiaonews.net.br\/2022\/wp-content\/uploads\/2026\/03\/regiao-13-anos-scaled.jpg","contentUrl":"https:\/\/regiaonews.net.br\/2022\/wp-content\/uploads\/2026\/03\/regiao-13-anos-scaled.jpg","width":2560,"height":635,"caption":"Regi\u00e3o News"},"image":{"@id":"https:\/\/regiaonews.net.br\/2022\/#\/schema\/logo\/image\/"}},{"@type":"Person","@id":"https:\/\/regiaonews.net.br\/2022\/#\/schema\/person\/2d205a608a5aa97ac279d7a5e6d89ad8","name":"Roberto","image":{"@type":"ImageObject","inLanguage":"pt-BR","@id":"https:\/\/secure.gravatar.com\/avatar\/42749d8b712ff9d59ca93dc150494e5b55a44134482993f5baeb97e61b7ecc89?s=96&d=mm&r=g","url":"https:\/\/secure.gravatar.com\/avatar\/42749d8b712ff9d59ca93dc150494e5b55a44134482993f5baeb97e61b7ecc89?s=96&d=mm&r=g","contentUrl":"https:\/\/secure.gravatar.com\/avatar\/42749d8b712ff9d59ca93dc150494e5b55a44134482993f5baeb97e61b7ecc89?s=96&d=mm&r=g","caption":"Roberto"},"url":"https:\/\/regiaonews.net.br\/2022\/author\/roberto\/"}]}},"publishpress_future_action":{"enabled":false,"date":"2026-05-04 02:58:18","action":"change-status","newStatus":"draft","terms":[],"taxonomy":"category","extraData":[]},"publishpress_future_workflow_manual_trigger":{"enabledWorkflows":[]},"_links":{"self":[{"href":"https:\/\/regiaonews.net.br\/2022\/wp-json\/wp\/v2\/posts\/100623","targetHints":{"allow":["GET"]}}],"collection":[{"href":"https:\/\/regiaonews.net.br\/2022\/wp-json\/wp\/v2\/posts"}],"about":[{"href":"https:\/\/regiaonews.net.br\/2022\/wp-json\/wp\/v2\/types\/post"}],"author":[{"embeddable":true,"href":"https:\/\/regiaonews.net.br\/2022\/wp-json\/wp\/v2\/users\/2"}],"replies":[{"embeddable":true,"href":"https:\/\/regiaonews.net.br\/2022\/wp-json\/wp\/v2\/comments?post=100623"}],"version-history":[{"count":1,"href":"https:\/\/regiaonews.net.br\/2022\/wp-json\/wp\/v2\/posts\/100623\/revisions"}],"predecessor-version":[{"id":100625,"href":"https:\/\/regiaonews.net.br\/2022\/wp-json\/wp\/v2\/posts\/100623\/revisions\/100625"}],"wp:featuredmedia":[{"embeddable":true,"href":"https:\/\/regiaonews.net.br\/2022\/wp-json\/wp\/v2\/media\/100626"}],"wp:attachment":[{"href":"https:\/\/regiaonews.net.br\/2022\/wp-json\/wp\/v2\/media?parent=100623"}],"wp:term":[{"taxonomy":"category","embeddable":true,"href":"https:\/\/regiaonews.net.br\/2022\/wp-json\/wp\/v2\/categories?post=100623"},{"taxonomy":"post_tag","embeddable":true,"href":"https:\/\/regiaonews.net.br\/2022\/wp-json\/wp\/v2\/tags?post=100623"}],"curies":[{"name":"wp","href":"https:\/\/api.w.org\/{rel}","templated":true}]}}