{"id":100609,"date":"2024-01-26T18:50:53","date_gmt":"2024-01-26T21:50:53","guid":{"rendered":"https:\/\/regiaonews.net.br\/2022\/?p=100609"},"modified":"2024-01-26T18:53:48","modified_gmt":"2024-01-26T21:53:48","slug":"sede-do-codevar-e-inaugurada-no-complexo-administrativo-dr-melek-zaiden-geraige","status":"publish","type":"post","link":"https:\/\/regiaonews.net.br\/2022\/2024\/01\/26\/sede-do-codevar-e-inaugurada-no-complexo-administrativo-dr-melek-zaiden-geraige\/","title":{"rendered":"Sede do Codevar \u00e9 inaugurada no Complexo Administrativo \u201cDr. M\u00e9lek Zaiden Geraige&#8221;"},"content":{"rendered":"<p>Cons\u00f3rcio re\u00fane 29 munic\u00edpios e tem como objetivo desenvolver pol\u00edticas de desenvolvimento<\/p>\n<p><a href=\"https:\/\/regiaonews.net.br\/2022\/wp-content\/uploads\/2024\/01\/WhatsApp-Image-2024-01-26-at-15.54.28-3.jpeg\"><img loading=\"lazy\" decoding=\"async\" class=\"alignnone size-medium wp-image-100615\" src=\"https:\/\/regiaonews.net.br\/2022\/wp-content\/uploads\/2024\/01\/WhatsApp-Image-2024-01-26-at-15.54.28-3-300x196.jpeg\" alt=\"\" width=\"300\" height=\"196\" srcset=\"https:\/\/regiaonews.net.br\/2022\/wp-content\/uploads\/2024\/01\/WhatsApp-Image-2024-01-26-at-15.54.28-3-300x196.jpeg 300w, https:\/\/regiaonews.net.br\/2022\/wp-content\/uploads\/2024\/01\/WhatsApp-Image-2024-01-26-at-15.54.28-3-1024x668.jpeg 1024w, https:\/\/regiaonews.net.br\/2022\/wp-content\/uploads\/2024\/01\/WhatsApp-Image-2024-01-26-at-15.54.28-3-768x501.jpeg 768w, https:\/\/regiaonews.net.br\/2022\/wp-content\/uploads\/2024\/01\/WhatsApp-Image-2024-01-26-at-15.54.28-3-1536x1001.jpeg 1536w, https:\/\/regiaonews.net.br\/2022\/wp-content\/uploads\/2024\/01\/WhatsApp-Image-2024-01-26-at-15.54.28-3-250x163.jpeg 250w, https:\/\/regiaonews.net.br\/2022\/wp-content\/uploads\/2024\/01\/WhatsApp-Image-2024-01-26-at-15.54.28-3-370x241.jpeg 370w, https:\/\/regiaonews.net.br\/2022\/wp-content\/uploads\/2024\/01\/WhatsApp-Image-2024-01-26-at-15.54.28-3.jpeg 1600w\" sizes=\"auto, (max-width: 300px) 100vw, 300px\" \/><\/a><\/p>\n<p>A Prefeita da Est\u00e2ncia Tur\u00edstica de Barretos, Paula Lemos, acompanhada de v\u00e1rios prefeitos da regi\u00e3o, participou na manh\u00e3 desta sexta-feira, 26 de janeiro, da inaugura\u00e7\u00e3o da sede do Cons\u00f3rcio de Desenvolvimento do Vale do Rio Grande, o Codevar. O novo espa\u00e7o est\u00e1 localizado em uma sala do Complexo Administrativo \u201cDr. M\u00e9lek Zaiden Geraige&#8221;<\/p>\n<p>A Chefe do Executivo, que faz parte do Conselho de Administra\u00e7\u00e3o do cons\u00f3rcio, comemorou a conquista e falou da import\u00e2ncia do Codevar para as cidades consorciadas. \u201cEu estou muito feliz, pois hoje a gente est\u00e1 aqui inaugurando o espa\u00e7o do Codevar, que \u00e9 um cons\u00f3rcio entre Barretos e v\u00e1rios munic\u00edpios da regi\u00e3o. A gente sabe que trabalhando em conjunto, toda a regi\u00e3o se desenvolve. E isso ficou muito claro na \u00e9poca da Covid, quando a gente trabalha em conjunto, a resolutividade \u00e9 maior. Tamb\u00e9m quero agradecer muito ao presidente Marcelo, de Monte Azul, pelo empenho. Estou muito feliz e quero dizer que continuamos nessa luta di\u00e1ria e, se Deus quiser, sai o SIM Regional tamb\u00e9m, para que todos os produtores rurais possam vender seus produtos regionalmente. \u00c9 assim que a gente desenvolve uma regi\u00e3o\u201d, disse Paula.<\/p>\n<p>O Codevar tem como objetivo desenvolver pol\u00edticas de desenvolvimento integrando os 29 munic\u00edpios membros e aumentando sua representatividade perante os governos estadual e federal. Sua primeira diretriz \u00e9 a elabora\u00e7\u00e3o do Plano de Turismo Regional, aproveitando o crescimento exponencial do setor<\/p>\n<p>Ao iniciar a assembleia, o presidente do cons\u00f3rcio e prefeito da cidade de Monte Azul Paulista, Marcelo Otaviano dos Santos parabenizou a Prefeitura de Barretos e a equipe do Codevar que trabalhou para a organiza\u00e7\u00e3o do espa\u00e7o. \u201cHoje quero falar aqui em nome do Ivan, secret\u00e1rio executivo. Parab\u00e9ns Ivan, a voc\u00ea e toda a equipe da prefeitura de Barretos que conseguiram deixar o espa\u00e7o bem aconchegante, um bom ambiente de trabalho e com certeza isso vai agora ajudar os munic\u00edpios, porque o Codevar \u00e9 um dos cons\u00f3rcios mais recentes e, gra\u00e7as \u00e0 milit\u00e2ncia, ao trabalho do Vitor e dos presidentes anteriores, n\u00f3s conseguimos alcan\u00e7ar um espa\u00e7o significativo dentro do governo federal e do governo estadual, n\u00f3s precisamos agora colocar isso para pr\u00e1tica\u201d, disse.<\/p>\n<p><a href=\"https:\/\/regiaonews.net.br\/2022\/wp-content\/uploads\/2024\/01\/WhatsApp-Image-2024-01-26-at-15.54.28-1.jpeg\"><img loading=\"lazy\" decoding=\"async\" class=\"alignnone size-medium wp-image-100612\" src=\"https:\/\/regiaonews.net.br\/2022\/wp-content\/uploads\/2024\/01\/WhatsApp-Image-2024-01-26-at-15.54.28-1-300x200.jpeg\" alt=\"\" width=\"300\" height=\"200\" srcset=\"https:\/\/regiaonews.net.br\/2022\/wp-content\/uploads\/2024\/01\/WhatsApp-Image-2024-01-26-at-15.54.28-1-300x200.jpeg 300w, https:\/\/regiaonews.net.br\/2022\/wp-content\/uploads\/2024\/01\/WhatsApp-Image-2024-01-26-at-15.54.28-1-1024x684.jpeg 1024w, https:\/\/regiaonews.net.br\/2022\/wp-content\/uploads\/2024\/01\/WhatsApp-Image-2024-01-26-at-15.54.28-1-768x513.jpeg 768w, https:\/\/regiaonews.net.br\/2022\/wp-content\/uploads\/2024\/01\/WhatsApp-Image-2024-01-26-at-15.54.28-1-1536x1026.jpeg 1536w, https:\/\/regiaonews.net.br\/2022\/wp-content\/uploads\/2024\/01\/WhatsApp-Image-2024-01-26-at-15.54.28-1-250x167.jpeg 250w, https:\/\/regiaonews.net.br\/2022\/wp-content\/uploads\/2024\/01\/WhatsApp-Image-2024-01-26-at-15.54.28-1-900x600.jpeg 900w, https:\/\/regiaonews.net.br\/2022\/wp-content\/uploads\/2024\/01\/WhatsApp-Image-2024-01-26-at-15.54.28-1.jpeg 1600w\" sizes=\"auto, (max-width: 300px) 100vw, 300px\" \/><\/a><\/p>\n<p>Estiveram presentes os prefeitos Dieb Taha, de Colina; Lucas Seren, de Bebedouro; Silvio Vaz Almeida, de Jaborandi; Cal Ribeiro, de Viradouro; Waldyr M\u00f4naco Filho, de Terra Roxa; Lu\u00eds Fiorani, de Vista Alegre do Alto; Lucas Assun\u00e7\u00e3o, de Palmares Paulista; Paulo S\u00e9rgio Cardoso de Oliveira, de Taquaral; Joamir Roberto Barboza, de Ariranha; a Chefe de Gabinete Brenda Carolina Carneiro, representando a Prefeita Gl\u00e1ucia Camacho, de Sever\u00ednia; a Diretora Regional de Desenvolvimento Econ\u00f4mico do Estado, Nat\u00e1lia Rick; Rafael Matos do Carmo e Margareth Kavaguti, representantes do SEBRAE de Barretos e o vereador Juninho Bandeira. Tamb\u00e9m participaram da assembleia o Secret\u00e1rio Executivo Ivan Luiz dos Santos, o Assessor Executivo e Institucional Victor Borges e o respons\u00e1vel pelo Controle Interno, Paulo Panhoza Neto, todos do Codevar.<\/p>\n<p>A reforma e as adequa\u00e7\u00f5es da nova sede do Codevar foram realizadas com recursos do pr\u00f3prio cons\u00f3rcio. O Complexo Administrativo fica na Rua 30, n\u00ba 564, entre as avenidas 33 e 35.<\/p>\n","protected":false},"excerpt":{"rendered":"<p>Cons\u00f3rcio re\u00fane 29 munic\u00edpios e tem como objetivo desenvolver pol\u00edticas<\/p>\n","protected":false},"author":2,"featured_media":100610,"comment_status":"open","ping_status":"open","sticky":false,"template":"","format":"standard","meta":{"footnotes":""},"categories":[14,25],"tags":[],"class_list":["post-100609","post","type-post","status-publish","format-standard","has-post-thumbnail","hentry","category-barretos","category-cidades"],"yoast_head":"<!-- This site is optimized with the Yoast SEO plugin v27.4 - https:\/\/yoast.com\/product\/yoast-seo-wordpress\/ -->\n<title>Sede do Codevar \u00e9 inaugurada no Complexo Administrativo \u201cDr. M\u00e9lek Zaiden Geraige&quot; - Regi\u00e3o News<\/title>\n<meta name=\"robots\" content=\"index, follow, max-snippet:-1, max-image-preview:large, max-video-preview:-1\" \/>\n<link rel=\"canonical\" href=\"https:\/\/regiaonews.net.br\/2022\/2024\/01\/26\/sede-do-codevar-e-inaugurada-no-complexo-administrativo-dr-melek-zaiden-geraige\/\" \/>\n<meta property=\"og:locale\" content=\"pt_BR\" \/>\n<meta property=\"og:type\" content=\"article\" \/>\n<meta property=\"og:title\" content=\"Sede do Codevar \u00e9 inaugurada no Complexo Administrativo \u201cDr. M\u00e9lek Zaiden Geraige&quot; - Regi\u00e3o News\" \/>\n<meta property=\"og:description\" content=\"Cons\u00f3rcio re\u00fane 29 munic\u00edpios e tem como objetivo desenvolver pol\u00edticas\" \/>\n<meta property=\"og:url\" content=\"https:\/\/regiaonews.net.br\/2022\/2024\/01\/26\/sede-do-codevar-e-inaugurada-no-complexo-administrativo-dr-melek-zaiden-geraige\/\" \/>\n<meta property=\"og:site_name\" content=\"Regi\u00e3o News\" \/>\n<meta property=\"article:published_time\" content=\"2024-01-26T21:50:53+00:00\" \/>\n<meta property=\"article:modified_time\" content=\"2024-01-26T21:53:48+00:00\" \/>\n<meta property=\"og:image\" content=\"https:\/\/regiaonews.net.br\/2022\/wp-content\/uploads\/2024\/01\/WhatsApp-Image-2024-01-26-at-15.54.28.jpeg\" \/>\n\t<meta property=\"og:image:width\" content=\"1600\" \/>\n\t<meta property=\"og:image:height\" content=\"1105\" \/>\n\t<meta property=\"og:image:type\" content=\"image\/jpeg\" \/>\n<meta name=\"author\" content=\"Roberto\" \/>\n<meta name=\"twitter:card\" content=\"summary_large_image\" \/>\n<meta name=\"twitter:label1\" content=\"Escrito por\" \/>\n\t<meta name=\"twitter:data1\" content=\"Roberto\" \/>\n\t<meta name=\"twitter:label2\" content=\"Est. tempo de leitura\" \/>\n\t<meta name=\"twitter:data2\" content=\"4 minutos\" \/>\n<script type=\"application\/ld+json\" class=\"yoast-schema-graph\">{\"@context\":\"https:\\\/\\\/schema.org\",\"@graph\":[{\"@type\":\"Article\",\"@id\":\"https:\\\/\\\/regiaonews.net.br\\\/2022\\\/2024\\\/01\\\/26\\\/sede-do-codevar-e-inaugurada-no-complexo-administrativo-dr-melek-zaiden-geraige\\\/#article\",\"isPartOf\":{\"@id\":\"https:\\\/\\\/regiaonews.net.br\\\/2022\\\/2024\\\/01\\\/26\\\/sede-do-codevar-e-inaugurada-no-complexo-administrativo-dr-melek-zaiden-geraige\\\/\"},\"author\":{\"name\":\"Roberto\",\"@id\":\"https:\\\/\\\/regiaonews.net.br\\\/2022\\\/#\\\/schema\\\/person\\\/2d205a608a5aa97ac279d7a5e6d89ad8\"},\"headline\":\"Sede do Codevar \u00e9 inaugurada no Complexo Administrativo \u201cDr. M\u00e9lek Zaiden Geraige&#8221;\",\"datePublished\":\"2024-01-26T21:50:53+00:00\",\"dateModified\":\"2024-01-26T21:53:48+00:00\",\"mainEntityOfPage\":{\"@id\":\"https:\\\/\\\/regiaonews.net.br\\\/2022\\\/2024\\\/01\\\/26\\\/sede-do-codevar-e-inaugurada-no-complexo-administrativo-dr-melek-zaiden-geraige\\\/\"},\"wordCount\":575,\"commentCount\":0,\"publisher\":{\"@id\":\"https:\\\/\\\/regiaonews.net.br\\\/2022\\\/#organization\"},\"image\":{\"@id\":\"https:\\\/\\\/regiaonews.net.br\\\/2022\\\/2024\\\/01\\\/26\\\/sede-do-codevar-e-inaugurada-no-complexo-administrativo-dr-melek-zaiden-geraige\\\/#primaryimage\"},\"thumbnailUrl\":\"https:\\\/\\\/regiaonews.net.br\\\/2022\\\/wp-content\\\/uploads\\\/2024\\\/01\\\/WhatsApp-Image-2024-01-26-at-15.54.28.jpeg\",\"articleSection\":[\"Barretos\",\"Cidades\"],\"inLanguage\":\"pt-BR\",\"potentialAction\":[{\"@type\":\"CommentAction\",\"name\":\"Comment\",\"target\":[\"https:\\\/\\\/regiaonews.net.br\\\/2022\\\/2024\\\/01\\\/26\\\/sede-do-codevar-e-inaugurada-no-complexo-administrativo-dr-melek-zaiden-geraige\\\/#respond\"]}]},{\"@type\":\"WebPage\",\"@id\":\"https:\\\/\\\/regiaonews.net.br\\\/2022\\\/2024\\\/01\\\/26\\\/sede-do-codevar-e-inaugurada-no-complexo-administrativo-dr-melek-zaiden-geraige\\\/\",\"url\":\"https:\\\/\\\/regiaonews.net.br\\\/2022\\\/2024\\\/01\\\/26\\\/sede-do-codevar-e-inaugurada-no-complexo-administrativo-dr-melek-zaiden-geraige\\\/\",\"name\":\"Sede do Codevar \u00e9 inaugurada no Complexo Administrativo \u201cDr. M\u00e9lek Zaiden Geraige\\\" - Regi\u00e3o News\",\"isPartOf\":{\"@id\":\"https:\\\/\\\/regiaonews.net.br\\\/2022\\\/#website\"},\"primaryImageOfPage\":{\"@id\":\"https:\\\/\\\/regiaonews.net.br\\\/2022\\\/2024\\\/01\\\/26\\\/sede-do-codevar-e-inaugurada-no-complexo-administrativo-dr-melek-zaiden-geraige\\\/#primaryimage\"},\"image\":{\"@id\":\"https:\\\/\\\/regiaonews.net.br\\\/2022\\\/2024\\\/01\\\/26\\\/sede-do-codevar-e-inaugurada-no-complexo-administrativo-dr-melek-zaiden-geraige\\\/#primaryimage\"},\"thumbnailUrl\":\"https:\\\/\\\/regiaonews.net.br\\\/2022\\\/wp-content\\\/uploads\\\/2024\\\/01\\\/WhatsApp-Image-2024-01-26-at-15.54.28.jpeg\",\"datePublished\":\"2024-01-26T21:50:53+00:00\",\"dateModified\":\"2024-01-26T21:53:48+00:00\",\"breadcrumb\":{\"@id\":\"https:\\\/\\\/regiaonews.net.br\\\/2022\\\/2024\\\/01\\\/26\\\/sede-do-codevar-e-inaugurada-no-complexo-administrativo-dr-melek-zaiden-geraige\\\/#breadcrumb\"},\"inLanguage\":\"pt-BR\",\"potentialAction\":[{\"@type\":\"ReadAction\",\"target\":[\"https:\\\/\\\/regiaonews.net.br\\\/2022\\\/2024\\\/01\\\/26\\\/sede-do-codevar-e-inaugurada-no-complexo-administrativo-dr-melek-zaiden-geraige\\\/\"]}]},{\"@type\":\"ImageObject\",\"inLanguage\":\"pt-BR\",\"@id\":\"https:\\\/\\\/regiaonews.net.br\\\/2022\\\/2024\\\/01\\\/26\\\/sede-do-codevar-e-inaugurada-no-complexo-administrativo-dr-melek-zaiden-geraige\\\/#primaryimage\",\"url\":\"https:\\\/\\\/regiaonews.net.br\\\/2022\\\/wp-content\\\/uploads\\\/2024\\\/01\\\/WhatsApp-Image-2024-01-26-at-15.54.28.jpeg\",\"contentUrl\":\"https:\\\/\\\/regiaonews.net.br\\\/2022\\\/wp-content\\\/uploads\\\/2024\\\/01\\\/WhatsApp-Image-2024-01-26-at-15.54.28.jpeg\",\"width\":1600,\"height\":1105},{\"@type\":\"BreadcrumbList\",\"@id\":\"https:\\\/\\\/regiaonews.net.br\\\/2022\\\/2024\\\/01\\\/26\\\/sede-do-codevar-e-inaugurada-no-complexo-administrativo-dr-melek-zaiden-geraige\\\/#breadcrumb\",\"itemListElement\":[{\"@type\":\"ListItem\",\"position\":1,\"name\":\"In\u00edcio\",\"item\":\"https:\\\/\\\/regiaonews.net.br\\\/2022\\\/\"},{\"@type\":\"ListItem\",\"position\":2,\"name\":\"Sede do Codevar \u00e9 inaugurada no Complexo Administrativo \u201cDr. M\u00e9lek Zaiden Geraige&#8221;\"}]},{\"@type\":\"WebSite\",\"@id\":\"https:\\\/\\\/regiaonews.net.br\\\/2022\\\/#website\",\"url\":\"https:\\\/\\\/regiaonews.net.br\\\/2022\\\/\",\"name\":\"Regi\u00e3o News\",\"description\":\"Site de Not\u00edcias de Barretos e regi\u00e3o\",\"publisher\":{\"@id\":\"https:\\\/\\\/regiaonews.net.br\\\/2022\\\/#organization\"},\"potentialAction\":[{\"@type\":\"SearchAction\",\"target\":{\"@type\":\"EntryPoint\",\"urlTemplate\":\"https:\\\/\\\/regiaonews.net.br\\\/2022\\\/?s={search_term_string}\"},\"query-input\":{\"@type\":\"PropertyValueSpecification\",\"valueRequired\":true,\"valueName\":\"search_term_string\"}}],\"inLanguage\":\"pt-BR\"},{\"@type\":\"Organization\",\"@id\":\"https:\\\/\\\/regiaonews.net.br\\\/2022\\\/#organization\",\"name\":\"Regi\u00e3o News\",\"url\":\"https:\\\/\\\/regiaonews.net.br\\\/2022\\\/\",\"logo\":{\"@type\":\"ImageObject\",\"inLanguage\":\"pt-BR\",\"@id\":\"https:\\\/\\\/regiaonews.net.br\\\/2022\\\/#\\\/schema\\\/logo\\\/image\\\/\",\"url\":\"https:\\\/\\\/regiaonews.net.br\\\/2022\\\/wp-content\\\/uploads\\\/2026\\\/03\\\/regiao-13-anos-scaled.jpg\",\"contentUrl\":\"https:\\\/\\\/regiaonews.net.br\\\/2022\\\/wp-content\\\/uploads\\\/2026\\\/03\\\/regiao-13-anos-scaled.jpg\",\"width\":2560,\"height\":635,\"caption\":\"Regi\u00e3o News\"},\"image\":{\"@id\":\"https:\\\/\\\/regiaonews.net.br\\\/2022\\\/#\\\/schema\\\/logo\\\/image\\\/\"}},{\"@type\":\"Person\",\"@id\":\"https:\\\/\\\/regiaonews.net.br\\\/2022\\\/#\\\/schema\\\/person\\\/2d205a608a5aa97ac279d7a5e6d89ad8\",\"name\":\"Roberto\",\"image\":{\"@type\":\"ImageObject\",\"inLanguage\":\"pt-BR\",\"@id\":\"https:\\\/\\\/secure.gravatar.com\\\/avatar\\\/42749d8b712ff9d59ca93dc150494e5b55a44134482993f5baeb97e61b7ecc89?s=96&d=mm&r=g\",\"url\":\"https:\\\/\\\/secure.gravatar.com\\\/avatar\\\/42749d8b712ff9d59ca93dc150494e5b55a44134482993f5baeb97e61b7ecc89?s=96&d=mm&r=g\",\"contentUrl\":\"https:\\\/\\\/secure.gravatar.com\\\/avatar\\\/42749d8b712ff9d59ca93dc150494e5b55a44134482993f5baeb97e61b7ecc89?s=96&d=mm&r=g\",\"caption\":\"Roberto\"},\"url\":\"https:\\\/\\\/regiaonews.net.br\\\/2022\\\/author\\\/roberto\\\/\"}]}<\/script>\n<!-- \/ Yoast SEO plugin. -->","yoast_head_json":{"title":"Sede do Codevar \u00e9 inaugurada no Complexo Administrativo \u201cDr. M\u00e9lek Zaiden Geraige\" - Regi\u00e3o News","robots":{"index":"index","follow":"follow","max-snippet":"max-snippet:-1","max-image-preview":"max-image-preview:large","max-video-preview":"max-video-preview:-1"},"canonical":"https:\/\/regiaonews.net.br\/2022\/2024\/01\/26\/sede-do-codevar-e-inaugurada-no-complexo-administrativo-dr-melek-zaiden-geraige\/","og_locale":"pt_BR","og_type":"article","og_title":"Sede do Codevar \u00e9 inaugurada no Complexo Administrativo \u201cDr. M\u00e9lek Zaiden Geraige\" - Regi\u00e3o News","og_description":"Cons\u00f3rcio re\u00fane 29 munic\u00edpios e tem como objetivo desenvolver pol\u00edticas","og_url":"https:\/\/regiaonews.net.br\/2022\/2024\/01\/26\/sede-do-codevar-e-inaugurada-no-complexo-administrativo-dr-melek-zaiden-geraige\/","og_site_name":"Regi\u00e3o News","article_published_time":"2024-01-26T21:50:53+00:00","article_modified_time":"2024-01-26T21:53:48+00:00","og_image":[{"width":1600,"height":1105,"url":"https:\/\/regiaonews.net.br\/2022\/wp-content\/uploads\/2024\/01\/WhatsApp-Image-2024-01-26-at-15.54.28.jpeg","type":"image\/jpeg"}],"author":"Roberto","twitter_card":"summary_large_image","twitter_misc":{"Escrito por":"Roberto","Est. tempo de leitura":"4 minutos"},"schema":{"@context":"https:\/\/schema.org","@graph":[{"@type":"Article","@id":"https:\/\/regiaonews.net.br\/2022\/2024\/01\/26\/sede-do-codevar-e-inaugurada-no-complexo-administrativo-dr-melek-zaiden-geraige\/#article","isPartOf":{"@id":"https:\/\/regiaonews.net.br\/2022\/2024\/01\/26\/sede-do-codevar-e-inaugurada-no-complexo-administrativo-dr-melek-zaiden-geraige\/"},"author":{"name":"Roberto","@id":"https:\/\/regiaonews.net.br\/2022\/#\/schema\/person\/2d205a608a5aa97ac279d7a5e6d89ad8"},"headline":"Sede do Codevar \u00e9 inaugurada no Complexo Administrativo \u201cDr. M\u00e9lek Zaiden Geraige&#8221;","datePublished":"2024-01-26T21:50:53+00:00","dateModified":"2024-01-26T21:53:48+00:00","mainEntityOfPage":{"@id":"https:\/\/regiaonews.net.br\/2022\/2024\/01\/26\/sede-do-codevar-e-inaugurada-no-complexo-administrativo-dr-melek-zaiden-geraige\/"},"wordCount":575,"commentCount":0,"publisher":{"@id":"https:\/\/regiaonews.net.br\/2022\/#organization"},"image":{"@id":"https:\/\/regiaonews.net.br\/2022\/2024\/01\/26\/sede-do-codevar-e-inaugurada-no-complexo-administrativo-dr-melek-zaiden-geraige\/#primaryimage"},"thumbnailUrl":"https:\/\/regiaonews.net.br\/2022\/wp-content\/uploads\/2024\/01\/WhatsApp-Image-2024-01-26-at-15.54.28.jpeg","articleSection":["Barretos","Cidades"],"inLanguage":"pt-BR","potentialAction":[{"@type":"CommentAction","name":"Comment","target":["https:\/\/regiaonews.net.br\/2022\/2024\/01\/26\/sede-do-codevar-e-inaugurada-no-complexo-administrativo-dr-melek-zaiden-geraige\/#respond"]}]},{"@type":"WebPage","@id":"https:\/\/regiaonews.net.br\/2022\/2024\/01\/26\/sede-do-codevar-e-inaugurada-no-complexo-administrativo-dr-melek-zaiden-geraige\/","url":"https:\/\/regiaonews.net.br\/2022\/2024\/01\/26\/sede-do-codevar-e-inaugurada-no-complexo-administrativo-dr-melek-zaiden-geraige\/","name":"Sede do Codevar \u00e9 inaugurada no Complexo Administrativo \u201cDr. M\u00e9lek Zaiden Geraige\" - Regi\u00e3o News","isPartOf":{"@id":"https:\/\/regiaonews.net.br\/2022\/#website"},"primaryImageOfPage":{"@id":"https:\/\/regiaonews.net.br\/2022\/2024\/01\/26\/sede-do-codevar-e-inaugurada-no-complexo-administrativo-dr-melek-zaiden-geraige\/#primaryimage"},"image":{"@id":"https:\/\/regiaonews.net.br\/2022\/2024\/01\/26\/sede-do-codevar-e-inaugurada-no-complexo-administrativo-dr-melek-zaiden-geraige\/#primaryimage"},"thumbnailUrl":"https:\/\/regiaonews.net.br\/2022\/wp-content\/uploads\/2024\/01\/WhatsApp-Image-2024-01-26-at-15.54.28.jpeg","datePublished":"2024-01-26T21:50:53+00:00","dateModified":"2024-01-26T21:53:48+00:00","breadcrumb":{"@id":"https:\/\/regiaonews.net.br\/2022\/2024\/01\/26\/sede-do-codevar-e-inaugurada-no-complexo-administrativo-dr-melek-zaiden-geraige\/#breadcrumb"},"inLanguage":"pt-BR","potentialAction":[{"@type":"ReadAction","target":["https:\/\/regiaonews.net.br\/2022\/2024\/01\/26\/sede-do-codevar-e-inaugurada-no-complexo-administrativo-dr-melek-zaiden-geraige\/"]}]},{"@type":"ImageObject","inLanguage":"pt-BR","@id":"https:\/\/regiaonews.net.br\/2022\/2024\/01\/26\/sede-do-codevar-e-inaugurada-no-complexo-administrativo-dr-melek-zaiden-geraige\/#primaryimage","url":"https:\/\/regiaonews.net.br\/2022\/wp-content\/uploads\/2024\/01\/WhatsApp-Image-2024-01-26-at-15.54.28.jpeg","contentUrl":"https:\/\/regiaonews.net.br\/2022\/wp-content\/uploads\/2024\/01\/WhatsApp-Image-2024-01-26-at-15.54.28.jpeg","width":1600,"height":1105},{"@type":"BreadcrumbList","@id":"https:\/\/regiaonews.net.br\/2022\/2024\/01\/26\/sede-do-codevar-e-inaugurada-no-complexo-administrativo-dr-melek-zaiden-geraige\/#breadcrumb","itemListElement":[{"@type":"ListItem","position":1,"name":"In\u00edcio","item":"https:\/\/regiaonews.net.br\/2022\/"},{"@type":"ListItem","position":2,"name":"Sede do Codevar \u00e9 inaugurada no Complexo Administrativo \u201cDr. M\u00e9lek Zaiden Geraige&#8221;"}]},{"@type":"WebSite","@id":"https:\/\/regiaonews.net.br\/2022\/#website","url":"https:\/\/regiaonews.net.br\/2022\/","name":"Regi\u00e3o News","description":"Site de Not\u00edcias de Barretos e regi\u00e3o","publisher":{"@id":"https:\/\/regiaonews.net.br\/2022\/#organization"},"potentialAction":[{"@type":"SearchAction","target":{"@type":"EntryPoint","urlTemplate":"https:\/\/regiaonews.net.br\/2022\/?s={search_term_string}"},"query-input":{"@type":"PropertyValueSpecification","valueRequired":true,"valueName":"search_term_string"}}],"inLanguage":"pt-BR"},{"@type":"Organization","@id":"https:\/\/regiaonews.net.br\/2022\/#organization","name":"Regi\u00e3o News","url":"https:\/\/regiaonews.net.br\/2022\/","logo":{"@type":"ImageObject","inLanguage":"pt-BR","@id":"https:\/\/regiaonews.net.br\/2022\/#\/schema\/logo\/image\/","url":"https:\/\/regiaonews.net.br\/2022\/wp-content\/uploads\/2026\/03\/regiao-13-anos-scaled.jpg","contentUrl":"https:\/\/regiaonews.net.br\/2022\/wp-content\/uploads\/2026\/03\/regiao-13-anos-scaled.jpg","width":2560,"height":635,"caption":"Regi\u00e3o News"},"image":{"@id":"https:\/\/regiaonews.net.br\/2022\/#\/schema\/logo\/image\/"}},{"@type":"Person","@id":"https:\/\/regiaonews.net.br\/2022\/#\/schema\/person\/2d205a608a5aa97ac279d7a5e6d89ad8","name":"Roberto","image":{"@type":"ImageObject","inLanguage":"pt-BR","@id":"https:\/\/secure.gravatar.com\/avatar\/42749d8b712ff9d59ca93dc150494e5b55a44134482993f5baeb97e61b7ecc89?s=96&d=mm&r=g","url":"https:\/\/secure.gravatar.com\/avatar\/42749d8b712ff9d59ca93dc150494e5b55a44134482993f5baeb97e61b7ecc89?s=96&d=mm&r=g","contentUrl":"https:\/\/secure.gravatar.com\/avatar\/42749d8b712ff9d59ca93dc150494e5b55a44134482993f5baeb97e61b7ecc89?s=96&d=mm&r=g","caption":"Roberto"},"url":"https:\/\/regiaonews.net.br\/2022\/author\/roberto\/"}]}},"publishpress_future_action":{"enabled":false,"date":"2026-05-04 02:03:12","action":"change-status","newStatus":"draft","terms":[],"taxonomy":"category","extraData":[]},"publishpress_future_workflow_manual_trigger":{"enabledWorkflows":[]},"_links":{"self":[{"href":"https:\/\/regiaonews.net.br\/2022\/wp-json\/wp\/v2\/posts\/100609","targetHints":{"allow":["GET"]}}],"collection":[{"href":"https:\/\/regiaonews.net.br\/2022\/wp-json\/wp\/v2\/posts"}],"about":[{"href":"https:\/\/regiaonews.net.br\/2022\/wp-json\/wp\/v2\/types\/post"}],"author":[{"embeddable":true,"href":"https:\/\/regiaonews.net.br\/2022\/wp-json\/wp\/v2\/users\/2"}],"replies":[{"embeddable":true,"href":"https:\/\/regiaonews.net.br\/2022\/wp-json\/wp\/v2\/comments?post=100609"}],"version-history":[{"count":4,"href":"https:\/\/regiaonews.net.br\/2022\/wp-json\/wp\/v2\/posts\/100609\/revisions"}],"predecessor-version":[{"id":100616,"href":"https:\/\/regiaonews.net.br\/2022\/wp-json\/wp\/v2\/posts\/100609\/revisions\/100616"}],"wp:featuredmedia":[{"embeddable":true,"href":"https:\/\/regiaonews.net.br\/2022\/wp-json\/wp\/v2\/media\/100610"}],"wp:attachment":[{"href":"https:\/\/regiaonews.net.br\/2022\/wp-json\/wp\/v2\/media?parent=100609"}],"wp:term":[{"taxonomy":"category","embeddable":true,"href":"https:\/\/regiaonews.net.br\/2022\/wp-json\/wp\/v2\/categories?post=100609"},{"taxonomy":"post_tag","embeddable":true,"href":"https:\/\/regiaonews.net.br\/2022\/wp-json\/wp\/v2\/tags?post=100609"}],"curies":[{"name":"wp","href":"https:\/\/api.w.org\/{rel}","templated":true}]}}