{"id":100605,"date":"2024-01-26T18:46:53","date_gmt":"2024-01-26T21:46:53","guid":{"rendered":"https:\/\/regiaonews.net.br\/2022\/?p=100605"},"modified":"2024-01-26T18:47:48","modified_gmt":"2024-01-26T21:47:48","slug":"prefeitura-de-barretos-abre-novas-vagas-de-estagio-para-estudantes-de-nivel-superior","status":"publish","type":"post","link":"https:\/\/regiaonews.net.br\/2022\/2024\/01\/26\/prefeitura-de-barretos-abre-novas-vagas-de-estagio-para-estudantes-de-nivel-superior\/","title":{"rendered":"Prefeitura de Barretos abre novas vagas de est\u00e1gio para estudantes de n\u00edvel superior"},"content":{"rendered":"<p>Oportunidades s\u00e3o para os cursos de Direito, Administra\u00e7\u00e3o, Sistemas de Informa\u00e7\u00e3o e Ci\u00eancias Cont\u00e1beis<\/p>\n<p>A Prefeitura da Est\u00e2ncia Tur\u00edstica de Barretos est\u00e1 com vagas de est\u00e1gio abertas para estudantes de n\u00edvel superior em diversas \u00e1reas de atua\u00e7\u00e3o. As oportunidades s\u00e3o para os cursos de Direito, Administra\u00e7\u00e3o, Sistemas de Informa\u00e7\u00e3o e Ci\u00eancias Cont\u00e1beis, presenciais ou \u00e0 dist\u00e2ncia (EAD).<\/p>\n<p>Para se candidatarem, os estudantes regularmente matriculados em institui\u00e7\u00f5es de ensino superior devem encaminhar curr\u00edculo via e-mail, informando no campo \u201cassunto\u201d, a fun\u00e7\u00e3o desejada. S\u00e3o pr\u00e9-requisitos para estas vagas, ter 18 anos ou mais, conhecimento intermedi\u00e1rio no Pacote Office e facilidade no atendimento ao p\u00fablico e demais fun\u00e7\u00f5es administrativas.<\/p>\n<p>A remunera\u00e7\u00e3o \u00e9 de R$800,00 de bolsa-aux\u00edlio, mais R$200,00 de vale transporte, totalizando R$1.000,00 mensais<\/p>\n<p>Inser\u00e7\u00e3o no mercado de trabalho<\/p>\n<p>Por meio de uma parceria com o Centro de Integra\u00e7\u00e3o Empresa-Escola (CIEE), a atual gest\u00e3o busca ofertar o maior n\u00famero de vagas com o objetivo de promover a inser\u00e7\u00e3o no mercado de trabalho e dar novas oportunidades para aqueles que buscam um novo caminho na vida profissional. At\u00e9 o momento, o programa j\u00e1 beneficiou cerca de 600 estudantes. S\u00e3o oferecidas vagas nas \u00e1reas de pedagogia, sistemas de informa\u00e7\u00e3o, tecnologia da informa\u00e7\u00e3o, administra\u00e7\u00e3o, ci\u00eancias cont\u00e1beis, turismo, m\u00fasica, odontologia, medicina veterin\u00e1ria, agronomia, engenharia civil, el\u00e9trica e ambiental, psicologia, design, assist\u00eancia social, economia, direito, biologia, qu\u00edmica, al\u00e9m das oportunidades para o ensino m\u00e9dio. Para participar do programa, o candidato deve ter idade m\u00ednima de 16 anos e estar estudando durante a vig\u00eancia do est\u00e1gio. Atualmente, estagi\u00e1rios de at\u00e9 50 anos participam da iniciativa.<\/p>\n<p>Vagas de Est\u00e1gio<\/p>\n<p>Sistemas de Informa\u00e7\u00e3o (1 vaga &#8211; Atendimento ao P\u00fablico nas Recep\u00e7\u00f5es)<br \/>\n1 vaga &#8211; Per\u00edodo da Tarde \u2013 Sexo Masculino<br \/>\nEnviar curr\u00edculo para: prefeitura.estagio.btos@gmail.com<br \/>\nAssunto: Vaga de est\u00e1gio &#8211; Sistema de Inf.<\/p>\n<p>Administra\u00e7\u00e3o<br \/>\nDisponibilidade: Manh\u00e3 \/ Tarde<br \/>\nEnviar curr\u00edculo para: prefeitura.estagio.btos@gmail.com<br \/>\nAssunto: Vaga de est\u00e1gio \u2013 Administra\u00e7\u00e3o<\/p>\n<p>Ci\u00eancias Cont\u00e1beis<br \/>\nDisponibilidade: Manh\u00e3 \/ Tarde<br \/>\nEnviar curr\u00edculo para: prefeitura.estagio.btos@gmail.com<br \/>\nAssunto: Vaga de est\u00e1gio \u2013 Ci\u00eancias Cont\u00e1beis<\/p>\n<p>Direito<br \/>\nDisponibilidade: Manh\u00e3 \/ Tarde<br \/>\nEnviar curr\u00edculo para: prefeitura.estagio.btos@gmail.com<br \/>\nAssunto: Vaga de est\u00e1gio \u2013 Direito<\/p>\n","protected":false},"excerpt":{"rendered":"<p>Oportunidades s\u00e3o para os cursos de Direito, Administra\u00e7\u00e3o, Sistemas de<\/p>\n","protected":false},"author":2,"featured_media":100606,"comment_status":"open","ping_status":"open","sticky":false,"template":"","format":"standard","meta":{"footnotes":""},"categories":[14,25],"tags":[],"class_list":["post-100605","post","type-post","status-publish","format-standard","has-post-thumbnail","hentry","category-barretos","category-cidades"],"yoast_head":"<!-- This site is optimized with the Yoast SEO plugin v27.4 - https:\/\/yoast.com\/product\/yoast-seo-wordpress\/ -->\n<title>Prefeitura de Barretos abre novas vagas de est\u00e1gio para estudantes de n\u00edvel superior - Regi\u00e3o News<\/title>\n<meta name=\"robots\" content=\"index, follow, max-snippet:-1, max-image-preview:large, max-video-preview:-1\" \/>\n<link rel=\"canonical\" href=\"https:\/\/regiaonews.net.br\/2022\/2024\/01\/26\/prefeitura-de-barretos-abre-novas-vagas-de-estagio-para-estudantes-de-nivel-superior\/\" \/>\n<meta property=\"og:locale\" content=\"pt_BR\" \/>\n<meta property=\"og:type\" content=\"article\" \/>\n<meta property=\"og:title\" content=\"Prefeitura de Barretos abre novas vagas de est\u00e1gio para estudantes de n\u00edvel superior - Regi\u00e3o News\" \/>\n<meta property=\"og:description\" content=\"Oportunidades s\u00e3o para os cursos de Direito, Administra\u00e7\u00e3o, Sistemas de\" \/>\n<meta property=\"og:url\" content=\"https:\/\/regiaonews.net.br\/2022\/2024\/01\/26\/prefeitura-de-barretos-abre-novas-vagas-de-estagio-para-estudantes-de-nivel-superior\/\" \/>\n<meta property=\"og:site_name\" content=\"Regi\u00e3o News\" \/>\n<meta property=\"article:published_time\" content=\"2024-01-26T21:46:53+00:00\" \/>\n<meta property=\"article:modified_time\" content=\"2024-01-26T21:47:48+00:00\" \/>\n<meta property=\"og:image\" content=\"https:\/\/regiaonews.net.br\/2022\/wp-content\/uploads\/2024\/01\/WhatsApp-Image-2024-01-26-at-15.54.27.jpeg\" \/>\n\t<meta property=\"og:image:width\" content=\"1080\" \/>\n\t<meta property=\"og:image:height\" content=\"1350\" \/>\n\t<meta property=\"og:image:type\" content=\"image\/jpeg\" \/>\n<meta name=\"author\" content=\"Roberto\" \/>\n<meta name=\"twitter:card\" content=\"summary_large_image\" \/>\n<meta name=\"twitter:label1\" content=\"Escrito por\" \/>\n\t<meta name=\"twitter:data1\" content=\"Roberto\" \/>\n\t<meta name=\"twitter:label2\" content=\"Est. tempo de leitura\" \/>\n\t<meta name=\"twitter:data2\" content=\"3 minutos\" \/>\n<script type=\"application\/ld+json\" class=\"yoast-schema-graph\">{\"@context\":\"https:\\\/\\\/schema.org\",\"@graph\":[{\"@type\":\"Article\",\"@id\":\"https:\\\/\\\/regiaonews.net.br\\\/2022\\\/2024\\\/01\\\/26\\\/prefeitura-de-barretos-abre-novas-vagas-de-estagio-para-estudantes-de-nivel-superior\\\/#article\",\"isPartOf\":{\"@id\":\"https:\\\/\\\/regiaonews.net.br\\\/2022\\\/2024\\\/01\\\/26\\\/prefeitura-de-barretos-abre-novas-vagas-de-estagio-para-estudantes-de-nivel-superior\\\/\"},\"author\":{\"name\":\"Roberto\",\"@id\":\"https:\\\/\\\/regiaonews.net.br\\\/2022\\\/#\\\/schema\\\/person\\\/2d205a608a5aa97ac279d7a5e6d89ad8\"},\"headline\":\"Prefeitura de Barretos abre novas vagas de est\u00e1gio para estudantes de n\u00edvel superior\",\"datePublished\":\"2024-01-26T21:46:53+00:00\",\"dateModified\":\"2024-01-26T21:47:48+00:00\",\"mainEntityOfPage\":{\"@id\":\"https:\\\/\\\/regiaonews.net.br\\\/2022\\\/2024\\\/01\\\/26\\\/prefeitura-de-barretos-abre-novas-vagas-de-estagio-para-estudantes-de-nivel-superior\\\/\"},\"wordCount\":421,\"commentCount\":0,\"publisher\":{\"@id\":\"https:\\\/\\\/regiaonews.net.br\\\/2022\\\/#organization\"},\"image\":{\"@id\":\"https:\\\/\\\/regiaonews.net.br\\\/2022\\\/2024\\\/01\\\/26\\\/prefeitura-de-barretos-abre-novas-vagas-de-estagio-para-estudantes-de-nivel-superior\\\/#primaryimage\"},\"thumbnailUrl\":\"https:\\\/\\\/regiaonews.net.br\\\/2022\\\/wp-content\\\/uploads\\\/2024\\\/01\\\/WhatsApp-Image-2024-01-26-at-15.54.27.jpeg\",\"articleSection\":[\"Barretos\",\"Cidades\"],\"inLanguage\":\"pt-BR\",\"potentialAction\":[{\"@type\":\"CommentAction\",\"name\":\"Comment\",\"target\":[\"https:\\\/\\\/regiaonews.net.br\\\/2022\\\/2024\\\/01\\\/26\\\/prefeitura-de-barretos-abre-novas-vagas-de-estagio-para-estudantes-de-nivel-superior\\\/#respond\"]}]},{\"@type\":\"WebPage\",\"@id\":\"https:\\\/\\\/regiaonews.net.br\\\/2022\\\/2024\\\/01\\\/26\\\/prefeitura-de-barretos-abre-novas-vagas-de-estagio-para-estudantes-de-nivel-superior\\\/\",\"url\":\"https:\\\/\\\/regiaonews.net.br\\\/2022\\\/2024\\\/01\\\/26\\\/prefeitura-de-barretos-abre-novas-vagas-de-estagio-para-estudantes-de-nivel-superior\\\/\",\"name\":\"Prefeitura de Barretos abre novas vagas de est\u00e1gio para estudantes de n\u00edvel superior - Regi\u00e3o News\",\"isPartOf\":{\"@id\":\"https:\\\/\\\/regiaonews.net.br\\\/2022\\\/#website\"},\"primaryImageOfPage\":{\"@id\":\"https:\\\/\\\/regiaonews.net.br\\\/2022\\\/2024\\\/01\\\/26\\\/prefeitura-de-barretos-abre-novas-vagas-de-estagio-para-estudantes-de-nivel-superior\\\/#primaryimage\"},\"image\":{\"@id\":\"https:\\\/\\\/regiaonews.net.br\\\/2022\\\/2024\\\/01\\\/26\\\/prefeitura-de-barretos-abre-novas-vagas-de-estagio-para-estudantes-de-nivel-superior\\\/#primaryimage\"},\"thumbnailUrl\":\"https:\\\/\\\/regiaonews.net.br\\\/2022\\\/wp-content\\\/uploads\\\/2024\\\/01\\\/WhatsApp-Image-2024-01-26-at-15.54.27.jpeg\",\"datePublished\":\"2024-01-26T21:46:53+00:00\",\"dateModified\":\"2024-01-26T21:47:48+00:00\",\"breadcrumb\":{\"@id\":\"https:\\\/\\\/regiaonews.net.br\\\/2022\\\/2024\\\/01\\\/26\\\/prefeitura-de-barretos-abre-novas-vagas-de-estagio-para-estudantes-de-nivel-superior\\\/#breadcrumb\"},\"inLanguage\":\"pt-BR\",\"potentialAction\":[{\"@type\":\"ReadAction\",\"target\":[\"https:\\\/\\\/regiaonews.net.br\\\/2022\\\/2024\\\/01\\\/26\\\/prefeitura-de-barretos-abre-novas-vagas-de-estagio-para-estudantes-de-nivel-superior\\\/\"]}]},{\"@type\":\"ImageObject\",\"inLanguage\":\"pt-BR\",\"@id\":\"https:\\\/\\\/regiaonews.net.br\\\/2022\\\/2024\\\/01\\\/26\\\/prefeitura-de-barretos-abre-novas-vagas-de-estagio-para-estudantes-de-nivel-superior\\\/#primaryimage\",\"url\":\"https:\\\/\\\/regiaonews.net.br\\\/2022\\\/wp-content\\\/uploads\\\/2024\\\/01\\\/WhatsApp-Image-2024-01-26-at-15.54.27.jpeg\",\"contentUrl\":\"https:\\\/\\\/regiaonews.net.br\\\/2022\\\/wp-content\\\/uploads\\\/2024\\\/01\\\/WhatsApp-Image-2024-01-26-at-15.54.27.jpeg\",\"width\":1080,\"height\":1350},{\"@type\":\"BreadcrumbList\",\"@id\":\"https:\\\/\\\/regiaonews.net.br\\\/2022\\\/2024\\\/01\\\/26\\\/prefeitura-de-barretos-abre-novas-vagas-de-estagio-para-estudantes-de-nivel-superior\\\/#breadcrumb\",\"itemListElement\":[{\"@type\":\"ListItem\",\"position\":1,\"name\":\"In\u00edcio\",\"item\":\"https:\\\/\\\/regiaonews.net.br\\\/2022\\\/\"},{\"@type\":\"ListItem\",\"position\":2,\"name\":\"Prefeitura de Barretos abre novas vagas de est\u00e1gio para estudantes de n\u00edvel superior\"}]},{\"@type\":\"WebSite\",\"@id\":\"https:\\\/\\\/regiaonews.net.br\\\/2022\\\/#website\",\"url\":\"https:\\\/\\\/regiaonews.net.br\\\/2022\\\/\",\"name\":\"Regi\u00e3o News\",\"description\":\"Site de Not\u00edcias de Barretos e regi\u00e3o\",\"publisher\":{\"@id\":\"https:\\\/\\\/regiaonews.net.br\\\/2022\\\/#organization\"},\"potentialAction\":[{\"@type\":\"SearchAction\",\"target\":{\"@type\":\"EntryPoint\",\"urlTemplate\":\"https:\\\/\\\/regiaonews.net.br\\\/2022\\\/?s={search_term_string}\"},\"query-input\":{\"@type\":\"PropertyValueSpecification\",\"valueRequired\":true,\"valueName\":\"search_term_string\"}}],\"inLanguage\":\"pt-BR\"},{\"@type\":\"Organization\",\"@id\":\"https:\\\/\\\/regiaonews.net.br\\\/2022\\\/#organization\",\"name\":\"Regi\u00e3o News\",\"url\":\"https:\\\/\\\/regiaonews.net.br\\\/2022\\\/\",\"logo\":{\"@type\":\"ImageObject\",\"inLanguage\":\"pt-BR\",\"@id\":\"https:\\\/\\\/regiaonews.net.br\\\/2022\\\/#\\\/schema\\\/logo\\\/image\\\/\",\"url\":\"https:\\\/\\\/regiaonews.net.br\\\/2022\\\/wp-content\\\/uploads\\\/2026\\\/03\\\/regiao-13-anos-scaled.jpg\",\"contentUrl\":\"https:\\\/\\\/regiaonews.net.br\\\/2022\\\/wp-content\\\/uploads\\\/2026\\\/03\\\/regiao-13-anos-scaled.jpg\",\"width\":2560,\"height\":635,\"caption\":\"Regi\u00e3o News\"},\"image\":{\"@id\":\"https:\\\/\\\/regiaonews.net.br\\\/2022\\\/#\\\/schema\\\/logo\\\/image\\\/\"}},{\"@type\":\"Person\",\"@id\":\"https:\\\/\\\/regiaonews.net.br\\\/2022\\\/#\\\/schema\\\/person\\\/2d205a608a5aa97ac279d7a5e6d89ad8\",\"name\":\"Roberto\",\"image\":{\"@type\":\"ImageObject\",\"inLanguage\":\"pt-BR\",\"@id\":\"https:\\\/\\\/secure.gravatar.com\\\/avatar\\\/42749d8b712ff9d59ca93dc150494e5b55a44134482993f5baeb97e61b7ecc89?s=96&d=mm&r=g\",\"url\":\"https:\\\/\\\/secure.gravatar.com\\\/avatar\\\/42749d8b712ff9d59ca93dc150494e5b55a44134482993f5baeb97e61b7ecc89?s=96&d=mm&r=g\",\"contentUrl\":\"https:\\\/\\\/secure.gravatar.com\\\/avatar\\\/42749d8b712ff9d59ca93dc150494e5b55a44134482993f5baeb97e61b7ecc89?s=96&d=mm&r=g\",\"caption\":\"Roberto\"},\"url\":\"https:\\\/\\\/regiaonews.net.br\\\/2022\\\/author\\\/roberto\\\/\"}]}<\/script>\n<!-- \/ Yoast SEO plugin. -->","yoast_head_json":{"title":"Prefeitura de Barretos abre novas vagas de est\u00e1gio para estudantes de n\u00edvel superior - Regi\u00e3o News","robots":{"index":"index","follow":"follow","max-snippet":"max-snippet:-1","max-image-preview":"max-image-preview:large","max-video-preview":"max-video-preview:-1"},"canonical":"https:\/\/regiaonews.net.br\/2022\/2024\/01\/26\/prefeitura-de-barretos-abre-novas-vagas-de-estagio-para-estudantes-de-nivel-superior\/","og_locale":"pt_BR","og_type":"article","og_title":"Prefeitura de Barretos abre novas vagas de est\u00e1gio para estudantes de n\u00edvel superior - Regi\u00e3o News","og_description":"Oportunidades s\u00e3o para os cursos de Direito, Administra\u00e7\u00e3o, Sistemas de","og_url":"https:\/\/regiaonews.net.br\/2022\/2024\/01\/26\/prefeitura-de-barretos-abre-novas-vagas-de-estagio-para-estudantes-de-nivel-superior\/","og_site_name":"Regi\u00e3o News","article_published_time":"2024-01-26T21:46:53+00:00","article_modified_time":"2024-01-26T21:47:48+00:00","og_image":[{"width":1080,"height":1350,"url":"https:\/\/regiaonews.net.br\/2022\/wp-content\/uploads\/2024\/01\/WhatsApp-Image-2024-01-26-at-15.54.27.jpeg","type":"image\/jpeg"}],"author":"Roberto","twitter_card":"summary_large_image","twitter_misc":{"Escrito por":"Roberto","Est. tempo de leitura":"3 minutos"},"schema":{"@context":"https:\/\/schema.org","@graph":[{"@type":"Article","@id":"https:\/\/regiaonews.net.br\/2022\/2024\/01\/26\/prefeitura-de-barretos-abre-novas-vagas-de-estagio-para-estudantes-de-nivel-superior\/#article","isPartOf":{"@id":"https:\/\/regiaonews.net.br\/2022\/2024\/01\/26\/prefeitura-de-barretos-abre-novas-vagas-de-estagio-para-estudantes-de-nivel-superior\/"},"author":{"name":"Roberto","@id":"https:\/\/regiaonews.net.br\/2022\/#\/schema\/person\/2d205a608a5aa97ac279d7a5e6d89ad8"},"headline":"Prefeitura de Barretos abre novas vagas de est\u00e1gio para estudantes de n\u00edvel superior","datePublished":"2024-01-26T21:46:53+00:00","dateModified":"2024-01-26T21:47:48+00:00","mainEntityOfPage":{"@id":"https:\/\/regiaonews.net.br\/2022\/2024\/01\/26\/prefeitura-de-barretos-abre-novas-vagas-de-estagio-para-estudantes-de-nivel-superior\/"},"wordCount":421,"commentCount":0,"publisher":{"@id":"https:\/\/regiaonews.net.br\/2022\/#organization"},"image":{"@id":"https:\/\/regiaonews.net.br\/2022\/2024\/01\/26\/prefeitura-de-barretos-abre-novas-vagas-de-estagio-para-estudantes-de-nivel-superior\/#primaryimage"},"thumbnailUrl":"https:\/\/regiaonews.net.br\/2022\/wp-content\/uploads\/2024\/01\/WhatsApp-Image-2024-01-26-at-15.54.27.jpeg","articleSection":["Barretos","Cidades"],"inLanguage":"pt-BR","potentialAction":[{"@type":"CommentAction","name":"Comment","target":["https:\/\/regiaonews.net.br\/2022\/2024\/01\/26\/prefeitura-de-barretos-abre-novas-vagas-de-estagio-para-estudantes-de-nivel-superior\/#respond"]}]},{"@type":"WebPage","@id":"https:\/\/regiaonews.net.br\/2022\/2024\/01\/26\/prefeitura-de-barretos-abre-novas-vagas-de-estagio-para-estudantes-de-nivel-superior\/","url":"https:\/\/regiaonews.net.br\/2022\/2024\/01\/26\/prefeitura-de-barretos-abre-novas-vagas-de-estagio-para-estudantes-de-nivel-superior\/","name":"Prefeitura de Barretos abre novas vagas de est\u00e1gio para estudantes de n\u00edvel superior - Regi\u00e3o News","isPartOf":{"@id":"https:\/\/regiaonews.net.br\/2022\/#website"},"primaryImageOfPage":{"@id":"https:\/\/regiaonews.net.br\/2022\/2024\/01\/26\/prefeitura-de-barretos-abre-novas-vagas-de-estagio-para-estudantes-de-nivel-superior\/#primaryimage"},"image":{"@id":"https:\/\/regiaonews.net.br\/2022\/2024\/01\/26\/prefeitura-de-barretos-abre-novas-vagas-de-estagio-para-estudantes-de-nivel-superior\/#primaryimage"},"thumbnailUrl":"https:\/\/regiaonews.net.br\/2022\/wp-content\/uploads\/2024\/01\/WhatsApp-Image-2024-01-26-at-15.54.27.jpeg","datePublished":"2024-01-26T21:46:53+00:00","dateModified":"2024-01-26T21:47:48+00:00","breadcrumb":{"@id":"https:\/\/regiaonews.net.br\/2022\/2024\/01\/26\/prefeitura-de-barretos-abre-novas-vagas-de-estagio-para-estudantes-de-nivel-superior\/#breadcrumb"},"inLanguage":"pt-BR","potentialAction":[{"@type":"ReadAction","target":["https:\/\/regiaonews.net.br\/2022\/2024\/01\/26\/prefeitura-de-barretos-abre-novas-vagas-de-estagio-para-estudantes-de-nivel-superior\/"]}]},{"@type":"ImageObject","inLanguage":"pt-BR","@id":"https:\/\/regiaonews.net.br\/2022\/2024\/01\/26\/prefeitura-de-barretos-abre-novas-vagas-de-estagio-para-estudantes-de-nivel-superior\/#primaryimage","url":"https:\/\/regiaonews.net.br\/2022\/wp-content\/uploads\/2024\/01\/WhatsApp-Image-2024-01-26-at-15.54.27.jpeg","contentUrl":"https:\/\/regiaonews.net.br\/2022\/wp-content\/uploads\/2024\/01\/WhatsApp-Image-2024-01-26-at-15.54.27.jpeg","width":1080,"height":1350},{"@type":"BreadcrumbList","@id":"https:\/\/regiaonews.net.br\/2022\/2024\/01\/26\/prefeitura-de-barretos-abre-novas-vagas-de-estagio-para-estudantes-de-nivel-superior\/#breadcrumb","itemListElement":[{"@type":"ListItem","position":1,"name":"In\u00edcio","item":"https:\/\/regiaonews.net.br\/2022\/"},{"@type":"ListItem","position":2,"name":"Prefeitura de Barretos abre novas vagas de est\u00e1gio para estudantes de n\u00edvel superior"}]},{"@type":"WebSite","@id":"https:\/\/regiaonews.net.br\/2022\/#website","url":"https:\/\/regiaonews.net.br\/2022\/","name":"Regi\u00e3o News","description":"Site de Not\u00edcias de Barretos e regi\u00e3o","publisher":{"@id":"https:\/\/regiaonews.net.br\/2022\/#organization"},"potentialAction":[{"@type":"SearchAction","target":{"@type":"EntryPoint","urlTemplate":"https:\/\/regiaonews.net.br\/2022\/?s={search_term_string}"},"query-input":{"@type":"PropertyValueSpecification","valueRequired":true,"valueName":"search_term_string"}}],"inLanguage":"pt-BR"},{"@type":"Organization","@id":"https:\/\/regiaonews.net.br\/2022\/#organization","name":"Regi\u00e3o News","url":"https:\/\/regiaonews.net.br\/2022\/","logo":{"@type":"ImageObject","inLanguage":"pt-BR","@id":"https:\/\/regiaonews.net.br\/2022\/#\/schema\/logo\/image\/","url":"https:\/\/regiaonews.net.br\/2022\/wp-content\/uploads\/2026\/03\/regiao-13-anos-scaled.jpg","contentUrl":"https:\/\/regiaonews.net.br\/2022\/wp-content\/uploads\/2026\/03\/regiao-13-anos-scaled.jpg","width":2560,"height":635,"caption":"Regi\u00e3o News"},"image":{"@id":"https:\/\/regiaonews.net.br\/2022\/#\/schema\/logo\/image\/"}},{"@type":"Person","@id":"https:\/\/regiaonews.net.br\/2022\/#\/schema\/person\/2d205a608a5aa97ac279d7a5e6d89ad8","name":"Roberto","image":{"@type":"ImageObject","inLanguage":"pt-BR","@id":"https:\/\/secure.gravatar.com\/avatar\/42749d8b712ff9d59ca93dc150494e5b55a44134482993f5baeb97e61b7ecc89?s=96&d=mm&r=g","url":"https:\/\/secure.gravatar.com\/avatar\/42749d8b712ff9d59ca93dc150494e5b55a44134482993f5baeb97e61b7ecc89?s=96&d=mm&r=g","contentUrl":"https:\/\/secure.gravatar.com\/avatar\/42749d8b712ff9d59ca93dc150494e5b55a44134482993f5baeb97e61b7ecc89?s=96&d=mm&r=g","caption":"Roberto"},"url":"https:\/\/regiaonews.net.br\/2022\/author\/roberto\/"}]}},"publishpress_future_action":{"enabled":false,"date":"2026-05-03 23:17:11","action":"change-status","newStatus":"draft","terms":[],"taxonomy":"category","extraData":[]},"publishpress_future_workflow_manual_trigger":{"enabledWorkflows":[]},"_links":{"self":[{"href":"https:\/\/regiaonews.net.br\/2022\/wp-json\/wp\/v2\/posts\/100605","targetHints":{"allow":["GET"]}}],"collection":[{"href":"https:\/\/regiaonews.net.br\/2022\/wp-json\/wp\/v2\/posts"}],"about":[{"href":"https:\/\/regiaonews.net.br\/2022\/wp-json\/wp\/v2\/types\/post"}],"author":[{"embeddable":true,"href":"https:\/\/regiaonews.net.br\/2022\/wp-json\/wp\/v2\/users\/2"}],"replies":[{"embeddable":true,"href":"https:\/\/regiaonews.net.br\/2022\/wp-json\/wp\/v2\/comments?post=100605"}],"version-history":[{"count":2,"href":"https:\/\/regiaonews.net.br\/2022\/wp-json\/wp\/v2\/posts\/100605\/revisions"}],"predecessor-version":[{"id":100608,"href":"https:\/\/regiaonews.net.br\/2022\/wp-json\/wp\/v2\/posts\/100605\/revisions\/100608"}],"wp:featuredmedia":[{"embeddable":true,"href":"https:\/\/regiaonews.net.br\/2022\/wp-json\/wp\/v2\/media\/100606"}],"wp:attachment":[{"href":"https:\/\/regiaonews.net.br\/2022\/wp-json\/wp\/v2\/media?parent=100605"}],"wp:term":[{"taxonomy":"category","embeddable":true,"href":"https:\/\/regiaonews.net.br\/2022\/wp-json\/wp\/v2\/categories?post=100605"},{"taxonomy":"post_tag","embeddable":true,"href":"https:\/\/regiaonews.net.br\/2022\/wp-json\/wp\/v2\/tags?post=100605"}],"curies":[{"name":"wp","href":"https:\/\/api.w.org\/{rel}","templated":true}]}}