{"id":100557,"date":"2024-01-25T16:05:46","date_gmt":"2024-01-25T19:05:46","guid":{"rendered":"https:\/\/regiaonews.net.br\/2022\/?p=100557"},"modified":"2024-01-25T16:05:46","modified_gmt":"2024-01-25T19:05:46","slug":"prefeitura-promove-novas-atribuicoes-de-aulas-para-professores-e-auxiliares-de-cuidados-diarios","status":"publish","type":"post","link":"https:\/\/regiaonews.net.br\/2022\/2024\/01\/25\/prefeitura-promove-novas-atribuicoes-de-aulas-para-professores-e-auxiliares-de-cuidados-diarios\/","title":{"rendered":"Prefeitura promove novas atribui\u00e7\u00f5es de aulas para Professores e Auxiliares de Cuidados Di\u00e1rios"},"content":{"rendered":"<h3 style=\"text-align: center;\">Ser\u00e3o na pr\u00f3xima ter\u00e7a-feira, 30 de janeiro, na sede da Secretaria Municipal de Educa\u00e7\u00e3o<\/h3>\n<p>A Prefeitura da Est\u00e2ncia Tur\u00edstica de Barretos, por meio da Secretaria Municipal de Educa\u00e7\u00e3o, promove na pr\u00f3xima ter\u00e7a-feira, 30 de janeiro, novas atribui\u00e7\u00f5es de aulas para Professores e Auxiliares de Cuidados Di\u00e1rios (ACDs).<br \/>\nPara professores, as oportunidades s\u00e3o para os cargos de Professor I &#8211; Sala Regular, Professor I &#8211; Supl\u00eancia e Professor I &#8211; Atividades de Racioc\u00ednio e Intera\u00e7\u00e3o (ARI). Tamb\u00e9m haver\u00e1 atribui\u00e7\u00e3o para Professor de Educa\u00e7\u00e3o Infantil (PEI).<br \/>\nAs atribui\u00e7\u00f5es ser\u00e3o realizadas na sede da Secretaria Municipal de Educa\u00e7\u00e3o, na Rua 04, n\u00ba 510, entre avenidas 31 e 33, no bairro Monte Castelo, considerando os Processos Seletivos Externos SME \u2013 Editais 003\/2023 e 004\/2023.<br \/>\nNa data da atribui\u00e7\u00e3o, os candidatos devem comparecer munidos de documento oficial com foto (original) e caneta esferogr\u00e1fica. Mais informa\u00e7\u00f5es sobre o processo ser\u00e3o divulgadas oportunamente nos meios de comunica\u00e7\u00e3o e redes oficiais da Prefeitura de Barretos.<\/p>\n<p>Cronograma:<br \/>\n30\/01\/2024 &#8211; (ter\u00e7a-feira) &#8211; 8h30<br \/>\nProfessor I \u2013 Sala regular<br \/>\nProfessor I \u2013 Supl\u00eancia<br \/>\nProfessor I \u2013 Atividades de Racioc\u00ednio e Intera\u00e7\u00e3o (ARI)<\/p>\n<p>30\/01\/2024 &#8211; (ter\u00e7a-feira) &#8211; 10h<br \/>\nProfessor de Educa\u00e7\u00e3o Infantil (PEI)<\/p>\n<p>30\/01\/2024 &#8211; (ter\u00e7a-feira) &#8211; 11h<br \/>\nAuxiliar de Cuidados Di\u00e1rios (ACD)<br \/>\n(*) Sujeito a altera\u00e7\u00e3o at\u00e9 o dia anterior da data da atribui\u00e7\u00e3o.<\/p>\n","protected":false},"excerpt":{"rendered":"<p>Ser\u00e3o na pr\u00f3xima ter\u00e7a-feira, 30 de janeiro, na sede da<\/p>\n","protected":false},"author":2,"featured_media":100558,"comment_status":"open","ping_status":"open","sticky":false,"template":"","format":"standard","meta":{"footnotes":""},"categories":[14,3],"tags":[],"class_list":["post-100557","post","type-post","status-publish","format-standard","has-post-thumbnail","hentry","category-barretos","category-geral"],"yoast_head":"<!-- This site is optimized with the Yoast SEO plugin v27.4 - https:\/\/yoast.com\/product\/yoast-seo-wordpress\/ -->\n<title>Prefeitura promove novas atribui\u00e7\u00f5es de aulas para Professores e Auxiliares de Cuidados Di\u00e1rios - Regi\u00e3o News<\/title>\n<meta name=\"robots\" content=\"index, follow, max-snippet:-1, max-image-preview:large, max-video-preview:-1\" \/>\n<link rel=\"canonical\" href=\"https:\/\/regiaonews.net.br\/2022\/2024\/01\/25\/prefeitura-promove-novas-atribuicoes-de-aulas-para-professores-e-auxiliares-de-cuidados-diarios\/\" \/>\n<meta property=\"og:locale\" content=\"pt_BR\" \/>\n<meta property=\"og:type\" content=\"article\" \/>\n<meta property=\"og:title\" content=\"Prefeitura promove novas atribui\u00e7\u00f5es de aulas para Professores e Auxiliares de Cuidados Di\u00e1rios - Regi\u00e3o News\" \/>\n<meta property=\"og:description\" content=\"Ser\u00e3o na pr\u00f3xima ter\u00e7a-feira, 30 de janeiro, na sede da\" \/>\n<meta property=\"og:url\" content=\"https:\/\/regiaonews.net.br\/2022\/2024\/01\/25\/prefeitura-promove-novas-atribuicoes-de-aulas-para-professores-e-auxiliares-de-cuidados-diarios\/\" \/>\n<meta property=\"og:site_name\" content=\"Regi\u00e3o News\" \/>\n<meta property=\"article:published_time\" content=\"2024-01-25T19:05:46+00:00\" \/>\n<meta property=\"og:image\" content=\"https:\/\/regiaonews.net.br\/2022\/wp-content\/uploads\/2024\/01\/Imagem-do-WhatsApp-de-2024-01-25-as-15.55.56_30157a87.jpg\" \/>\n\t<meta property=\"og:image:width\" content=\"1241\" \/>\n\t<meta property=\"og:image:height\" content=\"1005\" \/>\n\t<meta property=\"og:image:type\" content=\"image\/jpeg\" \/>\n<meta name=\"author\" content=\"Roberto\" \/>\n<meta name=\"twitter:card\" content=\"summary_large_image\" \/>\n<meta name=\"twitter:label1\" content=\"Escrito por\" \/>\n\t<meta name=\"twitter:data1\" content=\"Roberto\" \/>\n\t<meta name=\"twitter:label2\" content=\"Est. tempo de leitura\" \/>\n\t<meta name=\"twitter:data2\" content=\"2 minutos\" \/>\n<script type=\"application\/ld+json\" class=\"yoast-schema-graph\">{\"@context\":\"https:\\\/\\\/schema.org\",\"@graph\":[{\"@type\":\"Article\",\"@id\":\"https:\\\/\\\/regiaonews.net.br\\\/2022\\\/2024\\\/01\\\/25\\\/prefeitura-promove-novas-atribuicoes-de-aulas-para-professores-e-auxiliares-de-cuidados-diarios\\\/#article\",\"isPartOf\":{\"@id\":\"https:\\\/\\\/regiaonews.net.br\\\/2022\\\/2024\\\/01\\\/25\\\/prefeitura-promove-novas-atribuicoes-de-aulas-para-professores-e-auxiliares-de-cuidados-diarios\\\/\"},\"author\":{\"name\":\"Roberto\",\"@id\":\"https:\\\/\\\/regiaonews.net.br\\\/2022\\\/#\\\/schema\\\/person\\\/2d205a608a5aa97ac279d7a5e6d89ad8\"},\"headline\":\"Prefeitura promove novas atribui\u00e7\u00f5es de aulas para Professores e Auxiliares de Cuidados Di\u00e1rios\",\"datePublished\":\"2024-01-25T19:05:46+00:00\",\"mainEntityOfPage\":{\"@id\":\"https:\\\/\\\/regiaonews.net.br\\\/2022\\\/2024\\\/01\\\/25\\\/prefeitura-promove-novas-atribuicoes-de-aulas-para-professores-e-auxiliares-de-cuidados-diarios\\\/\"},\"wordCount\":248,\"commentCount\":0,\"publisher\":{\"@id\":\"https:\\\/\\\/regiaonews.net.br\\\/2022\\\/#organization\"},\"image\":{\"@id\":\"https:\\\/\\\/regiaonews.net.br\\\/2022\\\/2024\\\/01\\\/25\\\/prefeitura-promove-novas-atribuicoes-de-aulas-para-professores-e-auxiliares-de-cuidados-diarios\\\/#primaryimage\"},\"thumbnailUrl\":\"https:\\\/\\\/regiaonews.net.br\\\/2022\\\/wp-content\\\/uploads\\\/2024\\\/01\\\/Imagem-do-WhatsApp-de-2024-01-25-as-15.55.56_30157a87.jpg\",\"articleSection\":[\"Barretos\",\"Geral\"],\"inLanguage\":\"pt-BR\",\"potentialAction\":[{\"@type\":\"CommentAction\",\"name\":\"Comment\",\"target\":[\"https:\\\/\\\/regiaonews.net.br\\\/2022\\\/2024\\\/01\\\/25\\\/prefeitura-promove-novas-atribuicoes-de-aulas-para-professores-e-auxiliares-de-cuidados-diarios\\\/#respond\"]}]},{\"@type\":\"WebPage\",\"@id\":\"https:\\\/\\\/regiaonews.net.br\\\/2022\\\/2024\\\/01\\\/25\\\/prefeitura-promove-novas-atribuicoes-de-aulas-para-professores-e-auxiliares-de-cuidados-diarios\\\/\",\"url\":\"https:\\\/\\\/regiaonews.net.br\\\/2022\\\/2024\\\/01\\\/25\\\/prefeitura-promove-novas-atribuicoes-de-aulas-para-professores-e-auxiliares-de-cuidados-diarios\\\/\",\"name\":\"Prefeitura promove novas atribui\u00e7\u00f5es de aulas para Professores e Auxiliares de Cuidados Di\u00e1rios - Regi\u00e3o News\",\"isPartOf\":{\"@id\":\"https:\\\/\\\/regiaonews.net.br\\\/2022\\\/#website\"},\"primaryImageOfPage\":{\"@id\":\"https:\\\/\\\/regiaonews.net.br\\\/2022\\\/2024\\\/01\\\/25\\\/prefeitura-promove-novas-atribuicoes-de-aulas-para-professores-e-auxiliares-de-cuidados-diarios\\\/#primaryimage\"},\"image\":{\"@id\":\"https:\\\/\\\/regiaonews.net.br\\\/2022\\\/2024\\\/01\\\/25\\\/prefeitura-promove-novas-atribuicoes-de-aulas-para-professores-e-auxiliares-de-cuidados-diarios\\\/#primaryimage\"},\"thumbnailUrl\":\"https:\\\/\\\/regiaonews.net.br\\\/2022\\\/wp-content\\\/uploads\\\/2024\\\/01\\\/Imagem-do-WhatsApp-de-2024-01-25-as-15.55.56_30157a87.jpg\",\"datePublished\":\"2024-01-25T19:05:46+00:00\",\"breadcrumb\":{\"@id\":\"https:\\\/\\\/regiaonews.net.br\\\/2022\\\/2024\\\/01\\\/25\\\/prefeitura-promove-novas-atribuicoes-de-aulas-para-professores-e-auxiliares-de-cuidados-diarios\\\/#breadcrumb\"},\"inLanguage\":\"pt-BR\",\"potentialAction\":[{\"@type\":\"ReadAction\",\"target\":[\"https:\\\/\\\/regiaonews.net.br\\\/2022\\\/2024\\\/01\\\/25\\\/prefeitura-promove-novas-atribuicoes-de-aulas-para-professores-e-auxiliares-de-cuidados-diarios\\\/\"]}]},{\"@type\":\"ImageObject\",\"inLanguage\":\"pt-BR\",\"@id\":\"https:\\\/\\\/regiaonews.net.br\\\/2022\\\/2024\\\/01\\\/25\\\/prefeitura-promove-novas-atribuicoes-de-aulas-para-professores-e-auxiliares-de-cuidados-diarios\\\/#primaryimage\",\"url\":\"https:\\\/\\\/regiaonews.net.br\\\/2022\\\/wp-content\\\/uploads\\\/2024\\\/01\\\/Imagem-do-WhatsApp-de-2024-01-25-as-15.55.56_30157a87.jpg\",\"contentUrl\":\"https:\\\/\\\/regiaonews.net.br\\\/2022\\\/wp-content\\\/uploads\\\/2024\\\/01\\\/Imagem-do-WhatsApp-de-2024-01-25-as-15.55.56_30157a87.jpg\",\"width\":1241,\"height\":1005},{\"@type\":\"BreadcrumbList\",\"@id\":\"https:\\\/\\\/regiaonews.net.br\\\/2022\\\/2024\\\/01\\\/25\\\/prefeitura-promove-novas-atribuicoes-de-aulas-para-professores-e-auxiliares-de-cuidados-diarios\\\/#breadcrumb\",\"itemListElement\":[{\"@type\":\"ListItem\",\"position\":1,\"name\":\"In\u00edcio\",\"item\":\"https:\\\/\\\/regiaonews.net.br\\\/2022\\\/\"},{\"@type\":\"ListItem\",\"position\":2,\"name\":\"Prefeitura promove novas atribui\u00e7\u00f5es de aulas para Professores e Auxiliares de Cuidados Di\u00e1rios\"}]},{\"@type\":\"WebSite\",\"@id\":\"https:\\\/\\\/regiaonews.net.br\\\/2022\\\/#website\",\"url\":\"https:\\\/\\\/regiaonews.net.br\\\/2022\\\/\",\"name\":\"Regi\u00e3o News\",\"description\":\"Site de Not\u00edcias de Barretos e regi\u00e3o\",\"publisher\":{\"@id\":\"https:\\\/\\\/regiaonews.net.br\\\/2022\\\/#organization\"},\"potentialAction\":[{\"@type\":\"SearchAction\",\"target\":{\"@type\":\"EntryPoint\",\"urlTemplate\":\"https:\\\/\\\/regiaonews.net.br\\\/2022\\\/?s={search_term_string}\"},\"query-input\":{\"@type\":\"PropertyValueSpecification\",\"valueRequired\":true,\"valueName\":\"search_term_string\"}}],\"inLanguage\":\"pt-BR\"},{\"@type\":\"Organization\",\"@id\":\"https:\\\/\\\/regiaonews.net.br\\\/2022\\\/#organization\",\"name\":\"Regi\u00e3o News\",\"url\":\"https:\\\/\\\/regiaonews.net.br\\\/2022\\\/\",\"logo\":{\"@type\":\"ImageObject\",\"inLanguage\":\"pt-BR\",\"@id\":\"https:\\\/\\\/regiaonews.net.br\\\/2022\\\/#\\\/schema\\\/logo\\\/image\\\/\",\"url\":\"https:\\\/\\\/regiaonews.net.br\\\/2022\\\/wp-content\\\/uploads\\\/2026\\\/03\\\/regiao-13-anos-scaled.jpg\",\"contentUrl\":\"https:\\\/\\\/regiaonews.net.br\\\/2022\\\/wp-content\\\/uploads\\\/2026\\\/03\\\/regiao-13-anos-scaled.jpg\",\"width\":2560,\"height\":635,\"caption\":\"Regi\u00e3o News\"},\"image\":{\"@id\":\"https:\\\/\\\/regiaonews.net.br\\\/2022\\\/#\\\/schema\\\/logo\\\/image\\\/\"}},{\"@type\":\"Person\",\"@id\":\"https:\\\/\\\/regiaonews.net.br\\\/2022\\\/#\\\/schema\\\/person\\\/2d205a608a5aa97ac279d7a5e6d89ad8\",\"name\":\"Roberto\",\"image\":{\"@type\":\"ImageObject\",\"inLanguage\":\"pt-BR\",\"@id\":\"https:\\\/\\\/secure.gravatar.com\\\/avatar\\\/42749d8b712ff9d59ca93dc150494e5b55a44134482993f5baeb97e61b7ecc89?s=96&d=mm&r=g\",\"url\":\"https:\\\/\\\/secure.gravatar.com\\\/avatar\\\/42749d8b712ff9d59ca93dc150494e5b55a44134482993f5baeb97e61b7ecc89?s=96&d=mm&r=g\",\"contentUrl\":\"https:\\\/\\\/secure.gravatar.com\\\/avatar\\\/42749d8b712ff9d59ca93dc150494e5b55a44134482993f5baeb97e61b7ecc89?s=96&d=mm&r=g\",\"caption\":\"Roberto\"},\"url\":\"https:\\\/\\\/regiaonews.net.br\\\/2022\\\/author\\\/roberto\\\/\"}]}<\/script>\n<!-- \/ Yoast SEO plugin. -->","yoast_head_json":{"title":"Prefeitura promove novas atribui\u00e7\u00f5es de aulas para Professores e Auxiliares de Cuidados Di\u00e1rios - Regi\u00e3o News","robots":{"index":"index","follow":"follow","max-snippet":"max-snippet:-1","max-image-preview":"max-image-preview:large","max-video-preview":"max-video-preview:-1"},"canonical":"https:\/\/regiaonews.net.br\/2022\/2024\/01\/25\/prefeitura-promove-novas-atribuicoes-de-aulas-para-professores-e-auxiliares-de-cuidados-diarios\/","og_locale":"pt_BR","og_type":"article","og_title":"Prefeitura promove novas atribui\u00e7\u00f5es de aulas para Professores e Auxiliares de Cuidados Di\u00e1rios - Regi\u00e3o News","og_description":"Ser\u00e3o na pr\u00f3xima ter\u00e7a-feira, 30 de janeiro, na sede da","og_url":"https:\/\/regiaonews.net.br\/2022\/2024\/01\/25\/prefeitura-promove-novas-atribuicoes-de-aulas-para-professores-e-auxiliares-de-cuidados-diarios\/","og_site_name":"Regi\u00e3o News","article_published_time":"2024-01-25T19:05:46+00:00","og_image":[{"width":1241,"height":1005,"url":"https:\/\/regiaonews.net.br\/2022\/wp-content\/uploads\/2024\/01\/Imagem-do-WhatsApp-de-2024-01-25-as-15.55.56_30157a87.jpg","type":"image\/jpeg"}],"author":"Roberto","twitter_card":"summary_large_image","twitter_misc":{"Escrito por":"Roberto","Est. tempo de leitura":"2 minutos"},"schema":{"@context":"https:\/\/schema.org","@graph":[{"@type":"Article","@id":"https:\/\/regiaonews.net.br\/2022\/2024\/01\/25\/prefeitura-promove-novas-atribuicoes-de-aulas-para-professores-e-auxiliares-de-cuidados-diarios\/#article","isPartOf":{"@id":"https:\/\/regiaonews.net.br\/2022\/2024\/01\/25\/prefeitura-promove-novas-atribuicoes-de-aulas-para-professores-e-auxiliares-de-cuidados-diarios\/"},"author":{"name":"Roberto","@id":"https:\/\/regiaonews.net.br\/2022\/#\/schema\/person\/2d205a608a5aa97ac279d7a5e6d89ad8"},"headline":"Prefeitura promove novas atribui\u00e7\u00f5es de aulas para Professores e Auxiliares de Cuidados Di\u00e1rios","datePublished":"2024-01-25T19:05:46+00:00","mainEntityOfPage":{"@id":"https:\/\/regiaonews.net.br\/2022\/2024\/01\/25\/prefeitura-promove-novas-atribuicoes-de-aulas-para-professores-e-auxiliares-de-cuidados-diarios\/"},"wordCount":248,"commentCount":0,"publisher":{"@id":"https:\/\/regiaonews.net.br\/2022\/#organization"},"image":{"@id":"https:\/\/regiaonews.net.br\/2022\/2024\/01\/25\/prefeitura-promove-novas-atribuicoes-de-aulas-para-professores-e-auxiliares-de-cuidados-diarios\/#primaryimage"},"thumbnailUrl":"https:\/\/regiaonews.net.br\/2022\/wp-content\/uploads\/2024\/01\/Imagem-do-WhatsApp-de-2024-01-25-as-15.55.56_30157a87.jpg","articleSection":["Barretos","Geral"],"inLanguage":"pt-BR","potentialAction":[{"@type":"CommentAction","name":"Comment","target":["https:\/\/regiaonews.net.br\/2022\/2024\/01\/25\/prefeitura-promove-novas-atribuicoes-de-aulas-para-professores-e-auxiliares-de-cuidados-diarios\/#respond"]}]},{"@type":"WebPage","@id":"https:\/\/regiaonews.net.br\/2022\/2024\/01\/25\/prefeitura-promove-novas-atribuicoes-de-aulas-para-professores-e-auxiliares-de-cuidados-diarios\/","url":"https:\/\/regiaonews.net.br\/2022\/2024\/01\/25\/prefeitura-promove-novas-atribuicoes-de-aulas-para-professores-e-auxiliares-de-cuidados-diarios\/","name":"Prefeitura promove novas atribui\u00e7\u00f5es de aulas para Professores e Auxiliares de Cuidados Di\u00e1rios - Regi\u00e3o News","isPartOf":{"@id":"https:\/\/regiaonews.net.br\/2022\/#website"},"primaryImageOfPage":{"@id":"https:\/\/regiaonews.net.br\/2022\/2024\/01\/25\/prefeitura-promove-novas-atribuicoes-de-aulas-para-professores-e-auxiliares-de-cuidados-diarios\/#primaryimage"},"image":{"@id":"https:\/\/regiaonews.net.br\/2022\/2024\/01\/25\/prefeitura-promove-novas-atribuicoes-de-aulas-para-professores-e-auxiliares-de-cuidados-diarios\/#primaryimage"},"thumbnailUrl":"https:\/\/regiaonews.net.br\/2022\/wp-content\/uploads\/2024\/01\/Imagem-do-WhatsApp-de-2024-01-25-as-15.55.56_30157a87.jpg","datePublished":"2024-01-25T19:05:46+00:00","breadcrumb":{"@id":"https:\/\/regiaonews.net.br\/2022\/2024\/01\/25\/prefeitura-promove-novas-atribuicoes-de-aulas-para-professores-e-auxiliares-de-cuidados-diarios\/#breadcrumb"},"inLanguage":"pt-BR","potentialAction":[{"@type":"ReadAction","target":["https:\/\/regiaonews.net.br\/2022\/2024\/01\/25\/prefeitura-promove-novas-atribuicoes-de-aulas-para-professores-e-auxiliares-de-cuidados-diarios\/"]}]},{"@type":"ImageObject","inLanguage":"pt-BR","@id":"https:\/\/regiaonews.net.br\/2022\/2024\/01\/25\/prefeitura-promove-novas-atribuicoes-de-aulas-para-professores-e-auxiliares-de-cuidados-diarios\/#primaryimage","url":"https:\/\/regiaonews.net.br\/2022\/wp-content\/uploads\/2024\/01\/Imagem-do-WhatsApp-de-2024-01-25-as-15.55.56_30157a87.jpg","contentUrl":"https:\/\/regiaonews.net.br\/2022\/wp-content\/uploads\/2024\/01\/Imagem-do-WhatsApp-de-2024-01-25-as-15.55.56_30157a87.jpg","width":1241,"height":1005},{"@type":"BreadcrumbList","@id":"https:\/\/regiaonews.net.br\/2022\/2024\/01\/25\/prefeitura-promove-novas-atribuicoes-de-aulas-para-professores-e-auxiliares-de-cuidados-diarios\/#breadcrumb","itemListElement":[{"@type":"ListItem","position":1,"name":"In\u00edcio","item":"https:\/\/regiaonews.net.br\/2022\/"},{"@type":"ListItem","position":2,"name":"Prefeitura promove novas atribui\u00e7\u00f5es de aulas para Professores e Auxiliares de Cuidados Di\u00e1rios"}]},{"@type":"WebSite","@id":"https:\/\/regiaonews.net.br\/2022\/#website","url":"https:\/\/regiaonews.net.br\/2022\/","name":"Regi\u00e3o News","description":"Site de Not\u00edcias de Barretos e regi\u00e3o","publisher":{"@id":"https:\/\/regiaonews.net.br\/2022\/#organization"},"potentialAction":[{"@type":"SearchAction","target":{"@type":"EntryPoint","urlTemplate":"https:\/\/regiaonews.net.br\/2022\/?s={search_term_string}"},"query-input":{"@type":"PropertyValueSpecification","valueRequired":true,"valueName":"search_term_string"}}],"inLanguage":"pt-BR"},{"@type":"Organization","@id":"https:\/\/regiaonews.net.br\/2022\/#organization","name":"Regi\u00e3o News","url":"https:\/\/regiaonews.net.br\/2022\/","logo":{"@type":"ImageObject","inLanguage":"pt-BR","@id":"https:\/\/regiaonews.net.br\/2022\/#\/schema\/logo\/image\/","url":"https:\/\/regiaonews.net.br\/2022\/wp-content\/uploads\/2026\/03\/regiao-13-anos-scaled.jpg","contentUrl":"https:\/\/regiaonews.net.br\/2022\/wp-content\/uploads\/2026\/03\/regiao-13-anos-scaled.jpg","width":2560,"height":635,"caption":"Regi\u00e3o News"},"image":{"@id":"https:\/\/regiaonews.net.br\/2022\/#\/schema\/logo\/image\/"}},{"@type":"Person","@id":"https:\/\/regiaonews.net.br\/2022\/#\/schema\/person\/2d205a608a5aa97ac279d7a5e6d89ad8","name":"Roberto","image":{"@type":"ImageObject","inLanguage":"pt-BR","@id":"https:\/\/secure.gravatar.com\/avatar\/42749d8b712ff9d59ca93dc150494e5b55a44134482993f5baeb97e61b7ecc89?s=96&d=mm&r=g","url":"https:\/\/secure.gravatar.com\/avatar\/42749d8b712ff9d59ca93dc150494e5b55a44134482993f5baeb97e61b7ecc89?s=96&d=mm&r=g","contentUrl":"https:\/\/secure.gravatar.com\/avatar\/42749d8b712ff9d59ca93dc150494e5b55a44134482993f5baeb97e61b7ecc89?s=96&d=mm&r=g","caption":"Roberto"},"url":"https:\/\/regiaonews.net.br\/2022\/author\/roberto\/"}]}},"publishpress_future_action":{"enabled":false,"date":"2026-05-03 06:32:38","action":"change-status","newStatus":"draft","terms":[],"taxonomy":"category","extraData":[]},"publishpress_future_workflow_manual_trigger":{"enabledWorkflows":[]},"_links":{"self":[{"href":"https:\/\/regiaonews.net.br\/2022\/wp-json\/wp\/v2\/posts\/100557","targetHints":{"allow":["GET"]}}],"collection":[{"href":"https:\/\/regiaonews.net.br\/2022\/wp-json\/wp\/v2\/posts"}],"about":[{"href":"https:\/\/regiaonews.net.br\/2022\/wp-json\/wp\/v2\/types\/post"}],"author":[{"embeddable":true,"href":"https:\/\/regiaonews.net.br\/2022\/wp-json\/wp\/v2\/users\/2"}],"replies":[{"embeddable":true,"href":"https:\/\/regiaonews.net.br\/2022\/wp-json\/wp\/v2\/comments?post=100557"}],"version-history":[{"count":1,"href":"https:\/\/regiaonews.net.br\/2022\/wp-json\/wp\/v2\/posts\/100557\/revisions"}],"predecessor-version":[{"id":100559,"href":"https:\/\/regiaonews.net.br\/2022\/wp-json\/wp\/v2\/posts\/100557\/revisions\/100559"}],"wp:featuredmedia":[{"embeddable":true,"href":"https:\/\/regiaonews.net.br\/2022\/wp-json\/wp\/v2\/media\/100558"}],"wp:attachment":[{"href":"https:\/\/regiaonews.net.br\/2022\/wp-json\/wp\/v2\/media?parent=100557"}],"wp:term":[{"taxonomy":"category","embeddable":true,"href":"https:\/\/regiaonews.net.br\/2022\/wp-json\/wp\/v2\/categories?post=100557"},{"taxonomy":"post_tag","embeddable":true,"href":"https:\/\/regiaonews.net.br\/2022\/wp-json\/wp\/v2\/tags?post=100557"}],"curies":[{"name":"wp","href":"https:\/\/api.w.org\/{rel}","templated":true}]}}