{"id":100553,"date":"2024-01-25T16:05:07","date_gmt":"2024-01-25T19:05:07","guid":{"rendered":"https:\/\/regiaonews.net.br\/2022\/?p=100553"},"modified":"2024-01-25T16:05:07","modified_gmt":"2024-01-25T19:05:07","slug":"iniciadas-as-atividades-recreativas-nos-polos-de-educacao-infantil","status":"publish","type":"post","link":"https:\/\/regiaonews.net.br\/2022\/2024\/01\/25\/iniciadas-as-atividades-recreativas-nos-polos-de-educacao-infantil\/","title":{"rendered":"Iniciadas as atividades recreativas nos Polos de Educa\u00e7\u00e3o Infantil"},"content":{"rendered":"<h3 style=\"text-align: center;\">Mais de 200 crian\u00e7as, previamente cadastradas, s\u00e3o atendidas pela iniciativa em seis Unidades Escolares da Rede Municipal de Ensino<\/h3>\n<p>Os Polos de Educa\u00e7\u00e3o Infantil da Est\u00e2ncia Tur\u00edstica de Barretos iniciaram na ter\u00e7a-feira, 23 de janeiro, as atividades com os alunos dos Centros Municipais de Educa\u00e7\u00e3o Infantil (Cemeis) da cidade, previamente cadastrados. Os polos funcionam at\u00e9 o dia 1\u00b0 de fevereiro e s\u00e3o alternativas para os pais e respons\u00e1veis que n\u00e3o tem onde deixar as crian\u00e7as durante as f\u00e9rias docentes.<br \/>\nA supervisora geral da Educa\u00e7\u00e3o infantil, D\u00e9bora Schnek, estas Unidades Escolares devem receber pelo menos 211 crian\u00e7as do maternal e da recrea\u00e7\u00e3o da Rede Municipal de Ensino neste per\u00edodo. \u201cAqui, aqueles pais e respons\u00e1veis que trabalham e n\u00e3o tem onde deixar as crian\u00e7as encontram espa\u00e7os seguros e especialmente pensados para acolher as crian\u00e7as. As inscri\u00e7\u00f5es para os polos ocorreram ainda em 2023\u201d, explicou.<br \/>\nVice-diretor do Cemei Ana Carvalho Castanho, que funciona como polo no bairro Zequinha Am\u00eandola, o Barretos II, contou que no primeiro dia 18 crian\u00e7as foram atendidas, recebendo alimenta\u00e7\u00e3o e participando de atividades recreativas e pedag\u00f3gicas.<br \/>\nNo bairro Pimenta, o polo funciona no Cemei Veridiana da Silva \u201cDona Bilica\u201d. De acordo com a auxiliar de dire\u00e7\u00e3o D\u00e9bora Silvestrim, a unidade que foi entregue totalmente reformada em 2022, recebeu 13 alunos em seu primeiro dia.<br \/>\nTamb\u00e9m s\u00e3o Polos de Educa\u00e7\u00e3o Infantil os Cemeis Jos\u00e9 Sebasti\u00e3o Domingos (Vida Nova); Izadora Bevilacqua (Luis Spina); Padre Gai (Fortaleza) e Luiz Paro (Los Angeles).<\/p>\n<p>Fotos: Divulga\u00e7\u00e3o<\/p>\n","protected":false},"excerpt":{"rendered":"<p>Mais de 200 crian\u00e7as, previamente cadastradas, s\u00e3o atendidas pela iniciativa<\/p>\n","protected":false},"author":2,"featured_media":100555,"comment_status":"open","ping_status":"open","sticky":false,"template":"","format":"standard","meta":{"footnotes":""},"categories":[14,3],"tags":[],"class_list":["post-100553","post","type-post","status-publish","format-standard","has-post-thumbnail","hentry","category-barretos","category-geral"],"yoast_head":"<!-- This site is optimized with the Yoast SEO plugin v27.4 - https:\/\/yoast.com\/product\/yoast-seo-wordpress\/ -->\n<title>Iniciadas as atividades recreativas nos Polos de Educa\u00e7\u00e3o Infantil - Regi\u00e3o News<\/title>\n<meta name=\"robots\" content=\"index, follow, max-snippet:-1, max-image-preview:large, max-video-preview:-1\" \/>\n<link rel=\"canonical\" href=\"https:\/\/regiaonews.net.br\/2022\/2024\/01\/25\/iniciadas-as-atividades-recreativas-nos-polos-de-educacao-infantil\/\" \/>\n<meta property=\"og:locale\" content=\"pt_BR\" \/>\n<meta property=\"og:type\" content=\"article\" \/>\n<meta property=\"og:title\" content=\"Iniciadas as atividades recreativas nos Polos de Educa\u00e7\u00e3o Infantil - Regi\u00e3o News\" \/>\n<meta property=\"og:description\" content=\"Mais de 200 crian\u00e7as, previamente cadastradas, s\u00e3o atendidas pela iniciativa\" \/>\n<meta property=\"og:url\" content=\"https:\/\/regiaonews.net.br\/2022\/2024\/01\/25\/iniciadas-as-atividades-recreativas-nos-polos-de-educacao-infantil\/\" \/>\n<meta property=\"og:site_name\" content=\"Regi\u00e3o News\" \/>\n<meta property=\"article:published_time\" content=\"2024-01-25T19:05:07+00:00\" \/>\n<meta property=\"og:image\" content=\"https:\/\/regiaonews.net.br\/2022\/wp-content\/uploads\/2024\/01\/Imagem-do-WhatsApp-de-2024-01-25-as-15.55.55_d008ac21.jpg\" \/>\n\t<meta property=\"og:image:width\" content=\"1199\" \/>\n\t<meta property=\"og:image:height\" content=\"894\" \/>\n\t<meta property=\"og:image:type\" content=\"image\/jpeg\" \/>\n<meta name=\"author\" content=\"Roberto\" \/>\n<meta name=\"twitter:card\" content=\"summary_large_image\" \/>\n<meta name=\"twitter:label1\" content=\"Escrito por\" \/>\n\t<meta name=\"twitter:data1\" content=\"Roberto\" \/>\n\t<meta name=\"twitter:label2\" content=\"Est. tempo de leitura\" \/>\n\t<meta name=\"twitter:data2\" content=\"2 minutos\" \/>\n<script type=\"application\/ld+json\" class=\"yoast-schema-graph\">{\"@context\":\"https:\\\/\\\/schema.org\",\"@graph\":[{\"@type\":\"Article\",\"@id\":\"https:\\\/\\\/regiaonews.net.br\\\/2022\\\/2024\\\/01\\\/25\\\/iniciadas-as-atividades-recreativas-nos-polos-de-educacao-infantil\\\/#article\",\"isPartOf\":{\"@id\":\"https:\\\/\\\/regiaonews.net.br\\\/2022\\\/2024\\\/01\\\/25\\\/iniciadas-as-atividades-recreativas-nos-polos-de-educacao-infantil\\\/\"},\"author\":{\"name\":\"Roberto\",\"@id\":\"https:\\\/\\\/regiaonews.net.br\\\/2022\\\/#\\\/schema\\\/person\\\/2d205a608a5aa97ac279d7a5e6d89ad8\"},\"headline\":\"Iniciadas as atividades recreativas nos Polos de Educa\u00e7\u00e3o Infantil\",\"datePublished\":\"2024-01-25T19:05:07+00:00\",\"mainEntityOfPage\":{\"@id\":\"https:\\\/\\\/regiaonews.net.br\\\/2022\\\/2024\\\/01\\\/25\\\/iniciadas-as-atividades-recreativas-nos-polos-de-educacao-infantil\\\/\"},\"wordCount\":278,\"commentCount\":0,\"publisher\":{\"@id\":\"https:\\\/\\\/regiaonews.net.br\\\/2022\\\/#organization\"},\"image\":{\"@id\":\"https:\\\/\\\/regiaonews.net.br\\\/2022\\\/2024\\\/01\\\/25\\\/iniciadas-as-atividades-recreativas-nos-polos-de-educacao-infantil\\\/#primaryimage\"},\"thumbnailUrl\":\"https:\\\/\\\/regiaonews.net.br\\\/2022\\\/wp-content\\\/uploads\\\/2024\\\/01\\\/Imagem-do-WhatsApp-de-2024-01-25-as-15.55.55_d008ac21.jpg\",\"articleSection\":[\"Barretos\",\"Geral\"],\"inLanguage\":\"pt-BR\",\"potentialAction\":[{\"@type\":\"CommentAction\",\"name\":\"Comment\",\"target\":[\"https:\\\/\\\/regiaonews.net.br\\\/2022\\\/2024\\\/01\\\/25\\\/iniciadas-as-atividades-recreativas-nos-polos-de-educacao-infantil\\\/#respond\"]}]},{\"@type\":\"WebPage\",\"@id\":\"https:\\\/\\\/regiaonews.net.br\\\/2022\\\/2024\\\/01\\\/25\\\/iniciadas-as-atividades-recreativas-nos-polos-de-educacao-infantil\\\/\",\"url\":\"https:\\\/\\\/regiaonews.net.br\\\/2022\\\/2024\\\/01\\\/25\\\/iniciadas-as-atividades-recreativas-nos-polos-de-educacao-infantil\\\/\",\"name\":\"Iniciadas as atividades recreativas nos Polos de Educa\u00e7\u00e3o Infantil - Regi\u00e3o News\",\"isPartOf\":{\"@id\":\"https:\\\/\\\/regiaonews.net.br\\\/2022\\\/#website\"},\"primaryImageOfPage\":{\"@id\":\"https:\\\/\\\/regiaonews.net.br\\\/2022\\\/2024\\\/01\\\/25\\\/iniciadas-as-atividades-recreativas-nos-polos-de-educacao-infantil\\\/#primaryimage\"},\"image\":{\"@id\":\"https:\\\/\\\/regiaonews.net.br\\\/2022\\\/2024\\\/01\\\/25\\\/iniciadas-as-atividades-recreativas-nos-polos-de-educacao-infantil\\\/#primaryimage\"},\"thumbnailUrl\":\"https:\\\/\\\/regiaonews.net.br\\\/2022\\\/wp-content\\\/uploads\\\/2024\\\/01\\\/Imagem-do-WhatsApp-de-2024-01-25-as-15.55.55_d008ac21.jpg\",\"datePublished\":\"2024-01-25T19:05:07+00:00\",\"breadcrumb\":{\"@id\":\"https:\\\/\\\/regiaonews.net.br\\\/2022\\\/2024\\\/01\\\/25\\\/iniciadas-as-atividades-recreativas-nos-polos-de-educacao-infantil\\\/#breadcrumb\"},\"inLanguage\":\"pt-BR\",\"potentialAction\":[{\"@type\":\"ReadAction\",\"target\":[\"https:\\\/\\\/regiaonews.net.br\\\/2022\\\/2024\\\/01\\\/25\\\/iniciadas-as-atividades-recreativas-nos-polos-de-educacao-infantil\\\/\"]}]},{\"@type\":\"ImageObject\",\"inLanguage\":\"pt-BR\",\"@id\":\"https:\\\/\\\/regiaonews.net.br\\\/2022\\\/2024\\\/01\\\/25\\\/iniciadas-as-atividades-recreativas-nos-polos-de-educacao-infantil\\\/#primaryimage\",\"url\":\"https:\\\/\\\/regiaonews.net.br\\\/2022\\\/wp-content\\\/uploads\\\/2024\\\/01\\\/Imagem-do-WhatsApp-de-2024-01-25-as-15.55.55_d008ac21.jpg\",\"contentUrl\":\"https:\\\/\\\/regiaonews.net.br\\\/2022\\\/wp-content\\\/uploads\\\/2024\\\/01\\\/Imagem-do-WhatsApp-de-2024-01-25-as-15.55.55_d008ac21.jpg\",\"width\":1199,\"height\":894},{\"@type\":\"BreadcrumbList\",\"@id\":\"https:\\\/\\\/regiaonews.net.br\\\/2022\\\/2024\\\/01\\\/25\\\/iniciadas-as-atividades-recreativas-nos-polos-de-educacao-infantil\\\/#breadcrumb\",\"itemListElement\":[{\"@type\":\"ListItem\",\"position\":1,\"name\":\"In\u00edcio\",\"item\":\"https:\\\/\\\/regiaonews.net.br\\\/2022\\\/\"},{\"@type\":\"ListItem\",\"position\":2,\"name\":\"Iniciadas as atividades recreativas nos Polos de Educa\u00e7\u00e3o Infantil\"}]},{\"@type\":\"WebSite\",\"@id\":\"https:\\\/\\\/regiaonews.net.br\\\/2022\\\/#website\",\"url\":\"https:\\\/\\\/regiaonews.net.br\\\/2022\\\/\",\"name\":\"Regi\u00e3o News\",\"description\":\"Site de Not\u00edcias de Barretos e regi\u00e3o\",\"publisher\":{\"@id\":\"https:\\\/\\\/regiaonews.net.br\\\/2022\\\/#organization\"},\"potentialAction\":[{\"@type\":\"SearchAction\",\"target\":{\"@type\":\"EntryPoint\",\"urlTemplate\":\"https:\\\/\\\/regiaonews.net.br\\\/2022\\\/?s={search_term_string}\"},\"query-input\":{\"@type\":\"PropertyValueSpecification\",\"valueRequired\":true,\"valueName\":\"search_term_string\"}}],\"inLanguage\":\"pt-BR\"},{\"@type\":\"Organization\",\"@id\":\"https:\\\/\\\/regiaonews.net.br\\\/2022\\\/#organization\",\"name\":\"Regi\u00e3o News\",\"url\":\"https:\\\/\\\/regiaonews.net.br\\\/2022\\\/\",\"logo\":{\"@type\":\"ImageObject\",\"inLanguage\":\"pt-BR\",\"@id\":\"https:\\\/\\\/regiaonews.net.br\\\/2022\\\/#\\\/schema\\\/logo\\\/image\\\/\",\"url\":\"https:\\\/\\\/regiaonews.net.br\\\/2022\\\/wp-content\\\/uploads\\\/2026\\\/03\\\/regiao-13-anos-scaled.jpg\",\"contentUrl\":\"https:\\\/\\\/regiaonews.net.br\\\/2022\\\/wp-content\\\/uploads\\\/2026\\\/03\\\/regiao-13-anos-scaled.jpg\",\"width\":2560,\"height\":635,\"caption\":\"Regi\u00e3o News\"},\"image\":{\"@id\":\"https:\\\/\\\/regiaonews.net.br\\\/2022\\\/#\\\/schema\\\/logo\\\/image\\\/\"}},{\"@type\":\"Person\",\"@id\":\"https:\\\/\\\/regiaonews.net.br\\\/2022\\\/#\\\/schema\\\/person\\\/2d205a608a5aa97ac279d7a5e6d89ad8\",\"name\":\"Roberto\",\"image\":{\"@type\":\"ImageObject\",\"inLanguage\":\"pt-BR\",\"@id\":\"https:\\\/\\\/secure.gravatar.com\\\/avatar\\\/42749d8b712ff9d59ca93dc150494e5b55a44134482993f5baeb97e61b7ecc89?s=96&d=mm&r=g\",\"url\":\"https:\\\/\\\/secure.gravatar.com\\\/avatar\\\/42749d8b712ff9d59ca93dc150494e5b55a44134482993f5baeb97e61b7ecc89?s=96&d=mm&r=g\",\"contentUrl\":\"https:\\\/\\\/secure.gravatar.com\\\/avatar\\\/42749d8b712ff9d59ca93dc150494e5b55a44134482993f5baeb97e61b7ecc89?s=96&d=mm&r=g\",\"caption\":\"Roberto\"},\"url\":\"https:\\\/\\\/regiaonews.net.br\\\/2022\\\/author\\\/roberto\\\/\"}]}<\/script>\n<!-- \/ Yoast SEO plugin. -->","yoast_head_json":{"title":"Iniciadas as atividades recreativas nos Polos de Educa\u00e7\u00e3o Infantil - Regi\u00e3o News","robots":{"index":"index","follow":"follow","max-snippet":"max-snippet:-1","max-image-preview":"max-image-preview:large","max-video-preview":"max-video-preview:-1"},"canonical":"https:\/\/regiaonews.net.br\/2022\/2024\/01\/25\/iniciadas-as-atividades-recreativas-nos-polos-de-educacao-infantil\/","og_locale":"pt_BR","og_type":"article","og_title":"Iniciadas as atividades recreativas nos Polos de Educa\u00e7\u00e3o Infantil - Regi\u00e3o News","og_description":"Mais de 200 crian\u00e7as, previamente cadastradas, s\u00e3o atendidas pela iniciativa","og_url":"https:\/\/regiaonews.net.br\/2022\/2024\/01\/25\/iniciadas-as-atividades-recreativas-nos-polos-de-educacao-infantil\/","og_site_name":"Regi\u00e3o News","article_published_time":"2024-01-25T19:05:07+00:00","og_image":[{"width":1199,"height":894,"url":"https:\/\/regiaonews.net.br\/2022\/wp-content\/uploads\/2024\/01\/Imagem-do-WhatsApp-de-2024-01-25-as-15.55.55_d008ac21.jpg","type":"image\/jpeg"}],"author":"Roberto","twitter_card":"summary_large_image","twitter_misc":{"Escrito por":"Roberto","Est. tempo de leitura":"2 minutos"},"schema":{"@context":"https:\/\/schema.org","@graph":[{"@type":"Article","@id":"https:\/\/regiaonews.net.br\/2022\/2024\/01\/25\/iniciadas-as-atividades-recreativas-nos-polos-de-educacao-infantil\/#article","isPartOf":{"@id":"https:\/\/regiaonews.net.br\/2022\/2024\/01\/25\/iniciadas-as-atividades-recreativas-nos-polos-de-educacao-infantil\/"},"author":{"name":"Roberto","@id":"https:\/\/regiaonews.net.br\/2022\/#\/schema\/person\/2d205a608a5aa97ac279d7a5e6d89ad8"},"headline":"Iniciadas as atividades recreativas nos Polos de Educa\u00e7\u00e3o Infantil","datePublished":"2024-01-25T19:05:07+00:00","mainEntityOfPage":{"@id":"https:\/\/regiaonews.net.br\/2022\/2024\/01\/25\/iniciadas-as-atividades-recreativas-nos-polos-de-educacao-infantil\/"},"wordCount":278,"commentCount":0,"publisher":{"@id":"https:\/\/regiaonews.net.br\/2022\/#organization"},"image":{"@id":"https:\/\/regiaonews.net.br\/2022\/2024\/01\/25\/iniciadas-as-atividades-recreativas-nos-polos-de-educacao-infantil\/#primaryimage"},"thumbnailUrl":"https:\/\/regiaonews.net.br\/2022\/wp-content\/uploads\/2024\/01\/Imagem-do-WhatsApp-de-2024-01-25-as-15.55.55_d008ac21.jpg","articleSection":["Barretos","Geral"],"inLanguage":"pt-BR","potentialAction":[{"@type":"CommentAction","name":"Comment","target":["https:\/\/regiaonews.net.br\/2022\/2024\/01\/25\/iniciadas-as-atividades-recreativas-nos-polos-de-educacao-infantil\/#respond"]}]},{"@type":"WebPage","@id":"https:\/\/regiaonews.net.br\/2022\/2024\/01\/25\/iniciadas-as-atividades-recreativas-nos-polos-de-educacao-infantil\/","url":"https:\/\/regiaonews.net.br\/2022\/2024\/01\/25\/iniciadas-as-atividades-recreativas-nos-polos-de-educacao-infantil\/","name":"Iniciadas as atividades recreativas nos Polos de Educa\u00e7\u00e3o Infantil - Regi\u00e3o News","isPartOf":{"@id":"https:\/\/regiaonews.net.br\/2022\/#website"},"primaryImageOfPage":{"@id":"https:\/\/regiaonews.net.br\/2022\/2024\/01\/25\/iniciadas-as-atividades-recreativas-nos-polos-de-educacao-infantil\/#primaryimage"},"image":{"@id":"https:\/\/regiaonews.net.br\/2022\/2024\/01\/25\/iniciadas-as-atividades-recreativas-nos-polos-de-educacao-infantil\/#primaryimage"},"thumbnailUrl":"https:\/\/regiaonews.net.br\/2022\/wp-content\/uploads\/2024\/01\/Imagem-do-WhatsApp-de-2024-01-25-as-15.55.55_d008ac21.jpg","datePublished":"2024-01-25T19:05:07+00:00","breadcrumb":{"@id":"https:\/\/regiaonews.net.br\/2022\/2024\/01\/25\/iniciadas-as-atividades-recreativas-nos-polos-de-educacao-infantil\/#breadcrumb"},"inLanguage":"pt-BR","potentialAction":[{"@type":"ReadAction","target":["https:\/\/regiaonews.net.br\/2022\/2024\/01\/25\/iniciadas-as-atividades-recreativas-nos-polos-de-educacao-infantil\/"]}]},{"@type":"ImageObject","inLanguage":"pt-BR","@id":"https:\/\/regiaonews.net.br\/2022\/2024\/01\/25\/iniciadas-as-atividades-recreativas-nos-polos-de-educacao-infantil\/#primaryimage","url":"https:\/\/regiaonews.net.br\/2022\/wp-content\/uploads\/2024\/01\/Imagem-do-WhatsApp-de-2024-01-25-as-15.55.55_d008ac21.jpg","contentUrl":"https:\/\/regiaonews.net.br\/2022\/wp-content\/uploads\/2024\/01\/Imagem-do-WhatsApp-de-2024-01-25-as-15.55.55_d008ac21.jpg","width":1199,"height":894},{"@type":"BreadcrumbList","@id":"https:\/\/regiaonews.net.br\/2022\/2024\/01\/25\/iniciadas-as-atividades-recreativas-nos-polos-de-educacao-infantil\/#breadcrumb","itemListElement":[{"@type":"ListItem","position":1,"name":"In\u00edcio","item":"https:\/\/regiaonews.net.br\/2022\/"},{"@type":"ListItem","position":2,"name":"Iniciadas as atividades recreativas nos Polos de Educa\u00e7\u00e3o Infantil"}]},{"@type":"WebSite","@id":"https:\/\/regiaonews.net.br\/2022\/#website","url":"https:\/\/regiaonews.net.br\/2022\/","name":"Regi\u00e3o News","description":"Site de Not\u00edcias de Barretos e regi\u00e3o","publisher":{"@id":"https:\/\/regiaonews.net.br\/2022\/#organization"},"potentialAction":[{"@type":"SearchAction","target":{"@type":"EntryPoint","urlTemplate":"https:\/\/regiaonews.net.br\/2022\/?s={search_term_string}"},"query-input":{"@type":"PropertyValueSpecification","valueRequired":true,"valueName":"search_term_string"}}],"inLanguage":"pt-BR"},{"@type":"Organization","@id":"https:\/\/regiaonews.net.br\/2022\/#organization","name":"Regi\u00e3o News","url":"https:\/\/regiaonews.net.br\/2022\/","logo":{"@type":"ImageObject","inLanguage":"pt-BR","@id":"https:\/\/regiaonews.net.br\/2022\/#\/schema\/logo\/image\/","url":"https:\/\/regiaonews.net.br\/2022\/wp-content\/uploads\/2026\/03\/regiao-13-anos-scaled.jpg","contentUrl":"https:\/\/regiaonews.net.br\/2022\/wp-content\/uploads\/2026\/03\/regiao-13-anos-scaled.jpg","width":2560,"height":635,"caption":"Regi\u00e3o News"},"image":{"@id":"https:\/\/regiaonews.net.br\/2022\/#\/schema\/logo\/image\/"}},{"@type":"Person","@id":"https:\/\/regiaonews.net.br\/2022\/#\/schema\/person\/2d205a608a5aa97ac279d7a5e6d89ad8","name":"Roberto","image":{"@type":"ImageObject","inLanguage":"pt-BR","@id":"https:\/\/secure.gravatar.com\/avatar\/42749d8b712ff9d59ca93dc150494e5b55a44134482993f5baeb97e61b7ecc89?s=96&d=mm&r=g","url":"https:\/\/secure.gravatar.com\/avatar\/42749d8b712ff9d59ca93dc150494e5b55a44134482993f5baeb97e61b7ecc89?s=96&d=mm&r=g","contentUrl":"https:\/\/secure.gravatar.com\/avatar\/42749d8b712ff9d59ca93dc150494e5b55a44134482993f5baeb97e61b7ecc89?s=96&d=mm&r=g","caption":"Roberto"},"url":"https:\/\/regiaonews.net.br\/2022\/author\/roberto\/"}]}},"publishpress_future_action":{"enabled":false,"date":"2026-05-03 04:51:28","action":"change-status","newStatus":"draft","terms":[],"taxonomy":"category","extraData":[]},"publishpress_future_workflow_manual_trigger":{"enabledWorkflows":[]},"_links":{"self":[{"href":"https:\/\/regiaonews.net.br\/2022\/wp-json\/wp\/v2\/posts\/100553","targetHints":{"allow":["GET"]}}],"collection":[{"href":"https:\/\/regiaonews.net.br\/2022\/wp-json\/wp\/v2\/posts"}],"about":[{"href":"https:\/\/regiaonews.net.br\/2022\/wp-json\/wp\/v2\/types\/post"}],"author":[{"embeddable":true,"href":"https:\/\/regiaonews.net.br\/2022\/wp-json\/wp\/v2\/users\/2"}],"replies":[{"embeddable":true,"href":"https:\/\/regiaonews.net.br\/2022\/wp-json\/wp\/v2\/comments?post=100553"}],"version-history":[{"count":1,"href":"https:\/\/regiaonews.net.br\/2022\/wp-json\/wp\/v2\/posts\/100553\/revisions"}],"predecessor-version":[{"id":100556,"href":"https:\/\/regiaonews.net.br\/2022\/wp-json\/wp\/v2\/posts\/100553\/revisions\/100556"}],"wp:featuredmedia":[{"embeddable":true,"href":"https:\/\/regiaonews.net.br\/2022\/wp-json\/wp\/v2\/media\/100555"}],"wp:attachment":[{"href":"https:\/\/regiaonews.net.br\/2022\/wp-json\/wp\/v2\/media?parent=100553"}],"wp:term":[{"taxonomy":"category","embeddable":true,"href":"https:\/\/regiaonews.net.br\/2022\/wp-json\/wp\/v2\/categories?post=100553"},{"taxonomy":"post_tag","embeddable":true,"href":"https:\/\/regiaonews.net.br\/2022\/wp-json\/wp\/v2\/tags?post=100553"}],"curies":[{"name":"wp","href":"https:\/\/api.w.org\/{rel}","templated":true}]}}