{"id":100550,"date":"2024-01-25T16:04:09","date_gmt":"2024-01-25T19:04:09","guid":{"rendered":"https:\/\/regiaonews.net.br\/2022\/?p=100550"},"modified":"2024-01-25T16:04:09","modified_gmt":"2024-01-25T19:04:09","slug":"fundo-social-de-solidariedade-realiza-palestra-com-participantes-do-projeto-maternidade-atipica","status":"publish","type":"post","link":"https:\/\/regiaonews.net.br\/2022\/2024\/01\/25\/fundo-social-de-solidariedade-realiza-palestra-com-participantes-do-projeto-maternidade-atipica\/","title":{"rendered":"Fundo Social de Solidariedade realiza palestra com participantes do Projeto Maternidade At\u00edpica"},"content":{"rendered":"<h3 style=\"text-align: center;\">\u00d3rg\u00e3o da administra\u00e7\u00e3o municipal acolhe grupos espec\u00edficos como gestantes, m\u00e3es at\u00edpicas e pessoas idosas, com atendimento priorit\u00e1rio<\/h3>\n<p>O Fundo Social de Solidariedade (FSS) da Est\u00e2ncia Tur\u00edstica de Barretos recebeu na manh\u00e3 desta quinta-feira, dia 25 de janeiro, as participantes do Projeto Maternidade At\u00edpica, com realiza\u00e7\u00e3o de palestra e entrega de cestas b\u00e1sicas.<br \/>\nLet\u00edcia de Oliveira Lemos, presidente do FSS, ressaltou que as m\u00e3es acolhidas t\u00eam prioridade no atendimento. \u201cQueria dizer que voc\u00eas podem contar conosco no que precisarem e vamos tentar fazer a campanha de arrecada\u00e7\u00e3o dos leites para conseguirmos ajud\u00e1-las com essa doa\u00e7\u00e3o tamb\u00e9m\u201d, disse Let\u00edcia.<\/p>\n<p>Vanessa Gabriela, uma das participantes do programa comentou sobre o atendimento do Fundo Social. \u201c\u00c9 a primeira vez que eu venho aqui e acho maravilhoso esse trabalho. Muita gente n\u00e3o olha as m\u00e3es at\u00edpicas, ent\u00e3o aqui eles nos acolhem, fazem as doa\u00e7\u00f5es para nos ajudar e eu estou muito feliz de participar do programa\u201d, disse.<\/p>\n<p>O \u00f3rg\u00e3o da Administra\u00e7\u00e3o Municipal \u00e9 mantido por meio de doa\u00e7\u00f5es e campanhas de arrecada\u00e7\u00e3o, e realiza tamb\u00e9m uma s\u00e9rie de projetos voltados a grupos espec\u00edficos como gestantes, m\u00e3es at\u00edpicas e pessoas idosas, com acolhimento especial e palestras que visam incentivar, motivar e melhorar a sa\u00fade mental deste p\u00fablico.<\/p>\n","protected":false},"excerpt":{"rendered":"<p>\u00d3rg\u00e3o da administra\u00e7\u00e3o municipal acolhe grupos espec\u00edficos como gestantes, m\u00e3es<\/p>\n","protected":false},"author":2,"featured_media":100551,"comment_status":"open","ping_status":"open","sticky":false,"template":"","format":"standard","meta":{"footnotes":""},"categories":[14,3],"tags":[],"class_list":["post-100550","post","type-post","status-publish","format-standard","has-post-thumbnail","hentry","category-barretos","category-geral"],"yoast_head":"<!-- This site is optimized with the Yoast SEO plugin v27.4 - https:\/\/yoast.com\/product\/yoast-seo-wordpress\/ -->\n<title>Fundo Social de Solidariedade realiza palestra com participantes do Projeto Maternidade At\u00edpica - Regi\u00e3o News<\/title>\n<meta name=\"robots\" content=\"index, follow, max-snippet:-1, max-image-preview:large, max-video-preview:-1\" \/>\n<link rel=\"canonical\" href=\"https:\/\/regiaonews.net.br\/2022\/2024\/01\/25\/fundo-social-de-solidariedade-realiza-palestra-com-participantes-do-projeto-maternidade-atipica\/\" \/>\n<meta property=\"og:locale\" content=\"pt_BR\" \/>\n<meta property=\"og:type\" content=\"article\" \/>\n<meta property=\"og:title\" content=\"Fundo Social de Solidariedade realiza palestra com participantes do Projeto Maternidade At\u00edpica - Regi\u00e3o News\" \/>\n<meta property=\"og:description\" content=\"\u00d3rg\u00e3o da administra\u00e7\u00e3o municipal acolhe grupos espec\u00edficos como gestantes, m\u00e3es\" \/>\n<meta property=\"og:url\" content=\"https:\/\/regiaonews.net.br\/2022\/2024\/01\/25\/fundo-social-de-solidariedade-realiza-palestra-com-participantes-do-projeto-maternidade-atipica\/\" \/>\n<meta property=\"og:site_name\" content=\"Regi\u00e3o News\" \/>\n<meta property=\"article:published_time\" content=\"2024-01-25T19:04:09+00:00\" \/>\n<meta property=\"og:image\" content=\"https:\/\/regiaonews.net.br\/2022\/wp-content\/uploads\/2024\/01\/Imagem-do-WhatsApp-de-2024-01-25-as-15.55.54_03bffde6.jpg\" \/>\n\t<meta property=\"og:image:width\" content=\"1600\" \/>\n\t<meta property=\"og:image:height\" content=\"1200\" \/>\n\t<meta property=\"og:image:type\" content=\"image\/jpeg\" \/>\n<meta name=\"author\" content=\"Roberto\" \/>\n<meta name=\"twitter:card\" content=\"summary_large_image\" \/>\n<meta name=\"twitter:label1\" content=\"Escrito por\" \/>\n\t<meta name=\"twitter:data1\" content=\"Roberto\" \/>\n\t<meta name=\"twitter:label2\" content=\"Est. tempo de leitura\" \/>\n\t<meta name=\"twitter:data2\" content=\"2 minutos\" \/>\n<script type=\"application\/ld+json\" class=\"yoast-schema-graph\">{\"@context\":\"https:\\\/\\\/schema.org\",\"@graph\":[{\"@type\":\"Article\",\"@id\":\"https:\\\/\\\/regiaonews.net.br\\\/2022\\\/2024\\\/01\\\/25\\\/fundo-social-de-solidariedade-realiza-palestra-com-participantes-do-projeto-maternidade-atipica\\\/#article\",\"isPartOf\":{\"@id\":\"https:\\\/\\\/regiaonews.net.br\\\/2022\\\/2024\\\/01\\\/25\\\/fundo-social-de-solidariedade-realiza-palestra-com-participantes-do-projeto-maternidade-atipica\\\/\"},\"author\":{\"name\":\"Roberto\",\"@id\":\"https:\\\/\\\/regiaonews.net.br\\\/2022\\\/#\\\/schema\\\/person\\\/2d205a608a5aa97ac279d7a5e6d89ad8\"},\"headline\":\"Fundo Social de Solidariedade realiza palestra com participantes do Projeto Maternidade At\u00edpica\",\"datePublished\":\"2024-01-25T19:04:09+00:00\",\"mainEntityOfPage\":{\"@id\":\"https:\\\/\\\/regiaonews.net.br\\\/2022\\\/2024\\\/01\\\/25\\\/fundo-social-de-solidariedade-realiza-palestra-com-participantes-do-projeto-maternidade-atipica\\\/\"},\"wordCount\":247,\"commentCount\":0,\"publisher\":{\"@id\":\"https:\\\/\\\/regiaonews.net.br\\\/2022\\\/#organization\"},\"image\":{\"@id\":\"https:\\\/\\\/regiaonews.net.br\\\/2022\\\/2024\\\/01\\\/25\\\/fundo-social-de-solidariedade-realiza-palestra-com-participantes-do-projeto-maternidade-atipica\\\/#primaryimage\"},\"thumbnailUrl\":\"https:\\\/\\\/regiaonews.net.br\\\/2022\\\/wp-content\\\/uploads\\\/2024\\\/01\\\/Imagem-do-WhatsApp-de-2024-01-25-as-15.55.54_03bffde6.jpg\",\"articleSection\":[\"Barretos\",\"Geral\"],\"inLanguage\":\"pt-BR\",\"potentialAction\":[{\"@type\":\"CommentAction\",\"name\":\"Comment\",\"target\":[\"https:\\\/\\\/regiaonews.net.br\\\/2022\\\/2024\\\/01\\\/25\\\/fundo-social-de-solidariedade-realiza-palestra-com-participantes-do-projeto-maternidade-atipica\\\/#respond\"]}]},{\"@type\":\"WebPage\",\"@id\":\"https:\\\/\\\/regiaonews.net.br\\\/2022\\\/2024\\\/01\\\/25\\\/fundo-social-de-solidariedade-realiza-palestra-com-participantes-do-projeto-maternidade-atipica\\\/\",\"url\":\"https:\\\/\\\/regiaonews.net.br\\\/2022\\\/2024\\\/01\\\/25\\\/fundo-social-de-solidariedade-realiza-palestra-com-participantes-do-projeto-maternidade-atipica\\\/\",\"name\":\"Fundo Social de Solidariedade realiza palestra com participantes do Projeto Maternidade At\u00edpica - Regi\u00e3o News\",\"isPartOf\":{\"@id\":\"https:\\\/\\\/regiaonews.net.br\\\/2022\\\/#website\"},\"primaryImageOfPage\":{\"@id\":\"https:\\\/\\\/regiaonews.net.br\\\/2022\\\/2024\\\/01\\\/25\\\/fundo-social-de-solidariedade-realiza-palestra-com-participantes-do-projeto-maternidade-atipica\\\/#primaryimage\"},\"image\":{\"@id\":\"https:\\\/\\\/regiaonews.net.br\\\/2022\\\/2024\\\/01\\\/25\\\/fundo-social-de-solidariedade-realiza-palestra-com-participantes-do-projeto-maternidade-atipica\\\/#primaryimage\"},\"thumbnailUrl\":\"https:\\\/\\\/regiaonews.net.br\\\/2022\\\/wp-content\\\/uploads\\\/2024\\\/01\\\/Imagem-do-WhatsApp-de-2024-01-25-as-15.55.54_03bffde6.jpg\",\"datePublished\":\"2024-01-25T19:04:09+00:00\",\"breadcrumb\":{\"@id\":\"https:\\\/\\\/regiaonews.net.br\\\/2022\\\/2024\\\/01\\\/25\\\/fundo-social-de-solidariedade-realiza-palestra-com-participantes-do-projeto-maternidade-atipica\\\/#breadcrumb\"},\"inLanguage\":\"pt-BR\",\"potentialAction\":[{\"@type\":\"ReadAction\",\"target\":[\"https:\\\/\\\/regiaonews.net.br\\\/2022\\\/2024\\\/01\\\/25\\\/fundo-social-de-solidariedade-realiza-palestra-com-participantes-do-projeto-maternidade-atipica\\\/\"]}]},{\"@type\":\"ImageObject\",\"inLanguage\":\"pt-BR\",\"@id\":\"https:\\\/\\\/regiaonews.net.br\\\/2022\\\/2024\\\/01\\\/25\\\/fundo-social-de-solidariedade-realiza-palestra-com-participantes-do-projeto-maternidade-atipica\\\/#primaryimage\",\"url\":\"https:\\\/\\\/regiaonews.net.br\\\/2022\\\/wp-content\\\/uploads\\\/2024\\\/01\\\/Imagem-do-WhatsApp-de-2024-01-25-as-15.55.54_03bffde6.jpg\",\"contentUrl\":\"https:\\\/\\\/regiaonews.net.br\\\/2022\\\/wp-content\\\/uploads\\\/2024\\\/01\\\/Imagem-do-WhatsApp-de-2024-01-25-as-15.55.54_03bffde6.jpg\",\"width\":1600,\"height\":1200},{\"@type\":\"BreadcrumbList\",\"@id\":\"https:\\\/\\\/regiaonews.net.br\\\/2022\\\/2024\\\/01\\\/25\\\/fundo-social-de-solidariedade-realiza-palestra-com-participantes-do-projeto-maternidade-atipica\\\/#breadcrumb\",\"itemListElement\":[{\"@type\":\"ListItem\",\"position\":1,\"name\":\"In\u00edcio\",\"item\":\"https:\\\/\\\/regiaonews.net.br\\\/2022\\\/\"},{\"@type\":\"ListItem\",\"position\":2,\"name\":\"Fundo Social de Solidariedade realiza palestra com participantes do Projeto Maternidade At\u00edpica\"}]},{\"@type\":\"WebSite\",\"@id\":\"https:\\\/\\\/regiaonews.net.br\\\/2022\\\/#website\",\"url\":\"https:\\\/\\\/regiaonews.net.br\\\/2022\\\/\",\"name\":\"Regi\u00e3o News\",\"description\":\"Site de Not\u00edcias de Barretos e regi\u00e3o\",\"publisher\":{\"@id\":\"https:\\\/\\\/regiaonews.net.br\\\/2022\\\/#organization\"},\"potentialAction\":[{\"@type\":\"SearchAction\",\"target\":{\"@type\":\"EntryPoint\",\"urlTemplate\":\"https:\\\/\\\/regiaonews.net.br\\\/2022\\\/?s={search_term_string}\"},\"query-input\":{\"@type\":\"PropertyValueSpecification\",\"valueRequired\":true,\"valueName\":\"search_term_string\"}}],\"inLanguage\":\"pt-BR\"},{\"@type\":\"Organization\",\"@id\":\"https:\\\/\\\/regiaonews.net.br\\\/2022\\\/#organization\",\"name\":\"Regi\u00e3o News\",\"url\":\"https:\\\/\\\/regiaonews.net.br\\\/2022\\\/\",\"logo\":{\"@type\":\"ImageObject\",\"inLanguage\":\"pt-BR\",\"@id\":\"https:\\\/\\\/regiaonews.net.br\\\/2022\\\/#\\\/schema\\\/logo\\\/image\\\/\",\"url\":\"https:\\\/\\\/regiaonews.net.br\\\/2022\\\/wp-content\\\/uploads\\\/2026\\\/03\\\/regiao-13-anos-scaled.jpg\",\"contentUrl\":\"https:\\\/\\\/regiaonews.net.br\\\/2022\\\/wp-content\\\/uploads\\\/2026\\\/03\\\/regiao-13-anos-scaled.jpg\",\"width\":2560,\"height\":635,\"caption\":\"Regi\u00e3o News\"},\"image\":{\"@id\":\"https:\\\/\\\/regiaonews.net.br\\\/2022\\\/#\\\/schema\\\/logo\\\/image\\\/\"}},{\"@type\":\"Person\",\"@id\":\"https:\\\/\\\/regiaonews.net.br\\\/2022\\\/#\\\/schema\\\/person\\\/2d205a608a5aa97ac279d7a5e6d89ad8\",\"name\":\"Roberto\",\"image\":{\"@type\":\"ImageObject\",\"inLanguage\":\"pt-BR\",\"@id\":\"https:\\\/\\\/secure.gravatar.com\\\/avatar\\\/42749d8b712ff9d59ca93dc150494e5b55a44134482993f5baeb97e61b7ecc89?s=96&d=mm&r=g\",\"url\":\"https:\\\/\\\/secure.gravatar.com\\\/avatar\\\/42749d8b712ff9d59ca93dc150494e5b55a44134482993f5baeb97e61b7ecc89?s=96&d=mm&r=g\",\"contentUrl\":\"https:\\\/\\\/secure.gravatar.com\\\/avatar\\\/42749d8b712ff9d59ca93dc150494e5b55a44134482993f5baeb97e61b7ecc89?s=96&d=mm&r=g\",\"caption\":\"Roberto\"},\"url\":\"https:\\\/\\\/regiaonews.net.br\\\/2022\\\/author\\\/roberto\\\/\"}]}<\/script>\n<!-- \/ Yoast SEO plugin. -->","yoast_head_json":{"title":"Fundo Social de Solidariedade realiza palestra com participantes do Projeto Maternidade At\u00edpica - Regi\u00e3o News","robots":{"index":"index","follow":"follow","max-snippet":"max-snippet:-1","max-image-preview":"max-image-preview:large","max-video-preview":"max-video-preview:-1"},"canonical":"https:\/\/regiaonews.net.br\/2022\/2024\/01\/25\/fundo-social-de-solidariedade-realiza-palestra-com-participantes-do-projeto-maternidade-atipica\/","og_locale":"pt_BR","og_type":"article","og_title":"Fundo Social de Solidariedade realiza palestra com participantes do Projeto Maternidade At\u00edpica - Regi\u00e3o News","og_description":"\u00d3rg\u00e3o da administra\u00e7\u00e3o municipal acolhe grupos espec\u00edficos como gestantes, m\u00e3es","og_url":"https:\/\/regiaonews.net.br\/2022\/2024\/01\/25\/fundo-social-de-solidariedade-realiza-palestra-com-participantes-do-projeto-maternidade-atipica\/","og_site_name":"Regi\u00e3o News","article_published_time":"2024-01-25T19:04:09+00:00","og_image":[{"width":1600,"height":1200,"url":"https:\/\/regiaonews.net.br\/2022\/wp-content\/uploads\/2024\/01\/Imagem-do-WhatsApp-de-2024-01-25-as-15.55.54_03bffde6.jpg","type":"image\/jpeg"}],"author":"Roberto","twitter_card":"summary_large_image","twitter_misc":{"Escrito por":"Roberto","Est. tempo de leitura":"2 minutos"},"schema":{"@context":"https:\/\/schema.org","@graph":[{"@type":"Article","@id":"https:\/\/regiaonews.net.br\/2022\/2024\/01\/25\/fundo-social-de-solidariedade-realiza-palestra-com-participantes-do-projeto-maternidade-atipica\/#article","isPartOf":{"@id":"https:\/\/regiaonews.net.br\/2022\/2024\/01\/25\/fundo-social-de-solidariedade-realiza-palestra-com-participantes-do-projeto-maternidade-atipica\/"},"author":{"name":"Roberto","@id":"https:\/\/regiaonews.net.br\/2022\/#\/schema\/person\/2d205a608a5aa97ac279d7a5e6d89ad8"},"headline":"Fundo Social de Solidariedade realiza palestra com participantes do Projeto Maternidade At\u00edpica","datePublished":"2024-01-25T19:04:09+00:00","mainEntityOfPage":{"@id":"https:\/\/regiaonews.net.br\/2022\/2024\/01\/25\/fundo-social-de-solidariedade-realiza-palestra-com-participantes-do-projeto-maternidade-atipica\/"},"wordCount":247,"commentCount":0,"publisher":{"@id":"https:\/\/regiaonews.net.br\/2022\/#organization"},"image":{"@id":"https:\/\/regiaonews.net.br\/2022\/2024\/01\/25\/fundo-social-de-solidariedade-realiza-palestra-com-participantes-do-projeto-maternidade-atipica\/#primaryimage"},"thumbnailUrl":"https:\/\/regiaonews.net.br\/2022\/wp-content\/uploads\/2024\/01\/Imagem-do-WhatsApp-de-2024-01-25-as-15.55.54_03bffde6.jpg","articleSection":["Barretos","Geral"],"inLanguage":"pt-BR","potentialAction":[{"@type":"CommentAction","name":"Comment","target":["https:\/\/regiaonews.net.br\/2022\/2024\/01\/25\/fundo-social-de-solidariedade-realiza-palestra-com-participantes-do-projeto-maternidade-atipica\/#respond"]}]},{"@type":"WebPage","@id":"https:\/\/regiaonews.net.br\/2022\/2024\/01\/25\/fundo-social-de-solidariedade-realiza-palestra-com-participantes-do-projeto-maternidade-atipica\/","url":"https:\/\/regiaonews.net.br\/2022\/2024\/01\/25\/fundo-social-de-solidariedade-realiza-palestra-com-participantes-do-projeto-maternidade-atipica\/","name":"Fundo Social de Solidariedade realiza palestra com participantes do Projeto Maternidade At\u00edpica - Regi\u00e3o News","isPartOf":{"@id":"https:\/\/regiaonews.net.br\/2022\/#website"},"primaryImageOfPage":{"@id":"https:\/\/regiaonews.net.br\/2022\/2024\/01\/25\/fundo-social-de-solidariedade-realiza-palestra-com-participantes-do-projeto-maternidade-atipica\/#primaryimage"},"image":{"@id":"https:\/\/regiaonews.net.br\/2022\/2024\/01\/25\/fundo-social-de-solidariedade-realiza-palestra-com-participantes-do-projeto-maternidade-atipica\/#primaryimage"},"thumbnailUrl":"https:\/\/regiaonews.net.br\/2022\/wp-content\/uploads\/2024\/01\/Imagem-do-WhatsApp-de-2024-01-25-as-15.55.54_03bffde6.jpg","datePublished":"2024-01-25T19:04:09+00:00","breadcrumb":{"@id":"https:\/\/regiaonews.net.br\/2022\/2024\/01\/25\/fundo-social-de-solidariedade-realiza-palestra-com-participantes-do-projeto-maternidade-atipica\/#breadcrumb"},"inLanguage":"pt-BR","potentialAction":[{"@type":"ReadAction","target":["https:\/\/regiaonews.net.br\/2022\/2024\/01\/25\/fundo-social-de-solidariedade-realiza-palestra-com-participantes-do-projeto-maternidade-atipica\/"]}]},{"@type":"ImageObject","inLanguage":"pt-BR","@id":"https:\/\/regiaonews.net.br\/2022\/2024\/01\/25\/fundo-social-de-solidariedade-realiza-palestra-com-participantes-do-projeto-maternidade-atipica\/#primaryimage","url":"https:\/\/regiaonews.net.br\/2022\/wp-content\/uploads\/2024\/01\/Imagem-do-WhatsApp-de-2024-01-25-as-15.55.54_03bffde6.jpg","contentUrl":"https:\/\/regiaonews.net.br\/2022\/wp-content\/uploads\/2024\/01\/Imagem-do-WhatsApp-de-2024-01-25-as-15.55.54_03bffde6.jpg","width":1600,"height":1200},{"@type":"BreadcrumbList","@id":"https:\/\/regiaonews.net.br\/2022\/2024\/01\/25\/fundo-social-de-solidariedade-realiza-palestra-com-participantes-do-projeto-maternidade-atipica\/#breadcrumb","itemListElement":[{"@type":"ListItem","position":1,"name":"In\u00edcio","item":"https:\/\/regiaonews.net.br\/2022\/"},{"@type":"ListItem","position":2,"name":"Fundo Social de Solidariedade realiza palestra com participantes do Projeto Maternidade At\u00edpica"}]},{"@type":"WebSite","@id":"https:\/\/regiaonews.net.br\/2022\/#website","url":"https:\/\/regiaonews.net.br\/2022\/","name":"Regi\u00e3o News","description":"Site de Not\u00edcias de Barretos e regi\u00e3o","publisher":{"@id":"https:\/\/regiaonews.net.br\/2022\/#organization"},"potentialAction":[{"@type":"SearchAction","target":{"@type":"EntryPoint","urlTemplate":"https:\/\/regiaonews.net.br\/2022\/?s={search_term_string}"},"query-input":{"@type":"PropertyValueSpecification","valueRequired":true,"valueName":"search_term_string"}}],"inLanguage":"pt-BR"},{"@type":"Organization","@id":"https:\/\/regiaonews.net.br\/2022\/#organization","name":"Regi\u00e3o News","url":"https:\/\/regiaonews.net.br\/2022\/","logo":{"@type":"ImageObject","inLanguage":"pt-BR","@id":"https:\/\/regiaonews.net.br\/2022\/#\/schema\/logo\/image\/","url":"https:\/\/regiaonews.net.br\/2022\/wp-content\/uploads\/2026\/03\/regiao-13-anos-scaled.jpg","contentUrl":"https:\/\/regiaonews.net.br\/2022\/wp-content\/uploads\/2026\/03\/regiao-13-anos-scaled.jpg","width":2560,"height":635,"caption":"Regi\u00e3o News"},"image":{"@id":"https:\/\/regiaonews.net.br\/2022\/#\/schema\/logo\/image\/"}},{"@type":"Person","@id":"https:\/\/regiaonews.net.br\/2022\/#\/schema\/person\/2d205a608a5aa97ac279d7a5e6d89ad8","name":"Roberto","image":{"@type":"ImageObject","inLanguage":"pt-BR","@id":"https:\/\/secure.gravatar.com\/avatar\/42749d8b712ff9d59ca93dc150494e5b55a44134482993f5baeb97e61b7ecc89?s=96&d=mm&r=g","url":"https:\/\/secure.gravatar.com\/avatar\/42749d8b712ff9d59ca93dc150494e5b55a44134482993f5baeb97e61b7ecc89?s=96&d=mm&r=g","contentUrl":"https:\/\/secure.gravatar.com\/avatar\/42749d8b712ff9d59ca93dc150494e5b55a44134482993f5baeb97e61b7ecc89?s=96&d=mm&r=g","caption":"Roberto"},"url":"https:\/\/regiaonews.net.br\/2022\/author\/roberto\/"}]}},"publishpress_future_action":{"enabled":false,"date":"2026-05-03 03:15:26","action":"change-status","newStatus":"draft","terms":[],"taxonomy":"category","extraData":[]},"publishpress_future_workflow_manual_trigger":{"enabledWorkflows":[]},"_links":{"self":[{"href":"https:\/\/regiaonews.net.br\/2022\/wp-json\/wp\/v2\/posts\/100550","targetHints":{"allow":["GET"]}}],"collection":[{"href":"https:\/\/regiaonews.net.br\/2022\/wp-json\/wp\/v2\/posts"}],"about":[{"href":"https:\/\/regiaonews.net.br\/2022\/wp-json\/wp\/v2\/types\/post"}],"author":[{"embeddable":true,"href":"https:\/\/regiaonews.net.br\/2022\/wp-json\/wp\/v2\/users\/2"}],"replies":[{"embeddable":true,"href":"https:\/\/regiaonews.net.br\/2022\/wp-json\/wp\/v2\/comments?post=100550"}],"version-history":[{"count":1,"href":"https:\/\/regiaonews.net.br\/2022\/wp-json\/wp\/v2\/posts\/100550\/revisions"}],"predecessor-version":[{"id":100552,"href":"https:\/\/regiaonews.net.br\/2022\/wp-json\/wp\/v2\/posts\/100550\/revisions\/100552"}],"wp:featuredmedia":[{"embeddable":true,"href":"https:\/\/regiaonews.net.br\/2022\/wp-json\/wp\/v2\/media\/100551"}],"wp:attachment":[{"href":"https:\/\/regiaonews.net.br\/2022\/wp-json\/wp\/v2\/media?parent=100550"}],"wp:term":[{"taxonomy":"category","embeddable":true,"href":"https:\/\/regiaonews.net.br\/2022\/wp-json\/wp\/v2\/categories?post=100550"},{"taxonomy":"post_tag","embeddable":true,"href":"https:\/\/regiaonews.net.br\/2022\/wp-json\/wp\/v2\/tags?post=100550"}],"curies":[{"name":"wp","href":"https:\/\/api.w.org\/{rel}","templated":true}]}}