{"id":100491,"date":"2024-01-23T14:50:20","date_gmt":"2024-01-23T17:50:20","guid":{"rendered":"https:\/\/regiaonews.net.br\/2022\/?p=100491"},"modified":"2024-01-23T14:50:20","modified_gmt":"2024-01-23T17:50:20","slug":"festa-de-santa-bakhita-esta-confirmada-para-acontecer-de-8-a-11-de-fevereiro","status":"publish","type":"post","link":"https:\/\/regiaonews.net.br\/2022\/2024\/01\/23\/festa-de-santa-bakhita-esta-confirmada-para-acontecer-de-8-a-11-de-fevereiro\/","title":{"rendered":"Festa de Santa Bakhita est\u00e1 confirmada para acontecer de 8 a 11 de fevereiro"},"content":{"rendered":"<h3 style=\"text-align: center;\">O casal de festeiros William Ramos e Gisele Aleixo Ramos enfrenta o desafio da quermesse ser\u00e1 nos dias 9, 10 e 11, em pleno Carnaval<\/h3>\n<p>O dia 8 de fevereiro \u00e9, oficialmente, o Dia de Santa Josefina Bakhita, mulher que nasceu em uma aldeio perto da montanha Agilerei, no Sud\u00e3o, em 1869, foi escravizada e, mesmo assim, dedicou sua vida \u00e0 pr\u00e1tica do bem e da evangeliza\u00e7\u00e3o.<br \/>\nEm Barretos, a comunidade da Capela de Santa de Bakhita, que est\u00e1 localizada no Residencial Minerva, mas re\u00fane cat\u00f3licos de v\u00e1rias regi\u00f5es da cidade, realiza a festa de sua padroeira com uma programa\u00e7\u00e3o especial de missas na capela e quermesse na rua.<br \/>\nNo dia da santa, 8 de fevereiro, uma quinta, ao meio-dia, acontece a missa especial, presidida pelo Padre Emerson Manoel, da Par\u00f3quia de S\u00e3o Benedito &#8211; Barretos. A partir da sexta, dia 9, as missas em homenagem \u00e0 santa passam a acontecer \u00e0s 19h, tamb\u00e9m na capela. Sendo que no dia 9, quem presidir\u00e1 a celebra\u00e7\u00e3o \u00e9 o Padre Pedro, da Par\u00f3quia S\u00e3o Miguel Arcanjo &#8211; Miguel\u00f3polis, e no dia 10, s\u00e1bado, a missa ter\u00e1 a presen\u00e7a do padre Jos\u00e9 Ant\u00f4nio, da Par\u00f3quia Nossa Senhora do Ros\u00e1rio \u2013 Barretos; no dia 11, domingo, o celebrante ser\u00e1 o Padre Carlos, da \u00e1rea pastoral S\u00e3o Jos\u00e9 \u2013 Barretos.<br \/>\nA homenagem tem ainda um lado festivo, uma quermesse com palco de shows, sorteio de pr\u00eamios, brincadeiras e uma pra\u00e7a gastron\u00f4mica t\u00edpica, que neste ano tamb\u00e9m celebra os 15 anos da Capela. A quermesse acontece nos dias 9, 10 e 11, sexta, s\u00e1bado e domingo, sempre ap\u00f3s as missas. A Capela de Santa Bakhita pertence \u00e0 Par\u00f3quia Santo Ant\u00f4nia, em que o vig\u00e1rio \u00e9 o Padre Ronaldo Miguel, e o p\u00e1roco \u00e9 o Padre Deon\u00edso Helko.<br \/>\nO casal respons\u00e1vel pela coordena\u00e7\u00e3o das comemora\u00e7\u00f5es de Santa Bakhita, William Ramos e Gisele Aleixo Ramos, conta que aceitou o desafio de realizar uma festa em pleno carnal com muita tranquilidade. \u201cPara n\u00f3s \u00e9 uma honra sermos os festeiros, n\u00e3o pensamos duas vezes para aceitar esse desafio. Temos a convic\u00e7\u00e3o que a festa ser\u00e1 um sucesso, pois, apesar do Carnaval, sabemos que n\u00e3o s\u00f3 n\u00f3s, mas muita gente coloca o servir a Deus, \u00e0 Igreja e ao pr\u00f3ximo como prioridade, antes de pensar em Carnaval. Somos muito devotos de Santa Bakhita e sempre colaboramos, quando poss\u00edvel, com a comunidade, que \u00e9 muito unida na Capela. Estamos buscando a ajuda dessa comunidade maravilhosa, da fam\u00edlia e dos amigos para juntos, realizarmos uma linda homenagem, festiva, alegre e t\u00e3o animada quando o clima de carnaval\u201d, diz o empres\u00e1rio William Ramos.<br \/>\nA Capela de Santa Bakhita em Barretos fica na Rua Francisco de Assis Martins, n\u00famero 172, no Residencial Minerva, onde tamb\u00e9m acontece a Quermesse.<\/p>\n<p>Foto:\u00a0Divulga\u00e7\u00e3o<\/p>\n","protected":false},"excerpt":{"rendered":"<p>O casal de festeiros William Ramos e Gisele Aleixo Ramos<\/p>\n","protected":false},"author":2,"featured_media":100492,"comment_status":"open","ping_status":"open","sticky":false,"template":"","format":"standard","meta":{"footnotes":""},"categories":[14,3],"tags":[],"class_list":["post-100491","post","type-post","status-publish","format-standard","has-post-thumbnail","hentry","category-barretos","category-geral"],"yoast_head":"<!-- This site is optimized with the Yoast SEO plugin v27.4 - https:\/\/yoast.com\/product\/yoast-seo-wordpress\/ -->\n<title>Festa de Santa Bakhita est\u00e1 confirmada para acontecer de 8 a 11 de fevereiro - Regi\u00e3o News<\/title>\n<meta name=\"robots\" content=\"index, follow, max-snippet:-1, max-image-preview:large, max-video-preview:-1\" \/>\n<link rel=\"canonical\" href=\"https:\/\/regiaonews.net.br\/2022\/2024\/01\/23\/festa-de-santa-bakhita-esta-confirmada-para-acontecer-de-8-a-11-de-fevereiro\/\" \/>\n<meta property=\"og:locale\" content=\"pt_BR\" \/>\n<meta property=\"og:type\" content=\"article\" \/>\n<meta property=\"og:title\" content=\"Festa de Santa Bakhita est\u00e1 confirmada para acontecer de 8 a 11 de fevereiro - Regi\u00e3o News\" \/>\n<meta property=\"og:description\" content=\"O casal de festeiros William Ramos e Gisele Aleixo Ramos\" \/>\n<meta property=\"og:url\" content=\"https:\/\/regiaonews.net.br\/2022\/2024\/01\/23\/festa-de-santa-bakhita-esta-confirmada-para-acontecer-de-8-a-11-de-fevereiro\/\" \/>\n<meta property=\"og:site_name\" content=\"Regi\u00e3o News\" \/>\n<meta property=\"article:published_time\" content=\"2024-01-23T17:50:20+00:00\" \/>\n<meta property=\"og:image\" content=\"https:\/\/regiaonews.net.br\/2022\/wp-content\/uploads\/2024\/01\/Imagem-do-WhatsApp-de-2024-01-23-as-13.58.34_735f5775.jpg\" \/>\n\t<meta property=\"og:image:width\" content=\"1024\" \/>\n\t<meta property=\"og:image:height\" content=\"719\" \/>\n\t<meta property=\"og:image:type\" content=\"image\/jpeg\" \/>\n<meta name=\"author\" content=\"Roberto\" \/>\n<meta name=\"twitter:card\" content=\"summary_large_image\" \/>\n<meta name=\"twitter:label1\" content=\"Escrito por\" \/>\n\t<meta name=\"twitter:data1\" content=\"Roberto\" \/>\n\t<meta name=\"twitter:label2\" content=\"Est. tempo de leitura\" \/>\n\t<meta name=\"twitter:data2\" content=\"3 minutos\" \/>\n<script type=\"application\/ld+json\" class=\"yoast-schema-graph\">{\"@context\":\"https:\\\/\\\/schema.org\",\"@graph\":[{\"@type\":\"Article\",\"@id\":\"https:\\\/\\\/regiaonews.net.br\\\/2022\\\/2024\\\/01\\\/23\\\/festa-de-santa-bakhita-esta-confirmada-para-acontecer-de-8-a-11-de-fevereiro\\\/#article\",\"isPartOf\":{\"@id\":\"https:\\\/\\\/regiaonews.net.br\\\/2022\\\/2024\\\/01\\\/23\\\/festa-de-santa-bakhita-esta-confirmada-para-acontecer-de-8-a-11-de-fevereiro\\\/\"},\"author\":{\"name\":\"Roberto\",\"@id\":\"https:\\\/\\\/regiaonews.net.br\\\/2022\\\/#\\\/schema\\\/person\\\/2d205a608a5aa97ac279d7a5e6d89ad8\"},\"headline\":\"Festa de Santa Bakhita est\u00e1 confirmada para acontecer de 8 a 11 de fevereiro\",\"datePublished\":\"2024-01-23T17:50:20+00:00\",\"mainEntityOfPage\":{\"@id\":\"https:\\\/\\\/regiaonews.net.br\\\/2022\\\/2024\\\/01\\\/23\\\/festa-de-santa-bakhita-esta-confirmada-para-acontecer-de-8-a-11-de-fevereiro\\\/\"},\"wordCount\":489,\"commentCount\":0,\"publisher\":{\"@id\":\"https:\\\/\\\/regiaonews.net.br\\\/2022\\\/#organization\"},\"image\":{\"@id\":\"https:\\\/\\\/regiaonews.net.br\\\/2022\\\/2024\\\/01\\\/23\\\/festa-de-santa-bakhita-esta-confirmada-para-acontecer-de-8-a-11-de-fevereiro\\\/#primaryimage\"},\"thumbnailUrl\":\"https:\\\/\\\/regiaonews.net.br\\\/2022\\\/wp-content\\\/uploads\\\/2024\\\/01\\\/Imagem-do-WhatsApp-de-2024-01-23-as-13.58.34_735f5775.jpg\",\"articleSection\":[\"Barretos\",\"Geral\"],\"inLanguage\":\"pt-BR\",\"potentialAction\":[{\"@type\":\"CommentAction\",\"name\":\"Comment\",\"target\":[\"https:\\\/\\\/regiaonews.net.br\\\/2022\\\/2024\\\/01\\\/23\\\/festa-de-santa-bakhita-esta-confirmada-para-acontecer-de-8-a-11-de-fevereiro\\\/#respond\"]}]},{\"@type\":\"WebPage\",\"@id\":\"https:\\\/\\\/regiaonews.net.br\\\/2022\\\/2024\\\/01\\\/23\\\/festa-de-santa-bakhita-esta-confirmada-para-acontecer-de-8-a-11-de-fevereiro\\\/\",\"url\":\"https:\\\/\\\/regiaonews.net.br\\\/2022\\\/2024\\\/01\\\/23\\\/festa-de-santa-bakhita-esta-confirmada-para-acontecer-de-8-a-11-de-fevereiro\\\/\",\"name\":\"Festa de Santa Bakhita est\u00e1 confirmada para acontecer de 8 a 11 de fevereiro - Regi\u00e3o News\",\"isPartOf\":{\"@id\":\"https:\\\/\\\/regiaonews.net.br\\\/2022\\\/#website\"},\"primaryImageOfPage\":{\"@id\":\"https:\\\/\\\/regiaonews.net.br\\\/2022\\\/2024\\\/01\\\/23\\\/festa-de-santa-bakhita-esta-confirmada-para-acontecer-de-8-a-11-de-fevereiro\\\/#primaryimage\"},\"image\":{\"@id\":\"https:\\\/\\\/regiaonews.net.br\\\/2022\\\/2024\\\/01\\\/23\\\/festa-de-santa-bakhita-esta-confirmada-para-acontecer-de-8-a-11-de-fevereiro\\\/#primaryimage\"},\"thumbnailUrl\":\"https:\\\/\\\/regiaonews.net.br\\\/2022\\\/wp-content\\\/uploads\\\/2024\\\/01\\\/Imagem-do-WhatsApp-de-2024-01-23-as-13.58.34_735f5775.jpg\",\"datePublished\":\"2024-01-23T17:50:20+00:00\",\"breadcrumb\":{\"@id\":\"https:\\\/\\\/regiaonews.net.br\\\/2022\\\/2024\\\/01\\\/23\\\/festa-de-santa-bakhita-esta-confirmada-para-acontecer-de-8-a-11-de-fevereiro\\\/#breadcrumb\"},\"inLanguage\":\"pt-BR\",\"potentialAction\":[{\"@type\":\"ReadAction\",\"target\":[\"https:\\\/\\\/regiaonews.net.br\\\/2022\\\/2024\\\/01\\\/23\\\/festa-de-santa-bakhita-esta-confirmada-para-acontecer-de-8-a-11-de-fevereiro\\\/\"]}]},{\"@type\":\"ImageObject\",\"inLanguage\":\"pt-BR\",\"@id\":\"https:\\\/\\\/regiaonews.net.br\\\/2022\\\/2024\\\/01\\\/23\\\/festa-de-santa-bakhita-esta-confirmada-para-acontecer-de-8-a-11-de-fevereiro\\\/#primaryimage\",\"url\":\"https:\\\/\\\/regiaonews.net.br\\\/2022\\\/wp-content\\\/uploads\\\/2024\\\/01\\\/Imagem-do-WhatsApp-de-2024-01-23-as-13.58.34_735f5775.jpg\",\"contentUrl\":\"https:\\\/\\\/regiaonews.net.br\\\/2022\\\/wp-content\\\/uploads\\\/2024\\\/01\\\/Imagem-do-WhatsApp-de-2024-01-23-as-13.58.34_735f5775.jpg\",\"width\":1024,\"height\":719,\"caption\":\"Legenda: Os festeiros William e Gisele com o p\u00e1roco Padre Deon\u00edsio Helko\"},{\"@type\":\"BreadcrumbList\",\"@id\":\"https:\\\/\\\/regiaonews.net.br\\\/2022\\\/2024\\\/01\\\/23\\\/festa-de-santa-bakhita-esta-confirmada-para-acontecer-de-8-a-11-de-fevereiro\\\/#breadcrumb\",\"itemListElement\":[{\"@type\":\"ListItem\",\"position\":1,\"name\":\"In\u00edcio\",\"item\":\"https:\\\/\\\/regiaonews.net.br\\\/2022\\\/\"},{\"@type\":\"ListItem\",\"position\":2,\"name\":\"Festa de Santa Bakhita est\u00e1 confirmada para acontecer de 8 a 11 de fevereiro\"}]},{\"@type\":\"WebSite\",\"@id\":\"https:\\\/\\\/regiaonews.net.br\\\/2022\\\/#website\",\"url\":\"https:\\\/\\\/regiaonews.net.br\\\/2022\\\/\",\"name\":\"Regi\u00e3o News\",\"description\":\"Site de Not\u00edcias de Barretos e regi\u00e3o\",\"publisher\":{\"@id\":\"https:\\\/\\\/regiaonews.net.br\\\/2022\\\/#organization\"},\"potentialAction\":[{\"@type\":\"SearchAction\",\"target\":{\"@type\":\"EntryPoint\",\"urlTemplate\":\"https:\\\/\\\/regiaonews.net.br\\\/2022\\\/?s={search_term_string}\"},\"query-input\":{\"@type\":\"PropertyValueSpecification\",\"valueRequired\":true,\"valueName\":\"search_term_string\"}}],\"inLanguage\":\"pt-BR\"},{\"@type\":\"Organization\",\"@id\":\"https:\\\/\\\/regiaonews.net.br\\\/2022\\\/#organization\",\"name\":\"Regi\u00e3o News\",\"url\":\"https:\\\/\\\/regiaonews.net.br\\\/2022\\\/\",\"logo\":{\"@type\":\"ImageObject\",\"inLanguage\":\"pt-BR\",\"@id\":\"https:\\\/\\\/regiaonews.net.br\\\/2022\\\/#\\\/schema\\\/logo\\\/image\\\/\",\"url\":\"https:\\\/\\\/regiaonews.net.br\\\/2022\\\/wp-content\\\/uploads\\\/2026\\\/03\\\/regiao-13-anos-scaled.jpg\",\"contentUrl\":\"https:\\\/\\\/regiaonews.net.br\\\/2022\\\/wp-content\\\/uploads\\\/2026\\\/03\\\/regiao-13-anos-scaled.jpg\",\"width\":2560,\"height\":635,\"caption\":\"Regi\u00e3o News\"},\"image\":{\"@id\":\"https:\\\/\\\/regiaonews.net.br\\\/2022\\\/#\\\/schema\\\/logo\\\/image\\\/\"}},{\"@type\":\"Person\",\"@id\":\"https:\\\/\\\/regiaonews.net.br\\\/2022\\\/#\\\/schema\\\/person\\\/2d205a608a5aa97ac279d7a5e6d89ad8\",\"name\":\"Roberto\",\"image\":{\"@type\":\"ImageObject\",\"inLanguage\":\"pt-BR\",\"@id\":\"https:\\\/\\\/secure.gravatar.com\\\/avatar\\\/42749d8b712ff9d59ca93dc150494e5b55a44134482993f5baeb97e61b7ecc89?s=96&d=mm&r=g\",\"url\":\"https:\\\/\\\/secure.gravatar.com\\\/avatar\\\/42749d8b712ff9d59ca93dc150494e5b55a44134482993f5baeb97e61b7ecc89?s=96&d=mm&r=g\",\"contentUrl\":\"https:\\\/\\\/secure.gravatar.com\\\/avatar\\\/42749d8b712ff9d59ca93dc150494e5b55a44134482993f5baeb97e61b7ecc89?s=96&d=mm&r=g\",\"caption\":\"Roberto\"},\"url\":\"https:\\\/\\\/regiaonews.net.br\\\/2022\\\/author\\\/roberto\\\/\"}]}<\/script>\n<!-- \/ Yoast SEO plugin. -->","yoast_head_json":{"title":"Festa de Santa Bakhita est\u00e1 confirmada para acontecer de 8 a 11 de fevereiro - Regi\u00e3o News","robots":{"index":"index","follow":"follow","max-snippet":"max-snippet:-1","max-image-preview":"max-image-preview:large","max-video-preview":"max-video-preview:-1"},"canonical":"https:\/\/regiaonews.net.br\/2022\/2024\/01\/23\/festa-de-santa-bakhita-esta-confirmada-para-acontecer-de-8-a-11-de-fevereiro\/","og_locale":"pt_BR","og_type":"article","og_title":"Festa de Santa Bakhita est\u00e1 confirmada para acontecer de 8 a 11 de fevereiro - Regi\u00e3o News","og_description":"O casal de festeiros William Ramos e Gisele Aleixo Ramos","og_url":"https:\/\/regiaonews.net.br\/2022\/2024\/01\/23\/festa-de-santa-bakhita-esta-confirmada-para-acontecer-de-8-a-11-de-fevereiro\/","og_site_name":"Regi\u00e3o News","article_published_time":"2024-01-23T17:50:20+00:00","og_image":[{"width":1024,"height":719,"url":"https:\/\/regiaonews.net.br\/2022\/wp-content\/uploads\/2024\/01\/Imagem-do-WhatsApp-de-2024-01-23-as-13.58.34_735f5775.jpg","type":"image\/jpeg"}],"author":"Roberto","twitter_card":"summary_large_image","twitter_misc":{"Escrito por":"Roberto","Est. tempo de leitura":"3 minutos"},"schema":{"@context":"https:\/\/schema.org","@graph":[{"@type":"Article","@id":"https:\/\/regiaonews.net.br\/2022\/2024\/01\/23\/festa-de-santa-bakhita-esta-confirmada-para-acontecer-de-8-a-11-de-fevereiro\/#article","isPartOf":{"@id":"https:\/\/regiaonews.net.br\/2022\/2024\/01\/23\/festa-de-santa-bakhita-esta-confirmada-para-acontecer-de-8-a-11-de-fevereiro\/"},"author":{"name":"Roberto","@id":"https:\/\/regiaonews.net.br\/2022\/#\/schema\/person\/2d205a608a5aa97ac279d7a5e6d89ad8"},"headline":"Festa de Santa Bakhita est\u00e1 confirmada para acontecer de 8 a 11 de fevereiro","datePublished":"2024-01-23T17:50:20+00:00","mainEntityOfPage":{"@id":"https:\/\/regiaonews.net.br\/2022\/2024\/01\/23\/festa-de-santa-bakhita-esta-confirmada-para-acontecer-de-8-a-11-de-fevereiro\/"},"wordCount":489,"commentCount":0,"publisher":{"@id":"https:\/\/regiaonews.net.br\/2022\/#organization"},"image":{"@id":"https:\/\/regiaonews.net.br\/2022\/2024\/01\/23\/festa-de-santa-bakhita-esta-confirmada-para-acontecer-de-8-a-11-de-fevereiro\/#primaryimage"},"thumbnailUrl":"https:\/\/regiaonews.net.br\/2022\/wp-content\/uploads\/2024\/01\/Imagem-do-WhatsApp-de-2024-01-23-as-13.58.34_735f5775.jpg","articleSection":["Barretos","Geral"],"inLanguage":"pt-BR","potentialAction":[{"@type":"CommentAction","name":"Comment","target":["https:\/\/regiaonews.net.br\/2022\/2024\/01\/23\/festa-de-santa-bakhita-esta-confirmada-para-acontecer-de-8-a-11-de-fevereiro\/#respond"]}]},{"@type":"WebPage","@id":"https:\/\/regiaonews.net.br\/2022\/2024\/01\/23\/festa-de-santa-bakhita-esta-confirmada-para-acontecer-de-8-a-11-de-fevereiro\/","url":"https:\/\/regiaonews.net.br\/2022\/2024\/01\/23\/festa-de-santa-bakhita-esta-confirmada-para-acontecer-de-8-a-11-de-fevereiro\/","name":"Festa de Santa Bakhita est\u00e1 confirmada para acontecer de 8 a 11 de fevereiro - Regi\u00e3o News","isPartOf":{"@id":"https:\/\/regiaonews.net.br\/2022\/#website"},"primaryImageOfPage":{"@id":"https:\/\/regiaonews.net.br\/2022\/2024\/01\/23\/festa-de-santa-bakhita-esta-confirmada-para-acontecer-de-8-a-11-de-fevereiro\/#primaryimage"},"image":{"@id":"https:\/\/regiaonews.net.br\/2022\/2024\/01\/23\/festa-de-santa-bakhita-esta-confirmada-para-acontecer-de-8-a-11-de-fevereiro\/#primaryimage"},"thumbnailUrl":"https:\/\/regiaonews.net.br\/2022\/wp-content\/uploads\/2024\/01\/Imagem-do-WhatsApp-de-2024-01-23-as-13.58.34_735f5775.jpg","datePublished":"2024-01-23T17:50:20+00:00","breadcrumb":{"@id":"https:\/\/regiaonews.net.br\/2022\/2024\/01\/23\/festa-de-santa-bakhita-esta-confirmada-para-acontecer-de-8-a-11-de-fevereiro\/#breadcrumb"},"inLanguage":"pt-BR","potentialAction":[{"@type":"ReadAction","target":["https:\/\/regiaonews.net.br\/2022\/2024\/01\/23\/festa-de-santa-bakhita-esta-confirmada-para-acontecer-de-8-a-11-de-fevereiro\/"]}]},{"@type":"ImageObject","inLanguage":"pt-BR","@id":"https:\/\/regiaonews.net.br\/2022\/2024\/01\/23\/festa-de-santa-bakhita-esta-confirmada-para-acontecer-de-8-a-11-de-fevereiro\/#primaryimage","url":"https:\/\/regiaonews.net.br\/2022\/wp-content\/uploads\/2024\/01\/Imagem-do-WhatsApp-de-2024-01-23-as-13.58.34_735f5775.jpg","contentUrl":"https:\/\/regiaonews.net.br\/2022\/wp-content\/uploads\/2024\/01\/Imagem-do-WhatsApp-de-2024-01-23-as-13.58.34_735f5775.jpg","width":1024,"height":719,"caption":"Legenda: Os festeiros William e Gisele com o p\u00e1roco Padre Deon\u00edsio Helko"},{"@type":"BreadcrumbList","@id":"https:\/\/regiaonews.net.br\/2022\/2024\/01\/23\/festa-de-santa-bakhita-esta-confirmada-para-acontecer-de-8-a-11-de-fevereiro\/#breadcrumb","itemListElement":[{"@type":"ListItem","position":1,"name":"In\u00edcio","item":"https:\/\/regiaonews.net.br\/2022\/"},{"@type":"ListItem","position":2,"name":"Festa de Santa Bakhita est\u00e1 confirmada para acontecer de 8 a 11 de fevereiro"}]},{"@type":"WebSite","@id":"https:\/\/regiaonews.net.br\/2022\/#website","url":"https:\/\/regiaonews.net.br\/2022\/","name":"Regi\u00e3o News","description":"Site de Not\u00edcias de Barretos e regi\u00e3o","publisher":{"@id":"https:\/\/regiaonews.net.br\/2022\/#organization"},"potentialAction":[{"@type":"SearchAction","target":{"@type":"EntryPoint","urlTemplate":"https:\/\/regiaonews.net.br\/2022\/?s={search_term_string}"},"query-input":{"@type":"PropertyValueSpecification","valueRequired":true,"valueName":"search_term_string"}}],"inLanguage":"pt-BR"},{"@type":"Organization","@id":"https:\/\/regiaonews.net.br\/2022\/#organization","name":"Regi\u00e3o News","url":"https:\/\/regiaonews.net.br\/2022\/","logo":{"@type":"ImageObject","inLanguage":"pt-BR","@id":"https:\/\/regiaonews.net.br\/2022\/#\/schema\/logo\/image\/","url":"https:\/\/regiaonews.net.br\/2022\/wp-content\/uploads\/2026\/03\/regiao-13-anos-scaled.jpg","contentUrl":"https:\/\/regiaonews.net.br\/2022\/wp-content\/uploads\/2026\/03\/regiao-13-anos-scaled.jpg","width":2560,"height":635,"caption":"Regi\u00e3o News"},"image":{"@id":"https:\/\/regiaonews.net.br\/2022\/#\/schema\/logo\/image\/"}},{"@type":"Person","@id":"https:\/\/regiaonews.net.br\/2022\/#\/schema\/person\/2d205a608a5aa97ac279d7a5e6d89ad8","name":"Roberto","image":{"@type":"ImageObject","inLanguage":"pt-BR","@id":"https:\/\/secure.gravatar.com\/avatar\/42749d8b712ff9d59ca93dc150494e5b55a44134482993f5baeb97e61b7ecc89?s=96&d=mm&r=g","url":"https:\/\/secure.gravatar.com\/avatar\/42749d8b712ff9d59ca93dc150494e5b55a44134482993f5baeb97e61b7ecc89?s=96&d=mm&r=g","contentUrl":"https:\/\/secure.gravatar.com\/avatar\/42749d8b712ff9d59ca93dc150494e5b55a44134482993f5baeb97e61b7ecc89?s=96&d=mm&r=g","caption":"Roberto"},"url":"https:\/\/regiaonews.net.br\/2022\/author\/roberto\/"}]}},"publishpress_future_action":{"enabled":false,"date":"2026-05-04 01:45:57","action":"change-status","newStatus":"draft","terms":[],"taxonomy":"category","extraData":[]},"publishpress_future_workflow_manual_trigger":{"enabledWorkflows":[]},"_links":{"self":[{"href":"https:\/\/regiaonews.net.br\/2022\/wp-json\/wp\/v2\/posts\/100491","targetHints":{"allow":["GET"]}}],"collection":[{"href":"https:\/\/regiaonews.net.br\/2022\/wp-json\/wp\/v2\/posts"}],"about":[{"href":"https:\/\/regiaonews.net.br\/2022\/wp-json\/wp\/v2\/types\/post"}],"author":[{"embeddable":true,"href":"https:\/\/regiaonews.net.br\/2022\/wp-json\/wp\/v2\/users\/2"}],"replies":[{"embeddable":true,"href":"https:\/\/regiaonews.net.br\/2022\/wp-json\/wp\/v2\/comments?post=100491"}],"version-history":[{"count":1,"href":"https:\/\/regiaonews.net.br\/2022\/wp-json\/wp\/v2\/posts\/100491\/revisions"}],"predecessor-version":[{"id":100493,"href":"https:\/\/regiaonews.net.br\/2022\/wp-json\/wp\/v2\/posts\/100491\/revisions\/100493"}],"wp:featuredmedia":[{"embeddable":true,"href":"https:\/\/regiaonews.net.br\/2022\/wp-json\/wp\/v2\/media\/100492"}],"wp:attachment":[{"href":"https:\/\/regiaonews.net.br\/2022\/wp-json\/wp\/v2\/media?parent=100491"}],"wp:term":[{"taxonomy":"category","embeddable":true,"href":"https:\/\/regiaonews.net.br\/2022\/wp-json\/wp\/v2\/categories?post=100491"},{"taxonomy":"post_tag","embeddable":true,"href":"https:\/\/regiaonews.net.br\/2022\/wp-json\/wp\/v2\/tags?post=100491"}],"curies":[{"name":"wp","href":"https:\/\/api.w.org\/{rel}","templated":true}]}}