{"id":100484,"date":"2024-01-23T11:54:21","date_gmt":"2024-01-23T14:54:21","guid":{"rendered":"https:\/\/regiaonews.net.br\/2022\/?p=100484"},"modified":"2024-01-23T11:54:21","modified_gmt":"2024-01-23T14:54:21","slug":"prefeitura-apresenta-programacao-do-carnabarretos-2024","status":"publish","type":"post","link":"https:\/\/regiaonews.net.br\/2022\/2024\/01\/23\/prefeitura-apresenta-programacao-do-carnabarretos-2024\/","title":{"rendered":"Prefeitura apresenta programa\u00e7\u00e3o do \u201cCarnaBarretos 2024\u201d"},"content":{"rendered":"<h3 style=\"text-align: center;\">Evento, que resgata a tradi\u00e7\u00e3o do carnaval de rua, ser\u00e1 realizado no dia 10 de fevereiro, na Regi\u00e3o dos Lagos, com apresenta\u00e7\u00f5es de escolas de samba, matin\u00ea e trio el\u00e9trico<\/h3>\n<p>A Prefeita da Est\u00e2ncia Tur\u00edstica de Barretos, Paula Lemos, anunciou nesta segunda-feira, 22 de janeiro, a programa\u00e7\u00e3o do \u201cCarnaBarretos 2024\u201d que ser\u00e1 realizado no pr\u00f3ximo dia 10 de fevereiro, s\u00e1bado de carnaval, na Regi\u00e3o dos Lagos, com mais de 12 horas de folia para a popula\u00e7\u00e3o, gratuitamente.<br \/>\nA chefe do executivo falou da import\u00e2ncia do evento que tem o objetivo de resgatar a mem\u00f3ria do carnaval de rua de Barretos. \u201cComo voc\u00eas sabem, no ano que n\u00f3s ingressamos, em 2021, n\u00f3s tivemos Covid, ent\u00e3o nem sequer falava-se em Carnaval. Em 6 de janeiro de 2022, a gente tinha o Covid e tivemos enchente, ent\u00e3o foi um processo em que a prioridade era resgatar a nossa cidade, que foi destru\u00edda com enchente. Em 2023 a gente conseguiu essa conversa com as escolas de samba e a Liesb e vamos poder, esse ano, come\u00e7ar o CarnaBarretos. Hoje \u00e9 um momento de uni\u00e3o de for\u00e7as para resgatar algo t\u00e3o importante para a sociedade de Barretos. Vai ser um dia esse ano, mas eu tenho certeza de que s\u00f3 vai crescer, porque a gente est\u00e1 trabalhando em conjunto, um ouvindo o outro. E isso faz com que o Carnaval cres\u00e7a e cres\u00e7a em qualidade\u201d, disse.<br \/>\nO CarnaBarretos ser\u00e1 dividido em \u201cBloco da Crian\u00e7ada\u201d, \u201cBloco da Marchinha\u201d, \u201cBloco do Samba\u201d e \u201cBloco do Ax\u00e9\u201d, com atra\u00e7\u00f5es a partir das 9h30 da manh\u00e3 at\u00e9 \u00e0s 22h. Um esquema de seguran\u00e7a est\u00e1 sendo preparado para garantir a seguran\u00e7a de todos os foli\u00f5es.<br \/>\nO secret\u00e1rio municipal de Cultura, Rog\u00e9rio Teod\u00f3sio, falou sobre a alegria de poder voltar a realizar o carnaval em Barretos. \u201cAp\u00f3s quase 10 anos, vamos voltar com o Carnaval. O Carnaval em sua ess\u00eancia cultural, dentro dos conceitos e dos preceitos, desde a antiguidade, trazendo as marchinhas, trazendo hoje o samba, os sambas enredos, em coopera\u00e7\u00e3o com as bandas de marchinha, com os elementos da matin\u00ea e principalmente com as escolas de samba cidade de Barretos. \u00c9 um grande prazer estar nessa gest\u00e3o, presente, vendo e podendo ter o prazer de participar intensamente da maior manifesta\u00e7\u00e3o cultural do mundo, que \u00e9 o nosso Carnaval\u201d, comentou.<br \/>\nJoval Roberto dos Santos, presidente da Liga Independente das Escolas de Samba (Liesb) falou da participa\u00e7\u00e3o das escolas. \u201cAs escolas de samba se uniram, as seis escolas. Vai ter bateria, ala das baianas, comiss\u00e3o de frente, mestre sala e porta bandeira, n\u00f3s vamos fazer com ala das crian\u00e7as, tudo isso n\u00f3s vamos fazer. Mas n\u00e3o vai ser aquela escola de samba tradicional que n\u00f3s temos o costume de ver\u201d, explicou.<br \/>\nO vereador Raphael Silv\u00e9rio falou da luta para que o carnaval voltasse a acontecer. \u201cCarnaval, apesar de ser praticado o mundo inteiro, \u00e9 no Brasil que ele ganha a forma, \u00e9 no Brasil que todos querem vir e participar. Ent\u00e3o, Paula, estou muito feliz, primeiro por voc\u00ea ter honrado sua palavra, pois voc\u00ea falou nos anos anteriores que n\u00e3o daria, mas que em 2024 voc\u00ea faria o Carnaval acontecer\u201d, disse.<br \/>\nTamb\u00e9m participaram da coletiva de imprensa, a secret\u00e1ria da Liesb, Luciana Aparecida dos Santos, e representantes de escolas de samba locais.<\/p>\n<p>A programa\u00e7\u00e3o<br \/>\nAbrindo os festejos carnavalescos, o \u201cBloco da Crian\u00e7ada\u201d levar\u00e1 muita m\u00fasica e anima\u00e7\u00e3o para a garotada, das 9h30 \u00e0s 13h, em uma matin\u00ea em meio \u00e0 natureza realizada no Playground Pedro Henrique de Souza, na Regi\u00e3o dos Lagos, com gincanas, concurso de fantasias, brincadeiras e atividades l\u00fadicas.<br \/>\nEm seguida ser\u00e1 a vez do \u201cBloco da Marchinha\u201d, com banda e trio el\u00e9trico relembrando os sucessos que j\u00e1 embalaram os bailes de sal\u00e3o. O cortejo pelas ruas da Regi\u00e3o dos Lagos ocorre das 15h \u00e0s 17h.<br \/>\nJ\u00e1 no \u201cBloco do Samba\u201d, das 18h \u00e0s 20h, as escolas de samba da cidade, unidas, ir\u00e3o se apresentar, divididas por alas, ao som dos enredos das agremia\u00e7\u00f5es de Barretos, S\u00e3o Paulo e Rio de Janeiro.<br \/>\nOs blocos da \u201cMarchinha\u201d e do \u201cSamba\u201d far\u00e3o o mesmo percurso, com sa\u00edda do Playground na Av. Centen\u00e1rio da Aboli\u00e7\u00e3o (altura do canteiro em frente ao Col\u00e9gio Plus), Rua 38, fazendo o retorno na rotat\u00f3ria e o t\u00e9rmino na Av. Centen\u00e1rio da aboli\u00e7\u00e3o (Playground).<br \/>\nEncerrando a programa\u00e7\u00e3o de carnaval, DJs com o \u201cEletrofolia\u201d comandam a festa no \u201cBloco do Ax\u00e9\u201d, com muita m\u00fasica e participa\u00e7\u00e3o de dan\u00e7arinos que far\u00e3o a popula\u00e7\u00e3o entrar na dan\u00e7a, das 20h \u00e0s 22h.<\/p>\n<p>Servi\u00e7o:<br \/>\nCarnaBarretos 2024<br \/>\nData: 10 de fevereiro<br \/>\nLocal: Regi\u00e3o dos Lagos<br \/>\nHor\u00e1rio: das 9h30 \u00e0s 22h<\/p>\n<p>1 &#8211; Bloco da Crian\u00e7ada \u2013 Playground Pedro Henrique de Souza<br \/>\n9h30 \u00e0s 13h;<br \/>\n2 &#8211; Bloco da Marchinha \u2013 Cortejo pelas ruas da Regi\u00e3o dos Lagos<br \/>\n15h \u00e0s 17h;<br \/>\n3 &#8211; Bloco do Samba &#8211; Cortejo pelas ruas da Regi\u00e3o dos Lagos<br \/>\n18h \u00e0s 20h;<br \/>\n4 &#8211; Bloco do Ax\u00e9<br \/>\n20h \u00e0s 22h.<\/p>\n<p>Fotos: Tininho Jr.<\/p>\n","protected":false},"excerpt":{"rendered":"<p>Evento, que resgata a tradi\u00e7\u00e3o do carnaval de rua, ser\u00e1<\/p>\n","protected":false},"author":2,"featured_media":100485,"comment_status":"open","ping_status":"open","sticky":false,"template":"","format":"standard","meta":{"footnotes":""},"categories":[14,3],"tags":[],"class_list":["post-100484","post","type-post","status-publish","format-standard","has-post-thumbnail","hentry","category-barretos","category-geral"],"yoast_head":"<!-- This site is optimized with the Yoast SEO plugin v27.4 - https:\/\/yoast.com\/product\/yoast-seo-wordpress\/ -->\n<title>Prefeitura apresenta programa\u00e7\u00e3o do \u201cCarnaBarretos 2024\u201d - Regi\u00e3o News<\/title>\n<meta name=\"robots\" content=\"index, follow, max-snippet:-1, max-image-preview:large, max-video-preview:-1\" \/>\n<link rel=\"canonical\" href=\"https:\/\/regiaonews.net.br\/2022\/2024\/01\/23\/prefeitura-apresenta-programacao-do-carnabarretos-2024\/\" \/>\n<meta property=\"og:locale\" content=\"pt_BR\" \/>\n<meta property=\"og:type\" content=\"article\" \/>\n<meta property=\"og:title\" content=\"Prefeitura apresenta programa\u00e7\u00e3o do \u201cCarnaBarretos 2024\u201d - Regi\u00e3o News\" \/>\n<meta property=\"og:description\" content=\"Evento, que resgata a tradi\u00e7\u00e3o do carnaval de rua, ser\u00e1\" \/>\n<meta property=\"og:url\" content=\"https:\/\/regiaonews.net.br\/2022\/2024\/01\/23\/prefeitura-apresenta-programacao-do-carnabarretos-2024\/\" \/>\n<meta property=\"og:site_name\" content=\"Regi\u00e3o News\" \/>\n<meta property=\"article:published_time\" content=\"2024-01-23T14:54:21+00:00\" \/>\n<meta property=\"og:image\" content=\"https:\/\/regiaonews.net.br\/2022\/wp-content\/uploads\/2024\/01\/Imagem-do-WhatsApp-de-2024-01-23-as-11.25.21_11a95837.jpg\" \/>\n\t<meta property=\"og:image:width\" content=\"1080\" \/>\n\t<meta property=\"og:image:height\" content=\"1080\" \/>\n\t<meta property=\"og:image:type\" content=\"image\/jpeg\" \/>\n<meta name=\"author\" content=\"Roberto\" \/>\n<meta name=\"twitter:card\" content=\"summary_large_image\" \/>\n<meta name=\"twitter:label1\" content=\"Escrito por\" \/>\n\t<meta name=\"twitter:data1\" content=\"Roberto\" \/>\n\t<meta name=\"twitter:label2\" content=\"Est. tempo de leitura\" \/>\n\t<meta name=\"twitter:data2\" content=\"5 minutos\" \/>\n<script type=\"application\/ld+json\" class=\"yoast-schema-graph\">{\"@context\":\"https:\\\/\\\/schema.org\",\"@graph\":[{\"@type\":\"Article\",\"@id\":\"https:\\\/\\\/regiaonews.net.br\\\/2022\\\/2024\\\/01\\\/23\\\/prefeitura-apresenta-programacao-do-carnabarretos-2024\\\/#article\",\"isPartOf\":{\"@id\":\"https:\\\/\\\/regiaonews.net.br\\\/2022\\\/2024\\\/01\\\/23\\\/prefeitura-apresenta-programacao-do-carnabarretos-2024\\\/\"},\"author\":{\"name\":\"Roberto\",\"@id\":\"https:\\\/\\\/regiaonews.net.br\\\/2022\\\/#\\\/schema\\\/person\\\/2d205a608a5aa97ac279d7a5e6d89ad8\"},\"headline\":\"Prefeitura apresenta programa\u00e7\u00e3o do \u201cCarnaBarretos 2024\u201d\",\"datePublished\":\"2024-01-23T14:54:21+00:00\",\"mainEntityOfPage\":{\"@id\":\"https:\\\/\\\/regiaonews.net.br\\\/2022\\\/2024\\\/01\\\/23\\\/prefeitura-apresenta-programacao-do-carnabarretos-2024\\\/\"},\"wordCount\":878,\"commentCount\":0,\"publisher\":{\"@id\":\"https:\\\/\\\/regiaonews.net.br\\\/2022\\\/#organization\"},\"image\":{\"@id\":\"https:\\\/\\\/regiaonews.net.br\\\/2022\\\/2024\\\/01\\\/23\\\/prefeitura-apresenta-programacao-do-carnabarretos-2024\\\/#primaryimage\"},\"thumbnailUrl\":\"https:\\\/\\\/regiaonews.net.br\\\/2022\\\/wp-content\\\/uploads\\\/2024\\\/01\\\/Imagem-do-WhatsApp-de-2024-01-23-as-11.25.21_11a95837.jpg\",\"articleSection\":[\"Barretos\",\"Geral\"],\"inLanguage\":\"pt-BR\",\"potentialAction\":[{\"@type\":\"CommentAction\",\"name\":\"Comment\",\"target\":[\"https:\\\/\\\/regiaonews.net.br\\\/2022\\\/2024\\\/01\\\/23\\\/prefeitura-apresenta-programacao-do-carnabarretos-2024\\\/#respond\"]}]},{\"@type\":\"WebPage\",\"@id\":\"https:\\\/\\\/regiaonews.net.br\\\/2022\\\/2024\\\/01\\\/23\\\/prefeitura-apresenta-programacao-do-carnabarretos-2024\\\/\",\"url\":\"https:\\\/\\\/regiaonews.net.br\\\/2022\\\/2024\\\/01\\\/23\\\/prefeitura-apresenta-programacao-do-carnabarretos-2024\\\/\",\"name\":\"Prefeitura apresenta programa\u00e7\u00e3o do \u201cCarnaBarretos 2024\u201d - Regi\u00e3o News\",\"isPartOf\":{\"@id\":\"https:\\\/\\\/regiaonews.net.br\\\/2022\\\/#website\"},\"primaryImageOfPage\":{\"@id\":\"https:\\\/\\\/regiaonews.net.br\\\/2022\\\/2024\\\/01\\\/23\\\/prefeitura-apresenta-programacao-do-carnabarretos-2024\\\/#primaryimage\"},\"image\":{\"@id\":\"https:\\\/\\\/regiaonews.net.br\\\/2022\\\/2024\\\/01\\\/23\\\/prefeitura-apresenta-programacao-do-carnabarretos-2024\\\/#primaryimage\"},\"thumbnailUrl\":\"https:\\\/\\\/regiaonews.net.br\\\/2022\\\/wp-content\\\/uploads\\\/2024\\\/01\\\/Imagem-do-WhatsApp-de-2024-01-23-as-11.25.21_11a95837.jpg\",\"datePublished\":\"2024-01-23T14:54:21+00:00\",\"breadcrumb\":{\"@id\":\"https:\\\/\\\/regiaonews.net.br\\\/2022\\\/2024\\\/01\\\/23\\\/prefeitura-apresenta-programacao-do-carnabarretos-2024\\\/#breadcrumb\"},\"inLanguage\":\"pt-BR\",\"potentialAction\":[{\"@type\":\"ReadAction\",\"target\":[\"https:\\\/\\\/regiaonews.net.br\\\/2022\\\/2024\\\/01\\\/23\\\/prefeitura-apresenta-programacao-do-carnabarretos-2024\\\/\"]}]},{\"@type\":\"ImageObject\",\"inLanguage\":\"pt-BR\",\"@id\":\"https:\\\/\\\/regiaonews.net.br\\\/2022\\\/2024\\\/01\\\/23\\\/prefeitura-apresenta-programacao-do-carnabarretos-2024\\\/#primaryimage\",\"url\":\"https:\\\/\\\/regiaonews.net.br\\\/2022\\\/wp-content\\\/uploads\\\/2024\\\/01\\\/Imagem-do-WhatsApp-de-2024-01-23-as-11.25.21_11a95837.jpg\",\"contentUrl\":\"https:\\\/\\\/regiaonews.net.br\\\/2022\\\/wp-content\\\/uploads\\\/2024\\\/01\\\/Imagem-do-WhatsApp-de-2024-01-23-as-11.25.21_11a95837.jpg\",\"width\":1080,\"height\":1080},{\"@type\":\"BreadcrumbList\",\"@id\":\"https:\\\/\\\/regiaonews.net.br\\\/2022\\\/2024\\\/01\\\/23\\\/prefeitura-apresenta-programacao-do-carnabarretos-2024\\\/#breadcrumb\",\"itemListElement\":[{\"@type\":\"ListItem\",\"position\":1,\"name\":\"In\u00edcio\",\"item\":\"https:\\\/\\\/regiaonews.net.br\\\/2022\\\/\"},{\"@type\":\"ListItem\",\"position\":2,\"name\":\"Prefeitura apresenta programa\u00e7\u00e3o do \u201cCarnaBarretos 2024\u201d\"}]},{\"@type\":\"WebSite\",\"@id\":\"https:\\\/\\\/regiaonews.net.br\\\/2022\\\/#website\",\"url\":\"https:\\\/\\\/regiaonews.net.br\\\/2022\\\/\",\"name\":\"Regi\u00e3o News\",\"description\":\"Site de Not\u00edcias de Barretos e regi\u00e3o\",\"publisher\":{\"@id\":\"https:\\\/\\\/regiaonews.net.br\\\/2022\\\/#organization\"},\"potentialAction\":[{\"@type\":\"SearchAction\",\"target\":{\"@type\":\"EntryPoint\",\"urlTemplate\":\"https:\\\/\\\/regiaonews.net.br\\\/2022\\\/?s={search_term_string}\"},\"query-input\":{\"@type\":\"PropertyValueSpecification\",\"valueRequired\":true,\"valueName\":\"search_term_string\"}}],\"inLanguage\":\"pt-BR\"},{\"@type\":\"Organization\",\"@id\":\"https:\\\/\\\/regiaonews.net.br\\\/2022\\\/#organization\",\"name\":\"Regi\u00e3o News\",\"url\":\"https:\\\/\\\/regiaonews.net.br\\\/2022\\\/\",\"logo\":{\"@type\":\"ImageObject\",\"inLanguage\":\"pt-BR\",\"@id\":\"https:\\\/\\\/regiaonews.net.br\\\/2022\\\/#\\\/schema\\\/logo\\\/image\\\/\",\"url\":\"https:\\\/\\\/regiaonews.net.br\\\/2022\\\/wp-content\\\/uploads\\\/2026\\\/03\\\/regiao-13-anos-scaled.jpg\",\"contentUrl\":\"https:\\\/\\\/regiaonews.net.br\\\/2022\\\/wp-content\\\/uploads\\\/2026\\\/03\\\/regiao-13-anos-scaled.jpg\",\"width\":2560,\"height\":635,\"caption\":\"Regi\u00e3o News\"},\"image\":{\"@id\":\"https:\\\/\\\/regiaonews.net.br\\\/2022\\\/#\\\/schema\\\/logo\\\/image\\\/\"}},{\"@type\":\"Person\",\"@id\":\"https:\\\/\\\/regiaonews.net.br\\\/2022\\\/#\\\/schema\\\/person\\\/2d205a608a5aa97ac279d7a5e6d89ad8\",\"name\":\"Roberto\",\"image\":{\"@type\":\"ImageObject\",\"inLanguage\":\"pt-BR\",\"@id\":\"https:\\\/\\\/secure.gravatar.com\\\/avatar\\\/42749d8b712ff9d59ca93dc150494e5b55a44134482993f5baeb97e61b7ecc89?s=96&d=mm&r=g\",\"url\":\"https:\\\/\\\/secure.gravatar.com\\\/avatar\\\/42749d8b712ff9d59ca93dc150494e5b55a44134482993f5baeb97e61b7ecc89?s=96&d=mm&r=g\",\"contentUrl\":\"https:\\\/\\\/secure.gravatar.com\\\/avatar\\\/42749d8b712ff9d59ca93dc150494e5b55a44134482993f5baeb97e61b7ecc89?s=96&d=mm&r=g\",\"caption\":\"Roberto\"},\"url\":\"https:\\\/\\\/regiaonews.net.br\\\/2022\\\/author\\\/roberto\\\/\"}]}<\/script>\n<!-- \/ Yoast SEO plugin. -->","yoast_head_json":{"title":"Prefeitura apresenta programa\u00e7\u00e3o do \u201cCarnaBarretos 2024\u201d - Regi\u00e3o News","robots":{"index":"index","follow":"follow","max-snippet":"max-snippet:-1","max-image-preview":"max-image-preview:large","max-video-preview":"max-video-preview:-1"},"canonical":"https:\/\/regiaonews.net.br\/2022\/2024\/01\/23\/prefeitura-apresenta-programacao-do-carnabarretos-2024\/","og_locale":"pt_BR","og_type":"article","og_title":"Prefeitura apresenta programa\u00e7\u00e3o do \u201cCarnaBarretos 2024\u201d - Regi\u00e3o News","og_description":"Evento, que resgata a tradi\u00e7\u00e3o do carnaval de rua, ser\u00e1","og_url":"https:\/\/regiaonews.net.br\/2022\/2024\/01\/23\/prefeitura-apresenta-programacao-do-carnabarretos-2024\/","og_site_name":"Regi\u00e3o News","article_published_time":"2024-01-23T14:54:21+00:00","og_image":[{"width":1080,"height":1080,"url":"https:\/\/regiaonews.net.br\/2022\/wp-content\/uploads\/2024\/01\/Imagem-do-WhatsApp-de-2024-01-23-as-11.25.21_11a95837.jpg","type":"image\/jpeg"}],"author":"Roberto","twitter_card":"summary_large_image","twitter_misc":{"Escrito por":"Roberto","Est. tempo de leitura":"5 minutos"},"schema":{"@context":"https:\/\/schema.org","@graph":[{"@type":"Article","@id":"https:\/\/regiaonews.net.br\/2022\/2024\/01\/23\/prefeitura-apresenta-programacao-do-carnabarretos-2024\/#article","isPartOf":{"@id":"https:\/\/regiaonews.net.br\/2022\/2024\/01\/23\/prefeitura-apresenta-programacao-do-carnabarretos-2024\/"},"author":{"name":"Roberto","@id":"https:\/\/regiaonews.net.br\/2022\/#\/schema\/person\/2d205a608a5aa97ac279d7a5e6d89ad8"},"headline":"Prefeitura apresenta programa\u00e7\u00e3o do \u201cCarnaBarretos 2024\u201d","datePublished":"2024-01-23T14:54:21+00:00","mainEntityOfPage":{"@id":"https:\/\/regiaonews.net.br\/2022\/2024\/01\/23\/prefeitura-apresenta-programacao-do-carnabarretos-2024\/"},"wordCount":878,"commentCount":0,"publisher":{"@id":"https:\/\/regiaonews.net.br\/2022\/#organization"},"image":{"@id":"https:\/\/regiaonews.net.br\/2022\/2024\/01\/23\/prefeitura-apresenta-programacao-do-carnabarretos-2024\/#primaryimage"},"thumbnailUrl":"https:\/\/regiaonews.net.br\/2022\/wp-content\/uploads\/2024\/01\/Imagem-do-WhatsApp-de-2024-01-23-as-11.25.21_11a95837.jpg","articleSection":["Barretos","Geral"],"inLanguage":"pt-BR","potentialAction":[{"@type":"CommentAction","name":"Comment","target":["https:\/\/regiaonews.net.br\/2022\/2024\/01\/23\/prefeitura-apresenta-programacao-do-carnabarretos-2024\/#respond"]}]},{"@type":"WebPage","@id":"https:\/\/regiaonews.net.br\/2022\/2024\/01\/23\/prefeitura-apresenta-programacao-do-carnabarretos-2024\/","url":"https:\/\/regiaonews.net.br\/2022\/2024\/01\/23\/prefeitura-apresenta-programacao-do-carnabarretos-2024\/","name":"Prefeitura apresenta programa\u00e7\u00e3o do \u201cCarnaBarretos 2024\u201d - Regi\u00e3o News","isPartOf":{"@id":"https:\/\/regiaonews.net.br\/2022\/#website"},"primaryImageOfPage":{"@id":"https:\/\/regiaonews.net.br\/2022\/2024\/01\/23\/prefeitura-apresenta-programacao-do-carnabarretos-2024\/#primaryimage"},"image":{"@id":"https:\/\/regiaonews.net.br\/2022\/2024\/01\/23\/prefeitura-apresenta-programacao-do-carnabarretos-2024\/#primaryimage"},"thumbnailUrl":"https:\/\/regiaonews.net.br\/2022\/wp-content\/uploads\/2024\/01\/Imagem-do-WhatsApp-de-2024-01-23-as-11.25.21_11a95837.jpg","datePublished":"2024-01-23T14:54:21+00:00","breadcrumb":{"@id":"https:\/\/regiaonews.net.br\/2022\/2024\/01\/23\/prefeitura-apresenta-programacao-do-carnabarretos-2024\/#breadcrumb"},"inLanguage":"pt-BR","potentialAction":[{"@type":"ReadAction","target":["https:\/\/regiaonews.net.br\/2022\/2024\/01\/23\/prefeitura-apresenta-programacao-do-carnabarretos-2024\/"]}]},{"@type":"ImageObject","inLanguage":"pt-BR","@id":"https:\/\/regiaonews.net.br\/2022\/2024\/01\/23\/prefeitura-apresenta-programacao-do-carnabarretos-2024\/#primaryimage","url":"https:\/\/regiaonews.net.br\/2022\/wp-content\/uploads\/2024\/01\/Imagem-do-WhatsApp-de-2024-01-23-as-11.25.21_11a95837.jpg","contentUrl":"https:\/\/regiaonews.net.br\/2022\/wp-content\/uploads\/2024\/01\/Imagem-do-WhatsApp-de-2024-01-23-as-11.25.21_11a95837.jpg","width":1080,"height":1080},{"@type":"BreadcrumbList","@id":"https:\/\/regiaonews.net.br\/2022\/2024\/01\/23\/prefeitura-apresenta-programacao-do-carnabarretos-2024\/#breadcrumb","itemListElement":[{"@type":"ListItem","position":1,"name":"In\u00edcio","item":"https:\/\/regiaonews.net.br\/2022\/"},{"@type":"ListItem","position":2,"name":"Prefeitura apresenta programa\u00e7\u00e3o do \u201cCarnaBarretos 2024\u201d"}]},{"@type":"WebSite","@id":"https:\/\/regiaonews.net.br\/2022\/#website","url":"https:\/\/regiaonews.net.br\/2022\/","name":"Regi\u00e3o News","description":"Site de Not\u00edcias de Barretos e regi\u00e3o","publisher":{"@id":"https:\/\/regiaonews.net.br\/2022\/#organization"},"potentialAction":[{"@type":"SearchAction","target":{"@type":"EntryPoint","urlTemplate":"https:\/\/regiaonews.net.br\/2022\/?s={search_term_string}"},"query-input":{"@type":"PropertyValueSpecification","valueRequired":true,"valueName":"search_term_string"}}],"inLanguage":"pt-BR"},{"@type":"Organization","@id":"https:\/\/regiaonews.net.br\/2022\/#organization","name":"Regi\u00e3o News","url":"https:\/\/regiaonews.net.br\/2022\/","logo":{"@type":"ImageObject","inLanguage":"pt-BR","@id":"https:\/\/regiaonews.net.br\/2022\/#\/schema\/logo\/image\/","url":"https:\/\/regiaonews.net.br\/2022\/wp-content\/uploads\/2026\/03\/regiao-13-anos-scaled.jpg","contentUrl":"https:\/\/regiaonews.net.br\/2022\/wp-content\/uploads\/2026\/03\/regiao-13-anos-scaled.jpg","width":2560,"height":635,"caption":"Regi\u00e3o News"},"image":{"@id":"https:\/\/regiaonews.net.br\/2022\/#\/schema\/logo\/image\/"}},{"@type":"Person","@id":"https:\/\/regiaonews.net.br\/2022\/#\/schema\/person\/2d205a608a5aa97ac279d7a5e6d89ad8","name":"Roberto","image":{"@type":"ImageObject","inLanguage":"pt-BR","@id":"https:\/\/secure.gravatar.com\/avatar\/42749d8b712ff9d59ca93dc150494e5b55a44134482993f5baeb97e61b7ecc89?s=96&d=mm&r=g","url":"https:\/\/secure.gravatar.com\/avatar\/42749d8b712ff9d59ca93dc150494e5b55a44134482993f5baeb97e61b7ecc89?s=96&d=mm&r=g","contentUrl":"https:\/\/secure.gravatar.com\/avatar\/42749d8b712ff9d59ca93dc150494e5b55a44134482993f5baeb97e61b7ecc89?s=96&d=mm&r=g","caption":"Roberto"},"url":"https:\/\/regiaonews.net.br\/2022\/author\/roberto\/"}]}},"publishpress_future_action":{"enabled":false,"date":"2026-05-04 02:40:20","action":"change-status","newStatus":"draft","terms":[],"taxonomy":"category","extraData":[]},"publishpress_future_workflow_manual_trigger":{"enabledWorkflows":[]},"_links":{"self":[{"href":"https:\/\/regiaonews.net.br\/2022\/wp-json\/wp\/v2\/posts\/100484","targetHints":{"allow":["GET"]}}],"collection":[{"href":"https:\/\/regiaonews.net.br\/2022\/wp-json\/wp\/v2\/posts"}],"about":[{"href":"https:\/\/regiaonews.net.br\/2022\/wp-json\/wp\/v2\/types\/post"}],"author":[{"embeddable":true,"href":"https:\/\/regiaonews.net.br\/2022\/wp-json\/wp\/v2\/users\/2"}],"replies":[{"embeddable":true,"href":"https:\/\/regiaonews.net.br\/2022\/wp-json\/wp\/v2\/comments?post=100484"}],"version-history":[{"count":1,"href":"https:\/\/regiaonews.net.br\/2022\/wp-json\/wp\/v2\/posts\/100484\/revisions"}],"predecessor-version":[{"id":100486,"href":"https:\/\/regiaonews.net.br\/2022\/wp-json\/wp\/v2\/posts\/100484\/revisions\/100486"}],"wp:featuredmedia":[{"embeddable":true,"href":"https:\/\/regiaonews.net.br\/2022\/wp-json\/wp\/v2\/media\/100485"}],"wp:attachment":[{"href":"https:\/\/regiaonews.net.br\/2022\/wp-json\/wp\/v2\/media?parent=100484"}],"wp:term":[{"taxonomy":"category","embeddable":true,"href":"https:\/\/regiaonews.net.br\/2022\/wp-json\/wp\/v2\/categories?post=100484"},{"taxonomy":"post_tag","embeddable":true,"href":"https:\/\/regiaonews.net.br\/2022\/wp-json\/wp\/v2\/tags?post=100484"}],"curies":[{"name":"wp","href":"https:\/\/api.w.org\/{rel}","templated":true}]}}