{"id":100477,"date":"2024-01-23T11:52:51","date_gmt":"2024-01-23T14:52:51","guid":{"rendered":"https:\/\/regiaonews.net.br\/2022\/?p=100477"},"modified":"2024-01-23T11:52:51","modified_gmt":"2024-01-23T14:52:51","slug":"minerva-foods-abre-inscricoes-para-a-11a-turma-do-programa-de-inclusao-de-pessoas-com-deficiencia","status":"publish","type":"post","link":"https:\/\/regiaonews.net.br\/2022\/2024\/01\/23\/minerva-foods-abre-inscricoes-para-a-11a-turma-do-programa-de-inclusao-de-pessoas-com-deficiencia\/","title":{"rendered":"Minerva Foods abre inscri\u00e7\u00f5es para a 11\u00aa turma do Programa de Inclus\u00e3o de Pessoas com Defici\u00eancia"},"content":{"rendered":"<h3 style=\"text-align: center;\">Curso tem o objetivo de promover capacita\u00e7\u00e3o e oportunidades para inser\u00e7\u00e3o no mercado de trabalho, tendo formado 84 pessoas desde a primeira edi\u00e7\u00e3o<\/h3>\n<p>A Minerva Foods, l\u00edder em exporta\u00e7\u00e3o de carne bovina na Am\u00e9rica do Sul e uma das maiores empresas na produ\u00e7\u00e3o e comercializa\u00e7\u00e3o de carne in natura e seus derivados na regi\u00e3o, abre as inscri\u00e7\u00f5es para a 11\u00aa turma do Programa de Inclus\u00e3o de pessoas com defici\u00eancia. A iniciativa tem o objetivo de promover capacita\u00e7\u00e3o e a inser\u00e7\u00e3o de pessoas com defici\u00eancia no mercado de trabalho, por meio de desenvolvimento em diferentes \u00e1reas de atua\u00e7\u00e3o.<\/p>\n<p>O programa oferece oportunidade de adquirir conhecimentos fundamentais para o ambiente profissional, por meio da aprendizagem de temas como comunica\u00e7\u00e3o e relacionamento interpessoal, rotinas administrativas, inform\u00e1tica b\u00e1sica e desenvolvimento para o mercado de trabalho. As aulas contemplar\u00e3o desde a busca de vagas em plataformas digitais at\u00e9 a elabora\u00e7\u00e3o de curr\u00edculo e prepara\u00e7\u00e3o para participar de entrevistas.<\/p>\n<p>Por meio da iniciativa, a Companhia reafirma o seu compromisso com a inclus\u00e3o social e a igualdade de oportunidades, destacando que a diversidade \u00e9 um valor fundamental para sua estrat\u00e9gia de gest\u00e3o de pessoas. A empresa incentiva que cada vez mais pessoas participem da a\u00e7\u00e3o, contribuindo para o desenvolvimento pessoal e profissional desses indiv\u00edduos. Desde sua cria\u00e7\u00e3o em 2017, o curso j\u00e1 contribuiu para a capacita\u00e7\u00e3o de 84 pessoas desde o in\u00edcio das atividades.<\/p>\n<p>As inscri\u00e7\u00f5es para a 11\u00aa turma estar\u00e3o abertas entre os dias 17 e 23 de janeiro e ser\u00e3o realizadas no Centro Municipal de Reabilita\u00e7\u00e3o Solange Lana de \u00c1vila, em Barretos, das 13h30 \u00e0s 17h30, com previs\u00e3o de in\u00edcio das aulas no dia 29\/01. Para participar, o candidato precisa ter 18 anos completos, apresentar RG, CPF e laudo m\u00e9dico atual e devidamente identificado pela CID (Classifica\u00e7\u00e3o Internacional de Doen\u00e7as), carteira de vacina\u00e7\u00e3o contra COVID-19 e disponibilidade para realizar o curso no per\u00edodo da tarde.<\/p>\n<p>Ao final, o aluno ser\u00e1 avaliado em um processo seletivo da Companhia, com a possibilidade de contrata\u00e7\u00e3o de acordo com seu desempenho e a disponibilidade de vagas.<\/p>\n<p>&nbsp;<\/p>\n<p><strong>Servi\u00e7o<\/strong><\/p>\n<p><strong>Inscri\u00e7\u00f5es:<\/strong> de 17 a 23 de janeiro de 2024<\/p>\n<p><strong>Local:<\/strong> Centro Municipal de Reabilita\u00e7\u00e3o \u201cSolange Lana de \u00c1vila\u201d &#8211; Via Conselheiro Ant\u00f4nio Prado, n\u00b0 1365 \u2013 Barretos\/SP<\/p>\n<p><strong>Hor\u00e1rio:<\/strong> 13h30 \u00e0s 17h30<\/p>\n<p><strong>In\u00edcio das aulas:<\/strong> 29 de janeiro de 2024<\/p>\n<p>&nbsp;<\/p>\n<p><strong>Sobre a Minerva Foods<\/strong><\/p>\n<p>A Minerva Foods \u00e9 l\u00edder em exporta\u00e7\u00e3o de carne bovina na Am\u00e9rica do Sul e atua tamb\u00e9m no segmento de industrializados, comercializando seus produtos para mais de 100 pa\u00edses. Al\u00e9m do Brasil, a Minerva Foods est\u00e1 presente no Paraguai, na Argentina, no Uruguai, na Col\u00f4mbia, e possui plantas especializadas em ovinos na Austr\u00e1lia, somando mais de 23 mil colaboradores. A empresa atende a cinco continentes com carne bovina, ovina e seus derivados e opera, hoje, 33 unidades industriais, 16 escrit\u00f3rios internacionais e 14 centros de distribui\u00e7\u00e3o.<\/p>\n<p>&nbsp;<\/p>\n<p><strong>Contato assessoria: <\/strong><\/p>\n<p>Paola Souza<\/p>\n<p>55 11 96995-0110<\/p>\n<p>paola.souza@giusticom.com.br<\/p>\n","protected":false},"excerpt":{"rendered":"<p>Curso tem o objetivo de promover capacita\u00e7\u00e3o e oportunidades para<\/p>\n","protected":false},"author":2,"featured_media":100478,"comment_status":"open","ping_status":"open","sticky":false,"template":"","format":"standard","meta":{"footnotes":""},"categories":[14,3],"tags":[],"class_list":["post-100477","post","type-post","status-publish","format-standard","has-post-thumbnail","hentry","category-barretos","category-geral"],"yoast_head":"<!-- This site is optimized with the Yoast SEO plugin v27.4 - https:\/\/yoast.com\/product\/yoast-seo-wordpress\/ -->\n<title>Minerva Foods abre inscri\u00e7\u00f5es para a 11\u00aa turma do Programa de Inclus\u00e3o de Pessoas com Defici\u00eancia - Regi\u00e3o News<\/title>\n<meta name=\"robots\" content=\"index, follow, max-snippet:-1, max-image-preview:large, max-video-preview:-1\" \/>\n<link rel=\"canonical\" href=\"https:\/\/regiaonews.net.br\/2022\/2024\/01\/23\/minerva-foods-abre-inscricoes-para-a-11a-turma-do-programa-de-inclusao-de-pessoas-com-deficiencia\/\" \/>\n<meta property=\"og:locale\" content=\"pt_BR\" \/>\n<meta property=\"og:type\" content=\"article\" \/>\n<meta property=\"og:title\" content=\"Minerva Foods abre inscri\u00e7\u00f5es para a 11\u00aa turma do Programa de Inclus\u00e3o de Pessoas com Defici\u00eancia - Regi\u00e3o News\" \/>\n<meta property=\"og:description\" content=\"Curso tem o objetivo de promover capacita\u00e7\u00e3o e oportunidades para\" \/>\n<meta property=\"og:url\" content=\"https:\/\/regiaonews.net.br\/2022\/2024\/01\/23\/minerva-foods-abre-inscricoes-para-a-11a-turma-do-programa-de-inclusao-de-pessoas-com-deficiencia\/\" \/>\n<meta property=\"og:site_name\" content=\"Regi\u00e3o News\" \/>\n<meta property=\"article:published_time\" content=\"2024-01-23T14:52:51+00:00\" \/>\n<meta property=\"og:image\" content=\"https:\/\/regiaonews.net.br\/2022\/wp-content\/uploads\/2024\/01\/Fachada-Minerva-Foods-Barretos.jpg\" \/>\n\t<meta property=\"og:image:width\" content=\"1\" \/>\n\t<meta property=\"og:image:height\" content=\"1\" \/>\n\t<meta property=\"og:image:type\" content=\"image\/jpeg\" \/>\n<meta name=\"author\" content=\"Roberto\" \/>\n<meta name=\"twitter:card\" content=\"summary_large_image\" \/>\n<meta name=\"twitter:label1\" content=\"Escrito por\" \/>\n\t<meta name=\"twitter:data1\" content=\"Roberto\" \/>\n\t<meta name=\"twitter:label2\" content=\"Est. tempo de leitura\" \/>\n\t<meta name=\"twitter:data2\" content=\"3 minutos\" \/>\n<script type=\"application\/ld+json\" class=\"yoast-schema-graph\">{\"@context\":\"https:\\\/\\\/schema.org\",\"@graph\":[{\"@type\":\"Article\",\"@id\":\"https:\\\/\\\/regiaonews.net.br\\\/2022\\\/2024\\\/01\\\/23\\\/minerva-foods-abre-inscricoes-para-a-11a-turma-do-programa-de-inclusao-de-pessoas-com-deficiencia\\\/#article\",\"isPartOf\":{\"@id\":\"https:\\\/\\\/regiaonews.net.br\\\/2022\\\/2024\\\/01\\\/23\\\/minerva-foods-abre-inscricoes-para-a-11a-turma-do-programa-de-inclusao-de-pessoas-com-deficiencia\\\/\"},\"author\":{\"name\":\"Roberto\",\"@id\":\"https:\\\/\\\/regiaonews.net.br\\\/2022\\\/#\\\/schema\\\/person\\\/2d205a608a5aa97ac279d7a5e6d89ad8\"},\"headline\":\"Minerva Foods abre inscri\u00e7\u00f5es para a 11\u00aa turma do Programa de Inclus\u00e3o de Pessoas com Defici\u00eancia\",\"datePublished\":\"2024-01-23T14:52:51+00:00\",\"mainEntityOfPage\":{\"@id\":\"https:\\\/\\\/regiaonews.net.br\\\/2022\\\/2024\\\/01\\\/23\\\/minerva-foods-abre-inscricoes-para-a-11a-turma-do-programa-de-inclusao-de-pessoas-com-deficiencia\\\/\"},\"wordCount\":535,\"commentCount\":0,\"publisher\":{\"@id\":\"https:\\\/\\\/regiaonews.net.br\\\/2022\\\/#organization\"},\"image\":{\"@id\":\"https:\\\/\\\/regiaonews.net.br\\\/2022\\\/2024\\\/01\\\/23\\\/minerva-foods-abre-inscricoes-para-a-11a-turma-do-programa-de-inclusao-de-pessoas-com-deficiencia\\\/#primaryimage\"},\"thumbnailUrl\":\"https:\\\/\\\/regiaonews.net.br\\\/2022\\\/wp-content\\\/uploads\\\/2024\\\/01\\\/Fachada-Minerva-Foods-Barretos.jpg\",\"articleSection\":[\"Barretos\",\"Geral\"],\"inLanguage\":\"pt-BR\",\"potentialAction\":[{\"@type\":\"CommentAction\",\"name\":\"Comment\",\"target\":[\"https:\\\/\\\/regiaonews.net.br\\\/2022\\\/2024\\\/01\\\/23\\\/minerva-foods-abre-inscricoes-para-a-11a-turma-do-programa-de-inclusao-de-pessoas-com-deficiencia\\\/#respond\"]}]},{\"@type\":\"WebPage\",\"@id\":\"https:\\\/\\\/regiaonews.net.br\\\/2022\\\/2024\\\/01\\\/23\\\/minerva-foods-abre-inscricoes-para-a-11a-turma-do-programa-de-inclusao-de-pessoas-com-deficiencia\\\/\",\"url\":\"https:\\\/\\\/regiaonews.net.br\\\/2022\\\/2024\\\/01\\\/23\\\/minerva-foods-abre-inscricoes-para-a-11a-turma-do-programa-de-inclusao-de-pessoas-com-deficiencia\\\/\",\"name\":\"Minerva Foods abre inscri\u00e7\u00f5es para a 11\u00aa turma do Programa de Inclus\u00e3o de Pessoas com Defici\u00eancia - Regi\u00e3o News\",\"isPartOf\":{\"@id\":\"https:\\\/\\\/regiaonews.net.br\\\/2022\\\/#website\"},\"primaryImageOfPage\":{\"@id\":\"https:\\\/\\\/regiaonews.net.br\\\/2022\\\/2024\\\/01\\\/23\\\/minerva-foods-abre-inscricoes-para-a-11a-turma-do-programa-de-inclusao-de-pessoas-com-deficiencia\\\/#primaryimage\"},\"image\":{\"@id\":\"https:\\\/\\\/regiaonews.net.br\\\/2022\\\/2024\\\/01\\\/23\\\/minerva-foods-abre-inscricoes-para-a-11a-turma-do-programa-de-inclusao-de-pessoas-com-deficiencia\\\/#primaryimage\"},\"thumbnailUrl\":\"https:\\\/\\\/regiaonews.net.br\\\/2022\\\/wp-content\\\/uploads\\\/2024\\\/01\\\/Fachada-Minerva-Foods-Barretos.jpg\",\"datePublished\":\"2024-01-23T14:52:51+00:00\",\"breadcrumb\":{\"@id\":\"https:\\\/\\\/regiaonews.net.br\\\/2022\\\/2024\\\/01\\\/23\\\/minerva-foods-abre-inscricoes-para-a-11a-turma-do-programa-de-inclusao-de-pessoas-com-deficiencia\\\/#breadcrumb\"},\"inLanguage\":\"pt-BR\",\"potentialAction\":[{\"@type\":\"ReadAction\",\"target\":[\"https:\\\/\\\/regiaonews.net.br\\\/2022\\\/2024\\\/01\\\/23\\\/minerva-foods-abre-inscricoes-para-a-11a-turma-do-programa-de-inclusao-de-pessoas-com-deficiencia\\\/\"]}]},{\"@type\":\"ImageObject\",\"inLanguage\":\"pt-BR\",\"@id\":\"https:\\\/\\\/regiaonews.net.br\\\/2022\\\/2024\\\/01\\\/23\\\/minerva-foods-abre-inscricoes-para-a-11a-turma-do-programa-de-inclusao-de-pessoas-com-deficiencia\\\/#primaryimage\",\"url\":\"https:\\\/\\\/regiaonews.net.br\\\/2022\\\/wp-content\\\/uploads\\\/2024\\\/01\\\/Fachada-Minerva-Foods-Barretos.jpg\",\"contentUrl\":\"https:\\\/\\\/regiaonews.net.br\\\/2022\\\/wp-content\\\/uploads\\\/2024\\\/01\\\/Fachada-Minerva-Foods-Barretos.jpg\"},{\"@type\":\"BreadcrumbList\",\"@id\":\"https:\\\/\\\/regiaonews.net.br\\\/2022\\\/2024\\\/01\\\/23\\\/minerva-foods-abre-inscricoes-para-a-11a-turma-do-programa-de-inclusao-de-pessoas-com-deficiencia\\\/#breadcrumb\",\"itemListElement\":[{\"@type\":\"ListItem\",\"position\":1,\"name\":\"In\u00edcio\",\"item\":\"https:\\\/\\\/regiaonews.net.br\\\/2022\\\/\"},{\"@type\":\"ListItem\",\"position\":2,\"name\":\"Minerva Foods abre inscri\u00e7\u00f5es para a 11\u00aa turma do Programa de Inclus\u00e3o de Pessoas com Defici\u00eancia\"}]},{\"@type\":\"WebSite\",\"@id\":\"https:\\\/\\\/regiaonews.net.br\\\/2022\\\/#website\",\"url\":\"https:\\\/\\\/regiaonews.net.br\\\/2022\\\/\",\"name\":\"Regi\u00e3o News\",\"description\":\"Site de Not\u00edcias de Barretos e regi\u00e3o\",\"publisher\":{\"@id\":\"https:\\\/\\\/regiaonews.net.br\\\/2022\\\/#organization\"},\"potentialAction\":[{\"@type\":\"SearchAction\",\"target\":{\"@type\":\"EntryPoint\",\"urlTemplate\":\"https:\\\/\\\/regiaonews.net.br\\\/2022\\\/?s={search_term_string}\"},\"query-input\":{\"@type\":\"PropertyValueSpecification\",\"valueRequired\":true,\"valueName\":\"search_term_string\"}}],\"inLanguage\":\"pt-BR\"},{\"@type\":\"Organization\",\"@id\":\"https:\\\/\\\/regiaonews.net.br\\\/2022\\\/#organization\",\"name\":\"Regi\u00e3o News\",\"url\":\"https:\\\/\\\/regiaonews.net.br\\\/2022\\\/\",\"logo\":{\"@type\":\"ImageObject\",\"inLanguage\":\"pt-BR\",\"@id\":\"https:\\\/\\\/regiaonews.net.br\\\/2022\\\/#\\\/schema\\\/logo\\\/image\\\/\",\"url\":\"https:\\\/\\\/regiaonews.net.br\\\/2022\\\/wp-content\\\/uploads\\\/2026\\\/03\\\/regiao-13-anos-scaled.jpg\",\"contentUrl\":\"https:\\\/\\\/regiaonews.net.br\\\/2022\\\/wp-content\\\/uploads\\\/2026\\\/03\\\/regiao-13-anos-scaled.jpg\",\"width\":2560,\"height\":635,\"caption\":\"Regi\u00e3o News\"},\"image\":{\"@id\":\"https:\\\/\\\/regiaonews.net.br\\\/2022\\\/#\\\/schema\\\/logo\\\/image\\\/\"}},{\"@type\":\"Person\",\"@id\":\"https:\\\/\\\/regiaonews.net.br\\\/2022\\\/#\\\/schema\\\/person\\\/2d205a608a5aa97ac279d7a5e6d89ad8\",\"name\":\"Roberto\",\"image\":{\"@type\":\"ImageObject\",\"inLanguage\":\"pt-BR\",\"@id\":\"https:\\\/\\\/secure.gravatar.com\\\/avatar\\\/42749d8b712ff9d59ca93dc150494e5b55a44134482993f5baeb97e61b7ecc89?s=96&d=mm&r=g\",\"url\":\"https:\\\/\\\/secure.gravatar.com\\\/avatar\\\/42749d8b712ff9d59ca93dc150494e5b55a44134482993f5baeb97e61b7ecc89?s=96&d=mm&r=g\",\"contentUrl\":\"https:\\\/\\\/secure.gravatar.com\\\/avatar\\\/42749d8b712ff9d59ca93dc150494e5b55a44134482993f5baeb97e61b7ecc89?s=96&d=mm&r=g\",\"caption\":\"Roberto\"},\"url\":\"https:\\\/\\\/regiaonews.net.br\\\/2022\\\/author\\\/roberto\\\/\"}]}<\/script>\n<!-- \/ Yoast SEO plugin. -->","yoast_head_json":{"title":"Minerva Foods abre inscri\u00e7\u00f5es para a 11\u00aa turma do Programa de Inclus\u00e3o de Pessoas com Defici\u00eancia - Regi\u00e3o News","robots":{"index":"index","follow":"follow","max-snippet":"max-snippet:-1","max-image-preview":"max-image-preview:large","max-video-preview":"max-video-preview:-1"},"canonical":"https:\/\/regiaonews.net.br\/2022\/2024\/01\/23\/minerva-foods-abre-inscricoes-para-a-11a-turma-do-programa-de-inclusao-de-pessoas-com-deficiencia\/","og_locale":"pt_BR","og_type":"article","og_title":"Minerva Foods abre inscri\u00e7\u00f5es para a 11\u00aa turma do Programa de Inclus\u00e3o de Pessoas com Defici\u00eancia - Regi\u00e3o News","og_description":"Curso tem o objetivo de promover capacita\u00e7\u00e3o e oportunidades para","og_url":"https:\/\/regiaonews.net.br\/2022\/2024\/01\/23\/minerva-foods-abre-inscricoes-para-a-11a-turma-do-programa-de-inclusao-de-pessoas-com-deficiencia\/","og_site_name":"Regi\u00e3o News","article_published_time":"2024-01-23T14:52:51+00:00","og_image":[{"url":"https:\/\/regiaonews.net.br\/2022\/wp-content\/uploads\/2024\/01\/Fachada-Minerva-Foods-Barretos.jpg","width":1,"height":1,"type":"image\/jpeg"}],"author":"Roberto","twitter_card":"summary_large_image","twitter_misc":{"Escrito por":"Roberto","Est. tempo de leitura":"3 minutos"},"schema":{"@context":"https:\/\/schema.org","@graph":[{"@type":"Article","@id":"https:\/\/regiaonews.net.br\/2022\/2024\/01\/23\/minerva-foods-abre-inscricoes-para-a-11a-turma-do-programa-de-inclusao-de-pessoas-com-deficiencia\/#article","isPartOf":{"@id":"https:\/\/regiaonews.net.br\/2022\/2024\/01\/23\/minerva-foods-abre-inscricoes-para-a-11a-turma-do-programa-de-inclusao-de-pessoas-com-deficiencia\/"},"author":{"name":"Roberto","@id":"https:\/\/regiaonews.net.br\/2022\/#\/schema\/person\/2d205a608a5aa97ac279d7a5e6d89ad8"},"headline":"Minerva Foods abre inscri\u00e7\u00f5es para a 11\u00aa turma do Programa de Inclus\u00e3o de Pessoas com Defici\u00eancia","datePublished":"2024-01-23T14:52:51+00:00","mainEntityOfPage":{"@id":"https:\/\/regiaonews.net.br\/2022\/2024\/01\/23\/minerva-foods-abre-inscricoes-para-a-11a-turma-do-programa-de-inclusao-de-pessoas-com-deficiencia\/"},"wordCount":535,"commentCount":0,"publisher":{"@id":"https:\/\/regiaonews.net.br\/2022\/#organization"},"image":{"@id":"https:\/\/regiaonews.net.br\/2022\/2024\/01\/23\/minerva-foods-abre-inscricoes-para-a-11a-turma-do-programa-de-inclusao-de-pessoas-com-deficiencia\/#primaryimage"},"thumbnailUrl":"https:\/\/regiaonews.net.br\/2022\/wp-content\/uploads\/2024\/01\/Fachada-Minerva-Foods-Barretos.jpg","articleSection":["Barretos","Geral"],"inLanguage":"pt-BR","potentialAction":[{"@type":"CommentAction","name":"Comment","target":["https:\/\/regiaonews.net.br\/2022\/2024\/01\/23\/minerva-foods-abre-inscricoes-para-a-11a-turma-do-programa-de-inclusao-de-pessoas-com-deficiencia\/#respond"]}]},{"@type":"WebPage","@id":"https:\/\/regiaonews.net.br\/2022\/2024\/01\/23\/minerva-foods-abre-inscricoes-para-a-11a-turma-do-programa-de-inclusao-de-pessoas-com-deficiencia\/","url":"https:\/\/regiaonews.net.br\/2022\/2024\/01\/23\/minerva-foods-abre-inscricoes-para-a-11a-turma-do-programa-de-inclusao-de-pessoas-com-deficiencia\/","name":"Minerva Foods abre inscri\u00e7\u00f5es para a 11\u00aa turma do Programa de Inclus\u00e3o de Pessoas com Defici\u00eancia - Regi\u00e3o News","isPartOf":{"@id":"https:\/\/regiaonews.net.br\/2022\/#website"},"primaryImageOfPage":{"@id":"https:\/\/regiaonews.net.br\/2022\/2024\/01\/23\/minerva-foods-abre-inscricoes-para-a-11a-turma-do-programa-de-inclusao-de-pessoas-com-deficiencia\/#primaryimage"},"image":{"@id":"https:\/\/regiaonews.net.br\/2022\/2024\/01\/23\/minerva-foods-abre-inscricoes-para-a-11a-turma-do-programa-de-inclusao-de-pessoas-com-deficiencia\/#primaryimage"},"thumbnailUrl":"https:\/\/regiaonews.net.br\/2022\/wp-content\/uploads\/2024\/01\/Fachada-Minerva-Foods-Barretos.jpg","datePublished":"2024-01-23T14:52:51+00:00","breadcrumb":{"@id":"https:\/\/regiaonews.net.br\/2022\/2024\/01\/23\/minerva-foods-abre-inscricoes-para-a-11a-turma-do-programa-de-inclusao-de-pessoas-com-deficiencia\/#breadcrumb"},"inLanguage":"pt-BR","potentialAction":[{"@type":"ReadAction","target":["https:\/\/regiaonews.net.br\/2022\/2024\/01\/23\/minerva-foods-abre-inscricoes-para-a-11a-turma-do-programa-de-inclusao-de-pessoas-com-deficiencia\/"]}]},{"@type":"ImageObject","inLanguage":"pt-BR","@id":"https:\/\/regiaonews.net.br\/2022\/2024\/01\/23\/minerva-foods-abre-inscricoes-para-a-11a-turma-do-programa-de-inclusao-de-pessoas-com-deficiencia\/#primaryimage","url":"https:\/\/regiaonews.net.br\/2022\/wp-content\/uploads\/2024\/01\/Fachada-Minerva-Foods-Barretos.jpg","contentUrl":"https:\/\/regiaonews.net.br\/2022\/wp-content\/uploads\/2024\/01\/Fachada-Minerva-Foods-Barretos.jpg"},{"@type":"BreadcrumbList","@id":"https:\/\/regiaonews.net.br\/2022\/2024\/01\/23\/minerva-foods-abre-inscricoes-para-a-11a-turma-do-programa-de-inclusao-de-pessoas-com-deficiencia\/#breadcrumb","itemListElement":[{"@type":"ListItem","position":1,"name":"In\u00edcio","item":"https:\/\/regiaonews.net.br\/2022\/"},{"@type":"ListItem","position":2,"name":"Minerva Foods abre inscri\u00e7\u00f5es para a 11\u00aa turma do Programa de Inclus\u00e3o de Pessoas com Defici\u00eancia"}]},{"@type":"WebSite","@id":"https:\/\/regiaonews.net.br\/2022\/#website","url":"https:\/\/regiaonews.net.br\/2022\/","name":"Regi\u00e3o News","description":"Site de Not\u00edcias de Barretos e regi\u00e3o","publisher":{"@id":"https:\/\/regiaonews.net.br\/2022\/#organization"},"potentialAction":[{"@type":"SearchAction","target":{"@type":"EntryPoint","urlTemplate":"https:\/\/regiaonews.net.br\/2022\/?s={search_term_string}"},"query-input":{"@type":"PropertyValueSpecification","valueRequired":true,"valueName":"search_term_string"}}],"inLanguage":"pt-BR"},{"@type":"Organization","@id":"https:\/\/regiaonews.net.br\/2022\/#organization","name":"Regi\u00e3o News","url":"https:\/\/regiaonews.net.br\/2022\/","logo":{"@type":"ImageObject","inLanguage":"pt-BR","@id":"https:\/\/regiaonews.net.br\/2022\/#\/schema\/logo\/image\/","url":"https:\/\/regiaonews.net.br\/2022\/wp-content\/uploads\/2026\/03\/regiao-13-anos-scaled.jpg","contentUrl":"https:\/\/regiaonews.net.br\/2022\/wp-content\/uploads\/2026\/03\/regiao-13-anos-scaled.jpg","width":2560,"height":635,"caption":"Regi\u00e3o News"},"image":{"@id":"https:\/\/regiaonews.net.br\/2022\/#\/schema\/logo\/image\/"}},{"@type":"Person","@id":"https:\/\/regiaonews.net.br\/2022\/#\/schema\/person\/2d205a608a5aa97ac279d7a5e6d89ad8","name":"Roberto","image":{"@type":"ImageObject","inLanguage":"pt-BR","@id":"https:\/\/secure.gravatar.com\/avatar\/42749d8b712ff9d59ca93dc150494e5b55a44134482993f5baeb97e61b7ecc89?s=96&d=mm&r=g","url":"https:\/\/secure.gravatar.com\/avatar\/42749d8b712ff9d59ca93dc150494e5b55a44134482993f5baeb97e61b7ecc89?s=96&d=mm&r=g","contentUrl":"https:\/\/secure.gravatar.com\/avatar\/42749d8b712ff9d59ca93dc150494e5b55a44134482993f5baeb97e61b7ecc89?s=96&d=mm&r=g","caption":"Roberto"},"url":"https:\/\/regiaonews.net.br\/2022\/author\/roberto\/"}]}},"publishpress_future_action":{"enabled":false,"date":"2026-05-04 02:59:10","action":"change-status","newStatus":"draft","terms":[],"taxonomy":"category","extraData":[]},"publishpress_future_workflow_manual_trigger":{"enabledWorkflows":[]},"_links":{"self":[{"href":"https:\/\/regiaonews.net.br\/2022\/wp-json\/wp\/v2\/posts\/100477","targetHints":{"allow":["GET"]}}],"collection":[{"href":"https:\/\/regiaonews.net.br\/2022\/wp-json\/wp\/v2\/posts"}],"about":[{"href":"https:\/\/regiaonews.net.br\/2022\/wp-json\/wp\/v2\/types\/post"}],"author":[{"embeddable":true,"href":"https:\/\/regiaonews.net.br\/2022\/wp-json\/wp\/v2\/users\/2"}],"replies":[{"embeddable":true,"href":"https:\/\/regiaonews.net.br\/2022\/wp-json\/wp\/v2\/comments?post=100477"}],"version-history":[{"count":1,"href":"https:\/\/regiaonews.net.br\/2022\/wp-json\/wp\/v2\/posts\/100477\/revisions"}],"predecessor-version":[{"id":100480,"href":"https:\/\/regiaonews.net.br\/2022\/wp-json\/wp\/v2\/posts\/100477\/revisions\/100480"}],"wp:featuredmedia":[{"embeddable":true,"href":"https:\/\/regiaonews.net.br\/2022\/wp-json\/wp\/v2\/media\/100478"}],"wp:attachment":[{"href":"https:\/\/regiaonews.net.br\/2022\/wp-json\/wp\/v2\/media?parent=100477"}],"wp:term":[{"taxonomy":"category","embeddable":true,"href":"https:\/\/regiaonews.net.br\/2022\/wp-json\/wp\/v2\/categories?post=100477"},{"taxonomy":"post_tag","embeddable":true,"href":"https:\/\/regiaonews.net.br\/2022\/wp-json\/wp\/v2\/tags?post=100477"}],"curies":[{"name":"wp","href":"https:\/\/api.w.org\/{rel}","templated":true}]}}